{"id":49,"date":"2009-04-30T07:43:00","date_gmt":"2009-04-30T07:43:00","guid":{"rendered":"http:\/\/blogs.encamina.com\/una-vision-personal\/2009\/04\/30\/%c2%bfpor-que-pasamos-del-sistema-de-gestion-de-calidad\/"},"modified":"2009-04-30T07:43:00","modified_gmt":"2009-04-30T07:43:00","slug":"por-que-pasamos-del-sistema-de-gestion-de-calidad","status":"publish","type":"post","link":"https:\/\/blogs.encamina.com\/una-vision-personal\/por-que-pasamos-del-sistema-de-gestion-de-calidad\/","title":{"rendered":"\u00bfPor qu\u00e9 pasamos del Sistema de Gesti\u00f3n de Calidad?"},"content":{"rendered":"<div align=\"justify\"><span style=\"font-family:verdana\">Estoy en medio de la revisi\u00f3n por direcci\u00f3n del 1\u00c2\u00ba trimestre del 2009 y nos encontramos analizando una no conformidad que se <span class=\"blsp-spelling-corrected\">repite<\/span> <span class=\"blsp-spelling-corrected\">hist\u00f3ricamente<\/span>: la falta de colaboraci\u00f3n y compromiso de la inmensa <span class=\"blsp-spelling-corrected\">mayor\u00eda<\/span> de las personas que trabajamos en ENCAMINA con el Sistema de Gesti\u00f3n de Calidad.<\/span><\/div>\n<div align=\"justify\"><span style=\"font-family:verdana\">Hace ya varios a\u00f1os que implantamos ISO 9001:2000 y la historia nos ense\u00f1a que a\u00f1o tras a\u00f1o y pongamos quien pongamos de responsable de calidad, seguimos sin entender que es esto y seguimos sin comprende para que sirve exactamente y mucho menos somos capaces de alimentarlo de forma adecuada.<\/span><\/div>\n<div align=\"justify\"><span style=\"font-family:verdana\">Por supuesto que no hemos sido capaces de explicarlo adecuadamente a las personas de la empresa, pese a que a toda persona que entra nueva se le da una formaci\u00f3n al respecto, pese a que se comunica a todo el <span class=\"blsp-spelling-corrected\">equipo<\/span> cuando va a ver una <span class=\"blsp-spelling-corrected\">auditor\u00eda<\/span> de calidad y se pide su colaboraci\u00f3n y algunos de nosotros somos llamados por el <span class=\"blsp-spelling-corrected\">auditor<\/span> a dar explicaciones, intentamos explicar lo importante que es la mejora continua y la satisfacci\u00f3n del cliente. <\/span><\/div>\n<div align=\"justify\"><span style=\"font-family:verdana\">Y pese a todo, pasamos.<\/span><\/div>\n<div align=\"justify\"><span style=\"font-family:verdana\">Y cuando digo pasamos, es que la inmensa <span class=\"blsp-spelling-corrected\">mayor\u00eda<\/span> de las personas no han dado de alta nunca una no conformidad, no han reportado una queja de cliente, no han propuesto una acci\u00f3n preventiva, es m\u00e1s, la <span class=\"blsp-spelling-corrected\">mayor\u00eda<\/span> no hemos dado de alta siquiera una sugerencia en el buz\u00f3n.<\/span><\/div>\n<div align=\"justify\"><span style=\"font-family:verdana\">Es bastante desalentador ver que se implantan sistemas para mejorar la empresa, para hacer participes a las personas que trabajamos en ella, y que muchos, muchos, muchos no somos capaces de colaborar ni lo m\u00e1s m\u00ednimo.<\/span><\/div>\n<div align=\"justify\"><span style=\"font-family:verdana\">Es cierto que hay algunas personas muy comprometidas que si que alimentan adecuadamente nuestro sistema, aunque a veces va m\u00e1s por impulsos debidos al momento (por <span class=\"blsp-spelling-corrected\">ejemplo<\/span> <span class=\"blsp-spelling-corrected\">auditor\u00edas<\/span> o revisiones) que como parte de h\u00e1bito  de trabajo.<\/span><\/div>\n<div align=\"justify\"><span style=\"font-family:Verdana\">Desde direcci\u00f3n y desde el departamento Calidad, hemos de seguir concienciando de lo importante de este asunto, pero creo que la soluci\u00f3n pasa por motivar\/presiona de alguna manera para que se realicen estas aportaciones, que siendo voluntarias, acaban por no hacerse ya que muchos no lo consideramos parte de nuestro trabajo.<\/span><\/div>\n<div align=\"justify\"><span style=\"font-family:Verdana\">al final todos actuamos de maneras similar, si nadie nos recuerda que algo es importante, simplemente no lo hacemos. Por eso es necesario la <span class=\"blsp-spelling-corrected\">auditor\u00eda<\/span> y en este caso adem\u00e1s el establecimiento de objetivos personales. <\/span><\/div>\n<div align=\"justify\"><span style=\"font-family:Verdana\">En definitiva la mejora continua y la <span class=\"blsp-spelling-error\">satisfacci\u00f3n<\/span> del cliente ha de ser responsabilidad de toda la organizaci\u00f3n, solo as\u00ed conseguiremos ir mejorando del modo deseable.<\/span><\/div>\n<!-- AddThis Advanced Settings generic via filter on the_content --><!-- AddThis Share Buttons generic via filter on the_content -->","protected":false},"excerpt":{"rendered":"<p>Estoy en medio de la revisi\u00f3n por direcci\u00f3n del 1\u00c2\u00ba trimestre del 2009 y nos encontramos analizando una no conformidad que se repite hist\u00f3ricamente: la falta de colaboraci\u00f3n y compromiso de la inmensa mayor\u00eda de las personas que trabajamos en &hellip; <a href=\"https:\/\/blogs.encamina.com\/una-vision-personal\/por-que-pasamos-del-sistema-de-gestion-de-calidad\/\">Continue reading <span class=\"meta-nav\">&rarr;<\/span><\/a><!-- AddThis Advanced Settings generic via filter on get_the_excerpt --><!-- AddThis Share Buttons generic via filter on get_the_excerpt --><\/p>\n","protected":false},"author":2,"featured_media":0,"comment_status":"open","ping_status":"open","sticky":false,"template":"","format":"standard","meta":{"footnotes":""},"categories":[2,15],"tags":[],"class_list":["post-49","post","type-post","status-publish","format-standard","hentry","category-calidad","category-recursos-humanos"],"yoast_head":"<!-- This site is optimized with the Yoast SEO Premium plugin v18.2.1 (Yoast SEO v27.3) - https:\/\/yoast.com\/product\/yoast-seo-premium-wordpress\/ -->\n<title>\u00bfPor qu\u00e9 pasamos del Sistema de Gesti\u00f3n de Calidad? - Una visi\u00f3n personal<\/title>\n<meta name=\"robots\" content=\"index, follow, max-snippet:-1, max-image-preview:large, max-video-preview:-1\" \/>\n<link rel=\"canonical\" href=\"http:\/\/blogs.encamina.com\/una-vision-personal\/por-que-pasamos-del-sistema-de-gestion-de-calidad\/\" \/>\n<meta name=\"twitter:label1\" content=\"Escrito por\" \/>\n\t<meta name=\"twitter:data1\" content=\"Pako Gim\u00e9nez\" \/>\n\t<meta name=\"twitter:label2\" content=\"Tiempo de lectura\" \/>\n\t<meta name=\"twitter:data2\" content=\"2 minutos\" \/>\n<script type=\"application\/ld+json\" class=\"yoast-schema-graph\">{\"@context\":\"https:\\\/\\\/schema.org\",\"@graph\":[{\"@type\":\"Article\",\"@id\":\"http:\\\/\\\/blogs.encamina.com\\\/una-vision-personal\\\/por-que-pasamos-del-sistema-de-gestion-de-calidad\\\/#article\",\"isPartOf\":{\"@id\":\"http:\\\/\\\/blogs.encamina.com\\\/una-vision-personal\\\/por-que-pasamos-del-sistema-de-gestion-de-calidad\\\/\"},\"author\":{\"name\":\"Pako Gim\u00e9nez\",\"@id\":\"https:\\\/\\\/blogs.encamina.com\\\/una-vision-personal\\\/#\\\/schema\\\/person\\\/04ebb863a32e33d85c463b30918c119e\"},\"headline\":\"\u00bfPor qu\u00e9 pasamos del Sistema de Gesti\u00f3n de Calidad?\",\"datePublished\":\"2009-04-30T07:43:00+00:00\",\"mainEntityOfPage\":{\"@id\":\"http:\\\/\\\/blogs.encamina.com\\\/una-vision-personal\\\/por-que-pasamos-del-sistema-de-gestion-de-calidad\\\/\"},\"wordCount\":454,\"commentCount\":0,\"articleSection\":[\"Calidad\",\"Recursos Humanos\"],\"inLanguage\":\"es\",\"potentialAction\":[{\"@type\":\"CommentAction\",\"name\":\"Comment\",\"target\":[\"http:\\\/\\\/blogs.encamina.com\\\/una-vision-personal\\\/por-que-pasamos-del-sistema-de-gestion-de-calidad\\\/#respond\"]}]},{\"@type\":\"WebPage\",\"@id\":\"http:\\\/\\\/blogs.encamina.com\\\/una-vision-personal\\\/por-que-pasamos-del-sistema-de-gestion-de-calidad\\\/\",\"url\":\"http:\\\/\\\/blogs.encamina.com\\\/una-vision-personal\\\/por-que-pasamos-del-sistema-de-gestion-de-calidad\\\/\",\"name\":\"\u00bfPor qu\u00e9 pasamos del Sistema de Gesti\u00f3n de Calidad? - Una visi\u00f3n personal\",\"isPartOf\":{\"@id\":\"https:\\\/\\\/blogs.encamina.com\\\/una-vision-personal\\\/#website\"},\"datePublished\":\"2009-04-30T07:43:00+00:00\",\"author\":{\"@id\":\"https:\\\/\\\/blogs.encamina.com\\\/una-vision-personal\\\/#\\\/schema\\\/person\\\/04ebb863a32e33d85c463b30918c119e\"},\"inLanguage\":\"es\",\"potentialAction\":[{\"@type\":\"ReadAction\",\"target\":[\"http:\\\/\\\/blogs.encamina.com\\\/una-vision-personal\\\/por-que-pasamos-del-sistema-de-gestion-de-calidad\\\/\"]}]},{\"@type\":\"WebSite\",\"@id\":\"https:\\\/\\\/blogs.encamina.com\\\/una-vision-personal\\\/#website\",\"url\":\"https:\\\/\\\/blogs.encamina.com\\\/una-vision-personal\\\/\",\"name\":\"Una visi\u00f3n personal\",\"description\":\"Cosas que se me ocurren sobre ENCAMINA, su negocio, sus personas, sus clientes\u2026\",\"potentialAction\":[{\"@type\":\"SearchAction\",\"target\":{\"@type\":\"EntryPoint\",\"urlTemplate\":\"https:\\\/\\\/blogs.encamina.com\\\/una-vision-personal\\\/?s={search_term_string}\"},\"query-input\":{\"@type\":\"PropertyValueSpecification\",\"valueRequired\":true,\"valueName\":\"search_term_string\"}}],\"inLanguage\":\"es\"},{\"@type\":\"Person\",\"@id\":\"https:\\\/\\\/blogs.encamina.com\\\/una-vision-personal\\\/#\\\/schema\\\/person\\\/04ebb863a32e33d85c463b30918c119e\",\"name\":\"Pako Gim\u00e9nez\",\"url\":\"https:\\\/\\\/blogs.encamina.com\\\/una-vision-personal\\\/author\\\/una-vision-personal\\\/\"}]}<\/script>\n<!-- \/ Yoast SEO Premium plugin. -->","yoast_head_json":{"title":"\u00bfPor qu\u00e9 pasamos del Sistema de Gesti\u00f3n de Calidad? - Una visi\u00f3n personal","robots":{"index":"index","follow":"follow","max-snippet":"max-snippet:-1","max-image-preview":"max-image-preview:large","max-video-preview":"max-video-preview:-1"},"canonical":"http:\/\/blogs.encamina.com\/una-vision-personal\/por-que-pasamos-del-sistema-de-gestion-de-calidad\/","twitter_misc":{"Escrito por":"Pako Gim\u00e9nez","Tiempo de lectura":"2 minutos"},"schema":{"@context":"https:\/\/schema.org","@graph":[{"@type":"Article","@id":"http:\/\/blogs.encamina.com\/una-vision-personal\/por-que-pasamos-del-sistema-de-gestion-de-calidad\/#article","isPartOf":{"@id":"http:\/\/blogs.encamina.com\/una-vision-personal\/por-que-pasamos-del-sistema-de-gestion-de-calidad\/"},"author":{"name":"Pako Gim\u00e9nez","@id":"https:\/\/blogs.encamina.com\/una-vision-personal\/#\/schema\/person\/04ebb863a32e33d85c463b30918c119e"},"headline":"\u00bfPor qu\u00e9 pasamos del Sistema de Gesti\u00f3n de Calidad?","datePublished":"2009-04-30T07:43:00+00:00","mainEntityOfPage":{"@id":"http:\/\/blogs.encamina.com\/una-vision-personal\/por-que-pasamos-del-sistema-de-gestion-de-calidad\/"},"wordCount":454,"commentCount":0,"articleSection":["Calidad","Recursos Humanos"],"inLanguage":"es","potentialAction":[{"@type":"CommentAction","name":"Comment","target":["http:\/\/blogs.encamina.com\/una-vision-personal\/por-que-pasamos-del-sistema-de-gestion-de-calidad\/#respond"]}]},{"@type":"WebPage","@id":"http:\/\/blogs.encamina.com\/una-vision-personal\/por-que-pasamos-del-sistema-de-gestion-de-calidad\/","url":"http:\/\/blogs.encamina.com\/una-vision-personal\/por-que-pasamos-del-sistema-de-gestion-de-calidad\/","name":"\u00bfPor qu\u00e9 pasamos del Sistema de Gesti\u00f3n de Calidad? - Una visi\u00f3n personal","isPartOf":{"@id":"https:\/\/blogs.encamina.com\/una-vision-personal\/#website"},"datePublished":"2009-04-30T07:43:00+00:00","author":{"@id":"https:\/\/blogs.encamina.com\/una-vision-personal\/#\/schema\/person\/04ebb863a32e33d85c463b30918c119e"},"inLanguage":"es","potentialAction":[{"@type":"ReadAction","target":["http:\/\/blogs.encamina.com\/una-vision-personal\/por-que-pasamos-del-sistema-de-gestion-de-calidad\/"]}]},{"@type":"WebSite","@id":"https:\/\/blogs.encamina.com\/una-vision-personal\/#website","url":"https:\/\/blogs.encamina.com\/una-vision-personal\/","name":"Una visi\u00f3n personal","description":"Cosas que se me ocurren sobre ENCAMINA, su negocio, sus personas, sus clientes\u2026","potentialAction":[{"@type":"SearchAction","target":{"@type":"EntryPoint","urlTemplate":"https:\/\/blogs.encamina.com\/una-vision-personal\/?s={search_term_string}"},"query-input":{"@type":"PropertyValueSpecification","valueRequired":true,"valueName":"search_term_string"}}],"inLanguage":"es"},{"@type":"Person","@id":"https:\/\/blogs.encamina.com\/una-vision-personal\/#\/schema\/person\/04ebb863a32e33d85c463b30918c119e","name":"Pako Gim\u00e9nez","url":"https:\/\/blogs.encamina.com\/una-vision-personal\/author\/una-vision-personal\/"}]}},"_links":{"self":[{"href":"https:\/\/blogs.encamina.com\/una-vision-personal\/wp-json\/wp\/v2\/posts\/49","targetHints":{"allow":["GET"]}}],"collection":[{"href":"https:\/\/blogs.encamina.com\/una-vision-personal\/wp-json\/wp\/v2\/posts"}],"about":[{"href":"https:\/\/blogs.encamina.com\/una-vision-personal\/wp-json\/wp\/v2\/types\/post"}],"author":[{"embeddable":true,"href":"https:\/\/blogs.encamina.com\/una-vision-personal\/wp-json\/wp\/v2\/users\/2"}],"replies":[{"embeddable":true,"href":"https:\/\/blogs.encamina.com\/una-vision-personal\/wp-json\/wp\/v2\/comments?post=49"}],"version-history":[{"count":0,"href":"https:\/\/blogs.encamina.com\/una-vision-personal\/wp-json\/wp\/v2\/posts\/49\/revisions"}],"wp:attachment":[{"href":"https:\/\/blogs.encamina.com\/una-vision-personal\/wp-json\/wp\/v2\/media?parent=49"}],"wp:term":[{"taxonomy":"category","embeddable":true,"href":"https:\/\/blogs.encamina.com\/una-vision-personal\/wp-json\/wp\/v2\/categories?post=49"},{"taxonomy":"post_tag","embeddable":true,"href":"https:\/\/blogs.encamina.com\/una-vision-personal\/wp-json\/wp\/v2\/tags?post=49"}],"curies":[{"name":"wp","href":"https:\/\/api.w.org\/{rel}","templated":true}]}}