{"id":48,"date":"2009-04-01T14:20:00","date_gmt":"2009-04-01T14:20:00","guid":{"rendered":"http:\/\/blogs.encamina.com\/una-vision-personal\/2009\/04\/01\/premios-y-reconocimientos\/"},"modified":"2009-04-01T14:20:00","modified_gmt":"2009-04-01T14:20:00","slug":"premios-y-reconocimientos","status":"publish","type":"post","link":"https:\/\/blogs.encamina.com\/una-vision-personal\/premios-y-reconocimientos\/","title":{"rendered":"Premios y reconocimientos"},"content":{"rendered":"<div align=\"justify\"><span style=\"font-family:verdana\">Como ya sabr\u00e9is el pasado 31 de Marzo recibimos el <\/span><a href=\"http:\/\/www.caixapopular.com\/isum\/Main?ISUM_ID=content&amp;ISUM_SCR=linkServiceScr&amp;ISUM_CIPH=nAjkSAwQFh3v8GKs%2FPEhgBefI%2BJlFMKLAJfq6MyYNGR9YTbnDViyUUJkFndSOefSL63tDdGo5kud%0AmPrlmBzcF5i2HhPrgpJruTNIETLG45rrpdLTIajHjznGP56MjeltwLAT8INzom68u7TI3yL%2BfjZH%0AukyTcpLioOlqxrfpcGvNQi7TB%2BukWhSbKfOHE8eZTJK8QEmHS1jU8Ljzt%2B5IeLco02gv33TwsXwR%0A8qazQvu0s2lhOG58H%2B2yIHOsgTuI5VruGiPkp%2FT7E%2BbWuALwH8ep%2FhZrr8x0CUcIwJXj0UPk1d9S%0Ay%2FHYgleTAHeYW3gvJsorQu1ySU246oHJmmFsgQ%3D%3D\"><span style=\"font-family:verdana\">II premio a la Gesti\u00f3n Innovadora en Empresas<\/span><\/a><span style=\"font-family:verdana\"> que convocan cada a\u00f1o nuestros amigos de <\/span><a href=\"http:\/\/www.caixapopular.es\/\"><span style=\"font-family:verdana\">Caixa Popular<\/span><\/a><span style=\"font-family:verdana\">. <\/span><\/div>\n<div align=\"justify\"><span style=\"font-family:verdana\">Esto, por supuesto es un gran orgullo, y es de agradecer, adem\u00e1s, que entidades como Caixa Popular premien las iniciativas innovadoras, no solo en <\/span><a href=\"http:\/\/www.caixapopular.com\/isum\/Main?ISUM_ID=content&amp;ISUM_SCR=linkServiceScr&amp;ISUM_CIPH=nAjkSAwQFh3v8GKs%2FPEhgBefI%2BJlFMKLAJfq6MyYNGR9YTbnDViyUUJkFndSOefSL63tDdGo5kud%0AmPrlmBzcF%2FrjlR6jVYcpeb1yMtacncvKr%2F2CR%2F%2FnRVFzr9lkpkty56qPstdKP36k6I%2FP358iqHEL%0AL8Q4IYaL%2Fmxg2agWFnyetzztzZWOPKbdQWcMmBbfjtetW39tNHaC9oKRCfrk3VQLmbnwOWi%2FiVZT%0A3Rv1shEOGFcarebYsINhyiuWVbIAGETvFITXxVLeBNFIhRVpJNYPRwXQP1adp4VsAJkmhF5CaqUy%0AJRIBw12EBVNvunK2fzG0JshTCJGx1pi5iMiWd%2FgYyx%2F0k5691L0YQWxtMpPQxeyUJS6ZTwSU3oLM%0AXOlx\"><span style=\"font-family:verdana\">las empresas<\/span><\/a><span style=\"font-family:verdana\">, sino tambi\u00e9n en <\/span><a href=\"http:\/\/www.caixapopular.com\/isum\/Main?ISUM_ID=content&amp;ISUM_SCR=linkServiceScr&amp;ISUM_CIPH=nAjkSAwQFh3v8GKs%2FPEhgBefI%2BJlFMKLAJfq6MyYNGR9YTbnDViyUUJkFndSOefSL63tDdGo5kud%0AmPrlmBzcF%2FrjlR6jVYcpeb1yMtacncvKr%2F2CR%2F%2FnRVFzr9lkpkty56qPstdKP36k6I%2FP358iqHEL%0AL8Q4IYaL%2Fmxg2agWFnyetzztzZWOPKbdQWcMmBbfjtetW39tNHa%2B8cYfkvcw8CmwNqd1yq%2FsnVm6%0APKFSTER9zrCRAff0KkPHIauHVMesxnzMaPPaTYrZKmjUrBcxyNkiIAxS1EJ4JkUvf%2FoxeTJg9%2FXI%0AWRq3zA2ApmvnumNf%2BY2vwpkajh5qbgY2%2F%2BL7uyLytp6L8wxzxnZ3x7Z81d1lT3h13MAZyMRU1WFa%0ATktc\"><span style=\"font-family:verdana\">las cooperativas y sals<\/span><\/a><span style=\"font-family:verdana\"> y a <\/span><a href=\"http:\/\/www.caixapopular.com\/isum\/Main?ISUM_ID=content&amp;ISUM_SCR=linkServiceScr&amp;ISUM_CIPH=nAjkSAwQFh3v8GKs%2FPEhgBefI%2BJlFMKLAJfq6MyYNGR9YTbnDViyUUJkFndSOefSL63tDdGo5kud%0AmPrlmBzcF%2FrjlR6jVYcpeb1yMtacncvKr%2F2CR%2F%2FnRVFzr9lkpkty56qPstdKP36k6I%2FP358iqHEL%0AL8Q4IYaL%2Fmxg2agWFnyetzztzZWOPKbdQWcMmBbfjtetW39tNHZ8AvLuzjTnSPv0EujwM05aGHRr%0ASuTUSsBx7mmJS%2FfIV9oMx22J7cTY3OCYgXJ3TmBRK952yM7HTK8RyGiUopKH9BXk%2Fw5ads9zDuH4%0AtFeXY%2BGMFBur2NwvUBJvQ9oItgQn4yp15iUc7T5h1PDDuv348wxIMqu0Fok6HjHi0JrQvleES36W%0AW4XmCSyUkakqy60%3D\"><span style=\"font-family:verdana\">la innovaci\u00f3n pedag\u00f3gica<\/span><\/a><span style=\"font-family:verdana\">.<\/span><\/div>\n<div align=\"justify\"><span style=\"font-family:verdana\"><\/span> <\/div>\n<p><span style=\"font-family:verdana\"><img decoding=\"async\" alt=\"\" src=\"http:\/\/blogs.encamina.com\/una-vision-personal\/uploaded_images\/P3300311-716325.JPG\" border=\"0\" \/><br \/><\/span><\/p>\n<div align=\"justify\"><span style=\"font-family:verdana\">Es la tercera vez en los \u00faltimos a\u00f1os que recibimos el reconocimiento en estos premios. Se podr\u00eda pensar que somos muy afortunados, o que tenemos alg\u00fan enchufe, nada m\u00e1s lejos de la realidad. Este a\u00f1o incluso les preguntamos si nos ser\u00eda excesivo volvernos a presentar, ya que en el a\u00f1o 2003 fuimos galardonados con un 3\u00c2\u00ba Premio por el desarrollo de nuestro viejo amigo Relaziona, tan solo hace 6 a\u00f1os y ya lo hemos jubilado y lo hemos sustituido por nuestra no tan nuevo <\/span><a href=\"http:\/\/download.microsoft.com\/download\/b\/0\/d\/b0d01bfc-4718-4dfa-9dfe-1316516e203d\/ENCAMINA_%20ENCAMINA.pdf\"><span style=\"font-family:verdana\">CRM de Microsoft<\/span><\/a><span style=\"font-family:verdana\">. Despu\u00e9s en 2006, volvimos a llevarnos un premio de esta convocatoria, en este caso el 1\u00c2\u00ba premio ex-aequo, por el proyecto <\/span><a href=\"http:\/\/www.encamina.com\/ficheros\/Presentaci%C3%B3n%20de%20CO4.pdf\"><span style=\"font-family:verdana\">CO4<\/span><\/a><span style=\"font-family:verdana\">, la herramienta de Comunicaci\u00f3n, Colaboraci\u00f3n y el Conocimiento Compartido de ENCAMINA, basada en la plataforma <\/span><a href=\"http:\/\/es.wikipedia.org\/wiki\/Sharepoint_Portal_Server\"><span style=\"font-family:verdana\">SharePoint <\/span><\/a><span style=\"font-family:verdana\">de Microsoft, cuya evoluci\u00f3n es el actual <\/span><a href=\"http:\/\/office.microsoft.com\/es-es\/sharepointserver\/FX100492003082.aspx\"><span style=\"font-family:verdana\">MOSS<\/span><\/a><span style=\"font-family:verdana\">. <\/span><\/div>\n<div align=\"justify\"><span style=\"font-family:verdana\">Este a\u00f1o el premio ha sido por el proyecto de atracci\u00f3n de talento a trav\u00e9s de la colaboraci\u00f3n y de la implicaci\u00f3n en el equipo, que incluye iniciativas como el portal de captaci\u00f3n de recursos humanos, <\/span><a href=\"http:\/\/www.blogger.com\/www.sumatutalento.com\"><span style=\"font-family:verdana\">Suma tu Talento<\/span><\/a><span style=\"font-family:verdana\"> y nuestro incipiente canal de televisi\u00f3n <\/span><a href=\"http:\/\/www.blogger.com\/www.encamina.tv\"><span style=\"font-family:verdana\">Encamina.tv<\/span><\/a><span style=\"font-family:verdana\">, entre otras cosas.<\/span><\/div>\n<div align=\"justify\"><span style=\"font-family:verdana\">Este tipo de premios tampoco nos han de hacer tirar las campanas al vuelo, somos conscientes de que se presentan pocos proyectos y que es relativamente sencillo ser galardonado si haces el esfuerzo de crear la memoria a partir de las experiencias realizadas, ya que no son muchas las empresas, que pese a innovar en sus productos o proceso, se preocupen de acceder a este tipo de convocatorias. <\/span><\/div>\n<div align=\"justify\"><span style=\"font-family:verdana\">Para mi este tipo de acciones tiene dos lecturas, una interna y relativa a la Innovaci\u00f3n, est\u00e1 claro que somos una empresa innovadora y creo que diferente al resto, ya que continuamente estamos tramando proyectos que nos mantengan activos e incluso hambrientos de nuevos retos. No nos equivoquemos, muchos de ellos nos han hecho perder mucho dinero, porque demasiado a menudo no medimos adecuadamente los riesgos de meternos en estos trampales,  y los retornos de la inversi\u00f3n no siempre son en el corto plazo. Afortunadamente, cada vez somos m\u00e1s consientes de esto y medimos mejor el retorno evitando proyectos temerarios, como en el pasado, y me estoy acordando de <\/span><a href=\"http:\/\/www.encamina.com\/aplicacion\/dspi.asp\"><span style=\"font-family:verdana\">DSP-i<\/span><\/a><span style=\"font-family:verdana\"> o el propio Relaziona, aunque evidentemente, si somos lo que somos es por estas cosas.<\/span><\/div>\n<div align=\"justify\"><span style=\"font-family:verdana\">La segunda lectura es externa y es el impacto de Marca que genera la participaci\u00f3n, reconocimiento y posterior difusi\u00f3n, no solo de estos premios, si no de otras muchas actividades relacionadas con nuestro car\u00e1cter innovador, yo dir\u00eda fresco, al menos si lo comparamos con algunas de las empresas de la competencia. <\/span><\/div>\n<div align=\"justify\"><span style=\"font-family:verdana\">Esto ya tenemos claro que es importante de cara al futuro, porque refuerza de hecho por lo que se nos reconoce, por lo que somos atractivos, que aparte de aspectos funcionales (banca) o tecnol\u00f3gicos (Microsoft, .Net, integradores), es por ser por ser una cierta mezcla de creativos, frescos, atrevidos, ingeniosos, vivaces, innovadores, quiz\u00e1 hasta frikis. <\/span><\/div>\n<div align=\"justify\"><span style=\"font-family:Verdana\">Todo esto, creo que es importante para salir adelante en esta situaci\u00f3n, estoy seguro de que no nos equivocamos. Por cierto, buena parte de la culpa, sino toda, es de <a href=\"http:\/\/www.linkedin.com\/profile?viewProfile=&amp;key=39191591&amp;authToken=3qTC&amp;authType=NAME_SEARCH&amp;locale=es_ES&amp;srchindex=1&amp;pvs=ps&amp;goback=%2Epsr_*1_*1_Cristina_Bens_*1_*1_*1_*1_*1_*1_Y_es_46520_*1_*1_*2_*2_*2_Y_Y_*1_Relevance\">Cristina<\/a> y <a href=\"https:\/\/www.xing.com\/profile\/Belen_SanzAdobes\">Bel\u00e9n<\/a>, as\u00ed que felicidades en especial a ellas.<\/span><\/div>\n<!-- AddThis Advanced Settings generic via filter on the_content --><!-- AddThis Share Buttons generic via filter on the_content -->","protected":false},"excerpt":{"rendered":"<p>Como ya sabr\u00e9is el pasado 31 de Marzo recibimos el II premio a la Gesti\u00f3n Innovadora en Empresas que convocan cada a\u00f1o nuestros amigos de Caixa Popular. Esto, por supuesto es un gran orgullo, y es de agradecer, adem\u00e1s, que &hellip; <a href=\"https:\/\/blogs.encamina.com\/una-vision-personal\/premios-y-reconocimientos\/\">Continue reading <span class=\"meta-nav\">&rarr;<\/span><\/a><!-- AddThis Advanced Settings generic via filter on get_the_excerpt --><!-- AddThis Share Buttons generic via filter on get_the_excerpt --><\/p>\n","protected":false},"author":2,"featured_media":0,"comment_status":"open","ping_status":"open","sticky":false,"template":"","format":"standard","meta":{"footnotes":""},"categories":[4,11,12,13],"tags":[],"class_list":["post-48","post","type-post","status-publish","format-standard","hentry","category-comunicacion","category-innovacion","category-marketing","category-premios"],"yoast_head":"<!-- This site is optimized with the Yoast SEO Premium plugin v18.2.1 (Yoast SEO v27.3) - https:\/\/yoast.com\/product\/yoast-seo-premium-wordpress\/ -->\n<title>Premios y reconocimientos - Una visi\u00f3n personal<\/title>\n<meta name=\"robots\" content=\"index, follow, max-snippet:-1, max-image-preview:large, max-video-preview:-1\" \/>\n<link rel=\"canonical\" href=\"http:\/\/blogs.encamina.com\/una-vision-personal\/premios-y-reconocimientos\/\" \/>\n<meta name=\"twitter:label1\" content=\"Escrito por\" \/>\n\t<meta name=\"twitter:data1\" content=\"Pako Gim\u00e9nez\" \/>\n\t<meta name=\"twitter:label2\" content=\"Tiempo de lectura\" \/>\n\t<meta name=\"twitter:data2\" content=\"3 minutos\" \/>\n<script type=\"application\/ld+json\" class=\"yoast-schema-graph\">{\"@context\":\"https:\\\/\\\/schema.org\",\"@graph\":[{\"@type\":\"Article\",\"@id\":\"http:\\\/\\\/blogs.encamina.com\\\/una-vision-personal\\\/premios-y-reconocimientos\\\/#article\",\"isPartOf\":{\"@id\":\"http:\\\/\\\/blogs.encamina.com\\\/una-vision-personal\\\/premios-y-reconocimientos\\\/\"},\"author\":{\"name\":\"Pako Gim\u00e9nez\",\"@id\":\"https:\\\/\\\/blogs.encamina.com\\\/una-vision-personal\\\/#\\\/schema\\\/person\\\/04ebb863a32e33d85c463b30918c119e\"},\"headline\":\"Premios y reconocimientos\",\"datePublished\":\"2009-04-01T14:20:00+00:00\",\"mainEntityOfPage\":{\"@id\":\"http:\\\/\\\/blogs.encamina.com\\\/una-vision-personal\\\/premios-y-reconocimientos\\\/\"},\"wordCount\":620,\"commentCount\":0,\"image\":{\"@id\":\"http:\\\/\\\/blogs.encamina.com\\\/una-vision-personal\\\/premios-y-reconocimientos\\\/#primaryimage\"},\"thumbnailUrl\":\"http:\\\/\\\/blogs.encamina.com\\\/una-vision-personal\\\/uploaded_images\\\/P3300311-716325.JPG\",\"articleSection\":[\"Comunicaci\u00f3n\",\"Innovaci\u00f3n\",\"Marketing\",\"Premios\"],\"inLanguage\":\"es\",\"potentialAction\":[{\"@type\":\"CommentAction\",\"name\":\"Comment\",\"target\":[\"http:\\\/\\\/blogs.encamina.com\\\/una-vision-personal\\\/premios-y-reconocimientos\\\/#respond\"]}]},{\"@type\":\"WebPage\",\"@id\":\"http:\\\/\\\/blogs.encamina.com\\\/una-vision-personal\\\/premios-y-reconocimientos\\\/\",\"url\":\"http:\\\/\\\/blogs.encamina.com\\\/una-vision-personal\\\/premios-y-reconocimientos\\\/\",\"name\":\"Premios y reconocimientos - Una visi\u00f3n personal\",\"isPartOf\":{\"@id\":\"https:\\\/\\\/blogs.encamina.com\\\/una-vision-personal\\\/#website\"},\"primaryImageOfPage\":{\"@id\":\"http:\\\/\\\/blogs.encamina.com\\\/una-vision-personal\\\/premios-y-reconocimientos\\\/#primaryimage\"},\"image\":{\"@id\":\"http:\\\/\\\/blogs.encamina.com\\\/una-vision-personal\\\/premios-y-reconocimientos\\\/#primaryimage\"},\"thumbnailUrl\":\"http:\\\/\\\/blogs.encamina.com\\\/una-vision-personal\\\/uploaded_images\\\/P3300311-716325.JPG\",\"datePublished\":\"2009-04-01T14:20:00+00:00\",\"author\":{\"@id\":\"https:\\\/\\\/blogs.encamina.com\\\/una-vision-personal\\\/#\\\/schema\\\/person\\\/04ebb863a32e33d85c463b30918c119e\"},\"inLanguage\":\"es\",\"potentialAction\":[{\"@type\":\"ReadAction\",\"target\":[\"http:\\\/\\\/blogs.encamina.com\\\/una-vision-personal\\\/premios-y-reconocimientos\\\/\"]}]},{\"@type\":\"ImageObject\",\"inLanguage\":\"es\",\"@id\":\"http:\\\/\\\/blogs.encamina.com\\\/una-vision-personal\\\/premios-y-reconocimientos\\\/#primaryimage\",\"url\":\"http:\\\/\\\/blogs.encamina.com\\\/una-vision-personal\\\/uploaded_images\\\/P3300311-716325.JPG\",\"contentUrl\":\"http:\\\/\\\/blogs.encamina.com\\\/una-vision-personal\\\/uploaded_images\\\/P3300311-716325.JPG\"},{\"@type\":\"WebSite\",\"@id\":\"https:\\\/\\\/blogs.encamina.com\\\/una-vision-personal\\\/#website\",\"url\":\"https:\\\/\\\/blogs.encamina.com\\\/una-vision-personal\\\/\",\"name\":\"Una visi\u00f3n personal\",\"description\":\"Cosas que se me ocurren sobre ENCAMINA, su negocio, sus personas, sus clientes\u2026\",\"potentialAction\":[{\"@type\":\"SearchAction\",\"target\":{\"@type\":\"EntryPoint\",\"urlTemplate\":\"https:\\\/\\\/blogs.encamina.com\\\/una-vision-personal\\\/?s={search_term_string}\"},\"query-input\":{\"@type\":\"PropertyValueSpecification\",\"valueRequired\":true,\"valueName\":\"search_term_string\"}}],\"inLanguage\":\"es\"},{\"@type\":\"Person\",\"@id\":\"https:\\\/\\\/blogs.encamina.com\\\/una-vision-personal\\\/#\\\/schema\\\/person\\\/04ebb863a32e33d85c463b30918c119e\",\"name\":\"Pako Gim\u00e9nez\",\"url\":\"https:\\\/\\\/blogs.encamina.com\\\/una-vision-personal\\\/author\\\/una-vision-personal\\\/\"}]}<\/script>\n<!-- \/ Yoast SEO Premium plugin. -->","yoast_head_json":{"title":"Premios y reconocimientos - Una visi\u00f3n personal","robots":{"index":"index","follow":"follow","max-snippet":"max-snippet:-1","max-image-preview":"max-image-preview:large","max-video-preview":"max-video-preview:-1"},"canonical":"http:\/\/blogs.encamina.com\/una-vision-personal\/premios-y-reconocimientos\/","twitter_misc":{"Escrito por":"Pako Gim\u00e9nez","Tiempo de lectura":"3 minutos"},"schema":{"@context":"https:\/\/schema.org","@graph":[{"@type":"Article","@id":"http:\/\/blogs.encamina.com\/una-vision-personal\/premios-y-reconocimientos\/#article","isPartOf":{"@id":"http:\/\/blogs.encamina.com\/una-vision-personal\/premios-y-reconocimientos\/"},"author":{"name":"Pako Gim\u00e9nez","@id":"https:\/\/blogs.encamina.com\/una-vision-personal\/#\/schema\/person\/04ebb863a32e33d85c463b30918c119e"},"headline":"Premios y reconocimientos","datePublished":"2009-04-01T14:20:00+00:00","mainEntityOfPage":{"@id":"http:\/\/blogs.encamina.com\/una-vision-personal\/premios-y-reconocimientos\/"},"wordCount":620,"commentCount":0,"image":{"@id":"http:\/\/blogs.encamina.com\/una-vision-personal\/premios-y-reconocimientos\/#primaryimage"},"thumbnailUrl":"http:\/\/blogs.encamina.com\/una-vision-personal\/uploaded_images\/P3300311-716325.JPG","articleSection":["Comunicaci\u00f3n","Innovaci\u00f3n","Marketing","Premios"],"inLanguage":"es","potentialAction":[{"@type":"CommentAction","name":"Comment","target":["http:\/\/blogs.encamina.com\/una-vision-personal\/premios-y-reconocimientos\/#respond"]}]},{"@type":"WebPage","@id":"http:\/\/blogs.encamina.com\/una-vision-personal\/premios-y-reconocimientos\/","url":"http:\/\/blogs.encamina.com\/una-vision-personal\/premios-y-reconocimientos\/","name":"Premios y reconocimientos - Una visi\u00f3n personal","isPartOf":{"@id":"https:\/\/blogs.encamina.com\/una-vision-personal\/#website"},"primaryImageOfPage":{"@id":"http:\/\/blogs.encamina.com\/una-vision-personal\/premios-y-reconocimientos\/#primaryimage"},"image":{"@id":"http:\/\/blogs.encamina.com\/una-vision-personal\/premios-y-reconocimientos\/#primaryimage"},"thumbnailUrl":"http:\/\/blogs.encamina.com\/una-vision-personal\/uploaded_images\/P3300311-716325.JPG","datePublished":"2009-04-01T14:20:00+00:00","author":{"@id":"https:\/\/blogs.encamina.com\/una-vision-personal\/#\/schema\/person\/04ebb863a32e33d85c463b30918c119e"},"inLanguage":"es","potentialAction":[{"@type":"ReadAction","target":["http:\/\/blogs.encamina.com\/una-vision-personal\/premios-y-reconocimientos\/"]}]},{"@type":"ImageObject","inLanguage":"es","@id":"http:\/\/blogs.encamina.com\/una-vision-personal\/premios-y-reconocimientos\/#primaryimage","url":"http:\/\/blogs.encamina.com\/una-vision-personal\/uploaded_images\/P3300311-716325.JPG","contentUrl":"http:\/\/blogs.encamina.com\/una-vision-personal\/uploaded_images\/P3300311-716325.JPG"},{"@type":"WebSite","@id":"https:\/\/blogs.encamina.com\/una-vision-personal\/#website","url":"https:\/\/blogs.encamina.com\/una-vision-personal\/","name":"Una visi\u00f3n personal","description":"Cosas que se me ocurren sobre ENCAMINA, su negocio, sus personas, sus clientes\u2026","potentialAction":[{"@type":"SearchAction","target":{"@type":"EntryPoint","urlTemplate":"https:\/\/blogs.encamina.com\/una-vision-personal\/?s={search_term_string}"},"query-input":{"@type":"PropertyValueSpecification","valueRequired":true,"valueName":"search_term_string"}}],"inLanguage":"es"},{"@type":"Person","@id":"https:\/\/blogs.encamina.com\/una-vision-personal\/#\/schema\/person\/04ebb863a32e33d85c463b30918c119e","name":"Pako Gim\u00e9nez","url":"https:\/\/blogs.encamina.com\/una-vision-personal\/author\/una-vision-personal\/"}]}},"_links":{"self":[{"href":"https:\/\/blogs.encamina.com\/una-vision-personal\/wp-json\/wp\/v2\/posts\/48","targetHints":{"allow":["GET"]}}],"collection":[{"href":"https:\/\/blogs.encamina.com\/una-vision-personal\/wp-json\/wp\/v2\/posts"}],"about":[{"href":"https:\/\/blogs.encamina.com\/una-vision-personal\/wp-json\/wp\/v2\/types\/post"}],"author":[{"embeddable":true,"href":"https:\/\/blogs.encamina.com\/una-vision-personal\/wp-json\/wp\/v2\/users\/2"}],"replies":[{"embeddable":true,"href":"https:\/\/blogs.encamina.com\/una-vision-personal\/wp-json\/wp\/v2\/comments?post=48"}],"version-history":[{"count":0,"href":"https:\/\/blogs.encamina.com\/una-vision-personal\/wp-json\/wp\/v2\/posts\/48\/revisions"}],"wp:attachment":[{"href":"https:\/\/blogs.encamina.com\/una-vision-personal\/wp-json\/wp\/v2\/media?parent=48"}],"wp:term":[{"taxonomy":"category","embeddable":true,"href":"https:\/\/blogs.encamina.com\/una-vision-personal\/wp-json\/wp\/v2\/categories?post=48"},{"taxonomy":"post_tag","embeddable":true,"href":"https:\/\/blogs.encamina.com\/una-vision-personal\/wp-json\/wp\/v2\/tags?post=48"}],"curies":[{"name":"wp","href":"https:\/\/api.w.org\/{rel}","templated":true}]}}