{"id":128,"date":"2012-01-18T21:10:34","date_gmt":"2012-01-18T20:10:34","guid":{"rendered":"http:\/\/blogs.encamina.com\/una-vision-personal\/?p=128"},"modified":"2014-05-14T11:18:18","modified_gmt":"2014-05-14T10:18:18","slug":"crecer-como","status":"publish","type":"post","link":"https:\/\/blogs.encamina.com\/una-vision-personal\/crecer-como\/","title":{"rendered":"Crecer \u00bfC\u00f3mo?"},"content":{"rendered":"<p>Son tiempos de incertidumbre, pero tambi\u00e9n de oportunidades, muchas de las empresas de nuestro sector nos enfrentamos a similares circunstancias, por un lado las ya conocidas dificultades de financiaci\u00f3n debidas a la falta de cr\u00e9dito por parte de las entidades \u00a0financieras y a los retrasos en los pagos de algunos clientes, si estos forman parte de la administraci\u00f3n la cosa puede demorarse indefinidamente y por otro la siempre necesaria evoluci\u00f3n, innovando y creando nuevos productos o abriendo nuevos mercados.<\/p>\n<p>Esto no solo hace dif\u00edcil el d\u00eda a d\u00eda, sino que sobre todo complica el crecimiento, un crecimiento que es necesario por varias razones que me vienen a la cabeza.<\/p>\n<p><!--more-->1\u00ba Por que cada vez va a ser m\u00e1s dif\u00edcil financiar los proyectos y m\u00e1s con el cambio que se est\u00e1 produciendo de los modelos \u201ccapex\u201d (inversi\u00f3n) hacia los \u201copex\u201d (gasto). De modo que nuestros clientes demandan m\u00e1s un modelo de pago por uso y no de inversi\u00f3n de capital inicial. Satisfacer esta necesidad va a exigir m\u00e1s pulm\u00f3n financiero a\u00fan que ser\u00e1 tanto m\u00e1s factible cuanto mayor tama\u00f1o tenga la empresa.<\/p>\n<p>2\u00ba La cacareada improductividad de las empresas espa\u00f1olases. Es cuestionable si \u00a0las empresas espa\u00f1olas son menos productivas que las alemanas o las finlandesas, lo que si es cierto es que las empresas grandes son m\u00e1s productivas que las empresas medianas y peque\u00f1as y en eso el tejido empresarial espa\u00f1ol tiene una cierta desventaja, porque pese a que el porcentaje de pymes es similar en todo el mundo aqu\u00ed tenemos muy pocas grandes empresas, y en cualquier caso es necesario ganar tama\u00f1o para poder mejorar la productividad.<\/p>\n<p>3\u00ba El cambio de modelo de negocio. Parece el giro hacia el cloud computing que est\u00e1 dando nuestro sector es irreversible. Esto significa nuevos modelos de gesti\u00f3n, de marketing y de comercializaci\u00f3n de nuestros productos, donde necesariamente hemos de reducir el coste de adquisici\u00f3n de cada cliente. Pero para ello hay que hacer convivir el nuevo modelo con el anterior durante unos a\u00f1os y de nuevo es necesario crecer para poder financiar ese cambio.<\/p>\n<p>Otro cantar es como conseguir ese crecimiento, org\u00e1nicamente se antoja complicado debido a los magros beneficios, tampoco hay mucha financiaci\u00f3n disponible, y una tercera v\u00eda que ser\u00eda el crecimiento por fusiones tropieza con una elevado rechazo por parte del empresario que no quiere en general renunciar a su participaci\u00f3n en la empresa. Visto esto \u00bfQu\u00e9 hacemos?<\/p>\n<!-- AddThis Advanced Settings generic via filter on the_content --><!-- AddThis Share Buttons generic via filter on the_content -->","protected":false},"excerpt":{"rendered":"<p>Son tiempos de incertidumbre, pero tambi\u00e9n de oportunidades, muchas de las empresas de nuestro sector nos enfrentamos a similares circunstancias, por un lado las ya conocidas dificultades de financiaci\u00f3n debidas a la falta de cr\u00e9dito por parte de las entidades &hellip; <a href=\"https:\/\/blogs.encamina.com\/una-vision-personal\/crecer-como\/\">Continue reading <span class=\"meta-nav\">&rarr;<\/span><\/a><!-- AddThis Advanced Settings generic via filter on get_the_excerpt --><!-- AddThis Share Buttons generic via filter on get_the_excerpt --><\/p>\n","protected":false},"author":2,"featured_media":0,"comment_status":"open","ping_status":"open","sticky":false,"template":"","format":"standard","meta":{"footnotes":""},"categories":[17],"tags":[],"class_list":["post-128","post","type-post","status-publish","format-standard","hentry","category-uncategorized"],"yoast_head":"<!-- This site is optimized with the Yoast SEO Premium plugin v18.2.1 (Yoast SEO v27.3) - https:\/\/yoast.com\/product\/yoast-seo-premium-wordpress\/ -->\n<title>Crecer \u00bfC\u00f3mo? - Una visi\u00f3n personal<\/title>\n<meta name=\"robots\" content=\"index, follow, max-snippet:-1, max-image-preview:large, max-video-preview:-1\" \/>\n<link rel=\"canonical\" href=\"http:\/\/blogs.encamina.com\/una-vision-personal\/crecer-como\/\" \/>\n<meta name=\"twitter:label1\" content=\"Escrito por\" \/>\n\t<meta name=\"twitter:data1\" content=\"Pako Gim\u00e9nez\" \/>\n\t<meta name=\"twitter:label2\" content=\"Tiempo de lectura\" \/>\n\t<meta name=\"twitter:data2\" content=\"2 minutos\" \/>\n<script type=\"application\/ld+json\" class=\"yoast-schema-graph\">{\"@context\":\"https:\\\/\\\/schema.org\",\"@graph\":[{\"@type\":\"Article\",\"@id\":\"http:\\\/\\\/blogs.encamina.com\\\/una-vision-personal\\\/crecer-como\\\/#article\",\"isPartOf\":{\"@id\":\"http:\\\/\\\/blogs.encamina.com\\\/una-vision-personal\\\/crecer-como\\\/\"},\"author\":{\"name\":\"Pako Gim\u00e9nez\",\"@id\":\"https:\\\/\\\/blogs.encamina.com\\\/una-vision-personal\\\/#\\\/schema\\\/person\\\/04ebb863a32e33d85c463b30918c119e\"},\"headline\":\"Crecer \u00bfC\u00f3mo?\",\"datePublished\":\"2012-01-18T20:10:34+00:00\",\"dateModified\":\"2014-05-14T10:18:18+00:00\",\"mainEntityOfPage\":{\"@id\":\"http:\\\/\\\/blogs.encamina.com\\\/una-vision-personal\\\/crecer-como\\\/\"},\"wordCount\":431,\"commentCount\":0,\"inLanguage\":\"es\",\"potentialAction\":[{\"@type\":\"CommentAction\",\"name\":\"Comment\",\"target\":[\"http:\\\/\\\/blogs.encamina.com\\\/una-vision-personal\\\/crecer-como\\\/#respond\"]}]},{\"@type\":\"WebPage\",\"@id\":\"http:\\\/\\\/blogs.encamina.com\\\/una-vision-personal\\\/crecer-como\\\/\",\"url\":\"http:\\\/\\\/blogs.encamina.com\\\/una-vision-personal\\\/crecer-como\\\/\",\"name\":\"Crecer \u00bfC\u00f3mo? - Una visi\u00f3n personal\",\"isPartOf\":{\"@id\":\"https:\\\/\\\/blogs.encamina.com\\\/una-vision-personal\\\/#website\"},\"datePublished\":\"2012-01-18T20:10:34+00:00\",\"dateModified\":\"2014-05-14T10:18:18+00:00\",\"author\":{\"@id\":\"https:\\\/\\\/blogs.encamina.com\\\/una-vision-personal\\\/#\\\/schema\\\/person\\\/04ebb863a32e33d85c463b30918c119e\"},\"inLanguage\":\"es\",\"potentialAction\":[{\"@type\":\"ReadAction\",\"target\":[\"http:\\\/\\\/blogs.encamina.com\\\/una-vision-personal\\\/crecer-como\\\/\"]}]},{\"@type\":\"WebSite\",\"@id\":\"https:\\\/\\\/blogs.encamina.com\\\/una-vision-personal\\\/#website\",\"url\":\"https:\\\/\\\/blogs.encamina.com\\\/una-vision-personal\\\/\",\"name\":\"Una visi\u00f3n personal\",\"description\":\"Cosas que se me ocurren sobre ENCAMINA, su negocio, sus personas, sus clientes\u2026\",\"potentialAction\":[{\"@type\":\"SearchAction\",\"target\":{\"@type\":\"EntryPoint\",\"urlTemplate\":\"https:\\\/\\\/blogs.encamina.com\\\/una-vision-personal\\\/?s={search_term_string}\"},\"query-input\":{\"@type\":\"PropertyValueSpecification\",\"valueRequired\":true,\"valueName\":\"search_term_string\"}}],\"inLanguage\":\"es\"},{\"@type\":\"Person\",\"@id\":\"https:\\\/\\\/blogs.encamina.com\\\/una-vision-personal\\\/#\\\/schema\\\/person\\\/04ebb863a32e33d85c463b30918c119e\",\"name\":\"Pako Gim\u00e9nez\",\"url\":\"https:\\\/\\\/blogs.encamina.com\\\/una-vision-personal\\\/author\\\/una-vision-personal\\\/\"}]}<\/script>\n<!-- \/ Yoast SEO Premium plugin. -->","yoast_head_json":{"title":"Crecer \u00bfC\u00f3mo? - Una visi\u00f3n personal","robots":{"index":"index","follow":"follow","max-snippet":"max-snippet:-1","max-image-preview":"max-image-preview:large","max-video-preview":"max-video-preview:-1"},"canonical":"http:\/\/blogs.encamina.com\/una-vision-personal\/crecer-como\/","twitter_misc":{"Escrito por":"Pako Gim\u00e9nez","Tiempo de lectura":"2 minutos"},"schema":{"@context":"https:\/\/schema.org","@graph":[{"@type":"Article","@id":"http:\/\/blogs.encamina.com\/una-vision-personal\/crecer-como\/#article","isPartOf":{"@id":"http:\/\/blogs.encamina.com\/una-vision-personal\/crecer-como\/"},"author":{"name":"Pako Gim\u00e9nez","@id":"https:\/\/blogs.encamina.com\/una-vision-personal\/#\/schema\/person\/04ebb863a32e33d85c463b30918c119e"},"headline":"Crecer \u00bfC\u00f3mo?","datePublished":"2012-01-18T20:10:34+00:00","dateModified":"2014-05-14T10:18:18+00:00","mainEntityOfPage":{"@id":"http:\/\/blogs.encamina.com\/una-vision-personal\/crecer-como\/"},"wordCount":431,"commentCount":0,"inLanguage":"es","potentialAction":[{"@type":"CommentAction","name":"Comment","target":["http:\/\/blogs.encamina.com\/una-vision-personal\/crecer-como\/#respond"]}]},{"@type":"WebPage","@id":"http:\/\/blogs.encamina.com\/una-vision-personal\/crecer-como\/","url":"http:\/\/blogs.encamina.com\/una-vision-personal\/crecer-como\/","name":"Crecer \u00bfC\u00f3mo? - Una visi\u00f3n personal","isPartOf":{"@id":"https:\/\/blogs.encamina.com\/una-vision-personal\/#website"},"datePublished":"2012-01-18T20:10:34+00:00","dateModified":"2014-05-14T10:18:18+00:00","author":{"@id":"https:\/\/blogs.encamina.com\/una-vision-personal\/#\/schema\/person\/04ebb863a32e33d85c463b30918c119e"},"inLanguage":"es","potentialAction":[{"@type":"ReadAction","target":["http:\/\/blogs.encamina.com\/una-vision-personal\/crecer-como\/"]}]},{"@type":"WebSite","@id":"https:\/\/blogs.encamina.com\/una-vision-personal\/#website","url":"https:\/\/blogs.encamina.com\/una-vision-personal\/","name":"Una visi\u00f3n personal","description":"Cosas que se me ocurren sobre ENCAMINA, su negocio, sus personas, sus clientes\u2026","potentialAction":[{"@type":"SearchAction","target":{"@type":"EntryPoint","urlTemplate":"https:\/\/blogs.encamina.com\/una-vision-personal\/?s={search_term_string}"},"query-input":{"@type":"PropertyValueSpecification","valueRequired":true,"valueName":"search_term_string"}}],"inLanguage":"es"},{"@type":"Person","@id":"https:\/\/blogs.encamina.com\/una-vision-personal\/#\/schema\/person\/04ebb863a32e33d85c463b30918c119e","name":"Pako Gim\u00e9nez","url":"https:\/\/blogs.encamina.com\/una-vision-personal\/author\/una-vision-personal\/"}]}},"_links":{"self":[{"href":"https:\/\/blogs.encamina.com\/una-vision-personal\/wp-json\/wp\/v2\/posts\/128","targetHints":{"allow":["GET"]}}],"collection":[{"href":"https:\/\/blogs.encamina.com\/una-vision-personal\/wp-json\/wp\/v2\/posts"}],"about":[{"href":"https:\/\/blogs.encamina.com\/una-vision-personal\/wp-json\/wp\/v2\/types\/post"}],"author":[{"embeddable":true,"href":"https:\/\/blogs.encamina.com\/una-vision-personal\/wp-json\/wp\/v2\/users\/2"}],"replies":[{"embeddable":true,"href":"https:\/\/blogs.encamina.com\/una-vision-personal\/wp-json\/wp\/v2\/comments?post=128"}],"version-history":[{"count":0,"href":"https:\/\/blogs.encamina.com\/una-vision-personal\/wp-json\/wp\/v2\/posts\/128\/revisions"}],"wp:attachment":[{"href":"https:\/\/blogs.encamina.com\/una-vision-personal\/wp-json\/wp\/v2\/media?parent=128"}],"wp:term":[{"taxonomy":"category","embeddable":true,"href":"https:\/\/blogs.encamina.com\/una-vision-personal\/wp-json\/wp\/v2\/categories?post=128"},{"taxonomy":"post_tag","embeddable":true,"href":"https:\/\/blogs.encamina.com\/una-vision-personal\/wp-json\/wp\/v2\/tags?post=128"}],"curies":[{"name":"wp","href":"https:\/\/api.w.org\/{rel}","templated":true}]}}