{"id":483,"date":"2016-11-22T18:04:17","date_gmt":"2016-11-22T18:04:17","guid":{"rendered":"http:\/\/blogs.encamina.com\/transformacion-digital\/?p=483"},"modified":"2016-11-24T11:37:52","modified_gmt":"2016-11-24T11:37:52","slug":"webinar-k2-bpm-gestion-procesos","status":"publish","type":"post","link":"https:\/\/blogs.encamina.com\/transformacion-digital\/webinar-k2-bpm-gestion-procesos\/","title":{"rendered":"Webinar sobre K2: BPM y gesti\u00f3n de procesos"},"content":{"rendered":"<p>En este webinar,\u00a0<strong>Carlos L\u00f3pez<\/strong>, Team Leader en ENCAMINA y certificado en K2 Blackpearl Core, nos explica c\u00f3mo usar K2 como BPM para ganar eficiencia\u00a0y agilidad en tus procesos de negocio.<\/p>\n<p>Con k2 puedes generar y ejecutar aplicaciones empresariales mediante formularios,<b> flujo<\/b><b>s de trabajo<\/b> y los datos de tu sistema, en una sola interfaz f\u00e1cil de usar en cualquier dispositivo.<\/p>\n<p><a href=\"https:\/\/encamina.tv\/Video\/webinark2\"><img loading=\"lazy\" decoding=\"async\" class=\"alignnone size-full wp-image-484\" src=\"http:\/\/blogs.encamina.com\/transformacion-digital\/wp-content\/uploads\/sites\/18\/2016\/11\/webinar-k2.png\" alt=\"webinar-k2\" width=\"744\" height=\"367\" srcset=\"https:\/\/encaminablogs.wpenginepowered.com\/transformacion-digital\/wp-content\/uploads\/sites\/18\/2016\/11\/webinar-k2.png 744w, https:\/\/encaminablogs.wpenginepowered.com\/transformacion-digital\/wp-content\/uploads\/sites\/18\/2016\/11\/webinar-k2-300x148.png 300w\" sizes=\"auto, (max-width: 744px) 100vw, 744px\" \/><\/a><\/p>\n<p><!--more--><\/p>\n<p>En el webinar se repasan todos estos contenidos:<\/p>\n<h3>1. \u00bfQu\u00e9 consiguen las administraciones con BPM?<\/h3>\n<p><img loading=\"lazy\" decoding=\"async\" class=\"alignnone wp-image-485\" src=\"http:\/\/blogs.encamina.com\/transformacion-digital\/wp-content\/uploads\/sites\/18\/2016\/11\/k2.png\" alt=\"k2\" width=\"477\" height=\"400\" srcset=\"https:\/\/encaminablogs.wpenginepowered.com\/transformacion-digital\/wp-content\/uploads\/sites\/18\/2016\/11\/k2.png 782w, https:\/\/encaminablogs.wpenginepowered.com\/transformacion-digital\/wp-content\/uploads\/sites\/18\/2016\/11\/k2-300x252.png 300w, https:\/\/encaminablogs.wpenginepowered.com\/transformacion-digital\/wp-content\/uploads\/sites\/18\/2016\/11\/k2-768x644.png 768w\" sizes=\"auto, (max-width: 477px) 100vw, 477px\" \/><\/p>\n<h3>2. \u00bfPor qu\u00e9 ENCAMINA apuesta por K2?<\/h3>\n<p>No siempre es posible crear la soluci\u00f3n BPM sobre entornos SharePoint, por este motivo, incorporamos <strong>K2<\/strong> como plataforma BPM para entornos corporativos exigentes.<\/p>\n<p>Tanto en <strong>escalabilidad<\/strong> como en funcionalidad BPM, <strong>K2<\/strong> es una herramienta flexible y eficiente\u00a0sin requerir SharePoint como plataforma e ejecuci\u00f3n.<\/p>\n<h3>3.Beneficios del BPM k2<\/h3>\n<ul>\n<li>Control sobre la ejecuci\u00f3n del flujo<\/li>\n<li>Historial de trazabilidad de los procesos<\/li>\n<li>Agilidad en la coordinaci\u00f3n de personas<\/li>\n<li>Mejora del flujo de comunicaci\u00f3n entre personas<\/li>\n<li>Facilidad en las integraciones entre diferentes sistemas<\/li>\n<li>\u00a0Lanzamiento de procesos desatendidos y peri\u00f3dicos<\/li>\n<\/ul>\n<h3>4. Presentaci\u00f3n de k2.<\/h3>\n<p>Si en tu d\u00eda a d\u00eda se presentan estos retos\u00a0a superar, tal vez ha llegado el momento de plantearte dar un <strong>salto cualitativo<\/strong> hacia una plataforma Low Code o BPM<\/p>\n<p>a)\u00bfPuede mantener tu empresa la velocidad del mercado?<\/p>\n<p>b)\u00bfTe est\u00e1 frenando alguno de estos temas?<\/p>\n<ul>\n<li data-listid=\"10\" data-aria-posinset=\"6\" data-aria-level=\"1\">Usas mucho papel<\/li>\n<li data-listid=\"10\" data-aria-posinset=\"7\" data-aria-level=\"1\">Procesos manuales<\/li>\n<li data-listid=\"10\" data-aria-posinset=\"8\" data-aria-level=\"1\">Procesos de aprobaci\u00f3n lentos<\/li>\n<li data-listid=\"10\" data-aria-posinset=\"9\" data-aria-level=\"1\">Retos para integrar con sistemas de backend<\/li>\n<li data-listid=\"10\" data-aria-posinset=\"10\" data-aria-level=\"1\">Falta de recursos t\u00e9cnicos<\/li>\n<li data-listid=\"10\" data-aria-posinset=\"11\" data-aria-level=\"1\">Dificultad para cumplir normativas<\/li>\n<\/ul>\n<p>c)\u00bfC\u00f3mo resuelves tus <strong>problemas complejos de negocio<\/strong>? El desarrollo a medida, ya \u00a0 \u00a0 \u00a0 \u00a0 \u00a0 \u00a0 \u00a0 \u00a0no sirve. Las implementaciones duran mucho tiempo, faltan desarrolladores \u00a0 \u00a0 \u00a0 \u00a0 \u00a0 \u00a0 \u00a0 \u00a0 \u00a0 \u00a0 \u00a0 \u00a0 \u00a0 \u00a0especializados y es muy caro mantener y evolucionar.<\/p>\n<h3>5. Opciones: Plataforma Low Code o BPM<\/h3>\n<p><strong>La Plataforma k2 tiene lo mejor de ambos mundos<\/strong> y est\u00e1 lista para resolver tus retos hoy mismo.<\/p>\n<ul>\n<li>Dispone de workflows, formularios y herramientas de gesti\u00f3n, que te permite estandarizar y ahorrar costes<\/li>\n<li>Es una plataforma \u00e1gil de desarrollo de aplicaciones de negocio sin c\u00f3digo. Simplifica el desarrollo de aplicaciones y ofrece agilidad a los clientes<\/li>\n<li>Adicionalmente, k2 tiene patentado un Sistema de integraci\u00f3n de backends, que le permite acelerar los proyectos y hacerlos m\u00e1s robustos.<\/li>\n<\/ul>\n<h3>6. Demostraci\u00f3n de k2 en una liquidaci\u00f3n<\/h3>\n<p>En <strong>2020<\/strong>, 3 de cada 5 compa\u00f1\u00edas desaparecer\u00e1n, mientras que otras nuevas entrar\u00e1n con tecnolog\u00edas disruptivas.<\/p>\n<p>\u00bfQuieres ser de las primeras o de las segundas?\u00a0\u00a0No te lo pienses, ponte c\u00f3modo y \u00a1<strong>dale al play<\/strong>!<\/p>\n<p>&nbsp;<\/p>\n<p><a href=\"https:\/\/encamina.tv\/Video\/webinark2\"><img loading=\"lazy\" decoding=\"async\" class=\"wp-image-486 aligncenter\" src=\"http:\/\/blogs.encamina.com\/transformacion-digital\/wp-content\/uploads\/sites\/18\/2016\/11\/webinar-k2-ok.png\" alt=\"webinar-k2-ok\" width=\"446\" height=\"232\" srcset=\"https:\/\/encaminablogs.wpenginepowered.com\/transformacion-digital\/wp-content\/uploads\/sites\/18\/2016\/11\/webinar-k2-ok.png 737w, https:\/\/encaminablogs.wpenginepowered.com\/transformacion-digital\/wp-content\/uploads\/sites\/18\/2016\/11\/webinar-k2-ok-300x156.png 300w\" sizes=\"auto, (max-width: 446px) 100vw, 446px\" \/><\/a><\/p>\n<!-- AddThis Advanced Settings generic via filter on the_content --><!-- AddThis Share Buttons generic via filter on the_content --><span class=\"et_bloom_bottom_trigger\"><\/span>","protected":false},"excerpt":{"rendered":"<p>En este webinar,\u00a0Carlos L\u00f3pez, Team Leader en ENCAMINA y certificado en K2 Blackpearl Core, nos explica c\u00f3mo usar K2 como BPM para ganar eficiencia\u00a0y agilidad en tus procesos de negocio. Con k2 puedes generar y ejecutar aplicaciones empresariales mediante formularios, &hellip; <a href=\"https:\/\/blogs.encamina.com\/transformacion-digital\/webinar-k2-bpm-gestion-procesos\/\">Continue reading <span class=\"meta-nav\">&rarr;<\/span><\/a><!-- AddThis Advanced Settings generic via filter on get_the_excerpt --><!-- AddThis Share Buttons generic via filter on get_the_excerpt --><\/p>\n","protected":false},"author":171,"featured_media":0,"comment_status":"open","ping_status":"open","sticky":false,"template":"","format":"standard","meta":{"footnotes":""},"categories":[2],"tags":[],"class_list":["post-483","post","type-post","status-publish","format-standard","hentry","category-casos"],"yoast_head":"<!-- This site is optimized with the Yoast SEO Premium plugin v18.2.1 (Yoast SEO v27.3) - https:\/\/yoast.com\/product\/yoast-seo-premium-wordpress\/ -->\n<title>Webinar sobre K2: BPM y gesti\u00f3n de procesos - Transformaci\u00f3n Digital<\/title>\n<meta name=\"robots\" content=\"index, follow, max-snippet:-1, max-image-preview:large, max-video-preview:-1\" \/>\n<link rel=\"canonical\" href=\"http:\/\/blogs.encamina.com\/transformacion-digital\/webinar-k2-bpm-gestion-procesos\/\" \/>\n<meta property=\"og:locale\" content=\"es_ES\" \/>\n<meta property=\"og:type\" content=\"article\" \/>\n<meta property=\"og:title\" content=\"Webinar sobre K2: BPM y gesti\u00f3n de procesos\" \/>\n<meta property=\"og:description\" content=\"En este webinar,\u00a0Carlos L\u00f3pez, Team Leader en ENCAMINA y certificado en K2 Blackpearl Core, nos explica c\u00f3mo usar K2 como BPM para ganar eficiencia\u00a0y agilidad en tus procesos de negocio. Con k2 puedes generar y ejecutar aplicaciones empresariales mediante formularios, &hellip; Continue reading &rarr;\" \/>\n<meta property=\"og:url\" content=\"http:\/\/blogs.encamina.com\/transformacion-digital\/webinar-k2-bpm-gestion-procesos\/\" \/>\n<meta property=\"og:site_name\" content=\"Transformaci\u00f3n Digital\" \/>\n<meta property=\"article:published_time\" content=\"2016-11-22T18:04:17+00:00\" \/>\n<meta property=\"article:modified_time\" content=\"2016-11-24T11:37:52+00:00\" \/>\n<meta property=\"og:image\" content=\"https:\/\/blogs.encamina.com\/transformacion-digital\/wp-content\/uploads\/sites\/18\/2016\/11\/webinar-k2.png\" \/>\n\t<meta property=\"og:image:width\" content=\"744\" \/>\n\t<meta property=\"og:image:height\" content=\"367\" \/>\n\t<meta property=\"og:image:type\" content=\"image\/png\" \/>\n<meta name=\"author\" content=\"Laura Blanch\" \/>\n<meta name=\"twitter:card\" content=\"summary_large_image\" \/>\n<meta name=\"twitter:label1\" content=\"Escrito por\" \/>\n\t<meta name=\"twitter:data1\" content=\"Laura Blanch\" \/>\n\t<meta name=\"twitter:label2\" content=\"Tiempo de lectura\" \/>\n\t<meta name=\"twitter:data2\" content=\"2 minutos\" \/>\n<script type=\"application\/ld+json\" class=\"yoast-schema-graph\">{\"@context\":\"https:\\\/\\\/schema.org\",\"@graph\":[{\"@type\":\"Article\",\"@id\":\"http:\\\/\\\/blogs.encamina.com\\\/transformacion-digital\\\/webinar-k2-bpm-gestion-procesos\\\/#article\",\"isPartOf\":{\"@id\":\"http:\\\/\\\/blogs.encamina.com\\\/transformacion-digital\\\/webinar-k2-bpm-gestion-procesos\\\/\"},\"author\":{\"name\":\"Laura Blanch\",\"@id\":\"https:\\\/\\\/blogs.encamina.com\\\/transformacion-digital\\\/#\\\/schema\\\/person\\\/49aedd5048203fe71d48ef3101fc351b\"},\"headline\":\"Webinar sobre K2: BPM y gesti\u00f3n de procesos\",\"datePublished\":\"2016-11-22T18:04:17+00:00\",\"dateModified\":\"2016-11-24T11:37:52+00:00\",\"mainEntityOfPage\":{\"@id\":\"http:\\\/\\\/blogs.encamina.com\\\/transformacion-digital\\\/webinar-k2-bpm-gestion-procesos\\\/\"},\"wordCount\":429,\"commentCount\":1,\"image\":{\"@id\":\"http:\\\/\\\/blogs.encamina.com\\\/transformacion-digital\\\/webinar-k2-bpm-gestion-procesos\\\/#primaryimage\"},\"thumbnailUrl\":\"http:\\\/\\\/blogs.encamina.com\\\/transformacion-digital\\\/wp-content\\\/uploads\\\/sites\\\/18\\\/2016\\\/11\\\/webinar-k2.png\",\"articleSection\":[\"casos\"],\"inLanguage\":\"es\",\"potentialAction\":[{\"@type\":\"CommentAction\",\"name\":\"Comment\",\"target\":[\"http:\\\/\\\/blogs.encamina.com\\\/transformacion-digital\\\/webinar-k2-bpm-gestion-procesos\\\/#respond\"]}]},{\"@type\":\"WebPage\",\"@id\":\"http:\\\/\\\/blogs.encamina.com\\\/transformacion-digital\\\/webinar-k2-bpm-gestion-procesos\\\/\",\"url\":\"http:\\\/\\\/blogs.encamina.com\\\/transformacion-digital\\\/webinar-k2-bpm-gestion-procesos\\\/\",\"name\":\"Webinar sobre K2: BPM y gesti\u00f3n de procesos - Transformaci\u00f3n Digital\",\"isPartOf\":{\"@id\":\"https:\\\/\\\/blogs.encamina.com\\\/transformacion-digital\\\/#website\"},\"primaryImageOfPage\":{\"@id\":\"http:\\\/\\\/blogs.encamina.com\\\/transformacion-digital\\\/webinar-k2-bpm-gestion-procesos\\\/#primaryimage\"},\"image\":{\"@id\":\"http:\\\/\\\/blogs.encamina.com\\\/transformacion-digital\\\/webinar-k2-bpm-gestion-procesos\\\/#primaryimage\"},\"thumbnailUrl\":\"http:\\\/\\\/blogs.encamina.com\\\/transformacion-digital\\\/wp-content\\\/uploads\\\/sites\\\/18\\\/2016\\\/11\\\/webinar-k2.png\",\"datePublished\":\"2016-11-22T18:04:17+00:00\",\"dateModified\":\"2016-11-24T11:37:52+00:00\",\"author\":{\"@id\":\"https:\\\/\\\/blogs.encamina.com\\\/transformacion-digital\\\/#\\\/schema\\\/person\\\/49aedd5048203fe71d48ef3101fc351b\"},\"breadcrumb\":{\"@id\":\"http:\\\/\\\/blogs.encamina.com\\\/transformacion-digital\\\/webinar-k2-bpm-gestion-procesos\\\/#breadcrumb\"},\"inLanguage\":\"es\",\"potentialAction\":[{\"@type\":\"ReadAction\",\"target\":[\"http:\\\/\\\/blogs.encamina.com\\\/transformacion-digital\\\/webinar-k2-bpm-gestion-procesos\\\/\"]}]},{\"@type\":\"ImageObject\",\"inLanguage\":\"es\",\"@id\":\"http:\\\/\\\/blogs.encamina.com\\\/transformacion-digital\\\/webinar-k2-bpm-gestion-procesos\\\/#primaryimage\",\"url\":\"https:\\\/\\\/blogs.encamina.com\\\/transformacion-digital\\\/wp-content\\\/uploads\\\/sites\\\/18\\\/2016\\\/11\\\/webinar-k2.png\",\"contentUrl\":\"https:\\\/\\\/blogs.encamina.com\\\/transformacion-digital\\\/wp-content\\\/uploads\\\/sites\\\/18\\\/2016\\\/11\\\/webinar-k2.png\",\"width\":744,\"height\":367},{\"@type\":\"BreadcrumbList\",\"@id\":\"http:\\\/\\\/blogs.encamina.com\\\/transformacion-digital\\\/webinar-k2-bpm-gestion-procesos\\\/#breadcrumb\",\"itemListElement\":[{\"@type\":\"ListItem\",\"position\":1,\"name\":\"Portada\",\"item\":\"https:\\\/\\\/blogs.encamina.com\\\/transformacion-digital\\\/\"},{\"@type\":\"ListItem\",\"position\":2,\"name\":\"Webinar sobre K2: BPM y gesti\u00f3n de procesos\"}]},{\"@type\":\"WebSite\",\"@id\":\"https:\\\/\\\/blogs.encamina.com\\\/transformacion-digital\\\/#website\",\"url\":\"https:\\\/\\\/blogs.encamina.com\\\/transformacion-digital\\\/\",\"name\":\"Transformaci\u00f3n Digital\",\"description\":\"M\u00e1s colaborativos, inteligentes, flexibles y veloces\",\"potentialAction\":[{\"@type\":\"SearchAction\",\"target\":{\"@type\":\"EntryPoint\",\"urlTemplate\":\"https:\\\/\\\/blogs.encamina.com\\\/transformacion-digital\\\/?s={search_term_string}\"},\"query-input\":{\"@type\":\"PropertyValueSpecification\",\"valueRequired\":true,\"valueName\":\"search_term_string\"}}],\"inLanguage\":\"es\"},{\"@type\":\"Person\",\"@id\":\"https:\\\/\\\/blogs.encamina.com\\\/transformacion-digital\\\/#\\\/schema\\\/person\\\/49aedd5048203fe71d48ef3101fc351b\",\"name\":\"Laura Blanch\",\"image\":{\"@type\":\"ImageObject\",\"inLanguage\":\"es\",\"@id\":\"https:\\\/\\\/secure.gravatar.com\\\/avatar\\\/e6a10cbfac4f98beaaade7277395365843c5c8ca6ad3668abb7321e6763eb7a0?s=96&d=mm&r=g\",\"url\":\"https:\\\/\\\/secure.gravatar.com\\\/avatar\\\/e6a10cbfac4f98beaaade7277395365843c5c8ca6ad3668abb7321e6763eb7a0?s=96&d=mm&r=g\",\"contentUrl\":\"https:\\\/\\\/secure.gravatar.com\\\/avatar\\\/e6a10cbfac4f98beaaade7277395365843c5c8ca6ad3668abb7321e6763eb7a0?s=96&d=mm&r=g\",\"caption\":\"Laura Blanch\"},\"description\":\"Formo parte del estupendo departamento de Marketing y Comunicaci\u00f3n de ENCAMINA \ud83d\ude42\",\"url\":\"https:\\\/\\\/blogs.encamina.com\\\/transformacion-digital\\\/author\\\/lblanch\\\/\"}]}<\/script>\n<!-- \/ Yoast SEO Premium plugin. -->","yoast_head_json":{"title":"Webinar sobre K2: BPM y gesti\u00f3n de procesos - Transformaci\u00f3n Digital","robots":{"index":"index","follow":"follow","max-snippet":"max-snippet:-1","max-image-preview":"max-image-preview:large","max-video-preview":"max-video-preview:-1"},"canonical":"http:\/\/blogs.encamina.com\/transformacion-digital\/webinar-k2-bpm-gestion-procesos\/","og_locale":"es_ES","og_type":"article","og_title":"Webinar sobre K2: BPM y gesti\u00f3n de procesos","og_description":"En este webinar,\u00a0Carlos L\u00f3pez, Team Leader en ENCAMINA y certificado en K2 Blackpearl Core, nos explica c\u00f3mo usar K2 como BPM para ganar eficiencia\u00a0y agilidad en tus procesos de negocio. Con k2 puedes generar y ejecutar aplicaciones empresariales mediante formularios, &hellip; Continue reading &rarr;","og_url":"http:\/\/blogs.encamina.com\/transformacion-digital\/webinar-k2-bpm-gestion-procesos\/","og_site_name":"Transformaci\u00f3n Digital","article_published_time":"2016-11-22T18:04:17+00:00","article_modified_time":"2016-11-24T11:37:52+00:00","og_image":[{"width":744,"height":367,"url":"https:\/\/blogs.encamina.com\/transformacion-digital\/wp-content\/uploads\/sites\/18\/2016\/11\/webinar-k2.png","type":"image\/png"}],"author":"Laura Blanch","twitter_card":"summary_large_image","twitter_misc":{"Escrito por":"Laura Blanch","Tiempo de lectura":"2 minutos"},"schema":{"@context":"https:\/\/schema.org","@graph":[{"@type":"Article","@id":"http:\/\/blogs.encamina.com\/transformacion-digital\/webinar-k2-bpm-gestion-procesos\/#article","isPartOf":{"@id":"http:\/\/blogs.encamina.com\/transformacion-digital\/webinar-k2-bpm-gestion-procesos\/"},"author":{"name":"Laura Blanch","@id":"https:\/\/blogs.encamina.com\/transformacion-digital\/#\/schema\/person\/49aedd5048203fe71d48ef3101fc351b"},"headline":"Webinar sobre K2: BPM y gesti\u00f3n de procesos","datePublished":"2016-11-22T18:04:17+00:00","dateModified":"2016-11-24T11:37:52+00:00","mainEntityOfPage":{"@id":"http:\/\/blogs.encamina.com\/transformacion-digital\/webinar-k2-bpm-gestion-procesos\/"},"wordCount":429,"commentCount":1,"image":{"@id":"http:\/\/blogs.encamina.com\/transformacion-digital\/webinar-k2-bpm-gestion-procesos\/#primaryimage"},"thumbnailUrl":"http:\/\/blogs.encamina.com\/transformacion-digital\/wp-content\/uploads\/sites\/18\/2016\/11\/webinar-k2.png","articleSection":["casos"],"inLanguage":"es","potentialAction":[{"@type":"CommentAction","name":"Comment","target":["http:\/\/blogs.encamina.com\/transformacion-digital\/webinar-k2-bpm-gestion-procesos\/#respond"]}]},{"@type":"WebPage","@id":"http:\/\/blogs.encamina.com\/transformacion-digital\/webinar-k2-bpm-gestion-procesos\/","url":"http:\/\/blogs.encamina.com\/transformacion-digital\/webinar-k2-bpm-gestion-procesos\/","name":"Webinar sobre K2: BPM y gesti\u00f3n de procesos - Transformaci\u00f3n Digital","isPartOf":{"@id":"https:\/\/blogs.encamina.com\/transformacion-digital\/#website"},"primaryImageOfPage":{"@id":"http:\/\/blogs.encamina.com\/transformacion-digital\/webinar-k2-bpm-gestion-procesos\/#primaryimage"},"image":{"@id":"http:\/\/blogs.encamina.com\/transformacion-digital\/webinar-k2-bpm-gestion-procesos\/#primaryimage"},"thumbnailUrl":"http:\/\/blogs.encamina.com\/transformacion-digital\/wp-content\/uploads\/sites\/18\/2016\/11\/webinar-k2.png","datePublished":"2016-11-22T18:04:17+00:00","dateModified":"2016-11-24T11:37:52+00:00","author":{"@id":"https:\/\/blogs.encamina.com\/transformacion-digital\/#\/schema\/person\/49aedd5048203fe71d48ef3101fc351b"},"breadcrumb":{"@id":"http:\/\/blogs.encamina.com\/transformacion-digital\/webinar-k2-bpm-gestion-procesos\/#breadcrumb"},"inLanguage":"es","potentialAction":[{"@type":"ReadAction","target":["http:\/\/blogs.encamina.com\/transformacion-digital\/webinar-k2-bpm-gestion-procesos\/"]}]},{"@type":"ImageObject","inLanguage":"es","@id":"http:\/\/blogs.encamina.com\/transformacion-digital\/webinar-k2-bpm-gestion-procesos\/#primaryimage","url":"https:\/\/blogs.encamina.com\/transformacion-digital\/wp-content\/uploads\/sites\/18\/2016\/11\/webinar-k2.png","contentUrl":"https:\/\/blogs.encamina.com\/transformacion-digital\/wp-content\/uploads\/sites\/18\/2016\/11\/webinar-k2.png","width":744,"height":367},{"@type":"BreadcrumbList","@id":"http:\/\/blogs.encamina.com\/transformacion-digital\/webinar-k2-bpm-gestion-procesos\/#breadcrumb","itemListElement":[{"@type":"ListItem","position":1,"name":"Portada","item":"https:\/\/blogs.encamina.com\/transformacion-digital\/"},{"@type":"ListItem","position":2,"name":"Webinar sobre K2: BPM y gesti\u00f3n de procesos"}]},{"@type":"WebSite","@id":"https:\/\/blogs.encamina.com\/transformacion-digital\/#website","url":"https:\/\/blogs.encamina.com\/transformacion-digital\/","name":"Transformaci\u00f3n Digital","description":"M\u00e1s colaborativos, inteligentes, flexibles y veloces","potentialAction":[{"@type":"SearchAction","target":{"@type":"EntryPoint","urlTemplate":"https:\/\/blogs.encamina.com\/transformacion-digital\/?s={search_term_string}"},"query-input":{"@type":"PropertyValueSpecification","valueRequired":true,"valueName":"search_term_string"}}],"inLanguage":"es"},{"@type":"Person","@id":"https:\/\/blogs.encamina.com\/transformacion-digital\/#\/schema\/person\/49aedd5048203fe71d48ef3101fc351b","name":"Laura Blanch","image":{"@type":"ImageObject","inLanguage":"es","@id":"https:\/\/secure.gravatar.com\/avatar\/e6a10cbfac4f98beaaade7277395365843c5c8ca6ad3668abb7321e6763eb7a0?s=96&d=mm&r=g","url":"https:\/\/secure.gravatar.com\/avatar\/e6a10cbfac4f98beaaade7277395365843c5c8ca6ad3668abb7321e6763eb7a0?s=96&d=mm&r=g","contentUrl":"https:\/\/secure.gravatar.com\/avatar\/e6a10cbfac4f98beaaade7277395365843c5c8ca6ad3668abb7321e6763eb7a0?s=96&d=mm&r=g","caption":"Laura Blanch"},"description":"Formo parte del estupendo departamento de Marketing y Comunicaci\u00f3n de ENCAMINA \ud83d\ude42","url":"https:\/\/blogs.encamina.com\/transformacion-digital\/author\/lblanch\/"}]}},"_links":{"self":[{"href":"https:\/\/blogs.encamina.com\/transformacion-digital\/wp-json\/wp\/v2\/posts\/483","targetHints":{"allow":["GET"]}}],"collection":[{"href":"https:\/\/blogs.encamina.com\/transformacion-digital\/wp-json\/wp\/v2\/posts"}],"about":[{"href":"https:\/\/blogs.encamina.com\/transformacion-digital\/wp-json\/wp\/v2\/types\/post"}],"author":[{"embeddable":true,"href":"https:\/\/blogs.encamina.com\/transformacion-digital\/wp-json\/wp\/v2\/users\/171"}],"replies":[{"embeddable":true,"href":"https:\/\/blogs.encamina.com\/transformacion-digital\/wp-json\/wp\/v2\/comments?post=483"}],"version-history":[{"count":0,"href":"https:\/\/blogs.encamina.com\/transformacion-digital\/wp-json\/wp\/v2\/posts\/483\/revisions"}],"wp:attachment":[{"href":"https:\/\/blogs.encamina.com\/transformacion-digital\/wp-json\/wp\/v2\/media?parent=483"}],"wp:term":[{"taxonomy":"category","embeddable":true,"href":"https:\/\/blogs.encamina.com\/transformacion-digital\/wp-json\/wp\/v2\/categories?post=483"},{"taxonomy":"post_tag","embeddable":true,"href":"https:\/\/blogs.encamina.com\/transformacion-digital\/wp-json\/wp\/v2\/tags?post=483"}],"curies":[{"name":"wp","href":"https:\/\/api.w.org\/{rel}","templated":true}]}}