{"id":18,"date":"2015-10-02T08:47:50","date_gmt":"2015-10-02T08:47:50","guid":{"rendered":"http:\/\/blogs.encamina.com\/transformacion-digital\/?p=18"},"modified":"2015-10-02T08:47:50","modified_gmt":"2015-10-02T08:47:50","slug":"transformacion-digital-en-nuestras-propias-carnes","status":"publish","type":"post","link":"https:\/\/blogs.encamina.com\/transformacion-digital\/transformacion-digital-en-nuestras-propias-carnes\/","title":{"rendered":"Transformaci\u00f3n Digital en nuestras propias carnes"},"content":{"rendered":"<p>Quer\u00edamos dar como ejemplo\u00a0 de <a href=\"http:\/\/www.encamina.com\/transformacion-digital\/\" target=\"_blank\">Transformaci\u00f3n Digital <\/a>el propio proyecto que acometimos internamente en <a href=\"http:\/\/www.encamina.com\" target=\"_blank\"><strong><span style=\"color: #0066cc\">ENCAMINA <\/span><\/strong><\/a>(*). Ojal\u00e1 te sirva de ejemplo concreto de logros y avances REALES, dentro de una empresa\u00a0que quiere mejorar en el <strong>acceso a la informaci\u00f3n y el conocimiento<\/strong>, que quiere trabajar de forma m\u00e1s <strong>social<\/strong>, <strong>colaborativa<\/strong> y <strong>productiva<\/strong>, que disfruta haciendo <strong>comunidad<\/strong> y\u00a0que necesita herramientas para <strong>innovar<\/strong> y avanzar todo lo <strong>deprisa<\/strong> que sea \u00f3ptimo.<\/p>\n<p><a href=\"http:\/\/blogs.encamina.com\/transformacion-digital\/wp-content\/uploads\/sites\/18\/2015\/10\/office365_autoservicio_del_empleado_encamina.jpg\"><img loading=\"lazy\" decoding=\"async\" class=\"aligncenter wp-image-36 size-medium\" src=\"http:\/\/blogs.encamina.com\/transformacion-digital\/wp-content\/uploads\/sites\/18\/2015\/10\/office365_autoservicio_del_empleado_encamina-143x300.jpg\" alt=\"office365_autoservicio_del_empleado_encamina\" width=\"143\" height=\"300\" srcset=\"https:\/\/encaminablogs.wpenginepowered.com\/transformacion-digital\/wp-content\/uploads\/sites\/18\/2015\/10\/office365_autoservicio_del_empleado_encamina-143x300.jpg 143w, https:\/\/encaminablogs.wpenginepowered.com\/transformacion-digital\/wp-content\/uploads\/sites\/18\/2015\/10\/office365_autoservicio_del_empleado_encamina.jpg 270w\" sizes=\"auto, (max-width: 143px) 100vw, 143px\" \/><\/a><\/p>\n<p><!--more--><\/p>\n<h2>\u00bfD\u00f3nde estamos\u00a0tras nuestro proyecto de <a href=\"http:\/\/www.encamina.com\/transformacion-digital\/\" target=\"_blank\">Transformaci\u00f3n Digital <\/a>dentro de ENCAMINA?<\/h2>\n<p><em>(los pantallazos son capturas de mi m\u00f3vil \ud83d\ude42 )<\/em><\/p>\n<ul>\n<li>Hoy todos\u00a0los empleados\u00a0accedemos a los servicios de <strong><a href=\"http:\/\/www.encamina.com\/productividad-en-office-365\/\" target=\"_blank\">Office 365<\/a><\/strong> a trav\u00e9s de nuestros dispositivos m\u00f3viles y de nuestros ordenadores o tablets.<\/li>\n<\/ul>\n<p><a href=\"http:\/\/blogs.encamina.com\/en-las-nubes\/wp-content\/uploads\/sites\/9\/2015\/08\/office365_exchange_mobile_encamina.jpg\"><img loading=\"lazy\" decoding=\"async\" class=\"aligncenter size-full wp-image-1240\" src=\"http:\/\/blogs.encamina.com\/en-las-nubes\/wp-content\/uploads\/sites\/9\/2015\/08\/office365_exchange_mobile_encamina.jpg\" alt=\"office365_exchange_mobile_encamina\" width=\"289\" height=\"584\" \/><\/a><\/p>\n<ul>\n<li>Toda la empresa utiliza los servicios de <strong>Exchange<\/strong> Online: (Correo, Personas, Tareas, Calendario).\n<ul>\n<li>Utilizamos <strong>Outlook<\/strong> desde todos nuestros dispositivos.<\/li>\n<li>Estamos conectados a redes sociales desde nuestro Outlook.<\/li>\n<li>Programamos nuestras reuniones en las <strong>salas compartidas.<\/strong><\/li>\n<li>Tenemos nuestros <strong>calendarios compartidos<\/strong> con nuestros compa\u00f1eros.<\/li>\n<li>Tenemos nuestros <strong>contactos<\/strong> en Office 365, sincronizados con todos nuestros dispositivos.<\/li>\n<\/ul>\n<\/li>\n<li>Pertenecemos a diferentes <strong>grupos de Office 365<\/strong> y los utilizamos para conversar con sus miembros, para compartir archivos y calendario.<\/li>\n<li>Los ficheros internos sobre los que colaborar se env\u00edan como link a Office365, preferiblemente a como anexo.<\/li>\n<li>Toda la empresa utiliza los servicios de <strong>Office Online<\/strong>: (Word, Excel, PowerPoint, <strong>OneNote<\/strong>).<\/li>\n<li>Toda la empresa utiliza <a href=\"http:\/\/www.encamina.com\/aprovecha_yammer\/\" target=\"_blank\"><strong><span style=\"color: #0066cc\">Yammer<\/span><\/strong> <\/a>como red de comunicaci\u00f3n social interna.<\/li>\n<\/ul>\n<p><a href=\"http:\/\/blogs.encamina.com\/en-las-nubes\/wp-content\/uploads\/sites\/9\/2015\/08\/office365_yammer_mobile_encamina.jpg\"><img loading=\"lazy\" decoding=\"async\" class=\"aligncenter size-full wp-image-1243\" src=\"http:\/\/blogs.encamina.com\/en-las-nubes\/wp-content\/uploads\/sites\/9\/2015\/08\/office365_yammer_mobile_encamina.jpg\" alt=\"office365_yammer_mobile_encamina\" width=\"279\" height=\"585\" \/><\/a><\/p>\n<ul>\n<li>Toda la empresa sabe c\u00f3mo convocar, realizar y grabar reuniones virtuales con <strong>Skype for Business.<\/strong><\/li>\n<\/ul>\n<p><a href=\"http:\/\/blogs.encamina.com\/en-las-nubes\/wp-content\/uploads\/sites\/9\/2015\/08\/office365_skype_mobile_encamina.jpg\"><img loading=\"lazy\" decoding=\"async\" class=\"aligncenter size-full wp-image-1242\" src=\"http:\/\/blogs.encamina.com\/en-las-nubes\/wp-content\/uploads\/sites\/9\/2015\/08\/office365_skype_mobile_encamina.jpg\" alt=\"office365_skype_mobile_encamina\" width=\"275\" height=\"571\" \/><\/a><\/p>\n<ul>\n<li>Toda la empresa utiliza <strong>OneDrive<\/strong> para compartir archivos.\n<ul>\n<li>Tenemos sincronizadas carpetas compartidas en nuestros discos duros. Utilizamos <strong>OneDrive<\/strong> para tener en la nube archivos privados a los que deseamos acceder desde cualquiera de nuestros dispositivos.<\/li>\n<\/ul>\n<\/li>\n<li>Todos los que se relacionan con desarrollo de negocio utilizan <strong><a href=\"http:\/\/www.encamina.com\/microsoft-dynamics-crm\/\" target=\"_blank\">Microsoft Dynamics CRM online<\/a><\/strong> como sistema para la gesti\u00f3n de su actividad comercial.<\/li>\n<\/ul>\n<p><a href=\"http:\/\/www.encamina.com\/microsoft-dynamics-crm\/\"><img loading=\"lazy\" decoding=\"async\" class=\"aligncenter size-full wp-image-1238\" src=\"http:\/\/blogs.encamina.com\/en-las-nubes\/wp-content\/uploads\/sites\/9\/2015\/08\/dynamics_crm_mobile_encamina.jpg\" alt=\"dynamics_crm_mobile_encamina\" width=\"290\" height=\"571\" \/><\/a><\/p>\n<ul>\n<li>Conocen las herramientas del ecosistema de Microsoft Dynamics: <strong><a href=\"http:\/\/www.encamina.com\/microsoft-dynamics-crm\/\">Microsoft Social Engagement<\/a><\/strong> y <strong><a href=\"http:\/\/www.encamina.com\/microsoft-dynamics-crm\/\">Dynamics Marketing<\/a><\/strong>.<\/li>\n<li>Saben c\u00f3mo solicitar la creaci\u00f3n de pedidos en nuestro Navision.<\/li>\n<li>Toda la empresa utiliza <strong>Delve<\/strong> para ver lo que est\u00e1 ocurriendo a nivel de documentaci\u00f3n compartida.<\/li>\n<\/ul>\n<p><a href=\"http:\/\/blogs.encamina.com\/en-las-nubes\/wp-content\/uploads\/sites\/9\/2015\/08\/office365_delve_mobile_encamina.jpg\"><img loading=\"lazy\" decoding=\"async\" class=\"aligncenter size-full wp-image-1239\" src=\"http:\/\/blogs.encamina.com\/en-las-nubes\/wp-content\/uploads\/sites\/9\/2015\/08\/office365_delve_mobile_encamina.jpg\" alt=\"office365_delve_mobile_encamina\" width=\"275\" height=\"565\" \/><\/a><\/p>\n<ul>\n<li>En nuestros m\u00f3viles tenemos <a href=\"http:\/\/www.encamina.com\/business-intelligence\/\" target=\"_blank\"><strong><span style=\"color: #0066cc\">PowerBI<\/span><\/strong> <\/a>con los indicadores y cuadros de mando corporativos a los que cada empleado tiene acceso, del \u00e1rea de operaciones, desarrollo de negocio y administraci\u00f3n, que les permita alinearse mejor con los resultados esperados de la empresa.<\/li>\n<\/ul>\n<p><a href=\"http:\/\/www.encamina.com\/business-intelligence\/\" target=\"_blank\"><img loading=\"lazy\" decoding=\"async\" class=\"aligncenter size-full wp-image-1241\" src=\"http:\/\/blogs.encamina.com\/en-las-nubes\/wp-content\/uploads\/sites\/9\/2015\/08\/office365_power_bi_mobile_encamina.jpg\" alt=\"office365_power_bi_mobile_encamina\" width=\"266\" height=\"562\" \/><\/a><\/p>\n<ul>\n<li>Los sitios de <strong><a href=\"http:\/\/www.soluciones-sharepoint.com\/\" target=\"_blank\">SharePoint on-line<\/a><\/strong> est\u00e1n bajo control, son los correctos y es f\u00e1cil usarlos por quienes deben consumirlos y aprovecharlos para coedici\u00f3n, centralizaci\u00f3n de documentos, b\u00fasquedas,\u2026<\/li>\n<\/ul>\n<p><a href=\"http:\/\/blogs.encamina.com\/en-las-nubes\/wp-content\/uploads\/sites\/9\/2015\/08\/office365_autoservicio_del_empleado_encamina.jpg\"><img loading=\"lazy\" decoding=\"async\" class=\"aligncenter size-full wp-image-1251\" src=\"http:\/\/blogs.encamina.com\/en-las-nubes\/wp-content\/uploads\/sites\/9\/2015\/08\/office365_autoservicio_del_empleado_encamina.jpg\" alt=\"office365_autoservicio_del_empleado_encamina\" width=\"270\" height=\"567\" \/><\/a><\/p>\n<ul>\n<li>Todas las herramientas y procesos est\u00e1n integrados entre ellas para optimizar la operativa diaria dentro del concepto general de <a href=\"http:\/\/www.encamina.com\/transformacion-digital\/\" target=\"_blank\">Transformaci\u00f3n Digital <\/a>.<\/li>\n<li>Disponemos de un conjunto creciente\u00a0de <strong>soluciones mobile, basadas en Azure<\/strong>, sobre la propia infraestructura y auntenticaci\u00f3n de <a href=\"http:\/\/www.encamina.com\/productividad-en-office-365\/\" target=\"_blank\">Office365 <\/a>que nos dan flexibilidad para operar ubicuamente, abriendo y gestionando incidencias y peticiones, vacaciones, permisos y otras necesidades desde la perspectiva de empleado de ENCAMINA, por ejemplo&#8230;<\/li>\n<\/ul>\n<h3>\u00a0<a href=\"http:\/\/blogs.encamina.com\/en-las-nubes\/wp-content\/uploads\/sites\/9\/2015\/08\/office365_autoservicio_del_empleado_vacaciones_encamina.jpg\"><img loading=\"lazy\" decoding=\"async\" class=\"aligncenter size-full wp-image-1252\" src=\"http:\/\/blogs.encamina.com\/en-las-nubes\/wp-content\/uploads\/sites\/9\/2015\/08\/office365_autoservicio_del_empleado_vacaciones_encamina.jpg\" alt=\"office365_autoservicio_del_empleado_vacaciones_encamina\" width=\"552\" height=\"581\" \/><\/a><\/h3>\n<h2>\u00a0Agilidad y productividad en estado puro, a mayor velocidad<\/h2>\n<p>Por muy habituado que yo estaba a utilizar las herramientas de ofim\u00e1tica y de gesti\u00f3n empresarial para optimizar mi productividad en el desempe\u00f1o de mis tareas cotidianas, lo cierto es que tras este proyecto de <a href=\"http:\/\/www.encamina.com\/transformacion-digital\/\" target=\"_blank\">Transformaci\u00f3n Digital <\/a>(*) mi experiencia fue sobresaliente: <strong>cambios hacia h\u00e1bitos m\u00e1s colaborativos, descubr\u00ed un nivel mayor de conexi\u00f3n con la realidad de mi empresa y mis compa\u00f1eros en tiempo real, la seguridad y versatilidad de la mayor disponibilidad en cualquier lugar\/dispositivo\/momento de mis herramientas, documentos\u00a0e informaci\u00f3n, m\u00e1s agilidad en tareas de b\u00fasqueda, reporting o an\u00e1lisis.<\/strong><\/p>\n<p><strong>M\u00e1s ubicuidad, empowerment, conexi\u00f3n social, productividad,&#8230;<\/strong><\/p>\n<p>M\u00e1s FELICIDAD operando\u00a0en mi d\u00eda a d\u00eda&#8230;<\/p>\n<p><a href=\"http:\/\/blogs.encamina.com\/en-las-nubes\/wp-content\/uploads\/sites\/9\/2015\/06\/sonrrisa.jpg\"><img loading=\"lazy\" decoding=\"async\" class=\"aligncenter size-full wp-image-1195\" src=\"http:\/\/blogs.encamina.com\/en-las-nubes\/wp-content\/uploads\/sites\/9\/2015\/06\/sonrrisa.jpg\" alt=\"sonrrisa\" width=\"300\" height=\"168\" \/><\/a><\/p>\n<p><em>\u00a0(*) Si quieres saber m\u00e1s sobre este proyecto de <a href=\"http:\/\/www.encamina.com\/transformacion-digital\/\" target=\"_blank\">Transformaci\u00f3n Digital <\/a>(duraci\u00f3n, esfuerzos, recursos, fases, coste, problemas, ROI, etc.) puedes ponerte en contacto a trav\u00e9s de Info @ encamina.com y tu consulta ya me llegar\u00e1 personalmente (y me gustar\u00e1 poder responderte).<\/em><\/p>\n<!-- AddThis Advanced Settings generic via filter on the_content --><!-- AddThis Share Buttons generic via filter on the_content --><span class=\"et_bloom_bottom_trigger\"><\/span>","protected":false},"excerpt":{"rendered":"<p>ENCAMINA ofrece Transformaci\u00f3n Digital en forma de agilidad, versatilidad, ubicuidad y productividad, mediante la tecnolog\u00eda Microsoft y soluciones frescas y este post habla de su propia metamorfosis <a href=\"https:\/\/blogs.encamina.com\/transformacion-digital\/transformacion-digital-en-nuestras-propias-carnes\/\">Continue reading <span class=\"meta-nav\">&rarr;<\/span><\/a><!-- AddThis Advanced Settings generic via filter on get_the_excerpt --><!-- AddThis Share Buttons generic via filter on get_the_excerpt --><\/p>\n","protected":false},"author":9,"featured_media":0,"comment_status":"open","ping_status":"open","sticky":false,"template":"","format":"standard","meta":{"footnotes":""},"categories":[2],"tags":[8,4,3],"class_list":["post-18","post","type-post","status-publish","format-standard","hentry","category-casos","tag-caso-de-exito","tag-tecnologia","tag-transformacion-digital"],"yoast_head":"<!-- This site is optimized with the Yoast SEO Premium plugin v18.2.1 (Yoast SEO v27.3) - https:\/\/yoast.com\/product\/yoast-seo-premium-wordpress\/ -->\n<title>Transformaci\u00f3n Digital (un ejemplo real)<\/title>\n<meta name=\"description\" content=\"ENCAMINA ofrece Transformaci\u00f3n Digital en forma de agilidad, versatilidad, ubicuidad y productividad, mediante la tecnolog\u00eda Microsoft y soluciones frescas\" \/>\n<meta name=\"robots\" content=\"index, follow, max-snippet:-1, max-image-preview:large, max-video-preview:-1\" \/>\n<link rel=\"canonical\" href=\"http:\/\/blogs.encamina.com\/transformacion-digital\/transformacion-digital-en-nuestras-propias-carnes\/\" \/>\n<meta property=\"og:locale\" content=\"es_ES\" \/>\n<meta property=\"og:type\" content=\"article\" \/>\n<meta property=\"og:title\" content=\"Transformaci\u00f3n Digital en nuestras propias carnes\" \/>\n<meta property=\"og:description\" content=\"ENCAMINA ofrece Transformaci\u00f3n Digital en forma de agilidad, versatilidad, ubicuidad y productividad, mediante la tecnolog\u00eda Microsoft y soluciones frescas\" \/>\n<meta property=\"og:url\" content=\"http:\/\/blogs.encamina.com\/transformacion-digital\/transformacion-digital-en-nuestras-propias-carnes\/\" \/>\n<meta property=\"og:site_name\" content=\"Transformaci\u00f3n Digital\" \/>\n<meta property=\"article:author\" content=\"http:\/\/www.facebook.com\/pages\/encamina\/84575716581\" \/>\n<meta property=\"article:published_time\" content=\"2015-10-02T08:47:50+00:00\" \/>\n<meta property=\"og:image\" content=\"https:\/\/blogs.encamina.com\/transformacion-digital\/wp-content\/uploads\/sites\/18\/2015\/10\/office365_autoservicio_del_empleado_encamina.jpg\" \/>\n\t<meta property=\"og:image:width\" content=\"270\" \/>\n\t<meta property=\"og:image:height\" content=\"567\" \/>\n\t<meta property=\"og:image:type\" content=\"image\/jpeg\" \/>\n<meta name=\"author\" content=\"Hugo de Juan\" \/>\n<meta name=\"twitter:card\" content=\"summary_large_image\" \/>\n<meta name=\"twitter:creator\" content=\"@hdejuan\" \/>\n<meta name=\"twitter:label1\" content=\"Escrito por\" \/>\n\t<meta name=\"twitter:data1\" content=\"Hugo de Juan\" \/>\n\t<meta name=\"twitter:label2\" content=\"Tiempo de lectura\" \/>\n\t<meta name=\"twitter:data2\" content=\"3 minutos\" \/>\n<script type=\"application\/ld+json\" class=\"yoast-schema-graph\">{\"@context\":\"https:\\\/\\\/schema.org\",\"@graph\":[{\"@type\":\"Article\",\"@id\":\"http:\\\/\\\/blogs.encamina.com\\\/transformacion-digital\\\/transformacion-digital-en-nuestras-propias-carnes\\\/#article\",\"isPartOf\":{\"@id\":\"http:\\\/\\\/blogs.encamina.com\\\/transformacion-digital\\\/transformacion-digital-en-nuestras-propias-carnes\\\/\"},\"author\":{\"name\":\"Hugo de Juan\",\"@id\":\"https:\\\/\\\/blogs.encamina.com\\\/transformacion-digital\\\/#\\\/schema\\\/person\\\/486ee12091b3f96d238191159f897342\"},\"headline\":\"Transformaci\u00f3n Digital en nuestras propias carnes\",\"datePublished\":\"2015-10-02T08:47:50+00:00\",\"mainEntityOfPage\":{\"@id\":\"http:\\\/\\\/blogs.encamina.com\\\/transformacion-digital\\\/transformacion-digital-en-nuestras-propias-carnes\\\/\"},\"wordCount\":680,\"commentCount\":1,\"image\":{\"@id\":\"http:\\\/\\\/blogs.encamina.com\\\/transformacion-digital\\\/transformacion-digital-en-nuestras-propias-carnes\\\/#primaryimage\"},\"thumbnailUrl\":\"http:\\\/\\\/blogs.encamina.com\\\/transformacion-digital\\\/wp-content\\\/uploads\\\/sites\\\/18\\\/2015\\\/10\\\/office365_autoservicio_del_empleado_encamina-143x300.jpg\",\"keywords\":[\"Caso de \u00e9xito\",\"Tecnolog\u00eda\",\"Transformaci\u00f3n Digital\"],\"articleSection\":[\"casos\"],\"inLanguage\":\"es\",\"potentialAction\":[{\"@type\":\"CommentAction\",\"name\":\"Comment\",\"target\":[\"http:\\\/\\\/blogs.encamina.com\\\/transformacion-digital\\\/transformacion-digital-en-nuestras-propias-carnes\\\/#respond\"]}]},{\"@type\":\"WebPage\",\"@id\":\"http:\\\/\\\/blogs.encamina.com\\\/transformacion-digital\\\/transformacion-digital-en-nuestras-propias-carnes\\\/\",\"url\":\"http:\\\/\\\/blogs.encamina.com\\\/transformacion-digital\\\/transformacion-digital-en-nuestras-propias-carnes\\\/\",\"name\":\"Transformaci\u00f3n Digital (un ejemplo real)\",\"isPartOf\":{\"@id\":\"https:\\\/\\\/blogs.encamina.com\\\/transformacion-digital\\\/#website\"},\"primaryImageOfPage\":{\"@id\":\"http:\\\/\\\/blogs.encamina.com\\\/transformacion-digital\\\/transformacion-digital-en-nuestras-propias-carnes\\\/#primaryimage\"},\"image\":{\"@id\":\"http:\\\/\\\/blogs.encamina.com\\\/transformacion-digital\\\/transformacion-digital-en-nuestras-propias-carnes\\\/#primaryimage\"},\"thumbnailUrl\":\"http:\\\/\\\/blogs.encamina.com\\\/transformacion-digital\\\/wp-content\\\/uploads\\\/sites\\\/18\\\/2015\\\/10\\\/office365_autoservicio_del_empleado_encamina-143x300.jpg\",\"datePublished\":\"2015-10-02T08:47:50+00:00\",\"author\":{\"@id\":\"https:\\\/\\\/blogs.encamina.com\\\/transformacion-digital\\\/#\\\/schema\\\/person\\\/486ee12091b3f96d238191159f897342\"},\"description\":\"ENCAMINA ofrece Transformaci\u00f3n Digital en forma de agilidad, versatilidad, ubicuidad y productividad, mediante la tecnolog\u00eda Microsoft y soluciones frescas\",\"breadcrumb\":{\"@id\":\"http:\\\/\\\/blogs.encamina.com\\\/transformacion-digital\\\/transformacion-digital-en-nuestras-propias-carnes\\\/#breadcrumb\"},\"inLanguage\":\"es\",\"potentialAction\":[{\"@type\":\"ReadAction\",\"target\":[\"http:\\\/\\\/blogs.encamina.com\\\/transformacion-digital\\\/transformacion-digital-en-nuestras-propias-carnes\\\/\"]}]},{\"@type\":\"ImageObject\",\"inLanguage\":\"es\",\"@id\":\"http:\\\/\\\/blogs.encamina.com\\\/transformacion-digital\\\/transformacion-digital-en-nuestras-propias-carnes\\\/#primaryimage\",\"url\":\"https:\\\/\\\/blogs.encamina.com\\\/transformacion-digital\\\/wp-content\\\/uploads\\\/sites\\\/18\\\/2015\\\/10\\\/office365_autoservicio_del_empleado_encamina.jpg\",\"contentUrl\":\"https:\\\/\\\/blogs.encamina.com\\\/transformacion-digital\\\/wp-content\\\/uploads\\\/sites\\\/18\\\/2015\\\/10\\\/office365_autoservicio_del_empleado_encamina.jpg\",\"width\":270,\"height\":567},{\"@type\":\"BreadcrumbList\",\"@id\":\"http:\\\/\\\/blogs.encamina.com\\\/transformacion-digital\\\/transformacion-digital-en-nuestras-propias-carnes\\\/#breadcrumb\",\"itemListElement\":[{\"@type\":\"ListItem\",\"position\":1,\"name\":\"Portada\",\"item\":\"https:\\\/\\\/blogs.encamina.com\\\/transformacion-digital\\\/\"},{\"@type\":\"ListItem\",\"position\":2,\"name\":\"Transformaci\u00f3n Digital en nuestras propias carnes\"}]},{\"@type\":\"WebSite\",\"@id\":\"https:\\\/\\\/blogs.encamina.com\\\/transformacion-digital\\\/#website\",\"url\":\"https:\\\/\\\/blogs.encamina.com\\\/transformacion-digital\\\/\",\"name\":\"Transformaci\u00f3n Digital\",\"description\":\"M\u00e1s colaborativos, inteligentes, flexibles y veloces\",\"potentialAction\":[{\"@type\":\"SearchAction\",\"target\":{\"@type\":\"EntryPoint\",\"urlTemplate\":\"https:\\\/\\\/blogs.encamina.com\\\/transformacion-digital\\\/?s={search_term_string}\"},\"query-input\":{\"@type\":\"PropertyValueSpecification\",\"valueRequired\":true,\"valueName\":\"search_term_string\"}}],\"inLanguage\":\"es\"},{\"@type\":\"Person\",\"@id\":\"https:\\\/\\\/blogs.encamina.com\\\/transformacion-digital\\\/#\\\/schema\\\/person\\\/486ee12091b3f96d238191159f897342\",\"name\":\"Hugo de Juan\",\"image\":{\"@type\":\"ImageObject\",\"inLanguage\":\"es\",\"@id\":\"https:\\\/\\\/secure.gravatar.com\\\/avatar\\\/da3366cf2fa4f0204b16b93ed8302a0c44452d571f45c1c3b63b3200ca8bd12f?s=96&d=mm&r=g\",\"url\":\"https:\\\/\\\/secure.gravatar.com\\\/avatar\\\/da3366cf2fa4f0204b16b93ed8302a0c44452d571f45c1c3b63b3200ca8bd12f?s=96&d=mm&r=g\",\"contentUrl\":\"https:\\\/\\\/secure.gravatar.com\\\/avatar\\\/da3366cf2fa4f0204b16b93ed8302a0c44452d571f45c1c3b63b3200ca8bd12f?s=96&d=mm&r=g\",\"caption\":\"Hugo de Juan\"},\"description\":\"Ingeniero de Telecomunicaci\u00f3n en mis bases pas\u00e9 al lado oscuro con un master en Marketing y posteriormente con un executive MBA. Hoy CEO en ENCAMINA, socio director en ENTRESISTEMAS, profesor postgrado en ESIC Marketing &amp; Business School, estudiante y Doctor Ingeniero en econom\u00eda digital y sobre todo currante en muchas cosas. Me va el marketing, la tecnolog\u00eda, mi familia, los amigos y la vida buena, incluso m\u00e1s que la buena vida.\",\"sameAs\":[\"http:\\\/\\\/www.facebook.com\\\/pages\\\/encamina\\\/84575716581\",\"http:\\\/\\\/es.linkedin.com\\\/in\\\/hugodejuan\\\/\",\"https:\\\/\\\/x.com\\\/hdejuan\",\"http:\\\/\\\/www.slideshare.net\\\/encamina\"],\"url\":\"https:\\\/\\\/blogs.encamina.com\\\/transformacion-digital\\\/author\\\/hdejuan\\\/\"}]}<\/script>\n<!-- \/ Yoast SEO Premium plugin. -->","yoast_head_json":{"title":"Transformaci\u00f3n Digital (un ejemplo real)","description":"ENCAMINA ofrece Transformaci\u00f3n Digital en forma de agilidad, versatilidad, ubicuidad y productividad, mediante la tecnolog\u00eda Microsoft y soluciones frescas","robots":{"index":"index","follow":"follow","max-snippet":"max-snippet:-1","max-image-preview":"max-image-preview:large","max-video-preview":"max-video-preview:-1"},"canonical":"http:\/\/blogs.encamina.com\/transformacion-digital\/transformacion-digital-en-nuestras-propias-carnes\/","og_locale":"es_ES","og_type":"article","og_title":"Transformaci\u00f3n Digital en nuestras propias carnes","og_description":"ENCAMINA ofrece Transformaci\u00f3n Digital en forma de agilidad, versatilidad, ubicuidad y productividad, mediante la tecnolog\u00eda Microsoft y soluciones frescas","og_url":"http:\/\/blogs.encamina.com\/transformacion-digital\/transformacion-digital-en-nuestras-propias-carnes\/","og_site_name":"Transformaci\u00f3n Digital","article_author":"http:\/\/www.facebook.com\/pages\/encamina\/84575716581","article_published_time":"2015-10-02T08:47:50+00:00","og_image":[{"width":270,"height":567,"url":"https:\/\/blogs.encamina.com\/transformacion-digital\/wp-content\/uploads\/sites\/18\/2015\/10\/office365_autoservicio_del_empleado_encamina.jpg","type":"image\/jpeg"}],"author":"Hugo de Juan","twitter_card":"summary_large_image","twitter_creator":"@hdejuan","twitter_misc":{"Escrito por":"Hugo de Juan","Tiempo de lectura":"3 minutos"},"schema":{"@context":"https:\/\/schema.org","@graph":[{"@type":"Article","@id":"http:\/\/blogs.encamina.com\/transformacion-digital\/transformacion-digital-en-nuestras-propias-carnes\/#article","isPartOf":{"@id":"http:\/\/blogs.encamina.com\/transformacion-digital\/transformacion-digital-en-nuestras-propias-carnes\/"},"author":{"name":"Hugo de Juan","@id":"https:\/\/blogs.encamina.com\/transformacion-digital\/#\/schema\/person\/486ee12091b3f96d238191159f897342"},"headline":"Transformaci\u00f3n Digital en nuestras propias carnes","datePublished":"2015-10-02T08:47:50+00:00","mainEntityOfPage":{"@id":"http:\/\/blogs.encamina.com\/transformacion-digital\/transformacion-digital-en-nuestras-propias-carnes\/"},"wordCount":680,"commentCount":1,"image":{"@id":"http:\/\/blogs.encamina.com\/transformacion-digital\/transformacion-digital-en-nuestras-propias-carnes\/#primaryimage"},"thumbnailUrl":"http:\/\/blogs.encamina.com\/transformacion-digital\/wp-content\/uploads\/sites\/18\/2015\/10\/office365_autoservicio_del_empleado_encamina-143x300.jpg","keywords":["Caso de \u00e9xito","Tecnolog\u00eda","Transformaci\u00f3n Digital"],"articleSection":["casos"],"inLanguage":"es","potentialAction":[{"@type":"CommentAction","name":"Comment","target":["http:\/\/blogs.encamina.com\/transformacion-digital\/transformacion-digital-en-nuestras-propias-carnes\/#respond"]}]},{"@type":"WebPage","@id":"http:\/\/blogs.encamina.com\/transformacion-digital\/transformacion-digital-en-nuestras-propias-carnes\/","url":"http:\/\/blogs.encamina.com\/transformacion-digital\/transformacion-digital-en-nuestras-propias-carnes\/","name":"Transformaci\u00f3n Digital (un ejemplo real)","isPartOf":{"@id":"https:\/\/blogs.encamina.com\/transformacion-digital\/#website"},"primaryImageOfPage":{"@id":"http:\/\/blogs.encamina.com\/transformacion-digital\/transformacion-digital-en-nuestras-propias-carnes\/#primaryimage"},"image":{"@id":"http:\/\/blogs.encamina.com\/transformacion-digital\/transformacion-digital-en-nuestras-propias-carnes\/#primaryimage"},"thumbnailUrl":"http:\/\/blogs.encamina.com\/transformacion-digital\/wp-content\/uploads\/sites\/18\/2015\/10\/office365_autoservicio_del_empleado_encamina-143x300.jpg","datePublished":"2015-10-02T08:47:50+00:00","author":{"@id":"https:\/\/blogs.encamina.com\/transformacion-digital\/#\/schema\/person\/486ee12091b3f96d238191159f897342"},"description":"ENCAMINA ofrece Transformaci\u00f3n Digital en forma de agilidad, versatilidad, ubicuidad y productividad, mediante la tecnolog\u00eda Microsoft y soluciones frescas","breadcrumb":{"@id":"http:\/\/blogs.encamina.com\/transformacion-digital\/transformacion-digital-en-nuestras-propias-carnes\/#breadcrumb"},"inLanguage":"es","potentialAction":[{"@type":"ReadAction","target":["http:\/\/blogs.encamina.com\/transformacion-digital\/transformacion-digital-en-nuestras-propias-carnes\/"]}]},{"@type":"ImageObject","inLanguage":"es","@id":"http:\/\/blogs.encamina.com\/transformacion-digital\/transformacion-digital-en-nuestras-propias-carnes\/#primaryimage","url":"https:\/\/blogs.encamina.com\/transformacion-digital\/wp-content\/uploads\/sites\/18\/2015\/10\/office365_autoservicio_del_empleado_encamina.jpg","contentUrl":"https:\/\/blogs.encamina.com\/transformacion-digital\/wp-content\/uploads\/sites\/18\/2015\/10\/office365_autoservicio_del_empleado_encamina.jpg","width":270,"height":567},{"@type":"BreadcrumbList","@id":"http:\/\/blogs.encamina.com\/transformacion-digital\/transformacion-digital-en-nuestras-propias-carnes\/#breadcrumb","itemListElement":[{"@type":"ListItem","position":1,"name":"Portada","item":"https:\/\/blogs.encamina.com\/transformacion-digital\/"},{"@type":"ListItem","position":2,"name":"Transformaci\u00f3n Digital en nuestras propias carnes"}]},{"@type":"WebSite","@id":"https:\/\/blogs.encamina.com\/transformacion-digital\/#website","url":"https:\/\/blogs.encamina.com\/transformacion-digital\/","name":"Transformaci\u00f3n Digital","description":"M\u00e1s colaborativos, inteligentes, flexibles y veloces","potentialAction":[{"@type":"SearchAction","target":{"@type":"EntryPoint","urlTemplate":"https:\/\/blogs.encamina.com\/transformacion-digital\/?s={search_term_string}"},"query-input":{"@type":"PropertyValueSpecification","valueRequired":true,"valueName":"search_term_string"}}],"inLanguage":"es"},{"@type":"Person","@id":"https:\/\/blogs.encamina.com\/transformacion-digital\/#\/schema\/person\/486ee12091b3f96d238191159f897342","name":"Hugo de Juan","image":{"@type":"ImageObject","inLanguage":"es","@id":"https:\/\/secure.gravatar.com\/avatar\/da3366cf2fa4f0204b16b93ed8302a0c44452d571f45c1c3b63b3200ca8bd12f?s=96&d=mm&r=g","url":"https:\/\/secure.gravatar.com\/avatar\/da3366cf2fa4f0204b16b93ed8302a0c44452d571f45c1c3b63b3200ca8bd12f?s=96&d=mm&r=g","contentUrl":"https:\/\/secure.gravatar.com\/avatar\/da3366cf2fa4f0204b16b93ed8302a0c44452d571f45c1c3b63b3200ca8bd12f?s=96&d=mm&r=g","caption":"Hugo de Juan"},"description":"Ingeniero de Telecomunicaci\u00f3n en mis bases pas\u00e9 al lado oscuro con un master en Marketing y posteriormente con un executive MBA. Hoy CEO en ENCAMINA, socio director en ENTRESISTEMAS, profesor postgrado en ESIC Marketing &amp; Business School, estudiante y Doctor Ingeniero en econom\u00eda digital y sobre todo currante en muchas cosas. Me va el marketing, la tecnolog\u00eda, mi familia, los amigos y la vida buena, incluso m\u00e1s que la buena vida.","sameAs":["http:\/\/www.facebook.com\/pages\/encamina\/84575716581","http:\/\/es.linkedin.com\/in\/hugodejuan\/","https:\/\/x.com\/hdejuan","http:\/\/www.slideshare.net\/encamina"],"url":"https:\/\/blogs.encamina.com\/transformacion-digital\/author\/hdejuan\/"}]}},"_links":{"self":[{"href":"https:\/\/blogs.encamina.com\/transformacion-digital\/wp-json\/wp\/v2\/posts\/18","targetHints":{"allow":["GET"]}}],"collection":[{"href":"https:\/\/blogs.encamina.com\/transformacion-digital\/wp-json\/wp\/v2\/posts"}],"about":[{"href":"https:\/\/blogs.encamina.com\/transformacion-digital\/wp-json\/wp\/v2\/types\/post"}],"author":[{"embeddable":true,"href":"https:\/\/blogs.encamina.com\/transformacion-digital\/wp-json\/wp\/v2\/users\/9"}],"replies":[{"embeddable":true,"href":"https:\/\/blogs.encamina.com\/transformacion-digital\/wp-json\/wp\/v2\/comments?post=18"}],"version-history":[{"count":0,"href":"https:\/\/blogs.encamina.com\/transformacion-digital\/wp-json\/wp\/v2\/posts\/18\/revisions"}],"wp:attachment":[{"href":"https:\/\/blogs.encamina.com\/transformacion-digital\/wp-json\/wp\/v2\/media?parent=18"}],"wp:term":[{"taxonomy":"category","embeddable":true,"href":"https:\/\/blogs.encamina.com\/transformacion-digital\/wp-json\/wp\/v2\/categories?post=18"},{"taxonomy":"post_tag","embeddable":true,"href":"https:\/\/blogs.encamina.com\/transformacion-digital\/wp-json\/wp\/v2\/tags?post=18"}],"curies":[{"name":"wp","href":"https:\/\/api.w.org\/{rel}","templated":true}]}}