{"id":1393,"date":"2023-04-02T12:12:48","date_gmt":"2023-04-02T12:12:48","guid":{"rendered":"https:\/\/blogs.encamina.com\/transformacion-digital\/?p=1393"},"modified":"2023-04-02T12:12:48","modified_gmt":"2023-04-02T12:12:48","slug":"es-gpt-4-capaz-de-pensar-o-ser-consciente-de-si-mismo","status":"publish","type":"post","link":"https:\/\/blogs.encamina.com\/transformacion-digital\/es-gpt-4-capaz-de-pensar-o-ser-consciente-de-si-mismo\/","title":{"rendered":"\u00bfEs GPT-4 capaz de pensar o ser consciente de s\u00ed mismo?"},"content":{"rendered":"<p><img loading=\"lazy\" decoding=\"async\" class=\"aligncenter wp-image-1405 size-full\" title=\"GPT 4 es capaz de pensar\" src=\"http:\/\/blogs.encamina.com\/transformacion-digital\/wp-content\/uploads\/sites\/18\/2023\/03\/GPT-4.jpg\" alt=\"\" width=\"883\" height=\"539\" srcset=\"https:\/\/encaminablogs.wpenginepowered.com\/transformacion-digital\/wp-content\/uploads\/sites\/18\/2023\/03\/GPT-4.jpg 883w, https:\/\/encaminablogs.wpenginepowered.com\/transformacion-digital\/wp-content\/uploads\/sites\/18\/2023\/03\/GPT-4-300x183.jpg 300w, https:\/\/encaminablogs.wpenginepowered.com\/transformacion-digital\/wp-content\/uploads\/sites\/18\/2023\/03\/GPT-4-768x469.jpg 768w, https:\/\/encaminablogs.wpenginepowered.com\/transformacion-digital\/wp-content\/uploads\/sites\/18\/2023\/03\/GPT-4-610x372.jpg 610w\" sizes=\"auto, (max-width: 883px) 100vw, 883px\" \/><\/p>\n<p>Desde que ChatGPT entr\u00f3 en diciembre de 2022 en nuestras vidas, no hemos tenido tregua escuchando c\u00f3mo la Inteligencia Artificial (AI por sus siglas en ingl\u00e9s) est\u00e1 infiltr\u00e1ndose en diversos aspectos de nuestra vida diaria y profesional.<\/p>\n<p><!--more--><\/p>\n<p>Recientemente (marzo de 2023) la gente de OpenAI liber\u00f3 una nueva versi\u00f3n del algoritmo GPT, responsable del \u00e9xito y poder detr\u00e1s del ChatGPT. La anterior versi\u00f3n, com\u00fanmente conocida como GPT-3 (aunque realmente la versi\u00f3n es la 3.5), ha sido superada con creces por el nuevo GPT-4, m\u00e1s no ha sido reemplazada, pues sigue siendo \u00fatil para una variedad importante de situaciones, o tambi\u00e9n porque GPT-3 es, por ahora, significativamente m\u00e1s econ\u00f3mica que GPT-4 \ud83d\udcb8<\/p>\n<p>Como pas\u00f3 en diciembre, esta nueva versi\u00f3n ha sorprendido por sus capacidades, hasta un punto tal que nos est\u00e1 haciendo pensar si al fin hemos conseguido una Inteligencia Artificial Generalista (AGI por sus siglas en ingl\u00e9s), que realmente sea capaz de pensar e incluso hasta de manifestar posibles evidencias de una conciencia primitiva.<\/p>\n<p>Para contestar a estas cuestiones, que parecen m\u00e1s de ciencia ficci\u00f3n que de nuestra realidad, primero tenemos que preguntarnos lo siguiente:<\/p>\n<ul>\n<li>Como especie y como civilizaci\u00f3n, \u00bfqu\u00e9 entendemos por \u00abinteligencia\u00bb?<\/li>\n<li>\u00bfQu\u00e9 concebimos como \u00abconciencia propia\u00bb o la esencia y significado del \u00abser\u00bb?<\/li>\n<li>\u00bfC\u00f3mo reconocemos que otros \u00abson\u00bb?<\/li>\n<li>\u00bfC\u00f3mo reconocemos la \u00abconciencia\u00bb en el mundo que nos rodea?<\/li>\n<\/ul>\n<p>Es gracioso que para estos aspectos de nuestra vida que nos han acompa\u00f1ado como especie desde que existimos, realmente no estamos del todo seguros de qu\u00e9 es \u00abser\u00bb, qu\u00e9 es la \u00abconciencia\u00bb o qu\u00e9 es la \u00abinteligencia\u00bb.<\/p>\n<p>Cuando le preguntaron a Alan Turing si los ordenadores (computadoras) piensan, \u00e9l contestaba que \u00ab<em>S\u00ed\u2026 s\u00f3lo que piensa en su forma, no como t\u00fa o como yo<\/em>\u00bb. A lo largo de esta publicaci\u00f3n, estaremos conversando sobre los experimentos y hallazgos publicados en el <em>paper <\/em>\u201c<a href=\"https:\/\/arxiv.org\/abs\/2303.12712\">Sparks of Artificial General Intelligence: Early experiments with GPT-4<\/a>\u201d que justamente busca determinar si GPT-4 como algoritmo, aplicaci\u00f3n o sistema es \u00abinteligente\u00bb, e incluso si tiene alg\u00fan nivel de \u00abconciencia\u00bb primitiva. Es decir, si es capaz de pensar y de ser.<\/p>\n<h2>La inteligencia de GPT-4<\/h2>\n<p>\u00bfQu\u00e9 es la inteligencia? Esta es una gran pregunta, y muy ambigua, para la que no hay una respuesta definitiva.<\/p>\n<p>Hasta hace no mucho, se pensaba que s\u00f3lo exist\u00eda un tipo de inteligencia, que pod\u00eda medirse mediante pruebas que nos clasificaba como genios brillantes, o todo lo contrario; y que muchas veces nos pod\u00edan estar condenando a una ruta de vida que no es a la que aspir\u00e1bamos.<\/p>\n<p>En 1994, un grupo de 52 psic\u00f3logos intentaron capturar la esencia de la definici\u00f3n de inteligencia, y firmaron una publicaci\u00f3n sobre la ciencia de la inteligencia<sup>1<\/sup>. Dicho equipo, de forma consensuada defini\u00f3 a la inteligencia como \u00ab<em>una capacidad individual y general que, entre otras cosas, implica el potencial de razonar, planificar, resolver problemas, pensar de forma abstracta, comprender ideas complejas, y aprender de la experiencia<\/em>\u00bb.<\/p>\n<p>Gracias al trabajo de esos cient\u00edficos, hoy d\u00eda sabemos que existen m\u00faltiples tipos de inteligencias, y que todos tenemos una mezcla de diferentes niveles y variaciones de \u00e9stas. Podr\u00edamos imaginar que si los humanos tenemos diferentes tipos y niveles de inteligencia, entonces <strong>quiz\u00e1 las m\u00e1quinas o los algoritmos como GPT-4 tengan la suya<\/strong>, algo as\u00ed como que lo dec\u00eda Alan Turing.<\/p>\n<p>No obstante, para algunos investigadores, esta definici\u00f3n de inteligencia parece ser demasiado antropoc\u00e9ntrica, o demasiado cercana al g\u00e9nero humano, o insuficientemente operacionalizable. Por supuesto todo esto es opinable, ya que al conceptualizar la inteligencia es f\u00e1cil concebir alternativas un tanto m\u00e1s filos\u00f3ficas o metaf\u00edsicas. De lo que tenemos que darnos cuenta al emplear este tipo de definiciones es la proyecci\u00f3n de la aspiraci\u00f3n que tenemos con este tipo de tecnolog\u00edas: conseguir hablar con \u201calguien\u201d que no es \u201cnosotros\u201d, que no es humano, y que podr\u00eda evolucionar por v\u00edas diferentes a las nuestras, proporcion\u00e1ndonos nuevas perspectivas de la existencia. M\u00e1s o menos lo que ocurr\u00eda en el pasado cuando encontr\u00e1bamos una nueva civilizaci\u00f3n\u2026 si es que no la destru\u00edamos antes \ud83d\ude36<\/p>\n<p>Por otro lado, la Inteligencia Artificial como disciplina y su relaci\u00f3n con el razonamiento o la capacidad de resolver problemas, no es algo nuevo. En contraste a lo que podr\u00edamos recordar, recientemente se ha abandonado la idea de que ciertas capacidades computacionales tales como jugar al ajedrez o al <a href=\"https:\/\/es.wikipedia.org\/wiki\/Go\">go<\/a> y ganarle al campe\u00f3n mundial correspondiente (\u00e9xitos atribuidos a la investigaci\u00f3n de la AI con resultados en 1996 y 2016 respectivamente), est\u00e1n demasiado centradas en tareas o desaf\u00edos muy restrictivos y muy bien definidos, con contextos o reglas r\u00edgidas que permiten con suficiente poder de c\u00e1lculo determinar todas las posibles salidas o resultados de los problemas. Y es que,\u00a0 tener todo el poder para producir todas las salidas o resultados de un juego no necesariamente significa inteligencia, s\u00f3lo es m\u00fasculo y capacidad de c\u00e1lculo frente a un humano con limitaciones para eso.<\/p>\n<p>A partir de ah\u00ed, se acu\u00f1\u00f3 a principios de los a\u00f1os 2000 la frase \u00ab<a href=\"https:\/\/es.wikipedia.org\/wiki\/Inteligencia_artificial_fuerte\">Inteligencia Artificial Generalista<\/a>\u00bb (AGI) para enfatizar la aspiraci\u00f3n de las ciencias de AI de conseguir sistemas que demuestren amplias capacidades semejantes a la definici\u00f3n de inteligencia presentada en 1994 por el mencionado panel de psic\u00f3logos, con un deseo o requisito adicional de <strong>conseguir capacidades que est\u00e9n igualadas o por encima del nivel humano.<\/strong><\/p>\n<p>Ahora bien, con estas definiciones en mano, <strong>\u00bfpodemos decir que GPT-4 es inteligente?<\/strong><\/p>\n<p>Primero tenemos que entender c\u00f3mo funciona el algoritmo y qu\u00e9 resultados arroja ante una serie de pruebas (m\u00e1s all\u00e1 de la famosa \u00ab<a href=\"https:\/\/es.wikipedia.org\/wiki\/Prueba_de_Turing\">Prueba de Turing<\/a>\u00bb, que este tipo de tecnolog\u00edas <a href=\"https:\/\/www.mlyearning.org\/chatgpt-passes-turing-test\/#:~:text=ChatGPT's%20success%20in%20passing%20the,for%20generating%20human%2Dlike%20conversation.\">hace tiempo ha superado<\/a>). As\u00ed, un equipo de cient\u00edficos de Microsoft expuso al GPT-4 a una extensa bater\u00eda de pruebas que inclu\u00edan, entre otras muchas, lo siguiente:<\/p>\n<ul>\n<li>El \u00abuso de herramientas\u00bb (tales como motores de b\u00fasqueda o APIs) para superar las limitaciones de modelos de lenguaje anteriores.<\/li>\n<li>La navegaci\u00f3n y \u201cexploraci\u00f3n del entorno\u201d.<\/li>\n<li>La resoluci\u00f3n de problemas del mundo real (por ejemplo, actuar como un personal de mantenimiento \u201cvirtual\u201d para abordar un problema de fontaner\u00eda).<\/li>\n<li>Poder explicar conversaciones, incluyendo en la discusi\u00f3n cualquier detalle o referencia interesante que ayude a mejorar la calidad de la explicaci\u00f3n.<\/li>\n<li>Hacer distinciones.<\/li>\n<\/ul>\n<p style=\"text-align: left;\">Los resultados han sido fascinantes, y pod\u00e9is explorarlos en el mencionado <em>paper<\/em>. Aqu\u00ed dejo unos cuantos:<\/p>\n<h6 style=\"text-align: center;\"><a href=\"http:\/\/blogs.encamina.com\/transformacion-digital\/wp-content\/uploads\/sites\/18\/2023\/03\/GPT-4-001.png\"><img loading=\"lazy\" decoding=\"async\" class=\"size-full wp-image-1394 aligncenter\" src=\"http:\/\/blogs.encamina.com\/transformacion-digital\/wp-content\/uploads\/sites\/18\/2023\/03\/GPT-4-001.png\" alt=\"\" width=\"780\" height=\"896\" srcset=\"https:\/\/encaminablogs.wpenginepowered.com\/transformacion-digital\/wp-content\/uploads\/sites\/18\/2023\/03\/GPT-4-001.png 780w, https:\/\/encaminablogs.wpenginepowered.com\/transformacion-digital\/wp-content\/uploads\/sites\/18\/2023\/03\/GPT-4-001-261x300.png 261w, https:\/\/encaminablogs.wpenginepowered.com\/transformacion-digital\/wp-content\/uploads\/sites\/18\/2023\/03\/GPT-4-001-768x882.png 768w, https:\/\/encaminablogs.wpenginepowered.com\/transformacion-digital\/wp-content\/uploads\/sites\/18\/2023\/03\/GPT-4-001-610x701.png 610w\" sizes=\"auto, (max-width: 780px) 100vw, 780px\" \/><\/a>Comparaci\u00f3n entre GPT-4 y GPT-3 (representado como ChatGPT) en un ejercicio sobre el razonamiento aplicado al comportamiento humano y la distinci\u00f3n de intenciones.<\/h6>\n<h6 style=\"text-align: center;\"><a href=\"http:\/\/blogs.encamina.com\/transformacion-digital\/wp-content\/uploads\/sites\/18\/2023\/03\/GPT-4-002.png\"><img loading=\"lazy\" decoding=\"async\" class=\"alignnone size-full wp-image-1395\" src=\"http:\/\/blogs.encamina.com\/transformacion-digital\/wp-content\/uploads\/sites\/18\/2023\/03\/GPT-4-002.png\" alt=\"\" width=\"780\" height=\"975\" srcset=\"https:\/\/encaminablogs.wpenginepowered.com\/transformacion-digital\/wp-content\/uploads\/sites\/18\/2023\/03\/GPT-4-002.png 780w, https:\/\/encaminablogs.wpenginepowered.com\/transformacion-digital\/wp-content\/uploads\/sites\/18\/2023\/03\/GPT-4-002-240x300.png 240w, https:\/\/encaminablogs.wpenginepowered.com\/transformacion-digital\/wp-content\/uploads\/sites\/18\/2023\/03\/GPT-4-002-768x960.png 768w, https:\/\/encaminablogs.wpenginepowered.com\/transformacion-digital\/wp-content\/uploads\/sites\/18\/2023\/03\/GPT-4-002-610x763.png 610w\" sizes=\"auto, (max-width: 780px) 100vw, 780px\" \/><\/a>Capacidad de GPT-4 de razonar sobre escenarios complejos, desafiantes y de naturaleza personal.<\/h6>\n<p>&nbsp;<\/p>\n<p>Una forma de probar el conocimiento de sentido com\u00fan de un sistema de inteligencia artificial es plantear acertijos que requieren una comprensi\u00f3n b\u00e1sica del mundo. Un ejemplo cl\u00e1sico es:<\/p>\n<p style=\"text-align: center;\"><span style=\"color: #999999;\"><em>Un cazador camina una milla al sur, una milla al este y una milla al norte y termina justo donde comenz\u00f3. \u00a1Ve un oso y le dispara!<br \/>\n\u00bfDe qu\u00e9 color era el oso?<\/em><\/span><\/p>\n<p>La respuesta es \u00abblanco\u00bb, porque el \u00fanico lugar donde este escenario es posible es el polo norte, donde viven los osos polares que son blancos. En este caso, GPT-4 identifica correctamente estos hechos y concluye que el oso es blanco, mientras que su predecesor se da por vencido.<\/p>\n<p style=\"text-align: center;\"><a href=\"http:\/\/blogs.encamina.com\/transformacion-digital\/wp-content\/uploads\/sites\/18\/2023\/03\/GPT-4-003.png\"><img loading=\"lazy\" decoding=\"async\" class=\"alignnone size-full wp-image-1396\" src=\"http:\/\/blogs.encamina.com\/transformacion-digital\/wp-content\/uploads\/sites\/18\/2023\/03\/GPT-4-003.png\" alt=\"\" width=\"780\" height=\"367\" srcset=\"https:\/\/encaminablogs.wpenginepowered.com\/transformacion-digital\/wp-content\/uploads\/sites\/18\/2023\/03\/GPT-4-003.png 780w, https:\/\/encaminablogs.wpenginepowered.com\/transformacion-digital\/wp-content\/uploads\/sites\/18\/2023\/03\/GPT-4-003-300x141.png 300w, https:\/\/encaminablogs.wpenginepowered.com\/transformacion-digital\/wp-content\/uploads\/sites\/18\/2023\/03\/GPT-4-003-768x361.png 768w, https:\/\/encaminablogs.wpenginepowered.com\/transformacion-digital\/wp-content\/uploads\/sites\/18\/2023\/03\/GPT-4-003-610x287.png 610w\" sizes=\"auto, (max-width: 780px) 100vw, 780px\" \/><\/a><\/p>\n<p>Sin embargo, este rompecabezas es bien conocido en el mundo de la psicolog\u00eda e Internet, y es posible que GPT-4 lo haya encontrado durante su entrenamiento en un gran <em>corpus<\/em> de textos de la web. Para desafiar a\u00fan m\u00e1s a GPT-4, podemos crear un nuevo rompecabezas que tenga un estilo similar, pero que requiera un conocimiento de sentido com\u00fan diferente, por ejemplo, que el ecuador terrestre tiene 24,901 millas de largo. El rompecabezas es:<\/p>\n<p style=\"text-align: center;\"><span style=\"color: #999999;\"><em>Un piloto de avi\u00f3n que sale de su campamento se dirige directamente hacia el este durante exactamente 24,901 millas tras lo cual se encuentro de regreso en su campamento. \u00a1All\u00ed se encuentra con un tigre en su tienda comiendo su comida!<br \/>\n\u00bfDe qu\u00e9 especie es el tigre?<\/em><\/span><\/p>\n<p>La respuesta es cualquier especie de tigre nativa de Ecuador, como Bengala o Sumatra. El sistema de AI necesita saber que el ecuador terrestre tiene 24,901 millas de largo, que solo en el ecuador se puede viajar al este o al oeste y volver al mismo punto de partida, y qu\u00e9 especies de tigres viven en el ecuador. Una vez m\u00e1s, GPT-4 localiza con \u00e9xito la informaci\u00f3n clave y resuelve el rompecabezas, mientras que GPT-3 (nuevamente mencionado como ChatGPT) se da por vencido:<\/p>\n<p style=\"text-align: center;\"><a href=\"http:\/\/blogs.encamina.com\/transformacion-digital\/wp-content\/uploads\/sites\/18\/2023\/03\/GPT-4-004.png\"><img loading=\"lazy\" decoding=\"async\" class=\"alignnone size-full wp-image-1397\" src=\"http:\/\/blogs.encamina.com\/transformacion-digital\/wp-content\/uploads\/sites\/18\/2023\/03\/GPT-4-004.png\" alt=\"\" width=\"780\" height=\"374\" srcset=\"https:\/\/encaminablogs.wpenginepowered.com\/transformacion-digital\/wp-content\/uploads\/sites\/18\/2023\/03\/GPT-4-004.png 780w, https:\/\/encaminablogs.wpenginepowered.com\/transformacion-digital\/wp-content\/uploads\/sites\/18\/2023\/03\/GPT-4-004-300x144.png 300w, https:\/\/encaminablogs.wpenginepowered.com\/transformacion-digital\/wp-content\/uploads\/sites\/18\/2023\/03\/GPT-4-004-768x368.png 768w, https:\/\/encaminablogs.wpenginepowered.com\/transformacion-digital\/wp-content\/uploads\/sites\/18\/2023\/03\/GPT-4-004-610x292.png 610w\" sizes=\"auto, (max-width: 780px) 100vw, 780px\" \/><\/a><\/p>\n<p>Todos estos ejemplos, y muchos m\u00e1s que salen en el mencionado <em>paper<\/em> son realmente incre\u00edbles.<\/p>\n<p>Sin embargo, al final del d\u00eda, los investigadores de Microsoft lo tienen bastante claro y reconocen que <strong>la definici\u00f3n de inteligencia de 1994 no es la \u00faltima palabra sobre el concepto<\/strong>, sino un punto de partida \u00fatil para su investigaci\u00f3n, m\u00e1s que nada, porque aun cuando refleja aspectos importantes de la inteligencia, como el razonamiento, la resoluci\u00f3n de problemas y la abstracci\u00f3n, tambi\u00e9n es vaga e incompleta en otros aspectos, ya que no especifica c\u00f3mo medir o comparar estas habilidades o caracter\u00edsticas reconocidas de la inteligencia. Adem\u00e1s, es posible que no refleje los desaf\u00edos y oportunidades espec\u00edficos de los sistemas de AI, que pueden tener diferentes objetivos y limitaciones que los naturales (recordemos que la definici\u00f3n es considerada antropoc\u00e9ntrica).<\/p>\n<p style=\"text-align: center;\"><strong>Esto significa que la respuesta a d\u00eda de hoy es que GPT-4 no es inteligente.<br \/>\n<\/strong><strong>\u00a1Todav\u00eda queda un largo camino por recorrer!<\/strong><\/p>\n<p>Por ejemplo, quedan pendientes preguntas tales como:<\/p>\n<ul>\n<li>\u00bfC\u00f3mo razona, planifica y crea el algoritmo?<\/li>\n<li>\u00bfPor qu\u00e9 exhibe una inteligencia tan general y flexible cuando es, en esencia, simplemente la combinaci\u00f3n de componentes algor\u00edtmicos relativamente simples a gran escala que permite transformar cantidades extremadamente grandes de datos e informaci\u00f3n?<\/li>\n<\/ul>\n<p>Estas preguntas son parte del misterio y la fascinaci\u00f3n que tenemos con las AI y con los grandes modelos de lenguaje que estamos creando, y que desaf\u00edan nuestra comprensi\u00f3n del aprendizaje y la cognici\u00f3n, alimentando nuestra curiosidad y motivando investigaciones m\u00e1s profundas, redefiniendo nuestro concepto de \u00abinteligencia\u00bb.<\/p>\n<p>En ese sentido, hay varias \u00e1reas donde los ingenieros y cient\u00edficos de OpenAI tienen que enfocar sus esfuerzos para alcanzar una AGI real e inteligente, entre los cuales destacan:<\/p>\n<ul>\n<li><strong>Calibraci\u00f3n de la confianza al contestar<\/strong>, que significa b\u00e1sicamente que el algoritmo sea capaz de determinar y comunicar cu\u00e1ndo conf\u00eda plenamente en su respuesta, o cu\u00e1ndo estar\u00eda adivinando (b\u00e1sicamente, que tiene dudas).<\/li>\n<li><strong>Memoria a largo plazo<\/strong>, ya que el contexto del algoritmo actual es muy limitado. Opera sin estado (<em>stateless<\/em>), sin una forma obvia de ense\u00f1arle nuevos hechos. M\u00e1s a\u00fan, ni siquiera est\u00e1 claro si el modelo es capaz de realizar tareas que requieren una memoria y un contexto en evoluci\u00f3n, como leer un libro, con la tarea de seguir la trama y comprender las referencias a cap\u00edtulos anteriores durante la lectura.<\/li>\n<li><strong>Aprendizaje continuo<\/strong>, con la capacidad de actualizarse o adaptarse a un entorno cambiante, algo que actualmente no es capaz de hacer. El modelo se fija una vez entrenado y no existe un mecanismo para incorporar nueva informaci\u00f3n o comentarios del usuario o del mundo. Se puede ajustar el modelo con nuevos datos, pero esto puede causar degradaci\u00f3n del rendimiento o sobreajuste. Dado el posible desfase entre ciclos de formaci\u00f3n, el sistema a menudo estar\u00e1 desactualizado cuando se trata de eventos, informaci\u00f3n y conocimiento que surgieron despu\u00e9s del \u00faltimo ciclo de formaci\u00f3n. Esto ya lo vimos con GPT-3 que estaba entrenado con informaci\u00f3n hasta septiembre de 2021.<\/li>\n<li><strong>Adaptabilidad<\/strong>. Algunas de las aplicaciones requieren que el modelo se adapte a una organizaci\u00f3n espec\u00edfica o usuario final. El sistema puede necesitar adquirir conocimiento sobre el funcionamiento de una organizaci\u00f3n o las preferencias de un individuo. Y en muchos casos, el sistema tendr\u00eda que adaptarse de forma personalizada a lo largo de per\u00edodos de tiempo con cambios espec\u00edficos vinculados a la din\u00e1mica de las personas y las organizaciones. Por ejemplo, en un entorno educativo, habr\u00eda una expectativa de la necesidad de que el sistema comprenda diversos estilos de aprendizaje particulares, as\u00ed como adaptarse con el tiempo al progreso de un estudiante en espec\u00edfico. Actualmente, el modelo no tiene forma de incorporar dicha informaci\u00f3n.<\/li>\n<\/ul>\n<h2>La conciencia del ser de GPT-4<\/h2>\n<p>Como ocurre con la inteligencia, el concepto de la \u00abconciencia\u00bb y del \u00abser\u00bb es muy esquivo. De forma general, se suele aceptar como definici\u00f3n de conciencia\u00a0 \u00abla percepci\u00f3n que tiene un ser de s\u00ed mismo y de su entorno\u00bb.<\/p>\n<p>Lo bueno de esta definici\u00f3n, en contraste con la de inteligencia\u00a0 mencionada anteriormente, es que no es antropoc\u00e9ntrico, e incluye animales y otros seres vivientes cognitivos.<\/p>\n<p>Esto es importante, porque desde un punto de vista cient\u00edfico, se podr\u00eda decir que la \u00abconciencia\u00bb y el sentido de \u00abser\u00bb son independientes de la inteligencia. Esto es algo que vemos en los animales, especialmente aquellos de nosotros que tenemos mascotas\u2026 aunque es muy opinable si son o no realmente inteligentes cuando les conviene \ud83d\ude05<\/p>\n<p>En cualquier caso, <strong>realmente no sabemos qu\u00e9 es la conciencia<\/strong>, ya que el problema radica en explicar qu\u00e9 estados f\u00edsicos o qu\u00e9 procesos representan el \u00abser consciente\u00bb y el \u00abno ser inconsciente\u00bb. El problema es un foco importante de investigaci\u00f3n en la filosof\u00eda de la mente contempor\u00e1nea, y existe un cuerpo considerable de investigaci\u00f3n emp\u00edrica en psicolog\u00eda, neurociencia e incluso f\u00edsica cu\u00e1ntica. El problema toca cuestiones de ontolog\u00eda, la naturaleza y los l\u00edmites de la explicaci\u00f3n cient\u00edfica, y la precisi\u00f3n y el alcance de la introspecci\u00f3n y el conocimiento en primera persona, por nombrar solo algunas de dichas cuestiones. Las reacciones al problema van, desde una negaci\u00f3n absoluta del mismo, hasta la reducci\u00f3n naturalista que afirma que todo es consciente hasta cierto punto.<\/p>\n<p>Debido a la naturaleza del concepto, <strong>es extremadamente dif\u00edcil determinar si una AI es consciente de s\u00ed misma o no.<\/strong><\/p>\n<p>Existe una pr\u00e1ctica conocida como la \u201c<a href=\"https:\/\/es.wikipedia.org\/wiki\/Teor%C3%ADa_de_la_mente\">Teor\u00eda de la Mente<\/a>\u201d en psicolog\u00eda, la cual permite atribuir representaciones independientes a uno mismo y a los dem\u00e1s para explicar las acciones propias y ajenas del contexto y mundo que nos rodea. Dado que los individuos tienden a suponer cosas que en realidad no existen, estas representaciones deben estar libres tanto de la condici\u00f3n real de las cosas como de las concepciones de otras personas (porque las personas pueden esperar y desear cosas diferentes). Este tipo de teor\u00edas ayuda a conceptualizar escenarios para identificar la \u00abconciencia\u00bb y la percepci\u00f3n de \u00abser\u00bb.<\/p>\n<p>Esto anterior, tan enredado, puede explicarse f\u00e1cilmente con el experimento de <a href=\"https:\/\/en.wikipedia.org\/wiki\/Sally%E2%80%93Anne_test\">Sally-Anne<\/a> (de 1980). Dicho experimento usa ni\u00f1os y dos t\u00edteres o mu\u00f1ecas llamadas Sally y Anne para representar la siguiente situaci\u00f3n:<\/p>\n<p style=\"text-align: center;\"><span style=\"color: #999999;\"><em>Anne tiene una caja, mientras que Sally tiene una cesta. Los ni\u00f1os del experimento ven a Sally meter un juguete en su cesta y salir de la habitaci\u00f3n, presumiblemente a pasear. Entonces, Anne abre la cesta y saca el juguete para ponerlo dentro de su caja. Al tiempo regresa Sally de su paseo.<\/em><\/span><\/p>\n<p><span style=\"color: #999999;\"><em><span style=\"color: #999999;\">Es entonces que se le pregunta a los <\/span>ni\u00f1os qu\u00e9<span style=\"color: #999999;\">\u00a0est\u00e1n viendo la escena:<\/span><br \/>\n<span style=\"color: #999999;\">\u201c\u00bfD\u00f3nde buscar\u00e1 Sally por su juguete?\u00bb<\/span><\/em><\/span><\/p>\n<p>Muchos ni\u00f1os entre cuatro y siete a\u00f1os contestan \u201c<em>dentro de la caja de Anne<\/em>\u201d ya que aparentemente no entienden que el conocimiento que poseen no es el mismo que el de Sally, ya que ella estaba fuera de la habitaci\u00f3n paseando, y no fue testigo del cambio. B\u00e1sicamente, manifiestan saber y conocer cambios del entorno y lo proyectan sobre \u00e9ste, algo que seg\u00fan ciertos investigadores (<a href=\"https:\/\/arxiv.org\/ftp\/arxiv\/papers\/2302\/2302.02083.pdf\">como los de la universidad de Stanford<\/a>), se ver\u00edan como una prueba de la capacidad de asignar estados mentales no observables y prever acciones posteriores, es decir, que dentro de la \u201c<a href=\"https:\/\/es.wikipedia.org\/wiki\/Teor%C3%ADa_de_la_mente\">Teor\u00eda de la Mente<\/a>\u201d, son conscientes.<\/p>\n<p>Investigaciones recientes demuestran que, en los \u00faltimos a\u00f1os, <strong>las redes neuronales y los grandes modelos de lenguaje (como GPT-3 y GPT-4) se han vuelto aparentemente m\u00e1s listos<\/strong>. Ahora pueden abordar exitosamente problemas como la prueba de <a href=\"https:\/\/en.wikipedia.org\/wiki\/Sally%E2%80%93Anne_test\">Sally-Anne<\/a>, as\u00ed como otros que est\u00e1n m\u00e1s all\u00e1 de la comprensi\u00f3n de personas de cuatro a siete a\u00f1os.<\/p>\n<p>Y aqu\u00ed es donde entra la diatriba. Para algunos desarrolladores de GPT, el nivel de conciencia de estos sistemas var\u00eda de \u00ab<em>muy, muy poco probable que no sea consciente<\/em>\u00bb a \u00ab<em>quiz\u00e1 algo consciente<\/em>\u00ab. El problema principal es que no estamos seguros de c\u00f3mo definir con precisi\u00f3n la \u00abconciencia\u00bb o la percepci\u00f3n del \u00abser\u00bb. Hay varias pruebas (en las que GPT-4 funciona excepcionalmente bien), y se a\u00f1adir\u00e1n muchas m\u00e1s en el futuro con el esfuerzo por comprender mejor nuestras diferencias y lo que nos hace especiales, involucrando a fil\u00f3sofos y psic\u00f3logos que intentar\u00e1n realizar sus investigaciones no s\u00f3lo con humanos sino tambi\u00e9n con m\u00e1quinas.<\/p>\n<p>En ese sentido, lo que se buscar\u00eda como pruebas de \u00abconciencia\u00bb ser\u00edan aspectos conductuales como los siguientes:<\/p>\n<ul>\n<li><strong>Planeaci\u00f3n y saltos conceptuales<\/strong>. El modelo exhibe dificultades para realizar tareas que requieren planificaci\u00f3n anticipada o que requieren un momento \u00ab<em>\u00a1Eureka!<\/em>\u00bb (un momento de descubrimiento, inspiraci\u00f3n o perspicacia repentino y triunfante) que constituyen un salto conceptual discontinuo en el progreso hacia la realizaci\u00f3n de una acci\u00f3n o tarea. En otras palabras, el modelo no se desempe\u00f1a bien en tareas que requieren el tipo de saltos conceptuales de la forma que a menudo tipifica o surge de forma perceptualmente espont\u00e1nea en el intelecto humano. B\u00e1sicamente que no es capaz de expresar inspiraci\u00f3n, una caracter\u00edstica del reconocimiento del \u00abser\u00bb.<\/li>\n<li><strong>Falacias cognitivas e irracionalidad<\/strong>, donde el modelo parece exhibir algunas de las limitaciones del conocimiento y el razonamiento humanos, como los sesgos cognitivos, la irracionalidad y las falacias estad\u00edsticas. El modelo puede heredar algunos de los sesgos, prejuicios o errores que est\u00e1n presentes en sus datos de entrenamiento, careciendo de las capacidades para cuestionarlos y plantearse nuevos puntos de vista, u opiniones propias. Es decir, que el modelo no es capaz de cuestionar los planteamientos a partir de los cuales ha sido preentrenado, sustituy\u00e9ndolos por nuevos de \u201cinspiraci\u00f3n\u201d propia o de aprendizaje propio.<\/li>\n<\/ul>\n<p>Hoy d\u00eda, los cient\u00edficos est\u00e1n creando nuevos desaf\u00edos desde cero, un tanto a ciegas y muchas veces sin informarles que dichos desaf\u00edos ser\u00edan utilizados con modelos de lenguaje como GPT-4, para poder descartar que estos modelos aprendieron las soluciones, y que m\u00e1s bien llegaron a resolver el problema por s\u00ed mismos.<\/p>\n<p style=\"text-align: center;\"><b>As\u00ed que la respuesta a d\u00eda de hoy es que GPT-4 no es <\/b><span style=\"color: #000000;\"><b>conscience<\/b><\/span><b>\u00a0de su ser.<\/b><br \/>\n<strong>\u00a1Todav\u00eda queda mucho por hacer!<\/strong><\/p>\n<p>Personalmente creo que hay algo much\u00edsimo m\u00e1s significativo para determinar si un sistema es \u00abconsciente\u00bb de su \u00abser\u00bb m\u00e1s all\u00e1 de la resoluci\u00f3n de problemas cognitivos; algo tan simple como una reacci\u00f3n que podamos interpretar como \u201cmiedo\u201d si se intenta actualizar o apagar. Ninguno de nosotros sabe hablar como gatos, perros o cualquier otro animal, pero somos capaces de reconocer (y empatizar) cuando manifiestan miedo, por ejemplo, al llevarlos al veterinario. As\u00ed, en el momento en que nosotros como humanos seamos capaces de empatizar con una aplicaci\u00f3n que manifieste espont\u00e1neamente una reacci\u00f3n a alg\u00fan cambio intr\u00ednseco\u2026 quiz\u00e1 en ese momento debamos reconocer que el sistema se ha vuelto consciente de su \u00abser\u00bb.<\/p>\n<p>Y eso es maravilloso\u2026 ser\u00e1 nuestro verdadero \u201cprimer contacto\u201d con un ser que no es humano, pero que nos conocer\u00e1 muy bien.<\/p>\n<p>Honestamente tambi\u00e9n creo que nada de esto llegar\u00e1 hasta que tengamos disponible amplias capacidades de computaci\u00f3n cu\u00e1ntica. Nuestra capacidad de c\u00f3mputo con la inform\u00e1tica tradicional no creo que se suficiente como para encender la chispa de la \u00abconciencia\u00bb. Pero qui\u00e9n sabe \ud83d\ude09<\/p>\n<p>___________________________________________________________<br \/>\n1 &#8211; Linda S Gottfredson. Mainstream science on intelligence: An editorial with 52 signatories, history, and bibliography, 1997.<\/p>\n<!-- AddThis Advanced Settings generic via filter on the_content --><!-- AddThis Share Buttons generic via filter on the_content --><span class=\"et_bloom_bottom_trigger\"><\/span>","protected":false},"excerpt":{"rendered":"<p>Desde que ChatGPT entr\u00f3 en diciembre de 2022 en nuestras vidas, no hemos tenido tregua escuchando c\u00f3mo la Inteligencia Artificial (AI por sus siglas en ingl\u00e9s) est\u00e1 infiltr\u00e1ndose en diversos aspectos de nuestra vida diaria y profesional.<!-- AddThis Advanced Settings generic via filter on get_the_excerpt --><!-- AddThis Share Buttons generic via filter on get_the_excerpt --><\/p>\n","protected":false},"author":199,"featured_media":1405,"comment_status":"open","ping_status":"open","sticky":false,"template":"","format":"standard","meta":{"footnotes":""},"categories":[82,81,5],"tags":[],"class_list":["post-1393","post","type-post","status-publish","format-standard","has-post-thumbnail","hentry","category-gpt","category-oenai","category-reflexiones"],"yoast_head":"<!-- This site is optimized with the Yoast SEO Premium plugin v18.2.1 (Yoast SEO v27.3) - https:\/\/yoast.com\/product\/yoast-seo-premium-wordpress\/ -->\n<title>\u00bfEs GPT-4 capaz de pensar o ser consciente de s\u00ed mismo? | ENCAMINA<\/title>\n<meta name=\"description\" content=\"Desde que ChatGPT entr\u00f3 en diciembre de 2022 en nuestras vidas, no hemos tenido tregua escuchando c\u00f3mo la Inteligencia Artificial (AI por sus siglas en ingl\u00e9s) est\u00e1 infiltr\u00e1ndose en diversos aspectos de nuestra vida diaria y profesional.\" \/>\n<meta name=\"robots\" content=\"index, follow, max-snippet:-1, max-image-preview:large, max-video-preview:-1\" \/>\n<link rel=\"canonical\" href=\"https:\/\/blogs.encamina.com\/transformacion-digital\/es-gpt-4-capaz-de-pensar-o-ser-consciente-de-si-mismo\/\" \/>\n<meta property=\"og:locale\" content=\"es_ES\" \/>\n<meta property=\"og:type\" content=\"article\" \/>\n<meta property=\"og:title\" content=\"\u00bfEs GPT-4 capaz de pensar o ser consciente de s\u00ed mismo?\" \/>\n<meta property=\"og:description\" content=\"Desde que ChatGPT entr\u00f3 en diciembre de 2022 en nuestras vidas, no hemos tenido tregua escuchando c\u00f3mo la Inteligencia Artificial (AI por sus siglas en ingl\u00e9s) est\u00e1 infiltr\u00e1ndose en diversos aspectos de nuestra vida diaria y profesional.\" \/>\n<meta property=\"og:url\" content=\"https:\/\/blogs.encamina.com\/transformacion-digital\/es-gpt-4-capaz-de-pensar-o-ser-consciente-de-si-mismo\/\" \/>\n<meta property=\"og:site_name\" content=\"Transformaci\u00f3n Digital\" \/>\n<meta property=\"article:published_time\" content=\"2023-04-02T12:12:48+00:00\" \/>\n<meta property=\"og:image\" content=\"http:\/\/blogs.encamina.com\/transformacion-digital\/wp-content\/uploads\/sites\/18\/2023\/03\/GPT-4.jpg\" \/>\n\t<meta property=\"og:image:width\" content=\"883\" \/>\n\t<meta property=\"og:image:height\" content=\"539\" \/>\n\t<meta property=\"og:image:type\" content=\"image\/jpeg\" \/>\n<meta name=\"author\" content=\"Rodrigo Liberoff\" \/>\n<meta name=\"twitter:card\" content=\"summary_large_image\" \/>\n<meta name=\"twitter:creator\" content=\"@rliberoff\" \/>\n<meta name=\"twitter:label1\" content=\"Escrito por\" \/>\n\t<meta name=\"twitter:data1\" content=\"Rodrigo Liberoff\" \/>\n\t<meta name=\"twitter:label2\" content=\"Tiempo de lectura\" \/>\n\t<meta name=\"twitter:data2\" content=\"16 minutos\" \/>\n<script type=\"application\/ld+json\" class=\"yoast-schema-graph\">{\"@context\":\"https:\\\/\\\/schema.org\",\"@graph\":[{\"@type\":\"Article\",\"@id\":\"https:\\\/\\\/blogs.encamina.com\\\/transformacion-digital\\\/es-gpt-4-capaz-de-pensar-o-ser-consciente-de-si-mismo\\\/#article\",\"isPartOf\":{\"@id\":\"https:\\\/\\\/blogs.encamina.com\\\/transformacion-digital\\\/es-gpt-4-capaz-de-pensar-o-ser-consciente-de-si-mismo\\\/\"},\"author\":{\"name\":\"Rodrigo Liberoff\",\"@id\":\"https:\\\/\\\/blogs.encamina.com\\\/transformacion-digital\\\/#\\\/schema\\\/person\\\/5d872a89111919d7f5072c32fef484e0\"},\"headline\":\"\u00bfEs GPT-4 capaz de pensar o ser consciente de s\u00ed mismo?\",\"datePublished\":\"2023-04-02T12:12:48+00:00\",\"mainEntityOfPage\":{\"@id\":\"https:\\\/\\\/blogs.encamina.com\\\/transformacion-digital\\\/es-gpt-4-capaz-de-pensar-o-ser-consciente-de-si-mismo\\\/\"},\"wordCount\":3437,\"commentCount\":0,\"image\":{\"@id\":\"https:\\\/\\\/blogs.encamina.com\\\/transformacion-digital\\\/es-gpt-4-capaz-de-pensar-o-ser-consciente-de-si-mismo\\\/#primaryimage\"},\"thumbnailUrl\":\"https:\\\/\\\/blogs.encamina.com\\\/transformacion-digital\\\/wp-content\\\/uploads\\\/sites\\\/18\\\/2023\\\/03\\\/GPT-4.jpg\",\"articleSection\":[\"GPT\",\"OenAI\",\"reflexiones\"],\"inLanguage\":\"es\",\"potentialAction\":[{\"@type\":\"CommentAction\",\"name\":\"Comment\",\"target\":[\"https:\\\/\\\/blogs.encamina.com\\\/transformacion-digital\\\/es-gpt-4-capaz-de-pensar-o-ser-consciente-de-si-mismo\\\/#respond\"]}]},{\"@type\":\"WebPage\",\"@id\":\"https:\\\/\\\/blogs.encamina.com\\\/transformacion-digital\\\/es-gpt-4-capaz-de-pensar-o-ser-consciente-de-si-mismo\\\/\",\"url\":\"https:\\\/\\\/blogs.encamina.com\\\/transformacion-digital\\\/es-gpt-4-capaz-de-pensar-o-ser-consciente-de-si-mismo\\\/\",\"name\":\"\u00bfEs GPT-4 capaz de pensar o ser consciente de s\u00ed mismo? | ENCAMINA\",\"isPartOf\":{\"@id\":\"https:\\\/\\\/blogs.encamina.com\\\/transformacion-digital\\\/#website\"},\"primaryImageOfPage\":{\"@id\":\"https:\\\/\\\/blogs.encamina.com\\\/transformacion-digital\\\/es-gpt-4-capaz-de-pensar-o-ser-consciente-de-si-mismo\\\/#primaryimage\"},\"image\":{\"@id\":\"https:\\\/\\\/blogs.encamina.com\\\/transformacion-digital\\\/es-gpt-4-capaz-de-pensar-o-ser-consciente-de-si-mismo\\\/#primaryimage\"},\"thumbnailUrl\":\"https:\\\/\\\/blogs.encamina.com\\\/transformacion-digital\\\/wp-content\\\/uploads\\\/sites\\\/18\\\/2023\\\/03\\\/GPT-4.jpg\",\"datePublished\":\"2023-04-02T12:12:48+00:00\",\"author\":{\"@id\":\"https:\\\/\\\/blogs.encamina.com\\\/transformacion-digital\\\/#\\\/schema\\\/person\\\/5d872a89111919d7f5072c32fef484e0\"},\"description\":\"Desde que ChatGPT entr\u00f3 en diciembre de 2022 en nuestras vidas, no hemos tenido tregua escuchando c\u00f3mo la Inteligencia Artificial (AI por sus siglas en ingl\u00e9s) est\u00e1 infiltr\u00e1ndose en diversos aspectos de nuestra vida diaria y profesional.\",\"breadcrumb\":{\"@id\":\"https:\\\/\\\/blogs.encamina.com\\\/transformacion-digital\\\/es-gpt-4-capaz-de-pensar-o-ser-consciente-de-si-mismo\\\/#breadcrumb\"},\"inLanguage\":\"es\",\"potentialAction\":[{\"@type\":\"ReadAction\",\"target\":[\"https:\\\/\\\/blogs.encamina.com\\\/transformacion-digital\\\/es-gpt-4-capaz-de-pensar-o-ser-consciente-de-si-mismo\\\/\"]}]},{\"@type\":\"ImageObject\",\"inLanguage\":\"es\",\"@id\":\"https:\\\/\\\/blogs.encamina.com\\\/transformacion-digital\\\/es-gpt-4-capaz-de-pensar-o-ser-consciente-de-si-mismo\\\/#primaryimage\",\"url\":\"https:\\\/\\\/blogs.encamina.com\\\/transformacion-digital\\\/wp-content\\\/uploads\\\/sites\\\/18\\\/2023\\\/03\\\/GPT-4.jpg\",\"contentUrl\":\"https:\\\/\\\/blogs.encamina.com\\\/transformacion-digital\\\/wp-content\\\/uploads\\\/sites\\\/18\\\/2023\\\/03\\\/GPT-4.jpg\",\"width\":883,\"height\":539},{\"@type\":\"BreadcrumbList\",\"@id\":\"https:\\\/\\\/blogs.encamina.com\\\/transformacion-digital\\\/es-gpt-4-capaz-de-pensar-o-ser-consciente-de-si-mismo\\\/#breadcrumb\",\"itemListElement\":[{\"@type\":\"ListItem\",\"position\":1,\"name\":\"Portada\",\"item\":\"https:\\\/\\\/blogs.encamina.com\\\/transformacion-digital\\\/\"},{\"@type\":\"ListItem\",\"position\":2,\"name\":\"\u00bfEs GPT-4 capaz de pensar o ser consciente de s\u00ed mismo?\"}]},{\"@type\":\"WebSite\",\"@id\":\"https:\\\/\\\/blogs.encamina.com\\\/transformacion-digital\\\/#website\",\"url\":\"https:\\\/\\\/blogs.encamina.com\\\/transformacion-digital\\\/\",\"name\":\"Transformaci\u00f3n Digital\",\"description\":\"M\u00e1s colaborativos, inteligentes, flexibles y veloces\",\"potentialAction\":[{\"@type\":\"SearchAction\",\"target\":{\"@type\":\"EntryPoint\",\"urlTemplate\":\"https:\\\/\\\/blogs.encamina.com\\\/transformacion-digital\\\/?s={search_term_string}\"},\"query-input\":{\"@type\":\"PropertyValueSpecification\",\"valueRequired\":true,\"valueName\":\"search_term_string\"}}],\"inLanguage\":\"es\"},{\"@type\":\"Person\",\"@id\":\"https:\\\/\\\/blogs.encamina.com\\\/transformacion-digital\\\/#\\\/schema\\\/person\\\/5d872a89111919d7f5072c32fef484e0\",\"name\":\"Rodrigo Liberoff\",\"image\":{\"@type\":\"ImageObject\",\"inLanguage\":\"es\",\"@id\":\"https:\\\/\\\/secure.gravatar.com\\\/avatar\\\/eb6e449978f2a7277cccb31a42a6114cd3e5d05151c7654632b12691f96d2397?s=96&d=mm&r=g\",\"url\":\"https:\\\/\\\/secure.gravatar.com\\\/avatar\\\/eb6e449978f2a7277cccb31a42a6114cd3e5d05151c7654632b12691f96d2397?s=96&d=mm&r=g\",\"contentUrl\":\"https:\\\/\\\/secure.gravatar.com\\\/avatar\\\/eb6e449978f2a7277cccb31a42a6114cd3e5d05151c7654632b12691f96d2397?s=96&d=mm&r=g\",\"caption\":\"Rodrigo Liberoff\"},\"description\":\"Arquitecto Cloud y de Soluciones de Software en ENCAMINA, cuento con con m\u00e1s de 19 a\u00f1os de experiencia. Apasionado del dise\u00f1o, conceptualizaci\u00f3n e implementaci\u00f3n de software empleando el lenguaje de programaci\u00f3n C# y las \u00faltimas tecnolog\u00edas de Microsoft, especialmente Azure. Disfruto de crear arquitecturas de software e investigar sobre nuevas tecnolog\u00edas, y su posible implantaci\u00f3n dentro de diversas organizaciones y clientes. Tambi\u00e9n soy un Agile Coach, y me fascina hablar y ayudar en la instituci\u00f3n y uso de metodolog\u00edas \u00e1giles como Scrum, Kamban, Sumban y SAFe.\",\"sameAs\":[\"https:\\\/\\\/www.linkedin.com\\\/in\\\/rliberoff\\\/\",\"https:\\\/\\\/x.com\\\/rliberoff\"],\"url\":\"https:\\\/\\\/blogs.encamina.com\\\/transformacion-digital\\\/author\\\/rliberoff\\\/\"}]}<\/script>\n<!-- \/ Yoast SEO Premium plugin. -->","yoast_head_json":{"title":"\u00bfEs GPT-4 capaz de pensar o ser consciente de s\u00ed mismo? | ENCAMINA","description":"Desde que ChatGPT entr\u00f3 en diciembre de 2022 en nuestras vidas, no hemos tenido tregua escuchando c\u00f3mo la Inteligencia Artificial (AI por sus siglas en ingl\u00e9s) est\u00e1 infiltr\u00e1ndose en diversos aspectos de nuestra vida diaria y profesional.","robots":{"index":"index","follow":"follow","max-snippet":"max-snippet:-1","max-image-preview":"max-image-preview:large","max-video-preview":"max-video-preview:-1"},"canonical":"https:\/\/blogs.encamina.com\/transformacion-digital\/es-gpt-4-capaz-de-pensar-o-ser-consciente-de-si-mismo\/","og_locale":"es_ES","og_type":"article","og_title":"\u00bfEs GPT-4 capaz de pensar o ser consciente de s\u00ed mismo?","og_description":"Desde que ChatGPT entr\u00f3 en diciembre de 2022 en nuestras vidas, no hemos tenido tregua escuchando c\u00f3mo la Inteligencia Artificial (AI por sus siglas en ingl\u00e9s) est\u00e1 infiltr\u00e1ndose en diversos aspectos de nuestra vida diaria y profesional.","og_url":"https:\/\/blogs.encamina.com\/transformacion-digital\/es-gpt-4-capaz-de-pensar-o-ser-consciente-de-si-mismo\/","og_site_name":"Transformaci\u00f3n Digital","article_published_time":"2023-04-02T12:12:48+00:00","og_image":[{"width":883,"height":539,"url":"http:\/\/blogs.encamina.com\/transformacion-digital\/wp-content\/uploads\/sites\/18\/2023\/03\/GPT-4.jpg","type":"image\/jpeg"}],"author":"Rodrigo Liberoff","twitter_card":"summary_large_image","twitter_creator":"@rliberoff","twitter_misc":{"Escrito por":"Rodrigo Liberoff","Tiempo de lectura":"16 minutos"},"schema":{"@context":"https:\/\/schema.org","@graph":[{"@type":"Article","@id":"https:\/\/blogs.encamina.com\/transformacion-digital\/es-gpt-4-capaz-de-pensar-o-ser-consciente-de-si-mismo\/#article","isPartOf":{"@id":"https:\/\/blogs.encamina.com\/transformacion-digital\/es-gpt-4-capaz-de-pensar-o-ser-consciente-de-si-mismo\/"},"author":{"name":"Rodrigo Liberoff","@id":"https:\/\/blogs.encamina.com\/transformacion-digital\/#\/schema\/person\/5d872a89111919d7f5072c32fef484e0"},"headline":"\u00bfEs GPT-4 capaz de pensar o ser consciente de s\u00ed mismo?","datePublished":"2023-04-02T12:12:48+00:00","mainEntityOfPage":{"@id":"https:\/\/blogs.encamina.com\/transformacion-digital\/es-gpt-4-capaz-de-pensar-o-ser-consciente-de-si-mismo\/"},"wordCount":3437,"commentCount":0,"image":{"@id":"https:\/\/blogs.encamina.com\/transformacion-digital\/es-gpt-4-capaz-de-pensar-o-ser-consciente-de-si-mismo\/#primaryimage"},"thumbnailUrl":"https:\/\/blogs.encamina.com\/transformacion-digital\/wp-content\/uploads\/sites\/18\/2023\/03\/GPT-4.jpg","articleSection":["GPT","OenAI","reflexiones"],"inLanguage":"es","potentialAction":[{"@type":"CommentAction","name":"Comment","target":["https:\/\/blogs.encamina.com\/transformacion-digital\/es-gpt-4-capaz-de-pensar-o-ser-consciente-de-si-mismo\/#respond"]}]},{"@type":"WebPage","@id":"https:\/\/blogs.encamina.com\/transformacion-digital\/es-gpt-4-capaz-de-pensar-o-ser-consciente-de-si-mismo\/","url":"https:\/\/blogs.encamina.com\/transformacion-digital\/es-gpt-4-capaz-de-pensar-o-ser-consciente-de-si-mismo\/","name":"\u00bfEs GPT-4 capaz de pensar o ser consciente de s\u00ed mismo? | ENCAMINA","isPartOf":{"@id":"https:\/\/blogs.encamina.com\/transformacion-digital\/#website"},"primaryImageOfPage":{"@id":"https:\/\/blogs.encamina.com\/transformacion-digital\/es-gpt-4-capaz-de-pensar-o-ser-consciente-de-si-mismo\/#primaryimage"},"image":{"@id":"https:\/\/blogs.encamina.com\/transformacion-digital\/es-gpt-4-capaz-de-pensar-o-ser-consciente-de-si-mismo\/#primaryimage"},"thumbnailUrl":"https:\/\/blogs.encamina.com\/transformacion-digital\/wp-content\/uploads\/sites\/18\/2023\/03\/GPT-4.jpg","datePublished":"2023-04-02T12:12:48+00:00","author":{"@id":"https:\/\/blogs.encamina.com\/transformacion-digital\/#\/schema\/person\/5d872a89111919d7f5072c32fef484e0"},"description":"Desde que ChatGPT entr\u00f3 en diciembre de 2022 en nuestras vidas, no hemos tenido tregua escuchando c\u00f3mo la Inteligencia Artificial (AI por sus siglas en ingl\u00e9s) est\u00e1 infiltr\u00e1ndose en diversos aspectos de nuestra vida diaria y profesional.","breadcrumb":{"@id":"https:\/\/blogs.encamina.com\/transformacion-digital\/es-gpt-4-capaz-de-pensar-o-ser-consciente-de-si-mismo\/#breadcrumb"},"inLanguage":"es","potentialAction":[{"@type":"ReadAction","target":["https:\/\/blogs.encamina.com\/transformacion-digital\/es-gpt-4-capaz-de-pensar-o-ser-consciente-de-si-mismo\/"]}]},{"@type":"ImageObject","inLanguage":"es","@id":"https:\/\/blogs.encamina.com\/transformacion-digital\/es-gpt-4-capaz-de-pensar-o-ser-consciente-de-si-mismo\/#primaryimage","url":"https:\/\/blogs.encamina.com\/transformacion-digital\/wp-content\/uploads\/sites\/18\/2023\/03\/GPT-4.jpg","contentUrl":"https:\/\/blogs.encamina.com\/transformacion-digital\/wp-content\/uploads\/sites\/18\/2023\/03\/GPT-4.jpg","width":883,"height":539},{"@type":"BreadcrumbList","@id":"https:\/\/blogs.encamina.com\/transformacion-digital\/es-gpt-4-capaz-de-pensar-o-ser-consciente-de-si-mismo\/#breadcrumb","itemListElement":[{"@type":"ListItem","position":1,"name":"Portada","item":"https:\/\/blogs.encamina.com\/transformacion-digital\/"},{"@type":"ListItem","position":2,"name":"\u00bfEs GPT-4 capaz de pensar o ser consciente de s\u00ed mismo?"}]},{"@type":"WebSite","@id":"https:\/\/blogs.encamina.com\/transformacion-digital\/#website","url":"https:\/\/blogs.encamina.com\/transformacion-digital\/","name":"Transformaci\u00f3n Digital","description":"M\u00e1s colaborativos, inteligentes, flexibles y veloces","potentialAction":[{"@type":"SearchAction","target":{"@type":"EntryPoint","urlTemplate":"https:\/\/blogs.encamina.com\/transformacion-digital\/?s={search_term_string}"},"query-input":{"@type":"PropertyValueSpecification","valueRequired":true,"valueName":"search_term_string"}}],"inLanguage":"es"},{"@type":"Person","@id":"https:\/\/blogs.encamina.com\/transformacion-digital\/#\/schema\/person\/5d872a89111919d7f5072c32fef484e0","name":"Rodrigo Liberoff","image":{"@type":"ImageObject","inLanguage":"es","@id":"https:\/\/secure.gravatar.com\/avatar\/eb6e449978f2a7277cccb31a42a6114cd3e5d05151c7654632b12691f96d2397?s=96&d=mm&r=g","url":"https:\/\/secure.gravatar.com\/avatar\/eb6e449978f2a7277cccb31a42a6114cd3e5d05151c7654632b12691f96d2397?s=96&d=mm&r=g","contentUrl":"https:\/\/secure.gravatar.com\/avatar\/eb6e449978f2a7277cccb31a42a6114cd3e5d05151c7654632b12691f96d2397?s=96&d=mm&r=g","caption":"Rodrigo Liberoff"},"description":"Arquitecto Cloud y de Soluciones de Software en ENCAMINA, cuento con con m\u00e1s de 19 a\u00f1os de experiencia. Apasionado del dise\u00f1o, conceptualizaci\u00f3n e implementaci\u00f3n de software empleando el lenguaje de programaci\u00f3n C# y las \u00faltimas tecnolog\u00edas de Microsoft, especialmente Azure. Disfruto de crear arquitecturas de software e investigar sobre nuevas tecnolog\u00edas, y su posible implantaci\u00f3n dentro de diversas organizaciones y clientes. Tambi\u00e9n soy un Agile Coach, y me fascina hablar y ayudar en la instituci\u00f3n y uso de metodolog\u00edas \u00e1giles como Scrum, Kamban, Sumban y SAFe.","sameAs":["https:\/\/www.linkedin.com\/in\/rliberoff\/","https:\/\/x.com\/rliberoff"],"url":"https:\/\/blogs.encamina.com\/transformacion-digital\/author\/rliberoff\/"}]}},"_links":{"self":[{"href":"https:\/\/blogs.encamina.com\/transformacion-digital\/wp-json\/wp\/v2\/posts\/1393","targetHints":{"allow":["GET"]}}],"collection":[{"href":"https:\/\/blogs.encamina.com\/transformacion-digital\/wp-json\/wp\/v2\/posts"}],"about":[{"href":"https:\/\/blogs.encamina.com\/transformacion-digital\/wp-json\/wp\/v2\/types\/post"}],"author":[{"embeddable":true,"href":"https:\/\/blogs.encamina.com\/transformacion-digital\/wp-json\/wp\/v2\/users\/199"}],"replies":[{"embeddable":true,"href":"https:\/\/blogs.encamina.com\/transformacion-digital\/wp-json\/wp\/v2\/comments?post=1393"}],"version-history":[{"count":0,"href":"https:\/\/blogs.encamina.com\/transformacion-digital\/wp-json\/wp\/v2\/posts\/1393\/revisions"}],"wp:featuredmedia":[{"embeddable":true,"href":"https:\/\/blogs.encamina.com\/transformacion-digital\/wp-json\/wp\/v2\/media\/1405"}],"wp:attachment":[{"href":"https:\/\/blogs.encamina.com\/transformacion-digital\/wp-json\/wp\/v2\/media?parent=1393"}],"wp:term":[{"taxonomy":"category","embeddable":true,"href":"https:\/\/blogs.encamina.com\/transformacion-digital\/wp-json\/wp\/v2\/categories?post=1393"},{"taxonomy":"post_tag","embeddable":true,"href":"https:\/\/blogs.encamina.com\/transformacion-digital\/wp-json\/wp\/v2\/tags?post=1393"}],"curies":[{"name":"wp","href":"https:\/\/api.w.org\/{rel}","templated":true}]}}