{"id":191,"name":"Mar Pedroche Ad\u00e1n","url":"","description":"Actualmente soy Modern Workplace Solutions Specialist en ENCAMINA. Especialista en la soluci\u00f3n Microsoft 365 y PowerPlatform. Me apasionan los retos, la tecnolog\u00eda, estar en constante aprendizaje y conseguir mejorar la productividad de las organizaciones.","link":"https:\/\/blogs.encamina.com\/por-una-nube-sostenible\/author\/mpedroche\/","slug":"mpedroche","avatar_urls":{"24":"https:\/\/secure.gravatar.com\/avatar\/78fc96375055a46d187cd3a81cd4af11a5fde113b5166170a2fd1597b53ea389?s=24&d=mm&r=g","48":"https:\/\/secure.gravatar.com\/avatar\/78fc96375055a46d187cd3a81cd4af11a5fde113b5166170a2fd1597b53ea389?s=48&d=mm&r=g","96":"https:\/\/secure.gravatar.com\/avatar\/78fc96375055a46d187cd3a81cd4af11a5fde113b5166170a2fd1597b53ea389?s=96&d=mm&r=g"},"meta":[],"yoast_head":"<!-- This site is optimized with the Yoast SEO Premium plugin v18.2.1 (Yoast SEO v27.3) - https:\/\/yoast.com\/product\/yoast-seo-premium-wordpress\/ -->\n<title>Mar Pedroche Ad\u00e1n, Autor en Por una nube sostenible<\/title>\n<meta name=\"robots\" content=\"index, follow, max-snippet:-1, max-image-preview:large, max-video-preview:-1\" \/>\n<link rel=\"canonical\" href=\"https:\/\/blogs.encamina.com\/por-una-nube-sostenible\/author\/mpedroche\/\" \/>\n<meta property=\"og:locale\" content=\"es_ES\" \/>\n<meta property=\"og:type\" content=\"profile\" \/>\n<meta property=\"og:title\" content=\"Mar Pedroche Ad\u00e1n\" \/>\n<meta property=\"og:url\" content=\"https:\/\/blogs.encamina.com\/por-una-nube-sostenible\/author\/mpedroche\/\" \/>\n<meta property=\"og:site_name\" content=\"Por una nube sostenible\" \/>\n<meta property=\"og:image\" content=\"https:\/\/secure.gravatar.com\/avatar\/797b106828b58a592994ecb0f902bd1c?s=500&d=mm&r=g\" \/>\n<meta name=\"twitter:card\" content=\"summary_large_image\" \/>\n<script type=\"application\/ld+json\" class=\"yoast-schema-graph\">{\"@context\":\"https:\\\/\\\/schema.org\",\"@graph\":[{\"@type\":\"ProfilePage\",\"@id\":\"https:\\\/\\\/blogs.encamina.com\\\/por-una-nube-sostenible\\\/author\\\/mpedroche\\\/\",\"url\":\"https:\\\/\\\/blogs.encamina.com\\\/por-una-nube-sostenible\\\/author\\\/mpedroche\\\/\",\"name\":\"Mar Pedroche Ad\u00e1n, Autor en Por una nube sostenible\",\"isPartOf\":{\"@id\":\"https:\\\/\\\/blogs.encamina.com\\\/por-una-nube-sostenible\\\/#website\"},\"breadcrumb\":{\"@id\":\"https:\\\/\\\/blogs.encamina.com\\\/por-una-nube-sostenible\\\/author\\\/mpedroche\\\/#breadcrumb\"},\"inLanguage\":\"es\",\"potentialAction\":[{\"@type\":\"ReadAction\",\"target\":[\"https:\\\/\\\/blogs.encamina.com\\\/por-una-nube-sostenible\\\/author\\\/mpedroche\\\/\"]}]},{\"@type\":\"BreadcrumbList\",\"@id\":\"https:\\\/\\\/blogs.encamina.com\\\/por-una-nube-sostenible\\\/author\\\/mpedroche\\\/#breadcrumb\",\"itemListElement\":[{\"@type\":\"ListItem\",\"position\":1,\"name\":\"Portada\",\"item\":\"https:\\\/\\\/blogs.encamina.com\\\/por-una-nube-sostenible\\\/\"},{\"@type\":\"ListItem\",\"position\":2,\"name\":\"Archivos por Mar Pedroche Ad\u00e1n\"}]},{\"@type\":\"WebSite\",\"@id\":\"https:\\\/\\\/blogs.encamina.com\\\/por-una-nube-sostenible\\\/#website\",\"url\":\"https:\\\/\\\/blogs.encamina.com\\\/por-una-nube-sostenible\\\/\",\"name\":\"Por una nube sostenible\",\"description\":\"C\u00f3mo no romper los l\u00edmites, c\u00f3mo crear una buena arquitectura y c\u00f3mo hacer un buen mantenimiento\",\"potentialAction\":[{\"@type\":\"SearchAction\",\"target\":{\"@type\":\"EntryPoint\",\"urlTemplate\":\"https:\\\/\\\/blogs.encamina.com\\\/por-una-nube-sostenible\\\/?s={search_term_string}\"},\"query-input\":{\"@type\":\"PropertyValueSpecification\",\"valueRequired\":true,\"valueName\":\"search_term_string\"}}],\"inLanguage\":\"es\"},{\"@type\":\"Person\",\"@id\":\"https:\\\/\\\/blogs.encamina.com\\\/por-una-nube-sostenible\\\/#\\\/schema\\\/person\\\/794f01a78b5e4d64786300a1fb2e87db\",\"name\":\"Mar Pedroche Ad\u00e1n\",\"image\":{\"@type\":\"ImageObject\",\"inLanguage\":\"es\",\"@id\":\"https:\\\/\\\/secure.gravatar.com\\\/avatar\\\/78fc96375055a46d187cd3a81cd4af11a5fde113b5166170a2fd1597b53ea389?s=96&d=mm&r=g\",\"url\":\"https:\\\/\\\/secure.gravatar.com\\\/avatar\\\/78fc96375055a46d187cd3a81cd4af11a5fde113b5166170a2fd1597b53ea389?s=96&d=mm&r=g\",\"contentUrl\":\"https:\\\/\\\/secure.gravatar.com\\\/avatar\\\/78fc96375055a46d187cd3a81cd4af11a5fde113b5166170a2fd1597b53ea389?s=96&d=mm&r=g\",\"caption\":\"Mar Pedroche Ad\u00e1n\"},\"description\":\"Actualmente soy Modern Workplace Solutions Specialist en ENCAMINA. Especialista en la soluci\u00f3n Microsoft 365 y PowerPlatform. Me apasionan los retos, la tecnolog\u00eda, estar en constante aprendizaje y conseguir mejorar la productividad de las organizaciones.\",\"mainEntityOfPage\":{\"@id\":\"https:\\\/\\\/blogs.encamina.com\\\/por-una-nube-sostenible\\\/author\\\/mpedroche\\\/\"}}]}<\/script>\n<!-- \/ Yoast SEO Premium plugin. -->","yoast_head_json":{"title":"Mar Pedroche Ad\u00e1n, Autor en Por una nube sostenible","robots":{"index":"index","follow":"follow","max-snippet":"max-snippet:-1","max-image-preview":"max-image-preview:large","max-video-preview":"max-video-preview:-1"},"canonical":"https:\/\/blogs.encamina.com\/por-una-nube-sostenible\/author\/mpedroche\/","og_locale":"es_ES","og_type":"profile","og_title":"Mar Pedroche Ad\u00e1n","og_url":"https:\/\/blogs.encamina.com\/por-una-nube-sostenible\/author\/mpedroche\/","og_site_name":"Por una nube sostenible","og_image":[{"url":"https:\/\/secure.gravatar.com\/avatar\/797b106828b58a592994ecb0f902bd1c?s=500&d=mm&r=g","type":"","width":"","height":""}],"twitter_card":"summary_large_image","schema":{"@context":"https:\/\/schema.org","@graph":[{"@type":"ProfilePage","@id":"https:\/\/blogs.encamina.com\/por-una-nube-sostenible\/author\/mpedroche\/","url":"https:\/\/blogs.encamina.com\/por-una-nube-sostenible\/author\/mpedroche\/","name":"Mar Pedroche Ad\u00e1n, Autor en Por una nube sostenible","isPartOf":{"@id":"https:\/\/blogs.encamina.com\/por-una-nube-sostenible\/#website"},"breadcrumb":{"@id":"https:\/\/blogs.encamina.com\/por-una-nube-sostenible\/author\/mpedroche\/#breadcrumb"},"inLanguage":"es","potentialAction":[{"@type":"ReadAction","target":["https:\/\/blogs.encamina.com\/por-una-nube-sostenible\/author\/mpedroche\/"]}]},{"@type":"BreadcrumbList","@id":"https:\/\/blogs.encamina.com\/por-una-nube-sostenible\/author\/mpedroche\/#breadcrumb","itemListElement":[{"@type":"ListItem","position":1,"name":"Portada","item":"https:\/\/blogs.encamina.com\/por-una-nube-sostenible\/"},{"@type":"ListItem","position":2,"name":"Archivos por Mar Pedroche Ad\u00e1n"}]},{"@type":"WebSite","@id":"https:\/\/blogs.encamina.com\/por-una-nube-sostenible\/#website","url":"https:\/\/blogs.encamina.com\/por-una-nube-sostenible\/","name":"Por una nube sostenible","description":"C\u00f3mo no romper los l\u00edmites, c\u00f3mo crear una buena arquitectura y c\u00f3mo hacer un buen mantenimiento","potentialAction":[{"@type":"SearchAction","target":{"@type":"EntryPoint","urlTemplate":"https:\/\/blogs.encamina.com\/por-una-nube-sostenible\/?s={search_term_string}"},"query-input":{"@type":"PropertyValueSpecification","valueRequired":true,"valueName":"search_term_string"}}],"inLanguage":"es"},{"@type":"Person","@id":"https:\/\/blogs.encamina.com\/por-una-nube-sostenible\/#\/schema\/person\/794f01a78b5e4d64786300a1fb2e87db","name":"Mar Pedroche Ad\u00e1n","image":{"@type":"ImageObject","inLanguage":"es","@id":"https:\/\/secure.gravatar.com\/avatar\/78fc96375055a46d187cd3a81cd4af11a5fde113b5166170a2fd1597b53ea389?s=96&d=mm&r=g","url":"https:\/\/secure.gravatar.com\/avatar\/78fc96375055a46d187cd3a81cd4af11a5fde113b5166170a2fd1597b53ea389?s=96&d=mm&r=g","contentUrl":"https:\/\/secure.gravatar.com\/avatar\/78fc96375055a46d187cd3a81cd4af11a5fde113b5166170a2fd1597b53ea389?s=96&d=mm&r=g","caption":"Mar Pedroche Ad\u00e1n"},"description":"Actualmente soy Modern Workplace Solutions Specialist en ENCAMINA. Especialista en la soluci\u00f3n Microsoft 365 y PowerPlatform. Me apasionan los retos, la tecnolog\u00eda, estar en constante aprendizaje y conseguir mejorar la productividad de las organizaciones.","mainEntityOfPage":{"@id":"https:\/\/blogs.encamina.com\/por-una-nube-sostenible\/author\/mpedroche\/"}}]}},"_links":{"self":[{"href":"https:\/\/blogs.encamina.com\/por-una-nube-sostenible\/wp-json\/wp\/v2\/users\/191","targetHints":{"allow":["GET"]}}],"collection":[{"href":"https:\/\/blogs.encamina.com\/por-una-nube-sostenible\/wp-json\/wp\/v2\/users"}]}}