{"id":162,"name":"Adri\u00e1n Del Rinc\u00f3n L\u00f3pez","url":"","description":"Ingeniero Superior de Telecomunicaciones por la Universidad Polit\u00e9cnica de Valencia. Desde hace varios a\u00f1os trabajo en el departamento de desarrollo de ENCAMINA. Sobre todo, me apasiona estar al tanto de lo \u00faltimo en tecnolog\u00eda, y si es en el mundo\/ecosistema Microsoft y .NET, mejor que mejor. Adem\u00e1s, tambi\u00e9n participo de las redes sociales, si quieres encontrarme, b\u00fascame con el usuario @adderin","link":"https:\/\/blogs.encamina.com\/por-una-nube-sostenible\/author\/arincon\/","slug":"arincon","avatar_urls":{"24":"https:\/\/secure.gravatar.com\/avatar\/0a0f5d273d24cb00bb3b4d1a016365e18f38440dc1c66311a85633c723b75485?s=24&d=mm&r=g","48":"https:\/\/secure.gravatar.com\/avatar\/0a0f5d273d24cb00bb3b4d1a016365e18f38440dc1c66311a85633c723b75485?s=48&d=mm&r=g","96":"https:\/\/secure.gravatar.com\/avatar\/0a0f5d273d24cb00bb3b4d1a016365e18f38440dc1c66311a85633c723b75485?s=96&d=mm&r=g"},"meta":[],"yoast_head":"<!-- This site is optimized with the Yoast SEO Premium plugin v18.2.1 (Yoast SEO v27.3) - https:\/\/yoast.com\/product\/yoast-seo-premium-wordpress\/ -->\n<title>Adri\u00e1n Del Rinc\u00f3n L\u00f3pez, Autor en Por una nube sostenible<\/title>\n<meta name=\"robots\" content=\"index, follow, max-snippet:-1, max-image-preview:large, max-video-preview:-1\" \/>\n<link rel=\"canonical\" href=\"https:\/\/blogs.encamina.com\/por-una-nube-sostenible\/author\/arincon\/\" \/>\n<meta property=\"og:locale\" content=\"es_ES\" \/>\n<meta property=\"og:type\" content=\"profile\" \/>\n<meta property=\"og:title\" content=\"Adri\u00e1n Del Rinc\u00f3n L\u00f3pez\" \/>\n<meta property=\"og:url\" content=\"https:\/\/blogs.encamina.com\/por-una-nube-sostenible\/author\/arincon\/\" \/>\n<meta property=\"og:site_name\" content=\"Por una nube sostenible\" \/>\n<meta property=\"og:image\" content=\"https:\/\/secure.gravatar.com\/avatar\/19ea1156a117347d91d32e039fe75ae9?s=500&d=mm&r=g\" \/>\n<meta name=\"twitter:card\" content=\"summary_large_image\" \/>\n<script type=\"application\/ld+json\" class=\"yoast-schema-graph\">{\"@context\":\"https:\\\/\\\/schema.org\",\"@graph\":[{\"@type\":\"ProfilePage\",\"@id\":\"https:\\\/\\\/blogs.encamina.com\\\/por-una-nube-sostenible\\\/author\\\/arincon\\\/\",\"url\":\"https:\\\/\\\/blogs.encamina.com\\\/por-una-nube-sostenible\\\/author\\\/arincon\\\/\",\"name\":\"Adri\u00e1n Del Rinc\u00f3n L\u00f3pez, Autor en Por una nube sostenible\",\"isPartOf\":{\"@id\":\"https:\\\/\\\/blogs.encamina.com\\\/por-una-nube-sostenible\\\/#website\"},\"breadcrumb\":{\"@id\":\"https:\\\/\\\/blogs.encamina.com\\\/por-una-nube-sostenible\\\/author\\\/arincon\\\/#breadcrumb\"},\"inLanguage\":\"es\",\"potentialAction\":[{\"@type\":\"ReadAction\",\"target\":[\"https:\\\/\\\/blogs.encamina.com\\\/por-una-nube-sostenible\\\/author\\\/arincon\\\/\"]}]},{\"@type\":\"BreadcrumbList\",\"@id\":\"https:\\\/\\\/blogs.encamina.com\\\/por-una-nube-sostenible\\\/author\\\/arincon\\\/#breadcrumb\",\"itemListElement\":[{\"@type\":\"ListItem\",\"position\":1,\"name\":\"Portada\",\"item\":\"https:\\\/\\\/blogs.encamina.com\\\/por-una-nube-sostenible\\\/\"},{\"@type\":\"ListItem\",\"position\":2,\"name\":\"Archivos por Adri\u00e1n Del Rinc\u00f3n L\u00f3pez\"}]},{\"@type\":\"WebSite\",\"@id\":\"https:\\\/\\\/blogs.encamina.com\\\/por-una-nube-sostenible\\\/#website\",\"url\":\"https:\\\/\\\/blogs.encamina.com\\\/por-una-nube-sostenible\\\/\",\"name\":\"Por una nube sostenible\",\"description\":\"C\u00f3mo no romper los l\u00edmites, c\u00f3mo crear una buena arquitectura y c\u00f3mo hacer un buen mantenimiento\",\"potentialAction\":[{\"@type\":\"SearchAction\",\"target\":{\"@type\":\"EntryPoint\",\"urlTemplate\":\"https:\\\/\\\/blogs.encamina.com\\\/por-una-nube-sostenible\\\/?s={search_term_string}\"},\"query-input\":{\"@type\":\"PropertyValueSpecification\",\"valueRequired\":true,\"valueName\":\"search_term_string\"}}],\"inLanguage\":\"es\"},{\"@type\":\"Person\",\"@id\":\"https:\\\/\\\/blogs.encamina.com\\\/por-una-nube-sostenible\\\/#\\\/schema\\\/person\\\/7f6a50bc93473c836a90f1438ddfd247\",\"name\":\"Adri\u00e1n Del Rinc\u00f3n L\u00f3pez\",\"image\":{\"@type\":\"ImageObject\",\"inLanguage\":\"es\",\"@id\":\"https:\\\/\\\/secure.gravatar.com\\\/avatar\\\/0a0f5d273d24cb00bb3b4d1a016365e18f38440dc1c66311a85633c723b75485?s=96&d=mm&r=g\",\"url\":\"https:\\\/\\\/secure.gravatar.com\\\/avatar\\\/0a0f5d273d24cb00bb3b4d1a016365e18f38440dc1c66311a85633c723b75485?s=96&d=mm&r=g\",\"contentUrl\":\"https:\\\/\\\/secure.gravatar.com\\\/avatar\\\/0a0f5d273d24cb00bb3b4d1a016365e18f38440dc1c66311a85633c723b75485?s=96&d=mm&r=g\",\"caption\":\"Adri\u00e1n Del Rinc\u00f3n L\u00f3pez\"},\"description\":\"Ingeniero Superior de Telecomunicaciones por la Universidad Polit\u00e9cnica de Valencia. Desde hace varios a\u00f1os trabajo en el departamento de desarrollo de ENCAMINA. Sobre todo, me apasiona estar al tanto de lo \u00faltimo en tecnolog\u00eda, y si es en el mundo\\\/ecosistema Microsoft y .NET, mejor que mejor. Adem\u00e1s, tambi\u00e9n participo de las redes sociales, si quieres encontrarme, b\u00fascame con el usuario @adderin\",\"mainEntityOfPage\":{\"@id\":\"https:\\\/\\\/blogs.encamina.com\\\/por-una-nube-sostenible\\\/author\\\/arincon\\\/\"}}]}<\/script>\n<!-- \/ Yoast SEO Premium plugin. -->","yoast_head_json":{"title":"Adri\u00e1n Del Rinc\u00f3n L\u00f3pez, Autor en Por una nube sostenible","robots":{"index":"index","follow":"follow","max-snippet":"max-snippet:-1","max-image-preview":"max-image-preview:large","max-video-preview":"max-video-preview:-1"},"canonical":"https:\/\/blogs.encamina.com\/por-una-nube-sostenible\/author\/arincon\/","og_locale":"es_ES","og_type":"profile","og_title":"Adri\u00e1n Del Rinc\u00f3n L\u00f3pez","og_url":"https:\/\/blogs.encamina.com\/por-una-nube-sostenible\/author\/arincon\/","og_site_name":"Por una nube sostenible","og_image":[{"url":"https:\/\/secure.gravatar.com\/avatar\/19ea1156a117347d91d32e039fe75ae9?s=500&d=mm&r=g","type":"","width":"","height":""}],"twitter_card":"summary_large_image","schema":{"@context":"https:\/\/schema.org","@graph":[{"@type":"ProfilePage","@id":"https:\/\/blogs.encamina.com\/por-una-nube-sostenible\/author\/arincon\/","url":"https:\/\/blogs.encamina.com\/por-una-nube-sostenible\/author\/arincon\/","name":"Adri\u00e1n Del Rinc\u00f3n L\u00f3pez, Autor en Por una nube sostenible","isPartOf":{"@id":"https:\/\/blogs.encamina.com\/por-una-nube-sostenible\/#website"},"breadcrumb":{"@id":"https:\/\/blogs.encamina.com\/por-una-nube-sostenible\/author\/arincon\/#breadcrumb"},"inLanguage":"es","potentialAction":[{"@type":"ReadAction","target":["https:\/\/blogs.encamina.com\/por-una-nube-sostenible\/author\/arincon\/"]}]},{"@type":"BreadcrumbList","@id":"https:\/\/blogs.encamina.com\/por-una-nube-sostenible\/author\/arincon\/#breadcrumb","itemListElement":[{"@type":"ListItem","position":1,"name":"Portada","item":"https:\/\/blogs.encamina.com\/por-una-nube-sostenible\/"},{"@type":"ListItem","position":2,"name":"Archivos por Adri\u00e1n Del Rinc\u00f3n L\u00f3pez"}]},{"@type":"WebSite","@id":"https:\/\/blogs.encamina.com\/por-una-nube-sostenible\/#website","url":"https:\/\/blogs.encamina.com\/por-una-nube-sostenible\/","name":"Por una nube sostenible","description":"C\u00f3mo no romper los l\u00edmites, c\u00f3mo crear una buena arquitectura y c\u00f3mo hacer un buen mantenimiento","potentialAction":[{"@type":"SearchAction","target":{"@type":"EntryPoint","urlTemplate":"https:\/\/blogs.encamina.com\/por-una-nube-sostenible\/?s={search_term_string}"},"query-input":{"@type":"PropertyValueSpecification","valueRequired":true,"valueName":"search_term_string"}}],"inLanguage":"es"},{"@type":"Person","@id":"https:\/\/blogs.encamina.com\/por-una-nube-sostenible\/#\/schema\/person\/7f6a50bc93473c836a90f1438ddfd247","name":"Adri\u00e1n Del Rinc\u00f3n L\u00f3pez","image":{"@type":"ImageObject","inLanguage":"es","@id":"https:\/\/secure.gravatar.com\/avatar\/0a0f5d273d24cb00bb3b4d1a016365e18f38440dc1c66311a85633c723b75485?s=96&d=mm&r=g","url":"https:\/\/secure.gravatar.com\/avatar\/0a0f5d273d24cb00bb3b4d1a016365e18f38440dc1c66311a85633c723b75485?s=96&d=mm&r=g","contentUrl":"https:\/\/secure.gravatar.com\/avatar\/0a0f5d273d24cb00bb3b4d1a016365e18f38440dc1c66311a85633c723b75485?s=96&d=mm&r=g","caption":"Adri\u00e1n Del Rinc\u00f3n L\u00f3pez"},"description":"Ingeniero Superior de Telecomunicaciones por la Universidad Polit\u00e9cnica de Valencia. Desde hace varios a\u00f1os trabajo en el departamento de desarrollo de ENCAMINA. Sobre todo, me apasiona estar al tanto de lo \u00faltimo en tecnolog\u00eda, y si es en el mundo\/ecosistema Microsoft y .NET, mejor que mejor. Adem\u00e1s, tambi\u00e9n participo de las redes sociales, si quieres encontrarme, b\u00fascame con el usuario @adderin","mainEntityOfPage":{"@id":"https:\/\/blogs.encamina.com\/por-una-nube-sostenible\/author\/arincon\/"}}]}},"_links":{"self":[{"href":"https:\/\/blogs.encamina.com\/por-una-nube-sostenible\/wp-json\/wp\/v2\/users\/162","targetHints":{"allow":["GET"]}}],"collection":[{"href":"https:\/\/blogs.encamina.com\/por-una-nube-sostenible\/wp-json\/wp\/v2\/users"}]}}