{"id":3241,"date":"2022-12-02T10:02:12","date_gmt":"2022-12-02T09:02:12","guid":{"rendered":"https:\/\/blogs.encamina.com\/por-una-nube-sostenible\/?p=3241"},"modified":"2022-12-02T10:10:34","modified_gmt":"2022-12-02T09:10:34","slug":"una-nueva-forma-de-colaboracion-en-el-multiverso","status":"publish","type":"post","link":"https:\/\/blogs.encamina.com\/por-una-nube-sostenible\/una-nueva-forma-de-colaboracion-en-el-multiverso\/","title":{"rendered":"Una nueva forma de colaboraci\u00f3n en el Multiverso"},"content":{"rendered":"<p><img loading=\"lazy\" decoding=\"async\" class=\"aligncenter size-full wp-image-3242\" src=\"https:\/\/blogs.encamina.com\/por-una-nube-sostenible\/wp-content\/uploads\/sites\/19\/2022\/12\/Colaborando-en-el-metaverso.png\" alt=\"\" width=\"775\" height=\"462\" srcset=\"https:\/\/encaminablogs.wpenginepowered.com\/por-una-nube-sostenible\/wp-content\/uploads\/sites\/19\/2022\/12\/Colaborando-en-el-metaverso.png 775w, https:\/\/encaminablogs.wpenginepowered.com\/por-una-nube-sostenible\/wp-content\/uploads\/sites\/19\/2022\/12\/Colaborando-en-el-metaverso-300x179.png 300w, https:\/\/encaminablogs.wpenginepowered.com\/por-una-nube-sostenible\/wp-content\/uploads\/sites\/19\/2022\/12\/Colaborando-en-el-metaverso-768x458.png 768w, https:\/\/encaminablogs.wpenginepowered.com\/por-una-nube-sostenible\/wp-content\/uploads\/sites\/19\/2022\/12\/Colaborando-en-el-metaverso-610x364.png 610w\" sizes=\"auto, (max-width: 775px) 100vw, 775px\" \/><\/p>\n<p>Pensando en c\u00f3mo las personas utilizamos las herramientas de colaboraci\u00f3n y c\u00f3mo interactuamos con otras personas, \u00bfpor qu\u00e9 no definir una colaboraci\u00f3n en el #Multiverso? \u00bfPor qu\u00e9 no intentar conectar el mundo del multiverso con el mundo real?<\/p>\n<p><!--more--><\/p>\n<p>Microsoft Teams es la herramienta de colaboraci\u00f3n con la que trabajamos y colaboramos\u00a0 \u00a0con nuestros compa\u00f1eros de equipo y con algunos procesos de negocio. \u00abTeams as a platform\u00bb (como plataforma integradora de aplicaciones),\u00a0 tiene un gran impacto en la forma en que las personas participamos en el proceso de la empresa, y tiene un gran impacto en nuestra productividad. Pero la gran revoluci\u00f3n no viene de poner los procesos o las aplicaciones dentro de\u00a0 Teams, sino de <strong>cambiar la forma en la que los usuarios trabajamos con las aplicaciones<\/strong> y de incorporar <strong>mayor nivel de colaboraci\u00f3n.\u00a0<\/strong><\/p>\n<p>El trabajo de\u00a0 con operarios de primera l\u00ednea, un proceso no siempre es una pieza de software que se ejecuta en una CPU, la mayor\u00eda de las veces, para este tipo de trabajadores, un proceso tambi\u00e9n tiene entornos f\u00edsicos con m\u00e1quinas, sensores y robots. Para ello, necesitamos tener una conexi\u00f3n entre este entorno f\u00edsico, el software que ejecuta el proceso y la persona.<\/p>\n<p>Microsoft Teams es la mejor plataforma para ayudar a los Firstline Workers a colaborar con el equipo y con el proceso. \u00a0En ENCAMINA hemos desarrollado una soluci\u00f3n para permitir la colaboraci\u00f3n con una l\u00ednea de producci\u00f3n industrial y ayudar a los trabajadores a leer informaci\u00f3n y enviar \u00f3rdenes a las m\u00e1quinas.<\/p>\n<p><a href=\"https:\/\/blogs.encamina.com\/por-una-nube-sostenible\/wp-content\/uploads\/sites\/19\/2022\/11\/teamscada.png\"><img loading=\"lazy\" decoding=\"async\" class=\"aligncenter size-full wp-image-3234\" src=\"https:\/\/blogs.encamina.com\/por-una-nube-sostenible\/wp-content\/uploads\/sites\/19\/2022\/11\/teamscada.png\" alt=\"Teams as a platform using Power Virtual Agent\" width=\"994\" height=\"739\" srcset=\"https:\/\/encaminablogs.wpenginepowered.com\/por-una-nube-sostenible\/wp-content\/uploads\/sites\/19\/2022\/11\/teamscada.png 994w, https:\/\/encaminablogs.wpenginepowered.com\/por-una-nube-sostenible\/wp-content\/uploads\/sites\/19\/2022\/11\/teamscada-300x223.png 300w, https:\/\/encaminablogs.wpenginepowered.com\/por-una-nube-sostenible\/wp-content\/uploads\/sites\/19\/2022\/11\/teamscada-768x571.png 768w, https:\/\/encaminablogs.wpenginepowered.com\/por-una-nube-sostenible\/wp-content\/uploads\/sites\/19\/2022\/11\/teamscada-610x454.png 610w\" sizes=\"auto, (max-width: 994px) 100vw, 994px\" \/><\/a><\/p>\n<p>&nbsp;<\/p>\n<p>Como puedes ver en la imagen, leemos la informaci\u00f3n de las m\u00e1quinas desde el SCADA, aplicando algunos algoritmos de IA para generar <em>insights<\/em> de negocio. Ponemos todos estos <em>insights<\/em> a disposici\u00f3n de un bot usando <strong>Power Virtual Agent<\/strong> que permite a los trabajadores consultar cualquier dato, pero tambi\u00e9n enviar comandos proactivos para controlar el proceso que las m\u00e1quinas est\u00e1n ejecutando.<\/p>\n<p>En este momento hemos conectado el mundo f\u00edsico de una empresa, con el mundo digital de los equipos, mejorando la colaboraci\u00f3n entre ambos mundos y las personas que gestionan el proceso de ambos mundos.<\/p>\n<h2>\u00bfQu\u00e9 ocurre con el mundo metaverso?<\/h2>\n<p>\u00bfEs posible conectar con otros mundos para crear un multiverso de colaboraci\u00f3n? Lo hemos conseguido. Utilizando el mismo bot Power Virtual Agent, permitimos que un trabajador se conecte al metaverso para ver todas las m\u00e1quinas que est\u00e1n ejecutando el proceso e interactuar con todas estas piezas <strong>utilizando la voz<\/strong>: ejecutando comandos hablando con el bot del metaverso.<\/p>\n<p><a href=\"https:\/\/blogs.encamina.com\/por-una-nube-sostenible\/wp-content\/uploads\/sites\/19\/2022\/11\/multiverse.png\"><img loading=\"lazy\" decoding=\"async\" class=\"aligncenter size-large wp-image-3235\" src=\"https:\/\/blogs.encamina.com\/por-una-nube-sostenible\/wp-content\/uploads\/sites\/19\/2022\/11\/multiverse-1024x559.png\" alt=\"Multiverse collaboration architecture\" width=\"1024\" height=\"559\" srcset=\"https:\/\/encaminablogs.wpenginepowered.com\/por-una-nube-sostenible\/wp-content\/uploads\/sites\/19\/2022\/11\/multiverse-1024x559.png 1024w, https:\/\/encaminablogs.wpenginepowered.com\/por-una-nube-sostenible\/wp-content\/uploads\/sites\/19\/2022\/11\/multiverse-300x164.png 300w, https:\/\/encaminablogs.wpenginepowered.com\/por-una-nube-sostenible\/wp-content\/uploads\/sites\/19\/2022\/11\/multiverse-768x419.png 768w, https:\/\/encaminablogs.wpenginepowered.com\/por-una-nube-sostenible\/wp-content\/uploads\/sites\/19\/2022\/11\/multiverse-610x333.png 610w, https:\/\/encaminablogs.wpenginepowered.com\/por-una-nube-sostenible\/wp-content\/uploads\/sites\/19\/2022\/11\/multiverse.png 1311w\" sizes=\"auto, (max-width: 1024px) 100vw, 1024px\" \/><\/a><\/p>\n<p>Utilizando Microsoft Mesh como plataforma para el metaverso, creamos una <strong>experiencia multicanal<\/strong> que permite la colaboraci\u00f3n entre personas-procesos-m\u00e1quinas.<\/p>\n<p><strong>Digital Twin<\/strong> es el n\u00facleo de la representaci\u00f3n digital del mundo f\u00edsico, <strong>Microsoft Teams<\/strong> es la plataforma para conectar todas estas cosas y <strong>Power Virtual Agent<\/strong> es el habilitador del multicanal.<\/p>\n<!-- AddThis Advanced Settings generic via filter on the_content --><!-- AddThis Share Buttons generic via filter on the_content -->","protected":false},"excerpt":{"rendered":"<p>Pensando en c\u00f3mo las personas utilizamos las herramientas de colaboraci\u00f3n y c\u00f3mo interactuamos con otras personas, \u00bfpor qu\u00e9 no definir una colaboraci\u00f3n en el #Multiverso? \u00bfPor qu\u00e9 no intentar conectar el mundo del multiverso con el mundo real?<!-- AddThis Advanced Settings generic via filter on get_the_excerpt --><!-- AddThis Share Buttons generic via filter on get_the_excerpt --><\/p>\n","protected":false},"author":19,"featured_media":3242,"comment_status":"open","ping_status":"open","sticky":false,"template":"","format":"standard","meta":{"footnotes":""},"categories":[34,64,89,97],"tags":[],"class_list":["post-3241","post","type-post","status-publish","format-standard","has-post-thumbnail","hentry","category-data","category-iot","category-microsoft-teams","category-power-platform"],"yoast_head":"<!-- This site is optimized with the Yoast SEO Premium plugin v18.2.1 (Yoast SEO v27.3) - https:\/\/yoast.com\/product\/yoast-seo-premium-wordpress\/ -->\n<title>Una nueva forma de colaboraci\u00f3n en el Multiverso | ENCAMINA<\/title>\n<meta name=\"description\" content=\"Creamos una experiencia multicanal que permite la colaboraci\u00f3n entre personas-procesos-m\u00e1quinas.\" \/>\n<meta name=\"robots\" content=\"index, follow, max-snippet:-1, max-image-preview:large, max-video-preview:-1\" \/>\n<link rel=\"canonical\" href=\"https:\/\/blogs.encamina.com\/por-una-nube-sostenible\/una-nueva-forma-de-colaboracion-en-el-multiverso\/\" \/>\n<meta property=\"og:locale\" content=\"es_ES\" \/>\n<meta property=\"og:type\" content=\"article\" \/>\n<meta property=\"og:title\" content=\"Una nueva forma de colaboraci\u00f3n en el Multiverso\" \/>\n<meta property=\"og:description\" content=\"Creamos una experiencia multicanal que permite la colaboraci\u00f3n entre personas-procesos-m\u00e1quinas.\" \/>\n<meta property=\"og:url\" content=\"https:\/\/blogs.encamina.com\/por-una-nube-sostenible\/una-nueva-forma-de-colaboracion-en-el-multiverso\/\" \/>\n<meta property=\"og:site_name\" content=\"Por una nube sostenible\" \/>\n<meta property=\"article:published_time\" content=\"2022-12-02T09:02:12+00:00\" \/>\n<meta property=\"article:modified_time\" content=\"2022-12-02T09:10:34+00:00\" \/>\n<meta property=\"og:image\" content=\"https:\/\/blogs.encamina.com\/por-una-nube-sostenible\/wp-content\/uploads\/sites\/19\/2022\/12\/Colaborando-en-el-metaverso.png\" \/>\n\t<meta property=\"og:image:width\" content=\"775\" \/>\n\t<meta property=\"og:image:height\" content=\"462\" \/>\n\t<meta property=\"og:image:type\" content=\"image\/png\" \/>\n<meta name=\"author\" content=\"Alberto Diaz Martin\" \/>\n<meta name=\"twitter:card\" content=\"summary_large_image\" \/>\n<meta name=\"twitter:creator\" content=\"@adiazcan\" \/>\n<meta name=\"twitter:label1\" content=\"Escrito por\" \/>\n\t<meta name=\"twitter:data1\" content=\"Alberto Diaz Martin\" \/>\n\t<meta name=\"twitter:label2\" content=\"Tiempo de lectura\" \/>\n\t<meta name=\"twitter:data2\" content=\"2 minutos\" \/>\n<script type=\"application\/ld+json\" class=\"yoast-schema-graph\">{\"@context\":\"https:\\\/\\\/schema.org\",\"@graph\":[{\"@type\":\"Article\",\"@id\":\"https:\\\/\\\/blogs.encamina.com\\\/por-una-nube-sostenible\\\/una-nueva-forma-de-colaboracion-en-el-multiverso\\\/#article\",\"isPartOf\":{\"@id\":\"https:\\\/\\\/blogs.encamina.com\\\/por-una-nube-sostenible\\\/una-nueva-forma-de-colaboracion-en-el-multiverso\\\/\"},\"author\":{\"name\":\"Alberto Diaz Martin\",\"@id\":\"https:\\\/\\\/blogs.encamina.com\\\/por-una-nube-sostenible\\\/#\\\/schema\\\/person\\\/2f5010cd661b97f8baed6fbc75f10a9c\"},\"headline\":\"Una nueva forma de colaboraci\u00f3n en el Multiverso\",\"datePublished\":\"2022-12-02T09:02:12+00:00\",\"dateModified\":\"2022-12-02T09:10:34+00:00\",\"mainEntityOfPage\":{\"@id\":\"https:\\\/\\\/blogs.encamina.com\\\/por-una-nube-sostenible\\\/una-nueva-forma-de-colaboracion-en-el-multiverso\\\/\"},\"wordCount\":501,\"commentCount\":1,\"image\":{\"@id\":\"https:\\\/\\\/blogs.encamina.com\\\/por-una-nube-sostenible\\\/una-nueva-forma-de-colaboracion-en-el-multiverso\\\/#primaryimage\"},\"thumbnailUrl\":\"https:\\\/\\\/blogs.encamina.com\\\/por-una-nube-sostenible\\\/wp-content\\\/uploads\\\/sites\\\/19\\\/2022\\\/12\\\/Colaborando-en-el-metaverso.png\",\"articleSection\":[\"Data\",\"IoT\",\"Microsoft Teams\",\"Power Platform\"],\"inLanguage\":\"es\",\"potentialAction\":[{\"@type\":\"CommentAction\",\"name\":\"Comment\",\"target\":[\"https:\\\/\\\/blogs.encamina.com\\\/por-una-nube-sostenible\\\/una-nueva-forma-de-colaboracion-en-el-multiverso\\\/#respond\"]}]},{\"@type\":\"WebPage\",\"@id\":\"https:\\\/\\\/blogs.encamina.com\\\/por-una-nube-sostenible\\\/una-nueva-forma-de-colaboracion-en-el-multiverso\\\/\",\"url\":\"https:\\\/\\\/blogs.encamina.com\\\/por-una-nube-sostenible\\\/una-nueva-forma-de-colaboracion-en-el-multiverso\\\/\",\"name\":\"Una nueva forma de colaboraci\u00f3n en el Multiverso | ENCAMINA\",\"isPartOf\":{\"@id\":\"https:\\\/\\\/blogs.encamina.com\\\/por-una-nube-sostenible\\\/#website\"},\"primaryImageOfPage\":{\"@id\":\"https:\\\/\\\/blogs.encamina.com\\\/por-una-nube-sostenible\\\/una-nueva-forma-de-colaboracion-en-el-multiverso\\\/#primaryimage\"},\"image\":{\"@id\":\"https:\\\/\\\/blogs.encamina.com\\\/por-una-nube-sostenible\\\/una-nueva-forma-de-colaboracion-en-el-multiverso\\\/#primaryimage\"},\"thumbnailUrl\":\"https:\\\/\\\/blogs.encamina.com\\\/por-una-nube-sostenible\\\/wp-content\\\/uploads\\\/sites\\\/19\\\/2022\\\/12\\\/Colaborando-en-el-metaverso.png\",\"datePublished\":\"2022-12-02T09:02:12+00:00\",\"dateModified\":\"2022-12-02T09:10:34+00:00\",\"author\":{\"@id\":\"https:\\\/\\\/blogs.encamina.com\\\/por-una-nube-sostenible\\\/#\\\/schema\\\/person\\\/2f5010cd661b97f8baed6fbc75f10a9c\"},\"description\":\"Creamos una experiencia multicanal que permite la colaboraci\u00f3n entre personas-procesos-m\u00e1quinas.\",\"breadcrumb\":{\"@id\":\"https:\\\/\\\/blogs.encamina.com\\\/por-una-nube-sostenible\\\/una-nueva-forma-de-colaboracion-en-el-multiverso\\\/#breadcrumb\"},\"inLanguage\":\"es\",\"potentialAction\":[{\"@type\":\"ReadAction\",\"target\":[\"https:\\\/\\\/blogs.encamina.com\\\/por-una-nube-sostenible\\\/una-nueva-forma-de-colaboracion-en-el-multiverso\\\/\"]}]},{\"@type\":\"ImageObject\",\"inLanguage\":\"es\",\"@id\":\"https:\\\/\\\/blogs.encamina.com\\\/por-una-nube-sostenible\\\/una-nueva-forma-de-colaboracion-en-el-multiverso\\\/#primaryimage\",\"url\":\"https:\\\/\\\/blogs.encamina.com\\\/por-una-nube-sostenible\\\/wp-content\\\/uploads\\\/sites\\\/19\\\/2022\\\/12\\\/Colaborando-en-el-metaverso.png\",\"contentUrl\":\"https:\\\/\\\/blogs.encamina.com\\\/por-una-nube-sostenible\\\/wp-content\\\/uploads\\\/sites\\\/19\\\/2022\\\/12\\\/Colaborando-en-el-metaverso.png\",\"width\":775,\"height\":462},{\"@type\":\"BreadcrumbList\",\"@id\":\"https:\\\/\\\/blogs.encamina.com\\\/por-una-nube-sostenible\\\/una-nueva-forma-de-colaboracion-en-el-multiverso\\\/#breadcrumb\",\"itemListElement\":[{\"@type\":\"ListItem\",\"position\":1,\"name\":\"Portada\",\"item\":\"https:\\\/\\\/blogs.encamina.com\\\/por-una-nube-sostenible\\\/\"},{\"@type\":\"ListItem\",\"position\":2,\"name\":\"Una nueva forma de colaboraci\u00f3n en el Multiverso\"}]},{\"@type\":\"WebSite\",\"@id\":\"https:\\\/\\\/blogs.encamina.com\\\/por-una-nube-sostenible\\\/#website\",\"url\":\"https:\\\/\\\/blogs.encamina.com\\\/por-una-nube-sostenible\\\/\",\"name\":\"Por una nube sostenible\",\"description\":\"C\u00f3mo no romper los l\u00edmites, c\u00f3mo crear una buena arquitectura y c\u00f3mo hacer un buen mantenimiento\",\"potentialAction\":[{\"@type\":\"SearchAction\",\"target\":{\"@type\":\"EntryPoint\",\"urlTemplate\":\"https:\\\/\\\/blogs.encamina.com\\\/por-una-nube-sostenible\\\/?s={search_term_string}\"},\"query-input\":{\"@type\":\"PropertyValueSpecification\",\"valueRequired\":true,\"valueName\":\"search_term_string\"}}],\"inLanguage\":\"es\"},{\"@type\":\"Person\",\"@id\":\"https:\\\/\\\/blogs.encamina.com\\\/por-una-nube-sostenible\\\/#\\\/schema\\\/person\\\/2f5010cd661b97f8baed6fbc75f10a9c\",\"name\":\"Alberto Diaz Martin\",\"image\":{\"@type\":\"ImageObject\",\"inLanguage\":\"es\",\"@id\":\"https:\\\/\\\/secure.gravatar.com\\\/avatar\\\/93ae1999e35e4f1f21cb1a62f1a6cf8eb4a912102519ac96f58a0a4395da414f?s=96&d=mm&r=g\",\"url\":\"https:\\\/\\\/secure.gravatar.com\\\/avatar\\\/93ae1999e35e4f1f21cb1a62f1a6cf8eb4a912102519ac96f58a0a4395da414f?s=96&d=mm&r=g\",\"contentUrl\":\"https:\\\/\\\/secure.gravatar.com\\\/avatar\\\/93ae1999e35e4f1f21cb1a62f1a6cf8eb4a912102519ac96f58a0a4395da414f?s=96&d=mm&r=g\",\"caption\":\"Alberto Diaz Martin\"},\"description\":\"Alberto Diaz cuenta con m\u00e1s de 15 a\u00f1os de experiencia en la Industria IT, todos ellos trabajando con tecnolog\u00edas Microsoft. Actualmente, es Chief Technology Innovation Officer en ENCAMINA, liderando el desarrollo de software con tecnolog\u00eda Microsoft, y miembro del equipo de Direcci\u00f3n. Para la comunidad, trabaja como organizador y speaker de las conferencias m\u00e1s relevantes del mundo Microsoft en Espa\u00f1a, en las cuales es uno de los referentes en SharePoint, Office 365 y Azure. Autor de diversos libros y art\u00edculos en revistas profesionales y blogs, en 2013 empez\u00f3 a formar parte del equipo de Direcci\u00f3n de CompartiMOSS, una revista digital sobre tecnolog\u00edas Microsoft. Desde 2011 ha sido nombrado Microsoft MVP, reconocimiento que ha renovado por s\u00e9ptimo a\u00f1o consecutivo. Se define como un geek, amante de los smartphones y desarrollador. Fundador de TenerifeDev (www.tenerifedev.com), un grupo de usuarios de .NET en Tenerife, y coordinador de SUGES (Grupo de Usuarios de SharePoint de Espa\u00f1a, www.suges.es)\",\"sameAs\":[\"http:\\\/\\\/geeks.ms\\\/blogs\\\/adiazmartin\",\"https:\\\/\\\/x.com\\\/adiazcan\"],\"url\":\"https:\\\/\\\/blogs.encamina.com\\\/por-una-nube-sostenible\\\/author\\\/albertod\\\/\"}]}<\/script>\n<!-- \/ Yoast SEO Premium plugin. -->","yoast_head_json":{"title":"Una nueva forma de colaboraci\u00f3n en el Multiverso | ENCAMINA","description":"Creamos una experiencia multicanal que permite la colaboraci\u00f3n entre personas-procesos-m\u00e1quinas.","robots":{"index":"index","follow":"follow","max-snippet":"max-snippet:-1","max-image-preview":"max-image-preview:large","max-video-preview":"max-video-preview:-1"},"canonical":"https:\/\/blogs.encamina.com\/por-una-nube-sostenible\/una-nueva-forma-de-colaboracion-en-el-multiverso\/","og_locale":"es_ES","og_type":"article","og_title":"Una nueva forma de colaboraci\u00f3n en el Multiverso","og_description":"Creamos una experiencia multicanal que permite la colaboraci\u00f3n entre personas-procesos-m\u00e1quinas.","og_url":"https:\/\/blogs.encamina.com\/por-una-nube-sostenible\/una-nueva-forma-de-colaboracion-en-el-multiverso\/","og_site_name":"Por una nube sostenible","article_published_time":"2022-12-02T09:02:12+00:00","article_modified_time":"2022-12-02T09:10:34+00:00","og_image":[{"width":775,"height":462,"url":"https:\/\/blogs.encamina.com\/por-una-nube-sostenible\/wp-content\/uploads\/sites\/19\/2022\/12\/Colaborando-en-el-metaverso.png","type":"image\/png"}],"author":"Alberto Diaz Martin","twitter_card":"summary_large_image","twitter_creator":"@adiazcan","twitter_misc":{"Escrito por":"Alberto Diaz Martin","Tiempo de lectura":"2 minutos"},"schema":{"@context":"https:\/\/schema.org","@graph":[{"@type":"Article","@id":"https:\/\/blogs.encamina.com\/por-una-nube-sostenible\/una-nueva-forma-de-colaboracion-en-el-multiverso\/#article","isPartOf":{"@id":"https:\/\/blogs.encamina.com\/por-una-nube-sostenible\/una-nueva-forma-de-colaboracion-en-el-multiverso\/"},"author":{"name":"Alberto Diaz Martin","@id":"https:\/\/blogs.encamina.com\/por-una-nube-sostenible\/#\/schema\/person\/2f5010cd661b97f8baed6fbc75f10a9c"},"headline":"Una nueva forma de colaboraci\u00f3n en el Multiverso","datePublished":"2022-12-02T09:02:12+00:00","dateModified":"2022-12-02T09:10:34+00:00","mainEntityOfPage":{"@id":"https:\/\/blogs.encamina.com\/por-una-nube-sostenible\/una-nueva-forma-de-colaboracion-en-el-multiverso\/"},"wordCount":501,"commentCount":1,"image":{"@id":"https:\/\/blogs.encamina.com\/por-una-nube-sostenible\/una-nueva-forma-de-colaboracion-en-el-multiverso\/#primaryimage"},"thumbnailUrl":"https:\/\/blogs.encamina.com\/por-una-nube-sostenible\/wp-content\/uploads\/sites\/19\/2022\/12\/Colaborando-en-el-metaverso.png","articleSection":["Data","IoT","Microsoft Teams","Power Platform"],"inLanguage":"es","potentialAction":[{"@type":"CommentAction","name":"Comment","target":["https:\/\/blogs.encamina.com\/por-una-nube-sostenible\/una-nueva-forma-de-colaboracion-en-el-multiverso\/#respond"]}]},{"@type":"WebPage","@id":"https:\/\/blogs.encamina.com\/por-una-nube-sostenible\/una-nueva-forma-de-colaboracion-en-el-multiverso\/","url":"https:\/\/blogs.encamina.com\/por-una-nube-sostenible\/una-nueva-forma-de-colaboracion-en-el-multiverso\/","name":"Una nueva forma de colaboraci\u00f3n en el Multiverso | ENCAMINA","isPartOf":{"@id":"https:\/\/blogs.encamina.com\/por-una-nube-sostenible\/#website"},"primaryImageOfPage":{"@id":"https:\/\/blogs.encamina.com\/por-una-nube-sostenible\/una-nueva-forma-de-colaboracion-en-el-multiverso\/#primaryimage"},"image":{"@id":"https:\/\/blogs.encamina.com\/por-una-nube-sostenible\/una-nueva-forma-de-colaboracion-en-el-multiverso\/#primaryimage"},"thumbnailUrl":"https:\/\/blogs.encamina.com\/por-una-nube-sostenible\/wp-content\/uploads\/sites\/19\/2022\/12\/Colaborando-en-el-metaverso.png","datePublished":"2022-12-02T09:02:12+00:00","dateModified":"2022-12-02T09:10:34+00:00","author":{"@id":"https:\/\/blogs.encamina.com\/por-una-nube-sostenible\/#\/schema\/person\/2f5010cd661b97f8baed6fbc75f10a9c"},"description":"Creamos una experiencia multicanal que permite la colaboraci\u00f3n entre personas-procesos-m\u00e1quinas.","breadcrumb":{"@id":"https:\/\/blogs.encamina.com\/por-una-nube-sostenible\/una-nueva-forma-de-colaboracion-en-el-multiverso\/#breadcrumb"},"inLanguage":"es","potentialAction":[{"@type":"ReadAction","target":["https:\/\/blogs.encamina.com\/por-una-nube-sostenible\/una-nueva-forma-de-colaboracion-en-el-multiverso\/"]}]},{"@type":"ImageObject","inLanguage":"es","@id":"https:\/\/blogs.encamina.com\/por-una-nube-sostenible\/una-nueva-forma-de-colaboracion-en-el-multiverso\/#primaryimage","url":"https:\/\/blogs.encamina.com\/por-una-nube-sostenible\/wp-content\/uploads\/sites\/19\/2022\/12\/Colaborando-en-el-metaverso.png","contentUrl":"https:\/\/blogs.encamina.com\/por-una-nube-sostenible\/wp-content\/uploads\/sites\/19\/2022\/12\/Colaborando-en-el-metaverso.png","width":775,"height":462},{"@type":"BreadcrumbList","@id":"https:\/\/blogs.encamina.com\/por-una-nube-sostenible\/una-nueva-forma-de-colaboracion-en-el-multiverso\/#breadcrumb","itemListElement":[{"@type":"ListItem","position":1,"name":"Portada","item":"https:\/\/blogs.encamina.com\/por-una-nube-sostenible\/"},{"@type":"ListItem","position":2,"name":"Una nueva forma de colaboraci\u00f3n en el Multiverso"}]},{"@type":"WebSite","@id":"https:\/\/blogs.encamina.com\/por-una-nube-sostenible\/#website","url":"https:\/\/blogs.encamina.com\/por-una-nube-sostenible\/","name":"Por una nube sostenible","description":"C\u00f3mo no romper los l\u00edmites, c\u00f3mo crear una buena arquitectura y c\u00f3mo hacer un buen mantenimiento","potentialAction":[{"@type":"SearchAction","target":{"@type":"EntryPoint","urlTemplate":"https:\/\/blogs.encamina.com\/por-una-nube-sostenible\/?s={search_term_string}"},"query-input":{"@type":"PropertyValueSpecification","valueRequired":true,"valueName":"search_term_string"}}],"inLanguage":"es"},{"@type":"Person","@id":"https:\/\/blogs.encamina.com\/por-una-nube-sostenible\/#\/schema\/person\/2f5010cd661b97f8baed6fbc75f10a9c","name":"Alberto Diaz Martin","image":{"@type":"ImageObject","inLanguage":"es","@id":"https:\/\/secure.gravatar.com\/avatar\/93ae1999e35e4f1f21cb1a62f1a6cf8eb4a912102519ac96f58a0a4395da414f?s=96&d=mm&r=g","url":"https:\/\/secure.gravatar.com\/avatar\/93ae1999e35e4f1f21cb1a62f1a6cf8eb4a912102519ac96f58a0a4395da414f?s=96&d=mm&r=g","contentUrl":"https:\/\/secure.gravatar.com\/avatar\/93ae1999e35e4f1f21cb1a62f1a6cf8eb4a912102519ac96f58a0a4395da414f?s=96&d=mm&r=g","caption":"Alberto Diaz Martin"},"description":"Alberto Diaz cuenta con m\u00e1s de 15 a\u00f1os de experiencia en la Industria IT, todos ellos trabajando con tecnolog\u00edas Microsoft. Actualmente, es Chief Technology Innovation Officer en ENCAMINA, liderando el desarrollo de software con tecnolog\u00eda Microsoft, y miembro del equipo de Direcci\u00f3n. Para la comunidad, trabaja como organizador y speaker de las conferencias m\u00e1s relevantes del mundo Microsoft en Espa\u00f1a, en las cuales es uno de los referentes en SharePoint, Office 365 y Azure. Autor de diversos libros y art\u00edculos en revistas profesionales y blogs, en 2013 empez\u00f3 a formar parte del equipo de Direcci\u00f3n de CompartiMOSS, una revista digital sobre tecnolog\u00edas Microsoft. Desde 2011 ha sido nombrado Microsoft MVP, reconocimiento que ha renovado por s\u00e9ptimo a\u00f1o consecutivo. Se define como un geek, amante de los smartphones y desarrollador. Fundador de TenerifeDev (www.tenerifedev.com), un grupo de usuarios de .NET en Tenerife, y coordinador de SUGES (Grupo de Usuarios de SharePoint de Espa\u00f1a, www.suges.es)","sameAs":["http:\/\/geeks.ms\/blogs\/adiazmartin","https:\/\/x.com\/adiazcan"],"url":"https:\/\/blogs.encamina.com\/por-una-nube-sostenible\/author\/albertod\/"}]}},"_links":{"self":[{"href":"https:\/\/blogs.encamina.com\/por-una-nube-sostenible\/wp-json\/wp\/v2\/posts\/3241","targetHints":{"allow":["GET"]}}],"collection":[{"href":"https:\/\/blogs.encamina.com\/por-una-nube-sostenible\/wp-json\/wp\/v2\/posts"}],"about":[{"href":"https:\/\/blogs.encamina.com\/por-una-nube-sostenible\/wp-json\/wp\/v2\/types\/post"}],"author":[{"embeddable":true,"href":"https:\/\/blogs.encamina.com\/por-una-nube-sostenible\/wp-json\/wp\/v2\/users\/19"}],"replies":[{"embeddable":true,"href":"https:\/\/blogs.encamina.com\/por-una-nube-sostenible\/wp-json\/wp\/v2\/comments?post=3241"}],"version-history":[{"count":0,"href":"https:\/\/blogs.encamina.com\/por-una-nube-sostenible\/wp-json\/wp\/v2\/posts\/3241\/revisions"}],"wp:featuredmedia":[{"embeddable":true,"href":"https:\/\/blogs.encamina.com\/por-una-nube-sostenible\/wp-json\/wp\/v2\/media\/3242"}],"wp:attachment":[{"href":"https:\/\/blogs.encamina.com\/por-una-nube-sostenible\/wp-json\/wp\/v2\/media?parent=3241"}],"wp:term":[{"taxonomy":"category","embeddable":true,"href":"https:\/\/blogs.encamina.com\/por-una-nube-sostenible\/wp-json\/wp\/v2\/categories?post=3241"},{"taxonomy":"post_tag","embeddable":true,"href":"https:\/\/blogs.encamina.com\/por-una-nube-sostenible\/wp-json\/wp\/v2\/tags?post=3241"}],"curies":[{"name":"wp","href":"https:\/\/api.w.org\/{rel}","templated":true}]}}