{"id":2277,"date":"2021-02-17T11:38:45","date_gmt":"2021-02-17T10:38:45","guid":{"rendered":"http:\/\/blogs.encamina.com\/por-una-nube-sostenible\/?p=2277"},"modified":"2022-04-06T16:49:07","modified_gmt":"2022-04-06T14:49:07","slug":"administracion-del-ciclo-de-vida-de-archivos-en-azure-blob-storage","status":"publish","type":"post","link":"https:\/\/blogs.encamina.com\/por-una-nube-sostenible\/administracion-del-ciclo-de-vida-de-archivos-en-azure-blob-storage\/","title":{"rendered":"Administraci\u00f3n del ciclo de vida de archivos en Azure Blob Storage"},"content":{"rendered":"<p><img loading=\"lazy\" decoding=\"async\" class=\"aligncenter size-full wp-image-2291\" src=\"https:\/\/blogs.encamina.com\/por-una-nube-sostenible\/wp-content\/uploads\/sites\/19\/2021\/02\/Azure-Blob-Storage-y-Gadai.png\" alt=\"\" width=\"761\" height=\"461\" srcset=\"https:\/\/encaminablogs.wpenginepowered.com\/por-una-nube-sostenible\/wp-content\/uploads\/sites\/19\/2021\/02\/Azure-Blob-Storage-y-Gadai.png 761w, https:\/\/encaminablogs.wpenginepowered.com\/por-una-nube-sostenible\/wp-content\/uploads\/sites\/19\/2021\/02\/Azure-Blob-Storage-y-Gadai-300x182.png 300w, https:\/\/encaminablogs.wpenginepowered.com\/por-una-nube-sostenible\/wp-content\/uploads\/sites\/19\/2021\/02\/Azure-Blob-Storage-y-Gadai-610x370.png 610w\" sizes=\"auto, (max-width: 761px) 100vw, 761px\" \/><\/p>\n<p><strong>Azure Blob Storage<\/strong> es el core de almacenamiento en Azure, servicios como Azure Virtual Machines dependen de \u00e9l como base de almacenamiento para los discos VHD de las m\u00e1quinas virtuales. Aplicaciones nativas en la nube utilizan este servicio para almacenar los activos como im\u00e1genes, hojas de estilos, etc.<\/p>\n<p><!--more--><\/p>\n<p>En ENCAMINA hemos desarrollado una API, llamada <a href=\"https:\/\/www.encamina.com\/gada-i\/\">Gada-i<\/a>, que da soporte al archivado de los documentos de las organizaciones y que utiliza, Azure Blob Storage para almacenar los documentos y Azure Cosmos DB para guardar los metadatos asociados al documento.<\/p>\n<p><a href=\"https:\/\/blogs.encamina.com\/por-una-nube-sostenible\/wp-content\/uploads\/sites\/19\/2021\/02\/azure-storage-offering.png\"><img loading=\"lazy\" decoding=\"async\" class=\"aligncenter size-large wp-image-2284\" src=\"https:\/\/blogs.encamina.com\/por-una-nube-sostenible\/wp-content\/uploads\/sites\/19\/2021\/02\/azure-storage-offering-1024x427.png\" alt=\"\" width=\"1024\" height=\"427\" srcset=\"https:\/\/encaminablogs.wpenginepowered.com\/por-una-nube-sostenible\/wp-content\/uploads\/sites\/19\/2021\/02\/azure-storage-offering-1024x427.png 1024w, https:\/\/encaminablogs.wpenginepowered.com\/por-una-nube-sostenible\/wp-content\/uploads\/sites\/19\/2021\/02\/azure-storage-offering-300x125.png 300w, https:\/\/encaminablogs.wpenginepowered.com\/por-una-nube-sostenible\/wp-content\/uploads\/sites\/19\/2021\/02\/azure-storage-offering-768x320.png 768w, https:\/\/encaminablogs.wpenginepowered.com\/por-una-nube-sostenible\/wp-content\/uploads\/sites\/19\/2021\/02\/azure-storage-offering-610x254.png 610w, https:\/\/encaminablogs.wpenginepowered.com\/por-una-nube-sostenible\/wp-content\/uploads\/sites\/19\/2021\/02\/azure-storage-offering.png 1199w\" sizes=\"auto, (max-width: 1024px) 100vw, 1024px\" \/><\/a><\/p>\n<p>Independientemente del tipo de blob es importante que <strong>definamos un ciclo de vida adecuado<\/strong> para la informaci\u00f3n y que no tengamos un repositorio eterno de archivos sin ning\u00fan tipo de gesti\u00f3n ni control del coste de los mismos.<\/p>\n<p>Pongamos como ejemplo los documentos de un CRM. Cuando creamos una cuenta nueva, lo habitual es que accedamos frecuentemente a sus documentos mientras trabajamos en su contrato o en su expediente. Con el paso de los meses, el acceso a esos documentos ya no es tan frecuente y, seg\u00fan pasan los a\u00f1os, casi ni se vuelve a acceder a los documentos o, incluso, tenemos que borrarlos cumpliendo con alguna legislaci\u00f3n.<\/p>\n<h2><span class=\"ez-toc-section\" id=\"Niveles_de_acceso\"><\/span>Niveles de acceso<span class=\"ez-toc-section-end\"><\/span><\/h2>\n<p>Pensando en el ciclo de vida de los documentos del ejemplo, \u00bfno ser\u00eda sensato que el coste de los documentos fuera bajando en funci\u00f3n del nivel de acceso? Si los documentos que tienen m\u00e1s de 5 a\u00f1os no se usan pero es necesario guardarlos por temas legales, \u00bfno deber\u00eda ser m\u00e1s barato el almacenamiento?<\/p>\n<p>A cambio del rendimiento al leer el archivo, Azure Blob Storage nos ofrece diferentes <a href=\"https:\/\/docs.microsoft.com\/es-es\/azure\/storage\/blobs\/storage-blob-storage-tiers\">niveles de acceso<\/a> que podemos aplicar a cada archivo:<\/p>\n<ul>\n<li><strong>Frecuente (Hot)<\/strong><strong>.\u00a0<\/strong>Optimizado para almacenar datos que se consultas con frecuencia, con mayor costo de almacenamiento y menor costo de acceso y transacci\u00f3n.<\/li>\n<li><strong>Espor\u00e1dico (Cool).\u00a0<\/strong>Optimizado para almacenar datos a los que se accede con poca frecuencia y al menos durante 30 d\u00edas, con menor costo de almacenamiento, mayor costo de acceso y transacci\u00f3n que el anterior nivel.<\/li>\n<li><strong>Archivo (Archive).\u00a0<\/strong>Optimizado para almacenar datos a los que se accede muy pocas veces y almacenados durante al menos 180 d\u00edas con requisitos de latencia flexibles, del orden de horas, con menores costo de almacenamiento, mayor costo de acceso y transacci\u00f3n que el anterior nivel.<\/li>\n<\/ul>\n<p>Si volvemos al ejemplo del CRM, podr\u00edamos definir el siguiente ciclo de vida:<a href=\"https:\/\/blogs.encamina.com\/por-una-nube-sostenible\/wp-content\/uploads\/sites\/19\/2021\/02\/azure-storage-tiers.png\"><img loading=\"lazy\" decoding=\"async\" class=\"aligncenter size-large wp-image-2279\" src=\"https:\/\/blogs.encamina.com\/por-una-nube-sostenible\/wp-content\/uploads\/sites\/19\/2021\/02\/azure-storage-tiers-1024x566.png\" alt=\"\" width=\"1024\" height=\"566\" srcset=\"https:\/\/encaminablogs.wpenginepowered.com\/por-una-nube-sostenible\/wp-content\/uploads\/sites\/19\/2021\/02\/azure-storage-tiers-1024x566.png 1024w, https:\/\/encaminablogs.wpenginepowered.com\/por-una-nube-sostenible\/wp-content\/uploads\/sites\/19\/2021\/02\/azure-storage-tiers-300x166.png 300w, https:\/\/encaminablogs.wpenginepowered.com\/por-una-nube-sostenible\/wp-content\/uploads\/sites\/19\/2021\/02\/azure-storage-tiers-768x425.png 768w, https:\/\/encaminablogs.wpenginepowered.com\/por-una-nube-sostenible\/wp-content\/uploads\/sites\/19\/2021\/02\/azure-storage-tiers-1536x849.png 1536w, https:\/\/encaminablogs.wpenginepowered.com\/por-una-nube-sostenible\/wp-content\/uploads\/sites\/19\/2021\/02\/azure-storage-tiers-2048x1132.png 2048w, https:\/\/encaminablogs.wpenginepowered.com\/por-una-nube-sostenible\/wp-content\/uploads\/sites\/19\/2021\/02\/azure-storage-tiers-610x337.png 610w\" sizes=\"auto, (max-width: 1024px) 100vw, 1024px\" \/><\/a><\/p>\n<ul>\n<li>Todos los documentos nuevos tendr\u00e1n un <strong>nivel de acceso Hot<\/strong>.<\/li>\n<li>Cuando un documento tenga m\u00e1s de 6 meses, pasar\u00e1 al <strong>nivel de acceso Cool<\/strong>, para disminuir el coste del almacenamiento.<\/li>\n<li>Para los documentos con m\u00e1s de 5 a\u00f1os, cambiaremos el <strong>nivel de acceso a Archive<\/strong>, disminuyendo todav\u00eda m\u00e1s el coste de almacenamiento a cambio de no tener acceso directo al contenido. Para acceder al mismo, hay que hacer un petici\u00f3n de <a href=\"https:\/\/docs.microsoft.com\/es-es\/azure\/storage\/blobs\/storage-blob-rehydration?tabs=azure-portal\">\u00abrehidrataci\u00f3n\u00bb<\/a> que puede tardar horas en ejecutarse.<\/li>\n<li>Los documentos con m\u00e1s de 10 a\u00f1os ser\u00e1n eliminados.<\/li>\n<\/ul>\n<h2><span class=\"ez-toc-section\" id=\"Ciclo_de_vida_automatizado\"><\/span>Ciclo de vida automatizado<span class=\"ez-toc-section-end\"><\/span><\/h2>\n<p>La <a href=\"https:\/\/docs.microsoft.com\/es-es\/rest\/api\/storageservices\/set-blob-tier\">API de Azure Blob Storage<\/a> da soporte al cambio de nivel de acceso. Con esta API podemos automatizar, por ejemplo desde el CRM anterior, para que vaya cambiando el nivel de acceso de los documentos en funci\u00f3n de las fechas de creaci\u00f3n o modificaci\u00f3n de los archivos, aplicando la l\u00f3gica de negocio que mejor nos convenga.<\/p>\n<p><a href=\"http:\/\/enca.pro\/gada-i-gestion-automatizada\"><img loading=\"lazy\" decoding=\"async\" class=\"size-full wp-image-2995 alignleft\" src=\"https:\/\/blogs.encamina.com\/por-una-nube-sostenible\/wp-content\/uploads\/sites\/19\/2021\/07\/GADA-I_getsion-automatica-archivos.png\" alt=\"\" width=\"700\" height=\"200\" srcset=\"https:\/\/encaminablogs.wpenginepowered.com\/por-una-nube-sostenible\/wp-content\/uploads\/sites\/19\/2021\/07\/GADA-I_getsion-automatica-archivos.png 700w, https:\/\/encaminablogs.wpenginepowered.com\/por-una-nube-sostenible\/wp-content\/uploads\/sites\/19\/2021\/07\/GADA-I_getsion-automatica-archivos-300x86.png 300w, https:\/\/encaminablogs.wpenginepowered.com\/por-una-nube-sostenible\/wp-content\/uploads\/sites\/19\/2021\/07\/GADA-I_getsion-automatica-archivos-610x174.png 610w, https:\/\/encaminablogs.wpenginepowered.com\/por-una-nube-sostenible\/wp-content\/uploads\/sites\/19\/2021\/07\/GADA-I_getsion-automatica-archivos-350x100.png 350w\" sizes=\"auto, (max-width: 700px) 100vw, 700px\" \/><\/a><\/p>\n<p>Azure Storage tiene un motor de reglas para definir estas reglas de negocio que apliquen al ciclo de vida, independientemente de la aplicaci\u00f3n que hace uso de los documentos.<\/p>\n<p><a href=\"https:\/\/blogs.encamina.com\/por-una-nube-sostenible\/wp-content\/uploads\/sites\/19\/2021\/02\/lifecycle-management-base-blobs.png\"><img loading=\"lazy\" decoding=\"async\" class=\"aligncenter size-full wp-image-2281\" src=\"https:\/\/blogs.encamina.com\/por-una-nube-sostenible\/wp-content\/uploads\/sites\/19\/2021\/02\/lifecycle-management-base-blobs.png\" alt=\"\" width=\"840\" height=\"817\" srcset=\"https:\/\/encaminablogs.wpenginepowered.com\/por-una-nube-sostenible\/wp-content\/uploads\/sites\/19\/2021\/02\/lifecycle-management-base-blobs.png 840w, https:\/\/encaminablogs.wpenginepowered.com\/por-una-nube-sostenible\/wp-content\/uploads\/sites\/19\/2021\/02\/lifecycle-management-base-blobs-300x292.png 300w, https:\/\/encaminablogs.wpenginepowered.com\/por-una-nube-sostenible\/wp-content\/uploads\/sites\/19\/2021\/02\/lifecycle-management-base-blobs-768x747.png 768w, https:\/\/encaminablogs.wpenginepowered.com\/por-una-nube-sostenible\/wp-content\/uploads\/sites\/19\/2021\/02\/lifecycle-management-base-blobs-610x593.png 610w\" sizes=\"auto, (max-width: 840px) 100vw, 840px\" \/><\/a><\/p>\n<p>Como podemos ver en la imagen anterior, este motor de reglas nos permite definir los diferentes cambios de niveles de acceso en funci\u00f3n de la \u00faltima fecha de acceso o de la \u00faltima fecha de modificaci\u00f3n, reglas que se aplicar\u00e1n a los archivos que cumplen con el filtro establecido, como podemos ver en la siguiente imagen.<\/p>\n<h2><a href=\"https:\/\/blogs.encamina.com\/por-una-nube-sostenible\/wp-content\/uploads\/sites\/19\/2021\/02\/lifecycle-management-filter-set.png\"><img loading=\"lazy\" decoding=\"async\" class=\"aligncenter size-full wp-image-2282\" src=\"https:\/\/blogs.encamina.com\/por-una-nube-sostenible\/wp-content\/uploads\/sites\/19\/2021\/02\/lifecycle-management-filter-set.png\" alt=\"\" width=\"839\" height=\"590\" srcset=\"https:\/\/encaminablogs.wpenginepowered.com\/por-una-nube-sostenible\/wp-content\/uploads\/sites\/19\/2021\/02\/lifecycle-management-filter-set.png 839w, https:\/\/encaminablogs.wpenginepowered.com\/por-una-nube-sostenible\/wp-content\/uploads\/sites\/19\/2021\/02\/lifecycle-management-filter-set-300x211.png 300w, https:\/\/encaminablogs.wpenginepowered.com\/por-una-nube-sostenible\/wp-content\/uploads\/sites\/19\/2021\/02\/lifecycle-management-filter-set-768x540.png 768w, https:\/\/encaminablogs.wpenginepowered.com\/por-una-nube-sostenible\/wp-content\/uploads\/sites\/19\/2021\/02\/lifecycle-management-filter-set-610x429.png 610w\" sizes=\"auto, (max-width: 839px) 100vw, 839px\" \/><\/a><\/h2>\n<h2><span class=\"ez-toc-section\" id=\"Gobierno_de_los_datos\"><\/span>Gobierno de los datos<span class=\"ez-toc-section-end\"><\/span><\/h2>\n<p>Es fundamental que las empresas definan c\u00f3mo quieren gobernar sus datos y que definan como es el ciclo de vida documental de los archivos que est\u00e1n almacenados en Azure y\/o Office 365. El coste de almacenamiento es uno de los factores claves para esta definici\u00f3n, pero tambi\u00e9n hay reglas de negocio o legislaci\u00f3n, como GDPR, que nos obligan a gestionar los documentos.<\/p>\n<p>Office 365 y Azure no son ajenos a estas necesidades y tienen servicios que les dan soporte, como las que hemos visto en este art\u00edculo sobre Azure Storage.<\/p>\n<!-- AddThis Advanced Settings generic via filter on the_content --><!-- AddThis Share Buttons generic via filter on the_content --><div id=\"ez-toc-container\" class=\"ez-toc-v2_0_82_2 ez-toc-wrap-center counter-hierarchy ez-toc-counter ez-toc-grey ez-toc-container-direction\">\n<div class=\"ez-toc-title-container\">\n<p class=\"ez-toc-title\" style=\"cursor:inherit\">Tabla de contenidos<\/p>\n<span class=\"ez-toc-title-toggle\"><a href=\"#\" class=\"ez-toc-pull-right ez-toc-btn ez-toc-btn-xs ez-toc-btn-default ez-toc-toggle\" aria-label=\"Toggle Table of Content\"><span class=\"ez-toc-js-icon-con\"><span class=\"\"><span class=\"eztoc-hide\" style=\"display:none;\">Toggle<\/span><span class=\"ez-toc-icon-toggle-span\"><svg style=\"fill: #999;color:#999\" xmlns=\"http:\/\/www.w3.org\/2000\/svg\" class=\"list-377408\" width=\"20px\" height=\"20px\" viewBox=\"0 0 24 24\" fill=\"none\"><path d=\"M6 6H4v2h2V6zm14 0H8v2h12V6zM4 11h2v2H4v-2zm16 0H8v2h12v-2zM4 16h2v2H4v-2zm16 0H8v2h12v-2z\" fill=\"currentColor\"><\/path><\/svg><svg style=\"fill: #999;color:#999\" class=\"arrow-unsorted-368013\" xmlns=\"http:\/\/www.w3.org\/2000\/svg\" width=\"10px\" height=\"10px\" viewBox=\"0 0 24 24\" version=\"1.2\" baseProfile=\"tiny\"><path d=\"M18.2 9.3l-6.2-6.3-6.2 6.3c-.2.2-.3.4-.3.7s.1.5.3.7c.2.2.4.3.7.3h11c.3 0 .5-.1.7-.3.2-.2.3-.5.3-.7s-.1-.5-.3-.7zM5.8 14.7l6.2 6.3 6.2-6.3c.2-.2.3-.5.3-.7s-.1-.5-.3-.7c-.2-.2-.4-.3-.7-.3h-11c-.3 0-.5.1-.7.3-.2.2-.3.5-.3.7s.1.5.3.7z\"\/><\/svg><\/span><\/span><\/span><\/a><\/span><\/div>\n<nav><ul class='ez-toc-list ez-toc-list-level-1 eztoc-toggle-hide-by-default' ><li class='ez-toc-page-1 ez-toc-heading-level-2'><a class=\"ez-toc-link ez-toc-heading-1\" href=\"https:\/\/blogs.encamina.com\/por-una-nube-sostenible\/administracion-del-ciclo-de-vida-de-archivos-en-azure-blob-storage\/#Niveles_de_acceso\" >Niveles de acceso<\/a><\/li><li class='ez-toc-page-1 ez-toc-heading-level-2'><a class=\"ez-toc-link ez-toc-heading-2\" href=\"https:\/\/blogs.encamina.com\/por-una-nube-sostenible\/administracion-del-ciclo-de-vida-de-archivos-en-azure-blob-storage\/#Ciclo_de_vida_automatizado\" >Ciclo de vida automatizado<\/a><\/li><li class='ez-toc-page-1 ez-toc-heading-level-2'><a class=\"ez-toc-link ez-toc-heading-3\" href=\"https:\/\/blogs.encamina.com\/por-una-nube-sostenible\/administracion-del-ciclo-de-vida-de-archivos-en-azure-blob-storage\/#Gobierno_de_los_datos\" >Gobierno de los datos<\/a><\/li><\/ul><\/nav><\/div>\n","protected":false},"excerpt":{"rendered":"<p>Azure Blob Storage es el core de almacenamiento en Azure, servicios como Azure Virtual Machines dependen de \u00e9l como base de almacenamiento para los discos VHD de las m\u00e1quinas virtuales. Aplicaciones nativas en la nube utilizan este servicio para almacenar &hellip; <a href=\"https:\/\/blogs.encamina.com\/por-una-nube-sostenible\/administracion-del-ciclo-de-vida-de-archivos-en-azure-blob-storage\/\">Continue reading <span class=\"meta-nav\">&rarr;<\/span><\/a><!-- AddThis Advanced Settings generic via filter on get_the_excerpt --><!-- AddThis Share Buttons generic via filter on get_the_excerpt --><\/p>\n","protected":false},"author":19,"featured_media":2291,"comment_status":"open","ping_status":"open","sticky":false,"template":"","format":"standard","meta":{"footnotes":""},"categories":[3,34,45],"tags":[],"class_list":["post-2277","post","type-post","status-publish","format-standard","has-post-thumbnail","hentry","category-azure","category-data","category-seguridad"],"yoast_head":"<!-- This site is optimized with the Yoast SEO Premium plugin v18.2.1 (Yoast SEO v27.3) - https:\/\/yoast.com\/product\/yoast-seo-premium-wordpress\/ -->\n<title>Administraci\u00f3n del ciclo de vida de archivos en Azure Blob Storage | ENCAMINA<\/title>\n<meta name=\"description\" content=\"Independientemente del tipo de blob es importante que definamos un ciclo de vida adecuado para la informaci\u00f3n.\" \/>\n<meta name=\"robots\" content=\"index, follow, max-snippet:-1, max-image-preview:large, max-video-preview:-1\" \/>\n<link rel=\"canonical\" href=\"https:\/\/blogs.encamina.com\/por-una-nube-sostenible\/administracion-del-ciclo-de-vida-de-archivos-en-azure-blob-storage\/\" \/>\n<meta property=\"og:locale\" content=\"es_ES\" \/>\n<meta property=\"og:type\" content=\"article\" \/>\n<meta property=\"og:title\" content=\"Administraci\u00f3n del ciclo de vida de archivos en Azure Blob Storage\" \/>\n<meta property=\"og:description\" content=\"Independientemente del tipo de blob es importante que definamos un ciclo de vida adecuado para la informaci\u00f3n.\" \/>\n<meta property=\"og:url\" content=\"https:\/\/blogs.encamina.com\/por-una-nube-sostenible\/administracion-del-ciclo-de-vida-de-archivos-en-azure-blob-storage\/\" \/>\n<meta property=\"og:site_name\" content=\"Por una nube sostenible\" \/>\n<meta property=\"article:published_time\" content=\"2021-02-17T10:38:45+00:00\" \/>\n<meta property=\"article:modified_time\" content=\"2022-04-06T14:49:07+00:00\" \/>\n<meta property=\"og:image\" content=\"https:\/\/blogs.encamina.com\/por-una-nube-sostenible\/wp-content\/uploads\/sites\/19\/2021\/02\/Azure-Blob-Storage-y-Gadai.png\" \/>\n\t<meta property=\"og:image:width\" content=\"761\" \/>\n\t<meta property=\"og:image:height\" content=\"461\" \/>\n\t<meta property=\"og:image:type\" content=\"image\/png\" \/>\n<meta name=\"author\" content=\"Alberto Diaz Martin\" \/>\n<meta name=\"twitter:card\" content=\"summary_large_image\" \/>\n<meta name=\"twitter:creator\" content=\"@adiazcan\" \/>\n<meta name=\"twitter:label1\" content=\"Escrito por\" \/>\n\t<meta name=\"twitter:data1\" content=\"Alberto Diaz Martin\" \/>\n\t<meta name=\"twitter:label2\" content=\"Tiempo de lectura\" \/>\n\t<meta name=\"twitter:data2\" content=\"5 minutos\" \/>\n<script type=\"application\/ld+json\" class=\"yoast-schema-graph\">{\"@context\":\"https:\\\/\\\/schema.org\",\"@graph\":[{\"@type\":\"Article\",\"@id\":\"https:\\\/\\\/blogs.encamina.com\\\/por-una-nube-sostenible\\\/administracion-del-ciclo-de-vida-de-archivos-en-azure-blob-storage\\\/#article\",\"isPartOf\":{\"@id\":\"https:\\\/\\\/blogs.encamina.com\\\/por-una-nube-sostenible\\\/administracion-del-ciclo-de-vida-de-archivos-en-azure-blob-storage\\\/\"},\"author\":{\"name\":\"Alberto Diaz Martin\",\"@id\":\"https:\\\/\\\/blogs.encamina.com\\\/por-una-nube-sostenible\\\/#\\\/schema\\\/person\\\/2f5010cd661b97f8baed6fbc75f10a9c\"},\"headline\":\"Administraci\u00f3n del ciclo de vida de archivos en Azure Blob Storage\",\"datePublished\":\"2021-02-17T10:38:45+00:00\",\"dateModified\":\"2022-04-06T14:49:07+00:00\",\"mainEntityOfPage\":{\"@id\":\"https:\\\/\\\/blogs.encamina.com\\\/por-una-nube-sostenible\\\/administracion-del-ciclo-de-vida-de-archivos-en-azure-blob-storage\\\/\"},\"wordCount\":770,\"commentCount\":0,\"image\":{\"@id\":\"https:\\\/\\\/blogs.encamina.com\\\/por-una-nube-sostenible\\\/administracion-del-ciclo-de-vida-de-archivos-en-azure-blob-storage\\\/#primaryimage\"},\"thumbnailUrl\":\"https:\\\/\\\/blogs.encamina.com\\\/por-una-nube-sostenible\\\/wp-content\\\/uploads\\\/sites\\\/19\\\/2021\\\/02\\\/Azure-Blob-Storage-y-Gadai.png\",\"articleSection\":[\"Azure\",\"Data\",\"seguridad\"],\"inLanguage\":\"es\",\"potentialAction\":[{\"@type\":\"CommentAction\",\"name\":\"Comment\",\"target\":[\"https:\\\/\\\/blogs.encamina.com\\\/por-una-nube-sostenible\\\/administracion-del-ciclo-de-vida-de-archivos-en-azure-blob-storage\\\/#respond\"]}]},{\"@type\":\"WebPage\",\"@id\":\"https:\\\/\\\/blogs.encamina.com\\\/por-una-nube-sostenible\\\/administracion-del-ciclo-de-vida-de-archivos-en-azure-blob-storage\\\/\",\"url\":\"https:\\\/\\\/blogs.encamina.com\\\/por-una-nube-sostenible\\\/administracion-del-ciclo-de-vida-de-archivos-en-azure-blob-storage\\\/\",\"name\":\"Administraci\u00f3n del ciclo de vida de archivos en Azure Blob Storage | ENCAMINA\",\"isPartOf\":{\"@id\":\"https:\\\/\\\/blogs.encamina.com\\\/por-una-nube-sostenible\\\/#website\"},\"primaryImageOfPage\":{\"@id\":\"https:\\\/\\\/blogs.encamina.com\\\/por-una-nube-sostenible\\\/administracion-del-ciclo-de-vida-de-archivos-en-azure-blob-storage\\\/#primaryimage\"},\"image\":{\"@id\":\"https:\\\/\\\/blogs.encamina.com\\\/por-una-nube-sostenible\\\/administracion-del-ciclo-de-vida-de-archivos-en-azure-blob-storage\\\/#primaryimage\"},\"thumbnailUrl\":\"https:\\\/\\\/blogs.encamina.com\\\/por-una-nube-sostenible\\\/wp-content\\\/uploads\\\/sites\\\/19\\\/2021\\\/02\\\/Azure-Blob-Storage-y-Gadai.png\",\"datePublished\":\"2021-02-17T10:38:45+00:00\",\"dateModified\":\"2022-04-06T14:49:07+00:00\",\"author\":{\"@id\":\"https:\\\/\\\/blogs.encamina.com\\\/por-una-nube-sostenible\\\/#\\\/schema\\\/person\\\/2f5010cd661b97f8baed6fbc75f10a9c\"},\"description\":\"Independientemente del tipo de blob es importante que definamos un ciclo de vida adecuado para la informaci\u00f3n.\",\"breadcrumb\":{\"@id\":\"https:\\\/\\\/blogs.encamina.com\\\/por-una-nube-sostenible\\\/administracion-del-ciclo-de-vida-de-archivos-en-azure-blob-storage\\\/#breadcrumb\"},\"inLanguage\":\"es\",\"potentialAction\":[{\"@type\":\"ReadAction\",\"target\":[\"https:\\\/\\\/blogs.encamina.com\\\/por-una-nube-sostenible\\\/administracion-del-ciclo-de-vida-de-archivos-en-azure-blob-storage\\\/\"]}]},{\"@type\":\"ImageObject\",\"inLanguage\":\"es\",\"@id\":\"https:\\\/\\\/blogs.encamina.com\\\/por-una-nube-sostenible\\\/administracion-del-ciclo-de-vida-de-archivos-en-azure-blob-storage\\\/#primaryimage\",\"url\":\"https:\\\/\\\/blogs.encamina.com\\\/por-una-nube-sostenible\\\/wp-content\\\/uploads\\\/sites\\\/19\\\/2021\\\/02\\\/Azure-Blob-Storage-y-Gadai.png\",\"contentUrl\":\"https:\\\/\\\/blogs.encamina.com\\\/por-una-nube-sostenible\\\/wp-content\\\/uploads\\\/sites\\\/19\\\/2021\\\/02\\\/Azure-Blob-Storage-y-Gadai.png\",\"width\":761,\"height\":461},{\"@type\":\"BreadcrumbList\",\"@id\":\"https:\\\/\\\/blogs.encamina.com\\\/por-una-nube-sostenible\\\/administracion-del-ciclo-de-vida-de-archivos-en-azure-blob-storage\\\/#breadcrumb\",\"itemListElement\":[{\"@type\":\"ListItem\",\"position\":1,\"name\":\"Portada\",\"item\":\"https:\\\/\\\/blogs.encamina.com\\\/por-una-nube-sostenible\\\/\"},{\"@type\":\"ListItem\",\"position\":2,\"name\":\"Administraci\u00f3n del ciclo de vida de archivos en Azure Blob Storage\"}]},{\"@type\":\"WebSite\",\"@id\":\"https:\\\/\\\/blogs.encamina.com\\\/por-una-nube-sostenible\\\/#website\",\"url\":\"https:\\\/\\\/blogs.encamina.com\\\/por-una-nube-sostenible\\\/\",\"name\":\"Por una nube sostenible\",\"description\":\"C\u00f3mo no romper los l\u00edmites, c\u00f3mo crear una buena arquitectura y c\u00f3mo hacer un buen mantenimiento\",\"potentialAction\":[{\"@type\":\"SearchAction\",\"target\":{\"@type\":\"EntryPoint\",\"urlTemplate\":\"https:\\\/\\\/blogs.encamina.com\\\/por-una-nube-sostenible\\\/?s={search_term_string}\"},\"query-input\":{\"@type\":\"PropertyValueSpecification\",\"valueRequired\":true,\"valueName\":\"search_term_string\"}}],\"inLanguage\":\"es\"},{\"@type\":\"Person\",\"@id\":\"https:\\\/\\\/blogs.encamina.com\\\/por-una-nube-sostenible\\\/#\\\/schema\\\/person\\\/2f5010cd661b97f8baed6fbc75f10a9c\",\"name\":\"Alberto Diaz Martin\",\"image\":{\"@type\":\"ImageObject\",\"inLanguage\":\"es\",\"@id\":\"https:\\\/\\\/secure.gravatar.com\\\/avatar\\\/93ae1999e35e4f1f21cb1a62f1a6cf8eb4a912102519ac96f58a0a4395da414f?s=96&d=mm&r=g\",\"url\":\"https:\\\/\\\/secure.gravatar.com\\\/avatar\\\/93ae1999e35e4f1f21cb1a62f1a6cf8eb4a912102519ac96f58a0a4395da414f?s=96&d=mm&r=g\",\"contentUrl\":\"https:\\\/\\\/secure.gravatar.com\\\/avatar\\\/93ae1999e35e4f1f21cb1a62f1a6cf8eb4a912102519ac96f58a0a4395da414f?s=96&d=mm&r=g\",\"caption\":\"Alberto Diaz Martin\"},\"description\":\"Alberto Diaz cuenta con m\u00e1s de 15 a\u00f1os de experiencia en la Industria IT, todos ellos trabajando con tecnolog\u00edas Microsoft. Actualmente, es Chief Technology Innovation Officer en ENCAMINA, liderando el desarrollo de software con tecnolog\u00eda Microsoft, y miembro del equipo de Direcci\u00f3n. Para la comunidad, trabaja como organizador y speaker de las conferencias m\u00e1s relevantes del mundo Microsoft en Espa\u00f1a, en las cuales es uno de los referentes en SharePoint, Office 365 y Azure. Autor de diversos libros y art\u00edculos en revistas profesionales y blogs, en 2013 empez\u00f3 a formar parte del equipo de Direcci\u00f3n de CompartiMOSS, una revista digital sobre tecnolog\u00edas Microsoft. Desde 2011 ha sido nombrado Microsoft MVP, reconocimiento que ha renovado por s\u00e9ptimo a\u00f1o consecutivo. Se define como un geek, amante de los smartphones y desarrollador. Fundador de TenerifeDev (www.tenerifedev.com), un grupo de usuarios de .NET en Tenerife, y coordinador de SUGES (Grupo de Usuarios de SharePoint de Espa\u00f1a, www.suges.es)\",\"sameAs\":[\"http:\\\/\\\/geeks.ms\\\/blogs\\\/adiazmartin\",\"https:\\\/\\\/x.com\\\/adiazcan\"],\"url\":\"https:\\\/\\\/blogs.encamina.com\\\/por-una-nube-sostenible\\\/author\\\/albertod\\\/\"}]}<\/script>\n<!-- \/ Yoast SEO Premium plugin. -->","yoast_head_json":{"title":"Administraci\u00f3n del ciclo de vida de archivos en Azure Blob Storage | ENCAMINA","description":"Independientemente del tipo de blob es importante que definamos un ciclo de vida adecuado para la informaci\u00f3n.","robots":{"index":"index","follow":"follow","max-snippet":"max-snippet:-1","max-image-preview":"max-image-preview:large","max-video-preview":"max-video-preview:-1"},"canonical":"https:\/\/blogs.encamina.com\/por-una-nube-sostenible\/administracion-del-ciclo-de-vida-de-archivos-en-azure-blob-storage\/","og_locale":"es_ES","og_type":"article","og_title":"Administraci\u00f3n del ciclo de vida de archivos en Azure Blob Storage","og_description":"Independientemente del tipo de blob es importante que definamos un ciclo de vida adecuado para la informaci\u00f3n.","og_url":"https:\/\/blogs.encamina.com\/por-una-nube-sostenible\/administracion-del-ciclo-de-vida-de-archivos-en-azure-blob-storage\/","og_site_name":"Por una nube sostenible","article_published_time":"2021-02-17T10:38:45+00:00","article_modified_time":"2022-04-06T14:49:07+00:00","og_image":[{"width":761,"height":461,"url":"https:\/\/blogs.encamina.com\/por-una-nube-sostenible\/wp-content\/uploads\/sites\/19\/2021\/02\/Azure-Blob-Storage-y-Gadai.png","type":"image\/png"}],"author":"Alberto Diaz Martin","twitter_card":"summary_large_image","twitter_creator":"@adiazcan","twitter_misc":{"Escrito por":"Alberto Diaz Martin","Tiempo de lectura":"5 minutos"},"schema":{"@context":"https:\/\/schema.org","@graph":[{"@type":"Article","@id":"https:\/\/blogs.encamina.com\/por-una-nube-sostenible\/administracion-del-ciclo-de-vida-de-archivos-en-azure-blob-storage\/#article","isPartOf":{"@id":"https:\/\/blogs.encamina.com\/por-una-nube-sostenible\/administracion-del-ciclo-de-vida-de-archivos-en-azure-blob-storage\/"},"author":{"name":"Alberto Diaz Martin","@id":"https:\/\/blogs.encamina.com\/por-una-nube-sostenible\/#\/schema\/person\/2f5010cd661b97f8baed6fbc75f10a9c"},"headline":"Administraci\u00f3n del ciclo de vida de archivos en Azure Blob Storage","datePublished":"2021-02-17T10:38:45+00:00","dateModified":"2022-04-06T14:49:07+00:00","mainEntityOfPage":{"@id":"https:\/\/blogs.encamina.com\/por-una-nube-sostenible\/administracion-del-ciclo-de-vida-de-archivos-en-azure-blob-storage\/"},"wordCount":770,"commentCount":0,"image":{"@id":"https:\/\/blogs.encamina.com\/por-una-nube-sostenible\/administracion-del-ciclo-de-vida-de-archivos-en-azure-blob-storage\/#primaryimage"},"thumbnailUrl":"https:\/\/blogs.encamina.com\/por-una-nube-sostenible\/wp-content\/uploads\/sites\/19\/2021\/02\/Azure-Blob-Storage-y-Gadai.png","articleSection":["Azure","Data","seguridad"],"inLanguage":"es","potentialAction":[{"@type":"CommentAction","name":"Comment","target":["https:\/\/blogs.encamina.com\/por-una-nube-sostenible\/administracion-del-ciclo-de-vida-de-archivos-en-azure-blob-storage\/#respond"]}]},{"@type":"WebPage","@id":"https:\/\/blogs.encamina.com\/por-una-nube-sostenible\/administracion-del-ciclo-de-vida-de-archivos-en-azure-blob-storage\/","url":"https:\/\/blogs.encamina.com\/por-una-nube-sostenible\/administracion-del-ciclo-de-vida-de-archivos-en-azure-blob-storage\/","name":"Administraci\u00f3n del ciclo de vida de archivos en Azure Blob Storage | ENCAMINA","isPartOf":{"@id":"https:\/\/blogs.encamina.com\/por-una-nube-sostenible\/#website"},"primaryImageOfPage":{"@id":"https:\/\/blogs.encamina.com\/por-una-nube-sostenible\/administracion-del-ciclo-de-vida-de-archivos-en-azure-blob-storage\/#primaryimage"},"image":{"@id":"https:\/\/blogs.encamina.com\/por-una-nube-sostenible\/administracion-del-ciclo-de-vida-de-archivos-en-azure-blob-storage\/#primaryimage"},"thumbnailUrl":"https:\/\/blogs.encamina.com\/por-una-nube-sostenible\/wp-content\/uploads\/sites\/19\/2021\/02\/Azure-Blob-Storage-y-Gadai.png","datePublished":"2021-02-17T10:38:45+00:00","dateModified":"2022-04-06T14:49:07+00:00","author":{"@id":"https:\/\/blogs.encamina.com\/por-una-nube-sostenible\/#\/schema\/person\/2f5010cd661b97f8baed6fbc75f10a9c"},"description":"Independientemente del tipo de blob es importante que definamos un ciclo de vida adecuado para la informaci\u00f3n.","breadcrumb":{"@id":"https:\/\/blogs.encamina.com\/por-una-nube-sostenible\/administracion-del-ciclo-de-vida-de-archivos-en-azure-blob-storage\/#breadcrumb"},"inLanguage":"es","potentialAction":[{"@type":"ReadAction","target":["https:\/\/blogs.encamina.com\/por-una-nube-sostenible\/administracion-del-ciclo-de-vida-de-archivos-en-azure-blob-storage\/"]}]},{"@type":"ImageObject","inLanguage":"es","@id":"https:\/\/blogs.encamina.com\/por-una-nube-sostenible\/administracion-del-ciclo-de-vida-de-archivos-en-azure-blob-storage\/#primaryimage","url":"https:\/\/blogs.encamina.com\/por-una-nube-sostenible\/wp-content\/uploads\/sites\/19\/2021\/02\/Azure-Blob-Storage-y-Gadai.png","contentUrl":"https:\/\/blogs.encamina.com\/por-una-nube-sostenible\/wp-content\/uploads\/sites\/19\/2021\/02\/Azure-Blob-Storage-y-Gadai.png","width":761,"height":461},{"@type":"BreadcrumbList","@id":"https:\/\/blogs.encamina.com\/por-una-nube-sostenible\/administracion-del-ciclo-de-vida-de-archivos-en-azure-blob-storage\/#breadcrumb","itemListElement":[{"@type":"ListItem","position":1,"name":"Portada","item":"https:\/\/blogs.encamina.com\/por-una-nube-sostenible\/"},{"@type":"ListItem","position":2,"name":"Administraci\u00f3n del ciclo de vida de archivos en Azure Blob Storage"}]},{"@type":"WebSite","@id":"https:\/\/blogs.encamina.com\/por-una-nube-sostenible\/#website","url":"https:\/\/blogs.encamina.com\/por-una-nube-sostenible\/","name":"Por una nube sostenible","description":"C\u00f3mo no romper los l\u00edmites, c\u00f3mo crear una buena arquitectura y c\u00f3mo hacer un buen mantenimiento","potentialAction":[{"@type":"SearchAction","target":{"@type":"EntryPoint","urlTemplate":"https:\/\/blogs.encamina.com\/por-una-nube-sostenible\/?s={search_term_string}"},"query-input":{"@type":"PropertyValueSpecification","valueRequired":true,"valueName":"search_term_string"}}],"inLanguage":"es"},{"@type":"Person","@id":"https:\/\/blogs.encamina.com\/por-una-nube-sostenible\/#\/schema\/person\/2f5010cd661b97f8baed6fbc75f10a9c","name":"Alberto Diaz Martin","image":{"@type":"ImageObject","inLanguage":"es","@id":"https:\/\/secure.gravatar.com\/avatar\/93ae1999e35e4f1f21cb1a62f1a6cf8eb4a912102519ac96f58a0a4395da414f?s=96&d=mm&r=g","url":"https:\/\/secure.gravatar.com\/avatar\/93ae1999e35e4f1f21cb1a62f1a6cf8eb4a912102519ac96f58a0a4395da414f?s=96&d=mm&r=g","contentUrl":"https:\/\/secure.gravatar.com\/avatar\/93ae1999e35e4f1f21cb1a62f1a6cf8eb4a912102519ac96f58a0a4395da414f?s=96&d=mm&r=g","caption":"Alberto Diaz Martin"},"description":"Alberto Diaz cuenta con m\u00e1s de 15 a\u00f1os de experiencia en la Industria IT, todos ellos trabajando con tecnolog\u00edas Microsoft. Actualmente, es Chief Technology Innovation Officer en ENCAMINA, liderando el desarrollo de software con tecnolog\u00eda Microsoft, y miembro del equipo de Direcci\u00f3n. Para la comunidad, trabaja como organizador y speaker de las conferencias m\u00e1s relevantes del mundo Microsoft en Espa\u00f1a, en las cuales es uno de los referentes en SharePoint, Office 365 y Azure. Autor de diversos libros y art\u00edculos en revistas profesionales y blogs, en 2013 empez\u00f3 a formar parte del equipo de Direcci\u00f3n de CompartiMOSS, una revista digital sobre tecnolog\u00edas Microsoft. Desde 2011 ha sido nombrado Microsoft MVP, reconocimiento que ha renovado por s\u00e9ptimo a\u00f1o consecutivo. Se define como un geek, amante de los smartphones y desarrollador. Fundador de TenerifeDev (www.tenerifedev.com), un grupo de usuarios de .NET en Tenerife, y coordinador de SUGES (Grupo de Usuarios de SharePoint de Espa\u00f1a, www.suges.es)","sameAs":["http:\/\/geeks.ms\/blogs\/adiazmartin","https:\/\/x.com\/adiazcan"],"url":"https:\/\/blogs.encamina.com\/por-una-nube-sostenible\/author\/albertod\/"}]}},"_links":{"self":[{"href":"https:\/\/blogs.encamina.com\/por-una-nube-sostenible\/wp-json\/wp\/v2\/posts\/2277","targetHints":{"allow":["GET"]}}],"collection":[{"href":"https:\/\/blogs.encamina.com\/por-una-nube-sostenible\/wp-json\/wp\/v2\/posts"}],"about":[{"href":"https:\/\/blogs.encamina.com\/por-una-nube-sostenible\/wp-json\/wp\/v2\/types\/post"}],"author":[{"embeddable":true,"href":"https:\/\/blogs.encamina.com\/por-una-nube-sostenible\/wp-json\/wp\/v2\/users\/19"}],"replies":[{"embeddable":true,"href":"https:\/\/blogs.encamina.com\/por-una-nube-sostenible\/wp-json\/wp\/v2\/comments?post=2277"}],"version-history":[{"count":0,"href":"https:\/\/blogs.encamina.com\/por-una-nube-sostenible\/wp-json\/wp\/v2\/posts\/2277\/revisions"}],"wp:featuredmedia":[{"embeddable":true,"href":"https:\/\/blogs.encamina.com\/por-una-nube-sostenible\/wp-json\/wp\/v2\/media\/2291"}],"wp:attachment":[{"href":"https:\/\/blogs.encamina.com\/por-una-nube-sostenible\/wp-json\/wp\/v2\/media?parent=2277"}],"wp:term":[{"taxonomy":"category","embeddable":true,"href":"https:\/\/blogs.encamina.com\/por-una-nube-sostenible\/wp-json\/wp\/v2\/categories?post=2277"},{"taxonomy":"post_tag","embeddable":true,"href":"https:\/\/blogs.encamina.com\/por-una-nube-sostenible\/wp-json\/wp\/v2\/tags?post=2277"}],"curies":[{"name":"wp","href":"https:\/\/api.w.org\/{rel}","templated":true}]}}