{"id":1990,"date":"2019-05-07T08:31:50","date_gmt":"2019-05-07T06:31:50","guid":{"rendered":"http:\/\/blogs.encamina.com\/por-una-nube-sostenible\/?p=1990"},"modified":"2019-05-09T17:49:10","modified_gmt":"2019-05-09T15:49:10","slug":"microsoft-build-2019-oportunidad-y-responsabilidad-en-un-mundo-dirigido-por-el-software","status":"publish","type":"post","link":"https:\/\/blogs.encamina.com\/por-una-nube-sostenible\/microsoft-build-2019-oportunidad-y-responsabilidad-en-un-mundo-dirigido-por-el-software\/","title":{"rendered":"Mi experiencia en Microsoft \/\/Build 2019\/: Oportunidad y responsabilidad en un mundo dirigido por el software"},"content":{"rendered":"<p><a href=\"https:\/\/blogs.encamina.com\/por-una-nube-sostenible\/wp-content\/uploads\/sites\/19\/2019\/05\/IMG_20190506_205904.jpg\"><img loading=\"lazy\" decoding=\"async\" class=\"size-large wp-image-1997\" src=\"https:\/\/blogs.encamina.com\/por-una-nube-sostenible\/wp-content\/uploads\/sites\/19\/2019\/05\/IMG_20190506_205904-1024x768.jpg\" alt=\"\" width=\"1024\" height=\"768\" srcset=\"https:\/\/encaminablogs.wpenginepowered.com\/por-una-nube-sostenible\/wp-content\/uploads\/sites\/19\/2019\/05\/IMG_20190506_205904-1024x768.jpg 1024w, https:\/\/encaminablogs.wpenginepowered.com\/por-una-nube-sostenible\/wp-content\/uploads\/sites\/19\/2019\/05\/IMG_20190506_205904-300x225.jpg 300w, https:\/\/encaminablogs.wpenginepowered.com\/por-una-nube-sostenible\/wp-content\/uploads\/sites\/19\/2019\/05\/IMG_20190506_205904-768x576.jpg 768w, https:\/\/encaminablogs.wpenginepowered.com\/por-una-nube-sostenible\/wp-content\/uploads\/sites\/19\/2019\/05\/IMG_20190506_205904-610x458.jpg 610w\" sizes=\"auto, (max-width: 1024px) 100vw, 1024px\" \/><\/a><\/p>\n<p>Como cada mayo, ha llegado el <a href=\"https:\/\/mybuild.techcommunity.microsoft.com\/home#top-anchor\">Build<\/a>, el evento para desarrolladores de Microsoft, plagado de novedades y sesiones que empiezan con la Keynote de Satya Nadella. Tres d\u00edas muy largos \u00a1y muy intensos!<!--more--><\/p>\n<h2><span class=\"ez-toc-section\" id=\"DIA_1\"><\/span>D\u00cdA 1<span class=\"ez-toc-section-end\"><\/span><\/h2>\n<p>Para todos los que no ten\u00e9is la suerte de estar por aqu\u00ed, voy a tratar de contaros todo lo que hemos aprendido en las primeras sesiones:<\/p>\n<p><a href=\"https:\/\/blogs.encamina.com\/por-una-nube-sostenible\/wp-content\/uploads\/sites\/19\/2019\/05\/IMG_20190506_085115.jpg\"><img loading=\"lazy\" decoding=\"async\" class=\"size-large wp-image-1996\" src=\"https:\/\/blogs.encamina.com\/por-una-nube-sostenible\/wp-content\/uploads\/sites\/19\/2019\/05\/IMG_20190506_085115-1024x768.jpg\" alt=\"\" width=\"1024\" height=\"768\" srcset=\"https:\/\/encaminablogs.wpenginepowered.com\/por-una-nube-sostenible\/wp-content\/uploads\/sites\/19\/2019\/05\/IMG_20190506_085115-1024x768.jpg 1024w, https:\/\/encaminablogs.wpenginepowered.com\/por-una-nube-sostenible\/wp-content\/uploads\/sites\/19\/2019\/05\/IMG_20190506_085115-300x225.jpg 300w, https:\/\/encaminablogs.wpenginepowered.com\/por-una-nube-sostenible\/wp-content\/uploads\/sites\/19\/2019\/05\/IMG_20190506_085115-768x576.jpg 768w, https:\/\/encaminablogs.wpenginepowered.com\/por-una-nube-sostenible\/wp-content\/uploads\/sites\/19\/2019\/05\/IMG_20190506_085115-610x458.jpg 610w\" sizes=\"auto, (max-width: 1024px) 100vw, 1024px\" \/><\/a><\/p>\n<p>Si hablamos de <strong>Azure<\/strong>, Microsoft ense\u00f1a todo el potencial de su Cloud P\u00fablica con los n\u00fameros que avalan su distribuci\u00f3n geogr\u00e1fica y sus certificaciones orientadas a cumplimiento normativo: 54 regiones y m\u00e1s de 90 certificaciones.<\/p>\n<p><a href=\"https:\/\/blogs.encamina.com\/por-una-nube-sostenible\/wp-content\/uploads\/sites\/19\/2019\/05\/IMG_20190506_085629.jpg\"><img loading=\"lazy\" decoding=\"async\" class=\"size-large wp-image-1998\" src=\"https:\/\/blogs.encamina.com\/por-una-nube-sostenible\/wp-content\/uploads\/sites\/19\/2019\/05\/IMG_20190506_085629-1024x354.jpg\" alt=\"\" width=\"1024\" height=\"354\" srcset=\"https:\/\/encaminablogs.wpenginepowered.com\/por-una-nube-sostenible\/wp-content\/uploads\/sites\/19\/2019\/05\/IMG_20190506_085629-1024x354.jpg 1024w, https:\/\/encaminablogs.wpenginepowered.com\/por-una-nube-sostenible\/wp-content\/uploads\/sites\/19\/2019\/05\/IMG_20190506_085629-300x104.jpg 300w, https:\/\/encaminablogs.wpenginepowered.com\/por-una-nube-sostenible\/wp-content\/uploads\/sites\/19\/2019\/05\/IMG_20190506_085629-768x266.jpg 768w, https:\/\/encaminablogs.wpenginepowered.com\/por-una-nube-sostenible\/wp-content\/uploads\/sites\/19\/2019\/05\/IMG_20190506_085629-610x211.jpg 610w\" sizes=\"auto, (max-width: 1024px) 100vw, 1024px\" \/><\/a><\/p>\n<p>En cuanto a los servicios de Azure, podemos ver un nuevo foco en <strong>Serverless<\/strong>: Web, Containers, Eventos, Databases, son claros representantes de este cambio, una nueva visi\u00f3n de c\u00f3mo podemos provisionar nuestras aplicaciones, con una infraestructura que es capaz de escalar para atender nuestra demanda y donde nos facturan por ese consumo y no por tener alojado nuestro c\u00f3digo en un servidor sin usuarios. Como ejemplo de la inversi\u00f3n de Microsoft en Serverless podemos hablar de <a href=\"https:\/\/cloudblogs.microsoft.com\/opensource\/2019\/05\/06\/announcing-keda-kubernetes-event-driven-autoscaling-containers\/\">KEDA<\/a>, un proyecto Open Source para llevar Azure Functions a Kubernetes, y <a href=\"https:\/\/azure.microsoft.com\/en-us\/updates\/azure-sql-database-serverless-compute-tier-is-now-in-preview\/\">Azure SQL Database Serverless&#8230;<\/a> S\u00ed, lo hab\u00e9is le\u00eddo bien:<strong> una versi\u00f3n Serverless de SQL en Azure.<\/strong><\/p>\n<h2><span class=\"ez-toc-section\" id=\"Cognitive_Services_y_Azure_AI\"><\/span>Cognitive Services y Azure AI<span class=\"ez-toc-section-end\"><\/span><\/h2>\n<p>Cognitives Services y todo el stack de Azure AI sigue creciendo en funcionalidades. Desde una nueva categor\u00eda para <a href=\"https:\/\/azure.microsoft.com\/en-us\/blog\/a-deep-dive-into-what-s-new-with-azure-cognitive-services\/\">los servicios cognitivos<\/a> dedicada a <strong>Decision<\/strong>, pasando por el mundo de los <strong>asistentes virtuales<\/strong> que deben de entender el lenguaje natural o terminando con una nueva interfaz de desarrollo visual para <a href=\"https:\/\/azure.microsoft.com\/en-us\/blog\/new-azure-machine-learning-updates-simplify-and-accelerate-the-ml-lifecycle\/\">Azure Machine Learning o un servicio de datos de entrenamiento con Azure Open Datasets<\/a><\/p>\n<h2><span class=\"ez-toc-section\" id=\"Microsoft_Graph_Data_Connect\"><\/span>Microsoft Graph Data Connect<span class=\"ez-toc-section-end\"><\/span><\/h2>\n<p>Con <a href=\"https:\/\/docs.microsoft.com\/en-us\/graph\/data-connect-concept-overview\">Microsoft Graph Data Connect<\/a> nos adentramos en el maravilloso mundo del Big Data. \u00bfos pod\u00e9is imaginar cu\u00e1nto almacenamiento necesitamos para guardar todos los emails, eventos, documentos, conversaciones que los clientes tienen en Office 365? \u00bfo c\u00f3mo podemos utilizar la AI para analizar toda esa informaci\u00f3n? Pues s\u00ed, <strong>Data Connect<\/strong> es una pieza fundamental en este mundo, un conector para poder descargar toda la informaci\u00f3n de nuestro tenant, de forma segura, controlada por IT y con <strong>infinitas posibilidades en las que en ENCAMINA ya estamos pensando \ud83d\ude09\u00a0<\/strong><\/p>\n<p><a href=\"https:\/\/blogs.encamina.com\/por-una-nube-sostenible\/wp-content\/uploads\/sites\/19\/2019\/05\/IMG_20190506_093318.jpg\"><img loading=\"lazy\" decoding=\"async\" class=\"size-large wp-image-1999\" src=\"https:\/\/blogs.encamina.com\/por-una-nube-sostenible\/wp-content\/uploads\/sites\/19\/2019\/05\/IMG_20190506_093318-1024x412.jpg\" alt=\"\" width=\"1024\" height=\"412\" srcset=\"https:\/\/encaminablogs.wpenginepowered.com\/por-una-nube-sostenible\/wp-content\/uploads\/sites\/19\/2019\/05\/IMG_20190506_093318-1024x412.jpg 1024w, https:\/\/encaminablogs.wpenginepowered.com\/por-una-nube-sostenible\/wp-content\/uploads\/sites\/19\/2019\/05\/IMG_20190506_093318-300x121.jpg 300w, https:\/\/encaminablogs.wpenginepowered.com\/por-una-nube-sostenible\/wp-content\/uploads\/sites\/19\/2019\/05\/IMG_20190506_093318-768x309.jpg 768w, https:\/\/encaminablogs.wpenginepowered.com\/por-una-nube-sostenible\/wp-content\/uploads\/sites\/19\/2019\/05\/IMG_20190506_093318-610x245.jpg 610w\" sizes=\"auto, (max-width: 1024px) 100vw, 1024px\" \/><\/a><\/p>\n<h2><span class=\"ez-toc-section\" id=\"Natural_Language\"><\/span>Natural Language<span class=\"ez-toc-section-end\"><\/span><\/h2>\n<p>\u00bfC\u00f3mo trabaja <a href=\"https:\/\/blogs.microsoft.com\/ai\/microsoft-build-future-of-natural-language\/\">Microsoft <\/a>para hacer que los asistentes virtuales sean una realidad y sean capaces de entender el lenguaje natural, responder a m\u00faltiples dominios, mantener un contexto adecuado a la conversaci\u00f3n o ser multi-agente? Cortana ser\u00e1 (o eso esperamos todos), el asistente empresarial que nos ayude con nuestro d\u00eda a d\u00eda, pero como tambi\u00e9n todos esperamos, nuestros bots tendr\u00e1n alg\u00fan d\u00eda capacidad extendida para poder incluir estas funcionalidades tan interesantes.<\/p>\n<p><img loading=\"lazy\" decoding=\"async\" class=\"aligncenter size-full wp-image-2005\" src=\"https:\/\/blogs.encamina.com\/por-una-nube-sostenible\/wp-content\/uploads\/sites\/19\/2019\/05\/alberto-d\u00edaz-Build-2.jpg\" alt=\"\" width=\"1200\" height=\"900\" srcset=\"https:\/\/encaminablogs.wpenginepowered.com\/por-una-nube-sostenible\/wp-content\/uploads\/sites\/19\/2019\/05\/alberto-d\u00edaz-Build-2.jpg 1200w, https:\/\/encaminablogs.wpenginepowered.com\/por-una-nube-sostenible\/wp-content\/uploads\/sites\/19\/2019\/05\/alberto-d\u00edaz-Build-2-300x225.jpg 300w, https:\/\/encaminablogs.wpenginepowered.com\/por-una-nube-sostenible\/wp-content\/uploads\/sites\/19\/2019\/05\/alberto-d\u00edaz-Build-2-768x576.jpg 768w, https:\/\/encaminablogs.wpenginepowered.com\/por-una-nube-sostenible\/wp-content\/uploads\/sites\/19\/2019\/05\/alberto-d\u00edaz-Build-2-1024x768.jpg 1024w, https:\/\/encaminablogs.wpenginepowered.com\/por-una-nube-sostenible\/wp-content\/uploads\/sites\/19\/2019\/05\/alberto-d\u00edaz-Build-2-610x458.jpg 610w\" sizes=\"auto, (max-width: 1200px) 100vw, 1200px\" \/> <img loading=\"lazy\" decoding=\"async\" class=\"aligncenter size-full wp-image-2006\" src=\"https:\/\/blogs.encamina.com\/por-una-nube-sostenible\/wp-content\/uploads\/sites\/19\/2019\/05\/Alberto-D\u00edaz-Build.jpg\" alt=\"\" width=\"1200\" height=\"900\" srcset=\"https:\/\/encaminablogs.wpenginepowered.com\/por-una-nube-sostenible\/wp-content\/uploads\/sites\/19\/2019\/05\/Alberto-D\u00edaz-Build.jpg 1200w, https:\/\/encaminablogs.wpenginepowered.com\/por-una-nube-sostenible\/wp-content\/uploads\/sites\/19\/2019\/05\/Alberto-D\u00edaz-Build-300x225.jpg 300w, https:\/\/encaminablogs.wpenginepowered.com\/por-una-nube-sostenible\/wp-content\/uploads\/sites\/19\/2019\/05\/Alberto-D\u00edaz-Build-768x576.jpg 768w, https:\/\/encaminablogs.wpenginepowered.com\/por-una-nube-sostenible\/wp-content\/uploads\/sites\/19\/2019\/05\/Alberto-D\u00edaz-Build-1024x768.jpg 1024w, https:\/\/encaminablogs.wpenginepowered.com\/por-una-nube-sostenible\/wp-content\/uploads\/sites\/19\/2019\/05\/Alberto-D\u00edaz-Build-610x458.jpg 610w\" sizes=\"auto, (max-width: 1200px) 100vw, 1200px\" \/><\/p>\n<p>Hasta aqu\u00ed el primer d\u00eda, ma\u00f1ana continuaremos con m\u00e1s novedades.<\/p>\n<h2><span class=\"ez-toc-section\" id=\"Que_nos_ha_deparado_el_resto_de_la_semana\"><\/span>Qu\u00e9 nos ha deparado el resto de la semana<span class=\"ez-toc-section-end\"><\/span><\/h2>\n<p>Microsoft ha cambiado mucho desde la llegada de Satya y creo que su \u00e9xito se basa en la transparencia y en la apertura de puertas que est\u00e1 produci\u00e9ndose en los equipos de producto. Cada semana tenemos novedades y\/o servicios nuevos en Preview para probar, cosa que se agradece porque nos permite preparar proyectos futuros.<\/p>\n<p>Con esto quiero decir que, <strong>aunque no haya sido un Build con anuncios espectaculares,<\/strong> mi sensaci\u00f3n sigue siendo que Microsoft <strong>contin\u00faa en la senda de cambiar el mundo<\/strong> pero con la colaboraci\u00f3n del mundo, que es algo que antiguamente no era tan viable.<\/p>\n<p>Centr\u00e1ndonos en el Build, podemos hablar de las siguientes novedades:<\/p>\n<h2><span class=\"ez-toc-section\" id=\"Blockchain\"><\/span>Blockchain<span class=\"ez-toc-section-end\"><\/span><\/h2>\n<p>Primera versi\u00f3n de <a href=\"https:\/\/azure.microsoft.com\/en-us\/blog\/digitizing-trust-azure-blockchain-service-simplifies-blockchain-development\/\">Azure Blockchain Service<\/a>, un Blockchain as a Services,\u00a0 completamente administrado por Microsoft para que nos centremos en desarrollar los procesos de negocio y las aplicaciones, por supuesto, integrado con nuestro Azure AD para darle ese toque empresarial que tienen los servicios de Azure.<\/p>\n<p><a href=\"https:\/\/blogs.encamina.com\/por-una-nube-sostenible\/wp-content\/uploads\/sites\/19\/2019\/05\/IMG_20190507_141619.jpg\"><img loading=\"lazy\" decoding=\"async\" class=\"size-large wp-image-2013\" src=\"https:\/\/blogs.encamina.com\/por-una-nube-sostenible\/wp-content\/uploads\/sites\/19\/2019\/05\/IMG_20190507_141619-1024x768.jpg\" alt=\"\" width=\"1024\" height=\"768\" srcset=\"https:\/\/encaminablogs.wpenginepowered.com\/por-una-nube-sostenible\/wp-content\/uploads\/sites\/19\/2019\/05\/IMG_20190507_141619-1024x768.jpg 1024w, https:\/\/encaminablogs.wpenginepowered.com\/por-una-nube-sostenible\/wp-content\/uploads\/sites\/19\/2019\/05\/IMG_20190507_141619-300x225.jpg 300w, https:\/\/encaminablogs.wpenginepowered.com\/por-una-nube-sostenible\/wp-content\/uploads\/sites\/19\/2019\/05\/IMG_20190507_141619-768x576.jpg 768w, https:\/\/encaminablogs.wpenginepowered.com\/por-una-nube-sostenible\/wp-content\/uploads\/sites\/19\/2019\/05\/IMG_20190507_141619-610x458.jpg 610w\" sizes=\"auto, (max-width: 1024px) 100vw, 1024px\" \/><\/a><\/p>\n<h2><span class=\"ez-toc-section\" id=\"Azure_Cosmo_DB_con_soporte_para_Apache_Spark\"><\/span>Azure Cosmo DB con soporte para Apache Spark<span class=\"ez-toc-section-end\"><\/span><\/h2>\n<p><a href=\"https:\/\/azure.microsoft.com\/en-us\/blog\/planet-scale-operational-analytics-and-ai-with-azure-cosmos-db\/\">Apache Spark es la nueva base de datos<\/a> que se a\u00f1ade a la familia de Cosmos DB y que aprovechar\u00e1 todas las ventajas que ya ofrece este servicio, como SLAs, distribuci\u00f3n geofr\u00e1fica, etc. Junto con la capacidad de ejecutar an\u00e1lisis de nuestros datos en Cosmos DB que nos ofrece Apache Spark, tenemos la opci\u00f3n de crear y trabajar con los Jupyter Notebook directamente en el servicio, lo que nos simplifica la ejecuci\u00f3n del an\u00e1lisis sobre Spark.<\/p>\n<p>Este ser\u00e1 un nuevo modelo de generar agregados y nuevos an\u00e1lisis de los datos que van llegando a Cosmos DB para facilitar la desnormalizaci\u00f3n de la informaci\u00f3n y preparar esas vistas que agilizan las consultas.<\/p>\n<h2><span class=\"ez-toc-section\" id=\"Sistemas_autonomos\"><\/span>Sistemas aut\u00f3nomos<span class=\"ez-toc-section-end\"><\/span><\/h2>\n<p>El objetivo es que las m\u00e1quinas aprendan y que puedan tomas sus propias decisiones para que consigan ser aut\u00f3nomas (<a href=\"https:\/\/news.microsoft.com\/innovation-stories\/microsoft-build-autonomous-systems\/\">Autononous Systems<\/a>) en su dominio, algo en lo que Microsoft est\u00e1 trabajando para que tengamos herramientas de <a href=\"https:\/\/blogs.microsoft.com\/ai\/machine-teaching\/\">Machine Teaching<\/a> o de <a href=\"https:\/\/www.microsoft.com\/en-us\/research\/project\/aerial-informatics-robotics-platform\/\">simulaci\u00f3n<\/a> y ayudarnos con ese entrenamiento.<\/p>\n<p><a style=\"font-weight: bold; background-color: #f1f1f1; font-size: 12px; text-align: center;\" href=\"https:\/\/blogs.encamina.com\/por-una-nube-sostenible\/wp-content\/uploads\/sites\/19\/2019\/05\/IMG_20190508_100114.jpg\"><img loading=\"lazy\" decoding=\"async\" class=\"size-large wp-image-2012\" src=\"https:\/\/blogs.encamina.com\/por-una-nube-sostenible\/wp-content\/uploads\/sites\/19\/2019\/05\/IMG_20190508_100114-1024x768.jpg\" alt=\"\" width=\"1024\" height=\"768\" srcset=\"https:\/\/encaminablogs.wpenginepowered.com\/por-una-nube-sostenible\/wp-content\/uploads\/sites\/19\/2019\/05\/IMG_20190508_100114-1024x768.jpg 1024w, https:\/\/encaminablogs.wpenginepowered.com\/por-una-nube-sostenible\/wp-content\/uploads\/sites\/19\/2019\/05\/IMG_20190508_100114-300x225.jpg 300w, https:\/\/encaminablogs.wpenginepowered.com\/por-una-nube-sostenible\/wp-content\/uploads\/sites\/19\/2019\/05\/IMG_20190508_100114-768x576.jpg 768w, https:\/\/encaminablogs.wpenginepowered.com\/por-una-nube-sostenible\/wp-content\/uploads\/sites\/19\/2019\/05\/IMG_20190508_100114-610x458.jpg 610w\" sizes=\"auto, (max-width: 1024px) 100vw, 1024px\" \/><\/a><\/p>\n<h2><span class=\"ez-toc-section\" id=\"Encriptacion_H0momofica_Homomorphic_Encryption\"><\/span>Encriptaci\u00f3n H0mom\u00f3fica (Homomorphic Encryption)<span class=\"ez-toc-section-end\"><\/span><\/h2>\n<p>Microsoft est\u00e1 trabajando desde Research en un framework que permita usar este tipo de encriptaci\u00f3n de una forma simple. Con este <a href=\"https:\/\/www.technologyreview.es\/s\/1995\/tr10-cifrado-homomorfico\">cifrado<\/a> vamos a poder realizar operaciones sobre nuestros datos, v\u00e9ase aplicar inteligencia artificial para, por ejemplo, hacer alg\u00fan tipo de predicci\u00f3n sin tener que descifrar los datos, lo que garantiza la confidencialidad del usuario final. <a href=\"https:\/\/www.microsoft.com\/en-us\/research\/project\/microsoft-seal\/\">Microsoft SEAL<\/a> es un proyecto open source, que nos provee de una seria de librer\u00edas para realizar tareas utilizando este cifrado.<\/p>\n<p><a href=\"https:\/\/blogs.encamina.com\/por-una-nube-sostenible\/wp-content\/uploads\/sites\/19\/2019\/05\/IMG_20190508_145931.jpg\"><img loading=\"lazy\" decoding=\"async\" class=\"size-large wp-image-2011\" src=\"https:\/\/blogs.encamina.com\/por-una-nube-sostenible\/wp-content\/uploads\/sites\/19\/2019\/05\/IMG_20190508_145931-1024x768.jpg\" alt=\"\" width=\"1024\" height=\"768\" srcset=\"https:\/\/encaminablogs.wpenginepowered.com\/por-una-nube-sostenible\/wp-content\/uploads\/sites\/19\/2019\/05\/IMG_20190508_145931-1024x768.jpg 1024w, https:\/\/encaminablogs.wpenginepowered.com\/por-una-nube-sostenible\/wp-content\/uploads\/sites\/19\/2019\/05\/IMG_20190508_145931-300x225.jpg 300w, https:\/\/encaminablogs.wpenginepowered.com\/por-una-nube-sostenible\/wp-content\/uploads\/sites\/19\/2019\/05\/IMG_20190508_145931-768x576.jpg 768w, https:\/\/encaminablogs.wpenginepowered.com\/por-una-nube-sostenible\/wp-content\/uploads\/sites\/19\/2019\/05\/IMG_20190508_145931-610x458.jpg 610w\" sizes=\"auto, (max-width: 1024px) 100vw, 1024px\" \/><\/a><\/p>\n<p>Y por \u00faltimo, no he podido resistirme a subir esta bonita foto en el estadio de los Seahawks, como fin de fiesta \ud83d\ude09<\/p>\n<p><a href=\"https:\/\/blogs.encamina.com\/por-una-nube-sostenible\/wp-content\/uploads\/sites\/19\/2019\/05\/IMG_20190508_202116.jpg\"><img loading=\"lazy\" decoding=\"async\" class=\"size-large wp-image-2014\" src=\"https:\/\/blogs.encamina.com\/por-una-nube-sostenible\/wp-content\/uploads\/sites\/19\/2019\/05\/IMG_20190508_202116-1024x768.jpg\" alt=\"\" width=\"1024\" height=\"768\" srcset=\"https:\/\/encaminablogs.wpenginepowered.com\/por-una-nube-sostenible\/wp-content\/uploads\/sites\/19\/2019\/05\/IMG_20190508_202116-1024x768.jpg 1024w, https:\/\/encaminablogs.wpenginepowered.com\/por-una-nube-sostenible\/wp-content\/uploads\/sites\/19\/2019\/05\/IMG_20190508_202116-300x225.jpg 300w, https:\/\/encaminablogs.wpenginepowered.com\/por-una-nube-sostenible\/wp-content\/uploads\/sites\/19\/2019\/05\/IMG_20190508_202116-768x576.jpg 768w, https:\/\/encaminablogs.wpenginepowered.com\/por-una-nube-sostenible\/wp-content\/uploads\/sites\/19\/2019\/05\/IMG_20190508_202116-610x458.jpg 610w\" sizes=\"auto, (max-width: 1024px) 100vw, 1024px\" \/><\/a><\/p>\n<!-- AddThis Advanced Settings generic via filter on the_content --><!-- AddThis Share Buttons generic via filter on the_content --><div id=\"ez-toc-container\" class=\"ez-toc-v2_0_82_2 ez-toc-wrap-center counter-hierarchy ez-toc-counter ez-toc-grey ez-toc-container-direction\">\n<div class=\"ez-toc-title-container\">\n<p class=\"ez-toc-title\" style=\"cursor:inherit\">Tabla de contenidos<\/p>\n<span class=\"ez-toc-title-toggle\"><a href=\"#\" class=\"ez-toc-pull-right ez-toc-btn ez-toc-btn-xs ez-toc-btn-default ez-toc-toggle\" aria-label=\"Toggle Table of Content\"><span class=\"ez-toc-js-icon-con\"><span class=\"\"><span class=\"eztoc-hide\" style=\"display:none;\">Toggle<\/span><span class=\"ez-toc-icon-toggle-span\"><svg style=\"fill: #999;color:#999\" xmlns=\"http:\/\/www.w3.org\/2000\/svg\" class=\"list-377408\" width=\"20px\" height=\"20px\" viewBox=\"0 0 24 24\" fill=\"none\"><path d=\"M6 6H4v2h2V6zm14 0H8v2h12V6zM4 11h2v2H4v-2zm16 0H8v2h12v-2zM4 16h2v2H4v-2zm16 0H8v2h12v-2z\" fill=\"currentColor\"><\/path><\/svg><svg style=\"fill: #999;color:#999\" class=\"arrow-unsorted-368013\" xmlns=\"http:\/\/www.w3.org\/2000\/svg\" width=\"10px\" height=\"10px\" viewBox=\"0 0 24 24\" version=\"1.2\" baseProfile=\"tiny\"><path d=\"M18.2 9.3l-6.2-6.3-6.2 6.3c-.2.2-.3.4-.3.7s.1.5.3.7c.2.2.4.3.7.3h11c.3 0 .5-.1.7-.3.2-.2.3-.5.3-.7s-.1-.5-.3-.7zM5.8 14.7l6.2 6.3 6.2-6.3c.2-.2.3-.5.3-.7s-.1-.5-.3-.7c-.2-.2-.4-.3-.7-.3h-11c-.3 0-.5.1-.7.3-.2.2-.3.5-.3.7s.1.5.3.7z\"\/><\/svg><\/span><\/span><\/span><\/a><\/span><\/div>\n<nav><ul class='ez-toc-list ez-toc-list-level-1 eztoc-toggle-hide-by-default' ><li class='ez-toc-page-1 ez-toc-heading-level-2'><a class=\"ez-toc-link ez-toc-heading-1\" href=\"https:\/\/blogs.encamina.com\/por-una-nube-sostenible\/microsoft-build-2019-oportunidad-y-responsabilidad-en-un-mundo-dirigido-por-el-software\/#DIA_1\" >D\u00cdA 1<\/a><\/li><li class='ez-toc-page-1 ez-toc-heading-level-2'><a class=\"ez-toc-link ez-toc-heading-2\" href=\"https:\/\/blogs.encamina.com\/por-una-nube-sostenible\/microsoft-build-2019-oportunidad-y-responsabilidad-en-un-mundo-dirigido-por-el-software\/#Cognitive_Services_y_Azure_AI\" >Cognitive Services y Azure AI<\/a><\/li><li class='ez-toc-page-1 ez-toc-heading-level-2'><a class=\"ez-toc-link ez-toc-heading-3\" href=\"https:\/\/blogs.encamina.com\/por-una-nube-sostenible\/microsoft-build-2019-oportunidad-y-responsabilidad-en-un-mundo-dirigido-por-el-software\/#Microsoft_Graph_Data_Connect\" >Microsoft Graph Data Connect<\/a><\/li><li class='ez-toc-page-1 ez-toc-heading-level-2'><a class=\"ez-toc-link ez-toc-heading-4\" href=\"https:\/\/blogs.encamina.com\/por-una-nube-sostenible\/microsoft-build-2019-oportunidad-y-responsabilidad-en-un-mundo-dirigido-por-el-software\/#Natural_Language\" >Natural Language<\/a><\/li><li class='ez-toc-page-1 ez-toc-heading-level-2'><a class=\"ez-toc-link ez-toc-heading-5\" href=\"https:\/\/blogs.encamina.com\/por-una-nube-sostenible\/microsoft-build-2019-oportunidad-y-responsabilidad-en-un-mundo-dirigido-por-el-software\/#Que_nos_ha_deparado_el_resto_de_la_semana\" >Qu\u00e9 nos ha deparado el resto de la semana<\/a><\/li><li class='ez-toc-page-1 ez-toc-heading-level-2'><a class=\"ez-toc-link ez-toc-heading-6\" href=\"https:\/\/blogs.encamina.com\/por-una-nube-sostenible\/microsoft-build-2019-oportunidad-y-responsabilidad-en-un-mundo-dirigido-por-el-software\/#Blockchain\" >Blockchain<\/a><\/li><li class='ez-toc-page-1 ez-toc-heading-level-2'><a class=\"ez-toc-link ez-toc-heading-7\" href=\"https:\/\/blogs.encamina.com\/por-una-nube-sostenible\/microsoft-build-2019-oportunidad-y-responsabilidad-en-un-mundo-dirigido-por-el-software\/#Azure_Cosmo_DB_con_soporte_para_Apache_Spark\" >Azure Cosmo DB con soporte para Apache Spark<\/a><\/li><li class='ez-toc-page-1 ez-toc-heading-level-2'><a class=\"ez-toc-link ez-toc-heading-8\" href=\"https:\/\/blogs.encamina.com\/por-una-nube-sostenible\/microsoft-build-2019-oportunidad-y-responsabilidad-en-un-mundo-dirigido-por-el-software\/#Sistemas_autonomos\" >Sistemas aut\u00f3nomos<\/a><\/li><li class='ez-toc-page-1 ez-toc-heading-level-2'><a class=\"ez-toc-link ez-toc-heading-9\" href=\"https:\/\/blogs.encamina.com\/por-una-nube-sostenible\/microsoft-build-2019-oportunidad-y-responsabilidad-en-un-mundo-dirigido-por-el-software\/#Encriptacion_H0momofica_Homomorphic_Encryption\" >Encriptaci\u00f3n H0mom\u00f3fica (Homomorphic Encryption)<\/a><\/li><\/ul><\/nav><\/div>\n","protected":false},"excerpt":{"rendered":"<p>Como cada mayo, ha llegado el Build, el evento para desarrolladores de Microsoft, plagado de novedades y sesiones que empiezan con la Keynote de Satya Nadella. Tres d\u00edas muy largos \u00a1y muy intensos!<!-- AddThis Advanced Settings generic via filter on get_the_excerpt --><!-- AddThis Share Buttons generic via filter on get_the_excerpt --><\/p>\n","protected":false},"author":19,"featured_media":2014,"comment_status":"open","ping_status":"open","sticky":false,"template":"","format":"standard","meta":{"footnotes":""},"categories":[3,85,84],"tags":[4,52,63],"class_list":["post-1990","post","type-post","status-publish","format-standard","has-post-thumbnail","hentry","category-azure","category-office-365","category-serverless","tag-azure","tag-office-365","tag-serverless"],"yoast_head":"<!-- This site is optimized with the Yoast SEO Premium plugin v18.2.1 (Yoast SEO v27.3) - https:\/\/yoast.com\/product\/yoast-seo-premium-wordpress\/ -->\n<title>Mi experiencia en Microsoft \/\/Build 2019\/: Oportunidad y responsabilidad en un mundo dirigido por el software - Por una nube sostenible<\/title>\n<meta name=\"description\" content=\"Como cada mayo, ha llegado el Build, el evento para desarrolladores de Microsoft, plagado de novedades y sesiones que empiezan con la Keynote de Satya Nadella. Tres d\u00edas muy largos \u00a1y muy intensos!\" \/>\n<meta name=\"robots\" content=\"index, follow, max-snippet:-1, max-image-preview:large, max-video-preview:-1\" \/>\n<link rel=\"canonical\" href=\"https:\/\/blogs.encamina.com\/por-una-nube-sostenible\/microsoft-build-2019-oportunidad-y-responsabilidad-en-un-mundo-dirigido-por-el-software\/\" \/>\n<meta property=\"og:locale\" content=\"es_ES\" \/>\n<meta property=\"og:type\" content=\"article\" \/>\n<meta property=\"og:title\" content=\"Mi experiencia en Microsoft \/\/Build 2019\/: Oportunidad y responsabilidad en un mundo dirigido por el software\" \/>\n<meta property=\"og:description\" content=\"Como cada mayo, ha llegado el Build, el evento para desarrolladores de Microsoft, plagado de novedades y sesiones que empiezan con la Keynote de Satya Nadella. Tres d\u00edas muy largos \u00a1y muy intensos!\" \/>\n<meta property=\"og:url\" content=\"https:\/\/blogs.encamina.com\/por-una-nube-sostenible\/microsoft-build-2019-oportunidad-y-responsabilidad-en-un-mundo-dirigido-por-el-software\/\" \/>\n<meta property=\"og:site_name\" content=\"Por una nube sostenible\" \/>\n<meta property=\"article:published_time\" content=\"2019-05-07T06:31:50+00:00\" \/>\n<meta property=\"article:modified_time\" content=\"2019-05-09T15:49:10+00:00\" \/>\n<meta property=\"og:image\" content=\"https:\/\/blogs.encamina.com\/por-una-nube-sostenible\/wp-content\/uploads\/sites\/19\/2019\/05\/IMG_20190508_202116-1024x768.jpg\" \/>\n\t<meta property=\"og:image:width\" content=\"1024\" \/>\n\t<meta property=\"og:image:height\" content=\"768\" \/>\n\t<meta property=\"og:image:type\" content=\"image\/jpeg\" \/>\n<meta name=\"author\" content=\"Alberto Diaz Martin\" \/>\n<meta name=\"twitter:card\" content=\"summary_large_image\" \/>\n<meta name=\"twitter:creator\" content=\"@adiazcan\" \/>\n<meta name=\"twitter:label1\" content=\"Escrito por\" \/>\n\t<meta name=\"twitter:data1\" content=\"Alberto Diaz Martin\" \/>\n\t<meta name=\"twitter:label2\" content=\"Tiempo de lectura\" \/>\n\t<meta name=\"twitter:data2\" content=\"5 minutos\" \/>\n<script type=\"application\/ld+json\" class=\"yoast-schema-graph\">{\"@context\":\"https:\\\/\\\/schema.org\",\"@graph\":[{\"@type\":\"Article\",\"@id\":\"https:\\\/\\\/blogs.encamina.com\\\/por-una-nube-sostenible\\\/microsoft-build-2019-oportunidad-y-responsabilidad-en-un-mundo-dirigido-por-el-software\\\/#article\",\"isPartOf\":{\"@id\":\"https:\\\/\\\/blogs.encamina.com\\\/por-una-nube-sostenible\\\/microsoft-build-2019-oportunidad-y-responsabilidad-en-un-mundo-dirigido-por-el-software\\\/\"},\"author\":{\"name\":\"Alberto Diaz Martin\",\"@id\":\"https:\\\/\\\/blogs.encamina.com\\\/por-una-nube-sostenible\\\/#\\\/schema\\\/person\\\/2f5010cd661b97f8baed6fbc75f10a9c\"},\"headline\":\"Mi experiencia en Microsoft \\\/\\\/Build 2019\\\/: Oportunidad y responsabilidad en un mundo dirigido por el software\",\"datePublished\":\"2019-05-07T06:31:50+00:00\",\"dateModified\":\"2019-05-09T15:49:10+00:00\",\"mainEntityOfPage\":{\"@id\":\"https:\\\/\\\/blogs.encamina.com\\\/por-una-nube-sostenible\\\/microsoft-build-2019-oportunidad-y-responsabilidad-en-un-mundo-dirigido-por-el-software\\\/\"},\"wordCount\":947,\"commentCount\":0,\"image\":{\"@id\":\"https:\\\/\\\/blogs.encamina.com\\\/por-una-nube-sostenible\\\/microsoft-build-2019-oportunidad-y-responsabilidad-en-un-mundo-dirigido-por-el-software\\\/#primaryimage\"},\"thumbnailUrl\":\"https:\\\/\\\/blogs.encamina.com\\\/por-una-nube-sostenible\\\/wp-content\\\/uploads\\\/sites\\\/19\\\/2019\\\/05\\\/IMG_20190508_202116.jpg\",\"keywords\":[\"Azure\",\"Office 365\",\"Serverless\"],\"articleSection\":[\"Azure\",\"Office 365\",\"Serverless\"],\"inLanguage\":\"es\",\"potentialAction\":[{\"@type\":\"CommentAction\",\"name\":\"Comment\",\"target\":[\"https:\\\/\\\/blogs.encamina.com\\\/por-una-nube-sostenible\\\/microsoft-build-2019-oportunidad-y-responsabilidad-en-un-mundo-dirigido-por-el-software\\\/#respond\"]}]},{\"@type\":\"WebPage\",\"@id\":\"https:\\\/\\\/blogs.encamina.com\\\/por-una-nube-sostenible\\\/microsoft-build-2019-oportunidad-y-responsabilidad-en-un-mundo-dirigido-por-el-software\\\/\",\"url\":\"https:\\\/\\\/blogs.encamina.com\\\/por-una-nube-sostenible\\\/microsoft-build-2019-oportunidad-y-responsabilidad-en-un-mundo-dirigido-por-el-software\\\/\",\"name\":\"Mi experiencia en Microsoft \\\/\\\/Build 2019\\\/: Oportunidad y responsabilidad en un mundo dirigido por el software - Por una nube sostenible\",\"isPartOf\":{\"@id\":\"https:\\\/\\\/blogs.encamina.com\\\/por-una-nube-sostenible\\\/#website\"},\"primaryImageOfPage\":{\"@id\":\"https:\\\/\\\/blogs.encamina.com\\\/por-una-nube-sostenible\\\/microsoft-build-2019-oportunidad-y-responsabilidad-en-un-mundo-dirigido-por-el-software\\\/#primaryimage\"},\"image\":{\"@id\":\"https:\\\/\\\/blogs.encamina.com\\\/por-una-nube-sostenible\\\/microsoft-build-2019-oportunidad-y-responsabilidad-en-un-mundo-dirigido-por-el-software\\\/#primaryimage\"},\"thumbnailUrl\":\"https:\\\/\\\/blogs.encamina.com\\\/por-una-nube-sostenible\\\/wp-content\\\/uploads\\\/sites\\\/19\\\/2019\\\/05\\\/IMG_20190508_202116.jpg\",\"datePublished\":\"2019-05-07T06:31:50+00:00\",\"dateModified\":\"2019-05-09T15:49:10+00:00\",\"author\":{\"@id\":\"https:\\\/\\\/blogs.encamina.com\\\/por-una-nube-sostenible\\\/#\\\/schema\\\/person\\\/2f5010cd661b97f8baed6fbc75f10a9c\"},\"description\":\"Como cada mayo, ha llegado el Build, el evento para desarrolladores de Microsoft, plagado de novedades y sesiones que empiezan con la Keynote de Satya Nadella. Tres d\u00edas muy largos \u00a1y muy intensos!\",\"breadcrumb\":{\"@id\":\"https:\\\/\\\/blogs.encamina.com\\\/por-una-nube-sostenible\\\/microsoft-build-2019-oportunidad-y-responsabilidad-en-un-mundo-dirigido-por-el-software\\\/#breadcrumb\"},\"inLanguage\":\"es\",\"potentialAction\":[{\"@type\":\"ReadAction\",\"target\":[\"https:\\\/\\\/blogs.encamina.com\\\/por-una-nube-sostenible\\\/microsoft-build-2019-oportunidad-y-responsabilidad-en-un-mundo-dirigido-por-el-software\\\/\"]}]},{\"@type\":\"ImageObject\",\"inLanguage\":\"es\",\"@id\":\"https:\\\/\\\/blogs.encamina.com\\\/por-una-nube-sostenible\\\/microsoft-build-2019-oportunidad-y-responsabilidad-en-un-mundo-dirigido-por-el-software\\\/#primaryimage\",\"url\":\"https:\\\/\\\/blogs.encamina.com\\\/por-una-nube-sostenible\\\/wp-content\\\/uploads\\\/sites\\\/19\\\/2019\\\/05\\\/IMG_20190508_202116.jpg\",\"contentUrl\":\"https:\\\/\\\/blogs.encamina.com\\\/por-una-nube-sostenible\\\/wp-content\\\/uploads\\\/sites\\\/19\\\/2019\\\/05\\\/IMG_20190508_202116.jpg\",\"width\":3968,\"height\":2976,\"caption\":\"hdrpl\"},{\"@type\":\"BreadcrumbList\",\"@id\":\"https:\\\/\\\/blogs.encamina.com\\\/por-una-nube-sostenible\\\/microsoft-build-2019-oportunidad-y-responsabilidad-en-un-mundo-dirigido-por-el-software\\\/#breadcrumb\",\"itemListElement\":[{\"@type\":\"ListItem\",\"position\":1,\"name\":\"Portada\",\"item\":\"https:\\\/\\\/blogs.encamina.com\\\/por-una-nube-sostenible\\\/\"},{\"@type\":\"ListItem\",\"position\":2,\"name\":\"Mi experiencia en Microsoft \\\/\\\/Build 2019\\\/: Oportunidad y responsabilidad en un mundo dirigido por el software\"}]},{\"@type\":\"WebSite\",\"@id\":\"https:\\\/\\\/blogs.encamina.com\\\/por-una-nube-sostenible\\\/#website\",\"url\":\"https:\\\/\\\/blogs.encamina.com\\\/por-una-nube-sostenible\\\/\",\"name\":\"Por una nube sostenible\",\"description\":\"C\u00f3mo no romper los l\u00edmites, c\u00f3mo crear una buena arquitectura y c\u00f3mo hacer un buen mantenimiento\",\"potentialAction\":[{\"@type\":\"SearchAction\",\"target\":{\"@type\":\"EntryPoint\",\"urlTemplate\":\"https:\\\/\\\/blogs.encamina.com\\\/por-una-nube-sostenible\\\/?s={search_term_string}\"},\"query-input\":{\"@type\":\"PropertyValueSpecification\",\"valueRequired\":true,\"valueName\":\"search_term_string\"}}],\"inLanguage\":\"es\"},{\"@type\":\"Person\",\"@id\":\"https:\\\/\\\/blogs.encamina.com\\\/por-una-nube-sostenible\\\/#\\\/schema\\\/person\\\/2f5010cd661b97f8baed6fbc75f10a9c\",\"name\":\"Alberto Diaz Martin\",\"image\":{\"@type\":\"ImageObject\",\"inLanguage\":\"es\",\"@id\":\"https:\\\/\\\/secure.gravatar.com\\\/avatar\\\/93ae1999e35e4f1f21cb1a62f1a6cf8eb4a912102519ac96f58a0a4395da414f?s=96&d=mm&r=g\",\"url\":\"https:\\\/\\\/secure.gravatar.com\\\/avatar\\\/93ae1999e35e4f1f21cb1a62f1a6cf8eb4a912102519ac96f58a0a4395da414f?s=96&d=mm&r=g\",\"contentUrl\":\"https:\\\/\\\/secure.gravatar.com\\\/avatar\\\/93ae1999e35e4f1f21cb1a62f1a6cf8eb4a912102519ac96f58a0a4395da414f?s=96&d=mm&r=g\",\"caption\":\"Alberto Diaz Martin\"},\"description\":\"Alberto Diaz cuenta con m\u00e1s de 15 a\u00f1os de experiencia en la Industria IT, todos ellos trabajando con tecnolog\u00edas Microsoft. Actualmente, es Chief Technology Innovation Officer en ENCAMINA, liderando el desarrollo de software con tecnolog\u00eda Microsoft, y miembro del equipo de Direcci\u00f3n. Para la comunidad, trabaja como organizador y speaker de las conferencias m\u00e1s relevantes del mundo Microsoft en Espa\u00f1a, en las cuales es uno de los referentes en SharePoint, Office 365 y Azure. Autor de diversos libros y art\u00edculos en revistas profesionales y blogs, en 2013 empez\u00f3 a formar parte del equipo de Direcci\u00f3n de CompartiMOSS, una revista digital sobre tecnolog\u00edas Microsoft. Desde 2011 ha sido nombrado Microsoft MVP, reconocimiento que ha renovado por s\u00e9ptimo a\u00f1o consecutivo. Se define como un geek, amante de los smartphones y desarrollador. Fundador de TenerifeDev (www.tenerifedev.com), un grupo de usuarios de .NET en Tenerife, y coordinador de SUGES (Grupo de Usuarios de SharePoint de Espa\u00f1a, www.suges.es)\",\"sameAs\":[\"http:\\\/\\\/geeks.ms\\\/blogs\\\/adiazmartin\",\"https:\\\/\\\/x.com\\\/adiazcan\"],\"url\":\"https:\\\/\\\/blogs.encamina.com\\\/por-una-nube-sostenible\\\/author\\\/albertod\\\/\"}]}<\/script>\n<!-- \/ Yoast SEO Premium plugin. -->","yoast_head_json":{"title":"Mi experiencia en Microsoft \/\/Build 2019\/: Oportunidad y responsabilidad en un mundo dirigido por el software - Por una nube sostenible","description":"Como cada mayo, ha llegado el Build, el evento para desarrolladores de Microsoft, plagado de novedades y sesiones que empiezan con la Keynote de Satya Nadella. Tres d\u00edas muy largos \u00a1y muy intensos!","robots":{"index":"index","follow":"follow","max-snippet":"max-snippet:-1","max-image-preview":"max-image-preview:large","max-video-preview":"max-video-preview:-1"},"canonical":"https:\/\/blogs.encamina.com\/por-una-nube-sostenible\/microsoft-build-2019-oportunidad-y-responsabilidad-en-un-mundo-dirigido-por-el-software\/","og_locale":"es_ES","og_type":"article","og_title":"Mi experiencia en Microsoft \/\/Build 2019\/: Oportunidad y responsabilidad en un mundo dirigido por el software","og_description":"Como cada mayo, ha llegado el Build, el evento para desarrolladores de Microsoft, plagado de novedades y sesiones que empiezan con la Keynote de Satya Nadella. Tres d\u00edas muy largos \u00a1y muy intensos!","og_url":"https:\/\/blogs.encamina.com\/por-una-nube-sostenible\/microsoft-build-2019-oportunidad-y-responsabilidad-en-un-mundo-dirigido-por-el-software\/","og_site_name":"Por una nube sostenible","article_published_time":"2019-05-07T06:31:50+00:00","article_modified_time":"2019-05-09T15:49:10+00:00","og_image":[{"width":1024,"height":768,"url":"https:\/\/blogs.encamina.com\/por-una-nube-sostenible\/wp-content\/uploads\/sites\/19\/2019\/05\/IMG_20190508_202116-1024x768.jpg","type":"image\/jpeg"}],"author":"Alberto Diaz Martin","twitter_card":"summary_large_image","twitter_creator":"@adiazcan","twitter_misc":{"Escrito por":"Alberto Diaz Martin","Tiempo de lectura":"5 minutos"},"schema":{"@context":"https:\/\/schema.org","@graph":[{"@type":"Article","@id":"https:\/\/blogs.encamina.com\/por-una-nube-sostenible\/microsoft-build-2019-oportunidad-y-responsabilidad-en-un-mundo-dirigido-por-el-software\/#article","isPartOf":{"@id":"https:\/\/blogs.encamina.com\/por-una-nube-sostenible\/microsoft-build-2019-oportunidad-y-responsabilidad-en-un-mundo-dirigido-por-el-software\/"},"author":{"name":"Alberto Diaz Martin","@id":"https:\/\/blogs.encamina.com\/por-una-nube-sostenible\/#\/schema\/person\/2f5010cd661b97f8baed6fbc75f10a9c"},"headline":"Mi experiencia en Microsoft \/\/Build 2019\/: Oportunidad y responsabilidad en un mundo dirigido por el software","datePublished":"2019-05-07T06:31:50+00:00","dateModified":"2019-05-09T15:49:10+00:00","mainEntityOfPage":{"@id":"https:\/\/blogs.encamina.com\/por-una-nube-sostenible\/microsoft-build-2019-oportunidad-y-responsabilidad-en-un-mundo-dirigido-por-el-software\/"},"wordCount":947,"commentCount":0,"image":{"@id":"https:\/\/blogs.encamina.com\/por-una-nube-sostenible\/microsoft-build-2019-oportunidad-y-responsabilidad-en-un-mundo-dirigido-por-el-software\/#primaryimage"},"thumbnailUrl":"https:\/\/blogs.encamina.com\/por-una-nube-sostenible\/wp-content\/uploads\/sites\/19\/2019\/05\/IMG_20190508_202116.jpg","keywords":["Azure","Office 365","Serverless"],"articleSection":["Azure","Office 365","Serverless"],"inLanguage":"es","potentialAction":[{"@type":"CommentAction","name":"Comment","target":["https:\/\/blogs.encamina.com\/por-una-nube-sostenible\/microsoft-build-2019-oportunidad-y-responsabilidad-en-un-mundo-dirigido-por-el-software\/#respond"]}]},{"@type":"WebPage","@id":"https:\/\/blogs.encamina.com\/por-una-nube-sostenible\/microsoft-build-2019-oportunidad-y-responsabilidad-en-un-mundo-dirigido-por-el-software\/","url":"https:\/\/blogs.encamina.com\/por-una-nube-sostenible\/microsoft-build-2019-oportunidad-y-responsabilidad-en-un-mundo-dirigido-por-el-software\/","name":"Mi experiencia en Microsoft \/\/Build 2019\/: Oportunidad y responsabilidad en un mundo dirigido por el software - Por una nube sostenible","isPartOf":{"@id":"https:\/\/blogs.encamina.com\/por-una-nube-sostenible\/#website"},"primaryImageOfPage":{"@id":"https:\/\/blogs.encamina.com\/por-una-nube-sostenible\/microsoft-build-2019-oportunidad-y-responsabilidad-en-un-mundo-dirigido-por-el-software\/#primaryimage"},"image":{"@id":"https:\/\/blogs.encamina.com\/por-una-nube-sostenible\/microsoft-build-2019-oportunidad-y-responsabilidad-en-un-mundo-dirigido-por-el-software\/#primaryimage"},"thumbnailUrl":"https:\/\/blogs.encamina.com\/por-una-nube-sostenible\/wp-content\/uploads\/sites\/19\/2019\/05\/IMG_20190508_202116.jpg","datePublished":"2019-05-07T06:31:50+00:00","dateModified":"2019-05-09T15:49:10+00:00","author":{"@id":"https:\/\/blogs.encamina.com\/por-una-nube-sostenible\/#\/schema\/person\/2f5010cd661b97f8baed6fbc75f10a9c"},"description":"Como cada mayo, ha llegado el Build, el evento para desarrolladores de Microsoft, plagado de novedades y sesiones que empiezan con la Keynote de Satya Nadella. Tres d\u00edas muy largos \u00a1y muy intensos!","breadcrumb":{"@id":"https:\/\/blogs.encamina.com\/por-una-nube-sostenible\/microsoft-build-2019-oportunidad-y-responsabilidad-en-un-mundo-dirigido-por-el-software\/#breadcrumb"},"inLanguage":"es","potentialAction":[{"@type":"ReadAction","target":["https:\/\/blogs.encamina.com\/por-una-nube-sostenible\/microsoft-build-2019-oportunidad-y-responsabilidad-en-un-mundo-dirigido-por-el-software\/"]}]},{"@type":"ImageObject","inLanguage":"es","@id":"https:\/\/blogs.encamina.com\/por-una-nube-sostenible\/microsoft-build-2019-oportunidad-y-responsabilidad-en-un-mundo-dirigido-por-el-software\/#primaryimage","url":"https:\/\/blogs.encamina.com\/por-una-nube-sostenible\/wp-content\/uploads\/sites\/19\/2019\/05\/IMG_20190508_202116.jpg","contentUrl":"https:\/\/blogs.encamina.com\/por-una-nube-sostenible\/wp-content\/uploads\/sites\/19\/2019\/05\/IMG_20190508_202116.jpg","width":3968,"height":2976,"caption":"hdrpl"},{"@type":"BreadcrumbList","@id":"https:\/\/blogs.encamina.com\/por-una-nube-sostenible\/microsoft-build-2019-oportunidad-y-responsabilidad-en-un-mundo-dirigido-por-el-software\/#breadcrumb","itemListElement":[{"@type":"ListItem","position":1,"name":"Portada","item":"https:\/\/blogs.encamina.com\/por-una-nube-sostenible\/"},{"@type":"ListItem","position":2,"name":"Mi experiencia en Microsoft \/\/Build 2019\/: Oportunidad y responsabilidad en un mundo dirigido por el software"}]},{"@type":"WebSite","@id":"https:\/\/blogs.encamina.com\/por-una-nube-sostenible\/#website","url":"https:\/\/blogs.encamina.com\/por-una-nube-sostenible\/","name":"Por una nube sostenible","description":"C\u00f3mo no romper los l\u00edmites, c\u00f3mo crear una buena arquitectura y c\u00f3mo hacer un buen mantenimiento","potentialAction":[{"@type":"SearchAction","target":{"@type":"EntryPoint","urlTemplate":"https:\/\/blogs.encamina.com\/por-una-nube-sostenible\/?s={search_term_string}"},"query-input":{"@type":"PropertyValueSpecification","valueRequired":true,"valueName":"search_term_string"}}],"inLanguage":"es"},{"@type":"Person","@id":"https:\/\/blogs.encamina.com\/por-una-nube-sostenible\/#\/schema\/person\/2f5010cd661b97f8baed6fbc75f10a9c","name":"Alberto Diaz Martin","image":{"@type":"ImageObject","inLanguage":"es","@id":"https:\/\/secure.gravatar.com\/avatar\/93ae1999e35e4f1f21cb1a62f1a6cf8eb4a912102519ac96f58a0a4395da414f?s=96&d=mm&r=g","url":"https:\/\/secure.gravatar.com\/avatar\/93ae1999e35e4f1f21cb1a62f1a6cf8eb4a912102519ac96f58a0a4395da414f?s=96&d=mm&r=g","contentUrl":"https:\/\/secure.gravatar.com\/avatar\/93ae1999e35e4f1f21cb1a62f1a6cf8eb4a912102519ac96f58a0a4395da414f?s=96&d=mm&r=g","caption":"Alberto Diaz Martin"},"description":"Alberto Diaz cuenta con m\u00e1s de 15 a\u00f1os de experiencia en la Industria IT, todos ellos trabajando con tecnolog\u00edas Microsoft. Actualmente, es Chief Technology Innovation Officer en ENCAMINA, liderando el desarrollo de software con tecnolog\u00eda Microsoft, y miembro del equipo de Direcci\u00f3n. Para la comunidad, trabaja como organizador y speaker de las conferencias m\u00e1s relevantes del mundo Microsoft en Espa\u00f1a, en las cuales es uno de los referentes en SharePoint, Office 365 y Azure. Autor de diversos libros y art\u00edculos en revistas profesionales y blogs, en 2013 empez\u00f3 a formar parte del equipo de Direcci\u00f3n de CompartiMOSS, una revista digital sobre tecnolog\u00edas Microsoft. Desde 2011 ha sido nombrado Microsoft MVP, reconocimiento que ha renovado por s\u00e9ptimo a\u00f1o consecutivo. Se define como un geek, amante de los smartphones y desarrollador. Fundador de TenerifeDev (www.tenerifedev.com), un grupo de usuarios de .NET en Tenerife, y coordinador de SUGES (Grupo de Usuarios de SharePoint de Espa\u00f1a, www.suges.es)","sameAs":["http:\/\/geeks.ms\/blogs\/adiazmartin","https:\/\/x.com\/adiazcan"],"url":"https:\/\/blogs.encamina.com\/por-una-nube-sostenible\/author\/albertod\/"}]}},"_links":{"self":[{"href":"https:\/\/blogs.encamina.com\/por-una-nube-sostenible\/wp-json\/wp\/v2\/posts\/1990","targetHints":{"allow":["GET"]}}],"collection":[{"href":"https:\/\/blogs.encamina.com\/por-una-nube-sostenible\/wp-json\/wp\/v2\/posts"}],"about":[{"href":"https:\/\/blogs.encamina.com\/por-una-nube-sostenible\/wp-json\/wp\/v2\/types\/post"}],"author":[{"embeddable":true,"href":"https:\/\/blogs.encamina.com\/por-una-nube-sostenible\/wp-json\/wp\/v2\/users\/19"}],"replies":[{"embeddable":true,"href":"https:\/\/blogs.encamina.com\/por-una-nube-sostenible\/wp-json\/wp\/v2\/comments?post=1990"}],"version-history":[{"count":0,"href":"https:\/\/blogs.encamina.com\/por-una-nube-sostenible\/wp-json\/wp\/v2\/posts\/1990\/revisions"}],"wp:featuredmedia":[{"embeddable":true,"href":"https:\/\/blogs.encamina.com\/por-una-nube-sostenible\/wp-json\/wp\/v2\/media\/2014"}],"wp:attachment":[{"href":"https:\/\/blogs.encamina.com\/por-una-nube-sostenible\/wp-json\/wp\/v2\/media?parent=1990"}],"wp:term":[{"taxonomy":"category","embeddable":true,"href":"https:\/\/blogs.encamina.com\/por-una-nube-sostenible\/wp-json\/wp\/v2\/categories?post=1990"},{"taxonomy":"post_tag","embeddable":true,"href":"https:\/\/blogs.encamina.com\/por-una-nube-sostenible\/wp-json\/wp\/v2\/tags?post=1990"}],"curies":[{"name":"wp","href":"https:\/\/api.w.org\/{rel}","templated":true}]}}