{"id":1106,"date":"2017-04-25T09:57:14","date_gmt":"2017-04-25T07:57:14","guid":{"rendered":"http:\/\/blogs.encamina.com\/por-una-nube-sostenible\/?p=1106"},"modified":"2017-04-25T11:51:27","modified_gmt":"2017-04-25T09:51:27","slug":"ano-mas-global-azure-bootcamp-contentos","status":"publish","type":"post","link":"https:\/\/blogs.encamina.com\/por-una-nube-sostenible\/ano-mas-global-azure-bootcamp-contentos\/","title":{"rendered":"Un a\u00f1o m\u00e1s y otro Global Azure Bootcamp muy contentos"},"content":{"rendered":"<p>Un a\u00f1o m\u00e1s y otro <a href=\"http:\/\/azurebootcamp.es\/\">Global Azure Bootcamp<\/a> muy contentos y satisfechos por el trabajo realizado y por cumplir con los objetivos marcados, realizar el mayor evento de comunidad de Azure a nivel nacional con m\u00e1s de 300 asistentes y con los mejores speakers nacionales e internacionales, y todo esto desde la nave Microsoft Espa\u00f1a Enterprise.<\/p>\n<p><a href=\"https:\/\/blogs.encamina.com\/por-una-nube-sostenible\/wp-content\/uploads\/sites\/19\/2017\/04\/azurebootcamp2017.png\"><img loading=\"lazy\" decoding=\"async\" class=\"aligncenter size-full wp-image-1108\" src=\"https:\/\/blogs.encamina.com\/por-una-nube-sostenible\/wp-content\/uploads\/sites\/19\/2017\/04\/azurebootcamp2017-asistentes.jpg\" alt=\"\" width=\"2048\" height=\"1536\" srcset=\"https:\/\/encaminablogs.wpenginepowered.com\/por-una-nube-sostenible\/wp-content\/uploads\/sites\/19\/2017\/04\/azurebootcamp2017-asistentes.jpg 2048w, https:\/\/encaminablogs.wpenginepowered.com\/por-una-nube-sostenible\/wp-content\/uploads\/sites\/19\/2017\/04\/azurebootcamp2017-asistentes-300x225.jpg 300w, https:\/\/encaminablogs.wpenginepowered.com\/por-una-nube-sostenible\/wp-content\/uploads\/sites\/19\/2017\/04\/azurebootcamp2017-asistentes-768x576.jpg 768w, https:\/\/encaminablogs.wpenginepowered.com\/por-una-nube-sostenible\/wp-content\/uploads\/sites\/19\/2017\/04\/azurebootcamp2017-asistentes-1024x768.jpg 1024w\" sizes=\"auto, (max-width: 2048px) 100vw, 2048px\" \/><\/a><br \/>\n<!--more--><\/p>\n<p>Empezamos el d\u00eda con la habitual Keynote presentando la <a href=\"http:\/\/azurebootcamp.es\/#schedule\">agenda<\/a>, <a href=\"http:\/\/azurebootcamp.es\/#sponsors\">los patrocinadores del evento<\/a> y el <a href=\"http:\/\/azurebootcamp.es\/Lab.aspx\">laboratorio cient\u00edfico<\/a> que aportar\u00eda tiempo de c\u00e1lculo a un algoritmo desarrollado en el Instituto Astrof\u00edsico de Canarias. Y como de Canarias est\u00e1bamos hablando, le pedimos, de manera imprevista, a <a href=\"https:\/\/www.linkedin.com\/in\/esterdenicolas\/\">Ester de Nicolas<\/a>, Technical Evangelist Manager en Microsoft y Canaria de nacimiento y coraz\u00f3n, que subiera a dar la bienvenida a todos al evento, junto a David Rodr\u00edguez y a un servidor, que s\u00f3lo por el acento se sabe de donde somos.<\/p>\n<p>Al final del d\u00eda, lleg\u00f3 el gran Pregunt\u00f3n, no pod\u00eda ser menos, ten\u00edamos que terminar con diversi\u00f3n no t\u00e9cnica, porque aunque no os lo cre\u00e1is, los asistentes se divierten tambi\u00e9n hablando sobre Azure y la tecnolog\u00eda que hay alrededor.<\/p>\n<p>Desde la organizaci\u00f3n, queremos agradecer a todos los asistentes porque sin vosotros y sin vuestra asistencia, el evento no se habr\u00eda convertido en un referente nacional y, por su puesto, en <strong>el MAYOR evento de comunidad sobre Azure<\/strong>, a nivel mundial y nacional. Tened en cuenta que, de momento, no nos han llegado los datos de la expedici\u00f3n de la Star Trek para decir que es el mayor evento sobre Azure a nivel estelar :).<\/p>\n<p><img loading=\"lazy\" decoding=\"async\" class=\"aligncenter size-full wp-image-1118\" src=\"https:\/\/blogs.encamina.com\/por-una-nube-sostenible\/wp-content\/uploads\/sites\/19\/2017\/04\/azure-bootcamp2.jpg\" alt=\"\" width=\"1883\" height=\"1059\" srcset=\"https:\/\/encaminablogs.wpenginepowered.com\/por-una-nube-sostenible\/wp-content\/uploads\/sites\/19\/2017\/04\/azure-bootcamp2.jpg 1883w, https:\/\/encaminablogs.wpenginepowered.com\/por-una-nube-sostenible\/wp-content\/uploads\/sites\/19\/2017\/04\/azure-bootcamp2-300x169.jpg 300w, https:\/\/encaminablogs.wpenginepowered.com\/por-una-nube-sostenible\/wp-content\/uploads\/sites\/19\/2017\/04\/azure-bootcamp2-768x432.jpg 768w, https:\/\/encaminablogs.wpenginepowered.com\/por-una-nube-sostenible\/wp-content\/uploads\/sites\/19\/2017\/04\/azure-bootcamp2-1024x576.jpg 1024w\" sizes=\"auto, (max-width: 1883px) 100vw, 1883px\" \/><a href=\"https:\/\/blogs.encamina.com\/por-una-nube-sostenible\/wp-content\/uploads\/sites\/19\/2017\/04\/azurebootcamp2017-asistentes.jpg\"><br \/>\n<\/a>Gracias tambi\u00e9n a nuestros querid\u00edsimos Speakers, a los habituales de otros a\u00f1os y a los nuevos que han dado la talla y han conseguido llenar las tres salas de cada uno de los tracks. Otro a\u00f1o m\u00e1s ha sido muy complicado confeccionar la agenda pero igual o m\u00e1s complicado para los asistentes elegir una de las tres posibles sesiones que ten\u00edamos por track.<\/p>\n<p>Los patrocinadores, \u00bfqu\u00e9 har\u00edamos sin ellos? GRACIAS porque con su aportaci\u00f3n ha llegado el caf\u00e9, los bocadillos, las camisetas que hemos regalado y esas pedazo de manos vulcanas para saludar como Spock manda.<\/p>\n<p>Un gran THANK-YOU para el equipo de DX y, en especial, a Alfonso Rodriguez y a Jimmy (Jaime Garcia) que se lo han currado antes y durante el evento para que no faltara ning\u00fan detalle en la operativa de salas ni en la grabaci\u00f3n de las sesiones, etc, etc, etc<\/p>\n<p>S\u00f3lo me queda emplazaros al pr\u00f3ximo a\u00f1o, que seguro que volveremos a repetir, esperando seguir super\u00e1ndonos para mantener el grand\u00edsimo nivel de este y los a\u00f1os anteriores.<\/p>\n<!-- AddThis Advanced Settings generic via filter on the_content --><!-- AddThis Share Buttons generic via filter on the_content -->","protected":false},"excerpt":{"rendered":"<p>Un a\u00f1o m\u00e1s y otro Global Azure Bootcamp muy contentos y satisfechos por el trabajo realizado y por cumplir con los objetivos marcados, realizar el mayor evento de comunidad de Azure a nivel nacional con m\u00e1s de 300 asistentes y &hellip; <a href=\"https:\/\/blogs.encamina.com\/por-una-nube-sostenible\/ano-mas-global-azure-bootcamp-contentos\/\">Continue reading <span class=\"meta-nav\">&rarr;<\/span><\/a><!-- AddThis Advanced Settings generic via filter on get_the_excerpt --><!-- AddThis Share Buttons generic via filter on get_the_excerpt --><\/p>\n","protected":false},"author":19,"featured_media":0,"comment_status":"open","ping_status":"open","sticky":false,"template":"","format":"standard","meta":{"footnotes":""},"categories":[3,27],"tags":[4,46],"class_list":["post-1106","post","type-post","status-publish","format-standard","hentry","category-azure","category-cloud","tag-azure","tag-evento"],"yoast_head":"<!-- This site is optimized with the Yoast SEO Premium plugin v18.2.1 (Yoast SEO v28.3) - https:\/\/yoast.com\/product\/yoast-seo-premium-wordpress\/ -->\n<title>Un a\u00f1o m\u00e1s y otro Global Azure Bootcamp muy contentos - Por una nube sostenible<\/title>\n<meta name=\"robots\" content=\"index, follow, max-snippet:-1, max-image-preview:large, max-video-preview:-1\" \/>\n<link rel=\"canonical\" href=\"https:\/\/blogs.encamina.com\/por-una-nube-sostenible\/ano-mas-global-azure-bootcamp-contentos\/\" \/>\n<meta property=\"og:locale\" content=\"es_ES\" \/>\n<meta property=\"og:type\" content=\"article\" \/>\n<meta property=\"og:title\" content=\"Un a\u00f1o m\u00e1s y otro Global Azure Bootcamp muy contentos\" \/>\n<meta property=\"og:description\" content=\"Un a\u00f1o m\u00e1s y otro Global Azure Bootcamp muy contentos y satisfechos por el trabajo realizado y por cumplir con los objetivos marcados, realizar el mayor evento de comunidad de Azure a nivel nacional con m\u00e1s de 300 asistentes y &hellip; Continue reading &rarr;\" \/>\n<meta property=\"og:url\" content=\"https:\/\/blogs.encamina.com\/por-una-nube-sostenible\/ano-mas-global-azure-bootcamp-contentos\/\" \/>\n<meta property=\"og:site_name\" content=\"Por una nube sostenible\" \/>\n<meta property=\"article:published_time\" content=\"2017-04-25T07:57:14+00:00\" \/>\n<meta property=\"article:modified_time\" content=\"2017-04-25T09:51:27+00:00\" \/>\n<meta property=\"og:image\" content=\"http:\/\/blogs.encamina.com\/por-una-nube-sostenible\/wp-content\/uploads\/sites\/19\/2017\/04\/azurebootcamp2017-asistentes.jpg\" \/>\n<meta name=\"author\" content=\"Alberto Diaz Martin\" \/>\n<meta name=\"twitter:card\" content=\"summary_large_image\" \/>\n<meta name=\"twitter:creator\" content=\"@adiazcan\" \/>\n<meta name=\"twitter:label1\" content=\"Escrito por\" \/>\n\t<meta name=\"twitter:data1\" content=\"Alberto Diaz Martin\" \/>\n\t<meta name=\"twitter:label2\" content=\"Tiempo de lectura\" \/>\n\t<meta name=\"twitter:data2\" content=\"2 minutos\" \/>\n<script type=\"application\/ld+json\" class=\"yoast-schema-graph\">{\"@context\":\"https:\\\/\\\/schema.org\",\"@graph\":[{\"@type\":\"Article\",\"@id\":\"https:\\\/\\\/blogs.encamina.com\\\/por-una-nube-sostenible\\\/ano-mas-global-azure-bootcamp-contentos\\\/#article\",\"isPartOf\":{\"@id\":\"https:\\\/\\\/blogs.encamina.com\\\/por-una-nube-sostenible\\\/ano-mas-global-azure-bootcamp-contentos\\\/\"},\"author\":{\"name\":\"Alberto Diaz Martin\",\"@id\":\"https:\\\/\\\/blogs.encamina.com\\\/por-una-nube-sostenible\\\/#\\\/schema\\\/person\\\/2f5010cd661b97f8baed6fbc75f10a9c\"},\"headline\":\"Un a\u00f1o m\u00e1s y otro Global Azure Bootcamp muy contentos\",\"datePublished\":\"2017-04-25T07:57:14+00:00\",\"dateModified\":\"2017-04-25T09:51:27+00:00\",\"mainEntityOfPage\":{\"@id\":\"https:\\\/\\\/blogs.encamina.com\\\/por-una-nube-sostenible\\\/ano-mas-global-azure-bootcamp-contentos\\\/\"},\"wordCount\":482,\"commentCount\":0,\"image\":{\"@id\":\"https:\\\/\\\/blogs.encamina.com\\\/por-una-nube-sostenible\\\/ano-mas-global-azure-bootcamp-contentos\\\/#primaryimage\"},\"thumbnailUrl\":\"http:\\\/\\\/blogs.encamina.com\\\/por-una-nube-sostenible\\\/wp-content\\\/uploads\\\/sites\\\/19\\\/2017\\\/04\\\/azurebootcamp2017-asistentes.jpg\",\"keywords\":[\"Azure\",\"Evento\"],\"articleSection\":[\"Azure\",\"Cloud\"],\"inLanguage\":\"es\",\"potentialAction\":[{\"@type\":\"CommentAction\",\"name\":\"Comment\",\"target\":[\"https:\\\/\\\/blogs.encamina.com\\\/por-una-nube-sostenible\\\/ano-mas-global-azure-bootcamp-contentos\\\/#respond\"]}]},{\"@type\":\"WebPage\",\"@id\":\"https:\\\/\\\/blogs.encamina.com\\\/por-una-nube-sostenible\\\/ano-mas-global-azure-bootcamp-contentos\\\/\",\"url\":\"https:\\\/\\\/blogs.encamina.com\\\/por-una-nube-sostenible\\\/ano-mas-global-azure-bootcamp-contentos\\\/\",\"name\":\"Un a\u00f1o m\u00e1s y otro Global Azure Bootcamp muy contentos - Por una nube sostenible\",\"isPartOf\":{\"@id\":\"https:\\\/\\\/blogs.encamina.com\\\/por-una-nube-sostenible\\\/#website\"},\"primaryImageOfPage\":{\"@id\":\"https:\\\/\\\/blogs.encamina.com\\\/por-una-nube-sostenible\\\/ano-mas-global-azure-bootcamp-contentos\\\/#primaryimage\"},\"image\":{\"@id\":\"https:\\\/\\\/blogs.encamina.com\\\/por-una-nube-sostenible\\\/ano-mas-global-azure-bootcamp-contentos\\\/#primaryimage\"},\"thumbnailUrl\":\"http:\\\/\\\/blogs.encamina.com\\\/por-una-nube-sostenible\\\/wp-content\\\/uploads\\\/sites\\\/19\\\/2017\\\/04\\\/azurebootcamp2017-asistentes.jpg\",\"datePublished\":\"2017-04-25T07:57:14+00:00\",\"dateModified\":\"2017-04-25T09:51:27+00:00\",\"author\":{\"@id\":\"https:\\\/\\\/blogs.encamina.com\\\/por-una-nube-sostenible\\\/#\\\/schema\\\/person\\\/2f5010cd661b97f8baed6fbc75f10a9c\"},\"breadcrumb\":{\"@id\":\"https:\\\/\\\/blogs.encamina.com\\\/por-una-nube-sostenible\\\/ano-mas-global-azure-bootcamp-contentos\\\/#breadcrumb\"},\"inLanguage\":\"es\",\"potentialAction\":[{\"@type\":\"ReadAction\",\"target\":[\"https:\\\/\\\/blogs.encamina.com\\\/por-una-nube-sostenible\\\/ano-mas-global-azure-bootcamp-contentos\\\/\"]}]},{\"@type\":\"ImageObject\",\"inLanguage\":\"es\",\"@id\":\"https:\\\/\\\/blogs.encamina.com\\\/por-una-nube-sostenible\\\/ano-mas-global-azure-bootcamp-contentos\\\/#primaryimage\",\"url\":\"http:\\\/\\\/blogs.encamina.com\\\/por-una-nube-sostenible\\\/wp-content\\\/uploads\\\/sites\\\/19\\\/2017\\\/04\\\/azurebootcamp2017-asistentes.jpg\",\"contentUrl\":\"http:\\\/\\\/blogs.encamina.com\\\/por-una-nube-sostenible\\\/wp-content\\\/uploads\\\/sites\\\/19\\\/2017\\\/04\\\/azurebootcamp2017-asistentes.jpg\"},{\"@type\":\"BreadcrumbList\",\"@id\":\"https:\\\/\\\/blogs.encamina.com\\\/por-una-nube-sostenible\\\/ano-mas-global-azure-bootcamp-contentos\\\/#breadcrumb\",\"itemListElement\":[{\"@type\":\"ListItem\",\"position\":1,\"name\":\"Portada\",\"item\":\"https:\\\/\\\/blogs.encamina.com\\\/por-una-nube-sostenible\\\/\"},{\"@type\":\"ListItem\",\"position\":2,\"name\":\"Un a\u00f1o m\u00e1s y otro Global Azure Bootcamp muy contentos\"}]},{\"@type\":\"WebSite\",\"@id\":\"https:\\\/\\\/blogs.encamina.com\\\/por-una-nube-sostenible\\\/#website\",\"url\":\"https:\\\/\\\/blogs.encamina.com\\\/por-una-nube-sostenible\\\/\",\"name\":\"Por una nube sostenible\",\"description\":\"C\u00f3mo no romper los l\u00edmites, c\u00f3mo crear una buena arquitectura y c\u00f3mo hacer un buen mantenimiento\",\"potentialAction\":[{\"@type\":\"SearchAction\",\"target\":{\"@type\":\"EntryPoint\",\"urlTemplate\":\"https:\\\/\\\/blogs.encamina.com\\\/por-una-nube-sostenible\\\/?s={search_term_string}\"},\"query-input\":{\"@type\":\"PropertyValueSpecification\",\"valueRequired\":true,\"valueName\":\"search_term_string\"}}],\"inLanguage\":\"es\"},{\"@type\":\"Person\",\"@id\":\"https:\\\/\\\/blogs.encamina.com\\\/por-una-nube-sostenible\\\/#\\\/schema\\\/person\\\/2f5010cd661b97f8baed6fbc75f10a9c\",\"name\":\"Alberto Diaz Martin\",\"image\":{\"@type\":\"ImageObject\",\"inLanguage\":\"es\",\"@id\":\"https:\\\/\\\/secure.gravatar.com\\\/avatar\\\/93ae1999e35e4f1f21cb1a62f1a6cf8eb4a912102519ac96f58a0a4395da414f?s=96&d=mm&r=g\",\"url\":\"https:\\\/\\\/secure.gravatar.com\\\/avatar\\\/93ae1999e35e4f1f21cb1a62f1a6cf8eb4a912102519ac96f58a0a4395da414f?s=96&d=mm&r=g\",\"contentUrl\":\"https:\\\/\\\/secure.gravatar.com\\\/avatar\\\/93ae1999e35e4f1f21cb1a62f1a6cf8eb4a912102519ac96f58a0a4395da414f?s=96&d=mm&r=g\",\"caption\":\"Alberto Diaz Martin\"},\"description\":\"Alberto Diaz cuenta con m\u00e1s de 15 a\u00f1os de experiencia en la Industria IT, todos ellos trabajando con tecnolog\u00edas Microsoft. Actualmente, es Chief Technology Innovation Officer en ENCAMINA, liderando el desarrollo de software con tecnolog\u00eda Microsoft, y miembro del equipo de Direcci\u00f3n. Para la comunidad, trabaja como organizador y speaker de las conferencias m\u00e1s relevantes del mundo Microsoft en Espa\u00f1a, en las cuales es uno de los referentes en SharePoint, Office 365 y Azure. Autor de diversos libros y art\u00edculos en revistas profesionales y blogs, en 2013 empez\u00f3 a formar parte del equipo de Direcci\u00f3n de CompartiMOSS, una revista digital sobre tecnolog\u00edas Microsoft. Desde 2011 ha sido nombrado Microsoft MVP, reconocimiento que ha renovado por s\u00e9ptimo a\u00f1o consecutivo. Se define como un geek, amante de los smartphones y desarrollador. Fundador de TenerifeDev (www.tenerifedev.com), un grupo de usuarios de .NET en Tenerife, y coordinador de SUGES (Grupo de Usuarios de SharePoint de Espa\u00f1a, www.suges.es)\",\"sameAs\":[\"http:\\\/\\\/geeks.ms\\\/blogs\\\/adiazmartin\",\"https:\\\/\\\/x.com\\\/adiazcan\"],\"url\":\"https:\\\/\\\/blogs.encamina.com\\\/por-una-nube-sostenible\\\/author\\\/albertod\\\/\"}]}<\/script>\n<!-- \/ Yoast SEO Premium plugin. -->","yoast_head_json":{"title":"Un a\u00f1o m\u00e1s y otro Global Azure Bootcamp muy contentos - Por una nube sostenible","robots":{"index":"index","follow":"follow","max-snippet":"max-snippet:-1","max-image-preview":"max-image-preview:large","max-video-preview":"max-video-preview:-1"},"canonical":"https:\/\/blogs.encamina.com\/por-una-nube-sostenible\/ano-mas-global-azure-bootcamp-contentos\/","og_locale":"es_ES","og_type":"article","og_title":"Un a\u00f1o m\u00e1s y otro Global Azure Bootcamp muy contentos","og_description":"Un a\u00f1o m\u00e1s y otro Global Azure Bootcamp muy contentos y satisfechos por el trabajo realizado y por cumplir con los objetivos marcados, realizar el mayor evento de comunidad de Azure a nivel nacional con m\u00e1s de 300 asistentes y &hellip; Continue reading &rarr;","og_url":"https:\/\/blogs.encamina.com\/por-una-nube-sostenible\/ano-mas-global-azure-bootcamp-contentos\/","og_site_name":"Por una nube sostenible","article_published_time":"2017-04-25T07:57:14+00:00","article_modified_time":"2017-04-25T09:51:27+00:00","og_image":[{"url":"http:\/\/blogs.encamina.com\/por-una-nube-sostenible\/wp-content\/uploads\/sites\/19\/2017\/04\/azurebootcamp2017-asistentes.jpg","type":"","width":"","height":""}],"author":"Alberto Diaz Martin","twitter_card":"summary_large_image","twitter_creator":"@adiazcan","twitter_misc":{"Escrito por":"Alberto Diaz Martin","Tiempo de lectura":"2 minutos"},"schema":{"@context":"https:\/\/schema.org","@graph":[{"@type":"Article","@id":"https:\/\/blogs.encamina.com\/por-una-nube-sostenible\/ano-mas-global-azure-bootcamp-contentos\/#article","isPartOf":{"@id":"https:\/\/blogs.encamina.com\/por-una-nube-sostenible\/ano-mas-global-azure-bootcamp-contentos\/"},"author":{"name":"Alberto Diaz Martin","@id":"https:\/\/blogs.encamina.com\/por-una-nube-sostenible\/#\/schema\/person\/2f5010cd661b97f8baed6fbc75f10a9c"},"headline":"Un a\u00f1o m\u00e1s y otro Global Azure Bootcamp muy contentos","datePublished":"2017-04-25T07:57:14+00:00","dateModified":"2017-04-25T09:51:27+00:00","mainEntityOfPage":{"@id":"https:\/\/blogs.encamina.com\/por-una-nube-sostenible\/ano-mas-global-azure-bootcamp-contentos\/"},"wordCount":482,"commentCount":0,"image":{"@id":"https:\/\/blogs.encamina.com\/por-una-nube-sostenible\/ano-mas-global-azure-bootcamp-contentos\/#primaryimage"},"thumbnailUrl":"http:\/\/blogs.encamina.com\/por-una-nube-sostenible\/wp-content\/uploads\/sites\/19\/2017\/04\/azurebootcamp2017-asistentes.jpg","keywords":["Azure","Evento"],"articleSection":["Azure","Cloud"],"inLanguage":"es","potentialAction":[{"@type":"CommentAction","name":"Comment","target":["https:\/\/blogs.encamina.com\/por-una-nube-sostenible\/ano-mas-global-azure-bootcamp-contentos\/#respond"]}]},{"@type":"WebPage","@id":"https:\/\/blogs.encamina.com\/por-una-nube-sostenible\/ano-mas-global-azure-bootcamp-contentos\/","url":"https:\/\/blogs.encamina.com\/por-una-nube-sostenible\/ano-mas-global-azure-bootcamp-contentos\/","name":"Un a\u00f1o m\u00e1s y otro Global Azure Bootcamp muy contentos - Por una nube sostenible","isPartOf":{"@id":"https:\/\/blogs.encamina.com\/por-una-nube-sostenible\/#website"},"primaryImageOfPage":{"@id":"https:\/\/blogs.encamina.com\/por-una-nube-sostenible\/ano-mas-global-azure-bootcamp-contentos\/#primaryimage"},"image":{"@id":"https:\/\/blogs.encamina.com\/por-una-nube-sostenible\/ano-mas-global-azure-bootcamp-contentos\/#primaryimage"},"thumbnailUrl":"http:\/\/blogs.encamina.com\/por-una-nube-sostenible\/wp-content\/uploads\/sites\/19\/2017\/04\/azurebootcamp2017-asistentes.jpg","datePublished":"2017-04-25T07:57:14+00:00","dateModified":"2017-04-25T09:51:27+00:00","author":{"@id":"https:\/\/blogs.encamina.com\/por-una-nube-sostenible\/#\/schema\/person\/2f5010cd661b97f8baed6fbc75f10a9c"},"breadcrumb":{"@id":"https:\/\/blogs.encamina.com\/por-una-nube-sostenible\/ano-mas-global-azure-bootcamp-contentos\/#breadcrumb"},"inLanguage":"es","potentialAction":[{"@type":"ReadAction","target":["https:\/\/blogs.encamina.com\/por-una-nube-sostenible\/ano-mas-global-azure-bootcamp-contentos\/"]}]},{"@type":"ImageObject","inLanguage":"es","@id":"https:\/\/blogs.encamina.com\/por-una-nube-sostenible\/ano-mas-global-azure-bootcamp-contentos\/#primaryimage","url":"http:\/\/blogs.encamina.com\/por-una-nube-sostenible\/wp-content\/uploads\/sites\/19\/2017\/04\/azurebootcamp2017-asistentes.jpg","contentUrl":"http:\/\/blogs.encamina.com\/por-una-nube-sostenible\/wp-content\/uploads\/sites\/19\/2017\/04\/azurebootcamp2017-asistentes.jpg"},{"@type":"BreadcrumbList","@id":"https:\/\/blogs.encamina.com\/por-una-nube-sostenible\/ano-mas-global-azure-bootcamp-contentos\/#breadcrumb","itemListElement":[{"@type":"ListItem","position":1,"name":"Portada","item":"https:\/\/blogs.encamina.com\/por-una-nube-sostenible\/"},{"@type":"ListItem","position":2,"name":"Un a\u00f1o m\u00e1s y otro Global Azure Bootcamp muy contentos"}]},{"@type":"WebSite","@id":"https:\/\/blogs.encamina.com\/por-una-nube-sostenible\/#website","url":"https:\/\/blogs.encamina.com\/por-una-nube-sostenible\/","name":"Por una nube sostenible","description":"C\u00f3mo no romper los l\u00edmites, c\u00f3mo crear una buena arquitectura y c\u00f3mo hacer un buen mantenimiento","potentialAction":[{"@type":"SearchAction","target":{"@type":"EntryPoint","urlTemplate":"https:\/\/blogs.encamina.com\/por-una-nube-sostenible\/?s={search_term_string}"},"query-input":{"@type":"PropertyValueSpecification","valueRequired":true,"valueName":"search_term_string"}}],"inLanguage":"es"},{"@type":"Person","@id":"https:\/\/blogs.encamina.com\/por-una-nube-sostenible\/#\/schema\/person\/2f5010cd661b97f8baed6fbc75f10a9c","name":"Alberto Diaz Martin","image":{"@type":"ImageObject","inLanguage":"es","@id":"https:\/\/secure.gravatar.com\/avatar\/93ae1999e35e4f1f21cb1a62f1a6cf8eb4a912102519ac96f58a0a4395da414f?s=96&d=mm&r=g","url":"https:\/\/secure.gravatar.com\/avatar\/93ae1999e35e4f1f21cb1a62f1a6cf8eb4a912102519ac96f58a0a4395da414f?s=96&d=mm&r=g","contentUrl":"https:\/\/secure.gravatar.com\/avatar\/93ae1999e35e4f1f21cb1a62f1a6cf8eb4a912102519ac96f58a0a4395da414f?s=96&d=mm&r=g","caption":"Alberto Diaz Martin"},"description":"Alberto Diaz cuenta con m\u00e1s de 15 a\u00f1os de experiencia en la Industria IT, todos ellos trabajando con tecnolog\u00edas Microsoft. Actualmente, es Chief Technology Innovation Officer en ENCAMINA, liderando el desarrollo de software con tecnolog\u00eda Microsoft, y miembro del equipo de Direcci\u00f3n. Para la comunidad, trabaja como organizador y speaker de las conferencias m\u00e1s relevantes del mundo Microsoft en Espa\u00f1a, en las cuales es uno de los referentes en SharePoint, Office 365 y Azure. Autor de diversos libros y art\u00edculos en revistas profesionales y blogs, en 2013 empez\u00f3 a formar parte del equipo de Direcci\u00f3n de CompartiMOSS, una revista digital sobre tecnolog\u00edas Microsoft. Desde 2011 ha sido nombrado Microsoft MVP, reconocimiento que ha renovado por s\u00e9ptimo a\u00f1o consecutivo. Se define como un geek, amante de los smartphones y desarrollador. Fundador de TenerifeDev (www.tenerifedev.com), un grupo de usuarios de .NET en Tenerife, y coordinador de SUGES (Grupo de Usuarios de SharePoint de Espa\u00f1a, www.suges.es)","sameAs":["http:\/\/geeks.ms\/blogs\/adiazmartin","https:\/\/x.com\/adiazcan"],"url":"https:\/\/blogs.encamina.com\/por-una-nube-sostenible\/author\/albertod\/"}]}},"_links":{"self":[{"href":"https:\/\/blogs.encamina.com\/por-una-nube-sostenible\/wp-json\/wp\/v2\/posts\/1106","targetHints":{"allow":["GET"]}}],"collection":[{"href":"https:\/\/blogs.encamina.com\/por-una-nube-sostenible\/wp-json\/wp\/v2\/posts"}],"about":[{"href":"https:\/\/blogs.encamina.com\/por-una-nube-sostenible\/wp-json\/wp\/v2\/types\/post"}],"author":[{"embeddable":true,"href":"https:\/\/blogs.encamina.com\/por-una-nube-sostenible\/wp-json\/wp\/v2\/users\/19"}],"replies":[{"embeddable":true,"href":"https:\/\/blogs.encamina.com\/por-una-nube-sostenible\/wp-json\/wp\/v2\/comments?post=1106"}],"version-history":[{"count":0,"href":"https:\/\/blogs.encamina.com\/por-una-nube-sostenible\/wp-json\/wp\/v2\/posts\/1106\/revisions"}],"wp:attachment":[{"href":"https:\/\/blogs.encamina.com\/por-una-nube-sostenible\/wp-json\/wp\/v2\/media?parent=1106"}],"wp:term":[{"taxonomy":"category","embeddable":true,"href":"https:\/\/blogs.encamina.com\/por-una-nube-sostenible\/wp-json\/wp\/v2\/categories?post=1106"},{"taxonomy":"post_tag","embeddable":true,"href":"https:\/\/blogs.encamina.com\/por-una-nube-sostenible\/wp-json\/wp\/v2\/tags?post=1106"}],"curies":[{"name":"wp","href":"https:\/\/api.w.org\/{rel}","templated":true}]}}