{"id":141,"date":"2014-05-12T11:00:18","date_gmt":"2014-05-12T11:00:18","guid":{"rendered":"http:\/\/blogs.encamina.com\/negocios-sharepoint\/?p=141"},"modified":"2014-05-26T09:26:04","modified_gmt":"2014-05-26T09:26:04","slug":"el-mundo-de-sharepoint-hibrido-de-colores","status":"publish","type":"post","link":"https:\/\/blogs.encamina.com\/negocios-sharepoint\/2014\/05\/12\/el-mundo-de-sharepoint-hibrido-de-colores\/","title":{"rendered":"El mundo de SharePoint h\u00edbrido de colores"},"content":{"rendered":"<p>Desde la \u00faltima versi\u00f3n de SharePoint, la 2013, empezamos todos a hablar si est\u00e1 ser\u00eda la \u00faltima versi\u00f3n On-Premises para instalar de SharePoint. La buena noticia es que no.<\/p>\n<p>En la \u00faltima conferencia de Las Vegas, Microsoft anunci\u00f3 que ven\u00eda en camino una nueva versi\u00f3n, posiblemente para el a\u00f1o 2015.<\/p>\n<p>Y digo buena noticia, porque esto no quiere decir que en los planes de Microsoft no se encuentra dejar de distribuir la versi\u00f3n On-Premises de SharePoint y sustituirla por la versi\u00f3n Online. Como buena noticia veo que el camino hacia la nube se plantea un proceso de convivencia de sistemas o, como el t\u00edtulo de este post dice, un mundo h\u00edbrido de colores para SharePoint.<\/p>\n<p><!--more-->Ya hace unos a\u00f1os, Office 365 se convirti\u00f3 en una opci\u00f3n empresarial a la que ir migrando nuestros sistemas, y siempre he recomendado empezar por Exchange Online o Lync Online. El ahorro de costes y esfuerzos que esto supone para una organizaci\u00f3n, garantizar el \u00e9xito del proyecto teniendo en cuenta que las funcionalidades son pr\u00e1cticamente las mismas que en la versi\u00f3n On-Premises de Exchange o Lync.<\/p>\n<p><a href=\"http:\/\/blogs.encamina.com\/negocios-sharepoint\/wp-content\/uploads\/sites\/11\/2014\/05\/hybrid-Office-365.png\"><img loading=\"lazy\" decoding=\"async\" class=\"aligncenter size-full wp-image-142\" src=\"http:\/\/blogs.encamina.com\/negocios-sharepoint\/wp-content\/uploads\/sites\/11\/2014\/05\/hybrid-Office-365.png\" alt=\"hybrid-Office-365\" width=\"410\" height=\"135\" \/><\/a><\/p>\n<p>\u00bfPero qu\u00e9 pasa con SharePoint? Esto nos va a costar un poco m\u00e1s, pero ya nos podemos plantear las siguientes opciones con SharePoint Online:<\/p>\n<ul>\n<li>Usarlo como Extranet de clientes o proveedores, aprovechando el licenciamiento de usuarios externos que es gratuito.<\/li>\n<li>Ofrecerle a los usuarios de nuestra organizaci\u00f3n usar OneDrive for Business, con hasta 1Tb de almacenamiento y sincronizaci\u00f3n, al estilo OneDrive o DropBox pero de forma corporativa.<\/li>\n<li>Implementar PowerBI para el an\u00e1lisis y visualizaci\u00f3n de los datos de la organizaci\u00f3n.<\/li>\n<li>Empezar a planificar nuestro Social Enterprise con Yammer<\/li>\n<\/ul>\n<p>Todo esto gracias los avances de Office 365 y Azure Active Directory, que nos ofrecen la implementaci\u00f3n de un entorno seguro y transparente para el usuario.<\/p>\n<p>\u00bfA qu\u00e9 esperamos para aprovechar estas opciones? Con un entorno h\u00edbrido, podemos ofrecer un valor a\u00f1adido a nuestros usuarios, controlando los costes de mantenimiento y despliegue, en conjunci\u00f3n con las capacidades que les ofrecemos en nuestros entornos locales.<\/p>\n<!-- AddThis Advanced Settings generic via filter on the_content --><!-- AddThis Share Buttons generic via filter on the_content -->","protected":false},"excerpt":{"rendered":"<p>Desde la \u00faltima versi\u00f3n de SharePoint, la 2013, empezamos todos a hablar si est\u00e1 ser\u00eda la \u00faltima versi\u00f3n On-Premises para instalar de SharePoint. La buena noticia es que no. En la \u00faltima conferencia de Las Vegas, Microsoft anunci\u00f3 que ven\u00eda &hellip; <a href=\"https:\/\/blogs.encamina.com\/negocios-sharepoint\/2014\/05\/12\/el-mundo-de-sharepoint-hibrido-de-colores\/\">Continue reading <span class=\"meta-nav\">&rarr;<\/span><\/a><!-- AddThis Advanced Settings generic via filter on get_the_excerpt --><!-- AddThis Share Buttons generic via filter on get_the_excerpt --><\/p>\n","protected":false},"author":19,"featured_media":0,"comment_status":"open","ping_status":"open","sticky":false,"template":"","format":"standard","meta":{"footnotes":""},"categories":[8,2],"tags":[36,9,33],"class_list":["post-141","post","type-post","status-publish","format-standard","hentry","category-hybrid","category-sharepoint","tag-hybrid","tag-office-365","tag-sharepoint"],"yoast_head":"<!-- This site is optimized with the Yoast SEO Premium plugin v18.2.1 (Yoast SEO v27.3) - https:\/\/yoast.com\/product\/yoast-seo-premium-wordpress\/ -->\n<title>El mundo de SharePoint h\u00edbrido de colores - SharePoint para los Negocios<\/title>\n<meta name=\"robots\" content=\"index, follow, max-snippet:-1, max-image-preview:large, max-video-preview:-1\" \/>\n<link rel=\"canonical\" href=\"http:\/\/blogs.encamina.com\/negocios-sharepoint\/2014\/05\/12\/el-mundo-de-sharepoint-hibrido-de-colores\/\" \/>\n<meta name=\"twitter:label1\" content=\"Escrito por\" \/>\n\t<meta name=\"twitter:data1\" content=\"Alberto Diaz Martin\" \/>\n\t<meta name=\"twitter:label2\" content=\"Tiempo de lectura\" \/>\n\t<meta name=\"twitter:data2\" content=\"2 minutos\" \/>\n<script type=\"application\/ld+json\" class=\"yoast-schema-graph\">{\"@context\":\"https:\\\/\\\/schema.org\",\"@graph\":[{\"@type\":\"Article\",\"@id\":\"http:\\\/\\\/blogs.encamina.com\\\/negocios-sharepoint\\\/2014\\\/05\\\/12\\\/el-mundo-de-sharepoint-hibrido-de-colores\\\/#article\",\"isPartOf\":{\"@id\":\"http:\\\/\\\/blogs.encamina.com\\\/negocios-sharepoint\\\/2014\\\/05\\\/12\\\/el-mundo-de-sharepoint-hibrido-de-colores\\\/\"},\"author\":{\"name\":\"Alberto Diaz Martin\",\"@id\":\"https:\\\/\\\/blogs.encamina.com\\\/negocios-sharepoint\\\/#\\\/schema\\\/person\\\/2f5010cd661b97f8baed6fbc75f10a9c\"},\"headline\":\"El mundo de SharePoint h\u00edbrido de colores\",\"datePublished\":\"2014-05-12T11:00:18+00:00\",\"dateModified\":\"2014-05-26T09:26:04+00:00\",\"mainEntityOfPage\":{\"@id\":\"http:\\\/\\\/blogs.encamina.com\\\/negocios-sharepoint\\\/2014\\\/05\\\/12\\\/el-mundo-de-sharepoint-hibrido-de-colores\\\/\"},\"wordCount\":362,\"commentCount\":4,\"image\":{\"@id\":\"http:\\\/\\\/blogs.encamina.com\\\/negocios-sharepoint\\\/2014\\\/05\\\/12\\\/el-mundo-de-sharepoint-hibrido-de-colores\\\/#primaryimage\"},\"thumbnailUrl\":\"http:\\\/\\\/blogs.encamina.com\\\/negocios-sharepoint\\\/wp-content\\\/uploads\\\/sites\\\/11\\\/2014\\\/05\\\/hybrid-Office-365.png\",\"keywords\":[\"Hybrid\",\"Office 365\",\"SharePoint\"],\"articleSection\":[\"Hybrid\",\"SharePoint\"],\"inLanguage\":\"es\",\"potentialAction\":[{\"@type\":\"CommentAction\",\"name\":\"Comment\",\"target\":[\"http:\\\/\\\/blogs.encamina.com\\\/negocios-sharepoint\\\/2014\\\/05\\\/12\\\/el-mundo-de-sharepoint-hibrido-de-colores\\\/#respond\"]}]},{\"@type\":\"WebPage\",\"@id\":\"http:\\\/\\\/blogs.encamina.com\\\/negocios-sharepoint\\\/2014\\\/05\\\/12\\\/el-mundo-de-sharepoint-hibrido-de-colores\\\/\",\"url\":\"http:\\\/\\\/blogs.encamina.com\\\/negocios-sharepoint\\\/2014\\\/05\\\/12\\\/el-mundo-de-sharepoint-hibrido-de-colores\\\/\",\"name\":\"El mundo de SharePoint h\u00edbrido de colores - SharePoint para los Negocios\",\"isPartOf\":{\"@id\":\"https:\\\/\\\/blogs.encamina.com\\\/negocios-sharepoint\\\/#website\"},\"primaryImageOfPage\":{\"@id\":\"http:\\\/\\\/blogs.encamina.com\\\/negocios-sharepoint\\\/2014\\\/05\\\/12\\\/el-mundo-de-sharepoint-hibrido-de-colores\\\/#primaryimage\"},\"image\":{\"@id\":\"http:\\\/\\\/blogs.encamina.com\\\/negocios-sharepoint\\\/2014\\\/05\\\/12\\\/el-mundo-de-sharepoint-hibrido-de-colores\\\/#primaryimage\"},\"thumbnailUrl\":\"http:\\\/\\\/blogs.encamina.com\\\/negocios-sharepoint\\\/wp-content\\\/uploads\\\/sites\\\/11\\\/2014\\\/05\\\/hybrid-Office-365.png\",\"datePublished\":\"2014-05-12T11:00:18+00:00\",\"dateModified\":\"2014-05-26T09:26:04+00:00\",\"author\":{\"@id\":\"https:\\\/\\\/blogs.encamina.com\\\/negocios-sharepoint\\\/#\\\/schema\\\/person\\\/2f5010cd661b97f8baed6fbc75f10a9c\"},\"inLanguage\":\"es\",\"potentialAction\":[{\"@type\":\"ReadAction\",\"target\":[\"http:\\\/\\\/blogs.encamina.com\\\/negocios-sharepoint\\\/2014\\\/05\\\/12\\\/el-mundo-de-sharepoint-hibrido-de-colores\\\/\"]}]},{\"@type\":\"ImageObject\",\"inLanguage\":\"es\",\"@id\":\"http:\\\/\\\/blogs.encamina.com\\\/negocios-sharepoint\\\/2014\\\/05\\\/12\\\/el-mundo-de-sharepoint-hibrido-de-colores\\\/#primaryimage\",\"url\":\"https:\\\/\\\/blogs.encamina.com\\\/negocios-sharepoint\\\/wp-content\\\/uploads\\\/sites\\\/11\\\/2014\\\/05\\\/hybrid-Office-365.png\",\"contentUrl\":\"https:\\\/\\\/blogs.encamina.com\\\/negocios-sharepoint\\\/wp-content\\\/uploads\\\/sites\\\/11\\\/2014\\\/05\\\/hybrid-Office-365.png\",\"width\":410,\"height\":135},{\"@type\":\"WebSite\",\"@id\":\"https:\\\/\\\/blogs.encamina.com\\\/negocios-sharepoint\\\/#website\",\"url\":\"https:\\\/\\\/blogs.encamina.com\\\/negocios-sharepoint\\\/\",\"name\":\"SharePoint para los Negocios\",\"description\":\"SharePoint desde el punto de vista del usuario\",\"potentialAction\":[{\"@type\":\"SearchAction\",\"target\":{\"@type\":\"EntryPoint\",\"urlTemplate\":\"https:\\\/\\\/blogs.encamina.com\\\/negocios-sharepoint\\\/?s={search_term_string}\"},\"query-input\":{\"@type\":\"PropertyValueSpecification\",\"valueRequired\":true,\"valueName\":\"search_term_string\"}}],\"inLanguage\":\"es\"},{\"@type\":\"Person\",\"@id\":\"https:\\\/\\\/blogs.encamina.com\\\/negocios-sharepoint\\\/#\\\/schema\\\/person\\\/2f5010cd661b97f8baed6fbc75f10a9c\",\"name\":\"Alberto Diaz Martin\",\"image\":{\"@type\":\"ImageObject\",\"inLanguage\":\"es\",\"@id\":\"https:\\\/\\\/secure.gravatar.com\\\/avatar\\\/93ae1999e35e4f1f21cb1a62f1a6cf8eb4a912102519ac96f58a0a4395da414f?s=96&d=mm&r=g\",\"url\":\"https:\\\/\\\/secure.gravatar.com\\\/avatar\\\/93ae1999e35e4f1f21cb1a62f1a6cf8eb4a912102519ac96f58a0a4395da414f?s=96&d=mm&r=g\",\"contentUrl\":\"https:\\\/\\\/secure.gravatar.com\\\/avatar\\\/93ae1999e35e4f1f21cb1a62f1a6cf8eb4a912102519ac96f58a0a4395da414f?s=96&d=mm&r=g\",\"caption\":\"Alberto Diaz Martin\"},\"description\":\"Alberto Diaz cuenta con m\u00e1s de 15 a\u00f1os de experiencia en la Industria IT, todos ellos trabajando con tecnolog\u00edas Microsoft. Actualmente, es Chief Technology Innovation Officer en ENCAMINA, liderando el desarrollo de software con tecnolog\u00eda Microsoft, y miembro del equipo de Direcci\u00f3n. Para la comunidad, trabaja como organizador y speaker de las conferencias m\u00e1s relevantes del mundo Microsoft en Espa\u00f1a, en las cuales es uno de los referentes en SharePoint, Office 365 y Azure. Autor de diversos libros y art\u00edculos en revistas profesionales y blogs, en 2013 empez\u00f3 a formar parte del equipo de Direcci\u00f3n de CompartiMOSS, una revista digital sobre tecnolog\u00edas Microsoft. Desde 2011 ha sido nombrado Microsoft MVP, reconocimiento que ha renovado por s\u00e9ptimo a\u00f1o consecutivo. Se define como un geek, amante de los smartphones y desarrollador. Fundador de TenerifeDev (www.tenerifedev.com), un grupo de usuarios de .NET en Tenerife, y coordinador de SUGES (Grupo de Usuarios de SharePoint de Espa\u00f1a, www.suges.es)\",\"sameAs\":[\"http:\\\/\\\/geeks.ms\\\/blogs\\\/adiazmartin\",\"https:\\\/\\\/x.com\\\/adiazcan\"],\"url\":\"https:\\\/\\\/blogs.encamina.com\\\/negocios-sharepoint\\\/author\\\/albertod\\\/\"}]}<\/script>\n<!-- \/ Yoast SEO Premium plugin. -->","yoast_head_json":{"title":"El mundo de SharePoint h\u00edbrido de colores - SharePoint para los Negocios","robots":{"index":"index","follow":"follow","max-snippet":"max-snippet:-1","max-image-preview":"max-image-preview:large","max-video-preview":"max-video-preview:-1"},"canonical":"http:\/\/blogs.encamina.com\/negocios-sharepoint\/2014\/05\/12\/el-mundo-de-sharepoint-hibrido-de-colores\/","twitter_misc":{"Escrito por":"Alberto Diaz Martin","Tiempo de lectura":"2 minutos"},"schema":{"@context":"https:\/\/schema.org","@graph":[{"@type":"Article","@id":"http:\/\/blogs.encamina.com\/negocios-sharepoint\/2014\/05\/12\/el-mundo-de-sharepoint-hibrido-de-colores\/#article","isPartOf":{"@id":"http:\/\/blogs.encamina.com\/negocios-sharepoint\/2014\/05\/12\/el-mundo-de-sharepoint-hibrido-de-colores\/"},"author":{"name":"Alberto Diaz Martin","@id":"https:\/\/blogs.encamina.com\/negocios-sharepoint\/#\/schema\/person\/2f5010cd661b97f8baed6fbc75f10a9c"},"headline":"El mundo de SharePoint h\u00edbrido de colores","datePublished":"2014-05-12T11:00:18+00:00","dateModified":"2014-05-26T09:26:04+00:00","mainEntityOfPage":{"@id":"http:\/\/blogs.encamina.com\/negocios-sharepoint\/2014\/05\/12\/el-mundo-de-sharepoint-hibrido-de-colores\/"},"wordCount":362,"commentCount":4,"image":{"@id":"http:\/\/blogs.encamina.com\/negocios-sharepoint\/2014\/05\/12\/el-mundo-de-sharepoint-hibrido-de-colores\/#primaryimage"},"thumbnailUrl":"http:\/\/blogs.encamina.com\/negocios-sharepoint\/wp-content\/uploads\/sites\/11\/2014\/05\/hybrid-Office-365.png","keywords":["Hybrid","Office 365","SharePoint"],"articleSection":["Hybrid","SharePoint"],"inLanguage":"es","potentialAction":[{"@type":"CommentAction","name":"Comment","target":["http:\/\/blogs.encamina.com\/negocios-sharepoint\/2014\/05\/12\/el-mundo-de-sharepoint-hibrido-de-colores\/#respond"]}]},{"@type":"WebPage","@id":"http:\/\/blogs.encamina.com\/negocios-sharepoint\/2014\/05\/12\/el-mundo-de-sharepoint-hibrido-de-colores\/","url":"http:\/\/blogs.encamina.com\/negocios-sharepoint\/2014\/05\/12\/el-mundo-de-sharepoint-hibrido-de-colores\/","name":"El mundo de SharePoint h\u00edbrido de colores - SharePoint para los Negocios","isPartOf":{"@id":"https:\/\/blogs.encamina.com\/negocios-sharepoint\/#website"},"primaryImageOfPage":{"@id":"http:\/\/blogs.encamina.com\/negocios-sharepoint\/2014\/05\/12\/el-mundo-de-sharepoint-hibrido-de-colores\/#primaryimage"},"image":{"@id":"http:\/\/blogs.encamina.com\/negocios-sharepoint\/2014\/05\/12\/el-mundo-de-sharepoint-hibrido-de-colores\/#primaryimage"},"thumbnailUrl":"http:\/\/blogs.encamina.com\/negocios-sharepoint\/wp-content\/uploads\/sites\/11\/2014\/05\/hybrid-Office-365.png","datePublished":"2014-05-12T11:00:18+00:00","dateModified":"2014-05-26T09:26:04+00:00","author":{"@id":"https:\/\/blogs.encamina.com\/negocios-sharepoint\/#\/schema\/person\/2f5010cd661b97f8baed6fbc75f10a9c"},"inLanguage":"es","potentialAction":[{"@type":"ReadAction","target":["http:\/\/blogs.encamina.com\/negocios-sharepoint\/2014\/05\/12\/el-mundo-de-sharepoint-hibrido-de-colores\/"]}]},{"@type":"ImageObject","inLanguage":"es","@id":"http:\/\/blogs.encamina.com\/negocios-sharepoint\/2014\/05\/12\/el-mundo-de-sharepoint-hibrido-de-colores\/#primaryimage","url":"https:\/\/blogs.encamina.com\/negocios-sharepoint\/wp-content\/uploads\/sites\/11\/2014\/05\/hybrid-Office-365.png","contentUrl":"https:\/\/blogs.encamina.com\/negocios-sharepoint\/wp-content\/uploads\/sites\/11\/2014\/05\/hybrid-Office-365.png","width":410,"height":135},{"@type":"WebSite","@id":"https:\/\/blogs.encamina.com\/negocios-sharepoint\/#website","url":"https:\/\/blogs.encamina.com\/negocios-sharepoint\/","name":"SharePoint para los Negocios","description":"SharePoint desde el punto de vista del usuario","potentialAction":[{"@type":"SearchAction","target":{"@type":"EntryPoint","urlTemplate":"https:\/\/blogs.encamina.com\/negocios-sharepoint\/?s={search_term_string}"},"query-input":{"@type":"PropertyValueSpecification","valueRequired":true,"valueName":"search_term_string"}}],"inLanguage":"es"},{"@type":"Person","@id":"https:\/\/blogs.encamina.com\/negocios-sharepoint\/#\/schema\/person\/2f5010cd661b97f8baed6fbc75f10a9c","name":"Alberto Diaz Martin","image":{"@type":"ImageObject","inLanguage":"es","@id":"https:\/\/secure.gravatar.com\/avatar\/93ae1999e35e4f1f21cb1a62f1a6cf8eb4a912102519ac96f58a0a4395da414f?s=96&d=mm&r=g","url":"https:\/\/secure.gravatar.com\/avatar\/93ae1999e35e4f1f21cb1a62f1a6cf8eb4a912102519ac96f58a0a4395da414f?s=96&d=mm&r=g","contentUrl":"https:\/\/secure.gravatar.com\/avatar\/93ae1999e35e4f1f21cb1a62f1a6cf8eb4a912102519ac96f58a0a4395da414f?s=96&d=mm&r=g","caption":"Alberto Diaz Martin"},"description":"Alberto Diaz cuenta con m\u00e1s de 15 a\u00f1os de experiencia en la Industria IT, todos ellos trabajando con tecnolog\u00edas Microsoft. Actualmente, es Chief Technology Innovation Officer en ENCAMINA, liderando el desarrollo de software con tecnolog\u00eda Microsoft, y miembro del equipo de Direcci\u00f3n. Para la comunidad, trabaja como organizador y speaker de las conferencias m\u00e1s relevantes del mundo Microsoft en Espa\u00f1a, en las cuales es uno de los referentes en SharePoint, Office 365 y Azure. Autor de diversos libros y art\u00edculos en revistas profesionales y blogs, en 2013 empez\u00f3 a formar parte del equipo de Direcci\u00f3n de CompartiMOSS, una revista digital sobre tecnolog\u00edas Microsoft. Desde 2011 ha sido nombrado Microsoft MVP, reconocimiento que ha renovado por s\u00e9ptimo a\u00f1o consecutivo. Se define como un geek, amante de los smartphones y desarrollador. Fundador de TenerifeDev (www.tenerifedev.com), un grupo de usuarios de .NET en Tenerife, y coordinador de SUGES (Grupo de Usuarios de SharePoint de Espa\u00f1a, www.suges.es)","sameAs":["http:\/\/geeks.ms\/blogs\/adiazmartin","https:\/\/x.com\/adiazcan"],"url":"https:\/\/blogs.encamina.com\/negocios-sharepoint\/author\/albertod\/"}]}},"_links":{"self":[{"href":"https:\/\/blogs.encamina.com\/negocios-sharepoint\/wp-json\/wp\/v2\/posts\/141","targetHints":{"allow":["GET"]}}],"collection":[{"href":"https:\/\/blogs.encamina.com\/negocios-sharepoint\/wp-json\/wp\/v2\/posts"}],"about":[{"href":"https:\/\/blogs.encamina.com\/negocios-sharepoint\/wp-json\/wp\/v2\/types\/post"}],"author":[{"embeddable":true,"href":"https:\/\/blogs.encamina.com\/negocios-sharepoint\/wp-json\/wp\/v2\/users\/19"}],"replies":[{"embeddable":true,"href":"https:\/\/blogs.encamina.com\/negocios-sharepoint\/wp-json\/wp\/v2\/comments?post=141"}],"version-history":[{"count":0,"href":"https:\/\/blogs.encamina.com\/negocios-sharepoint\/wp-json\/wp\/v2\/posts\/141\/revisions"}],"wp:attachment":[{"href":"https:\/\/blogs.encamina.com\/negocios-sharepoint\/wp-json\/wp\/v2\/media?parent=141"}],"wp:term":[{"taxonomy":"category","embeddable":true,"href":"https:\/\/blogs.encamina.com\/negocios-sharepoint\/wp-json\/wp\/v2\/categories?post=141"},{"taxonomy":"post_tag","embeddable":true,"href":"https:\/\/blogs.encamina.com\/negocios-sharepoint\/wp-json\/wp\/v2\/tags?post=141"}],"curies":[{"name":"wp","href":"https:\/\/api.w.org\/{rel}","templated":true}]}}