{"id":769,"date":"2017-01-23T13:12:39","date_gmt":"2017-01-23T12:12:39","guid":{"rendered":"http:\/\/blogs.encamina.com\/encamina-se-mueve\/?p=769"},"modified":"2017-01-23T15:41:01","modified_gmt":"2017-01-23T14:41:01","slug":"xamarin-dev-day-llega-a-valencia","status":"publish","type":"post","link":"https:\/\/blogs.encamina.com\/encamina-se-mueve\/xamarin-dev-day-llega-a-valencia\/","title":{"rendered":"Xamarin Dev Day llega a Valencia"},"content":{"rendered":"<p>El pr\u00f3ximo 26 de enero aterriza\u00a0en Valencia uno de los eventos m\u00e1s\u00a0importantes\u00a0del sector de la tecnolog\u00eda m\u00f3vil, <a href=\"https:\/\/www.eventbrite.es\/e\/entradas-meetmobile-xamarin-dev-day-valencia-26-de-enero-2017-31021661625\" target=\"_blank\">Meetmobile especial Xamarin Dev Day<\/a> . ENCAMINA no pod\u00eda perderse este evento sobre las \u00faltimas novedades del desarrollo de aplicaciones multiplataforma\u00a0con<strong> Xamarin<\/strong>, y por eso,\u00a0dos de nuestros expertos, <strong>Santiago Porras<\/strong> y <strong>Alberto D\u00edaz<\/strong>, estar\u00e1n all\u00ed representando a\u00a0ENCAMINA.<\/p>\n<p><img loading=\"lazy\" decoding=\"async\" class=\"alignnone size-full wp-image-783\" src=\"http:\/\/blogs.encamina.com\/encamina-se-mueve\/wp-content\/uploads\/sites\/4\/2017\/01\/xamarindevdayvalencia.jpg\" alt=\"xamarindevdayvalencia\" width=\"650\" height=\"338\" srcset=\"https:\/\/encaminablogs.wpenginepowered.com\/encamina-se-mueve\/wp-content\/uploads\/sites\/4\/2017\/01\/xamarindevdayvalencia.jpg 650w, https:\/\/encaminablogs.wpenginepowered.com\/encamina-se-mueve\/wp-content\/uploads\/sites\/4\/2017\/01\/xamarindevdayvalencia-300x156.jpg 300w\" sizes=\"auto, (max-width: 650px) 100vw, 650px\" \/><\/p>\n<p>El evento se realizar\u00e1 de <strong>9:00h<\/strong> a <strong>14:30h<\/strong> y constar\u00e1 de diferentes sesiones te\u00f3ricas\u00a0acerca de <strong>Xamarin. <\/strong>El colof\u00f3n\u00a0ser\u00e1\u00a0un taller pr\u00e1ctico en el que los partipantes de podr\u00e1n poner en pr\u00e1ctica todo lo aprendido en las sesiones, siguiendo la gu\u00eda de los eventos oficiales <strong>Xamarin Dev Days<\/strong>.<\/p>\n<p><!--more--><\/p>\n<p>Para poder<strong> inscribirte<\/strong> al evento, tan solo tienes que\u00a0<a href=\"https:\/\/www.eventbrite.es\/e\/entradas-meetmobile-xamarin-dev-day-valencia-26-de-enero-2017-31021661625\" target=\"_blank\">registrarte en este enlace<\/a>.<\/p>\n<h1><strong>Agenda<\/strong><\/h1>\n<p>El horario previsto\u00a0para el\u00a0evento es el siguiente:<\/p>\n<p><strong>9.00h\u00a0 <\/strong>&#8211; &gt; Registro de asistentes<\/p>\n<p><strong>9.15h\u00a0 <\/strong>&#8211; &gt; Bienvenida<\/p>\n<p><strong>9:30h\u00a0<\/strong> &#8211; &gt; Introducci\u00f3n a Xamarin. Por Dachi Gogotchuri,\u00a0Microsoft MVP Windows Development.Software Engineer at Nationale Nederlanden<\/p>\n<p><strong>10:20h\u00a0 <\/strong>&#8211; &gt; <strong>Xamarin Forms. La ponencia la\u00a0realizar\u00e1\u00a0nuestro compa\u00f1ero\u00a0<span style=\"text-decoration: underline;\">Santiago Porras<\/span>, Mobile &amp; Cloud Experience Lead\u00a0en Encamina, <b>experto en Xamarin<\/b>.<\/strong><\/p>\n<p><strong>11:10h\u00a0\u00a0 &#8211; &gt; Xamarin &amp; Azure. Por <span style=\"text-decoration: underline;\">Alberto D\u00edaz<\/span>, Chief Technology Innovation Officer en\u00a0<b>ENCAMINA.<\/b><br \/>\n<\/strong><\/p>\n<p><strong>12:00h\u00a0 -&gt; <\/strong>Pausa para caf\u00e9.<\/p>\n<p><strong>12:30h.-14:30h\u00a0 -&gt;<\/strong>\u00a0Taller pr\u00e1ctico Hands on Lab\u00a0de programaci\u00f3n Xamarin.<\/p>\n<p>Y&#8230;. no olvides configurar tu ordenador antes del evento, si quieres asistir al taller pr\u00e1ctico.<\/p>\n<p><strong>\u00bfTe lo vas a perder? <\/strong>\u00a1Te esperamos!<\/p>\n<!-- AddThis Advanced Settings generic via filter on the_content --><!-- AddThis Share Buttons generic via filter on the_content --><span class=\"et_bloom_bottom_trigger\"><\/span>","protected":false},"excerpt":{"rendered":"<p>El pr\u00f3ximo 26 de enero aterriza\u00a0en Valencia uno de los eventos m\u00e1s\u00a0importantes\u00a0del sector de la tecnolog\u00eda m\u00f3vil, Meetmobile especial Xamarin Dev Day . ENCAMINA no pod\u00eda perderse este evento sobre las \u00faltimas novedades del desarrollo de aplicaciones multiplataforma\u00a0con Xamarin, y &hellip; <a href=\"https:\/\/blogs.encamina.com\/encamina-se-mueve\/xamarin-dev-day-llega-a-valencia\/\">Continue reading <span class=\"meta-nav\">&rarr;<\/span><\/a><!-- AddThis Advanced Settings generic via filter on get_the_excerpt --><!-- AddThis Share Buttons generic via filter on get_the_excerpt --><\/p>\n","protected":false},"author":173,"featured_media":0,"comment_status":"closed","ping_status":"open","sticky":false,"template":"","format":"standard","meta":{"footnotes":""},"categories":[2,35,37,13],"tags":[],"class_list":["post-769","post","type-post","status-publish","format-standard","hentry","category-net","category-azure","category-movilidad","category-web"],"yoast_head":"<!-- This site is optimized with the Yoast SEO Premium plugin v18.2.1 (Yoast SEO v27.3) - https:\/\/yoast.com\/product\/yoast-seo-premium-wordpress\/ -->\n<title>Xamarin Dev Day llega a Valencia | ENCAMINA se Mueve<\/title>\n<meta name=\"robots\" content=\"index, follow, max-snippet:-1, max-image-preview:large, max-video-preview:-1\" \/>\n<link rel=\"canonical\" href=\"https:\/\/blogs.encamina.com\/encamina-se-mueve\/xamarin-dev-day-llega-a-valencia\/\" \/>\n<meta property=\"og:locale\" content=\"es_ES\" \/>\n<meta property=\"og:type\" content=\"article\" \/>\n<meta property=\"og:title\" content=\"Xamarin Dev Day llega a Valencia\" \/>\n<meta property=\"og:description\" content=\"El pr\u00f3ximo 26 de enero aterriza\u00a0en Valencia uno de los eventos m\u00e1s\u00a0importantes\u00a0del sector de la tecnolog\u00eda m\u00f3vil, Meetmobile especial Xamarin Dev Day . ENCAMINA no pod\u00eda perderse este evento sobre las \u00faltimas novedades del desarrollo de aplicaciones multiplataforma\u00a0con Xamarin, y &hellip; Continue reading &rarr;\" \/>\n<meta property=\"og:url\" content=\"https:\/\/blogs.encamina.com\/encamina-se-mueve\/xamarin-dev-day-llega-a-valencia\/\" \/>\n<meta property=\"og:site_name\" content=\"ENCAMINA se Mueve\" \/>\n<meta property=\"article:published_time\" content=\"2017-01-23T12:12:39+00:00\" \/>\n<meta property=\"article:modified_time\" content=\"2017-01-23T14:41:01+00:00\" \/>\n<meta property=\"og:image\" content=\"http:\/\/blogs.encamina.com\/encamina-se-mueve\/wp-content\/uploads\/sites\/4\/2017\/01\/xamarindevdayvalencia.jpg\" \/>\n<meta name=\"author\" content=\"Lorena Aguilar\" \/>\n<meta name=\"twitter:card\" content=\"summary_large_image\" \/>\n<meta name=\"twitter:label1\" content=\"Escrito por\" \/>\n\t<meta name=\"twitter:data1\" content=\"Lorena Aguilar\" \/>\n\t<meta name=\"twitter:label2\" content=\"Tiempo de lectura\" \/>\n\t<meta name=\"twitter:data2\" content=\"1 minuto\" \/>\n<script type=\"application\/ld+json\" class=\"yoast-schema-graph\">{\"@context\":\"https:\\\/\\\/schema.org\",\"@graph\":[{\"@type\":\"Article\",\"@id\":\"https:\\\/\\\/blogs.encamina.com\\\/encamina-se-mueve\\\/xamarin-dev-day-llega-a-valencia\\\/#article\",\"isPartOf\":{\"@id\":\"https:\\\/\\\/blogs.encamina.com\\\/encamina-se-mueve\\\/xamarin-dev-day-llega-a-valencia\\\/\"},\"author\":{\"name\":\"Lorena Aguilar\",\"@id\":\"https:\\\/\\\/blogs.encamina.com\\\/encamina-se-mueve\\\/#\\\/schema\\\/person\\\/cb6ccb6fa0d2345ad6e2ac8a23e6e242\"},\"headline\":\"Xamarin Dev Day llega a Valencia\",\"datePublished\":\"2017-01-23T12:12:39+00:00\",\"dateModified\":\"2017-01-23T14:41:01+00:00\",\"mainEntityOfPage\":{\"@id\":\"https:\\\/\\\/blogs.encamina.com\\\/encamina-se-mueve\\\/xamarin-dev-day-llega-a-valencia\\\/\"},\"wordCount\":262,\"publisher\":{\"@id\":\"https:\\\/\\\/blogs.encamina.com\\\/encamina-se-mueve\\\/#organization\"},\"image\":{\"@id\":\"https:\\\/\\\/blogs.encamina.com\\\/encamina-se-mueve\\\/xamarin-dev-day-llega-a-valencia\\\/#primaryimage\"},\"thumbnailUrl\":\"http:\\\/\\\/blogs.encamina.com\\\/encamina-se-mueve\\\/wp-content\\\/uploads\\\/sites\\\/4\\\/2017\\\/01\\\/xamarindevdayvalencia.jpg\",\"articleSection\":[\".net\",\"Azure\",\"Movilidad\",\"web\"],\"inLanguage\":\"es\"},{\"@type\":\"WebPage\",\"@id\":\"https:\\\/\\\/blogs.encamina.com\\\/encamina-se-mueve\\\/xamarin-dev-day-llega-a-valencia\\\/\",\"url\":\"https:\\\/\\\/blogs.encamina.com\\\/encamina-se-mueve\\\/xamarin-dev-day-llega-a-valencia\\\/\",\"name\":\"Xamarin Dev Day llega a Valencia | ENCAMINA se Mueve\",\"isPartOf\":{\"@id\":\"https:\\\/\\\/blogs.encamina.com\\\/encamina-se-mueve\\\/#website\"},\"primaryImageOfPage\":{\"@id\":\"https:\\\/\\\/blogs.encamina.com\\\/encamina-se-mueve\\\/xamarin-dev-day-llega-a-valencia\\\/#primaryimage\"},\"image\":{\"@id\":\"https:\\\/\\\/blogs.encamina.com\\\/encamina-se-mueve\\\/xamarin-dev-day-llega-a-valencia\\\/#primaryimage\"},\"thumbnailUrl\":\"http:\\\/\\\/blogs.encamina.com\\\/encamina-se-mueve\\\/wp-content\\\/uploads\\\/sites\\\/4\\\/2017\\\/01\\\/xamarindevdayvalencia.jpg\",\"datePublished\":\"2017-01-23T12:12:39+00:00\",\"dateModified\":\"2017-01-23T14:41:01+00:00\",\"inLanguage\":\"es\",\"potentialAction\":[{\"@type\":\"ReadAction\",\"target\":[\"https:\\\/\\\/blogs.encamina.com\\\/encamina-se-mueve\\\/xamarin-dev-day-llega-a-valencia\\\/\"]}]},{\"@type\":\"ImageObject\",\"inLanguage\":\"es\",\"@id\":\"https:\\\/\\\/blogs.encamina.com\\\/encamina-se-mueve\\\/xamarin-dev-day-llega-a-valencia\\\/#primaryimage\",\"url\":\"https:\\\/\\\/blogs.encamina.com\\\/encamina-se-mueve\\\/wp-content\\\/uploads\\\/sites\\\/4\\\/2017\\\/01\\\/xamarindevdayvalencia.jpg\",\"contentUrl\":\"https:\\\/\\\/blogs.encamina.com\\\/encamina-se-mueve\\\/wp-content\\\/uploads\\\/sites\\\/4\\\/2017\\\/01\\\/xamarindevdayvalencia.jpg\",\"width\":650,\"height\":338},{\"@type\":\"WebSite\",\"@id\":\"https:\\\/\\\/blogs.encamina.com\\\/encamina-se-mueve\\\/#website\",\"url\":\"https:\\\/\\\/blogs.encamina.com\\\/encamina-se-mueve\\\/\",\"name\":\"ENCAMINA se Mueve\",\"description\":\"Todo lo que se cuece en nuestro equipo: formaciones, charlas, webcasts, talleres...\",\"publisher\":{\"@id\":\"https:\\\/\\\/blogs.encamina.com\\\/encamina-se-mueve\\\/#organization\"},\"potentialAction\":[{\"@type\":\"SearchAction\",\"target\":{\"@type\":\"EntryPoint\",\"urlTemplate\":\"https:\\\/\\\/blogs.encamina.com\\\/encamina-se-mueve\\\/?s={search_term_string}\"},\"query-input\":{\"@type\":\"PropertyValueSpecification\",\"valueRequired\":true,\"valueName\":\"search_term_string\"}}],\"inLanguage\":\"es\"},{\"@type\":\"Organization\",\"@id\":\"https:\\\/\\\/blogs.encamina.com\\\/encamina-se-mueve\\\/#organization\",\"name\":\"ENCAMINA\",\"url\":\"https:\\\/\\\/blogs.encamina.com\\\/encamina-se-mueve\\\/\",\"logo\":{\"@type\":\"ImageObject\",\"inLanguage\":\"es\",\"@id\":\"https:\\\/\\\/blogs.encamina.com\\\/encamina-se-mueve\\\/#\\\/schema\\\/logo\\\/image\\\/\",\"url\":\"https:\\\/\\\/blogs.encamina.com\\\/encamina-se-mueve\\\/wp-content\\\/uploads\\\/sites\\\/4\\\/2018\\\/10\\\/Logo_ENCAMINA_sin-claim.png\",\"contentUrl\":\"https:\\\/\\\/blogs.encamina.com\\\/encamina-se-mueve\\\/wp-content\\\/uploads\\\/sites\\\/4\\\/2018\\\/10\\\/Logo_ENCAMINA_sin-claim.png\",\"width\":409,\"height\":77,\"caption\":\"ENCAMINA\"},\"image\":{\"@id\":\"https:\\\/\\\/blogs.encamina.com\\\/encamina-se-mueve\\\/#\\\/schema\\\/logo\\\/image\\\/\"}},{\"@type\":\"Person\",\"@id\":\"https:\\\/\\\/blogs.encamina.com\\\/encamina-se-mueve\\\/#\\\/schema\\\/person\\\/cb6ccb6fa0d2345ad6e2ac8a23e6e242\",\"name\":\"Lorena Aguilar\",\"image\":{\"@type\":\"ImageObject\",\"inLanguage\":\"es\",\"@id\":\"https:\\\/\\\/secure.gravatar.com\\\/avatar\\\/dbfe7b1d8066039e0c0bdf53e6fef3efe5d9509ba4f9aae541f87965b4f1f17f?s=96&d=mm&r=g\",\"url\":\"https:\\\/\\\/secure.gravatar.com\\\/avatar\\\/dbfe7b1d8066039e0c0bdf53e6fef3efe5d9509ba4f9aae541f87965b4f1f17f?s=96&d=mm&r=g\",\"contentUrl\":\"https:\\\/\\\/secure.gravatar.com\\\/avatar\\\/dbfe7b1d8066039e0c0bdf53e6fef3efe5d9509ba4f9aae541f87965b4f1f17f?s=96&d=mm&r=g\",\"caption\":\"Lorena Aguilar\"},\"url\":\"https:\\\/\\\/blogs.encamina.com\\\/encamina-se-mueve\\\/author\\\/lorena\\\/\"}]}<\/script>\n<!-- \/ Yoast SEO Premium plugin. -->","yoast_head_json":{"title":"Xamarin Dev Day llega a Valencia | ENCAMINA se Mueve","robots":{"index":"index","follow":"follow","max-snippet":"max-snippet:-1","max-image-preview":"max-image-preview:large","max-video-preview":"max-video-preview:-1"},"canonical":"https:\/\/blogs.encamina.com\/encamina-se-mueve\/xamarin-dev-day-llega-a-valencia\/","og_locale":"es_ES","og_type":"article","og_title":"Xamarin Dev Day llega a Valencia","og_description":"El pr\u00f3ximo 26 de enero aterriza\u00a0en Valencia uno de los eventos m\u00e1s\u00a0importantes\u00a0del sector de la tecnolog\u00eda m\u00f3vil, Meetmobile especial Xamarin Dev Day . ENCAMINA no pod\u00eda perderse este evento sobre las \u00faltimas novedades del desarrollo de aplicaciones multiplataforma\u00a0con Xamarin, y &hellip; Continue reading &rarr;","og_url":"https:\/\/blogs.encamina.com\/encamina-se-mueve\/xamarin-dev-day-llega-a-valencia\/","og_site_name":"ENCAMINA se Mueve","article_published_time":"2017-01-23T12:12:39+00:00","article_modified_time":"2017-01-23T14:41:01+00:00","og_image":[{"url":"http:\/\/blogs.encamina.com\/encamina-se-mueve\/wp-content\/uploads\/sites\/4\/2017\/01\/xamarindevdayvalencia.jpg","type":"","width":"","height":""}],"author":"Lorena Aguilar","twitter_card":"summary_large_image","twitter_misc":{"Escrito por":"Lorena Aguilar","Tiempo de lectura":"1 minuto"},"schema":{"@context":"https:\/\/schema.org","@graph":[{"@type":"Article","@id":"https:\/\/blogs.encamina.com\/encamina-se-mueve\/xamarin-dev-day-llega-a-valencia\/#article","isPartOf":{"@id":"https:\/\/blogs.encamina.com\/encamina-se-mueve\/xamarin-dev-day-llega-a-valencia\/"},"author":{"name":"Lorena Aguilar","@id":"https:\/\/blogs.encamina.com\/encamina-se-mueve\/#\/schema\/person\/cb6ccb6fa0d2345ad6e2ac8a23e6e242"},"headline":"Xamarin Dev Day llega a Valencia","datePublished":"2017-01-23T12:12:39+00:00","dateModified":"2017-01-23T14:41:01+00:00","mainEntityOfPage":{"@id":"https:\/\/blogs.encamina.com\/encamina-se-mueve\/xamarin-dev-day-llega-a-valencia\/"},"wordCount":262,"publisher":{"@id":"https:\/\/blogs.encamina.com\/encamina-se-mueve\/#organization"},"image":{"@id":"https:\/\/blogs.encamina.com\/encamina-se-mueve\/xamarin-dev-day-llega-a-valencia\/#primaryimage"},"thumbnailUrl":"http:\/\/blogs.encamina.com\/encamina-se-mueve\/wp-content\/uploads\/sites\/4\/2017\/01\/xamarindevdayvalencia.jpg","articleSection":[".net","Azure","Movilidad","web"],"inLanguage":"es"},{"@type":"WebPage","@id":"https:\/\/blogs.encamina.com\/encamina-se-mueve\/xamarin-dev-day-llega-a-valencia\/","url":"https:\/\/blogs.encamina.com\/encamina-se-mueve\/xamarin-dev-day-llega-a-valencia\/","name":"Xamarin Dev Day llega a Valencia | ENCAMINA se Mueve","isPartOf":{"@id":"https:\/\/blogs.encamina.com\/encamina-se-mueve\/#website"},"primaryImageOfPage":{"@id":"https:\/\/blogs.encamina.com\/encamina-se-mueve\/xamarin-dev-day-llega-a-valencia\/#primaryimage"},"image":{"@id":"https:\/\/blogs.encamina.com\/encamina-se-mueve\/xamarin-dev-day-llega-a-valencia\/#primaryimage"},"thumbnailUrl":"http:\/\/blogs.encamina.com\/encamina-se-mueve\/wp-content\/uploads\/sites\/4\/2017\/01\/xamarindevdayvalencia.jpg","datePublished":"2017-01-23T12:12:39+00:00","dateModified":"2017-01-23T14:41:01+00:00","inLanguage":"es","potentialAction":[{"@type":"ReadAction","target":["https:\/\/blogs.encamina.com\/encamina-se-mueve\/xamarin-dev-day-llega-a-valencia\/"]}]},{"@type":"ImageObject","inLanguage":"es","@id":"https:\/\/blogs.encamina.com\/encamina-se-mueve\/xamarin-dev-day-llega-a-valencia\/#primaryimage","url":"https:\/\/blogs.encamina.com\/encamina-se-mueve\/wp-content\/uploads\/sites\/4\/2017\/01\/xamarindevdayvalencia.jpg","contentUrl":"https:\/\/blogs.encamina.com\/encamina-se-mueve\/wp-content\/uploads\/sites\/4\/2017\/01\/xamarindevdayvalencia.jpg","width":650,"height":338},{"@type":"WebSite","@id":"https:\/\/blogs.encamina.com\/encamina-se-mueve\/#website","url":"https:\/\/blogs.encamina.com\/encamina-se-mueve\/","name":"ENCAMINA se Mueve","description":"Todo lo que se cuece en nuestro equipo: formaciones, charlas, webcasts, talleres...","publisher":{"@id":"https:\/\/blogs.encamina.com\/encamina-se-mueve\/#organization"},"potentialAction":[{"@type":"SearchAction","target":{"@type":"EntryPoint","urlTemplate":"https:\/\/blogs.encamina.com\/encamina-se-mueve\/?s={search_term_string}"},"query-input":{"@type":"PropertyValueSpecification","valueRequired":true,"valueName":"search_term_string"}}],"inLanguage":"es"},{"@type":"Organization","@id":"https:\/\/blogs.encamina.com\/encamina-se-mueve\/#organization","name":"ENCAMINA","url":"https:\/\/blogs.encamina.com\/encamina-se-mueve\/","logo":{"@type":"ImageObject","inLanguage":"es","@id":"https:\/\/blogs.encamina.com\/encamina-se-mueve\/#\/schema\/logo\/image\/","url":"https:\/\/blogs.encamina.com\/encamina-se-mueve\/wp-content\/uploads\/sites\/4\/2018\/10\/Logo_ENCAMINA_sin-claim.png","contentUrl":"https:\/\/blogs.encamina.com\/encamina-se-mueve\/wp-content\/uploads\/sites\/4\/2018\/10\/Logo_ENCAMINA_sin-claim.png","width":409,"height":77,"caption":"ENCAMINA"},"image":{"@id":"https:\/\/blogs.encamina.com\/encamina-se-mueve\/#\/schema\/logo\/image\/"}},{"@type":"Person","@id":"https:\/\/blogs.encamina.com\/encamina-se-mueve\/#\/schema\/person\/cb6ccb6fa0d2345ad6e2ac8a23e6e242","name":"Lorena Aguilar","image":{"@type":"ImageObject","inLanguage":"es","@id":"https:\/\/secure.gravatar.com\/avatar\/dbfe7b1d8066039e0c0bdf53e6fef3efe5d9509ba4f9aae541f87965b4f1f17f?s=96&d=mm&r=g","url":"https:\/\/secure.gravatar.com\/avatar\/dbfe7b1d8066039e0c0bdf53e6fef3efe5d9509ba4f9aae541f87965b4f1f17f?s=96&d=mm&r=g","contentUrl":"https:\/\/secure.gravatar.com\/avatar\/dbfe7b1d8066039e0c0bdf53e6fef3efe5d9509ba4f9aae541f87965b4f1f17f?s=96&d=mm&r=g","caption":"Lorena Aguilar"},"url":"https:\/\/blogs.encamina.com\/encamina-se-mueve\/author\/lorena\/"}]}},"_links":{"self":[{"href":"https:\/\/blogs.encamina.com\/encamina-se-mueve\/wp-json\/wp\/v2\/posts\/769","targetHints":{"allow":["GET"]}}],"collection":[{"href":"https:\/\/blogs.encamina.com\/encamina-se-mueve\/wp-json\/wp\/v2\/posts"}],"about":[{"href":"https:\/\/blogs.encamina.com\/encamina-se-mueve\/wp-json\/wp\/v2\/types\/post"}],"author":[{"embeddable":true,"href":"https:\/\/blogs.encamina.com\/encamina-se-mueve\/wp-json\/wp\/v2\/users\/173"}],"replies":[{"embeddable":true,"href":"https:\/\/blogs.encamina.com\/encamina-se-mueve\/wp-json\/wp\/v2\/comments?post=769"}],"version-history":[{"count":0,"href":"https:\/\/blogs.encamina.com\/encamina-se-mueve\/wp-json\/wp\/v2\/posts\/769\/revisions"}],"wp:attachment":[{"href":"https:\/\/blogs.encamina.com\/encamina-se-mueve\/wp-json\/wp\/v2\/media?parent=769"}],"wp:term":[{"taxonomy":"category","embeddable":true,"href":"https:\/\/blogs.encamina.com\/encamina-se-mueve\/wp-json\/wp\/v2\/categories?post=769"},{"taxonomy":"post_tag","embeddable":true,"href":"https:\/\/blogs.encamina.com\/encamina-se-mueve\/wp-json\/wp\/v2\/tags?post=769"}],"curies":[{"name":"wp","href":"https:\/\/api.w.org\/{rel}","templated":true}]}}