{"id":6081,"date":"2026-02-02T17:09:19","date_gmt":"2026-02-02T16:09:19","guid":{"rendered":"https:\/\/blogs.encamina.com\/encamina-se-mueve\/?p=6081"},"modified":"2026-02-24T12:23:29","modified_gmt":"2026-02-24T11:23:29","slug":"power-platform-copilot-y-mucha-accion-nos-vemos-en-el-global-power-platform-bootcamp","status":"publish","type":"post","link":"https:\/\/blogs.encamina.com\/encamina-se-mueve\/power-platform-copilot-y-mucha-accion-nos-vemos-en-el-global-power-platform-bootcamp\/","title":{"rendered":"ENCAMINA se multiplica: dos eventos Power Platform un mismo d\u00eda"},"content":{"rendered":"<p><img loading=\"lazy\" decoding=\"async\" class=\"alignnone size-full wp-image-6126\" src=\"http:\/\/blogs.encamina.com\/encamina-se-mueve\/wp-content\/uploads\/sites\/4\/2026\/02\/Power-Platform-barna-y-valencia-8.jpg\" alt=\"\" width=\"1435\" height=\"915\" srcset=\"https:\/\/encaminablogs.wpenginepowered.com\/encamina-se-mueve\/wp-content\/uploads\/sites\/4\/2026\/02\/Power-Platform-barna-y-valencia-8.jpg 1435w, https:\/\/encaminablogs.wpenginepowered.com\/encamina-se-mueve\/wp-content\/uploads\/sites\/4\/2026\/02\/Power-Platform-barna-y-valencia-8-300x191.jpg 300w, https:\/\/encaminablogs.wpenginepowered.com\/encamina-se-mueve\/wp-content\/uploads\/sites\/4\/2026\/02\/Power-Platform-barna-y-valencia-8-1024x653.jpg 1024w, https:\/\/encaminablogs.wpenginepowered.com\/encamina-se-mueve\/wp-content\/uploads\/sites\/4\/2026\/02\/Power-Platform-barna-y-valencia-8-768x490.jpg 768w, https:\/\/encaminablogs.wpenginepowered.com\/encamina-se-mueve\/wp-content\/uploads\/sites\/4\/2026\/02\/Power-Platform-barna-y-valencia-8-610x389.jpg 610w\" sizes=\"auto, (max-width: 1435px) 100vw, 1435px\" \/><\/p>\n<p>En <b>ENCAMINA<\/b> vamos creciendo y multiplic\u00e1ndonos a\u00f1o tras a\u00f1o \ud83d\ude09, y el <b>20 y 21 de febrero<\/b> lo demostramos patrocinando <b>dos eventos clave del sector tecnol\u00f3gico al mismo tiempo<\/b>: el <b>Global Power Platform Boot Camp 2026 <\/b>en <b>Barcelona y Valencia<\/b>.<span class=\"Apple-converted-space\">\u00a0<\/span><\/p>\n<p><!--more--><\/p>\n<h6 style=\"text-align: center;\"><img loading=\"lazy\" decoding=\"async\" class=\"alignnone size-full wp-image-6127\" src=\"http:\/\/blogs.encamina.com\/encamina-se-mueve\/wp-content\/uploads\/sites\/4\/2026\/02\/Power-Platform-barna-y-valencia-7-scaled.jpg\" alt=\"\" width=\"1920\" height=\"2560\" srcset=\"https:\/\/encaminablogs.wpenginepowered.com\/encamina-se-mueve\/wp-content\/uploads\/sites\/4\/2026\/02\/Power-Platform-barna-y-valencia-7-scaled.jpg 1920w, https:\/\/encaminablogs.wpenginepowered.com\/encamina-se-mueve\/wp-content\/uploads\/sites\/4\/2026\/02\/Power-Platform-barna-y-valencia-7-225x300.jpg 225w, https:\/\/encaminablogs.wpenginepowered.com\/encamina-se-mueve\/wp-content\/uploads\/sites\/4\/2026\/02\/Power-Platform-barna-y-valencia-7-768x1024.jpg 768w, https:\/\/encaminablogs.wpenginepowered.com\/encamina-se-mueve\/wp-content\/uploads\/sites\/4\/2026\/02\/Power-Platform-barna-y-valencia-7-1152x1536.jpg 1152w, https:\/\/encaminablogs.wpenginepowered.com\/encamina-se-mueve\/wp-content\/uploads\/sites\/4\/2026\/02\/Power-Platform-barna-y-valencia-7-1536x2048.jpg 1536w, https:\/\/encaminablogs.wpenginepowered.com\/encamina-se-mueve\/wp-content\/uploads\/sites\/4\/2026\/02\/Power-Platform-barna-y-valencia-7-610x813.jpg 610w\" sizes=\"auto, (max-width: 1920px) 100vw, 1920px\" \/><em><strong>El #ENCATEM en Barcelona<\/strong><\/em><\/h6>\n<p>Durante las dos jornadas, parte del <strong>#ENCATEAM<\/strong><b> <\/b>ha estado participando en <span class=\"Apple-converted-space\">\u00a0 <\/span><b>charlas<\/b>, compartiendo conocimiento y experiencias reales con la comunidad t\u00e9cnica. Adem\u00e1s, hemos tenido un <b>stand propio<\/b>, donde siempre disfrutamos especialmente porque nos permite hablar cara a cara con los asistentes, lo que nos permite estar al d\u00eda de las tendencias y necesidades del mercado.<\/p>\n<p><img loading=\"lazy\" decoding=\"async\" class=\"alignnone size-full wp-image-6128\" src=\"http:\/\/blogs.encamina.com\/encamina-se-mueve\/wp-content\/uploads\/sites\/4\/2026\/02\/Power-Plarform-Valencia.jpg\" alt=\"\" width=\"1119\" height=\"801\" srcset=\"https:\/\/encaminablogs.wpenginepowered.com\/encamina-se-mueve\/wp-content\/uploads\/sites\/4\/2026\/02\/Power-Plarform-Valencia.jpg 1119w, https:\/\/encaminablogs.wpenginepowered.com\/encamina-se-mueve\/wp-content\/uploads\/sites\/4\/2026\/02\/Power-Plarform-Valencia-300x215.jpg 300w, https:\/\/encaminablogs.wpenginepowered.com\/encamina-se-mueve\/wp-content\/uploads\/sites\/4\/2026\/02\/Power-Plarform-Valencia-1024x733.jpg 1024w, https:\/\/encaminablogs.wpenginepowered.com\/encamina-se-mueve\/wp-content\/uploads\/sites\/4\/2026\/02\/Power-Plarform-Valencia-768x550.jpg 768w, https:\/\/encaminablogs.wpenginepowered.com\/encamina-se-mueve\/wp-content\/uploads\/sites\/4\/2026\/02\/Power-Plarform-Valencia-610x437.jpg 610w\" sizes=\"auto, (max-width: 1119px) 100vw, 1119px\" \/><\/p>\n<h6 style=\"text-align: center;\"><em><strong>Una ponencia en el evento de Valencia<\/strong><\/em><\/h6>\n<p>Estar presentes en estos eventos va mucho m\u00e1s all\u00e1 del patrocinio. Para nosotros es una forma de <b>aportar a la comunidad<\/b>, aprender juntos y seguir impulsando el ecosistema tecnol\u00f3gico. Seguimos apostando por estar donde pasan las cosas, creciendo, sumando y construyendo futuro entre todos. \ud83e\udd29<\/p>\n<p><img loading=\"lazy\" decoding=\"async\" class=\"alignnone size-full wp-image-6116\" src=\"http:\/\/blogs.encamina.com\/encamina-se-mueve\/wp-content\/uploads\/sites\/4\/2026\/02\/1771693548861.jpeg\" alt=\"\" width=\"2048\" height=\"1536\" srcset=\"https:\/\/encaminablogs.wpenginepowered.com\/encamina-se-mueve\/wp-content\/uploads\/sites\/4\/2026\/02\/1771693548861.jpeg 2048w, https:\/\/encaminablogs.wpenginepowered.com\/encamina-se-mueve\/wp-content\/uploads\/sites\/4\/2026\/02\/1771693548861-300x225.jpeg 300w, https:\/\/encaminablogs.wpenginepowered.com\/encamina-se-mueve\/wp-content\/uploads\/sites\/4\/2026\/02\/1771693548861-1024x768.jpeg 1024w, https:\/\/encaminablogs.wpenginepowered.com\/encamina-se-mueve\/wp-content\/uploads\/sites\/4\/2026\/02\/1771693548861-768x576.jpeg 768w, https:\/\/encaminablogs.wpenginepowered.com\/encamina-se-mueve\/wp-content\/uploads\/sites\/4\/2026\/02\/1771693548861-1536x1152.jpeg 1536w, https:\/\/encaminablogs.wpenginepowered.com\/encamina-se-mueve\/wp-content\/uploads\/sites\/4\/2026\/02\/1771693548861-610x458.jpeg 610w\" sizes=\"auto, (max-width: 2048px) 100vw, 2048px\" \/><\/p>\n<h6 style=\"text-align: center;\"><em><strong>Nuestros compis hablando en Barcelona<\/strong><\/em><\/h6>\n<!-- AddThis Advanced Settings generic via filter on the_content --><!-- AddThis Share Buttons generic via filter on the_content --><span class=\"et_bloom_bottom_trigger\"><\/span>","protected":false},"excerpt":{"rendered":"<p>En ENCAMINA vamos creciendo y multiplic\u00e1ndonos a\u00f1o tras a\u00f1o \ud83d\ude09, y el 20 y 21 de febrero lo demostramos patrocinando dos eventos clave del sector tecnol\u00f3gico al mismo tiempo: el Global Power Platform Boot Camp 2026 en Barcelona y Valencia.\u00a0<!-- AddThis Advanced Settings generic via filter on get_the_excerpt --><!-- AddThis Share Buttons generic via filter on get_the_excerpt --><\/p>\n","protected":false},"author":225,"featured_media":6126,"comment_status":"closed","ping_status":"open","sticky":false,"template":"","format":"standard","meta":{"footnotes":""},"categories":[81,106],"tags":[],"class_list":["post-6081","post","type-post","status-publish","format-standard","has-post-thumbnail","hentry","category-evento","category-power-platform"],"yoast_head":"<!-- This site is optimized with the Yoast SEO Premium plugin v18.2.1 (Yoast SEO v27.3) - https:\/\/yoast.com\/product\/yoast-seo-premium-wordpress\/ -->\n<title>ENCAMINA se multiplica: dos eventos Power Platform un mismo d\u00eda | ENCAMINA se Mueve<\/title>\n<meta name=\"robots\" content=\"index, follow, max-snippet:-1, max-image-preview:large, max-video-preview:-1\" \/>\n<link rel=\"canonical\" href=\"https:\/\/blogs.encamina.com\/encamina-se-mueve\/power-platform-copilot-y-mucha-accion-nos-vemos-en-el-global-power-platform-bootcamp\/\" \/>\n<meta property=\"og:locale\" content=\"es_ES\" \/>\n<meta property=\"og:type\" content=\"article\" \/>\n<meta property=\"og:title\" content=\"ENCAMINA se multiplica: dos eventos Power Platform un mismo d\u00eda\" \/>\n<meta property=\"og:description\" content=\"En ENCAMINA vamos creciendo y multiplic\u00e1ndonos a\u00f1o tras a\u00f1o \ud83d\ude09, y el 20 y 21 de febrero lo demostramos patrocinando dos eventos clave del sector tecnol\u00f3gico al mismo tiempo: el Global Power Platform Boot Camp 2026 en Barcelona y Valencia.\u00a0\" \/>\n<meta property=\"og:url\" content=\"https:\/\/blogs.encamina.com\/encamina-se-mueve\/power-platform-copilot-y-mucha-accion-nos-vemos-en-el-global-power-platform-bootcamp\/\" \/>\n<meta property=\"og:site_name\" content=\"ENCAMINA se Mueve\" \/>\n<meta property=\"article:published_time\" content=\"2026-02-02T16:09:19+00:00\" \/>\n<meta property=\"article:modified_time\" content=\"2026-02-24T11:23:29+00:00\" \/>\n<meta property=\"og:image\" content=\"http:\/\/blogs.encamina.com\/encamina-se-mueve\/wp-content\/uploads\/sites\/4\/2026\/02\/Power-Platform-barna-y-valencia-8.jpg\" \/>\n\t<meta property=\"og:image:width\" content=\"1435\" \/>\n\t<meta property=\"og:image:height\" content=\"915\" \/>\n\t<meta property=\"og:image:type\" content=\"image\/jpeg\" \/>\n<meta name=\"author\" content=\"Aina Nicolau Palou\" \/>\n<meta name=\"twitter:card\" content=\"summary_large_image\" \/>\n<meta name=\"twitter:label1\" content=\"Escrito por\" \/>\n\t<meta name=\"twitter:data1\" content=\"Aina Nicolau Palou\" \/>\n\t<meta name=\"twitter:label2\" content=\"Tiempo de lectura\" \/>\n\t<meta name=\"twitter:data2\" content=\"2 minutos\" \/>\n<script type=\"application\/ld+json\" class=\"yoast-schema-graph\">{\"@context\":\"https:\\\/\\\/schema.org\",\"@graph\":[{\"@type\":\"Article\",\"@id\":\"https:\\\/\\\/blogs.encamina.com\\\/encamina-se-mueve\\\/power-platform-copilot-y-mucha-accion-nos-vemos-en-el-global-power-platform-bootcamp\\\/#article\",\"isPartOf\":{\"@id\":\"https:\\\/\\\/blogs.encamina.com\\\/encamina-se-mueve\\\/power-platform-copilot-y-mucha-accion-nos-vemos-en-el-global-power-platform-bootcamp\\\/\"},\"author\":{\"name\":\"Aina Nicolau Palou\",\"@id\":\"https:\\\/\\\/blogs.encamina.com\\\/encamina-se-mueve\\\/#\\\/schema\\\/person\\\/0606ba5c36040e67d98d912e6c5e4c7f\"},\"headline\":\"ENCAMINA se multiplica: dos eventos Power Platform un mismo d\u00eda\",\"datePublished\":\"2026-02-02T16:09:19+00:00\",\"dateModified\":\"2026-02-24T11:23:29+00:00\",\"mainEntityOfPage\":{\"@id\":\"https:\\\/\\\/blogs.encamina.com\\\/encamina-se-mueve\\\/power-platform-copilot-y-mucha-accion-nos-vemos-en-el-global-power-platform-bootcamp\\\/\"},\"wordCount\":171,\"publisher\":{\"@id\":\"https:\\\/\\\/blogs.encamina.com\\\/encamina-se-mueve\\\/#organization\"},\"image\":{\"@id\":\"https:\\\/\\\/blogs.encamina.com\\\/encamina-se-mueve\\\/power-platform-copilot-y-mucha-accion-nos-vemos-en-el-global-power-platform-bootcamp\\\/#primaryimage\"},\"thumbnailUrl\":\"https:\\\/\\\/blogs.encamina.com\\\/encamina-se-mueve\\\/wp-content\\\/uploads\\\/sites\\\/4\\\/2026\\\/02\\\/Power-Platform-barna-y-valencia-8.jpg\",\"articleSection\":[\"evento\",\"Power Platform\"],\"inLanguage\":\"es\"},{\"@type\":\"WebPage\",\"@id\":\"https:\\\/\\\/blogs.encamina.com\\\/encamina-se-mueve\\\/power-platform-copilot-y-mucha-accion-nos-vemos-en-el-global-power-platform-bootcamp\\\/\",\"url\":\"https:\\\/\\\/blogs.encamina.com\\\/encamina-se-mueve\\\/power-platform-copilot-y-mucha-accion-nos-vemos-en-el-global-power-platform-bootcamp\\\/\",\"name\":\"ENCAMINA se multiplica: dos eventos Power Platform un mismo d\u00eda | ENCAMINA se Mueve\",\"isPartOf\":{\"@id\":\"https:\\\/\\\/blogs.encamina.com\\\/encamina-se-mueve\\\/#website\"},\"primaryImageOfPage\":{\"@id\":\"https:\\\/\\\/blogs.encamina.com\\\/encamina-se-mueve\\\/power-platform-copilot-y-mucha-accion-nos-vemos-en-el-global-power-platform-bootcamp\\\/#primaryimage\"},\"image\":{\"@id\":\"https:\\\/\\\/blogs.encamina.com\\\/encamina-se-mueve\\\/power-platform-copilot-y-mucha-accion-nos-vemos-en-el-global-power-platform-bootcamp\\\/#primaryimage\"},\"thumbnailUrl\":\"https:\\\/\\\/blogs.encamina.com\\\/encamina-se-mueve\\\/wp-content\\\/uploads\\\/sites\\\/4\\\/2026\\\/02\\\/Power-Platform-barna-y-valencia-8.jpg\",\"datePublished\":\"2026-02-02T16:09:19+00:00\",\"dateModified\":\"2026-02-24T11:23:29+00:00\",\"inLanguage\":\"es\",\"potentialAction\":[{\"@type\":\"ReadAction\",\"target\":[\"https:\\\/\\\/blogs.encamina.com\\\/encamina-se-mueve\\\/power-platform-copilot-y-mucha-accion-nos-vemos-en-el-global-power-platform-bootcamp\\\/\"]}]},{\"@type\":\"ImageObject\",\"inLanguage\":\"es\",\"@id\":\"https:\\\/\\\/blogs.encamina.com\\\/encamina-se-mueve\\\/power-platform-copilot-y-mucha-accion-nos-vemos-en-el-global-power-platform-bootcamp\\\/#primaryimage\",\"url\":\"https:\\\/\\\/blogs.encamina.com\\\/encamina-se-mueve\\\/wp-content\\\/uploads\\\/sites\\\/4\\\/2026\\\/02\\\/Power-Platform-barna-y-valencia-8.jpg\",\"contentUrl\":\"https:\\\/\\\/blogs.encamina.com\\\/encamina-se-mueve\\\/wp-content\\\/uploads\\\/sites\\\/4\\\/2026\\\/02\\\/Power-Platform-barna-y-valencia-8.jpg\",\"width\":1435,\"height\":915},{\"@type\":\"WebSite\",\"@id\":\"https:\\\/\\\/blogs.encamina.com\\\/encamina-se-mueve\\\/#website\",\"url\":\"https:\\\/\\\/blogs.encamina.com\\\/encamina-se-mueve\\\/\",\"name\":\"ENCAMINA se Mueve\",\"description\":\"Todo lo que se cuece en nuestro equipo: formaciones, charlas, webcasts, talleres...\",\"publisher\":{\"@id\":\"https:\\\/\\\/blogs.encamina.com\\\/encamina-se-mueve\\\/#organization\"},\"potentialAction\":[{\"@type\":\"SearchAction\",\"target\":{\"@type\":\"EntryPoint\",\"urlTemplate\":\"https:\\\/\\\/blogs.encamina.com\\\/encamina-se-mueve\\\/?s={search_term_string}\"},\"query-input\":{\"@type\":\"PropertyValueSpecification\",\"valueRequired\":true,\"valueName\":\"search_term_string\"}}],\"inLanguage\":\"es\"},{\"@type\":\"Organization\",\"@id\":\"https:\\\/\\\/blogs.encamina.com\\\/encamina-se-mueve\\\/#organization\",\"name\":\"ENCAMINA\",\"url\":\"https:\\\/\\\/blogs.encamina.com\\\/encamina-se-mueve\\\/\",\"logo\":{\"@type\":\"ImageObject\",\"inLanguage\":\"es\",\"@id\":\"https:\\\/\\\/blogs.encamina.com\\\/encamina-se-mueve\\\/#\\\/schema\\\/logo\\\/image\\\/\",\"url\":\"https:\\\/\\\/blogs.encamina.com\\\/encamina-se-mueve\\\/wp-content\\\/uploads\\\/sites\\\/4\\\/2018\\\/10\\\/Logo_ENCAMINA_sin-claim.png\",\"contentUrl\":\"https:\\\/\\\/blogs.encamina.com\\\/encamina-se-mueve\\\/wp-content\\\/uploads\\\/sites\\\/4\\\/2018\\\/10\\\/Logo_ENCAMINA_sin-claim.png\",\"width\":409,\"height\":77,\"caption\":\"ENCAMINA\"},\"image\":{\"@id\":\"https:\\\/\\\/blogs.encamina.com\\\/encamina-se-mueve\\\/#\\\/schema\\\/logo\\\/image\\\/\"}},{\"@type\":\"Person\",\"@id\":\"https:\\\/\\\/blogs.encamina.com\\\/encamina-se-mueve\\\/#\\\/schema\\\/person\\\/0606ba5c36040e67d98d912e6c5e4c7f\",\"name\":\"Aina Nicolau Palou\",\"image\":{\"@type\":\"ImageObject\",\"inLanguage\":\"es\",\"@id\":\"https:\\\/\\\/secure.gravatar.com\\\/avatar\\\/a2f7292dd1ffed2c2d684cc88072b1d9423fcd2bd5255533baf5b10d146b44a2?s=96&d=mm&r=g\",\"url\":\"https:\\\/\\\/secure.gravatar.com\\\/avatar\\\/a2f7292dd1ffed2c2d684cc88072b1d9423fcd2bd5255533baf5b10d146b44a2?s=96&d=mm&r=g\",\"contentUrl\":\"https:\\\/\\\/secure.gravatar.com\\\/avatar\\\/a2f7292dd1ffed2c2d684cc88072b1d9423fcd2bd5255533baf5b10d146b44a2?s=96&d=mm&r=g\",\"caption\":\"Aina Nicolau Palou\"},\"description\":\"Formo parte del super equipo de Marketing de ENCAMINA. Me encargo de apoyar a mis compis en todo lo que necesiten, gestionar las redes sociales, editar v\u00eddeos y echar una mano en los eventos cuando hace falta. Me gusta aportar mi granito de arena para que todo lo que hagamos sea diferente y aportemos frescura al sector.\ud83d\udc99\",\"url\":\"https:\\\/\\\/blogs.encamina.com\\\/encamina-se-mueve\\\/author\\\/anicolau\\\/\"}]}<\/script>\n<!-- \/ Yoast SEO Premium plugin. -->","yoast_head_json":{"title":"ENCAMINA se multiplica: dos eventos Power Platform un mismo d\u00eda | ENCAMINA se Mueve","robots":{"index":"index","follow":"follow","max-snippet":"max-snippet:-1","max-image-preview":"max-image-preview:large","max-video-preview":"max-video-preview:-1"},"canonical":"https:\/\/blogs.encamina.com\/encamina-se-mueve\/power-platform-copilot-y-mucha-accion-nos-vemos-en-el-global-power-platform-bootcamp\/","og_locale":"es_ES","og_type":"article","og_title":"ENCAMINA se multiplica: dos eventos Power Platform un mismo d\u00eda","og_description":"En ENCAMINA vamos creciendo y multiplic\u00e1ndonos a\u00f1o tras a\u00f1o \ud83d\ude09, y el 20 y 21 de febrero lo demostramos patrocinando dos eventos clave del sector tecnol\u00f3gico al mismo tiempo: el Global Power Platform Boot Camp 2026 en Barcelona y Valencia.\u00a0","og_url":"https:\/\/blogs.encamina.com\/encamina-se-mueve\/power-platform-copilot-y-mucha-accion-nos-vemos-en-el-global-power-platform-bootcamp\/","og_site_name":"ENCAMINA se Mueve","article_published_time":"2026-02-02T16:09:19+00:00","article_modified_time":"2026-02-24T11:23:29+00:00","og_image":[{"width":1435,"height":915,"url":"http:\/\/blogs.encamina.com\/encamina-se-mueve\/wp-content\/uploads\/sites\/4\/2026\/02\/Power-Platform-barna-y-valencia-8.jpg","type":"image\/jpeg"}],"author":"Aina Nicolau Palou","twitter_card":"summary_large_image","twitter_misc":{"Escrito por":"Aina Nicolau Palou","Tiempo de lectura":"2 minutos"},"schema":{"@context":"https:\/\/schema.org","@graph":[{"@type":"Article","@id":"https:\/\/blogs.encamina.com\/encamina-se-mueve\/power-platform-copilot-y-mucha-accion-nos-vemos-en-el-global-power-platform-bootcamp\/#article","isPartOf":{"@id":"https:\/\/blogs.encamina.com\/encamina-se-mueve\/power-platform-copilot-y-mucha-accion-nos-vemos-en-el-global-power-platform-bootcamp\/"},"author":{"name":"Aina Nicolau Palou","@id":"https:\/\/blogs.encamina.com\/encamina-se-mueve\/#\/schema\/person\/0606ba5c36040e67d98d912e6c5e4c7f"},"headline":"ENCAMINA se multiplica: dos eventos Power Platform un mismo d\u00eda","datePublished":"2026-02-02T16:09:19+00:00","dateModified":"2026-02-24T11:23:29+00:00","mainEntityOfPage":{"@id":"https:\/\/blogs.encamina.com\/encamina-se-mueve\/power-platform-copilot-y-mucha-accion-nos-vemos-en-el-global-power-platform-bootcamp\/"},"wordCount":171,"publisher":{"@id":"https:\/\/blogs.encamina.com\/encamina-se-mueve\/#organization"},"image":{"@id":"https:\/\/blogs.encamina.com\/encamina-se-mueve\/power-platform-copilot-y-mucha-accion-nos-vemos-en-el-global-power-platform-bootcamp\/#primaryimage"},"thumbnailUrl":"https:\/\/blogs.encamina.com\/encamina-se-mueve\/wp-content\/uploads\/sites\/4\/2026\/02\/Power-Platform-barna-y-valencia-8.jpg","articleSection":["evento","Power Platform"],"inLanguage":"es"},{"@type":"WebPage","@id":"https:\/\/blogs.encamina.com\/encamina-se-mueve\/power-platform-copilot-y-mucha-accion-nos-vemos-en-el-global-power-platform-bootcamp\/","url":"https:\/\/blogs.encamina.com\/encamina-se-mueve\/power-platform-copilot-y-mucha-accion-nos-vemos-en-el-global-power-platform-bootcamp\/","name":"ENCAMINA se multiplica: dos eventos Power Platform un mismo d\u00eda | ENCAMINA se Mueve","isPartOf":{"@id":"https:\/\/blogs.encamina.com\/encamina-se-mueve\/#website"},"primaryImageOfPage":{"@id":"https:\/\/blogs.encamina.com\/encamina-se-mueve\/power-platform-copilot-y-mucha-accion-nos-vemos-en-el-global-power-platform-bootcamp\/#primaryimage"},"image":{"@id":"https:\/\/blogs.encamina.com\/encamina-se-mueve\/power-platform-copilot-y-mucha-accion-nos-vemos-en-el-global-power-platform-bootcamp\/#primaryimage"},"thumbnailUrl":"https:\/\/blogs.encamina.com\/encamina-se-mueve\/wp-content\/uploads\/sites\/4\/2026\/02\/Power-Platform-barna-y-valencia-8.jpg","datePublished":"2026-02-02T16:09:19+00:00","dateModified":"2026-02-24T11:23:29+00:00","inLanguage":"es","potentialAction":[{"@type":"ReadAction","target":["https:\/\/blogs.encamina.com\/encamina-se-mueve\/power-platform-copilot-y-mucha-accion-nos-vemos-en-el-global-power-platform-bootcamp\/"]}]},{"@type":"ImageObject","inLanguage":"es","@id":"https:\/\/blogs.encamina.com\/encamina-se-mueve\/power-platform-copilot-y-mucha-accion-nos-vemos-en-el-global-power-platform-bootcamp\/#primaryimage","url":"https:\/\/blogs.encamina.com\/encamina-se-mueve\/wp-content\/uploads\/sites\/4\/2026\/02\/Power-Platform-barna-y-valencia-8.jpg","contentUrl":"https:\/\/blogs.encamina.com\/encamina-se-mueve\/wp-content\/uploads\/sites\/4\/2026\/02\/Power-Platform-barna-y-valencia-8.jpg","width":1435,"height":915},{"@type":"WebSite","@id":"https:\/\/blogs.encamina.com\/encamina-se-mueve\/#website","url":"https:\/\/blogs.encamina.com\/encamina-se-mueve\/","name":"ENCAMINA se Mueve","description":"Todo lo que se cuece en nuestro equipo: formaciones, charlas, webcasts, talleres...","publisher":{"@id":"https:\/\/blogs.encamina.com\/encamina-se-mueve\/#organization"},"potentialAction":[{"@type":"SearchAction","target":{"@type":"EntryPoint","urlTemplate":"https:\/\/blogs.encamina.com\/encamina-se-mueve\/?s={search_term_string}"},"query-input":{"@type":"PropertyValueSpecification","valueRequired":true,"valueName":"search_term_string"}}],"inLanguage":"es"},{"@type":"Organization","@id":"https:\/\/blogs.encamina.com\/encamina-se-mueve\/#organization","name":"ENCAMINA","url":"https:\/\/blogs.encamina.com\/encamina-se-mueve\/","logo":{"@type":"ImageObject","inLanguage":"es","@id":"https:\/\/blogs.encamina.com\/encamina-se-mueve\/#\/schema\/logo\/image\/","url":"https:\/\/blogs.encamina.com\/encamina-se-mueve\/wp-content\/uploads\/sites\/4\/2018\/10\/Logo_ENCAMINA_sin-claim.png","contentUrl":"https:\/\/blogs.encamina.com\/encamina-se-mueve\/wp-content\/uploads\/sites\/4\/2018\/10\/Logo_ENCAMINA_sin-claim.png","width":409,"height":77,"caption":"ENCAMINA"},"image":{"@id":"https:\/\/blogs.encamina.com\/encamina-se-mueve\/#\/schema\/logo\/image\/"}},{"@type":"Person","@id":"https:\/\/blogs.encamina.com\/encamina-se-mueve\/#\/schema\/person\/0606ba5c36040e67d98d912e6c5e4c7f","name":"Aina Nicolau Palou","image":{"@type":"ImageObject","inLanguage":"es","@id":"https:\/\/secure.gravatar.com\/avatar\/a2f7292dd1ffed2c2d684cc88072b1d9423fcd2bd5255533baf5b10d146b44a2?s=96&d=mm&r=g","url":"https:\/\/secure.gravatar.com\/avatar\/a2f7292dd1ffed2c2d684cc88072b1d9423fcd2bd5255533baf5b10d146b44a2?s=96&d=mm&r=g","contentUrl":"https:\/\/secure.gravatar.com\/avatar\/a2f7292dd1ffed2c2d684cc88072b1d9423fcd2bd5255533baf5b10d146b44a2?s=96&d=mm&r=g","caption":"Aina Nicolau Palou"},"description":"Formo parte del super equipo de Marketing de ENCAMINA. Me encargo de apoyar a mis compis en todo lo que necesiten, gestionar las redes sociales, editar v\u00eddeos y echar una mano en los eventos cuando hace falta. Me gusta aportar mi granito de arena para que todo lo que hagamos sea diferente y aportemos frescura al sector.\ud83d\udc99","url":"https:\/\/blogs.encamina.com\/encamina-se-mueve\/author\/anicolau\/"}]}},"_links":{"self":[{"href":"https:\/\/blogs.encamina.com\/encamina-se-mueve\/wp-json\/wp\/v2\/posts\/6081","targetHints":{"allow":["GET"]}}],"collection":[{"href":"https:\/\/blogs.encamina.com\/encamina-se-mueve\/wp-json\/wp\/v2\/posts"}],"about":[{"href":"https:\/\/blogs.encamina.com\/encamina-se-mueve\/wp-json\/wp\/v2\/types\/post"}],"author":[{"embeddable":true,"href":"https:\/\/blogs.encamina.com\/encamina-se-mueve\/wp-json\/wp\/v2\/users\/225"}],"replies":[{"embeddable":true,"href":"https:\/\/blogs.encamina.com\/encamina-se-mueve\/wp-json\/wp\/v2\/comments?post=6081"}],"version-history":[{"count":0,"href":"https:\/\/blogs.encamina.com\/encamina-se-mueve\/wp-json\/wp\/v2\/posts\/6081\/revisions"}],"wp:featuredmedia":[{"embeddable":true,"href":"https:\/\/blogs.encamina.com\/encamina-se-mueve\/wp-json\/wp\/v2\/media\/6126"}],"wp:attachment":[{"href":"https:\/\/blogs.encamina.com\/encamina-se-mueve\/wp-json\/wp\/v2\/media?parent=6081"}],"wp:term":[{"taxonomy":"category","embeddable":true,"href":"https:\/\/blogs.encamina.com\/encamina-se-mueve\/wp-json\/wp\/v2\/categories?post=6081"},{"taxonomy":"post_tag","embeddable":true,"href":"https:\/\/blogs.encamina.com\/encamina-se-mueve\/wp-json\/wp\/v2\/tags?post=6081"}],"curies":[{"name":"wp","href":"https:\/\/api.w.org\/{rel}","templated":true}]}}