{"id":5971,"date":"2025-05-30T11:01:09","date_gmt":"2025-05-30T10:01:09","guid":{"rendered":"https:\/\/blogs.encamina.com\/encamina-se-mueve\/?p=5971"},"modified":"2025-06-17T05:53:40","modified_gmt":"2025-06-17T04:53:40","slug":"lanzamos-ia-talent-nuestra-nueva-unidad-de-negocio-para-proyectos","status":"publish","type":"post","link":"https:\/\/blogs.encamina.com\/encamina-se-mueve\/lanzamos-ia-talent-nuestra-nueva-unidad-de-negocio-para-proyectos\/","title":{"rendered":"Lanzamos IA Talent: nuestra nueva unidad de negocio con talento potenciado por IA"},"content":{"rendered":"<p data-start=\"251\" data-end=\"466\"><img loading=\"lazy\" decoding=\"async\" class=\"alignnone size-full wp-image-5973\" src=\"http:\/\/blogs.encamina.com\/encamina-se-mueve\/wp-content\/uploads\/sites\/4\/2025\/05\/IA-Talent-scaled.jpg\" alt=\"\" width=\"2560\" height=\"1706\" srcset=\"https:\/\/encaminablogs.wpenginepowered.com\/encamina-se-mueve\/wp-content\/uploads\/sites\/4\/2025\/05\/IA-Talent-scaled.jpg 2560w, https:\/\/encaminablogs.wpenginepowered.com\/encamina-se-mueve\/wp-content\/uploads\/sites\/4\/2025\/05\/IA-Talent-300x200.jpg 300w, https:\/\/encaminablogs.wpenginepowered.com\/encamina-se-mueve\/wp-content\/uploads\/sites\/4\/2025\/05\/IA-Talent-1024x683.jpg 1024w, https:\/\/encaminablogs.wpenginepowered.com\/encamina-se-mueve\/wp-content\/uploads\/sites\/4\/2025\/05\/IA-Talent-768x512.jpg 768w, https:\/\/encaminablogs.wpenginepowered.com\/encamina-se-mueve\/wp-content\/uploads\/sites\/4\/2025\/05\/IA-Talent-1536x1024.jpg 1536w, https:\/\/encaminablogs.wpenginepowered.com\/encamina-se-mueve\/wp-content\/uploads\/sites\/4\/2025\/05\/IA-Talent-2048x1365.jpg 2048w, https:\/\/encaminablogs.wpenginepowered.com\/encamina-se-mueve\/wp-content\/uploads\/sites\/4\/2025\/05\/IA-Talent-610x407.jpg 610w\" sizes=\"auto, (max-width: 2560px) 100vw, 2560px\" \/><\/p>\n<p data-start=\"251\" data-end=\"466\">En ENCAMINA nos gusta anticiparnos, evolucionar, estar donde est\u00e1 el futuro (y si puede ser, un poquito antes \ud83d\ude05). Por eso nos hemos metido en un\u00a0 l\u00edo nuevo que nos encanta. Una nueva unidad de negocio destinada a <strong>acompa\u00f1ar a nuestros clientes en sus proyectos<\/strong> con el mejor talento y las mejores herramientas de IA para ayudarles a alcanzar el \u00e9xito y ser m\u00e1s eficientes. Te presentamos <strong data-start=\"483\" data-end=\"496\">IA Talent.<\/strong><\/p>\n<p data-start=\"251\" data-end=\"466\"><!--more--><\/p>\n<h2 data-start=\"630\" data-end=\"651\">\u00bfQu\u00e9 es IA Talent?<\/h2>\n<p data-start=\"653\" data-end=\"1015\">IA Talent nace con un prop\u00f3sito muy claro: Acompa\u00f1ar a nuestros clientes en sus proyectos, proporcion\u00e1ndoles consultores expertos en las herramientas m\u00e1s potentes de Ag\u00e9ntica e Inteligencia Artificial para cada \u00e1rea de especializaci\u00f3n de ENCAMINA.<\/p>\n<p data-start=\"1182\" data-end=\"1226\">Y \u00bfpor qu\u00e9 es importante esta nueva unidad? Porque el contexto cambia, los proyectos evolucionan, y esta es nuestra forma de dar a nuestros clientes una respuesta \u00e1gil, escalable y eficaz para que no les falte el mejor talento en el momento justo.<\/p>\n<p>Los 5 pilares en los que se apoyan los servicios IA Talent son:<\/p>\n<ul>\n<li data-start=\"1916\" data-end=\"2725\"><strong data-start=\"1919\" data-end=\"1932\">Agilidad:<\/strong> Que nuestros clientes accedan al talento que necesitan sin perder tiempo. Nuestra experiencia en consultor\u00eda Microsoft nos permite mover las piezas clave de forma r\u00e1pida y eficaz.<\/li>\n<li data-start=\"1916\" data-end=\"2725\"><strong data-start=\"2096\" data-end=\"2118\">Eficiencia con IA:<\/strong> Nuestros consultores no solo saben, tambi\u00e9n saben hacerlo mejor. Est\u00e1n formados en el uso de herramientas IA que pueden reducir los tiempos de trabajo en m\u00e1s de un 20%.<\/li>\n<li data-start=\"1916\" data-end=\"2725\"><strong data-start=\"2293\" data-end=\"2313\">Especializaci\u00f3n:<\/strong> Equipos certificados, expertos y con respaldo de 8 Microsoft MVPs. Vamos, que si de Microsoft se trata, sabemos lo que hacemos.<\/li>\n<li data-start=\"1916\" data-end=\"2725\"><strong data-start=\"2448\" data-end=\"2466\">Transparencia:<\/strong> Sin letra peque\u00f1a. Nuestros clientes saben qui\u00e9n se suma a su proyecto, qu\u00e9 hace, cu\u00e1nto cuesta y con qu\u00e9 dedicaci\u00f3n.<\/li>\n<li data-start=\"1916\" data-end=\"2725\"><strong data-start=\"2576\" data-end=\"2609\">Escalabilidad y flexibilidad:<\/strong> Ajustamos los recursos seg\u00fan necesidades, pues\u00a0 sabemos que el ritmo de los negocios no siempre es predecible.<\/li>\n<\/ul>\n<h2 data-start=\"2727\" data-end=\"2743\">\u00bfY ahora qu\u00e9?<\/h2>\n<p>Con nuestra nueva unidad de negocio <strong>Servicios\u00a0IA Talent,<\/strong> estamos listos para marcar la diferencia y hacer que nuestras innovaciones se conviertan en resultados reales para nuestros clientes \ud83d\ude4c\ud83c\udffb<\/p>\n<!-- AddThis Advanced Settings generic via filter on the_content --><!-- AddThis Share Buttons generic via filter on the_content --><span class=\"et_bloom_bottom_trigger\"><\/span>","protected":false},"excerpt":{"rendered":"<p>En ENCAMINA nos gusta anticiparnos, evolucionar, estar donde est\u00e1 el futuro (y si puede ser, un poquito antes \ud83d\ude05). Por eso nos hemos metido en un\u00a0 l\u00edo nuevo que nos encanta. Una nueva unidad de negocio destinada a acompa\u00f1ar a &hellip; <a href=\"https:\/\/blogs.encamina.com\/encamina-se-mueve\/lanzamos-ia-talent-nuestra-nueva-unidad-de-negocio-para-proyectos\/\">Continue reading <span class=\"meta-nav\">&rarr;<\/span><\/a><!-- AddThis Advanced Settings generic via filter on get_the_excerpt --><!-- AddThis Share Buttons generic via filter on get_the_excerpt --><\/p>\n","protected":false},"author":171,"featured_media":5973,"comment_status":"closed","ping_status":"open","sticky":false,"template":"","format":"standard","meta":{"footnotes":""},"categories":[94,107],"tags":[],"class_list":["post-5971","post","type-post","status-publish","format-standard","has-post-thumbnail","hentry","category-destacado","category-noticia"],"yoast_head":"<!-- This site is optimized with the Yoast SEO Premium plugin v18.2.1 (Yoast SEO v27.3) - https:\/\/yoast.com\/product\/yoast-seo-premium-wordpress\/ -->\n<title>Lanzamos IA Talent: nuestra nueva unidad de negocio con talento potenciado por IA | ENCAMINA<\/title>\n<meta name=\"robots\" content=\"index, follow, max-snippet:-1, max-image-preview:large, max-video-preview:-1\" \/>\n<link rel=\"canonical\" href=\"https:\/\/blogs.encamina.com\/encamina-se-mueve\/lanzamos-ia-talent-nuestra-nueva-unidad-de-negocio-para-proyectos\/\" \/>\n<meta property=\"og:locale\" content=\"es_ES\" \/>\n<meta property=\"og:type\" content=\"article\" \/>\n<meta property=\"og:title\" content=\"Lanzamos IA Talent: nuestra nueva unidad de negocio con talento potenciado por IA\" \/>\n<meta property=\"og:description\" content=\"En ENCAMINA nos gusta anticiparnos, evolucionar, estar donde est\u00e1 el futuro (y si puede ser, un poquito antes \ud83d\ude05). Por eso nos hemos metido en un\u00a0 l\u00edo nuevo que nos encanta. Una nueva unidad de negocio destinada a acompa\u00f1ar a &hellip; Continue reading &rarr;\" \/>\n<meta property=\"og:url\" content=\"https:\/\/blogs.encamina.com\/encamina-se-mueve\/lanzamos-ia-talent-nuestra-nueva-unidad-de-negocio-para-proyectos\/\" \/>\n<meta property=\"og:site_name\" content=\"ENCAMINA se Mueve\" \/>\n<meta property=\"article:published_time\" content=\"2025-05-30T10:01:09+00:00\" \/>\n<meta property=\"article:modified_time\" content=\"2025-06-17T04:53:40+00:00\" \/>\n<meta property=\"og:image\" content=\"http:\/\/blogs.encamina.com\/encamina-se-mueve\/wp-content\/uploads\/sites\/4\/2025\/05\/IA-Talent-scaled.jpg\" \/>\n\t<meta property=\"og:image:width\" content=\"2560\" \/>\n\t<meta property=\"og:image:height\" content=\"1706\" \/>\n\t<meta property=\"og:image:type\" content=\"image\/jpeg\" \/>\n<meta name=\"author\" content=\"Laura Blanch\" \/>\n<meta name=\"twitter:card\" content=\"summary_large_image\" \/>\n<meta name=\"twitter:label1\" content=\"Escrito por\" \/>\n\t<meta name=\"twitter:data1\" content=\"Laura Blanch\" \/>\n\t<meta name=\"twitter:label2\" content=\"Tiempo de lectura\" \/>\n\t<meta name=\"twitter:data2\" content=\"2 minutos\" \/>\n<script type=\"application\/ld+json\" class=\"yoast-schema-graph\">{\"@context\":\"https:\\\/\\\/schema.org\",\"@graph\":[{\"@type\":\"Article\",\"@id\":\"https:\\\/\\\/blogs.encamina.com\\\/encamina-se-mueve\\\/lanzamos-ia-talent-nuestra-nueva-unidad-de-negocio-para-proyectos\\\/#article\",\"isPartOf\":{\"@id\":\"https:\\\/\\\/blogs.encamina.com\\\/encamina-se-mueve\\\/lanzamos-ia-talent-nuestra-nueva-unidad-de-negocio-para-proyectos\\\/\"},\"author\":{\"name\":\"Laura Blanch\",\"@id\":\"https:\\\/\\\/blogs.encamina.com\\\/encamina-se-mueve\\\/#\\\/schema\\\/person\\\/49aedd5048203fe71d48ef3101fc351b\"},\"headline\":\"Lanzamos IA Talent: nuestra nueva unidad de negocio con talento potenciado por IA\",\"datePublished\":\"2025-05-30T10:01:09+00:00\",\"dateModified\":\"2025-06-17T04:53:40+00:00\",\"mainEntityOfPage\":{\"@id\":\"https:\\\/\\\/blogs.encamina.com\\\/encamina-se-mueve\\\/lanzamos-ia-talent-nuestra-nueva-unidad-de-negocio-para-proyectos\\\/\"},\"wordCount\":347,\"publisher\":{\"@id\":\"https:\\\/\\\/blogs.encamina.com\\\/encamina-se-mueve\\\/#organization\"},\"image\":{\"@id\":\"https:\\\/\\\/blogs.encamina.com\\\/encamina-se-mueve\\\/lanzamos-ia-talent-nuestra-nueva-unidad-de-negocio-para-proyectos\\\/#primaryimage\"},\"thumbnailUrl\":\"https:\\\/\\\/blogs.encamina.com\\\/encamina-se-mueve\\\/wp-content\\\/uploads\\\/sites\\\/4\\\/2025\\\/05\\\/IA-Talent-scaled.jpg\",\"articleSection\":[\"Destacado\",\"Noticia\"],\"inLanguage\":\"es\"},{\"@type\":\"WebPage\",\"@id\":\"https:\\\/\\\/blogs.encamina.com\\\/encamina-se-mueve\\\/lanzamos-ia-talent-nuestra-nueva-unidad-de-negocio-para-proyectos\\\/\",\"url\":\"https:\\\/\\\/blogs.encamina.com\\\/encamina-se-mueve\\\/lanzamos-ia-talent-nuestra-nueva-unidad-de-negocio-para-proyectos\\\/\",\"name\":\"Lanzamos IA Talent: nuestra nueva unidad de negocio con talento potenciado por IA | ENCAMINA\",\"isPartOf\":{\"@id\":\"https:\\\/\\\/blogs.encamina.com\\\/encamina-se-mueve\\\/#website\"},\"primaryImageOfPage\":{\"@id\":\"https:\\\/\\\/blogs.encamina.com\\\/encamina-se-mueve\\\/lanzamos-ia-talent-nuestra-nueva-unidad-de-negocio-para-proyectos\\\/#primaryimage\"},\"image\":{\"@id\":\"https:\\\/\\\/blogs.encamina.com\\\/encamina-se-mueve\\\/lanzamos-ia-talent-nuestra-nueva-unidad-de-negocio-para-proyectos\\\/#primaryimage\"},\"thumbnailUrl\":\"https:\\\/\\\/blogs.encamina.com\\\/encamina-se-mueve\\\/wp-content\\\/uploads\\\/sites\\\/4\\\/2025\\\/05\\\/IA-Talent-scaled.jpg\",\"datePublished\":\"2025-05-30T10:01:09+00:00\",\"dateModified\":\"2025-06-17T04:53:40+00:00\",\"inLanguage\":\"es\",\"potentialAction\":[{\"@type\":\"ReadAction\",\"target\":[\"https:\\\/\\\/blogs.encamina.com\\\/encamina-se-mueve\\\/lanzamos-ia-talent-nuestra-nueva-unidad-de-negocio-para-proyectos\\\/\"]}]},{\"@type\":\"ImageObject\",\"inLanguage\":\"es\",\"@id\":\"https:\\\/\\\/blogs.encamina.com\\\/encamina-se-mueve\\\/lanzamos-ia-talent-nuestra-nueva-unidad-de-negocio-para-proyectos\\\/#primaryimage\",\"url\":\"https:\\\/\\\/blogs.encamina.com\\\/encamina-se-mueve\\\/wp-content\\\/uploads\\\/sites\\\/4\\\/2025\\\/05\\\/IA-Talent-scaled.jpg\",\"contentUrl\":\"https:\\\/\\\/blogs.encamina.com\\\/encamina-se-mueve\\\/wp-content\\\/uploads\\\/sites\\\/4\\\/2025\\\/05\\\/IA-Talent-scaled.jpg\",\"width\":2560,\"height\":1706},{\"@type\":\"WebSite\",\"@id\":\"https:\\\/\\\/blogs.encamina.com\\\/encamina-se-mueve\\\/#website\",\"url\":\"https:\\\/\\\/blogs.encamina.com\\\/encamina-se-mueve\\\/\",\"name\":\"ENCAMINA se Mueve\",\"description\":\"Todo lo que se cuece en nuestro equipo: formaciones, charlas, webcasts, talleres...\",\"publisher\":{\"@id\":\"https:\\\/\\\/blogs.encamina.com\\\/encamina-se-mueve\\\/#organization\"},\"potentialAction\":[{\"@type\":\"SearchAction\",\"target\":{\"@type\":\"EntryPoint\",\"urlTemplate\":\"https:\\\/\\\/blogs.encamina.com\\\/encamina-se-mueve\\\/?s={search_term_string}\"},\"query-input\":{\"@type\":\"PropertyValueSpecification\",\"valueRequired\":true,\"valueName\":\"search_term_string\"}}],\"inLanguage\":\"es\"},{\"@type\":\"Organization\",\"@id\":\"https:\\\/\\\/blogs.encamina.com\\\/encamina-se-mueve\\\/#organization\",\"name\":\"ENCAMINA\",\"url\":\"https:\\\/\\\/blogs.encamina.com\\\/encamina-se-mueve\\\/\",\"logo\":{\"@type\":\"ImageObject\",\"inLanguage\":\"es\",\"@id\":\"https:\\\/\\\/blogs.encamina.com\\\/encamina-se-mueve\\\/#\\\/schema\\\/logo\\\/image\\\/\",\"url\":\"https:\\\/\\\/blogs.encamina.com\\\/encamina-se-mueve\\\/wp-content\\\/uploads\\\/sites\\\/4\\\/2018\\\/10\\\/Logo_ENCAMINA_sin-claim.png\",\"contentUrl\":\"https:\\\/\\\/blogs.encamina.com\\\/encamina-se-mueve\\\/wp-content\\\/uploads\\\/sites\\\/4\\\/2018\\\/10\\\/Logo_ENCAMINA_sin-claim.png\",\"width\":409,\"height\":77,\"caption\":\"ENCAMINA\"},\"image\":{\"@id\":\"https:\\\/\\\/blogs.encamina.com\\\/encamina-se-mueve\\\/#\\\/schema\\\/logo\\\/image\\\/\"}},{\"@type\":\"Person\",\"@id\":\"https:\\\/\\\/blogs.encamina.com\\\/encamina-se-mueve\\\/#\\\/schema\\\/person\\\/49aedd5048203fe71d48ef3101fc351b\",\"name\":\"Laura Blanch\",\"image\":{\"@type\":\"ImageObject\",\"inLanguage\":\"es\",\"@id\":\"https:\\\/\\\/secure.gravatar.com\\\/avatar\\\/e6a10cbfac4f98beaaade7277395365843c5c8ca6ad3668abb7321e6763eb7a0?s=96&d=mm&r=g\",\"url\":\"https:\\\/\\\/secure.gravatar.com\\\/avatar\\\/e6a10cbfac4f98beaaade7277395365843c5c8ca6ad3668abb7321e6763eb7a0?s=96&d=mm&r=g\",\"contentUrl\":\"https:\\\/\\\/secure.gravatar.com\\\/avatar\\\/e6a10cbfac4f98beaaade7277395365843c5c8ca6ad3668abb7321e6763eb7a0?s=96&d=mm&r=g\",\"caption\":\"Laura Blanch\"},\"description\":\"Formo parte del estupendo departamento de Marketing y Comunicaci\u00f3n de ENCAMINA \ud83d\ude42\",\"url\":\"https:\\\/\\\/blogs.encamina.com\\\/encamina-se-mueve\\\/author\\\/lblanch\\\/\"}]}<\/script>\n<!-- \/ Yoast SEO Premium plugin. -->","yoast_head_json":{"title":"Lanzamos IA Talent: nuestra nueva unidad de negocio con talento potenciado por IA | ENCAMINA","robots":{"index":"index","follow":"follow","max-snippet":"max-snippet:-1","max-image-preview":"max-image-preview:large","max-video-preview":"max-video-preview:-1"},"canonical":"https:\/\/blogs.encamina.com\/encamina-se-mueve\/lanzamos-ia-talent-nuestra-nueva-unidad-de-negocio-para-proyectos\/","og_locale":"es_ES","og_type":"article","og_title":"Lanzamos IA Talent: nuestra nueva unidad de negocio con talento potenciado por IA","og_description":"En ENCAMINA nos gusta anticiparnos, evolucionar, estar donde est\u00e1 el futuro (y si puede ser, un poquito antes \ud83d\ude05). Por eso nos hemos metido en un\u00a0 l\u00edo nuevo que nos encanta. Una nueva unidad de negocio destinada a acompa\u00f1ar a &hellip; Continue reading &rarr;","og_url":"https:\/\/blogs.encamina.com\/encamina-se-mueve\/lanzamos-ia-talent-nuestra-nueva-unidad-de-negocio-para-proyectos\/","og_site_name":"ENCAMINA se Mueve","article_published_time":"2025-05-30T10:01:09+00:00","article_modified_time":"2025-06-17T04:53:40+00:00","og_image":[{"width":2560,"height":1706,"url":"http:\/\/blogs.encamina.com\/encamina-se-mueve\/wp-content\/uploads\/sites\/4\/2025\/05\/IA-Talent-scaled.jpg","type":"image\/jpeg"}],"author":"Laura Blanch","twitter_card":"summary_large_image","twitter_misc":{"Escrito por":"Laura Blanch","Tiempo de lectura":"2 minutos"},"schema":{"@context":"https:\/\/schema.org","@graph":[{"@type":"Article","@id":"https:\/\/blogs.encamina.com\/encamina-se-mueve\/lanzamos-ia-talent-nuestra-nueva-unidad-de-negocio-para-proyectos\/#article","isPartOf":{"@id":"https:\/\/blogs.encamina.com\/encamina-se-mueve\/lanzamos-ia-talent-nuestra-nueva-unidad-de-negocio-para-proyectos\/"},"author":{"name":"Laura Blanch","@id":"https:\/\/blogs.encamina.com\/encamina-se-mueve\/#\/schema\/person\/49aedd5048203fe71d48ef3101fc351b"},"headline":"Lanzamos IA Talent: nuestra nueva unidad de negocio con talento potenciado por IA","datePublished":"2025-05-30T10:01:09+00:00","dateModified":"2025-06-17T04:53:40+00:00","mainEntityOfPage":{"@id":"https:\/\/blogs.encamina.com\/encamina-se-mueve\/lanzamos-ia-talent-nuestra-nueva-unidad-de-negocio-para-proyectos\/"},"wordCount":347,"publisher":{"@id":"https:\/\/blogs.encamina.com\/encamina-se-mueve\/#organization"},"image":{"@id":"https:\/\/blogs.encamina.com\/encamina-se-mueve\/lanzamos-ia-talent-nuestra-nueva-unidad-de-negocio-para-proyectos\/#primaryimage"},"thumbnailUrl":"https:\/\/blogs.encamina.com\/encamina-se-mueve\/wp-content\/uploads\/sites\/4\/2025\/05\/IA-Talent-scaled.jpg","articleSection":["Destacado","Noticia"],"inLanguage":"es"},{"@type":"WebPage","@id":"https:\/\/blogs.encamina.com\/encamina-se-mueve\/lanzamos-ia-talent-nuestra-nueva-unidad-de-negocio-para-proyectos\/","url":"https:\/\/blogs.encamina.com\/encamina-se-mueve\/lanzamos-ia-talent-nuestra-nueva-unidad-de-negocio-para-proyectos\/","name":"Lanzamos IA Talent: nuestra nueva unidad de negocio con talento potenciado por IA | ENCAMINA","isPartOf":{"@id":"https:\/\/blogs.encamina.com\/encamina-se-mueve\/#website"},"primaryImageOfPage":{"@id":"https:\/\/blogs.encamina.com\/encamina-se-mueve\/lanzamos-ia-talent-nuestra-nueva-unidad-de-negocio-para-proyectos\/#primaryimage"},"image":{"@id":"https:\/\/blogs.encamina.com\/encamina-se-mueve\/lanzamos-ia-talent-nuestra-nueva-unidad-de-negocio-para-proyectos\/#primaryimage"},"thumbnailUrl":"https:\/\/blogs.encamina.com\/encamina-se-mueve\/wp-content\/uploads\/sites\/4\/2025\/05\/IA-Talent-scaled.jpg","datePublished":"2025-05-30T10:01:09+00:00","dateModified":"2025-06-17T04:53:40+00:00","inLanguage":"es","potentialAction":[{"@type":"ReadAction","target":["https:\/\/blogs.encamina.com\/encamina-se-mueve\/lanzamos-ia-talent-nuestra-nueva-unidad-de-negocio-para-proyectos\/"]}]},{"@type":"ImageObject","inLanguage":"es","@id":"https:\/\/blogs.encamina.com\/encamina-se-mueve\/lanzamos-ia-talent-nuestra-nueva-unidad-de-negocio-para-proyectos\/#primaryimage","url":"https:\/\/blogs.encamina.com\/encamina-se-mueve\/wp-content\/uploads\/sites\/4\/2025\/05\/IA-Talent-scaled.jpg","contentUrl":"https:\/\/blogs.encamina.com\/encamina-se-mueve\/wp-content\/uploads\/sites\/4\/2025\/05\/IA-Talent-scaled.jpg","width":2560,"height":1706},{"@type":"WebSite","@id":"https:\/\/blogs.encamina.com\/encamina-se-mueve\/#website","url":"https:\/\/blogs.encamina.com\/encamina-se-mueve\/","name":"ENCAMINA se Mueve","description":"Todo lo que se cuece en nuestro equipo: formaciones, charlas, webcasts, talleres...","publisher":{"@id":"https:\/\/blogs.encamina.com\/encamina-se-mueve\/#organization"},"potentialAction":[{"@type":"SearchAction","target":{"@type":"EntryPoint","urlTemplate":"https:\/\/blogs.encamina.com\/encamina-se-mueve\/?s={search_term_string}"},"query-input":{"@type":"PropertyValueSpecification","valueRequired":true,"valueName":"search_term_string"}}],"inLanguage":"es"},{"@type":"Organization","@id":"https:\/\/blogs.encamina.com\/encamina-se-mueve\/#organization","name":"ENCAMINA","url":"https:\/\/blogs.encamina.com\/encamina-se-mueve\/","logo":{"@type":"ImageObject","inLanguage":"es","@id":"https:\/\/blogs.encamina.com\/encamina-se-mueve\/#\/schema\/logo\/image\/","url":"https:\/\/blogs.encamina.com\/encamina-se-mueve\/wp-content\/uploads\/sites\/4\/2018\/10\/Logo_ENCAMINA_sin-claim.png","contentUrl":"https:\/\/blogs.encamina.com\/encamina-se-mueve\/wp-content\/uploads\/sites\/4\/2018\/10\/Logo_ENCAMINA_sin-claim.png","width":409,"height":77,"caption":"ENCAMINA"},"image":{"@id":"https:\/\/blogs.encamina.com\/encamina-se-mueve\/#\/schema\/logo\/image\/"}},{"@type":"Person","@id":"https:\/\/blogs.encamina.com\/encamina-se-mueve\/#\/schema\/person\/49aedd5048203fe71d48ef3101fc351b","name":"Laura Blanch","image":{"@type":"ImageObject","inLanguage":"es","@id":"https:\/\/secure.gravatar.com\/avatar\/e6a10cbfac4f98beaaade7277395365843c5c8ca6ad3668abb7321e6763eb7a0?s=96&d=mm&r=g","url":"https:\/\/secure.gravatar.com\/avatar\/e6a10cbfac4f98beaaade7277395365843c5c8ca6ad3668abb7321e6763eb7a0?s=96&d=mm&r=g","contentUrl":"https:\/\/secure.gravatar.com\/avatar\/e6a10cbfac4f98beaaade7277395365843c5c8ca6ad3668abb7321e6763eb7a0?s=96&d=mm&r=g","caption":"Laura Blanch"},"description":"Formo parte del estupendo departamento de Marketing y Comunicaci\u00f3n de ENCAMINA \ud83d\ude42","url":"https:\/\/blogs.encamina.com\/encamina-se-mueve\/author\/lblanch\/"}]}},"_links":{"self":[{"href":"https:\/\/blogs.encamina.com\/encamina-se-mueve\/wp-json\/wp\/v2\/posts\/5971","targetHints":{"allow":["GET"]}}],"collection":[{"href":"https:\/\/blogs.encamina.com\/encamina-se-mueve\/wp-json\/wp\/v2\/posts"}],"about":[{"href":"https:\/\/blogs.encamina.com\/encamina-se-mueve\/wp-json\/wp\/v2\/types\/post"}],"author":[{"embeddable":true,"href":"https:\/\/blogs.encamina.com\/encamina-se-mueve\/wp-json\/wp\/v2\/users\/171"}],"replies":[{"embeddable":true,"href":"https:\/\/blogs.encamina.com\/encamina-se-mueve\/wp-json\/wp\/v2\/comments?post=5971"}],"version-history":[{"count":0,"href":"https:\/\/blogs.encamina.com\/encamina-se-mueve\/wp-json\/wp\/v2\/posts\/5971\/revisions"}],"wp:featuredmedia":[{"embeddable":true,"href":"https:\/\/blogs.encamina.com\/encamina-se-mueve\/wp-json\/wp\/v2\/media\/5973"}],"wp:attachment":[{"href":"https:\/\/blogs.encamina.com\/encamina-se-mueve\/wp-json\/wp\/v2\/media?parent=5971"}],"wp:term":[{"taxonomy":"category","embeddable":true,"href":"https:\/\/blogs.encamina.com\/encamina-se-mueve\/wp-json\/wp\/v2\/categories?post=5971"},{"taxonomy":"post_tag","embeddable":true,"href":"https:\/\/blogs.encamina.com\/encamina-se-mueve\/wp-json\/wp\/v2\/tags?post=5971"}],"curies":[{"name":"wp","href":"https:\/\/api.w.org\/{rel}","templated":true}]}}