{"id":5704,"date":"2024-10-23T12:17:43","date_gmt":"2024-10-23T11:17:43","guid":{"rendered":"https:\/\/blogs.encamina.com\/encamina-se-mueve\/?p=5704"},"modified":"2024-10-25T08:31:18","modified_gmt":"2024-10-25T07:31:18","slug":"ai-tour-2024-un-dia-de-innovacion-con-encamina-y-microsoft","status":"publish","type":"post","link":"https:\/\/blogs.encamina.com\/encamina-se-mueve\/ai-tour-2024-un-dia-de-innovacion-con-encamina-y-microsoft\/","title":{"rendered":"AI Tour 2024: Un d\u00eda de innovaci\u00f3n con ENCAMINA y Microsoft"},"content":{"rendered":"<p><img loading=\"lazy\" decoding=\"async\" class=\"alignnone size-full wp-image-5718\" src=\"http:\/\/blogs.encamina.com\/encamina-se-mueve\/wp-content\/uploads\/sites\/4\/2024\/10\/Neutral-Autumn-Collage-Moodboard-Instagram-Story.png\" alt=\"\" width=\"1920\" height=\"1080\" srcset=\"https:\/\/encaminablogs.wpenginepowered.com\/encamina-se-mueve\/wp-content\/uploads\/sites\/4\/2024\/10\/Neutral-Autumn-Collage-Moodboard-Instagram-Story.png 1920w, https:\/\/encaminablogs.wpenginepowered.com\/encamina-se-mueve\/wp-content\/uploads\/sites\/4\/2024\/10\/Neutral-Autumn-Collage-Moodboard-Instagram-Story-300x169.png 300w, https:\/\/encaminablogs.wpenginepowered.com\/encamina-se-mueve\/wp-content\/uploads\/sites\/4\/2024\/10\/Neutral-Autumn-Collage-Moodboard-Instagram-Story-1024x576.png 1024w, https:\/\/encaminablogs.wpenginepowered.com\/encamina-se-mueve\/wp-content\/uploads\/sites\/4\/2024\/10\/Neutral-Autumn-Collage-Moodboard-Instagram-Story-768x432.png 768w, https:\/\/encaminablogs.wpenginepowered.com\/encamina-se-mueve\/wp-content\/uploads\/sites\/4\/2024\/10\/Neutral-Autumn-Collage-Moodboard-Instagram-Story-1536x864.png 1536w, https:\/\/encaminablogs.wpenginepowered.com\/encamina-se-mueve\/wp-content\/uploads\/sites\/4\/2024\/10\/Neutral-Autumn-Collage-Moodboard-Instagram-Story-610x343.png 610w\" sizes=\"auto, (max-width: 1920px) 100vw, 1920px\" \/>\u00a1Un gran paso para la innovaci\u00f3n gracias el<strong> AI Tour 2024 de Microsoft<\/strong>! Estuvimos en el lugar perfecto para captar la atenci\u00f3n de los <strong>1500 asistentes que se dieron cita ayer en Kineopolis<\/strong>. Desde el\u00a0 caf\u00e9 a las 8 de la ma\u00f1ana hasta las presentaciones y el networking, cada momento fue una oportunidad para brillar por parte de nuestro equipo.<\/p>\n<p><!--more--><\/p>\n<p>Los asistentes se acercaron a nuestro stand para preguntar sobre nuestro <strong>proyecto GADA-i,<\/strong> una plataforma de gesti\u00f3n de archivos innovadora que ayuda a las empresas a automatizar y modernizar sus procesos de datos de una manera eficiente y segura. \u00bfCurioso por saber m\u00e1s? Puedes visitar nuestro sitio web para obtener m\u00e1s informaci\u00f3n: <a href=\"https:\/\/www.gada-i.com\/\">GADA-i: Gestor Documental Con Inteligencia Artificial<\/a><\/p>\n<p><div id=\"attachment_5738\" style=\"width: 1322px\" class=\"wp-caption alignnone\"><img loading=\"lazy\" decoding=\"async\" aria-describedby=\"caption-attachment-5738\" class=\"size-full wp-image-5738\" src=\"http:\/\/blogs.encamina.com\/encamina-se-mueve\/wp-content\/uploads\/sites\/4\/2024\/10\/Captura-de-pantalla-2024-10-25-091329.png\" alt=\"\" width=\"1312\" height=\"985\" srcset=\"https:\/\/encaminablogs.wpenginepowered.com\/encamina-se-mueve\/wp-content\/uploads\/sites\/4\/2024\/10\/Captura-de-pantalla-2024-10-25-091329.png 1312w, https:\/\/encaminablogs.wpenginepowered.com\/encamina-se-mueve\/wp-content\/uploads\/sites\/4\/2024\/10\/Captura-de-pantalla-2024-10-25-091329-300x225.png 300w, https:\/\/encaminablogs.wpenginepowered.com\/encamina-se-mueve\/wp-content\/uploads\/sites\/4\/2024\/10\/Captura-de-pantalla-2024-10-25-091329-1024x769.png 1024w, https:\/\/encaminablogs.wpenginepowered.com\/encamina-se-mueve\/wp-content\/uploads\/sites\/4\/2024\/10\/Captura-de-pantalla-2024-10-25-091329-768x577.png 768w, https:\/\/encaminablogs.wpenginepowered.com\/encamina-se-mueve\/wp-content\/uploads\/sites\/4\/2024\/10\/Captura-de-pantalla-2024-10-25-091329-610x458.png 610w\" sizes=\"auto, (max-width: 1312px) 100vw, 1312px\" \/><p id=\"caption-attachment-5738\" class=\"wp-caption-text\">Nuestro equipo en el stand siempre listo para asistir a los participantes<\/p><\/div><\/p>\n<p>Nuestro stand, al mando de Negocio y Marketing: Roberto Arribas, Toni Rein\u00f3n, Gabriel Gaspar, David Vidal, Borja Piris y Patricia Cabezas, fue un hervidero de actividad, y no podemos dejar de mencionar la visita de los clientes, proveedores, y grandes organizaciones para fortalecer nuestras relaciones profesionales. Adem\u00e1s, varios miembros del equipo de Microsoft, como <strong>Eduardo Corrochano<\/strong>, Azure Partner Solution Sales; <strong>Santiago Oller<\/strong>, Cloud Business Development Director; <strong>Francis Castilla<\/strong> Partner Technology Strategist; <strong>\u00d3scar Mozo<\/strong>, Business Apps Solution Sales Professional.<\/p>\n<p><div id=\"attachment_5739\" style=\"width: 2570px\" class=\"wp-caption alignnone\"><img loading=\"lazy\" decoding=\"async\" aria-describedby=\"caption-attachment-5739\" class=\"size-full wp-image-5739\" src=\"http:\/\/blogs.encamina.com\/encamina-se-mueve\/wp-content\/uploads\/sites\/4\/2024\/10\/6X0A2185-scaled.jpg\" alt=\"\" width=\"2560\" height=\"1707\" srcset=\"https:\/\/encaminablogs.wpenginepowered.com\/encamina-se-mueve\/wp-content\/uploads\/sites\/4\/2024\/10\/6X0A2185-scaled.jpg 2560w, https:\/\/encaminablogs.wpenginepowered.com\/encamina-se-mueve\/wp-content\/uploads\/sites\/4\/2024\/10\/6X0A2185-300x200.jpg 300w, https:\/\/encaminablogs.wpenginepowered.com\/encamina-se-mueve\/wp-content\/uploads\/sites\/4\/2024\/10\/6X0A2185-1024x683.jpg 1024w, https:\/\/encaminablogs.wpenginepowered.com\/encamina-se-mueve\/wp-content\/uploads\/sites\/4\/2024\/10\/6X0A2185-768x512.jpg 768w, https:\/\/encaminablogs.wpenginepowered.com\/encamina-se-mueve\/wp-content\/uploads\/sites\/4\/2024\/10\/6X0A2185-1536x1024.jpg 1536w, https:\/\/encaminablogs.wpenginepowered.com\/encamina-se-mueve\/wp-content\/uploads\/sites\/4\/2024\/10\/6X0A2185-2048x1365.jpg 2048w, https:\/\/encaminablogs.wpenginepowered.com\/encamina-se-mueve\/wp-content\/uploads\/sites\/4\/2024\/10\/6X0A2185-610x407.jpg 610w\" sizes=\"auto, (max-width: 2560px) 100vw, 2560px\" \/><p id=\"caption-attachment-5739\" class=\"wp-caption-text\">Asistentes en la charla inaugural del AI TOUR<\/p><\/div><\/p>\n<p>ENCAMINA estuvo presente en el AI Tour como <strong><a href=\"https:\/\/news.microsoft.com\/source\/emea\/features\/microsoft-crea-un-centro-de-innovacion-en-ia-responsable-para-ayudar-a-las-organizaciones-espanolas-en-el-despliegue-de-proyectos-de-inteligencia-artificial\/?lang=es\" target=\"_blank\" rel=\"noopener\">orgullosos miembros del RAIIC,<\/a> el Centro de Innovaci\u00f3n en IA Responsable<\/strong>. Estamos comprometidos en ayudar a las organizaciones espa\u00f1olas a desplegar proyectos de Inteligencia Artificial de manera responsable y eficiente. Nuestra dedicaci\u00f3n a la \u00e9tica en IA no solo nos define, sino que tambi\u00e9n nos vali\u00f3 para obtener <a href=\"https:\/\/www.encamina.com\/partner-del-ano-por-partida-doble-mejor-partner-de-ia-etica-y-responsable-y-modern-work-%F0%9F%8F%86\/\" target=\"_blank\" rel=\"noopener\">el premio como partner del a\u00f1o en esa \u00e1rea<\/a>.<\/p>\n<p>El AI Tour no solo <strong>nos permiti\u00f3 mostrar nuestro compromiso, capacidad y producto<\/strong>, sino tambi\u00e9n aprender y mejorar. El AI Tour 2024 fue un evento muy positivo para nosotros, que nos permiti\u00f3 fortalecer nuestra presencia en el mundo de la inteligencia artificial, establecer conexiones clave y generar inter\u00e9s en nuestros productos. Estamos emocionados por las oportunidades que surgieron y comprometidos a seguir mejorando para futuros eventos. \u00a1Nos vemos en el pr\u00f3ximo evento!<\/p>\n<!-- AddThis Advanced Settings generic via filter on the_content --><!-- AddThis Share Buttons generic via filter on the_content --><span class=\"et_bloom_bottom_trigger\"><\/span>","protected":false},"excerpt":{"rendered":"<p>\u00a1Un gran paso para la innovaci\u00f3n gracias el AI Tour 2024 de Microsoft! Estuvimos en el lugar perfecto para captar la atenci\u00f3n de los 1500 asistentes que se dieron cita ayer en Kineopolis. Desde el\u00a0 caf\u00e9 a las 8 de &hellip; <a href=\"https:\/\/blogs.encamina.com\/encamina-se-mueve\/ai-tour-2024-un-dia-de-innovacion-con-encamina-y-microsoft\/\">Continue reading <span class=\"meta-nav\">&rarr;<\/span><\/a><!-- AddThis Advanced Settings generic via filter on get_the_excerpt --><!-- AddThis Share Buttons generic via filter on get_the_excerpt --><\/p>\n","protected":false},"author":222,"featured_media":0,"comment_status":"closed","ping_status":"open","sticky":false,"template":"","format":"standard","meta":{"footnotes":""},"categories":[113,64,119,65,81,4,182],"tags":[172,196,149,131,132,130,150],"class_list":["post-5704","post","type-post","status-publish","format-standard","hentry","category-ai","category-big-data","category-copilot","category-encamina","category-evento","category-general","category-ia","tag-ai","tag-ai-tour","tag-evento","tag-ia","tag-inteligencia-artificial","tag-kineopolis","tag-madrid"],"yoast_head":"<!-- This site is optimized with the Yoast SEO Premium plugin v18.2.1 (Yoast SEO v27.3) - https:\/\/yoast.com\/product\/yoast-seo-premium-wordpress\/ -->\n<title>AI Tour 2024: Un d\u00eda de innovaci\u00f3n con ENCAMINA y Microsoft | ENCAMINA se Mueve<\/title>\n<meta name=\"description\" content=\"Estuvimos en el lugar perfecto para captar la atenci\u00f3n de los 1500 asistentes que se dieron cita ayer en Kineopolis.\" \/>\n<meta name=\"robots\" content=\"index, follow, max-snippet:-1, max-image-preview:large, max-video-preview:-1\" \/>\n<link rel=\"canonical\" href=\"https:\/\/blogs.encamina.com\/encamina-se-mueve\/ai-tour-2024-un-dia-de-innovacion-con-encamina-y-microsoft\/\" \/>\n<meta property=\"og:locale\" content=\"es_ES\" \/>\n<meta property=\"og:type\" content=\"article\" \/>\n<meta property=\"og:title\" content=\"AI Tour 2024: Un d\u00eda de innovaci\u00f3n con ENCAMINA y Microsoft\" \/>\n<meta property=\"og:description\" content=\"Estuvimos en el lugar perfecto para captar la atenci\u00f3n de los 1500 asistentes que se dieron cita ayer en Kineopolis.\" \/>\n<meta property=\"og:url\" content=\"https:\/\/blogs.encamina.com\/encamina-se-mueve\/ai-tour-2024-un-dia-de-innovacion-con-encamina-y-microsoft\/\" \/>\n<meta property=\"og:site_name\" content=\"ENCAMINA se Mueve\" \/>\n<meta property=\"article:published_time\" content=\"2024-10-23T11:17:43+00:00\" \/>\n<meta property=\"article:modified_time\" content=\"2024-10-25T07:31:18+00:00\" \/>\n<meta property=\"og:image\" content=\"http:\/\/blogs.encamina.com\/encamina-se-mueve\/wp-content\/uploads\/sites\/4\/2024\/10\/Neutral-Autumn-Collage-Moodboard-Instagram-Story.png\" \/>\n<meta name=\"author\" content=\"Patricia Cabezas\" \/>\n<meta name=\"twitter:card\" content=\"summary_large_image\" \/>\n<meta name=\"twitter:label1\" content=\"Escrito por\" \/>\n\t<meta name=\"twitter:data1\" content=\"Patricia Cabezas\" \/>\n\t<meta name=\"twitter:label2\" content=\"Tiempo de lectura\" \/>\n\t<meta name=\"twitter:data2\" content=\"3 minutos\" \/>\n<script type=\"application\/ld+json\" class=\"yoast-schema-graph\">{\"@context\":\"https:\\\/\\\/schema.org\",\"@graph\":[{\"@type\":\"Article\",\"@id\":\"https:\\\/\\\/blogs.encamina.com\\\/encamina-se-mueve\\\/ai-tour-2024-un-dia-de-innovacion-con-encamina-y-microsoft\\\/#article\",\"isPartOf\":{\"@id\":\"https:\\\/\\\/blogs.encamina.com\\\/encamina-se-mueve\\\/ai-tour-2024-un-dia-de-innovacion-con-encamina-y-microsoft\\\/\"},\"author\":{\"name\":\"Patricia Cabezas\",\"@id\":\"https:\\\/\\\/blogs.encamina.com\\\/encamina-se-mueve\\\/#\\\/schema\\\/person\\\/87ed06b4636b718802fa0fa10c60457f\"},\"headline\":\"AI Tour 2024: Un d\u00eda de innovaci\u00f3n con ENCAMINA y Microsoft\",\"datePublished\":\"2024-10-23T11:17:43+00:00\",\"dateModified\":\"2024-10-25T07:31:18+00:00\",\"mainEntityOfPage\":{\"@id\":\"https:\\\/\\\/blogs.encamina.com\\\/encamina-se-mueve\\\/ai-tour-2024-un-dia-de-innovacion-con-encamina-y-microsoft\\\/\"},\"wordCount\":392,\"publisher\":{\"@id\":\"https:\\\/\\\/blogs.encamina.com\\\/encamina-se-mueve\\\/#organization\"},\"image\":{\"@id\":\"https:\\\/\\\/blogs.encamina.com\\\/encamina-se-mueve\\\/ai-tour-2024-un-dia-de-innovacion-con-encamina-y-microsoft\\\/#primaryimage\"},\"thumbnailUrl\":\"http:\\\/\\\/blogs.encamina.com\\\/encamina-se-mueve\\\/wp-content\\\/uploads\\\/sites\\\/4\\\/2024\\\/10\\\/Neutral-Autumn-Collage-Moodboard-Instagram-Story.png\",\"keywords\":[\"ai\",\"ai tour\",\"evento\",\"ia\",\"inteligencia artificial\",\"kineopolis\",\"madrid\"],\"articleSection\":[\"AI\",\"Big Data\",\"Copilot\",\"ENCAMINA\",\"evento\",\"general\",\"IA\"],\"inLanguage\":\"es\"},{\"@type\":\"WebPage\",\"@id\":\"https:\\\/\\\/blogs.encamina.com\\\/encamina-se-mueve\\\/ai-tour-2024-un-dia-de-innovacion-con-encamina-y-microsoft\\\/\",\"url\":\"https:\\\/\\\/blogs.encamina.com\\\/encamina-se-mueve\\\/ai-tour-2024-un-dia-de-innovacion-con-encamina-y-microsoft\\\/\",\"name\":\"AI Tour 2024: Un d\u00eda de innovaci\u00f3n con ENCAMINA y Microsoft | ENCAMINA se Mueve\",\"isPartOf\":{\"@id\":\"https:\\\/\\\/blogs.encamina.com\\\/encamina-se-mueve\\\/#website\"},\"primaryImageOfPage\":{\"@id\":\"https:\\\/\\\/blogs.encamina.com\\\/encamina-se-mueve\\\/ai-tour-2024-un-dia-de-innovacion-con-encamina-y-microsoft\\\/#primaryimage\"},\"image\":{\"@id\":\"https:\\\/\\\/blogs.encamina.com\\\/encamina-se-mueve\\\/ai-tour-2024-un-dia-de-innovacion-con-encamina-y-microsoft\\\/#primaryimage\"},\"thumbnailUrl\":\"http:\\\/\\\/blogs.encamina.com\\\/encamina-se-mueve\\\/wp-content\\\/uploads\\\/sites\\\/4\\\/2024\\\/10\\\/Neutral-Autumn-Collage-Moodboard-Instagram-Story.png\",\"datePublished\":\"2024-10-23T11:17:43+00:00\",\"dateModified\":\"2024-10-25T07:31:18+00:00\",\"description\":\"Estuvimos en el lugar perfecto para captar la atenci\u00f3n de los 1500 asistentes que se dieron cita ayer en Kineopolis.\",\"inLanguage\":\"es\",\"potentialAction\":[{\"@type\":\"ReadAction\",\"target\":[\"https:\\\/\\\/blogs.encamina.com\\\/encamina-se-mueve\\\/ai-tour-2024-un-dia-de-innovacion-con-encamina-y-microsoft\\\/\"]}]},{\"@type\":\"ImageObject\",\"inLanguage\":\"es\",\"@id\":\"https:\\\/\\\/blogs.encamina.com\\\/encamina-se-mueve\\\/ai-tour-2024-un-dia-de-innovacion-con-encamina-y-microsoft\\\/#primaryimage\",\"url\":\"https:\\\/\\\/blogs.encamina.com\\\/encamina-se-mueve\\\/wp-content\\\/uploads\\\/sites\\\/4\\\/2024\\\/10\\\/Neutral-Autumn-Collage-Moodboard-Instagram-Story.png\",\"contentUrl\":\"https:\\\/\\\/blogs.encamina.com\\\/encamina-se-mueve\\\/wp-content\\\/uploads\\\/sites\\\/4\\\/2024\\\/10\\\/Neutral-Autumn-Collage-Moodboard-Instagram-Story.png\",\"width\":1920,\"height\":1080},{\"@type\":\"WebSite\",\"@id\":\"https:\\\/\\\/blogs.encamina.com\\\/encamina-se-mueve\\\/#website\",\"url\":\"https:\\\/\\\/blogs.encamina.com\\\/encamina-se-mueve\\\/\",\"name\":\"ENCAMINA se Mueve\",\"description\":\"Todo lo que se cuece en nuestro equipo: formaciones, charlas, webcasts, talleres...\",\"publisher\":{\"@id\":\"https:\\\/\\\/blogs.encamina.com\\\/encamina-se-mueve\\\/#organization\"},\"potentialAction\":[{\"@type\":\"SearchAction\",\"target\":{\"@type\":\"EntryPoint\",\"urlTemplate\":\"https:\\\/\\\/blogs.encamina.com\\\/encamina-se-mueve\\\/?s={search_term_string}\"},\"query-input\":{\"@type\":\"PropertyValueSpecification\",\"valueRequired\":true,\"valueName\":\"search_term_string\"}}],\"inLanguage\":\"es\"},{\"@type\":\"Organization\",\"@id\":\"https:\\\/\\\/blogs.encamina.com\\\/encamina-se-mueve\\\/#organization\",\"name\":\"ENCAMINA\",\"url\":\"https:\\\/\\\/blogs.encamina.com\\\/encamina-se-mueve\\\/\",\"logo\":{\"@type\":\"ImageObject\",\"inLanguage\":\"es\",\"@id\":\"https:\\\/\\\/blogs.encamina.com\\\/encamina-se-mueve\\\/#\\\/schema\\\/logo\\\/image\\\/\",\"url\":\"https:\\\/\\\/blogs.encamina.com\\\/encamina-se-mueve\\\/wp-content\\\/uploads\\\/sites\\\/4\\\/2018\\\/10\\\/Logo_ENCAMINA_sin-claim.png\",\"contentUrl\":\"https:\\\/\\\/blogs.encamina.com\\\/encamina-se-mueve\\\/wp-content\\\/uploads\\\/sites\\\/4\\\/2018\\\/10\\\/Logo_ENCAMINA_sin-claim.png\",\"width\":409,\"height\":77,\"caption\":\"ENCAMINA\"},\"image\":{\"@id\":\"https:\\\/\\\/blogs.encamina.com\\\/encamina-se-mueve\\\/#\\\/schema\\\/logo\\\/image\\\/\"}},{\"@type\":\"Person\",\"@id\":\"https:\\\/\\\/blogs.encamina.com\\\/encamina-se-mueve\\\/#\\\/schema\\\/person\\\/87ed06b4636b718802fa0fa10c60457f\",\"name\":\"Patricia Cabezas\",\"image\":{\"@type\":\"ImageObject\",\"inLanguage\":\"es\",\"@id\":\"https:\\\/\\\/secure.gravatar.com\\\/avatar\\\/4d3c30d0b59887e14af0c25391ea036ac7b459f559ef19b6a1e8dec568c21cd8?s=96&d=mm&r=g\",\"url\":\"https:\\\/\\\/secure.gravatar.com\\\/avatar\\\/4d3c30d0b59887e14af0c25391ea036ac7b459f559ef19b6a1e8dec568c21cd8?s=96&d=mm&r=g\",\"contentUrl\":\"https:\\\/\\\/secure.gravatar.com\\\/avatar\\\/4d3c30d0b59887e14af0c25391ea036ac7b459f559ef19b6a1e8dec568c21cd8?s=96&d=mm&r=g\",\"caption\":\"Patricia Cabezas\"},\"description\":\"Publicista ordenando briefs y desordenando ideas en el departamento de Marketing de ENCAMINA. Generosa de sonrisas, amante de proyectos que conectan personas. Aventurera, feliz con vistas al horizonte.\",\"url\":\"https:\\\/\\\/blogs.encamina.com\\\/encamina-se-mueve\\\/author\\\/pcabezas\\\/\"}]}<\/script>\n<!-- \/ Yoast SEO Premium plugin. -->","yoast_head_json":{"title":"AI Tour 2024: Un d\u00eda de innovaci\u00f3n con ENCAMINA y Microsoft | ENCAMINA se Mueve","description":"Estuvimos en el lugar perfecto para captar la atenci\u00f3n de los 1500 asistentes que se dieron cita ayer en Kineopolis.","robots":{"index":"index","follow":"follow","max-snippet":"max-snippet:-1","max-image-preview":"max-image-preview:large","max-video-preview":"max-video-preview:-1"},"canonical":"https:\/\/blogs.encamina.com\/encamina-se-mueve\/ai-tour-2024-un-dia-de-innovacion-con-encamina-y-microsoft\/","og_locale":"es_ES","og_type":"article","og_title":"AI Tour 2024: Un d\u00eda de innovaci\u00f3n con ENCAMINA y Microsoft","og_description":"Estuvimos en el lugar perfecto para captar la atenci\u00f3n de los 1500 asistentes que se dieron cita ayer en Kineopolis.","og_url":"https:\/\/blogs.encamina.com\/encamina-se-mueve\/ai-tour-2024-un-dia-de-innovacion-con-encamina-y-microsoft\/","og_site_name":"ENCAMINA se Mueve","article_published_time":"2024-10-23T11:17:43+00:00","article_modified_time":"2024-10-25T07:31:18+00:00","og_image":[{"url":"http:\/\/blogs.encamina.com\/encamina-se-mueve\/wp-content\/uploads\/sites\/4\/2024\/10\/Neutral-Autumn-Collage-Moodboard-Instagram-Story.png","type":"","width":"","height":""}],"author":"Patricia Cabezas","twitter_card":"summary_large_image","twitter_misc":{"Escrito por":"Patricia Cabezas","Tiempo de lectura":"3 minutos"},"schema":{"@context":"https:\/\/schema.org","@graph":[{"@type":"Article","@id":"https:\/\/blogs.encamina.com\/encamina-se-mueve\/ai-tour-2024-un-dia-de-innovacion-con-encamina-y-microsoft\/#article","isPartOf":{"@id":"https:\/\/blogs.encamina.com\/encamina-se-mueve\/ai-tour-2024-un-dia-de-innovacion-con-encamina-y-microsoft\/"},"author":{"name":"Patricia Cabezas","@id":"https:\/\/blogs.encamina.com\/encamina-se-mueve\/#\/schema\/person\/87ed06b4636b718802fa0fa10c60457f"},"headline":"AI Tour 2024: Un d\u00eda de innovaci\u00f3n con ENCAMINA y Microsoft","datePublished":"2024-10-23T11:17:43+00:00","dateModified":"2024-10-25T07:31:18+00:00","mainEntityOfPage":{"@id":"https:\/\/blogs.encamina.com\/encamina-se-mueve\/ai-tour-2024-un-dia-de-innovacion-con-encamina-y-microsoft\/"},"wordCount":392,"publisher":{"@id":"https:\/\/blogs.encamina.com\/encamina-se-mueve\/#organization"},"image":{"@id":"https:\/\/blogs.encamina.com\/encamina-se-mueve\/ai-tour-2024-un-dia-de-innovacion-con-encamina-y-microsoft\/#primaryimage"},"thumbnailUrl":"http:\/\/blogs.encamina.com\/encamina-se-mueve\/wp-content\/uploads\/sites\/4\/2024\/10\/Neutral-Autumn-Collage-Moodboard-Instagram-Story.png","keywords":["ai","ai tour","evento","ia","inteligencia artificial","kineopolis","madrid"],"articleSection":["AI","Big Data","Copilot","ENCAMINA","evento","general","IA"],"inLanguage":"es"},{"@type":"WebPage","@id":"https:\/\/blogs.encamina.com\/encamina-se-mueve\/ai-tour-2024-un-dia-de-innovacion-con-encamina-y-microsoft\/","url":"https:\/\/blogs.encamina.com\/encamina-se-mueve\/ai-tour-2024-un-dia-de-innovacion-con-encamina-y-microsoft\/","name":"AI Tour 2024: Un d\u00eda de innovaci\u00f3n con ENCAMINA y Microsoft | ENCAMINA se Mueve","isPartOf":{"@id":"https:\/\/blogs.encamina.com\/encamina-se-mueve\/#website"},"primaryImageOfPage":{"@id":"https:\/\/blogs.encamina.com\/encamina-se-mueve\/ai-tour-2024-un-dia-de-innovacion-con-encamina-y-microsoft\/#primaryimage"},"image":{"@id":"https:\/\/blogs.encamina.com\/encamina-se-mueve\/ai-tour-2024-un-dia-de-innovacion-con-encamina-y-microsoft\/#primaryimage"},"thumbnailUrl":"http:\/\/blogs.encamina.com\/encamina-se-mueve\/wp-content\/uploads\/sites\/4\/2024\/10\/Neutral-Autumn-Collage-Moodboard-Instagram-Story.png","datePublished":"2024-10-23T11:17:43+00:00","dateModified":"2024-10-25T07:31:18+00:00","description":"Estuvimos en el lugar perfecto para captar la atenci\u00f3n de los 1500 asistentes que se dieron cita ayer en Kineopolis.","inLanguage":"es","potentialAction":[{"@type":"ReadAction","target":["https:\/\/blogs.encamina.com\/encamina-se-mueve\/ai-tour-2024-un-dia-de-innovacion-con-encamina-y-microsoft\/"]}]},{"@type":"ImageObject","inLanguage":"es","@id":"https:\/\/blogs.encamina.com\/encamina-se-mueve\/ai-tour-2024-un-dia-de-innovacion-con-encamina-y-microsoft\/#primaryimage","url":"https:\/\/blogs.encamina.com\/encamina-se-mueve\/wp-content\/uploads\/sites\/4\/2024\/10\/Neutral-Autumn-Collage-Moodboard-Instagram-Story.png","contentUrl":"https:\/\/blogs.encamina.com\/encamina-se-mueve\/wp-content\/uploads\/sites\/4\/2024\/10\/Neutral-Autumn-Collage-Moodboard-Instagram-Story.png","width":1920,"height":1080},{"@type":"WebSite","@id":"https:\/\/blogs.encamina.com\/encamina-se-mueve\/#website","url":"https:\/\/blogs.encamina.com\/encamina-se-mueve\/","name":"ENCAMINA se Mueve","description":"Todo lo que se cuece en nuestro equipo: formaciones, charlas, webcasts, talleres...","publisher":{"@id":"https:\/\/blogs.encamina.com\/encamina-se-mueve\/#organization"},"potentialAction":[{"@type":"SearchAction","target":{"@type":"EntryPoint","urlTemplate":"https:\/\/blogs.encamina.com\/encamina-se-mueve\/?s={search_term_string}"},"query-input":{"@type":"PropertyValueSpecification","valueRequired":true,"valueName":"search_term_string"}}],"inLanguage":"es"},{"@type":"Organization","@id":"https:\/\/blogs.encamina.com\/encamina-se-mueve\/#organization","name":"ENCAMINA","url":"https:\/\/blogs.encamina.com\/encamina-se-mueve\/","logo":{"@type":"ImageObject","inLanguage":"es","@id":"https:\/\/blogs.encamina.com\/encamina-se-mueve\/#\/schema\/logo\/image\/","url":"https:\/\/blogs.encamina.com\/encamina-se-mueve\/wp-content\/uploads\/sites\/4\/2018\/10\/Logo_ENCAMINA_sin-claim.png","contentUrl":"https:\/\/blogs.encamina.com\/encamina-se-mueve\/wp-content\/uploads\/sites\/4\/2018\/10\/Logo_ENCAMINA_sin-claim.png","width":409,"height":77,"caption":"ENCAMINA"},"image":{"@id":"https:\/\/blogs.encamina.com\/encamina-se-mueve\/#\/schema\/logo\/image\/"}},{"@type":"Person","@id":"https:\/\/blogs.encamina.com\/encamina-se-mueve\/#\/schema\/person\/87ed06b4636b718802fa0fa10c60457f","name":"Patricia Cabezas","image":{"@type":"ImageObject","inLanguage":"es","@id":"https:\/\/secure.gravatar.com\/avatar\/4d3c30d0b59887e14af0c25391ea036ac7b459f559ef19b6a1e8dec568c21cd8?s=96&d=mm&r=g","url":"https:\/\/secure.gravatar.com\/avatar\/4d3c30d0b59887e14af0c25391ea036ac7b459f559ef19b6a1e8dec568c21cd8?s=96&d=mm&r=g","contentUrl":"https:\/\/secure.gravatar.com\/avatar\/4d3c30d0b59887e14af0c25391ea036ac7b459f559ef19b6a1e8dec568c21cd8?s=96&d=mm&r=g","caption":"Patricia Cabezas"},"description":"Publicista ordenando briefs y desordenando ideas en el departamento de Marketing de ENCAMINA. Generosa de sonrisas, amante de proyectos que conectan personas. Aventurera, feliz con vistas al horizonte.","url":"https:\/\/blogs.encamina.com\/encamina-se-mueve\/author\/pcabezas\/"}]}},"_links":{"self":[{"href":"https:\/\/blogs.encamina.com\/encamina-se-mueve\/wp-json\/wp\/v2\/posts\/5704","targetHints":{"allow":["GET"]}}],"collection":[{"href":"https:\/\/blogs.encamina.com\/encamina-se-mueve\/wp-json\/wp\/v2\/posts"}],"about":[{"href":"https:\/\/blogs.encamina.com\/encamina-se-mueve\/wp-json\/wp\/v2\/types\/post"}],"author":[{"embeddable":true,"href":"https:\/\/blogs.encamina.com\/encamina-se-mueve\/wp-json\/wp\/v2\/users\/222"}],"replies":[{"embeddable":true,"href":"https:\/\/blogs.encamina.com\/encamina-se-mueve\/wp-json\/wp\/v2\/comments?post=5704"}],"version-history":[{"count":0,"href":"https:\/\/blogs.encamina.com\/encamina-se-mueve\/wp-json\/wp\/v2\/posts\/5704\/revisions"}],"wp:attachment":[{"href":"https:\/\/blogs.encamina.com\/encamina-se-mueve\/wp-json\/wp\/v2\/media?parent=5704"}],"wp:term":[{"taxonomy":"category","embeddable":true,"href":"https:\/\/blogs.encamina.com\/encamina-se-mueve\/wp-json\/wp\/v2\/categories?post=5704"},{"taxonomy":"post_tag","embeddable":true,"href":"https:\/\/blogs.encamina.com\/encamina-se-mueve\/wp-json\/wp\/v2\/tags?post=5704"}],"curies":[{"name":"wp","href":"https:\/\/api.w.org\/{rel}","templated":true}]}}