{"id":5672,"date":"2024-09-23T16:29:23","date_gmt":"2024-09-23T15:29:23","guid":{"rendered":"https:\/\/blogs.encamina.com\/encamina-se-mueve\/?p=5672"},"modified":"2024-10-10T16:30:06","modified_gmt":"2024-10-10T15:30:06","slug":"la-ia-en-el-lugar-de-trabajo-desafios-beneficios-y-recomendaciones","status":"publish","type":"post","link":"https:\/\/blogs.encamina.com\/encamina-se-mueve\/la-ia-en-el-lugar-de-trabajo-desafios-beneficios-y-recomendaciones\/","title":{"rendered":"La IA en el lugar de trabajo: desaf\u00edos, beneficios y recomendaciones"},"content":{"rendered":"<p><img loading=\"lazy\" decoding=\"async\" class=\"alignnone size-full wp-image-5673\" src=\"http:\/\/blogs.encamina.com\/encamina-se-mueve\/wp-content\/uploads\/sites\/4\/2024\/10\/Mesa-redonda-RRHH-ENCAMINA-Origen.jpg\" alt=\"\" width=\"871\" height=\"631\" srcset=\"https:\/\/encaminablogs.wpenginepowered.com\/encamina-se-mueve\/wp-content\/uploads\/sites\/4\/2024\/10\/Mesa-redonda-RRHH-ENCAMINA-Origen.jpg 871w, https:\/\/encaminablogs.wpenginepowered.com\/encamina-se-mueve\/wp-content\/uploads\/sites\/4\/2024\/10\/Mesa-redonda-RRHH-ENCAMINA-Origen-300x217.jpg 300w, https:\/\/encaminablogs.wpenginepowered.com\/encamina-se-mueve\/wp-content\/uploads\/sites\/4\/2024\/10\/Mesa-redonda-RRHH-ENCAMINA-Origen-768x556.jpg 768w, https:\/\/encaminablogs.wpenginepowered.com\/encamina-se-mueve\/wp-content\/uploads\/sites\/4\/2024\/10\/Mesa-redonda-RRHH-ENCAMINA-Origen-610x442.jpg 610w\" sizes=\"auto, (max-width: 871px) 100vw, 871px\" \/><\/p>\n<p><span class=\"TextRun SCXW95990496 BCX8\" lang=\"ES-ES\" xml:lang=\"ES-ES\" data-contrast=\"auto\"><span class=\"NormalTextRun SCXW95990496 BCX8\">El 23 de septiembre, se celebr\u00f3 una mesa de expertos en ENCAMINA Origen con el prop\u00f3sito de analizar el impacto de la tecnolog\u00eda, y en especial de la inteligencia artificial (IA), en la productividad y la experiencia de los empleados. La discusi\u00f3n abord\u00f3 temas como el cambio en los procesos de selecci\u00f3n, la resistencia al cambio, el impacto de la IA en las organizaciones y los retos \u00e9ticos asociados.<\/span><\/span><\/p>\n<p><!--more--><\/p>\n<p><span class=\"TextRun SCXW95990496 BCX8\" lang=\"ES-ES\" xml:lang=\"ES-ES\" data-contrast=\"auto\"><span class=\"NormalTextRun SCXW95990496 BCX8\">Con la participaci\u00f3n de <\/span><span class=\"NormalTextRun SCXW95990496 BCX8\">Cristina Pascual (HR Lead en ENCAMINA) como moderadora, <\/span><span class=\"NormalTextRun SCXW95990496 BCX8\">expertos como Pilar Ortiz (<\/span><\/span><span class=\"TextRun SCXW95990496 BCX8\" lang=\"ES-ES\" xml:lang=\"ES-ES\" data-contrast=\"auto\"><span class=\"NormalTextRun SCXW95990496 BCX8\">Directora de Talento<\/span><\/span><span class=\"TextRun SCXW95990496 BCX8\" lang=\"ES-ES\" xml:lang=\"ES-ES\" data-contrast=\"auto\"><span class=\"NormalTextRun SCXW95990496 BCX8\"> en <\/span><span class=\"NormalTextRun SCXW95990496 BCX8\">Grupo Gimeno), Rosal\u00eda Gim\u00e9nez (<\/span><span class=\"NormalTextRun SCXW95990496 BCX8\">Captaci\u00f3n y desarrollo del Talento en <\/span><span class=\"NormalTextRun SCXW95990496 BCX8\">Fermax), Ana S\u00e1nchez (<\/span><span class=\"NormalTextRun SCXW95990496 BCX8\">Directora del Departamento de Personas en <\/span><span class=\"NormalTextRun SCXW95990496 BCX8\">Factor Ingenier\u00eda), Victoria Villanueva (<\/span><span class=\"NormalTextRun SpellingErrorV2Themed SCXW95990496 BCX8\">Employment<\/span><span class=\"NormalTextRun SCXW95990496 BCX8\"> and <\/span><span class=\"NormalTextRun SpellingErrorV2Themed SCXW95990496 BCX8\">Labour<\/span> <span class=\"NormalTextRun SpellingErrorV2Themed SCXW95990496 BCX8\">Lawyer<\/span><span class=\"NormalTextRun SCXW95990496 BCX8\"> en <\/span><span class=\"NormalTextRun SCXW95990496 BCX8\">Abd\u00f3n Pedrajas | <\/span><span class=\"NormalTextRun SpellingErrorV2Themed SCXW95990496 BCX8\">Littler<\/span><span class=\"NormalTextRun SCXW95990496 BCX8\">) y Aittor Sobradelo (HR Business <\/span><span class=\"NormalTextRun SpellingErrorV2Themed SCXW95990496 BCX8\">Consultant<\/span><span class=\"NormalTextRun SCXW95990496 BCX8\"> Lead<\/span><span class=\"NormalTextRun SCXW95990496 BCX8\"> en ENCAMINA<\/span><span class=\"NormalTextRun SCXW95990496 BCX8\">), compartieron diversas perspectivas sobre c\u00f3mo la tecnolog\u00eda est\u00e1 transformando el mundo laboral<\/span><span class=\"NormalTextRun SCXW95990496 BCX8\">, y en particular el de las personas que trabajan con personas<\/span><span class=\"NormalTextRun SCXW95990496 BCX8\">.<\/span><\/span><span class=\"EOP SCXW95990496 BCX8\" data-ccp-props=\"{}\">\u00a0<\/span><\/p>\n<p>Tras el encuentro, una de las principales<span class=\"TextRun SCXW45379868 BCX8\" lang=\"ES-ES\" xml:lang=\"ES-ES\" data-contrast=\"auto\"><span class=\"NormalTextRun SCXW45379868 BCX8\"> conclusiones sobre la implementaci\u00f3n de la IA en el entorno laboral, es que implementarla con garant\u00edas de \u00e9xito presenta tanto desaf\u00edos como oportunidades, desde el punto de vista de <strong>formaci\u00f3n, liderazgo y \u00e9tica.<\/strong><\/span><\/span><strong><span class=\"EOP SCXW45379868 BCX8\" data-ccp-props=\"{}\">\u00a0<\/span><\/strong><\/p>\n<p>Estas son otras de las conclusiones a las que llegaron los expertos tras el encuentro.<\/p>\n<h2 aria-level=\"1\"><span data-contrast=\"none\">La IA como herramienta de apoyo<\/span><span data-ccp-props=\"{&quot;134245418&quot;:true,&quot;134245529&quot;:true,&quot;335559738&quot;:240,&quot;335559739&quot;:0}\">\u00a0<\/span><\/h2>\n<p><span data-contrast=\"auto\">La inteligencia artificial\u00a0 en el entorno laboral se presenta como una herramienta de apoyo, no de sustituci\u00f3n. Aunque la IA acelera procesos, no reemplaza la labor humana, subrayando la importancia de una adecuada comprensi\u00f3n de su alcance por parte de los profesionales de RRHH.<\/span><span data-ccp-props=\"{}\">\u00a0<\/span><\/p>\n<h2 aria-level=\"1\"><span data-contrast=\"none\">Beneficios de la IA<\/span><span data-ccp-props=\"{&quot;134245418&quot;:true,&quot;134245529&quot;:true,&quot;335559738&quot;:240,&quot;335559739&quot;:0}\">\u00a0<\/span><\/h2>\n<p><span data-contrast=\"auto\">Uno de los principales beneficios discutidos fue la capacidad de la IA para realizar an\u00e1lisis predictivos, como prever el absentismo y tomar medidas preventivas. Adem\u00e1s, se habl\u00f3 sobre c\u00f3mo la IA personalizada puede adaptarse a las necesidades espec\u00edficas de una empresa, facilitando el aprendizaje en el puesto de trabajo y fomentando el compromiso de los empleados.<\/span><span data-ccp-props=\"{}\">\u00a0<\/span><\/p>\n<h2 aria-level=\"1\"><span data-contrast=\"none\">Resistencia al Cambio<\/span><span data-ccp-props=\"{&quot;134245418&quot;:true,&quot;134245529&quot;:true,&quot;335559738&quot;:240,&quot;335559739&quot;:0}\">\u00a0<\/span><\/h2>\n<p><span data-contrast=\"auto\">Las organizaciones enfrentan resistencia al cambio tecnol\u00f3gico. Los expertos sugirieron que un liderazgo fuerte es clave para gestionar esta resistencia y mantener a los empleados conectados con la organizaci\u00f3n durante los procesos de transformaci\u00f3n.<\/span><span data-ccp-props=\"{}\">\u00a0<\/span><\/p>\n<h2 aria-level=\"1\"><span data-contrast=\"none\">Impacto variado de la IA<\/span><span data-ccp-props=\"{&quot;134245418&quot;:true,&quot;134245529&quot;:true,&quot;335559738&quot;:240,&quot;335559739&quot;:0}\">\u00a0<\/span><\/h2>\n<p><span data-contrast=\"auto\">El impacto de la IA var\u00eda seg\u00fan el sector. Mientras que en algunos sectores su adopci\u00f3n efectiva puede tardar a\u00f1os, en otros, como el industrial, la IA ya est\u00e1 asumiendo tareas operativas, generando una brecha en las habilidades necesarias.<\/span><span data-ccp-props=\"{}\">\u00a0<\/span><\/p>\n<h2 aria-level=\"1\"><span data-contrast=\"none\">Aspectos \u00e9ticos<\/span><span data-ccp-props=\"{&quot;134245418&quot;:true,&quot;134245529&quot;:true,&quot;335559738&quot;:240,&quot;335559739&quot;:0}\">\u00a0<\/span><\/h2>\n<p><span data-contrast=\"auto\">El uso \u00e9tico de la IA es crucial. Los invitados a la mesa destacaron la necesidad de aplicar pensamiento cr\u00edtico para evitar riesgos asociados al uso irresponsable de la IA.<\/span><span data-ccp-props=\"{}\">\u00a0<\/span><\/p>\n<h2 aria-level=\"1\"><span data-contrast=\"none\">Recomendaciones Clave<\/span><span data-ccp-props=\"{&quot;134245418&quot;:true,&quot;134245529&quot;:true,&quot;335559738&quot;:240,&quot;335559739&quot;:0}\">\u00a0<\/span><\/h2>\n<ul>\n<li data-leveltext=\"\uf0b7\" data-font=\"Symbol\" data-listid=\"3\" data-list-defn-props=\"{&quot;335552541&quot;:1,&quot;335559683&quot;:0,&quot;335559684&quot;:-2,&quot;335559685&quot;:720,&quot;335559991&quot;:360,&quot;469769226&quot;:&quot;Symbol&quot;,&quot;469769242&quot;:[8226],&quot;469777803&quot;:&quot;left&quot;,&quot;469777804&quot;:&quot;\uf0b7&quot;,&quot;469777815&quot;:&quot;hybridMultilevel&quot;}\" aria-setsize=\"-1\" data-aria-posinset=\"1\" data-aria-level=\"1\"><span data-contrast=\"auto\">Formaci\u00f3n continua: Capacitar a los empleados en habilidades tecnol\u00f3gicas y pensamiento cr\u00edtico.<\/span><span data-ccp-props=\"{}\">\u00a0<\/span><\/li>\n<\/ul>\n<ul>\n<li data-leveltext=\"\uf0b7\" data-font=\"Symbol\" data-listid=\"3\" data-list-defn-props=\"{&quot;335552541&quot;:1,&quot;335559683&quot;:0,&quot;335559684&quot;:-2,&quot;335559685&quot;:720,&quot;335559991&quot;:360,&quot;469769226&quot;:&quot;Symbol&quot;,&quot;469769242&quot;:[8226],&quot;469777803&quot;:&quot;left&quot;,&quot;469777804&quot;:&quot;\uf0b7&quot;,&quot;469777815&quot;:&quot;hybridMultilevel&quot;}\" aria-setsize=\"-1\" data-aria-posinset=\"2\" data-aria-level=\"1\"><span data-contrast=\"auto\">Liderazgo activo: Gestionar el cambio y crear una cultura organizacional s\u00f3lida.<\/span><span data-ccp-props=\"{}\">\u00a0<\/span><\/li>\n<\/ul>\n<ul>\n<li data-leveltext=\"\uf0b7\" data-font=\"Symbol\" data-listid=\"3\" data-list-defn-props=\"{&quot;335552541&quot;:1,&quot;335559683&quot;:0,&quot;335559684&quot;:-2,&quot;335559685&quot;:720,&quot;335559991&quot;:360,&quot;469769226&quot;:&quot;Symbol&quot;,&quot;469769242&quot;:[8226],&quot;469777803&quot;:&quot;left&quot;,&quot;469777804&quot;:&quot;\uf0b7&quot;,&quot;469777815&quot;:&quot;hybridMultilevel&quot;}\" aria-setsize=\"-1\" data-aria-posinset=\"3\" data-aria-level=\"1\"><span data-contrast=\"auto\">Adopci\u00f3n \u00e9tica de la IA: Establecer mapas de riesgos para un uso responsable de la IA.<\/span><span data-ccp-props=\"{}\">\u00a0<\/span><\/li>\n<\/ul>\n<ul>\n<li data-leveltext=\"\uf0b7\" data-font=\"Symbol\" data-listid=\"3\" data-list-defn-props=\"{&quot;335552541&quot;:1,&quot;335559683&quot;:0,&quot;335559684&quot;:-2,&quot;335559685&quot;:720,&quot;335559991&quot;:360,&quot;469769226&quot;:&quot;Symbol&quot;,&quot;469769242&quot;:[8226],&quot;469777803&quot;:&quot;left&quot;,&quot;469777804&quot;:&quot;\uf0b7&quot;,&quot;469777815&quot;:&quot;hybridMultilevel&quot;}\" aria-setsize=\"-1\" data-aria-posinset=\"4\" data-aria-level=\"1\"><span data-contrast=\"auto\">Personalizaci\u00f3n de la IA: Adaptar la IA a las necesidades espec\u00edficas de cada empresa.<\/span><span data-ccp-props=\"{}\">\u00a0<\/span><\/li>\n<\/ul>\n<!-- AddThis Advanced Settings generic via filter on the_content --><!-- AddThis Share Buttons generic via filter on the_content --><span class=\"et_bloom_bottom_trigger\"><\/span>","protected":false},"excerpt":{"rendered":"<p>El 23 de septiembre, se celebr\u00f3 una mesa de expertos en ENCAMINA Origen con el prop\u00f3sito de analizar el impacto de la tecnolog\u00eda, y en especial de la inteligencia artificial (IA), en la productividad y la experiencia de los empleados. &hellip; <a href=\"https:\/\/blogs.encamina.com\/encamina-se-mueve\/la-ia-en-el-lugar-de-trabajo-desafios-beneficios-y-recomendaciones\/\">Continue reading <span class=\"meta-nav\">&rarr;<\/span><\/a><!-- AddThis Advanced Settings generic via filter on get_the_excerpt --><!-- AddThis Share Buttons generic via filter on get_the_excerpt --><\/p>\n","protected":false},"author":171,"featured_media":5673,"comment_status":"closed","ping_status":"open","sticky":false,"template":"","format":"standard","meta":{"footnotes":""},"categories":[81,182],"tags":[],"class_list":["post-5672","post","type-post","status-publish","format-standard","has-post-thumbnail","hentry","category-evento","category-ia"],"yoast_head":"<!-- This site is optimized with the Yoast SEO Premium plugin v18.2.1 (Yoast SEO v27.3) - https:\/\/yoast.com\/product\/yoast-seo-premium-wordpress\/ -->\n<title>La IA en el lugar de trabajo: desaf\u00edos, beneficios y recomendaciones | ENCAMINA<\/title>\n<meta name=\"robots\" content=\"index, follow, max-snippet:-1, max-image-preview:large, max-video-preview:-1\" \/>\n<link rel=\"canonical\" href=\"https:\/\/blogs.encamina.com\/encamina-se-mueve\/la-ia-en-el-lugar-de-trabajo-desafios-beneficios-y-recomendaciones\/\" \/>\n<meta property=\"og:locale\" content=\"es_ES\" \/>\n<meta property=\"og:type\" content=\"article\" \/>\n<meta property=\"og:title\" content=\"La IA en el lugar de trabajo: desaf\u00edos, beneficios y recomendaciones\" \/>\n<meta property=\"og:description\" content=\"El 23 de septiembre, se celebr\u00f3 una mesa de expertos en ENCAMINA Origen con el prop\u00f3sito de analizar el impacto de la tecnolog\u00eda, y en especial de la inteligencia artificial (IA), en la productividad y la experiencia de los empleados. &hellip; Continue reading &rarr;\" \/>\n<meta property=\"og:url\" content=\"https:\/\/blogs.encamina.com\/encamina-se-mueve\/la-ia-en-el-lugar-de-trabajo-desafios-beneficios-y-recomendaciones\/\" \/>\n<meta property=\"og:site_name\" content=\"ENCAMINA se Mueve\" \/>\n<meta property=\"article:published_time\" content=\"2024-09-23T15:29:23+00:00\" \/>\n<meta property=\"article:modified_time\" content=\"2024-10-10T15:30:06+00:00\" \/>\n<meta property=\"og:image\" content=\"http:\/\/blogs.encamina.com\/encamina-se-mueve\/wp-content\/uploads\/sites\/4\/2024\/10\/Mesa-redonda-RRHH-ENCAMINA-Origen.jpg\" \/>\n\t<meta property=\"og:image:width\" content=\"871\" \/>\n\t<meta property=\"og:image:height\" content=\"631\" \/>\n\t<meta property=\"og:image:type\" content=\"image\/jpeg\" \/>\n<meta name=\"author\" content=\"Laura Blanch\" \/>\n<meta name=\"twitter:card\" content=\"summary_large_image\" \/>\n<meta name=\"twitter:label1\" content=\"Escrito por\" \/>\n\t<meta name=\"twitter:data1\" content=\"Laura Blanch\" \/>\n\t<meta name=\"twitter:label2\" content=\"Tiempo de lectura\" \/>\n\t<meta name=\"twitter:data2\" content=\"3 minutos\" \/>\n<script type=\"application\/ld+json\" class=\"yoast-schema-graph\">{\"@context\":\"https:\\\/\\\/schema.org\",\"@graph\":[{\"@type\":\"Article\",\"@id\":\"https:\\\/\\\/blogs.encamina.com\\\/encamina-se-mueve\\\/la-ia-en-el-lugar-de-trabajo-desafios-beneficios-y-recomendaciones\\\/#article\",\"isPartOf\":{\"@id\":\"https:\\\/\\\/blogs.encamina.com\\\/encamina-se-mueve\\\/la-ia-en-el-lugar-de-trabajo-desafios-beneficios-y-recomendaciones\\\/\"},\"author\":{\"name\":\"Laura Blanch\",\"@id\":\"https:\\\/\\\/blogs.encamina.com\\\/encamina-se-mueve\\\/#\\\/schema\\\/person\\\/49aedd5048203fe71d48ef3101fc351b\"},\"headline\":\"La IA en el lugar de trabajo: desaf\u00edos, beneficios y recomendaciones\",\"datePublished\":\"2024-09-23T15:29:23+00:00\",\"dateModified\":\"2024-10-10T15:30:06+00:00\",\"mainEntityOfPage\":{\"@id\":\"https:\\\/\\\/blogs.encamina.com\\\/encamina-se-mueve\\\/la-ia-en-el-lugar-de-trabajo-desafios-beneficios-y-recomendaciones\\\/\"},\"wordCount\":534,\"publisher\":{\"@id\":\"https:\\\/\\\/blogs.encamina.com\\\/encamina-se-mueve\\\/#organization\"},\"image\":{\"@id\":\"https:\\\/\\\/blogs.encamina.com\\\/encamina-se-mueve\\\/la-ia-en-el-lugar-de-trabajo-desafios-beneficios-y-recomendaciones\\\/#primaryimage\"},\"thumbnailUrl\":\"https:\\\/\\\/blogs.encamina.com\\\/encamina-se-mueve\\\/wp-content\\\/uploads\\\/sites\\\/4\\\/2024\\\/10\\\/Mesa-redonda-RRHH-ENCAMINA-Origen.jpg\",\"articleSection\":[\"evento\",\"IA\"],\"inLanguage\":\"es\"},{\"@type\":\"WebPage\",\"@id\":\"https:\\\/\\\/blogs.encamina.com\\\/encamina-se-mueve\\\/la-ia-en-el-lugar-de-trabajo-desafios-beneficios-y-recomendaciones\\\/\",\"url\":\"https:\\\/\\\/blogs.encamina.com\\\/encamina-se-mueve\\\/la-ia-en-el-lugar-de-trabajo-desafios-beneficios-y-recomendaciones\\\/\",\"name\":\"La IA en el lugar de trabajo: desaf\u00edos, beneficios y recomendaciones | ENCAMINA\",\"isPartOf\":{\"@id\":\"https:\\\/\\\/blogs.encamina.com\\\/encamina-se-mueve\\\/#website\"},\"primaryImageOfPage\":{\"@id\":\"https:\\\/\\\/blogs.encamina.com\\\/encamina-se-mueve\\\/la-ia-en-el-lugar-de-trabajo-desafios-beneficios-y-recomendaciones\\\/#primaryimage\"},\"image\":{\"@id\":\"https:\\\/\\\/blogs.encamina.com\\\/encamina-se-mueve\\\/la-ia-en-el-lugar-de-trabajo-desafios-beneficios-y-recomendaciones\\\/#primaryimage\"},\"thumbnailUrl\":\"https:\\\/\\\/blogs.encamina.com\\\/encamina-se-mueve\\\/wp-content\\\/uploads\\\/sites\\\/4\\\/2024\\\/10\\\/Mesa-redonda-RRHH-ENCAMINA-Origen.jpg\",\"datePublished\":\"2024-09-23T15:29:23+00:00\",\"dateModified\":\"2024-10-10T15:30:06+00:00\",\"inLanguage\":\"es\",\"potentialAction\":[{\"@type\":\"ReadAction\",\"target\":[\"https:\\\/\\\/blogs.encamina.com\\\/encamina-se-mueve\\\/la-ia-en-el-lugar-de-trabajo-desafios-beneficios-y-recomendaciones\\\/\"]}]},{\"@type\":\"ImageObject\",\"inLanguage\":\"es\",\"@id\":\"https:\\\/\\\/blogs.encamina.com\\\/encamina-se-mueve\\\/la-ia-en-el-lugar-de-trabajo-desafios-beneficios-y-recomendaciones\\\/#primaryimage\",\"url\":\"https:\\\/\\\/blogs.encamina.com\\\/encamina-se-mueve\\\/wp-content\\\/uploads\\\/sites\\\/4\\\/2024\\\/10\\\/Mesa-redonda-RRHH-ENCAMINA-Origen.jpg\",\"contentUrl\":\"https:\\\/\\\/blogs.encamina.com\\\/encamina-se-mueve\\\/wp-content\\\/uploads\\\/sites\\\/4\\\/2024\\\/10\\\/Mesa-redonda-RRHH-ENCAMINA-Origen.jpg\",\"width\":871,\"height\":631},{\"@type\":\"WebSite\",\"@id\":\"https:\\\/\\\/blogs.encamina.com\\\/encamina-se-mueve\\\/#website\",\"url\":\"https:\\\/\\\/blogs.encamina.com\\\/encamina-se-mueve\\\/\",\"name\":\"ENCAMINA se Mueve\",\"description\":\"Todo lo que se cuece en nuestro equipo: formaciones, charlas, webcasts, talleres...\",\"publisher\":{\"@id\":\"https:\\\/\\\/blogs.encamina.com\\\/encamina-se-mueve\\\/#organization\"},\"potentialAction\":[{\"@type\":\"SearchAction\",\"target\":{\"@type\":\"EntryPoint\",\"urlTemplate\":\"https:\\\/\\\/blogs.encamina.com\\\/encamina-se-mueve\\\/?s={search_term_string}\"},\"query-input\":{\"@type\":\"PropertyValueSpecification\",\"valueRequired\":true,\"valueName\":\"search_term_string\"}}],\"inLanguage\":\"es\"},{\"@type\":\"Organization\",\"@id\":\"https:\\\/\\\/blogs.encamina.com\\\/encamina-se-mueve\\\/#organization\",\"name\":\"ENCAMINA\",\"url\":\"https:\\\/\\\/blogs.encamina.com\\\/encamina-se-mueve\\\/\",\"logo\":{\"@type\":\"ImageObject\",\"inLanguage\":\"es\",\"@id\":\"https:\\\/\\\/blogs.encamina.com\\\/encamina-se-mueve\\\/#\\\/schema\\\/logo\\\/image\\\/\",\"url\":\"https:\\\/\\\/blogs.encamina.com\\\/encamina-se-mueve\\\/wp-content\\\/uploads\\\/sites\\\/4\\\/2018\\\/10\\\/Logo_ENCAMINA_sin-claim.png\",\"contentUrl\":\"https:\\\/\\\/blogs.encamina.com\\\/encamina-se-mueve\\\/wp-content\\\/uploads\\\/sites\\\/4\\\/2018\\\/10\\\/Logo_ENCAMINA_sin-claim.png\",\"width\":409,\"height\":77,\"caption\":\"ENCAMINA\"},\"image\":{\"@id\":\"https:\\\/\\\/blogs.encamina.com\\\/encamina-se-mueve\\\/#\\\/schema\\\/logo\\\/image\\\/\"}},{\"@type\":\"Person\",\"@id\":\"https:\\\/\\\/blogs.encamina.com\\\/encamina-se-mueve\\\/#\\\/schema\\\/person\\\/49aedd5048203fe71d48ef3101fc351b\",\"name\":\"Laura Blanch\",\"image\":{\"@type\":\"ImageObject\",\"inLanguage\":\"es\",\"@id\":\"https:\\\/\\\/secure.gravatar.com\\\/avatar\\\/e6a10cbfac4f98beaaade7277395365843c5c8ca6ad3668abb7321e6763eb7a0?s=96&d=mm&r=g\",\"url\":\"https:\\\/\\\/secure.gravatar.com\\\/avatar\\\/e6a10cbfac4f98beaaade7277395365843c5c8ca6ad3668abb7321e6763eb7a0?s=96&d=mm&r=g\",\"contentUrl\":\"https:\\\/\\\/secure.gravatar.com\\\/avatar\\\/e6a10cbfac4f98beaaade7277395365843c5c8ca6ad3668abb7321e6763eb7a0?s=96&d=mm&r=g\",\"caption\":\"Laura Blanch\"},\"description\":\"Formo parte del estupendo departamento de Marketing y Comunicaci\u00f3n de ENCAMINA \ud83d\ude42\",\"url\":\"https:\\\/\\\/blogs.encamina.com\\\/encamina-se-mueve\\\/author\\\/lblanch\\\/\"}]}<\/script>\n<!-- \/ Yoast SEO Premium plugin. -->","yoast_head_json":{"title":"La IA en el lugar de trabajo: desaf\u00edos, beneficios y recomendaciones | ENCAMINA","robots":{"index":"index","follow":"follow","max-snippet":"max-snippet:-1","max-image-preview":"max-image-preview:large","max-video-preview":"max-video-preview:-1"},"canonical":"https:\/\/blogs.encamina.com\/encamina-se-mueve\/la-ia-en-el-lugar-de-trabajo-desafios-beneficios-y-recomendaciones\/","og_locale":"es_ES","og_type":"article","og_title":"La IA en el lugar de trabajo: desaf\u00edos, beneficios y recomendaciones","og_description":"El 23 de septiembre, se celebr\u00f3 una mesa de expertos en ENCAMINA Origen con el prop\u00f3sito de analizar el impacto de la tecnolog\u00eda, y en especial de la inteligencia artificial (IA), en la productividad y la experiencia de los empleados. &hellip; Continue reading &rarr;","og_url":"https:\/\/blogs.encamina.com\/encamina-se-mueve\/la-ia-en-el-lugar-de-trabajo-desafios-beneficios-y-recomendaciones\/","og_site_name":"ENCAMINA se Mueve","article_published_time":"2024-09-23T15:29:23+00:00","article_modified_time":"2024-10-10T15:30:06+00:00","og_image":[{"width":871,"height":631,"url":"http:\/\/blogs.encamina.com\/encamina-se-mueve\/wp-content\/uploads\/sites\/4\/2024\/10\/Mesa-redonda-RRHH-ENCAMINA-Origen.jpg","type":"image\/jpeg"}],"author":"Laura Blanch","twitter_card":"summary_large_image","twitter_misc":{"Escrito por":"Laura Blanch","Tiempo de lectura":"3 minutos"},"schema":{"@context":"https:\/\/schema.org","@graph":[{"@type":"Article","@id":"https:\/\/blogs.encamina.com\/encamina-se-mueve\/la-ia-en-el-lugar-de-trabajo-desafios-beneficios-y-recomendaciones\/#article","isPartOf":{"@id":"https:\/\/blogs.encamina.com\/encamina-se-mueve\/la-ia-en-el-lugar-de-trabajo-desafios-beneficios-y-recomendaciones\/"},"author":{"name":"Laura Blanch","@id":"https:\/\/blogs.encamina.com\/encamina-se-mueve\/#\/schema\/person\/49aedd5048203fe71d48ef3101fc351b"},"headline":"La IA en el lugar de trabajo: desaf\u00edos, beneficios y recomendaciones","datePublished":"2024-09-23T15:29:23+00:00","dateModified":"2024-10-10T15:30:06+00:00","mainEntityOfPage":{"@id":"https:\/\/blogs.encamina.com\/encamina-se-mueve\/la-ia-en-el-lugar-de-trabajo-desafios-beneficios-y-recomendaciones\/"},"wordCount":534,"publisher":{"@id":"https:\/\/blogs.encamina.com\/encamina-se-mueve\/#organization"},"image":{"@id":"https:\/\/blogs.encamina.com\/encamina-se-mueve\/la-ia-en-el-lugar-de-trabajo-desafios-beneficios-y-recomendaciones\/#primaryimage"},"thumbnailUrl":"https:\/\/blogs.encamina.com\/encamina-se-mueve\/wp-content\/uploads\/sites\/4\/2024\/10\/Mesa-redonda-RRHH-ENCAMINA-Origen.jpg","articleSection":["evento","IA"],"inLanguage":"es"},{"@type":"WebPage","@id":"https:\/\/blogs.encamina.com\/encamina-se-mueve\/la-ia-en-el-lugar-de-trabajo-desafios-beneficios-y-recomendaciones\/","url":"https:\/\/blogs.encamina.com\/encamina-se-mueve\/la-ia-en-el-lugar-de-trabajo-desafios-beneficios-y-recomendaciones\/","name":"La IA en el lugar de trabajo: desaf\u00edos, beneficios y recomendaciones | ENCAMINA","isPartOf":{"@id":"https:\/\/blogs.encamina.com\/encamina-se-mueve\/#website"},"primaryImageOfPage":{"@id":"https:\/\/blogs.encamina.com\/encamina-se-mueve\/la-ia-en-el-lugar-de-trabajo-desafios-beneficios-y-recomendaciones\/#primaryimage"},"image":{"@id":"https:\/\/blogs.encamina.com\/encamina-se-mueve\/la-ia-en-el-lugar-de-trabajo-desafios-beneficios-y-recomendaciones\/#primaryimage"},"thumbnailUrl":"https:\/\/blogs.encamina.com\/encamina-se-mueve\/wp-content\/uploads\/sites\/4\/2024\/10\/Mesa-redonda-RRHH-ENCAMINA-Origen.jpg","datePublished":"2024-09-23T15:29:23+00:00","dateModified":"2024-10-10T15:30:06+00:00","inLanguage":"es","potentialAction":[{"@type":"ReadAction","target":["https:\/\/blogs.encamina.com\/encamina-se-mueve\/la-ia-en-el-lugar-de-trabajo-desafios-beneficios-y-recomendaciones\/"]}]},{"@type":"ImageObject","inLanguage":"es","@id":"https:\/\/blogs.encamina.com\/encamina-se-mueve\/la-ia-en-el-lugar-de-trabajo-desafios-beneficios-y-recomendaciones\/#primaryimage","url":"https:\/\/blogs.encamina.com\/encamina-se-mueve\/wp-content\/uploads\/sites\/4\/2024\/10\/Mesa-redonda-RRHH-ENCAMINA-Origen.jpg","contentUrl":"https:\/\/blogs.encamina.com\/encamina-se-mueve\/wp-content\/uploads\/sites\/4\/2024\/10\/Mesa-redonda-RRHH-ENCAMINA-Origen.jpg","width":871,"height":631},{"@type":"WebSite","@id":"https:\/\/blogs.encamina.com\/encamina-se-mueve\/#website","url":"https:\/\/blogs.encamina.com\/encamina-se-mueve\/","name":"ENCAMINA se Mueve","description":"Todo lo que se cuece en nuestro equipo: formaciones, charlas, webcasts, talleres...","publisher":{"@id":"https:\/\/blogs.encamina.com\/encamina-se-mueve\/#organization"},"potentialAction":[{"@type":"SearchAction","target":{"@type":"EntryPoint","urlTemplate":"https:\/\/blogs.encamina.com\/encamina-se-mueve\/?s={search_term_string}"},"query-input":{"@type":"PropertyValueSpecification","valueRequired":true,"valueName":"search_term_string"}}],"inLanguage":"es"},{"@type":"Organization","@id":"https:\/\/blogs.encamina.com\/encamina-se-mueve\/#organization","name":"ENCAMINA","url":"https:\/\/blogs.encamina.com\/encamina-se-mueve\/","logo":{"@type":"ImageObject","inLanguage":"es","@id":"https:\/\/blogs.encamina.com\/encamina-se-mueve\/#\/schema\/logo\/image\/","url":"https:\/\/blogs.encamina.com\/encamina-se-mueve\/wp-content\/uploads\/sites\/4\/2018\/10\/Logo_ENCAMINA_sin-claim.png","contentUrl":"https:\/\/blogs.encamina.com\/encamina-se-mueve\/wp-content\/uploads\/sites\/4\/2018\/10\/Logo_ENCAMINA_sin-claim.png","width":409,"height":77,"caption":"ENCAMINA"},"image":{"@id":"https:\/\/blogs.encamina.com\/encamina-se-mueve\/#\/schema\/logo\/image\/"}},{"@type":"Person","@id":"https:\/\/blogs.encamina.com\/encamina-se-mueve\/#\/schema\/person\/49aedd5048203fe71d48ef3101fc351b","name":"Laura Blanch","image":{"@type":"ImageObject","inLanguage":"es","@id":"https:\/\/secure.gravatar.com\/avatar\/e6a10cbfac4f98beaaade7277395365843c5c8ca6ad3668abb7321e6763eb7a0?s=96&d=mm&r=g","url":"https:\/\/secure.gravatar.com\/avatar\/e6a10cbfac4f98beaaade7277395365843c5c8ca6ad3668abb7321e6763eb7a0?s=96&d=mm&r=g","contentUrl":"https:\/\/secure.gravatar.com\/avatar\/e6a10cbfac4f98beaaade7277395365843c5c8ca6ad3668abb7321e6763eb7a0?s=96&d=mm&r=g","caption":"Laura Blanch"},"description":"Formo parte del estupendo departamento de Marketing y Comunicaci\u00f3n de ENCAMINA \ud83d\ude42","url":"https:\/\/blogs.encamina.com\/encamina-se-mueve\/author\/lblanch\/"}]}},"_links":{"self":[{"href":"https:\/\/blogs.encamina.com\/encamina-se-mueve\/wp-json\/wp\/v2\/posts\/5672","targetHints":{"allow":["GET"]}}],"collection":[{"href":"https:\/\/blogs.encamina.com\/encamina-se-mueve\/wp-json\/wp\/v2\/posts"}],"about":[{"href":"https:\/\/blogs.encamina.com\/encamina-se-mueve\/wp-json\/wp\/v2\/types\/post"}],"author":[{"embeddable":true,"href":"https:\/\/blogs.encamina.com\/encamina-se-mueve\/wp-json\/wp\/v2\/users\/171"}],"replies":[{"embeddable":true,"href":"https:\/\/blogs.encamina.com\/encamina-se-mueve\/wp-json\/wp\/v2\/comments?post=5672"}],"version-history":[{"count":0,"href":"https:\/\/blogs.encamina.com\/encamina-se-mueve\/wp-json\/wp\/v2\/posts\/5672\/revisions"}],"wp:featuredmedia":[{"embeddable":true,"href":"https:\/\/blogs.encamina.com\/encamina-se-mueve\/wp-json\/wp\/v2\/media\/5673"}],"wp:attachment":[{"href":"https:\/\/blogs.encamina.com\/encamina-se-mueve\/wp-json\/wp\/v2\/media?parent=5672"}],"wp:term":[{"taxonomy":"category","embeddable":true,"href":"https:\/\/blogs.encamina.com\/encamina-se-mueve\/wp-json\/wp\/v2\/categories?post=5672"},{"taxonomy":"post_tag","embeddable":true,"href":"https:\/\/blogs.encamina.com\/encamina-se-mueve\/wp-json\/wp\/v2\/tags?post=5672"}],"curies":[{"name":"wp","href":"https:\/\/api.w.org\/{rel}","templated":true}]}}