{"id":4822,"date":"2023-09-26T12:46:50","date_gmt":"2023-09-26T11:46:50","guid":{"rendered":"https:\/\/blogs.encamina.com\/encamina-se-mueve\/?p=4822"},"modified":"2023-11-07T14:51:38","modified_gmt":"2023-11-07T13:51:38","slug":"ia-para-educacion-en-microsoft","status":"publish","type":"post","link":"https:\/\/blogs.encamina.com\/encamina-se-mueve\/ia-para-educacion-en-microsoft\/","title":{"rendered":"El futuro de la Inteligencia Artificial en Educaci\u00f3n"},"content":{"rendered":"<p><div id=\"attachment_4826\" style=\"width: 1034px\" class=\"wp-caption alignnone\"><a href=\"http:\/\/blogs.encamina.com\/encamina-se-mueve\/wp-content\/uploads\/sites\/4\/2023\/09\/IKER.png\"><img loading=\"lazy\" decoding=\"async\" aria-describedby=\"caption-attachment-4826\" class=\"wp-image-4826 size-full\" src=\"http:\/\/blogs.encamina.com\/encamina-se-mueve\/wp-content\/uploads\/sites\/4\/2023\/09\/IKER.png\" alt=\"\" width=\"1024\" height=\"768\" srcset=\"https:\/\/encaminablogs.wpenginepowered.com\/encamina-se-mueve\/wp-content\/uploads\/sites\/4\/2023\/09\/IKER.png 1024w, https:\/\/encaminablogs.wpenginepowered.com\/encamina-se-mueve\/wp-content\/uploads\/sites\/4\/2023\/09\/IKER-300x225.png 300w, https:\/\/encaminablogs.wpenginepowered.com\/encamina-se-mueve\/wp-content\/uploads\/sites\/4\/2023\/09\/IKER-768x576.png 768w, https:\/\/encaminablogs.wpenginepowered.com\/encamina-se-mueve\/wp-content\/uploads\/sites\/4\/2023\/09\/IKER-610x458.png 610w\" sizes=\"auto, (max-width: 1024px) 100vw, 1024px\" \/><\/a><p id=\"caption-attachment-4826\" class=\"wp-caption-text\">Alberto D\u00edaz e Iker Barber del #ENCATEAM , hablaron sobre c\u00f3mo los partners podemos ayudar en la gesti\u00f3n del ciclo de vida del alumno o la optimizaci\u00f3n de la gesti\u00f3n del conocimiento.<\/p><\/div><\/p>\n<p>Ayer celebramos el evento<strong> IA para Educaci\u00f3n<\/strong>, un encuentro organizado por <strong>Microsoft<\/strong> y <strong>ENCAMINA<\/strong> al que acudieron destacados profesionales del sector educativo para explorar el rol de la <strong>#IA<\/strong> en el \u00e1mbito de la ense\u00f1anza y el aprendizaje.<\/p>\n<p><!--more--><\/p>\n<p><span class=\"TextRun SCXW175733370 BCX8\" lang=\"ES-ES\" xml:lang=\"ES-ES\" data-contrast=\"none\"><span class=\"NormalTextRun SCXW175733370 BCX8\">La jornada, que tuvo lugar en las oficinas de <strong>Microsoft<\/strong> en <strong>Madrid<\/strong>, fue inaugurada por <strong>F<\/strong><span class=\"NormalTextRun SCXW16023462 BCX8\"><strong><span class=\"TextRun SCXW177843653 BCX8\" lang=\"ES-ES\" xml:lang=\"ES-ES\" data-contrast=\"none\"><span class=\"NormalTextRun SCXW177843653 BCX8\">ran Garc\u00eda<\/span><\/span><\/strong><span class=\"TextRun SCXW177843653 BCX8\" lang=\"ES-ES\" xml:lang=\"ES-ES\" data-contrast=\"none\"><span class=\"NormalTextRun SCXW177843653 BCX8\">, <\/span><span class=\"NormalTextRun SCXW177843653 BCX8\">director de Educaci\u00f3n<\/span><span class=\"NormalTextRun SCXW177843653 BCX8\"> en Microsoft Espa\u00f1a y cont\u00f3 con ponentes de <\/span><\/span><\/span>lujo como <strong>David Hurtado<\/strong>, <span class=\"NormalTextRun SCXW16023462 BCX8\">d<\/span><span class=\"NormalTextRun SCXW16023462 BCX8\">irector de Innovaci\u00f3n en<\/span><strong><span class=\"NormalTextRun SCXW16023462 BCX8\"> Microsoft<\/span><\/strong><span class=\"NormalTextRun SCXW16023462 BCX8\"><strong> Espa\u00f1a<\/strong> y <strong>Alberto D\u00edaz<\/strong>, CTIO de <strong>ENCAMINA<\/strong>, <strong>MVP <\/strong>y <strong>Regional Director<\/strong> de <strong>Microsoft,<\/strong> abordando los principales desaf\u00edos y oportunidades que surgen tras la irrupci\u00f3n de las IAs generativas.<\/span><\/span><\/span><\/p>\n<p><div id=\"attachment_4828\" style=\"width: 1034px\" class=\"wp-caption alignnone\"><a href=\"http:\/\/blogs.encamina.com\/encamina-se-mueve\/wp-content\/uploads\/sites\/4\/2023\/09\/FRAN.png\"><img loading=\"lazy\" decoding=\"async\" aria-describedby=\"caption-attachment-4828\" class=\"wp-image-4828 size-large\" src=\"http:\/\/blogs.encamina.com\/encamina-se-mueve\/wp-content\/uploads\/sites\/4\/2023\/09\/FRAN-1024x768.png\" alt=\"\" width=\"1024\" height=\"768\" srcset=\"https:\/\/encaminablogs.wpenginepowered.com\/encamina-se-mueve\/wp-content\/uploads\/sites\/4\/2023\/09\/FRAN-1024x768.png 1024w, https:\/\/encaminablogs.wpenginepowered.com\/encamina-se-mueve\/wp-content\/uploads\/sites\/4\/2023\/09\/FRAN-300x225.png 300w, https:\/\/encaminablogs.wpenginepowered.com\/encamina-se-mueve\/wp-content\/uploads\/sites\/4\/2023\/09\/FRAN-768x576.png 768w, https:\/\/encaminablogs.wpenginepowered.com\/encamina-se-mueve\/wp-content\/uploads\/sites\/4\/2023\/09\/FRAN-1536x1152.png 1536w, https:\/\/encaminablogs.wpenginepowered.com\/encamina-se-mueve\/wp-content\/uploads\/sites\/4\/2023\/09\/FRAN-2048x1536.png 2048w, https:\/\/encaminablogs.wpenginepowered.com\/encamina-se-mueve\/wp-content\/uploads\/sites\/4\/2023\/09\/FRAN-610x458.png 610w\" sizes=\"auto, (max-width: 1024px) 100vw, 1024px\" \/><\/a><p id=\"caption-attachment-4828\" class=\"wp-caption-text\">Fran Garc\u00eda, director de Educaci\u00f3n en Microsoft Espa\u00f1a, inaugurando la conferencia<\/p><\/div><\/p>\n<p><span class=\"TextRun SCXW175733370 BCX8\" lang=\"ES-ES\" xml:lang=\"ES-ES\" data-contrast=\"none\"><span class=\"NormalTextRun SCXW175733370 BCX8\"><span class=\"NormalTextRun SCXW16023462 BCX8\"><span class=\"TextRun SCXW177843653 BCX8\" lang=\"ES-ES\" xml:lang=\"ES-ES\" data-contrast=\"none\"><span class=\"NormalTextRun SCXW177843653 BCX8\">En el encuentro se trataron temas fundamentales, como la<strong> \u00e9tica<\/strong> en el uso de la <strong>IA<\/strong>, especialmente en lo que respecta a su impacto en menores de edad, la incorporaci\u00f3n de la IA\u00a0 a los <strong>planes de estudio<\/strong> o la necesidad de <strong>capacitaci\u00f3n espec\u00edfica<\/strong> en IA para el personal docente.\u00a0<\/span><\/span><\/span><\/span><\/span>En este \u00faltimo aspecto, Fran Garc\u00eda\u00a0 quiso destacar el trabajo de partners <span class=\"TextRun SCXW165697812 BCX8\" lang=\"ES-ES\" xml:lang=\"ES-ES\" data-contrast=\"none\"><span class=\"NormalTextRun SCXW165697812 BCX8\">ayudando a las instituciones educativas a aplicar la inteligencia artificial en todos los aspectos de su funcionamiento \ud83d\udcaa<\/span><\/span><\/p>\n<p><div id=\"attachment_4829\" style=\"width: 1034px\" class=\"wp-caption alignnone\"><a href=\"http:\/\/blogs.encamina.com\/encamina-se-mueve\/wp-content\/uploads\/sites\/4\/2023\/09\/ALBERTO-Y-DAVID.png\"><img loading=\"lazy\" decoding=\"async\" aria-describedby=\"caption-attachment-4829\" class=\"wp-image-4829 size-large\" src=\"http:\/\/blogs.encamina.com\/encamina-se-mueve\/wp-content\/uploads\/sites\/4\/2023\/09\/ALBERTO-Y-DAVID-1024x768.png\" alt=\"\" width=\"1024\" height=\"768\" srcset=\"https:\/\/encaminablogs.wpenginepowered.com\/encamina-se-mueve\/wp-content\/uploads\/sites\/4\/2023\/09\/ALBERTO-Y-DAVID-1024x768.png 1024w, https:\/\/encaminablogs.wpenginepowered.com\/encamina-se-mueve\/wp-content\/uploads\/sites\/4\/2023\/09\/ALBERTO-Y-DAVID-300x225.png 300w, https:\/\/encaminablogs.wpenginepowered.com\/encamina-se-mueve\/wp-content\/uploads\/sites\/4\/2023\/09\/ALBERTO-Y-DAVID-768x576.png 768w, https:\/\/encaminablogs.wpenginepowered.com\/encamina-se-mueve\/wp-content\/uploads\/sites\/4\/2023\/09\/ALBERTO-Y-DAVID-1536x1152.png 1536w, https:\/\/encaminablogs.wpenginepowered.com\/encamina-se-mueve\/wp-content\/uploads\/sites\/4\/2023\/09\/ALBERTO-Y-DAVID-2048x1536.png 2048w, https:\/\/encaminablogs.wpenginepowered.com\/encamina-se-mueve\/wp-content\/uploads\/sites\/4\/2023\/09\/ALBERTO-Y-DAVID-610x458.png 610w\" sizes=\"auto, (max-width: 1024px) 100vw, 1024px\" \/><\/a><p id=\"caption-attachment-4829\" class=\"wp-caption-text\">Alberto D\u00edaz y David Hurtado, durante una de las ponencias en las que se habl\u00f3 de casos de uso y experiencias en el sector EDU con Azure OpenAI, Copilot o Azure Data Services<\/p><\/div><\/p>\n<p>Desde <strong>ENCAMINA<\/strong> queremos agradecerle a todas y todos los asistentes su inter\u00e9s y participaci\u00f3n, tanto en las sesiones t\u00e9cnicas como en la din\u00e1mica realizada por nuestro compa\u00f1ero <strong>Iker Barber<\/strong>. \u00a1Esperamos que disfrutarais la jornada tanto como nosotros!<\/p>\n<p><div id=\"attachment_4827\" style=\"width: 1034px\" class=\"wp-caption alignnone\"><a href=\"http:\/\/blogs.encamina.com\/encamina-se-mueve\/wp-content\/uploads\/sites\/4\/2023\/09\/GRUPO.png\"><img loading=\"lazy\" decoding=\"async\" aria-describedby=\"caption-attachment-4827\" class=\"wp-image-4827 size-large\" src=\"http:\/\/blogs.encamina.com\/encamina-se-mueve\/wp-content\/uploads\/sites\/4\/2023\/09\/GRUPO-1024x768.png\" alt=\"\" width=\"1024\" height=\"768\" srcset=\"https:\/\/encaminablogs.wpenginepowered.com\/encamina-se-mueve\/wp-content\/uploads\/sites\/4\/2023\/09\/GRUPO-1024x768.png 1024w, https:\/\/encaminablogs.wpenginepowered.com\/encamina-se-mueve\/wp-content\/uploads\/sites\/4\/2023\/09\/GRUPO-300x225.png 300w, https:\/\/encaminablogs.wpenginepowered.com\/encamina-se-mueve\/wp-content\/uploads\/sites\/4\/2023\/09\/GRUPO-768x576.png 768w, https:\/\/encaminablogs.wpenginepowered.com\/encamina-se-mueve\/wp-content\/uploads\/sites\/4\/2023\/09\/GRUPO-1536x1152.png 1536w, https:\/\/encaminablogs.wpenginepowered.com\/encamina-se-mueve\/wp-content\/uploads\/sites\/4\/2023\/09\/GRUPO-2048x1536.png 2048w, https:\/\/encaminablogs.wpenginepowered.com\/encamina-se-mueve\/wp-content\/uploads\/sites\/4\/2023\/09\/GRUPO-610x458.png 610w\" sizes=\"auto, (max-width: 1024px) 100vw, 1024px\" \/><\/a><p id=\"caption-attachment-4827\" class=\"wp-caption-text\">Foto de familia con todos los l\u00edderes educativos y expertos que acudieron al evento<\/p><\/div><\/p>\n<!-- AddThis Advanced Settings generic via filter on the_content --><!-- AddThis Share Buttons generic via filter on the_content --><span class=\"et_bloom_bottom_trigger\"><\/span>","protected":false},"excerpt":{"rendered":"<p>Ayer celebramos el evento IA para Educaci\u00f3n, un encuentro organizado por Microsoft y ENCAMINA al que acudieron destacados profesionales del sector educativo para explorar el rol de la #IA en el \u00e1mbito de la ense\u00f1anza y el aprendizaje.<!-- AddThis Advanced Settings generic via filter on get_the_excerpt --><!-- AddThis Share Buttons generic via filter on get_the_excerpt --><\/p>\n","protected":false},"author":207,"featured_media":4826,"comment_status":"closed","ping_status":"open","sticky":false,"template":"","format":"standard","meta":{"footnotes":""},"categories":[65,101,107],"tags":[],"class_list":["post-4822","post","type-post","status-publish","format-standard","has-post-thumbnail","hentry","category-encamina","category-innovacion","category-noticia"],"yoast_head":"<!-- This site is optimized with the Yoast SEO Premium plugin v18.2.1 (Yoast SEO v27.3) - https:\/\/yoast.com\/product\/yoast-seo-premium-wordpress\/ -->\n<title>El futuro de la Inteligencia Artificial en Educaci\u00f3n | ENCAMINA se Mueve<\/title>\n<meta name=\"robots\" content=\"index, follow, max-snippet:-1, max-image-preview:large, max-video-preview:-1\" \/>\n<link rel=\"canonical\" href=\"https:\/\/blogs.encamina.com\/encamina-se-mueve\/ia-para-educacion-en-microsoft\/\" \/>\n<meta property=\"og:locale\" content=\"es_ES\" \/>\n<meta property=\"og:type\" content=\"article\" \/>\n<meta property=\"og:title\" content=\"El futuro de la Inteligencia Artificial en Educaci\u00f3n\" \/>\n<meta property=\"og:description\" content=\"Ayer celebramos el evento IA para Educaci\u00f3n, un encuentro organizado por Microsoft y ENCAMINA al que acudieron destacados profesionales del sector educativo para explorar el rol de la #IA en el \u00e1mbito de la ense\u00f1anza y el aprendizaje.\" \/>\n<meta property=\"og:url\" content=\"https:\/\/blogs.encamina.com\/encamina-se-mueve\/ia-para-educacion-en-microsoft\/\" \/>\n<meta property=\"og:site_name\" content=\"ENCAMINA se Mueve\" \/>\n<meta property=\"article:published_time\" content=\"2023-09-26T11:46:50+00:00\" \/>\n<meta property=\"article:modified_time\" content=\"2023-11-07T13:51:38+00:00\" \/>\n<meta property=\"og:image\" content=\"http:\/\/blogs.encamina.com\/encamina-se-mueve\/wp-content\/uploads\/sites\/4\/2023\/09\/IKER.png\" \/>\n\t<meta property=\"og:image:width\" content=\"1024\" \/>\n\t<meta property=\"og:image:height\" content=\"768\" \/>\n\t<meta property=\"og:image:type\" content=\"image\/png\" \/>\n<meta name=\"author\" content=\"Irene Otero\" \/>\n<meta name=\"twitter:card\" content=\"summary_large_image\" \/>\n<meta name=\"twitter:label1\" content=\"Escrito por\" \/>\n\t<meta name=\"twitter:data1\" content=\"Irene Otero\" \/>\n\t<meta name=\"twitter:label2\" content=\"Tiempo de lectura\" \/>\n\t<meta name=\"twitter:data2\" content=\"3 minutos\" \/>\n<script type=\"application\/ld+json\" class=\"yoast-schema-graph\">{\"@context\":\"https:\\\/\\\/schema.org\",\"@graph\":[{\"@type\":\"Article\",\"@id\":\"https:\\\/\\\/blogs.encamina.com\\\/encamina-se-mueve\\\/ia-para-educacion-en-microsoft\\\/#article\",\"isPartOf\":{\"@id\":\"https:\\\/\\\/blogs.encamina.com\\\/encamina-se-mueve\\\/ia-para-educacion-en-microsoft\\\/\"},\"author\":{\"name\":\"Irene Otero\",\"@id\":\"https:\\\/\\\/blogs.encamina.com\\\/encamina-se-mueve\\\/#\\\/schema\\\/person\\\/5890038d65ee9a2309c72518bd87b07f\"},\"headline\":\"El futuro de la Inteligencia Artificial en Educaci\u00f3n\",\"datePublished\":\"2023-09-26T11:46:50+00:00\",\"dateModified\":\"2023-11-07T13:51:38+00:00\",\"mainEntityOfPage\":{\"@id\":\"https:\\\/\\\/blogs.encamina.com\\\/encamina-se-mueve\\\/ia-para-educacion-en-microsoft\\\/\"},\"wordCount\":376,\"publisher\":{\"@id\":\"https:\\\/\\\/blogs.encamina.com\\\/encamina-se-mueve\\\/#organization\"},\"image\":{\"@id\":\"https:\\\/\\\/blogs.encamina.com\\\/encamina-se-mueve\\\/ia-para-educacion-en-microsoft\\\/#primaryimage\"},\"thumbnailUrl\":\"https:\\\/\\\/blogs.encamina.com\\\/encamina-se-mueve\\\/wp-content\\\/uploads\\\/sites\\\/4\\\/2023\\\/09\\\/IKER.png\",\"articleSection\":[\"ENCAMINA\",\"Innovaci\u00f3n\",\"Noticia\"],\"inLanguage\":\"es\"},{\"@type\":\"WebPage\",\"@id\":\"https:\\\/\\\/blogs.encamina.com\\\/encamina-se-mueve\\\/ia-para-educacion-en-microsoft\\\/\",\"url\":\"https:\\\/\\\/blogs.encamina.com\\\/encamina-se-mueve\\\/ia-para-educacion-en-microsoft\\\/\",\"name\":\"El futuro de la Inteligencia Artificial en Educaci\u00f3n | ENCAMINA se Mueve\",\"isPartOf\":{\"@id\":\"https:\\\/\\\/blogs.encamina.com\\\/encamina-se-mueve\\\/#website\"},\"primaryImageOfPage\":{\"@id\":\"https:\\\/\\\/blogs.encamina.com\\\/encamina-se-mueve\\\/ia-para-educacion-en-microsoft\\\/#primaryimage\"},\"image\":{\"@id\":\"https:\\\/\\\/blogs.encamina.com\\\/encamina-se-mueve\\\/ia-para-educacion-en-microsoft\\\/#primaryimage\"},\"thumbnailUrl\":\"https:\\\/\\\/blogs.encamina.com\\\/encamina-se-mueve\\\/wp-content\\\/uploads\\\/sites\\\/4\\\/2023\\\/09\\\/IKER.png\",\"datePublished\":\"2023-09-26T11:46:50+00:00\",\"dateModified\":\"2023-11-07T13:51:38+00:00\",\"inLanguage\":\"es\",\"potentialAction\":[{\"@type\":\"ReadAction\",\"target\":[\"https:\\\/\\\/blogs.encamina.com\\\/encamina-se-mueve\\\/ia-para-educacion-en-microsoft\\\/\"]}]},{\"@type\":\"ImageObject\",\"inLanguage\":\"es\",\"@id\":\"https:\\\/\\\/blogs.encamina.com\\\/encamina-se-mueve\\\/ia-para-educacion-en-microsoft\\\/#primaryimage\",\"url\":\"https:\\\/\\\/blogs.encamina.com\\\/encamina-se-mueve\\\/wp-content\\\/uploads\\\/sites\\\/4\\\/2023\\\/09\\\/IKER.png\",\"contentUrl\":\"https:\\\/\\\/blogs.encamina.com\\\/encamina-se-mueve\\\/wp-content\\\/uploads\\\/sites\\\/4\\\/2023\\\/09\\\/IKER.png\",\"width\":1024,\"height\":768},{\"@type\":\"WebSite\",\"@id\":\"https:\\\/\\\/blogs.encamina.com\\\/encamina-se-mueve\\\/#website\",\"url\":\"https:\\\/\\\/blogs.encamina.com\\\/encamina-se-mueve\\\/\",\"name\":\"ENCAMINA se Mueve\",\"description\":\"Todo lo que se cuece en nuestro equipo: formaciones, charlas, webcasts, talleres...\",\"publisher\":{\"@id\":\"https:\\\/\\\/blogs.encamina.com\\\/encamina-se-mueve\\\/#organization\"},\"potentialAction\":[{\"@type\":\"SearchAction\",\"target\":{\"@type\":\"EntryPoint\",\"urlTemplate\":\"https:\\\/\\\/blogs.encamina.com\\\/encamina-se-mueve\\\/?s={search_term_string}\"},\"query-input\":{\"@type\":\"PropertyValueSpecification\",\"valueRequired\":true,\"valueName\":\"search_term_string\"}}],\"inLanguage\":\"es\"},{\"@type\":\"Organization\",\"@id\":\"https:\\\/\\\/blogs.encamina.com\\\/encamina-se-mueve\\\/#organization\",\"name\":\"ENCAMINA\",\"url\":\"https:\\\/\\\/blogs.encamina.com\\\/encamina-se-mueve\\\/\",\"logo\":{\"@type\":\"ImageObject\",\"inLanguage\":\"es\",\"@id\":\"https:\\\/\\\/blogs.encamina.com\\\/encamina-se-mueve\\\/#\\\/schema\\\/logo\\\/image\\\/\",\"url\":\"https:\\\/\\\/blogs.encamina.com\\\/encamina-se-mueve\\\/wp-content\\\/uploads\\\/sites\\\/4\\\/2018\\\/10\\\/Logo_ENCAMINA_sin-claim.png\",\"contentUrl\":\"https:\\\/\\\/blogs.encamina.com\\\/encamina-se-mueve\\\/wp-content\\\/uploads\\\/sites\\\/4\\\/2018\\\/10\\\/Logo_ENCAMINA_sin-claim.png\",\"width\":409,\"height\":77,\"caption\":\"ENCAMINA\"},\"image\":{\"@id\":\"https:\\\/\\\/blogs.encamina.com\\\/encamina-se-mueve\\\/#\\\/schema\\\/logo\\\/image\\\/\"}},{\"@type\":\"Person\",\"@id\":\"https:\\\/\\\/blogs.encamina.com\\\/encamina-se-mueve\\\/#\\\/schema\\\/person\\\/5890038d65ee9a2309c72518bd87b07f\",\"name\":\"Irene Otero\",\"image\":{\"@type\":\"ImageObject\",\"inLanguage\":\"es\",\"@id\":\"https:\\\/\\\/secure.gravatar.com\\\/avatar\\\/b4be7c28b766be555dd6dffb91ec3655a615a13e8e40ab9aabf7fd9c4394a398?s=96&d=mm&r=g\",\"url\":\"https:\\\/\\\/secure.gravatar.com\\\/avatar\\\/b4be7c28b766be555dd6dffb91ec3655a615a13e8e40ab9aabf7fd9c4394a398?s=96&d=mm&r=g\",\"contentUrl\":\"https:\\\/\\\/secure.gravatar.com\\\/avatar\\\/b4be7c28b766be555dd6dffb91ec3655a615a13e8e40ab9aabf7fd9c4394a398?s=96&d=mm&r=g\",\"caption\":\"Irene Otero\"},\"url\":\"https:\\\/\\\/blogs.encamina.com\\\/encamina-se-mueve\\\/author\\\/iotero\\\/\"}]}<\/script>\n<!-- \/ Yoast SEO Premium plugin. -->","yoast_head_json":{"title":"El futuro de la Inteligencia Artificial en Educaci\u00f3n | ENCAMINA se Mueve","robots":{"index":"index","follow":"follow","max-snippet":"max-snippet:-1","max-image-preview":"max-image-preview:large","max-video-preview":"max-video-preview:-1"},"canonical":"https:\/\/blogs.encamina.com\/encamina-se-mueve\/ia-para-educacion-en-microsoft\/","og_locale":"es_ES","og_type":"article","og_title":"El futuro de la Inteligencia Artificial en Educaci\u00f3n","og_description":"Ayer celebramos el evento IA para Educaci\u00f3n, un encuentro organizado por Microsoft y ENCAMINA al que acudieron destacados profesionales del sector educativo para explorar el rol de la #IA en el \u00e1mbito de la ense\u00f1anza y el aprendizaje.","og_url":"https:\/\/blogs.encamina.com\/encamina-se-mueve\/ia-para-educacion-en-microsoft\/","og_site_name":"ENCAMINA se Mueve","article_published_time":"2023-09-26T11:46:50+00:00","article_modified_time":"2023-11-07T13:51:38+00:00","og_image":[{"width":1024,"height":768,"url":"http:\/\/blogs.encamina.com\/encamina-se-mueve\/wp-content\/uploads\/sites\/4\/2023\/09\/IKER.png","type":"image\/png"}],"author":"Irene Otero","twitter_card":"summary_large_image","twitter_misc":{"Escrito por":"Irene Otero","Tiempo de lectura":"3 minutos"},"schema":{"@context":"https:\/\/schema.org","@graph":[{"@type":"Article","@id":"https:\/\/blogs.encamina.com\/encamina-se-mueve\/ia-para-educacion-en-microsoft\/#article","isPartOf":{"@id":"https:\/\/blogs.encamina.com\/encamina-se-mueve\/ia-para-educacion-en-microsoft\/"},"author":{"name":"Irene Otero","@id":"https:\/\/blogs.encamina.com\/encamina-se-mueve\/#\/schema\/person\/5890038d65ee9a2309c72518bd87b07f"},"headline":"El futuro de la Inteligencia Artificial en Educaci\u00f3n","datePublished":"2023-09-26T11:46:50+00:00","dateModified":"2023-11-07T13:51:38+00:00","mainEntityOfPage":{"@id":"https:\/\/blogs.encamina.com\/encamina-se-mueve\/ia-para-educacion-en-microsoft\/"},"wordCount":376,"publisher":{"@id":"https:\/\/blogs.encamina.com\/encamina-se-mueve\/#organization"},"image":{"@id":"https:\/\/blogs.encamina.com\/encamina-se-mueve\/ia-para-educacion-en-microsoft\/#primaryimage"},"thumbnailUrl":"https:\/\/blogs.encamina.com\/encamina-se-mueve\/wp-content\/uploads\/sites\/4\/2023\/09\/IKER.png","articleSection":["ENCAMINA","Innovaci\u00f3n","Noticia"],"inLanguage":"es"},{"@type":"WebPage","@id":"https:\/\/blogs.encamina.com\/encamina-se-mueve\/ia-para-educacion-en-microsoft\/","url":"https:\/\/blogs.encamina.com\/encamina-se-mueve\/ia-para-educacion-en-microsoft\/","name":"El futuro de la Inteligencia Artificial en Educaci\u00f3n | ENCAMINA se Mueve","isPartOf":{"@id":"https:\/\/blogs.encamina.com\/encamina-se-mueve\/#website"},"primaryImageOfPage":{"@id":"https:\/\/blogs.encamina.com\/encamina-se-mueve\/ia-para-educacion-en-microsoft\/#primaryimage"},"image":{"@id":"https:\/\/blogs.encamina.com\/encamina-se-mueve\/ia-para-educacion-en-microsoft\/#primaryimage"},"thumbnailUrl":"https:\/\/blogs.encamina.com\/encamina-se-mueve\/wp-content\/uploads\/sites\/4\/2023\/09\/IKER.png","datePublished":"2023-09-26T11:46:50+00:00","dateModified":"2023-11-07T13:51:38+00:00","inLanguage":"es","potentialAction":[{"@type":"ReadAction","target":["https:\/\/blogs.encamina.com\/encamina-se-mueve\/ia-para-educacion-en-microsoft\/"]}]},{"@type":"ImageObject","inLanguage":"es","@id":"https:\/\/blogs.encamina.com\/encamina-se-mueve\/ia-para-educacion-en-microsoft\/#primaryimage","url":"https:\/\/blogs.encamina.com\/encamina-se-mueve\/wp-content\/uploads\/sites\/4\/2023\/09\/IKER.png","contentUrl":"https:\/\/blogs.encamina.com\/encamina-se-mueve\/wp-content\/uploads\/sites\/4\/2023\/09\/IKER.png","width":1024,"height":768},{"@type":"WebSite","@id":"https:\/\/blogs.encamina.com\/encamina-se-mueve\/#website","url":"https:\/\/blogs.encamina.com\/encamina-se-mueve\/","name":"ENCAMINA se Mueve","description":"Todo lo que se cuece en nuestro equipo: formaciones, charlas, webcasts, talleres...","publisher":{"@id":"https:\/\/blogs.encamina.com\/encamina-se-mueve\/#organization"},"potentialAction":[{"@type":"SearchAction","target":{"@type":"EntryPoint","urlTemplate":"https:\/\/blogs.encamina.com\/encamina-se-mueve\/?s={search_term_string}"},"query-input":{"@type":"PropertyValueSpecification","valueRequired":true,"valueName":"search_term_string"}}],"inLanguage":"es"},{"@type":"Organization","@id":"https:\/\/blogs.encamina.com\/encamina-se-mueve\/#organization","name":"ENCAMINA","url":"https:\/\/blogs.encamina.com\/encamina-se-mueve\/","logo":{"@type":"ImageObject","inLanguage":"es","@id":"https:\/\/blogs.encamina.com\/encamina-se-mueve\/#\/schema\/logo\/image\/","url":"https:\/\/blogs.encamina.com\/encamina-se-mueve\/wp-content\/uploads\/sites\/4\/2018\/10\/Logo_ENCAMINA_sin-claim.png","contentUrl":"https:\/\/blogs.encamina.com\/encamina-se-mueve\/wp-content\/uploads\/sites\/4\/2018\/10\/Logo_ENCAMINA_sin-claim.png","width":409,"height":77,"caption":"ENCAMINA"},"image":{"@id":"https:\/\/blogs.encamina.com\/encamina-se-mueve\/#\/schema\/logo\/image\/"}},{"@type":"Person","@id":"https:\/\/blogs.encamina.com\/encamina-se-mueve\/#\/schema\/person\/5890038d65ee9a2309c72518bd87b07f","name":"Irene Otero","image":{"@type":"ImageObject","inLanguage":"es","@id":"https:\/\/secure.gravatar.com\/avatar\/b4be7c28b766be555dd6dffb91ec3655a615a13e8e40ab9aabf7fd9c4394a398?s=96&d=mm&r=g","url":"https:\/\/secure.gravatar.com\/avatar\/b4be7c28b766be555dd6dffb91ec3655a615a13e8e40ab9aabf7fd9c4394a398?s=96&d=mm&r=g","contentUrl":"https:\/\/secure.gravatar.com\/avatar\/b4be7c28b766be555dd6dffb91ec3655a615a13e8e40ab9aabf7fd9c4394a398?s=96&d=mm&r=g","caption":"Irene Otero"},"url":"https:\/\/blogs.encamina.com\/encamina-se-mueve\/author\/iotero\/"}]}},"_links":{"self":[{"href":"https:\/\/blogs.encamina.com\/encamina-se-mueve\/wp-json\/wp\/v2\/posts\/4822","targetHints":{"allow":["GET"]}}],"collection":[{"href":"https:\/\/blogs.encamina.com\/encamina-se-mueve\/wp-json\/wp\/v2\/posts"}],"about":[{"href":"https:\/\/blogs.encamina.com\/encamina-se-mueve\/wp-json\/wp\/v2\/types\/post"}],"author":[{"embeddable":true,"href":"https:\/\/blogs.encamina.com\/encamina-se-mueve\/wp-json\/wp\/v2\/users\/207"}],"replies":[{"embeddable":true,"href":"https:\/\/blogs.encamina.com\/encamina-se-mueve\/wp-json\/wp\/v2\/comments?post=4822"}],"version-history":[{"count":0,"href":"https:\/\/blogs.encamina.com\/encamina-se-mueve\/wp-json\/wp\/v2\/posts\/4822\/revisions"}],"wp:featuredmedia":[{"embeddable":true,"href":"https:\/\/blogs.encamina.com\/encamina-se-mueve\/wp-json\/wp\/v2\/media\/4826"}],"wp:attachment":[{"href":"https:\/\/blogs.encamina.com\/encamina-se-mueve\/wp-json\/wp\/v2\/media?parent=4822"}],"wp:term":[{"taxonomy":"category","embeddable":true,"href":"https:\/\/blogs.encamina.com\/encamina-se-mueve\/wp-json\/wp\/v2\/categories?post=4822"},{"taxonomy":"post_tag","embeddable":true,"href":"https:\/\/blogs.encamina.com\/encamina-se-mueve\/wp-json\/wp\/v2\/tags?post=4822"}],"curies":[{"name":"wp","href":"https:\/\/api.w.org\/{rel}","templated":true}]}}