{"id":4597,"date":"2023-04-17T10:35:43","date_gmt":"2023-04-17T09:35:43","guid":{"rendered":"https:\/\/blogs.encamina.com\/encamina-se-mueve\/?p=4597"},"modified":"2023-04-17T10:36:59","modified_gmt":"2023-04-17T09:36:59","slug":"desafio-steam-ministra-de-innovacion","status":"publish","type":"post","link":"https:\/\/blogs.encamina.com\/encamina-se-mueve\/desafio-steam-ministra-de-innovacion\/","title":{"rendered":"Hablamos de Desaf\u00edo STEAM con la Ministra de Ciencia e Innovaci\u00f3n"},"content":{"rendered":"<p><a href=\"http:\/\/blogs.encamina.com\/encamina-se-mueve\/wp-content\/uploads\/sites\/4\/2023\/04\/MicrosoftTeams-image-24.jpg\"><img loading=\"lazy\" decoding=\"async\" class=\"alignnone size-full wp-image-4599\" src=\"http:\/\/blogs.encamina.com\/encamina-se-mueve\/wp-content\/uploads\/sites\/4\/2023\/04\/MicrosoftTeams-image-24.jpg\" alt=\"\" width=\"1024\" height=\"768\" srcset=\"https:\/\/encaminablogs.wpenginepowered.com\/encamina-se-mueve\/wp-content\/uploads\/sites\/4\/2023\/04\/MicrosoftTeams-image-24.jpg 1024w, https:\/\/encaminablogs.wpenginepowered.com\/encamina-se-mueve\/wp-content\/uploads\/sites\/4\/2023\/04\/MicrosoftTeams-image-24-300x225.jpg 300w, https:\/\/encaminablogs.wpenginepowered.com\/encamina-se-mueve\/wp-content\/uploads\/sites\/4\/2023\/04\/MicrosoftTeams-image-24-768x576.jpg 768w, https:\/\/encaminablogs.wpenginepowered.com\/encamina-se-mueve\/wp-content\/uploads\/sites\/4\/2023\/04\/MicrosoftTeams-image-24-610x458.jpg 610w\" sizes=\"auto, (max-width: 1024px) 100vw, 1024px\" \/><\/a><\/p>\n<p>La semana pasada os contamos una visita muy especial a las oficinas de <strong>ENCAMINA<\/strong>. La <strong>Ministra de Ciencia e Innovaci\u00f3n<\/strong> , Diana Morant, <a href=\"https:\/\/blogs.encamina.com\/encamina-se-mueve\/4582-2\/\"><strong>se acerc\u00f3 a conocernos<\/strong><\/a> como empresa puntera de Sagunto, donde se celebr\u00f3 la entrega de las distinciones a las nuevas <strong>\u00abCiudades de la Ciencia y la Innovaci\u00f3n\u00bb<\/strong>.<\/p>\n<p><!--more--><\/p>\n<p>\u00a1Pero la cosa no acab\u00f3 ah\u00ed! La Ministra cerr\u00f3 su agenda con el acto <strong>\u00abHablemos de Ciencia\u00bb,<\/strong> donde distintos representantes pol\u00edticos y empresas comentaron iniciativas dirigidas a promover a la innovaci\u00f3n y la ciencia en la regi\u00f3n. <strong>\u00a1Y ENCAMINA no pod\u00eda perd\u00e9rselo!<\/strong><\/p>\n<p><strong>Cristina Pascual<\/strong>, nuestra l\u00edder de RR.HH, le cont\u00f3 a la Ministra el proyecto <strong><a href=\"https:\/\/www.linkedin.com\/feed\/update\/urn:li:activity:7037000920269774848\">Desaf\u00edo STEAM<\/a><\/strong>, una iniciativa impulsada por ISECO para promover <strong>las carreras de ciencia y tecnolog\u00eda entre las ni\u00f1as y j\u00f3venes<\/strong>. En el desaf\u00edo, varias empresas tecnol\u00f3gicas trabajan con equipos de estudiantes -mayormente compuestos y capitaneados por ni\u00f1as- ayud\u00e1ndoles a desarrollar un <strong>reto tecnol\u00f3gico<\/strong> con aplicaciones reales.<\/p>\n<p>Cristina comparti\u00f3 con los asistentes el trabajo de <strong>ENCAMINA<\/strong> con el <strong>I.E.S Eduardo Merello,<\/strong> ayud\u00e1ndoles a desarrollar su proyecto de sostenibilidad energ\u00e9tica, rupturista y escalable a otros centros, guiados por una mentora del <strong>#ENCATEAM<\/strong>, nuestra especialista en Modern Workplace, <strong>Dayam\u00ed Ch\u00e1vez<\/strong>.<\/p>\n<p><div id=\"attachment_4598\" style=\"width: 1034px\" class=\"wp-caption alignnone\"><a href=\"http:\/\/blogs.encamina.com\/encamina-se-mueve\/wp-content\/uploads\/sites\/4\/2023\/04\/MicrosoftTeams-image-25-scaled.jpg\"><img loading=\"lazy\" decoding=\"async\" aria-describedby=\"caption-attachment-4598\" class=\"wp-image-4598 size-large\" src=\"http:\/\/blogs.encamina.com\/encamina-se-mueve\/wp-content\/uploads\/sites\/4\/2023\/04\/MicrosoftTeams-image-25-1024x768.jpg\" alt=\"\" width=\"1024\" height=\"768\" srcset=\"https:\/\/encaminablogs.wpenginepowered.com\/encamina-se-mueve\/wp-content\/uploads\/sites\/4\/2023\/04\/MicrosoftTeams-image-25-1024x768.jpg 1024w, https:\/\/encaminablogs.wpenginepowered.com\/encamina-se-mueve\/wp-content\/uploads\/sites\/4\/2023\/04\/MicrosoftTeams-image-25-300x225.jpg 300w, https:\/\/encaminablogs.wpenginepowered.com\/encamina-se-mueve\/wp-content\/uploads\/sites\/4\/2023\/04\/MicrosoftTeams-image-25-768x576.jpg 768w, https:\/\/encaminablogs.wpenginepowered.com\/encamina-se-mueve\/wp-content\/uploads\/sites\/4\/2023\/04\/MicrosoftTeams-image-25-1536x1152.jpg 1536w, https:\/\/encaminablogs.wpenginepowered.com\/encamina-se-mueve\/wp-content\/uploads\/sites\/4\/2023\/04\/MicrosoftTeams-image-25-2048x1536.jpg 2048w, https:\/\/encaminablogs.wpenginepowered.com\/encamina-se-mueve\/wp-content\/uploads\/sites\/4\/2023\/04\/MicrosoftTeams-image-25-610x458.jpg 610w\" sizes=\"auto, (max-width: 1024px) 100vw, 1024px\" \/><\/a><p id=\"caption-attachment-4598\" class=\"wp-caption-text\">La Ministra de Ciencia e Innovaci\u00f3n con Margarita Sahuquillo y Carlos del I.E.S Eduardo Merello y Cristina Pascual y Dayam\u00ed Ch\u00e1vez de ENCAMINA<\/p><\/div><\/p>\n<p>El equipo del instituto, adem\u00e1s, ha participado en otras actividades como la<strong> visita a nuestras oficinas<\/strong> para conocer el funcionamiento de una consultora tecnol\u00f3gica o la <strong>conferencia de nuestras expertas t\u00e9cnicas<\/strong> para conmemorar el <strong>8 de marzo,<\/strong> a la que tuvo oportunidad de asistir el instituto al completo.<\/p>\n<p>La Ministra, por su parte, <strong>reivindic\u00f3 la incorporaci\u00f3n y la visibilizaci\u00f3n del talento femenino en ciencia y tecnolog\u00eda<\/strong> y destac\u00f3 el trabajo que empresas como <strong>ENCAMINA<\/strong> realiz\u00e1bamos en la regi\u00f3n con este objetivo.<\/p>\n<!-- AddThis Advanced Settings generic via filter on the_content --><!-- AddThis Share Buttons generic via filter on the_content --><span class=\"et_bloom_bottom_trigger\"><\/span>","protected":false},"excerpt":{"rendered":"<p>La semana pasada os contamos una visita muy especial a las oficinas de ENCAMINA. La Ministra de Ciencia e Innovaci\u00f3n , Diana Morant, se acerc\u00f3 a conocernos como empresa puntera de Sagunto, donde se celebr\u00f3 la entrega de las distinciones &hellip; <a href=\"https:\/\/blogs.encamina.com\/encamina-se-mueve\/desafio-steam-ministra-de-innovacion\/\">Continue reading <span class=\"meta-nav\">&rarr;<\/span><\/a><!-- AddThis Advanced Settings generic via filter on get_the_excerpt --><!-- AddThis Share Buttons generic via filter on get_the_excerpt --><\/p>\n","protected":false},"author":207,"featured_media":4599,"comment_status":"closed","ping_status":"open","sticky":false,"template":"","format":"standard","meta":{"footnotes":""},"categories":[94,65,81],"tags":[],"class_list":["post-4597","post","type-post","status-publish","format-standard","has-post-thumbnail","hentry","category-destacado","category-encamina","category-evento"],"yoast_head":"<!-- This site is optimized with the Yoast SEO Premium plugin v18.2.1 (Yoast SEO v27.3) - https:\/\/yoast.com\/product\/yoast-seo-premium-wordpress\/ -->\n<title>Hablamos de Desaf\u00edo STEAM con la Ministra de Ciencia e Innovaci\u00f3n | ENCAMINA se Mueve<\/title>\n<meta name=\"robots\" content=\"index, follow, max-snippet:-1, max-image-preview:large, max-video-preview:-1\" \/>\n<link rel=\"canonical\" href=\"https:\/\/blogs.encamina.com\/encamina-se-mueve\/desafio-steam-ministra-de-innovacion\/\" \/>\n<meta property=\"og:locale\" content=\"es_ES\" \/>\n<meta property=\"og:type\" content=\"article\" \/>\n<meta property=\"og:title\" content=\"Hablamos de Desaf\u00edo STEAM con la Ministra de Ciencia e Innovaci\u00f3n\" \/>\n<meta property=\"og:description\" content=\"La semana pasada os contamos una visita muy especial a las oficinas de ENCAMINA. La Ministra de Ciencia e Innovaci\u00f3n , Diana Morant, se acerc\u00f3 a conocernos como empresa puntera de Sagunto, donde se celebr\u00f3 la entrega de las distinciones &hellip; Continue reading &rarr;\" \/>\n<meta property=\"og:url\" content=\"https:\/\/blogs.encamina.com\/encamina-se-mueve\/desafio-steam-ministra-de-innovacion\/\" \/>\n<meta property=\"og:site_name\" content=\"ENCAMINA se Mueve\" \/>\n<meta property=\"article:published_time\" content=\"2023-04-17T09:35:43+00:00\" \/>\n<meta property=\"article:modified_time\" content=\"2023-04-17T09:36:59+00:00\" \/>\n<meta property=\"og:image\" content=\"http:\/\/blogs.encamina.com\/encamina-se-mueve\/wp-content\/uploads\/sites\/4\/2023\/04\/MicrosoftTeams-image-24.jpg\" \/>\n\t<meta property=\"og:image:width\" content=\"1024\" \/>\n\t<meta property=\"og:image:height\" content=\"768\" \/>\n\t<meta property=\"og:image:type\" content=\"image\/jpeg\" \/>\n<meta name=\"author\" content=\"Irene Otero\" \/>\n<meta name=\"twitter:card\" content=\"summary_large_image\" \/>\n<meta name=\"twitter:label1\" content=\"Escrito por\" \/>\n\t<meta name=\"twitter:data1\" content=\"Irene Otero\" \/>\n\t<meta name=\"twitter:label2\" content=\"Tiempo de lectura\" \/>\n\t<meta name=\"twitter:data2\" content=\"2 minutos\" \/>\n<script type=\"application\/ld+json\" class=\"yoast-schema-graph\">{\"@context\":\"https:\\\/\\\/schema.org\",\"@graph\":[{\"@type\":\"Article\",\"@id\":\"https:\\\/\\\/blogs.encamina.com\\\/encamina-se-mueve\\\/desafio-steam-ministra-de-innovacion\\\/#article\",\"isPartOf\":{\"@id\":\"https:\\\/\\\/blogs.encamina.com\\\/encamina-se-mueve\\\/desafio-steam-ministra-de-innovacion\\\/\"},\"author\":{\"name\":\"Irene Otero\",\"@id\":\"https:\\\/\\\/blogs.encamina.com\\\/encamina-se-mueve\\\/#\\\/schema\\\/person\\\/5890038d65ee9a2309c72518bd87b07f\"},\"headline\":\"Hablamos de Desaf\u00edo STEAM con la Ministra de Ciencia e Innovaci\u00f3n\",\"datePublished\":\"2023-04-17T09:35:43+00:00\",\"dateModified\":\"2023-04-17T09:36:59+00:00\",\"mainEntityOfPage\":{\"@id\":\"https:\\\/\\\/blogs.encamina.com\\\/encamina-se-mueve\\\/desafio-steam-ministra-de-innovacion\\\/\"},\"wordCount\":349,\"publisher\":{\"@id\":\"https:\\\/\\\/blogs.encamina.com\\\/encamina-se-mueve\\\/#organization\"},\"image\":{\"@id\":\"https:\\\/\\\/blogs.encamina.com\\\/encamina-se-mueve\\\/desafio-steam-ministra-de-innovacion\\\/#primaryimage\"},\"thumbnailUrl\":\"https:\\\/\\\/blogs.encamina.com\\\/encamina-se-mueve\\\/wp-content\\\/uploads\\\/sites\\\/4\\\/2023\\\/04\\\/MicrosoftTeams-image-24.jpg\",\"articleSection\":[\"Destacado\",\"ENCAMINA\",\"evento\"],\"inLanguage\":\"es\"},{\"@type\":\"WebPage\",\"@id\":\"https:\\\/\\\/blogs.encamina.com\\\/encamina-se-mueve\\\/desafio-steam-ministra-de-innovacion\\\/\",\"url\":\"https:\\\/\\\/blogs.encamina.com\\\/encamina-se-mueve\\\/desafio-steam-ministra-de-innovacion\\\/\",\"name\":\"Hablamos de Desaf\u00edo STEAM con la Ministra de Ciencia e Innovaci\u00f3n | ENCAMINA se Mueve\",\"isPartOf\":{\"@id\":\"https:\\\/\\\/blogs.encamina.com\\\/encamina-se-mueve\\\/#website\"},\"primaryImageOfPage\":{\"@id\":\"https:\\\/\\\/blogs.encamina.com\\\/encamina-se-mueve\\\/desafio-steam-ministra-de-innovacion\\\/#primaryimage\"},\"image\":{\"@id\":\"https:\\\/\\\/blogs.encamina.com\\\/encamina-se-mueve\\\/desafio-steam-ministra-de-innovacion\\\/#primaryimage\"},\"thumbnailUrl\":\"https:\\\/\\\/blogs.encamina.com\\\/encamina-se-mueve\\\/wp-content\\\/uploads\\\/sites\\\/4\\\/2023\\\/04\\\/MicrosoftTeams-image-24.jpg\",\"datePublished\":\"2023-04-17T09:35:43+00:00\",\"dateModified\":\"2023-04-17T09:36:59+00:00\",\"inLanguage\":\"es\",\"potentialAction\":[{\"@type\":\"ReadAction\",\"target\":[\"https:\\\/\\\/blogs.encamina.com\\\/encamina-se-mueve\\\/desafio-steam-ministra-de-innovacion\\\/\"]}]},{\"@type\":\"ImageObject\",\"inLanguage\":\"es\",\"@id\":\"https:\\\/\\\/blogs.encamina.com\\\/encamina-se-mueve\\\/desafio-steam-ministra-de-innovacion\\\/#primaryimage\",\"url\":\"https:\\\/\\\/blogs.encamina.com\\\/encamina-se-mueve\\\/wp-content\\\/uploads\\\/sites\\\/4\\\/2023\\\/04\\\/MicrosoftTeams-image-24.jpg\",\"contentUrl\":\"https:\\\/\\\/blogs.encamina.com\\\/encamina-se-mueve\\\/wp-content\\\/uploads\\\/sites\\\/4\\\/2023\\\/04\\\/MicrosoftTeams-image-24.jpg\",\"width\":1024,\"height\":768},{\"@type\":\"WebSite\",\"@id\":\"https:\\\/\\\/blogs.encamina.com\\\/encamina-se-mueve\\\/#website\",\"url\":\"https:\\\/\\\/blogs.encamina.com\\\/encamina-se-mueve\\\/\",\"name\":\"ENCAMINA se Mueve\",\"description\":\"Todo lo que se cuece en nuestro equipo: formaciones, charlas, webcasts, talleres...\",\"publisher\":{\"@id\":\"https:\\\/\\\/blogs.encamina.com\\\/encamina-se-mueve\\\/#organization\"},\"potentialAction\":[{\"@type\":\"SearchAction\",\"target\":{\"@type\":\"EntryPoint\",\"urlTemplate\":\"https:\\\/\\\/blogs.encamina.com\\\/encamina-se-mueve\\\/?s={search_term_string}\"},\"query-input\":{\"@type\":\"PropertyValueSpecification\",\"valueRequired\":true,\"valueName\":\"search_term_string\"}}],\"inLanguage\":\"es\"},{\"@type\":\"Organization\",\"@id\":\"https:\\\/\\\/blogs.encamina.com\\\/encamina-se-mueve\\\/#organization\",\"name\":\"ENCAMINA\",\"url\":\"https:\\\/\\\/blogs.encamina.com\\\/encamina-se-mueve\\\/\",\"logo\":{\"@type\":\"ImageObject\",\"inLanguage\":\"es\",\"@id\":\"https:\\\/\\\/blogs.encamina.com\\\/encamina-se-mueve\\\/#\\\/schema\\\/logo\\\/image\\\/\",\"url\":\"https:\\\/\\\/blogs.encamina.com\\\/encamina-se-mueve\\\/wp-content\\\/uploads\\\/sites\\\/4\\\/2018\\\/10\\\/Logo_ENCAMINA_sin-claim.png\",\"contentUrl\":\"https:\\\/\\\/blogs.encamina.com\\\/encamina-se-mueve\\\/wp-content\\\/uploads\\\/sites\\\/4\\\/2018\\\/10\\\/Logo_ENCAMINA_sin-claim.png\",\"width\":409,\"height\":77,\"caption\":\"ENCAMINA\"},\"image\":{\"@id\":\"https:\\\/\\\/blogs.encamina.com\\\/encamina-se-mueve\\\/#\\\/schema\\\/logo\\\/image\\\/\"}},{\"@type\":\"Person\",\"@id\":\"https:\\\/\\\/blogs.encamina.com\\\/encamina-se-mueve\\\/#\\\/schema\\\/person\\\/5890038d65ee9a2309c72518bd87b07f\",\"name\":\"Irene Otero\",\"image\":{\"@type\":\"ImageObject\",\"inLanguage\":\"es\",\"@id\":\"https:\\\/\\\/secure.gravatar.com\\\/avatar\\\/b4be7c28b766be555dd6dffb91ec3655a615a13e8e40ab9aabf7fd9c4394a398?s=96&d=mm&r=g\",\"url\":\"https:\\\/\\\/secure.gravatar.com\\\/avatar\\\/b4be7c28b766be555dd6dffb91ec3655a615a13e8e40ab9aabf7fd9c4394a398?s=96&d=mm&r=g\",\"contentUrl\":\"https:\\\/\\\/secure.gravatar.com\\\/avatar\\\/b4be7c28b766be555dd6dffb91ec3655a615a13e8e40ab9aabf7fd9c4394a398?s=96&d=mm&r=g\",\"caption\":\"Irene Otero\"},\"url\":\"https:\\\/\\\/blogs.encamina.com\\\/encamina-se-mueve\\\/author\\\/iotero\\\/\"}]}<\/script>\n<!-- \/ Yoast SEO Premium plugin. -->","yoast_head_json":{"title":"Hablamos de Desaf\u00edo STEAM con la Ministra de Ciencia e Innovaci\u00f3n | ENCAMINA se Mueve","robots":{"index":"index","follow":"follow","max-snippet":"max-snippet:-1","max-image-preview":"max-image-preview:large","max-video-preview":"max-video-preview:-1"},"canonical":"https:\/\/blogs.encamina.com\/encamina-se-mueve\/desafio-steam-ministra-de-innovacion\/","og_locale":"es_ES","og_type":"article","og_title":"Hablamos de Desaf\u00edo STEAM con la Ministra de Ciencia e Innovaci\u00f3n","og_description":"La semana pasada os contamos una visita muy especial a las oficinas de ENCAMINA. La Ministra de Ciencia e Innovaci\u00f3n , Diana Morant, se acerc\u00f3 a conocernos como empresa puntera de Sagunto, donde se celebr\u00f3 la entrega de las distinciones &hellip; Continue reading &rarr;","og_url":"https:\/\/blogs.encamina.com\/encamina-se-mueve\/desafio-steam-ministra-de-innovacion\/","og_site_name":"ENCAMINA se Mueve","article_published_time":"2023-04-17T09:35:43+00:00","article_modified_time":"2023-04-17T09:36:59+00:00","og_image":[{"width":1024,"height":768,"url":"http:\/\/blogs.encamina.com\/encamina-se-mueve\/wp-content\/uploads\/sites\/4\/2023\/04\/MicrosoftTeams-image-24.jpg","type":"image\/jpeg"}],"author":"Irene Otero","twitter_card":"summary_large_image","twitter_misc":{"Escrito por":"Irene Otero","Tiempo de lectura":"2 minutos"},"schema":{"@context":"https:\/\/schema.org","@graph":[{"@type":"Article","@id":"https:\/\/blogs.encamina.com\/encamina-se-mueve\/desafio-steam-ministra-de-innovacion\/#article","isPartOf":{"@id":"https:\/\/blogs.encamina.com\/encamina-se-mueve\/desafio-steam-ministra-de-innovacion\/"},"author":{"name":"Irene Otero","@id":"https:\/\/blogs.encamina.com\/encamina-se-mueve\/#\/schema\/person\/5890038d65ee9a2309c72518bd87b07f"},"headline":"Hablamos de Desaf\u00edo STEAM con la Ministra de Ciencia e Innovaci\u00f3n","datePublished":"2023-04-17T09:35:43+00:00","dateModified":"2023-04-17T09:36:59+00:00","mainEntityOfPage":{"@id":"https:\/\/blogs.encamina.com\/encamina-se-mueve\/desafio-steam-ministra-de-innovacion\/"},"wordCount":349,"publisher":{"@id":"https:\/\/blogs.encamina.com\/encamina-se-mueve\/#organization"},"image":{"@id":"https:\/\/blogs.encamina.com\/encamina-se-mueve\/desafio-steam-ministra-de-innovacion\/#primaryimage"},"thumbnailUrl":"https:\/\/blogs.encamina.com\/encamina-se-mueve\/wp-content\/uploads\/sites\/4\/2023\/04\/MicrosoftTeams-image-24.jpg","articleSection":["Destacado","ENCAMINA","evento"],"inLanguage":"es"},{"@type":"WebPage","@id":"https:\/\/blogs.encamina.com\/encamina-se-mueve\/desafio-steam-ministra-de-innovacion\/","url":"https:\/\/blogs.encamina.com\/encamina-se-mueve\/desafio-steam-ministra-de-innovacion\/","name":"Hablamos de Desaf\u00edo STEAM con la Ministra de Ciencia e Innovaci\u00f3n | ENCAMINA se Mueve","isPartOf":{"@id":"https:\/\/blogs.encamina.com\/encamina-se-mueve\/#website"},"primaryImageOfPage":{"@id":"https:\/\/blogs.encamina.com\/encamina-se-mueve\/desafio-steam-ministra-de-innovacion\/#primaryimage"},"image":{"@id":"https:\/\/blogs.encamina.com\/encamina-se-mueve\/desafio-steam-ministra-de-innovacion\/#primaryimage"},"thumbnailUrl":"https:\/\/blogs.encamina.com\/encamina-se-mueve\/wp-content\/uploads\/sites\/4\/2023\/04\/MicrosoftTeams-image-24.jpg","datePublished":"2023-04-17T09:35:43+00:00","dateModified":"2023-04-17T09:36:59+00:00","inLanguage":"es","potentialAction":[{"@type":"ReadAction","target":["https:\/\/blogs.encamina.com\/encamina-se-mueve\/desafio-steam-ministra-de-innovacion\/"]}]},{"@type":"ImageObject","inLanguage":"es","@id":"https:\/\/blogs.encamina.com\/encamina-se-mueve\/desafio-steam-ministra-de-innovacion\/#primaryimage","url":"https:\/\/blogs.encamina.com\/encamina-se-mueve\/wp-content\/uploads\/sites\/4\/2023\/04\/MicrosoftTeams-image-24.jpg","contentUrl":"https:\/\/blogs.encamina.com\/encamina-se-mueve\/wp-content\/uploads\/sites\/4\/2023\/04\/MicrosoftTeams-image-24.jpg","width":1024,"height":768},{"@type":"WebSite","@id":"https:\/\/blogs.encamina.com\/encamina-se-mueve\/#website","url":"https:\/\/blogs.encamina.com\/encamina-se-mueve\/","name":"ENCAMINA se Mueve","description":"Todo lo que se cuece en nuestro equipo: formaciones, charlas, webcasts, talleres...","publisher":{"@id":"https:\/\/blogs.encamina.com\/encamina-se-mueve\/#organization"},"potentialAction":[{"@type":"SearchAction","target":{"@type":"EntryPoint","urlTemplate":"https:\/\/blogs.encamina.com\/encamina-se-mueve\/?s={search_term_string}"},"query-input":{"@type":"PropertyValueSpecification","valueRequired":true,"valueName":"search_term_string"}}],"inLanguage":"es"},{"@type":"Organization","@id":"https:\/\/blogs.encamina.com\/encamina-se-mueve\/#organization","name":"ENCAMINA","url":"https:\/\/blogs.encamina.com\/encamina-se-mueve\/","logo":{"@type":"ImageObject","inLanguage":"es","@id":"https:\/\/blogs.encamina.com\/encamina-se-mueve\/#\/schema\/logo\/image\/","url":"https:\/\/blogs.encamina.com\/encamina-se-mueve\/wp-content\/uploads\/sites\/4\/2018\/10\/Logo_ENCAMINA_sin-claim.png","contentUrl":"https:\/\/blogs.encamina.com\/encamina-se-mueve\/wp-content\/uploads\/sites\/4\/2018\/10\/Logo_ENCAMINA_sin-claim.png","width":409,"height":77,"caption":"ENCAMINA"},"image":{"@id":"https:\/\/blogs.encamina.com\/encamina-se-mueve\/#\/schema\/logo\/image\/"}},{"@type":"Person","@id":"https:\/\/blogs.encamina.com\/encamina-se-mueve\/#\/schema\/person\/5890038d65ee9a2309c72518bd87b07f","name":"Irene Otero","image":{"@type":"ImageObject","inLanguage":"es","@id":"https:\/\/secure.gravatar.com\/avatar\/b4be7c28b766be555dd6dffb91ec3655a615a13e8e40ab9aabf7fd9c4394a398?s=96&d=mm&r=g","url":"https:\/\/secure.gravatar.com\/avatar\/b4be7c28b766be555dd6dffb91ec3655a615a13e8e40ab9aabf7fd9c4394a398?s=96&d=mm&r=g","contentUrl":"https:\/\/secure.gravatar.com\/avatar\/b4be7c28b766be555dd6dffb91ec3655a615a13e8e40ab9aabf7fd9c4394a398?s=96&d=mm&r=g","caption":"Irene Otero"},"url":"https:\/\/blogs.encamina.com\/encamina-se-mueve\/author\/iotero\/"}]}},"_links":{"self":[{"href":"https:\/\/blogs.encamina.com\/encamina-se-mueve\/wp-json\/wp\/v2\/posts\/4597","targetHints":{"allow":["GET"]}}],"collection":[{"href":"https:\/\/blogs.encamina.com\/encamina-se-mueve\/wp-json\/wp\/v2\/posts"}],"about":[{"href":"https:\/\/blogs.encamina.com\/encamina-se-mueve\/wp-json\/wp\/v2\/types\/post"}],"author":[{"embeddable":true,"href":"https:\/\/blogs.encamina.com\/encamina-se-mueve\/wp-json\/wp\/v2\/users\/207"}],"replies":[{"embeddable":true,"href":"https:\/\/blogs.encamina.com\/encamina-se-mueve\/wp-json\/wp\/v2\/comments?post=4597"}],"version-history":[{"count":0,"href":"https:\/\/blogs.encamina.com\/encamina-se-mueve\/wp-json\/wp\/v2\/posts\/4597\/revisions"}],"wp:featuredmedia":[{"embeddable":true,"href":"https:\/\/blogs.encamina.com\/encamina-se-mueve\/wp-json\/wp\/v2\/media\/4599"}],"wp:attachment":[{"href":"https:\/\/blogs.encamina.com\/encamina-se-mueve\/wp-json\/wp\/v2\/media?parent=4597"}],"wp:term":[{"taxonomy":"category","embeddable":true,"href":"https:\/\/blogs.encamina.com\/encamina-se-mueve\/wp-json\/wp\/v2\/categories?post=4597"},{"taxonomy":"post_tag","embeddable":true,"href":"https:\/\/blogs.encamina.com\/encamina-se-mueve\/wp-json\/wp\/v2\/tags?post=4597"}],"curies":[{"name":"wp","href":"https:\/\/api.w.org\/{rel}","templated":true}]}}