{"id":4254,"date":"2023-01-05T10:59:08","date_gmt":"2023-01-05T09:59:08","guid":{"rendered":"https:\/\/blogs.encamina.com\/encamina-se-mueve\/?p=4254"},"modified":"2023-02-23T09:05:18","modified_gmt":"2023-02-23T08:05:18","slug":"volvemos-a-reunirnos-con-el-talento-techie-en-empleatech-2023","status":"publish","type":"post","link":"https:\/\/blogs.encamina.com\/encamina-se-mueve\/volvemos-a-reunirnos-con-el-talento-techie-en-empleatech-2023\/","title":{"rendered":"Volvimos a reunirnos con el talento techie en EMPLEATECH 2023"},"content":{"rendered":"<div class=\"copy-paste-block\">\n<p><img loading=\"lazy\" decoding=\"async\" class=\"aligncenter size-full wp-image-4378\" src=\"http:\/\/blogs.encamina.com\/encamina-se-mueve\/wp-content\/uploads\/sites\/4\/2023\/01\/empleatech.jpg\" alt=\"\" width=\"1024\" height=\"771\" srcset=\"https:\/\/encaminablogs.wpenginepowered.com\/encamina-se-mueve\/wp-content\/uploads\/sites\/4\/2023\/01\/empleatech.jpg 1024w, https:\/\/encaminablogs.wpenginepowered.com\/encamina-se-mueve\/wp-content\/uploads\/sites\/4\/2023\/01\/empleatech-300x226.jpg 300w, https:\/\/encaminablogs.wpenginepowered.com\/encamina-se-mueve\/wp-content\/uploads\/sites\/4\/2023\/01\/empleatech-768x578.jpg 768w, https:\/\/encaminablogs.wpenginepowered.com\/encamina-se-mueve\/wp-content\/uploads\/sites\/4\/2023\/01\/empleatech-610x459.jpg 610w\" sizes=\"auto, (max-width: 1024px) 100vw, 1024px\" \/><\/p>\n<p>Un a\u00f1o m\u00e1s, desde ENCAMINA quisimos apoyar como sponsors el <strong><a href=\"https:\/\/empleatech.es\/\" target=\"_blank\" rel=\"noopener\">Foro de Empleo Tecnol\u00f3gico de Tajamar,<\/a><\/strong> que\u00a0 este a\u00f1o se renov\u00f3 como <strong><span style=\"color: #3366ff;\"><a style=\"color: #3366ff;\" href=\"https:\/\/empleatech.es\/\" target=\"_blank\" rel=\"noopener\">EMPLEATECH<\/a>.<\/span> <\/strong>Hubo retos y sorpresas para todos los alumnos que se unieron a nuestras sesiones y que se pasaron por nuestro stand \ud83d\ude09<\/p>\n<\/div>\n<p><!--more--><\/p>\n<p>Te invitamos a que veas todo lo que pas\u00f3 ese d\u00eda, en nuestra entrada en el blog de <a href=\"https:\/\/www.sumatutalento.com\/\" target=\"_blank\" rel=\"noopener\">Suma tu Talento<\/a> \ud83d\udc49 <a href=\"https:\/\/www.sumatutalento.com\/enamorados-del-talento-junior-de-empleatech-2023%F0%9F%98%8D\/#.Y_cdBSaZOSk\">Enamorados del talento junior de EMPLEATECH 2023\ud83d\ude0d\u00a0<\/a><\/p>\n<!-- AddThis Advanced Settings generic via filter on the_content --><!-- AddThis Share Buttons generic via filter on the_content --><span class=\"et_bloom_bottom_trigger\"><\/span>","protected":false},"excerpt":{"rendered":"<p>Un a\u00f1o m\u00e1s, desde ENCAMINA quisimos apoyar como sponsors el Foro de Empleo Tecnol\u00f3gico de Tajamar, que\u00a0 este a\u00f1o se renov\u00f3 como EMPLEATECH. Hubo retos y sorpresas para todos los alumnos que se unieron a nuestras sesiones y que se &hellip; <a href=\"https:\/\/blogs.encamina.com\/encamina-se-mueve\/volvemos-a-reunirnos-con-el-talento-techie-en-empleatech-2023\/\">Continue reading <span class=\"meta-nav\">&rarr;<\/span><\/a><!-- AddThis Advanced Settings generic via filter on get_the_excerpt --><!-- AddThis Share Buttons generic via filter on get_the_excerpt --><\/p>\n","protected":false},"author":171,"featured_media":4378,"comment_status":"closed","ping_status":"open","sticky":false,"template":"","format":"standard","meta":{"footnotes":""},"categories":[94,74],"tags":[],"class_list":["post-4254","post","type-post","status-publish","format-standard","has-post-thumbnail","hentry","category-destacado","category-empleo-joven"],"yoast_head":"<!-- This site is optimized with the Yoast SEO Premium plugin v18.2.1 (Yoast SEO v27.3) - https:\/\/yoast.com\/product\/yoast-seo-premium-wordpress\/ -->\n<title>Volvimos a reunirnos con el talento techie en EMPLEATECH 2023 | ENCAMINA<\/title>\n<meta name=\"description\" content=\"Un a\u00f1o m\u00e1s, desde ENCAMINA queremos apoyar como sponsors el Foro de Empleo Tecnol\u00f3gico de Tajamar, que\u00a0 este a\u00f1o se llama EMPLEATECH.\" \/>\n<meta name=\"robots\" content=\"index, follow, max-snippet:-1, max-image-preview:large, max-video-preview:-1\" \/>\n<link rel=\"canonical\" href=\"https:\/\/blogs.encamina.com\/encamina-se-mueve\/volvemos-a-reunirnos-con-el-talento-techie-en-empleatech-2023\/\" \/>\n<meta property=\"og:locale\" content=\"es_ES\" \/>\n<meta property=\"og:type\" content=\"article\" \/>\n<meta property=\"og:title\" content=\"Volvimos a reunirnos con el talento techie en EMPLEATECH 2023\" \/>\n<meta property=\"og:description\" content=\"Un a\u00f1o m\u00e1s, desde ENCAMINA queremos apoyar como sponsors el Foro de Empleo Tecnol\u00f3gico de Tajamar, que\u00a0 este a\u00f1o se llama EMPLEATECH.\" \/>\n<meta property=\"og:url\" content=\"https:\/\/blogs.encamina.com\/encamina-se-mueve\/volvemos-a-reunirnos-con-el-talento-techie-en-empleatech-2023\/\" \/>\n<meta property=\"og:site_name\" content=\"ENCAMINA se Mueve\" \/>\n<meta property=\"article:published_time\" content=\"2023-01-05T09:59:08+00:00\" \/>\n<meta property=\"article:modified_time\" content=\"2023-02-23T08:05:18+00:00\" \/>\n<meta property=\"og:image\" content=\"http:\/\/blogs.encamina.com\/encamina-se-mueve\/wp-content\/uploads\/sites\/4\/2023\/01\/empleatech.jpg\" \/>\n\t<meta property=\"og:image:width\" content=\"1024\" \/>\n\t<meta property=\"og:image:height\" content=\"771\" \/>\n\t<meta property=\"og:image:type\" content=\"image\/jpeg\" \/>\n<meta name=\"author\" content=\"Laura Blanch\" \/>\n<meta name=\"twitter:card\" content=\"summary_large_image\" \/>\n<meta name=\"twitter:label1\" content=\"Escrito por\" \/>\n\t<meta name=\"twitter:data1\" content=\"Laura Blanch\" \/>\n\t<meta name=\"twitter:label2\" content=\"Tiempo de lectura\" \/>\n\t<meta name=\"twitter:data2\" content=\"2 minutos\" \/>\n<script type=\"application\/ld+json\" class=\"yoast-schema-graph\">{\"@context\":\"https:\\\/\\\/schema.org\",\"@graph\":[{\"@type\":\"Article\",\"@id\":\"https:\\\/\\\/blogs.encamina.com\\\/encamina-se-mueve\\\/volvemos-a-reunirnos-con-el-talento-techie-en-empleatech-2023\\\/#article\",\"isPartOf\":{\"@id\":\"https:\\\/\\\/blogs.encamina.com\\\/encamina-se-mueve\\\/volvemos-a-reunirnos-con-el-talento-techie-en-empleatech-2023\\\/\"},\"author\":{\"name\":\"Laura Blanch\",\"@id\":\"https:\\\/\\\/blogs.encamina.com\\\/encamina-se-mueve\\\/#\\\/schema\\\/person\\\/49aedd5048203fe71d48ef3101fc351b\"},\"headline\":\"Volvimos a reunirnos con el talento techie en EMPLEATECH 2023\",\"datePublished\":\"2023-01-05T09:59:08+00:00\",\"dateModified\":\"2023-02-23T08:05:18+00:00\",\"mainEntityOfPage\":{\"@id\":\"https:\\\/\\\/blogs.encamina.com\\\/encamina-se-mueve\\\/volvemos-a-reunirnos-con-el-talento-techie-en-empleatech-2023\\\/\"},\"wordCount\":85,\"publisher\":{\"@id\":\"https:\\\/\\\/blogs.encamina.com\\\/encamina-se-mueve\\\/#organization\"},\"image\":{\"@id\":\"https:\\\/\\\/blogs.encamina.com\\\/encamina-se-mueve\\\/volvemos-a-reunirnos-con-el-talento-techie-en-empleatech-2023\\\/#primaryimage\"},\"thumbnailUrl\":\"https:\\\/\\\/blogs.encamina.com\\\/encamina-se-mueve\\\/wp-content\\\/uploads\\\/sites\\\/4\\\/2023\\\/01\\\/empleatech.jpg\",\"articleSection\":[\"Destacado\",\"Empleo Joven\"],\"inLanguage\":\"es\"},{\"@type\":\"WebPage\",\"@id\":\"https:\\\/\\\/blogs.encamina.com\\\/encamina-se-mueve\\\/volvemos-a-reunirnos-con-el-talento-techie-en-empleatech-2023\\\/\",\"url\":\"https:\\\/\\\/blogs.encamina.com\\\/encamina-se-mueve\\\/volvemos-a-reunirnos-con-el-talento-techie-en-empleatech-2023\\\/\",\"name\":\"Volvimos a reunirnos con el talento techie en EMPLEATECH 2023 | ENCAMINA\",\"isPartOf\":{\"@id\":\"https:\\\/\\\/blogs.encamina.com\\\/encamina-se-mueve\\\/#website\"},\"primaryImageOfPage\":{\"@id\":\"https:\\\/\\\/blogs.encamina.com\\\/encamina-se-mueve\\\/volvemos-a-reunirnos-con-el-talento-techie-en-empleatech-2023\\\/#primaryimage\"},\"image\":{\"@id\":\"https:\\\/\\\/blogs.encamina.com\\\/encamina-se-mueve\\\/volvemos-a-reunirnos-con-el-talento-techie-en-empleatech-2023\\\/#primaryimage\"},\"thumbnailUrl\":\"https:\\\/\\\/blogs.encamina.com\\\/encamina-se-mueve\\\/wp-content\\\/uploads\\\/sites\\\/4\\\/2023\\\/01\\\/empleatech.jpg\",\"datePublished\":\"2023-01-05T09:59:08+00:00\",\"dateModified\":\"2023-02-23T08:05:18+00:00\",\"description\":\"Un a\u00f1o m\u00e1s, desde ENCAMINA queremos apoyar como sponsors el Foro de Empleo Tecnol\u00f3gico de Tajamar, que\u00a0 este a\u00f1o se llama EMPLEATECH.\",\"inLanguage\":\"es\",\"potentialAction\":[{\"@type\":\"ReadAction\",\"target\":[\"https:\\\/\\\/blogs.encamina.com\\\/encamina-se-mueve\\\/volvemos-a-reunirnos-con-el-talento-techie-en-empleatech-2023\\\/\"]}]},{\"@type\":\"ImageObject\",\"inLanguage\":\"es\",\"@id\":\"https:\\\/\\\/blogs.encamina.com\\\/encamina-se-mueve\\\/volvemos-a-reunirnos-con-el-talento-techie-en-empleatech-2023\\\/#primaryimage\",\"url\":\"https:\\\/\\\/blogs.encamina.com\\\/encamina-se-mueve\\\/wp-content\\\/uploads\\\/sites\\\/4\\\/2023\\\/01\\\/empleatech.jpg\",\"contentUrl\":\"https:\\\/\\\/blogs.encamina.com\\\/encamina-se-mueve\\\/wp-content\\\/uploads\\\/sites\\\/4\\\/2023\\\/01\\\/empleatech.jpg\",\"width\":1024,\"height\":771},{\"@type\":\"WebSite\",\"@id\":\"https:\\\/\\\/blogs.encamina.com\\\/encamina-se-mueve\\\/#website\",\"url\":\"https:\\\/\\\/blogs.encamina.com\\\/encamina-se-mueve\\\/\",\"name\":\"ENCAMINA se Mueve\",\"description\":\"Todo lo que se cuece en nuestro equipo: formaciones, charlas, webcasts, talleres...\",\"publisher\":{\"@id\":\"https:\\\/\\\/blogs.encamina.com\\\/encamina-se-mueve\\\/#organization\"},\"potentialAction\":[{\"@type\":\"SearchAction\",\"target\":{\"@type\":\"EntryPoint\",\"urlTemplate\":\"https:\\\/\\\/blogs.encamina.com\\\/encamina-se-mueve\\\/?s={search_term_string}\"},\"query-input\":{\"@type\":\"PropertyValueSpecification\",\"valueRequired\":true,\"valueName\":\"search_term_string\"}}],\"inLanguage\":\"es\"},{\"@type\":\"Organization\",\"@id\":\"https:\\\/\\\/blogs.encamina.com\\\/encamina-se-mueve\\\/#organization\",\"name\":\"ENCAMINA\",\"url\":\"https:\\\/\\\/blogs.encamina.com\\\/encamina-se-mueve\\\/\",\"logo\":{\"@type\":\"ImageObject\",\"inLanguage\":\"es\",\"@id\":\"https:\\\/\\\/blogs.encamina.com\\\/encamina-se-mueve\\\/#\\\/schema\\\/logo\\\/image\\\/\",\"url\":\"https:\\\/\\\/blogs.encamina.com\\\/encamina-se-mueve\\\/wp-content\\\/uploads\\\/sites\\\/4\\\/2018\\\/10\\\/Logo_ENCAMINA_sin-claim.png\",\"contentUrl\":\"https:\\\/\\\/blogs.encamina.com\\\/encamina-se-mueve\\\/wp-content\\\/uploads\\\/sites\\\/4\\\/2018\\\/10\\\/Logo_ENCAMINA_sin-claim.png\",\"width\":409,\"height\":77,\"caption\":\"ENCAMINA\"},\"image\":{\"@id\":\"https:\\\/\\\/blogs.encamina.com\\\/encamina-se-mueve\\\/#\\\/schema\\\/logo\\\/image\\\/\"}},{\"@type\":\"Person\",\"@id\":\"https:\\\/\\\/blogs.encamina.com\\\/encamina-se-mueve\\\/#\\\/schema\\\/person\\\/49aedd5048203fe71d48ef3101fc351b\",\"name\":\"Laura Blanch\",\"image\":{\"@type\":\"ImageObject\",\"inLanguage\":\"es\",\"@id\":\"https:\\\/\\\/secure.gravatar.com\\\/avatar\\\/e6a10cbfac4f98beaaade7277395365843c5c8ca6ad3668abb7321e6763eb7a0?s=96&d=mm&r=g\",\"url\":\"https:\\\/\\\/secure.gravatar.com\\\/avatar\\\/e6a10cbfac4f98beaaade7277395365843c5c8ca6ad3668abb7321e6763eb7a0?s=96&d=mm&r=g\",\"contentUrl\":\"https:\\\/\\\/secure.gravatar.com\\\/avatar\\\/e6a10cbfac4f98beaaade7277395365843c5c8ca6ad3668abb7321e6763eb7a0?s=96&d=mm&r=g\",\"caption\":\"Laura Blanch\"},\"description\":\"Formo parte del estupendo departamento de Marketing y Comunicaci\u00f3n de ENCAMINA \ud83d\ude42\",\"url\":\"https:\\\/\\\/blogs.encamina.com\\\/encamina-se-mueve\\\/author\\\/lblanch\\\/\"}]}<\/script>\n<!-- \/ Yoast SEO Premium plugin. -->","yoast_head_json":{"title":"Volvimos a reunirnos con el talento techie en EMPLEATECH 2023 | ENCAMINA","description":"Un a\u00f1o m\u00e1s, desde ENCAMINA queremos apoyar como sponsors el Foro de Empleo Tecnol\u00f3gico de Tajamar, que\u00a0 este a\u00f1o se llama EMPLEATECH.","robots":{"index":"index","follow":"follow","max-snippet":"max-snippet:-1","max-image-preview":"max-image-preview:large","max-video-preview":"max-video-preview:-1"},"canonical":"https:\/\/blogs.encamina.com\/encamina-se-mueve\/volvemos-a-reunirnos-con-el-talento-techie-en-empleatech-2023\/","og_locale":"es_ES","og_type":"article","og_title":"Volvimos a reunirnos con el talento techie en EMPLEATECH 2023","og_description":"Un a\u00f1o m\u00e1s, desde ENCAMINA queremos apoyar como sponsors el Foro de Empleo Tecnol\u00f3gico de Tajamar, que\u00a0 este a\u00f1o se llama EMPLEATECH.","og_url":"https:\/\/blogs.encamina.com\/encamina-se-mueve\/volvemos-a-reunirnos-con-el-talento-techie-en-empleatech-2023\/","og_site_name":"ENCAMINA se Mueve","article_published_time":"2023-01-05T09:59:08+00:00","article_modified_time":"2023-02-23T08:05:18+00:00","og_image":[{"width":1024,"height":771,"url":"http:\/\/blogs.encamina.com\/encamina-se-mueve\/wp-content\/uploads\/sites\/4\/2023\/01\/empleatech.jpg","type":"image\/jpeg"}],"author":"Laura Blanch","twitter_card":"summary_large_image","twitter_misc":{"Escrito por":"Laura Blanch","Tiempo de lectura":"2 minutos"},"schema":{"@context":"https:\/\/schema.org","@graph":[{"@type":"Article","@id":"https:\/\/blogs.encamina.com\/encamina-se-mueve\/volvemos-a-reunirnos-con-el-talento-techie-en-empleatech-2023\/#article","isPartOf":{"@id":"https:\/\/blogs.encamina.com\/encamina-se-mueve\/volvemos-a-reunirnos-con-el-talento-techie-en-empleatech-2023\/"},"author":{"name":"Laura Blanch","@id":"https:\/\/blogs.encamina.com\/encamina-se-mueve\/#\/schema\/person\/49aedd5048203fe71d48ef3101fc351b"},"headline":"Volvimos a reunirnos con el talento techie en EMPLEATECH 2023","datePublished":"2023-01-05T09:59:08+00:00","dateModified":"2023-02-23T08:05:18+00:00","mainEntityOfPage":{"@id":"https:\/\/blogs.encamina.com\/encamina-se-mueve\/volvemos-a-reunirnos-con-el-talento-techie-en-empleatech-2023\/"},"wordCount":85,"publisher":{"@id":"https:\/\/blogs.encamina.com\/encamina-se-mueve\/#organization"},"image":{"@id":"https:\/\/blogs.encamina.com\/encamina-se-mueve\/volvemos-a-reunirnos-con-el-talento-techie-en-empleatech-2023\/#primaryimage"},"thumbnailUrl":"https:\/\/blogs.encamina.com\/encamina-se-mueve\/wp-content\/uploads\/sites\/4\/2023\/01\/empleatech.jpg","articleSection":["Destacado","Empleo Joven"],"inLanguage":"es"},{"@type":"WebPage","@id":"https:\/\/blogs.encamina.com\/encamina-se-mueve\/volvemos-a-reunirnos-con-el-talento-techie-en-empleatech-2023\/","url":"https:\/\/blogs.encamina.com\/encamina-se-mueve\/volvemos-a-reunirnos-con-el-talento-techie-en-empleatech-2023\/","name":"Volvimos a reunirnos con el talento techie en EMPLEATECH 2023 | ENCAMINA","isPartOf":{"@id":"https:\/\/blogs.encamina.com\/encamina-se-mueve\/#website"},"primaryImageOfPage":{"@id":"https:\/\/blogs.encamina.com\/encamina-se-mueve\/volvemos-a-reunirnos-con-el-talento-techie-en-empleatech-2023\/#primaryimage"},"image":{"@id":"https:\/\/blogs.encamina.com\/encamina-se-mueve\/volvemos-a-reunirnos-con-el-talento-techie-en-empleatech-2023\/#primaryimage"},"thumbnailUrl":"https:\/\/blogs.encamina.com\/encamina-se-mueve\/wp-content\/uploads\/sites\/4\/2023\/01\/empleatech.jpg","datePublished":"2023-01-05T09:59:08+00:00","dateModified":"2023-02-23T08:05:18+00:00","description":"Un a\u00f1o m\u00e1s, desde ENCAMINA queremos apoyar como sponsors el Foro de Empleo Tecnol\u00f3gico de Tajamar, que\u00a0 este a\u00f1o se llama EMPLEATECH.","inLanguage":"es","potentialAction":[{"@type":"ReadAction","target":["https:\/\/blogs.encamina.com\/encamina-se-mueve\/volvemos-a-reunirnos-con-el-talento-techie-en-empleatech-2023\/"]}]},{"@type":"ImageObject","inLanguage":"es","@id":"https:\/\/blogs.encamina.com\/encamina-se-mueve\/volvemos-a-reunirnos-con-el-talento-techie-en-empleatech-2023\/#primaryimage","url":"https:\/\/blogs.encamina.com\/encamina-se-mueve\/wp-content\/uploads\/sites\/4\/2023\/01\/empleatech.jpg","contentUrl":"https:\/\/blogs.encamina.com\/encamina-se-mueve\/wp-content\/uploads\/sites\/4\/2023\/01\/empleatech.jpg","width":1024,"height":771},{"@type":"WebSite","@id":"https:\/\/blogs.encamina.com\/encamina-se-mueve\/#website","url":"https:\/\/blogs.encamina.com\/encamina-se-mueve\/","name":"ENCAMINA se Mueve","description":"Todo lo que se cuece en nuestro equipo: formaciones, charlas, webcasts, talleres...","publisher":{"@id":"https:\/\/blogs.encamina.com\/encamina-se-mueve\/#organization"},"potentialAction":[{"@type":"SearchAction","target":{"@type":"EntryPoint","urlTemplate":"https:\/\/blogs.encamina.com\/encamina-se-mueve\/?s={search_term_string}"},"query-input":{"@type":"PropertyValueSpecification","valueRequired":true,"valueName":"search_term_string"}}],"inLanguage":"es"},{"@type":"Organization","@id":"https:\/\/blogs.encamina.com\/encamina-se-mueve\/#organization","name":"ENCAMINA","url":"https:\/\/blogs.encamina.com\/encamina-se-mueve\/","logo":{"@type":"ImageObject","inLanguage":"es","@id":"https:\/\/blogs.encamina.com\/encamina-se-mueve\/#\/schema\/logo\/image\/","url":"https:\/\/blogs.encamina.com\/encamina-se-mueve\/wp-content\/uploads\/sites\/4\/2018\/10\/Logo_ENCAMINA_sin-claim.png","contentUrl":"https:\/\/blogs.encamina.com\/encamina-se-mueve\/wp-content\/uploads\/sites\/4\/2018\/10\/Logo_ENCAMINA_sin-claim.png","width":409,"height":77,"caption":"ENCAMINA"},"image":{"@id":"https:\/\/blogs.encamina.com\/encamina-se-mueve\/#\/schema\/logo\/image\/"}},{"@type":"Person","@id":"https:\/\/blogs.encamina.com\/encamina-se-mueve\/#\/schema\/person\/49aedd5048203fe71d48ef3101fc351b","name":"Laura Blanch","image":{"@type":"ImageObject","inLanguage":"es","@id":"https:\/\/secure.gravatar.com\/avatar\/e6a10cbfac4f98beaaade7277395365843c5c8ca6ad3668abb7321e6763eb7a0?s=96&d=mm&r=g","url":"https:\/\/secure.gravatar.com\/avatar\/e6a10cbfac4f98beaaade7277395365843c5c8ca6ad3668abb7321e6763eb7a0?s=96&d=mm&r=g","contentUrl":"https:\/\/secure.gravatar.com\/avatar\/e6a10cbfac4f98beaaade7277395365843c5c8ca6ad3668abb7321e6763eb7a0?s=96&d=mm&r=g","caption":"Laura Blanch"},"description":"Formo parte del estupendo departamento de Marketing y Comunicaci\u00f3n de ENCAMINA \ud83d\ude42","url":"https:\/\/blogs.encamina.com\/encamina-se-mueve\/author\/lblanch\/"}]}},"_links":{"self":[{"href":"https:\/\/blogs.encamina.com\/encamina-se-mueve\/wp-json\/wp\/v2\/posts\/4254","targetHints":{"allow":["GET"]}}],"collection":[{"href":"https:\/\/blogs.encamina.com\/encamina-se-mueve\/wp-json\/wp\/v2\/posts"}],"about":[{"href":"https:\/\/blogs.encamina.com\/encamina-se-mueve\/wp-json\/wp\/v2\/types\/post"}],"author":[{"embeddable":true,"href":"https:\/\/blogs.encamina.com\/encamina-se-mueve\/wp-json\/wp\/v2\/users\/171"}],"replies":[{"embeddable":true,"href":"https:\/\/blogs.encamina.com\/encamina-se-mueve\/wp-json\/wp\/v2\/comments?post=4254"}],"version-history":[{"count":0,"href":"https:\/\/blogs.encamina.com\/encamina-se-mueve\/wp-json\/wp\/v2\/posts\/4254\/revisions"}],"wp:featuredmedia":[{"embeddable":true,"href":"https:\/\/blogs.encamina.com\/encamina-se-mueve\/wp-json\/wp\/v2\/media\/4378"}],"wp:attachment":[{"href":"https:\/\/blogs.encamina.com\/encamina-se-mueve\/wp-json\/wp\/v2\/media?parent=4254"}],"wp:term":[{"taxonomy":"category","embeddable":true,"href":"https:\/\/blogs.encamina.com\/encamina-se-mueve\/wp-json\/wp\/v2\/categories?post=4254"},{"taxonomy":"post_tag","embeddable":true,"href":"https:\/\/blogs.encamina.com\/encamina-se-mueve\/wp-json\/wp\/v2\/tags?post=4254"}],"curies":[{"name":"wp","href":"https:\/\/api.w.org\/{rel}","templated":true}]}}