{"id":3980,"date":"2022-10-27T05:33:15","date_gmt":"2022-10-27T04:33:15","guid":{"rendered":"https:\/\/blogs.encamina.com\/encamina-se-mueve\/?p=3980"},"modified":"2022-10-27T17:26:50","modified_gmt":"2022-10-27T16:26:50","slug":"nuestra-rsc-es-de-todos","status":"publish","type":"post","link":"https:\/\/blogs.encamina.com\/encamina-se-mueve\/nuestra-rsc-es-de-todos\/","title":{"rendered":"En ENCAMINA, nuestra RSC es de todos"},"content":{"rendered":"<p><img loading=\"lazy\" decoding=\"async\" class=\"aligncenter size-full wp-image-3986\" src=\"http:\/\/blogs.encamina.com\/encamina-se-mueve\/wp-content\/uploads\/sites\/4\/2022\/10\/Tajamar-mix.jpg\" alt=\"\" width=\"1086\" height=\"611\" srcset=\"https:\/\/encaminablogs.wpenginepowered.com\/encamina-se-mueve\/wp-content\/uploads\/sites\/4\/2022\/10\/Tajamar-mix.jpg 1086w, https:\/\/encaminablogs.wpenginepowered.com\/encamina-se-mueve\/wp-content\/uploads\/sites\/4\/2022\/10\/Tajamar-mix-300x169.jpg 300w, https:\/\/encaminablogs.wpenginepowered.com\/encamina-se-mueve\/wp-content\/uploads\/sites\/4\/2022\/10\/Tajamar-mix-1024x576.jpg 1024w, https:\/\/encaminablogs.wpenginepowered.com\/encamina-se-mueve\/wp-content\/uploads\/sites\/4\/2022\/10\/Tajamar-mix-768x432.jpg 768w, https:\/\/encaminablogs.wpenginepowered.com\/encamina-se-mueve\/wp-content\/uploads\/sites\/4\/2022\/10\/Tajamar-mix-610x343.jpg 610w\" sizes=\"auto, (max-width: 1086px) 100vw, 1086px\" \/><\/p>\n<p><span data-contrast=\"auto\">En ENCAMINA <a href=\"https:\/\/blogs.encamina.com\/en-las-nubes\/una-pyme-hablando-de-rsc\/\" target=\"_blank\" rel=\"noopener\">tenemos muy clara nuestra <strong>Responsabilidad Social Corporativa<\/strong><\/a> (RSC) y est\u00e1 vinculada al <strong>desarrollo del talento TIC en la sociedad, especialmente entre los j\u00f3venes<\/strong>. En ese sentido, participamos en todas las iniciativas que podemos (patrocinio de eventos tecnol\u00f3gicos, C\u00e1tedras en la UPCT y la UPV, colaboraci\u00f3n con comunidades t\u00e9cnicas de toda Espa\u00f1a, con centros de formaci\u00f3n, etc.). Sin embargo, ninguna de estas iniciativas es equiparable al esfuerzo que hacen nuestros propios compa\u00f1eros por impulsar el talento TIC \ud83e\udd17<\/span><\/p>\n<p><!--more--><\/p>\n<p><a href=\"https:\/\/www.encamina.com\/los-otros-resultados-de-encamina-memoria-social-2021\/\" target=\"_blank\" rel=\"noopener\">Al #ENCATEAM le mola estar presente en todos los eventos, webinars o jornadas de formaci\u00f3n<\/a> sobre tecnolog\u00eda Microsoft. No solo son oportunidades incre\u00edbles de aprendizaje, sino que la mayor\u00eda de las veces, son ellos los que van a estos eventos a hablar sobre su experiencia con la tecnolog\u00eda (dan charlas en colegios, institutos o escuelas fomentando el talento TIC, participan en foros, webinars, encuentros, mesas redondas, imparten charlas en eventos, escriben art\u00edculos, etc.)&#8230;y eso implica mucho esfuerzo personal. Tiempo personal que sacrifican para poder preparar estas charlas y asistir a los eventos.<\/p>\n<p>Ellos, con sus aportaciones a la sociedad y sobre todo, al talento <em>techie<\/em> m\u00e1s joven, <strong>son los que de verdad conectan y dan sentido a nuestra RSC<\/strong>.<\/p>\n<p><span data-contrast=\"auto\">El \u00faltimo ejemplo lo hemos vivido hace muy poquitos d\u00edas en <strong><a href=\"https:\/\/techriders.tajamar.es\/\" target=\"_blank\" rel=\"noopener\">Tajamar Tech Riders<\/a><\/strong>, una iniciativa de la secci\u00f3n de Tecnolog\u00eda de Tajamar FP+Professional Education, en la que los alumnos de los M\u00e1steres han conocido un poco mejor lo que les espera en su transcurrir por la tecnolog\u00eda.<\/span><\/p>\n<p>En esta aventura de \u00abmentorizar\u00bb a los estudiantes hay varios compa\u00f1eros de ENCAMINA, como <strong>Marta Vald\u00e9s<\/strong> y <strong>Borja Piris<\/strong>.<\/p>\n<p><span data-contrast=\"auto\">Marta es\u00a0 exalumna de Tajamar y tras realizar sus pr\u00e1cticas con nosotros, entr\u00f3 a formar parte del ENCATEAM. Cuando le propusieron este reto dijo que s\u00ed sin dudarlo. R<\/span><span data-contrast=\"auto\">ecordando su paso por Tajamar, nos contaba que ese curso le cambi\u00f3 la vida. <\/span><\/p>\n<blockquote><p><span data-contrast=\"auto\">\u00abEstar en Tech Riders es una forma de agradecer todo lo que han hecho por m\u00ed. Ahora quiero acompa\u00f1ar a los estudiantes que empiezan y estar con ellos para lo que necesiten. Les plantear\u00e9 pruebas, retos y les explicar\u00e9 metodolog\u00edas\u00bb<\/span><\/p><\/blockquote>\n<p>Borja, adem\u00e1s de exalumno de Tajamar, tambi\u00e9n ha sido formador tecnol\u00f3gico y uno de los impulsores del <a href=\"https:\/\/blogs.encamina.com\/encamina-se-mueve\/vamos-a-por-el-vi-foro-de-empleo-tecnologico-tajamar\/\" target=\"_blank\" rel=\"noopener\">Foro de Empleo Tajamar<\/a> en sus primeras ediciones. \u00c9l ha visto en el Tech Riders la oportunidad de llegar a la gente que est\u00e1 empezando.<\/p>\n<blockquote><p>\u00abCuando est\u00e1s empezando, todav\u00eda no est\u00e1s metido en la comunidad t\u00e9cnica y no tienes la oportunidad de acercarte a los eventos en los que pasan las cosas. Orientar a los m\u00e1s j\u00f3venes, formarles, ayudarles a que encuentren salidas profesionales&#8230; hacer de hermano mayor, me encanta\u00bb<\/p><\/blockquote>\n<p><span data-contrast=\"auto\">Esa vocaci\u00f3n de Marta, de Borja\u00a0 (y de otros muchos compa\u00f1eros del ENCATEAM) por colaborar con una sociedad m\u00e1s preparada para el presente y el futuro, es RSC en estado puro.<\/span><\/p>\n<p><strong> Si desde nuestra RSC aportamos un poquito al mundo que nos rodea, es gracias al #ENCATEAM.<\/strong><\/p>\n<!-- AddThis Advanced Settings generic via filter on the_content --><!-- AddThis Share Buttons generic via filter on the_content --><span class=\"et_bloom_bottom_trigger\"><\/span>","protected":false},"excerpt":{"rendered":"<p>En ENCAMINA tenemos muy clara nuestra Responsabilidad Social Corporativa (RSC) y est\u00e1 vinculada al desarrollo del talento TIC en la sociedad, especialmente entre los j\u00f3venes. En ese sentido, participamos en todas las iniciativas que podemos (patrocinio de eventos tecnol\u00f3gicos, C\u00e1tedras &hellip; <a href=\"https:\/\/blogs.encamina.com\/encamina-se-mueve\/nuestra-rsc-es-de-todos\/\">Continue reading <span class=\"meta-nav\">&rarr;<\/span><\/a><!-- AddThis Advanced Settings generic via filter on get_the_excerpt --><!-- AddThis Share Buttons generic via filter on get_the_excerpt --><\/p>\n","protected":false},"author":171,"featured_media":3986,"comment_status":"closed","ping_status":"open","sticky":false,"template":"","format":"standard","meta":{"footnotes":""},"categories":[94,74,110],"tags":[],"class_list":["post-3980","post","type-post","status-publish","format-standard","has-post-thumbnail","hentry","category-destacado","category-empleo-joven","category-rsc"],"yoast_head":"<!-- This site is optimized with the Yoast SEO Premium plugin v18.2.1 (Yoast SEO v27.3) - https:\/\/yoast.com\/product\/yoast-seo-premium-wordpress\/ -->\n<title>En ENCAMINA, nuestra RSC es de todos | ENCAMINA se Mueve<\/title>\n<meta name=\"description\" content=\"La vocaci\u00f3n del ENCATEAM por colaborar con una sociedad m\u00e1s preparada para el presente y el futuro, es RSC en estado puro.\" \/>\n<meta name=\"robots\" content=\"index, follow, max-snippet:-1, max-image-preview:large, max-video-preview:-1\" \/>\n<link rel=\"canonical\" href=\"https:\/\/blogs.encamina.com\/encamina-se-mueve\/nuestra-rsc-es-de-todos\/\" \/>\n<meta property=\"og:locale\" content=\"es_ES\" \/>\n<meta property=\"og:type\" content=\"article\" \/>\n<meta property=\"og:title\" content=\"En ENCAMINA, nuestra RSC es de todos\" \/>\n<meta property=\"og:description\" content=\"La vocaci\u00f3n del ENCATEAM por colaborar con una sociedad m\u00e1s preparada para el presente y el futuro, es RSC en estado puro.\" \/>\n<meta property=\"og:url\" content=\"https:\/\/blogs.encamina.com\/encamina-se-mueve\/nuestra-rsc-es-de-todos\/\" \/>\n<meta property=\"og:site_name\" content=\"ENCAMINA se Mueve\" \/>\n<meta property=\"article:published_time\" content=\"2022-10-27T04:33:15+00:00\" \/>\n<meta property=\"article:modified_time\" content=\"2022-10-27T16:26:50+00:00\" \/>\n<meta property=\"og:image\" content=\"http:\/\/blogs.encamina.com\/encamina-se-mueve\/wp-content\/uploads\/sites\/4\/2022\/10\/Tajamar-mix.jpg\" \/>\n\t<meta property=\"og:image:width\" content=\"1086\" \/>\n\t<meta property=\"og:image:height\" content=\"611\" \/>\n\t<meta property=\"og:image:type\" content=\"image\/jpeg\" \/>\n<meta name=\"author\" content=\"Laura Blanch\" \/>\n<meta name=\"twitter:card\" content=\"summary_large_image\" \/>\n<meta name=\"twitter:label1\" content=\"Escrito por\" \/>\n\t<meta name=\"twitter:data1\" content=\"Laura Blanch\" \/>\n\t<meta name=\"twitter:label2\" content=\"Tiempo de lectura\" \/>\n\t<meta name=\"twitter:data2\" content=\"3 minutos\" \/>\n<script type=\"application\/ld+json\" class=\"yoast-schema-graph\">{\"@context\":\"https:\\\/\\\/schema.org\",\"@graph\":[{\"@type\":\"Article\",\"@id\":\"https:\\\/\\\/blogs.encamina.com\\\/encamina-se-mueve\\\/nuestra-rsc-es-de-todos\\\/#article\",\"isPartOf\":{\"@id\":\"https:\\\/\\\/blogs.encamina.com\\\/encamina-se-mueve\\\/nuestra-rsc-es-de-todos\\\/\"},\"author\":{\"name\":\"Laura Blanch\",\"@id\":\"https:\\\/\\\/blogs.encamina.com\\\/encamina-se-mueve\\\/#\\\/schema\\\/person\\\/49aedd5048203fe71d48ef3101fc351b\"},\"headline\":\"En ENCAMINA, nuestra RSC es de todos\",\"datePublished\":\"2022-10-27T04:33:15+00:00\",\"dateModified\":\"2022-10-27T16:26:50+00:00\",\"mainEntityOfPage\":{\"@id\":\"https:\\\/\\\/blogs.encamina.com\\\/encamina-se-mueve\\\/nuestra-rsc-es-de-todos\\\/\"},\"wordCount\":527,\"publisher\":{\"@id\":\"https:\\\/\\\/blogs.encamina.com\\\/encamina-se-mueve\\\/#organization\"},\"image\":{\"@id\":\"https:\\\/\\\/blogs.encamina.com\\\/encamina-se-mueve\\\/nuestra-rsc-es-de-todos\\\/#primaryimage\"},\"thumbnailUrl\":\"https:\\\/\\\/blogs.encamina.com\\\/encamina-se-mueve\\\/wp-content\\\/uploads\\\/sites\\\/4\\\/2022\\\/10\\\/Tajamar-mix.jpg\",\"articleSection\":[\"Destacado\",\"Empleo Joven\",\"RSC\"],\"inLanguage\":\"es\"},{\"@type\":\"WebPage\",\"@id\":\"https:\\\/\\\/blogs.encamina.com\\\/encamina-se-mueve\\\/nuestra-rsc-es-de-todos\\\/\",\"url\":\"https:\\\/\\\/blogs.encamina.com\\\/encamina-se-mueve\\\/nuestra-rsc-es-de-todos\\\/\",\"name\":\"En ENCAMINA, nuestra RSC es de todos | ENCAMINA se Mueve\",\"isPartOf\":{\"@id\":\"https:\\\/\\\/blogs.encamina.com\\\/encamina-se-mueve\\\/#website\"},\"primaryImageOfPage\":{\"@id\":\"https:\\\/\\\/blogs.encamina.com\\\/encamina-se-mueve\\\/nuestra-rsc-es-de-todos\\\/#primaryimage\"},\"image\":{\"@id\":\"https:\\\/\\\/blogs.encamina.com\\\/encamina-se-mueve\\\/nuestra-rsc-es-de-todos\\\/#primaryimage\"},\"thumbnailUrl\":\"https:\\\/\\\/blogs.encamina.com\\\/encamina-se-mueve\\\/wp-content\\\/uploads\\\/sites\\\/4\\\/2022\\\/10\\\/Tajamar-mix.jpg\",\"datePublished\":\"2022-10-27T04:33:15+00:00\",\"dateModified\":\"2022-10-27T16:26:50+00:00\",\"description\":\"La vocaci\u00f3n del ENCATEAM por colaborar con una sociedad m\u00e1s preparada para el presente y el futuro, es RSC en estado puro.\",\"inLanguage\":\"es\",\"potentialAction\":[{\"@type\":\"ReadAction\",\"target\":[\"https:\\\/\\\/blogs.encamina.com\\\/encamina-se-mueve\\\/nuestra-rsc-es-de-todos\\\/\"]}]},{\"@type\":\"ImageObject\",\"inLanguage\":\"es\",\"@id\":\"https:\\\/\\\/blogs.encamina.com\\\/encamina-se-mueve\\\/nuestra-rsc-es-de-todos\\\/#primaryimage\",\"url\":\"https:\\\/\\\/blogs.encamina.com\\\/encamina-se-mueve\\\/wp-content\\\/uploads\\\/sites\\\/4\\\/2022\\\/10\\\/Tajamar-mix.jpg\",\"contentUrl\":\"https:\\\/\\\/blogs.encamina.com\\\/encamina-se-mueve\\\/wp-content\\\/uploads\\\/sites\\\/4\\\/2022\\\/10\\\/Tajamar-mix.jpg\",\"width\":1086,\"height\":611},{\"@type\":\"WebSite\",\"@id\":\"https:\\\/\\\/blogs.encamina.com\\\/encamina-se-mueve\\\/#website\",\"url\":\"https:\\\/\\\/blogs.encamina.com\\\/encamina-se-mueve\\\/\",\"name\":\"ENCAMINA se Mueve\",\"description\":\"Todo lo que se cuece en nuestro equipo: formaciones, charlas, webcasts, talleres...\",\"publisher\":{\"@id\":\"https:\\\/\\\/blogs.encamina.com\\\/encamina-se-mueve\\\/#organization\"},\"potentialAction\":[{\"@type\":\"SearchAction\",\"target\":{\"@type\":\"EntryPoint\",\"urlTemplate\":\"https:\\\/\\\/blogs.encamina.com\\\/encamina-se-mueve\\\/?s={search_term_string}\"},\"query-input\":{\"@type\":\"PropertyValueSpecification\",\"valueRequired\":true,\"valueName\":\"search_term_string\"}}],\"inLanguage\":\"es\"},{\"@type\":\"Organization\",\"@id\":\"https:\\\/\\\/blogs.encamina.com\\\/encamina-se-mueve\\\/#organization\",\"name\":\"ENCAMINA\",\"url\":\"https:\\\/\\\/blogs.encamina.com\\\/encamina-se-mueve\\\/\",\"logo\":{\"@type\":\"ImageObject\",\"inLanguage\":\"es\",\"@id\":\"https:\\\/\\\/blogs.encamina.com\\\/encamina-se-mueve\\\/#\\\/schema\\\/logo\\\/image\\\/\",\"url\":\"https:\\\/\\\/blogs.encamina.com\\\/encamina-se-mueve\\\/wp-content\\\/uploads\\\/sites\\\/4\\\/2018\\\/10\\\/Logo_ENCAMINA_sin-claim.png\",\"contentUrl\":\"https:\\\/\\\/blogs.encamina.com\\\/encamina-se-mueve\\\/wp-content\\\/uploads\\\/sites\\\/4\\\/2018\\\/10\\\/Logo_ENCAMINA_sin-claim.png\",\"width\":409,\"height\":77,\"caption\":\"ENCAMINA\"},\"image\":{\"@id\":\"https:\\\/\\\/blogs.encamina.com\\\/encamina-se-mueve\\\/#\\\/schema\\\/logo\\\/image\\\/\"}},{\"@type\":\"Person\",\"@id\":\"https:\\\/\\\/blogs.encamina.com\\\/encamina-se-mueve\\\/#\\\/schema\\\/person\\\/49aedd5048203fe71d48ef3101fc351b\",\"name\":\"Laura Blanch\",\"image\":{\"@type\":\"ImageObject\",\"inLanguage\":\"es\",\"@id\":\"https:\\\/\\\/secure.gravatar.com\\\/avatar\\\/e6a10cbfac4f98beaaade7277395365843c5c8ca6ad3668abb7321e6763eb7a0?s=96&d=mm&r=g\",\"url\":\"https:\\\/\\\/secure.gravatar.com\\\/avatar\\\/e6a10cbfac4f98beaaade7277395365843c5c8ca6ad3668abb7321e6763eb7a0?s=96&d=mm&r=g\",\"contentUrl\":\"https:\\\/\\\/secure.gravatar.com\\\/avatar\\\/e6a10cbfac4f98beaaade7277395365843c5c8ca6ad3668abb7321e6763eb7a0?s=96&d=mm&r=g\",\"caption\":\"Laura Blanch\"},\"description\":\"Formo parte del estupendo departamento de Marketing y Comunicaci\u00f3n de ENCAMINA \ud83d\ude42\",\"url\":\"https:\\\/\\\/blogs.encamina.com\\\/encamina-se-mueve\\\/author\\\/lblanch\\\/\"}]}<\/script>\n<!-- \/ Yoast SEO Premium plugin. -->","yoast_head_json":{"title":"En ENCAMINA, nuestra RSC es de todos | ENCAMINA se Mueve","description":"La vocaci\u00f3n del ENCATEAM por colaborar con una sociedad m\u00e1s preparada para el presente y el futuro, es RSC en estado puro.","robots":{"index":"index","follow":"follow","max-snippet":"max-snippet:-1","max-image-preview":"max-image-preview:large","max-video-preview":"max-video-preview:-1"},"canonical":"https:\/\/blogs.encamina.com\/encamina-se-mueve\/nuestra-rsc-es-de-todos\/","og_locale":"es_ES","og_type":"article","og_title":"En ENCAMINA, nuestra RSC es de todos","og_description":"La vocaci\u00f3n del ENCATEAM por colaborar con una sociedad m\u00e1s preparada para el presente y el futuro, es RSC en estado puro.","og_url":"https:\/\/blogs.encamina.com\/encamina-se-mueve\/nuestra-rsc-es-de-todos\/","og_site_name":"ENCAMINA se Mueve","article_published_time":"2022-10-27T04:33:15+00:00","article_modified_time":"2022-10-27T16:26:50+00:00","og_image":[{"width":1086,"height":611,"url":"http:\/\/blogs.encamina.com\/encamina-se-mueve\/wp-content\/uploads\/sites\/4\/2022\/10\/Tajamar-mix.jpg","type":"image\/jpeg"}],"author":"Laura Blanch","twitter_card":"summary_large_image","twitter_misc":{"Escrito por":"Laura Blanch","Tiempo de lectura":"3 minutos"},"schema":{"@context":"https:\/\/schema.org","@graph":[{"@type":"Article","@id":"https:\/\/blogs.encamina.com\/encamina-se-mueve\/nuestra-rsc-es-de-todos\/#article","isPartOf":{"@id":"https:\/\/blogs.encamina.com\/encamina-se-mueve\/nuestra-rsc-es-de-todos\/"},"author":{"name":"Laura Blanch","@id":"https:\/\/blogs.encamina.com\/encamina-se-mueve\/#\/schema\/person\/49aedd5048203fe71d48ef3101fc351b"},"headline":"En ENCAMINA, nuestra RSC es de todos","datePublished":"2022-10-27T04:33:15+00:00","dateModified":"2022-10-27T16:26:50+00:00","mainEntityOfPage":{"@id":"https:\/\/blogs.encamina.com\/encamina-se-mueve\/nuestra-rsc-es-de-todos\/"},"wordCount":527,"publisher":{"@id":"https:\/\/blogs.encamina.com\/encamina-se-mueve\/#organization"},"image":{"@id":"https:\/\/blogs.encamina.com\/encamina-se-mueve\/nuestra-rsc-es-de-todos\/#primaryimage"},"thumbnailUrl":"https:\/\/blogs.encamina.com\/encamina-se-mueve\/wp-content\/uploads\/sites\/4\/2022\/10\/Tajamar-mix.jpg","articleSection":["Destacado","Empleo Joven","RSC"],"inLanguage":"es"},{"@type":"WebPage","@id":"https:\/\/blogs.encamina.com\/encamina-se-mueve\/nuestra-rsc-es-de-todos\/","url":"https:\/\/blogs.encamina.com\/encamina-se-mueve\/nuestra-rsc-es-de-todos\/","name":"En ENCAMINA, nuestra RSC es de todos | ENCAMINA se Mueve","isPartOf":{"@id":"https:\/\/blogs.encamina.com\/encamina-se-mueve\/#website"},"primaryImageOfPage":{"@id":"https:\/\/blogs.encamina.com\/encamina-se-mueve\/nuestra-rsc-es-de-todos\/#primaryimage"},"image":{"@id":"https:\/\/blogs.encamina.com\/encamina-se-mueve\/nuestra-rsc-es-de-todos\/#primaryimage"},"thumbnailUrl":"https:\/\/blogs.encamina.com\/encamina-se-mueve\/wp-content\/uploads\/sites\/4\/2022\/10\/Tajamar-mix.jpg","datePublished":"2022-10-27T04:33:15+00:00","dateModified":"2022-10-27T16:26:50+00:00","description":"La vocaci\u00f3n del ENCATEAM por colaborar con una sociedad m\u00e1s preparada para el presente y el futuro, es RSC en estado puro.","inLanguage":"es","potentialAction":[{"@type":"ReadAction","target":["https:\/\/blogs.encamina.com\/encamina-se-mueve\/nuestra-rsc-es-de-todos\/"]}]},{"@type":"ImageObject","inLanguage":"es","@id":"https:\/\/blogs.encamina.com\/encamina-se-mueve\/nuestra-rsc-es-de-todos\/#primaryimage","url":"https:\/\/blogs.encamina.com\/encamina-se-mueve\/wp-content\/uploads\/sites\/4\/2022\/10\/Tajamar-mix.jpg","contentUrl":"https:\/\/blogs.encamina.com\/encamina-se-mueve\/wp-content\/uploads\/sites\/4\/2022\/10\/Tajamar-mix.jpg","width":1086,"height":611},{"@type":"WebSite","@id":"https:\/\/blogs.encamina.com\/encamina-se-mueve\/#website","url":"https:\/\/blogs.encamina.com\/encamina-se-mueve\/","name":"ENCAMINA se Mueve","description":"Todo lo que se cuece en nuestro equipo: formaciones, charlas, webcasts, talleres...","publisher":{"@id":"https:\/\/blogs.encamina.com\/encamina-se-mueve\/#organization"},"potentialAction":[{"@type":"SearchAction","target":{"@type":"EntryPoint","urlTemplate":"https:\/\/blogs.encamina.com\/encamina-se-mueve\/?s={search_term_string}"},"query-input":{"@type":"PropertyValueSpecification","valueRequired":true,"valueName":"search_term_string"}}],"inLanguage":"es"},{"@type":"Organization","@id":"https:\/\/blogs.encamina.com\/encamina-se-mueve\/#organization","name":"ENCAMINA","url":"https:\/\/blogs.encamina.com\/encamina-se-mueve\/","logo":{"@type":"ImageObject","inLanguage":"es","@id":"https:\/\/blogs.encamina.com\/encamina-se-mueve\/#\/schema\/logo\/image\/","url":"https:\/\/blogs.encamina.com\/encamina-se-mueve\/wp-content\/uploads\/sites\/4\/2018\/10\/Logo_ENCAMINA_sin-claim.png","contentUrl":"https:\/\/blogs.encamina.com\/encamina-se-mueve\/wp-content\/uploads\/sites\/4\/2018\/10\/Logo_ENCAMINA_sin-claim.png","width":409,"height":77,"caption":"ENCAMINA"},"image":{"@id":"https:\/\/blogs.encamina.com\/encamina-se-mueve\/#\/schema\/logo\/image\/"}},{"@type":"Person","@id":"https:\/\/blogs.encamina.com\/encamina-se-mueve\/#\/schema\/person\/49aedd5048203fe71d48ef3101fc351b","name":"Laura Blanch","image":{"@type":"ImageObject","inLanguage":"es","@id":"https:\/\/secure.gravatar.com\/avatar\/e6a10cbfac4f98beaaade7277395365843c5c8ca6ad3668abb7321e6763eb7a0?s=96&d=mm&r=g","url":"https:\/\/secure.gravatar.com\/avatar\/e6a10cbfac4f98beaaade7277395365843c5c8ca6ad3668abb7321e6763eb7a0?s=96&d=mm&r=g","contentUrl":"https:\/\/secure.gravatar.com\/avatar\/e6a10cbfac4f98beaaade7277395365843c5c8ca6ad3668abb7321e6763eb7a0?s=96&d=mm&r=g","caption":"Laura Blanch"},"description":"Formo parte del estupendo departamento de Marketing y Comunicaci\u00f3n de ENCAMINA \ud83d\ude42","url":"https:\/\/blogs.encamina.com\/encamina-se-mueve\/author\/lblanch\/"}]}},"_links":{"self":[{"href":"https:\/\/blogs.encamina.com\/encamina-se-mueve\/wp-json\/wp\/v2\/posts\/3980","targetHints":{"allow":["GET"]}}],"collection":[{"href":"https:\/\/blogs.encamina.com\/encamina-se-mueve\/wp-json\/wp\/v2\/posts"}],"about":[{"href":"https:\/\/blogs.encamina.com\/encamina-se-mueve\/wp-json\/wp\/v2\/types\/post"}],"author":[{"embeddable":true,"href":"https:\/\/blogs.encamina.com\/encamina-se-mueve\/wp-json\/wp\/v2\/users\/171"}],"replies":[{"embeddable":true,"href":"https:\/\/blogs.encamina.com\/encamina-se-mueve\/wp-json\/wp\/v2\/comments?post=3980"}],"version-history":[{"count":0,"href":"https:\/\/blogs.encamina.com\/encamina-se-mueve\/wp-json\/wp\/v2\/posts\/3980\/revisions"}],"wp:featuredmedia":[{"embeddable":true,"href":"https:\/\/blogs.encamina.com\/encamina-se-mueve\/wp-json\/wp\/v2\/media\/3986"}],"wp:attachment":[{"href":"https:\/\/blogs.encamina.com\/encamina-se-mueve\/wp-json\/wp\/v2\/media?parent=3980"}],"wp:term":[{"taxonomy":"category","embeddable":true,"href":"https:\/\/blogs.encamina.com\/encamina-se-mueve\/wp-json\/wp\/v2\/categories?post=3980"},{"taxonomy":"post_tag","embeddable":true,"href":"https:\/\/blogs.encamina.com\/encamina-se-mueve\/wp-json\/wp\/v2\/tags?post=3980"}],"curies":[{"name":"wp","href":"https:\/\/api.w.org\/{rel}","templated":true}]}}