{"id":3935,"date":"2022-10-10T20:50:23","date_gmt":"2022-10-10T19:50:23","guid":{"rendered":"https:\/\/blogs.encamina.com\/encamina-se-mueve\/?p=3935"},"modified":"2022-10-10T20:53:45","modified_gmt":"2022-10-10T19:53:45","slug":"hablando-del-talento-tecnologico-de-canarias","status":"publish","type":"post","link":"https:\/\/blogs.encamina.com\/encamina-se-mueve\/hablando-del-talento-tecnologico-de-canarias\/","title":{"rendered":"Canarias: Epicentro del talento tecnol\u00f3gico"},"content":{"rendered":"<p><img loading=\"lazy\" decoding=\"async\" class=\"aligncenter size-full wp-image-3936\" src=\"http:\/\/blogs.encamina.com\/encamina-se-mueve\/wp-content\/uploads\/sites\/4\/2022\/10\/Canarias-evento-talento-2.jpeg\" alt=\"\" width=\"1024\" height=\"768\" srcset=\"https:\/\/encaminablogs.wpenginepowered.com\/encamina-se-mueve\/wp-content\/uploads\/sites\/4\/2022\/10\/Canarias-evento-talento-2.jpeg 1024w, https:\/\/encaminablogs.wpenginepowered.com\/encamina-se-mueve\/wp-content\/uploads\/sites\/4\/2022\/10\/Canarias-evento-talento-2-300x225.jpeg 300w, https:\/\/encaminablogs.wpenginepowered.com\/encamina-se-mueve\/wp-content\/uploads\/sites\/4\/2022\/10\/Canarias-evento-talento-2-768x576.jpeg 768w, https:\/\/encaminablogs.wpenginepowered.com\/encamina-se-mueve\/wp-content\/uploads\/sites\/4\/2022\/10\/Canarias-evento-talento-2-610x458.jpeg 610w\" sizes=\"auto, (max-width: 1024px) 100vw, 1024px\" \/>\u00bfQu\u00e9 ofrece Canarias a los empresarios que quieren invertir en el archipi\u00e9lago? Para nosotros un<strong> talento tecnol\u00f3gico<\/strong> sin igual \ud83d\ude09 Este viernes hemos tenido el honor de ser invitados a un evento para hablar de nuestro #ENCAMINAHub en Canarias.<\/p>\n<p><!--more--><\/p>\n<p>Todos conocemos Canarias por sus playas, por sus hoteles, por su oferta gastron\u00f3mica, por su gente&#8230;Pero en este evento, el objetivo era dar a conocer su \u00absecreto mejor guardado\u00bb, y hablar de esos otros aspectos que importan mucho a las empresas de la pen\u00ednsula para decidirse a <strong>invertir en Canarias<\/strong>: fiscalidad, colaboraci\u00f3n con la administraci\u00f3n, empleo, seguridad jur\u00eddica, localizaci\u00f3n, etc.<\/p>\n<p>En nuestro caso hablamos del <strong>incre\u00edble talento tecnol\u00f3gico que hemos encontrado all\u00ed<\/strong> \ud83e\udd17 En Tenerife tenemos un #hub de talento digital <a href=\"https:\/\/blogs.encamina.com\/encamina-se-mueve\/inauguramos-encamina-tenerifehub\/\" target=\"_blank\" rel=\"noopener\">integrado en la Universidad de La Laguna.<\/a> Las personas que all\u00ed trabajan (Santy, Greg, Zeben, Pablo y Dani) se mueven a\u00a0 nuestras oficinas de la pen\u00ednsula cuando es necesario (gracias a la gran conectividad a\u00e9rea). Pero es que a la inversa sucede igual. Son much\u00edsimos los eventos locales relacionados con la tecnolog\u00eda que se organizan en las Islas, y a menudo tenemos la suerte de patrocinarlos y participar en ellos (<a href=\"https:\/\/blogs.encamina.com\/encamina-se-mueve\/eventos\/jsday-canarias\/\">JSDay Canarias,<\/a> <a href=\"https:\/\/blogs.encamina.com\/encamina-se-mueve\/preparados-para-el-tenerife-gg\/\">Tenerife GG,<\/a> <a href=\"https:\/\/blogs.encamina.com\/encamina-se-mueve\/encamina-estara-en-el-mobile-dev-day-tenerife\/\">MobileDev Day,<\/a> <a href=\"https:\/\/blogs.encamina.com\/encamina-se-mueve\/eventos\/net-conf-tenerife\/\">NetConf Tenerife<\/a>\u2026)<\/p>\n<p>Nuestra oficina en Tenerife es un ejemplo m\u00e1s de nuestra filosof\u00eda de trabajar \u201ceverywhere\u201d desde un modelo h\u00edbrido muy maduro; y tambi\u00e9n de la agilidad y apertura de miras con la que nos gusta trabajar, sobre todo de cara al proceso de internacionalizaci\u00f3n en el que tambi\u00e9n estamos embarcados ahora mismo \ud83d\ude0a<\/p>\n<p>As\u00ed, para nosotros, las Islas Canarias son, indiscutiblemente, uno de los epicentros del mejor talento tecnol\u00f3gico.<\/p>\n<p>Aqu\u00ed os dejamos un peque\u00f1o v\u00eddeo, con palabras de nuestra compa\u00f1era Cristina Pascual, Team Growth Specialist, quien represent\u00f3 a ENCAMINA en esta jornada \ud83d\ude42<\/p>\n<p><a href=\"https:\/\/www.levante-emv.com\/videos\/economia\/2022\/10\/07\/canary-islands-hub-secreto-negocios-espana-76988684.html\" target=\"_blank\" rel=\"noopener\"><img loading=\"lazy\" decoding=\"async\" class=\"aligncenter size-full wp-image-3953\" src=\"http:\/\/blogs.encamina.com\/encamina-se-mueve\/wp-content\/uploads\/sites\/4\/2022\/10\/Cristina-Pascual.jpg\" alt=\"\" width=\"1259\" height=\"718\" srcset=\"https:\/\/encaminablogs.wpenginepowered.com\/encamina-se-mueve\/wp-content\/uploads\/sites\/4\/2022\/10\/Cristina-Pascual.jpg 1259w, https:\/\/encaminablogs.wpenginepowered.com\/encamina-se-mueve\/wp-content\/uploads\/sites\/4\/2022\/10\/Cristina-Pascual-300x171.jpg 300w, https:\/\/encaminablogs.wpenginepowered.com\/encamina-se-mueve\/wp-content\/uploads\/sites\/4\/2022\/10\/Cristina-Pascual-1024x584.jpg 1024w, https:\/\/encaminablogs.wpenginepowered.com\/encamina-se-mueve\/wp-content\/uploads\/sites\/4\/2022\/10\/Cristina-Pascual-768x438.jpg 768w, https:\/\/encaminablogs.wpenginepowered.com\/encamina-se-mueve\/wp-content\/uploads\/sites\/4\/2022\/10\/Cristina-Pascual-610x348.jpg 610w\" sizes=\"auto, (max-width: 1259px) 100vw, 1259px\" \/><\/a><\/p>\n<p>El evento fue organizado por <a class=\"link copy\" title=\"PROEXCA\" href=\"https:\/\/proexca.es\/\" target=\"_blank\" rel=\"nofollow noopener\">PROEXCA<\/a> \u2014empresa p\u00fablica adscrita a la Consejer\u00eda de Econom\u00eda, Conocimiento y Empleo del Gobierno de Canarias\u2014, en colaboraci\u00f3n con <strong>Levante-EMV.\u00a0<\/strong><\/p>\n<!-- AddThis Advanced Settings generic via filter on the_content --><!-- AddThis Share Buttons generic via filter on the_content --><span class=\"et_bloom_bottom_trigger\"><\/span>","protected":false},"excerpt":{"rendered":"<p>\u00bfQu\u00e9 ofrece Canarias a los empresarios que quieren invertir en el archipi\u00e9lago? Para nosotros un talento tecnol\u00f3gico sin igual \ud83d\ude09 Este viernes hemos tenido el honor de ser invitados a un evento para hablar de nuestro #ENCAMINAHub en Canarias.<!-- AddThis Advanced Settings generic via filter on get_the_excerpt --><!-- AddThis Share Buttons generic via filter on get_the_excerpt --><\/p>\n","protected":false},"author":171,"featured_media":3936,"comment_status":"closed","ping_status":"open","sticky":false,"template":"","format":"standard","meta":{"footnotes":""},"categories":[94,81],"tags":[],"class_list":["post-3935","post","type-post","status-publish","format-standard","has-post-thumbnail","hentry","category-destacado","category-evento"],"yoast_head":"<!-- This site is optimized with the Yoast SEO Premium plugin v18.2.1 (Yoast SEO v27.3) - https:\/\/yoast.com\/product\/yoast-seo-premium-wordpress\/ -->\n<title>Canarias: Epicentro del talento tecnol\u00f3gico | ENCAMINA<\/title>\n<meta name=\"description\" content=\"Este viernes hemos tenido el honor de ser invitados a un evento para hablar de nuestro #ENCAMINAHub en Canarias\" \/>\n<meta name=\"robots\" content=\"index, follow, max-snippet:-1, max-image-preview:large, max-video-preview:-1\" \/>\n<link rel=\"canonical\" href=\"https:\/\/blogs.encamina.com\/encamina-se-mueve\/hablando-del-talento-tecnologico-de-canarias\/\" \/>\n<meta property=\"og:locale\" content=\"es_ES\" \/>\n<meta property=\"og:type\" content=\"article\" \/>\n<meta property=\"og:title\" content=\"Canarias: Epicentro del talento tecnol\u00f3gico\" \/>\n<meta property=\"og:description\" content=\"Este viernes hemos tenido el honor de ser invitados a un evento para hablar de nuestro #ENCAMINAHub en Canarias\" \/>\n<meta property=\"og:url\" content=\"https:\/\/blogs.encamina.com\/encamina-se-mueve\/hablando-del-talento-tecnologico-de-canarias\/\" \/>\n<meta property=\"og:site_name\" content=\"ENCAMINA se Mueve\" \/>\n<meta property=\"article:published_time\" content=\"2022-10-10T19:50:23+00:00\" \/>\n<meta property=\"article:modified_time\" content=\"2022-10-10T19:53:45+00:00\" \/>\n<meta property=\"og:image\" content=\"http:\/\/blogs.encamina.com\/encamina-se-mueve\/wp-content\/uploads\/sites\/4\/2022\/10\/Canarias-evento-talento-2.jpeg\" \/>\n\t<meta property=\"og:image:width\" content=\"1024\" \/>\n\t<meta property=\"og:image:height\" content=\"768\" \/>\n\t<meta property=\"og:image:type\" content=\"image\/jpeg\" \/>\n<meta name=\"author\" content=\"Laura Blanch\" \/>\n<meta name=\"twitter:card\" content=\"summary_large_image\" \/>\n<meta name=\"twitter:label1\" content=\"Escrito por\" \/>\n\t<meta name=\"twitter:data1\" content=\"Laura Blanch\" \/>\n\t<meta name=\"twitter:label2\" content=\"Tiempo de lectura\" \/>\n\t<meta name=\"twitter:data2\" content=\"2 minutos\" \/>\n<script type=\"application\/ld+json\" class=\"yoast-schema-graph\">{\"@context\":\"https:\\\/\\\/schema.org\",\"@graph\":[{\"@type\":\"Article\",\"@id\":\"https:\\\/\\\/blogs.encamina.com\\\/encamina-se-mueve\\\/hablando-del-talento-tecnologico-de-canarias\\\/#article\",\"isPartOf\":{\"@id\":\"https:\\\/\\\/blogs.encamina.com\\\/encamina-se-mueve\\\/hablando-del-talento-tecnologico-de-canarias\\\/\"},\"author\":{\"name\":\"Laura Blanch\",\"@id\":\"https:\\\/\\\/blogs.encamina.com\\\/encamina-se-mueve\\\/#\\\/schema\\\/person\\\/49aedd5048203fe71d48ef3101fc351b\"},\"headline\":\"Canarias: Epicentro del talento tecnol\u00f3gico\",\"datePublished\":\"2022-10-10T19:50:23+00:00\",\"dateModified\":\"2022-10-10T19:53:45+00:00\",\"mainEntityOfPage\":{\"@id\":\"https:\\\/\\\/blogs.encamina.com\\\/encamina-se-mueve\\\/hablando-del-talento-tecnologico-de-canarias\\\/\"},\"wordCount\":346,\"publisher\":{\"@id\":\"https:\\\/\\\/blogs.encamina.com\\\/encamina-se-mueve\\\/#organization\"},\"image\":{\"@id\":\"https:\\\/\\\/blogs.encamina.com\\\/encamina-se-mueve\\\/hablando-del-talento-tecnologico-de-canarias\\\/#primaryimage\"},\"thumbnailUrl\":\"https:\\\/\\\/blogs.encamina.com\\\/encamina-se-mueve\\\/wp-content\\\/uploads\\\/sites\\\/4\\\/2022\\\/10\\\/Canarias-evento-talento-2.jpeg\",\"articleSection\":[\"Destacado\",\"evento\"],\"inLanguage\":\"es\"},{\"@type\":\"WebPage\",\"@id\":\"https:\\\/\\\/blogs.encamina.com\\\/encamina-se-mueve\\\/hablando-del-talento-tecnologico-de-canarias\\\/\",\"url\":\"https:\\\/\\\/blogs.encamina.com\\\/encamina-se-mueve\\\/hablando-del-talento-tecnologico-de-canarias\\\/\",\"name\":\"Canarias: Epicentro del talento tecnol\u00f3gico | ENCAMINA\",\"isPartOf\":{\"@id\":\"https:\\\/\\\/blogs.encamina.com\\\/encamina-se-mueve\\\/#website\"},\"primaryImageOfPage\":{\"@id\":\"https:\\\/\\\/blogs.encamina.com\\\/encamina-se-mueve\\\/hablando-del-talento-tecnologico-de-canarias\\\/#primaryimage\"},\"image\":{\"@id\":\"https:\\\/\\\/blogs.encamina.com\\\/encamina-se-mueve\\\/hablando-del-talento-tecnologico-de-canarias\\\/#primaryimage\"},\"thumbnailUrl\":\"https:\\\/\\\/blogs.encamina.com\\\/encamina-se-mueve\\\/wp-content\\\/uploads\\\/sites\\\/4\\\/2022\\\/10\\\/Canarias-evento-talento-2.jpeg\",\"datePublished\":\"2022-10-10T19:50:23+00:00\",\"dateModified\":\"2022-10-10T19:53:45+00:00\",\"description\":\"Este viernes hemos tenido el honor de ser invitados a un evento para hablar de nuestro #ENCAMINAHub en Canarias\",\"inLanguage\":\"es\",\"potentialAction\":[{\"@type\":\"ReadAction\",\"target\":[\"https:\\\/\\\/blogs.encamina.com\\\/encamina-se-mueve\\\/hablando-del-talento-tecnologico-de-canarias\\\/\"]}]},{\"@type\":\"ImageObject\",\"inLanguage\":\"es\",\"@id\":\"https:\\\/\\\/blogs.encamina.com\\\/encamina-se-mueve\\\/hablando-del-talento-tecnologico-de-canarias\\\/#primaryimage\",\"url\":\"https:\\\/\\\/blogs.encamina.com\\\/encamina-se-mueve\\\/wp-content\\\/uploads\\\/sites\\\/4\\\/2022\\\/10\\\/Canarias-evento-talento-2.jpeg\",\"contentUrl\":\"https:\\\/\\\/blogs.encamina.com\\\/encamina-se-mueve\\\/wp-content\\\/uploads\\\/sites\\\/4\\\/2022\\\/10\\\/Canarias-evento-talento-2.jpeg\",\"width\":1024,\"height\":768},{\"@type\":\"WebSite\",\"@id\":\"https:\\\/\\\/blogs.encamina.com\\\/encamina-se-mueve\\\/#website\",\"url\":\"https:\\\/\\\/blogs.encamina.com\\\/encamina-se-mueve\\\/\",\"name\":\"ENCAMINA se Mueve\",\"description\":\"Todo lo que se cuece en nuestro equipo: formaciones, charlas, webcasts, talleres...\",\"publisher\":{\"@id\":\"https:\\\/\\\/blogs.encamina.com\\\/encamina-se-mueve\\\/#organization\"},\"potentialAction\":[{\"@type\":\"SearchAction\",\"target\":{\"@type\":\"EntryPoint\",\"urlTemplate\":\"https:\\\/\\\/blogs.encamina.com\\\/encamina-se-mueve\\\/?s={search_term_string}\"},\"query-input\":{\"@type\":\"PropertyValueSpecification\",\"valueRequired\":true,\"valueName\":\"search_term_string\"}}],\"inLanguage\":\"es\"},{\"@type\":\"Organization\",\"@id\":\"https:\\\/\\\/blogs.encamina.com\\\/encamina-se-mueve\\\/#organization\",\"name\":\"ENCAMINA\",\"url\":\"https:\\\/\\\/blogs.encamina.com\\\/encamina-se-mueve\\\/\",\"logo\":{\"@type\":\"ImageObject\",\"inLanguage\":\"es\",\"@id\":\"https:\\\/\\\/blogs.encamina.com\\\/encamina-se-mueve\\\/#\\\/schema\\\/logo\\\/image\\\/\",\"url\":\"https:\\\/\\\/blogs.encamina.com\\\/encamina-se-mueve\\\/wp-content\\\/uploads\\\/sites\\\/4\\\/2018\\\/10\\\/Logo_ENCAMINA_sin-claim.png\",\"contentUrl\":\"https:\\\/\\\/blogs.encamina.com\\\/encamina-se-mueve\\\/wp-content\\\/uploads\\\/sites\\\/4\\\/2018\\\/10\\\/Logo_ENCAMINA_sin-claim.png\",\"width\":409,\"height\":77,\"caption\":\"ENCAMINA\"},\"image\":{\"@id\":\"https:\\\/\\\/blogs.encamina.com\\\/encamina-se-mueve\\\/#\\\/schema\\\/logo\\\/image\\\/\"}},{\"@type\":\"Person\",\"@id\":\"https:\\\/\\\/blogs.encamina.com\\\/encamina-se-mueve\\\/#\\\/schema\\\/person\\\/49aedd5048203fe71d48ef3101fc351b\",\"name\":\"Laura Blanch\",\"image\":{\"@type\":\"ImageObject\",\"inLanguage\":\"es\",\"@id\":\"https:\\\/\\\/secure.gravatar.com\\\/avatar\\\/e6a10cbfac4f98beaaade7277395365843c5c8ca6ad3668abb7321e6763eb7a0?s=96&d=mm&r=g\",\"url\":\"https:\\\/\\\/secure.gravatar.com\\\/avatar\\\/e6a10cbfac4f98beaaade7277395365843c5c8ca6ad3668abb7321e6763eb7a0?s=96&d=mm&r=g\",\"contentUrl\":\"https:\\\/\\\/secure.gravatar.com\\\/avatar\\\/e6a10cbfac4f98beaaade7277395365843c5c8ca6ad3668abb7321e6763eb7a0?s=96&d=mm&r=g\",\"caption\":\"Laura Blanch\"},\"description\":\"Formo parte del estupendo departamento de Marketing y Comunicaci\u00f3n de ENCAMINA \ud83d\ude42\",\"url\":\"https:\\\/\\\/blogs.encamina.com\\\/encamina-se-mueve\\\/author\\\/lblanch\\\/\"}]}<\/script>\n<!-- \/ Yoast SEO Premium plugin. -->","yoast_head_json":{"title":"Canarias: Epicentro del talento tecnol\u00f3gico | ENCAMINA","description":"Este viernes hemos tenido el honor de ser invitados a un evento para hablar de nuestro #ENCAMINAHub en Canarias","robots":{"index":"index","follow":"follow","max-snippet":"max-snippet:-1","max-image-preview":"max-image-preview:large","max-video-preview":"max-video-preview:-1"},"canonical":"https:\/\/blogs.encamina.com\/encamina-se-mueve\/hablando-del-talento-tecnologico-de-canarias\/","og_locale":"es_ES","og_type":"article","og_title":"Canarias: Epicentro del talento tecnol\u00f3gico","og_description":"Este viernes hemos tenido el honor de ser invitados a un evento para hablar de nuestro #ENCAMINAHub en Canarias","og_url":"https:\/\/blogs.encamina.com\/encamina-se-mueve\/hablando-del-talento-tecnologico-de-canarias\/","og_site_name":"ENCAMINA se Mueve","article_published_time":"2022-10-10T19:50:23+00:00","article_modified_time":"2022-10-10T19:53:45+00:00","og_image":[{"width":1024,"height":768,"url":"http:\/\/blogs.encamina.com\/encamina-se-mueve\/wp-content\/uploads\/sites\/4\/2022\/10\/Canarias-evento-talento-2.jpeg","type":"image\/jpeg"}],"author":"Laura Blanch","twitter_card":"summary_large_image","twitter_misc":{"Escrito por":"Laura Blanch","Tiempo de lectura":"2 minutos"},"schema":{"@context":"https:\/\/schema.org","@graph":[{"@type":"Article","@id":"https:\/\/blogs.encamina.com\/encamina-se-mueve\/hablando-del-talento-tecnologico-de-canarias\/#article","isPartOf":{"@id":"https:\/\/blogs.encamina.com\/encamina-se-mueve\/hablando-del-talento-tecnologico-de-canarias\/"},"author":{"name":"Laura Blanch","@id":"https:\/\/blogs.encamina.com\/encamina-se-mueve\/#\/schema\/person\/49aedd5048203fe71d48ef3101fc351b"},"headline":"Canarias: Epicentro del talento tecnol\u00f3gico","datePublished":"2022-10-10T19:50:23+00:00","dateModified":"2022-10-10T19:53:45+00:00","mainEntityOfPage":{"@id":"https:\/\/blogs.encamina.com\/encamina-se-mueve\/hablando-del-talento-tecnologico-de-canarias\/"},"wordCount":346,"publisher":{"@id":"https:\/\/blogs.encamina.com\/encamina-se-mueve\/#organization"},"image":{"@id":"https:\/\/blogs.encamina.com\/encamina-se-mueve\/hablando-del-talento-tecnologico-de-canarias\/#primaryimage"},"thumbnailUrl":"https:\/\/blogs.encamina.com\/encamina-se-mueve\/wp-content\/uploads\/sites\/4\/2022\/10\/Canarias-evento-talento-2.jpeg","articleSection":["Destacado","evento"],"inLanguage":"es"},{"@type":"WebPage","@id":"https:\/\/blogs.encamina.com\/encamina-se-mueve\/hablando-del-talento-tecnologico-de-canarias\/","url":"https:\/\/blogs.encamina.com\/encamina-se-mueve\/hablando-del-talento-tecnologico-de-canarias\/","name":"Canarias: Epicentro del talento tecnol\u00f3gico | ENCAMINA","isPartOf":{"@id":"https:\/\/blogs.encamina.com\/encamina-se-mueve\/#website"},"primaryImageOfPage":{"@id":"https:\/\/blogs.encamina.com\/encamina-se-mueve\/hablando-del-talento-tecnologico-de-canarias\/#primaryimage"},"image":{"@id":"https:\/\/blogs.encamina.com\/encamina-se-mueve\/hablando-del-talento-tecnologico-de-canarias\/#primaryimage"},"thumbnailUrl":"https:\/\/blogs.encamina.com\/encamina-se-mueve\/wp-content\/uploads\/sites\/4\/2022\/10\/Canarias-evento-talento-2.jpeg","datePublished":"2022-10-10T19:50:23+00:00","dateModified":"2022-10-10T19:53:45+00:00","description":"Este viernes hemos tenido el honor de ser invitados a un evento para hablar de nuestro #ENCAMINAHub en Canarias","inLanguage":"es","potentialAction":[{"@type":"ReadAction","target":["https:\/\/blogs.encamina.com\/encamina-se-mueve\/hablando-del-talento-tecnologico-de-canarias\/"]}]},{"@type":"ImageObject","inLanguage":"es","@id":"https:\/\/blogs.encamina.com\/encamina-se-mueve\/hablando-del-talento-tecnologico-de-canarias\/#primaryimage","url":"https:\/\/blogs.encamina.com\/encamina-se-mueve\/wp-content\/uploads\/sites\/4\/2022\/10\/Canarias-evento-talento-2.jpeg","contentUrl":"https:\/\/blogs.encamina.com\/encamina-se-mueve\/wp-content\/uploads\/sites\/4\/2022\/10\/Canarias-evento-talento-2.jpeg","width":1024,"height":768},{"@type":"WebSite","@id":"https:\/\/blogs.encamina.com\/encamina-se-mueve\/#website","url":"https:\/\/blogs.encamina.com\/encamina-se-mueve\/","name":"ENCAMINA se Mueve","description":"Todo lo que se cuece en nuestro equipo: formaciones, charlas, webcasts, talleres...","publisher":{"@id":"https:\/\/blogs.encamina.com\/encamina-se-mueve\/#organization"},"potentialAction":[{"@type":"SearchAction","target":{"@type":"EntryPoint","urlTemplate":"https:\/\/blogs.encamina.com\/encamina-se-mueve\/?s={search_term_string}"},"query-input":{"@type":"PropertyValueSpecification","valueRequired":true,"valueName":"search_term_string"}}],"inLanguage":"es"},{"@type":"Organization","@id":"https:\/\/blogs.encamina.com\/encamina-se-mueve\/#organization","name":"ENCAMINA","url":"https:\/\/blogs.encamina.com\/encamina-se-mueve\/","logo":{"@type":"ImageObject","inLanguage":"es","@id":"https:\/\/blogs.encamina.com\/encamina-se-mueve\/#\/schema\/logo\/image\/","url":"https:\/\/blogs.encamina.com\/encamina-se-mueve\/wp-content\/uploads\/sites\/4\/2018\/10\/Logo_ENCAMINA_sin-claim.png","contentUrl":"https:\/\/blogs.encamina.com\/encamina-se-mueve\/wp-content\/uploads\/sites\/4\/2018\/10\/Logo_ENCAMINA_sin-claim.png","width":409,"height":77,"caption":"ENCAMINA"},"image":{"@id":"https:\/\/blogs.encamina.com\/encamina-se-mueve\/#\/schema\/logo\/image\/"}},{"@type":"Person","@id":"https:\/\/blogs.encamina.com\/encamina-se-mueve\/#\/schema\/person\/49aedd5048203fe71d48ef3101fc351b","name":"Laura Blanch","image":{"@type":"ImageObject","inLanguage":"es","@id":"https:\/\/secure.gravatar.com\/avatar\/e6a10cbfac4f98beaaade7277395365843c5c8ca6ad3668abb7321e6763eb7a0?s=96&d=mm&r=g","url":"https:\/\/secure.gravatar.com\/avatar\/e6a10cbfac4f98beaaade7277395365843c5c8ca6ad3668abb7321e6763eb7a0?s=96&d=mm&r=g","contentUrl":"https:\/\/secure.gravatar.com\/avatar\/e6a10cbfac4f98beaaade7277395365843c5c8ca6ad3668abb7321e6763eb7a0?s=96&d=mm&r=g","caption":"Laura Blanch"},"description":"Formo parte del estupendo departamento de Marketing y Comunicaci\u00f3n de ENCAMINA \ud83d\ude42","url":"https:\/\/blogs.encamina.com\/encamina-se-mueve\/author\/lblanch\/"}]}},"_links":{"self":[{"href":"https:\/\/blogs.encamina.com\/encamina-se-mueve\/wp-json\/wp\/v2\/posts\/3935","targetHints":{"allow":["GET"]}}],"collection":[{"href":"https:\/\/blogs.encamina.com\/encamina-se-mueve\/wp-json\/wp\/v2\/posts"}],"about":[{"href":"https:\/\/blogs.encamina.com\/encamina-se-mueve\/wp-json\/wp\/v2\/types\/post"}],"author":[{"embeddable":true,"href":"https:\/\/blogs.encamina.com\/encamina-se-mueve\/wp-json\/wp\/v2\/users\/171"}],"replies":[{"embeddable":true,"href":"https:\/\/blogs.encamina.com\/encamina-se-mueve\/wp-json\/wp\/v2\/comments?post=3935"}],"version-history":[{"count":0,"href":"https:\/\/blogs.encamina.com\/encamina-se-mueve\/wp-json\/wp\/v2\/posts\/3935\/revisions"}],"wp:featuredmedia":[{"embeddable":true,"href":"https:\/\/blogs.encamina.com\/encamina-se-mueve\/wp-json\/wp\/v2\/media\/3936"}],"wp:attachment":[{"href":"https:\/\/blogs.encamina.com\/encamina-se-mueve\/wp-json\/wp\/v2\/media?parent=3935"}],"wp:term":[{"taxonomy":"category","embeddable":true,"href":"https:\/\/blogs.encamina.com\/encamina-se-mueve\/wp-json\/wp\/v2\/categories?post=3935"},{"taxonomy":"post_tag","embeddable":true,"href":"https:\/\/blogs.encamina.com\/encamina-se-mueve\/wp-json\/wp\/v2\/tags?post=3935"}],"curies":[{"name":"wp","href":"https:\/\/api.w.org\/{rel}","templated":true}]}}