{"id":3855,"date":"2022-07-01T09:36:33","date_gmt":"2022-07-01T08:36:33","guid":{"rendered":"https:\/\/blogs.encamina.com\/encamina-se-mueve\/?p=3855"},"modified":"2022-11-10T10:52:45","modified_gmt":"2022-11-10T09:52:45","slug":"hay-mucha-gente-que-tambien-piensa-en-colores","status":"publish","type":"post","link":"https:\/\/blogs.encamina.com\/encamina-se-mueve\/hay-mucha-gente-que-tambien-piensa-en-colores\/","title":{"rendered":"Hay mucha gente que tambi\u00e9n Piensa en Colores&#8230;y les estamos buscando"},"content":{"rendered":"<p><img loading=\"lazy\" decoding=\"async\" class=\"aligncenter size-full wp-image-3856\" src=\"http:\/\/blogs.encamina.com\/encamina-se-mueve\/wp-content\/uploads\/sites\/4\/2022\/07\/Sam-scaled.jpg\" alt=\"\" width=\"2560\" height=\"1920\" srcset=\"https:\/\/encaminablogs.wpenginepowered.com\/encamina-se-mueve\/wp-content\/uploads\/sites\/4\/2022\/07\/Sam-scaled.jpg 2560w, https:\/\/encaminablogs.wpenginepowered.com\/encamina-se-mueve\/wp-content\/uploads\/sites\/4\/2022\/07\/Sam-300x225.jpg 300w, https:\/\/encaminablogs.wpenginepowered.com\/encamina-se-mueve\/wp-content\/uploads\/sites\/4\/2022\/07\/Sam-1024x768.jpg 1024w, https:\/\/encaminablogs.wpenginepowered.com\/encamina-se-mueve\/wp-content\/uploads\/sites\/4\/2022\/07\/Sam-768x576.jpg 768w, https:\/\/encaminablogs.wpenginepowered.com\/encamina-se-mueve\/wp-content\/uploads\/sites\/4\/2022\/07\/Sam-1536x1152.jpg 1536w, https:\/\/encaminablogs.wpenginepowered.com\/encamina-se-mueve\/wp-content\/uploads\/sites\/4\/2022\/07\/Sam-2048x1536.jpg 2048w, https:\/\/encaminablogs.wpenginepowered.com\/encamina-se-mueve\/wp-content\/uploads\/sites\/4\/2022\/07\/Sam-610x458.jpg 610w\" sizes=\"auto, (max-width: 2560px) 100vw, 2560px\" \/><\/p>\n<p>Que en ENCAMINA Pensamos en Colores es algo que ya sabes, y que no somos los \u00fanicos que lo hacemos, seguramente tambi\u00e9n \ud83d\ude09<\/p>\n<p><!--more--><\/p>\n<p><strong>Pensar en Colores<\/strong> no es algo exclusivamente nuestro, ni mucho menos. Se trata de ver, en nuestro caso la tecnolog\u00eda, y en tu caso seguramente otras cosas (tu trabajo por ejemplo), con un punto de optimismo y una actitud fresca, comprometida y buenrollista que, a veces, <a href=\"https:\/\/blogs.encamina.com\/en-las-nubes\/pensar-en-colores-deberia-tener-un-puntito-de-locura\/\" target=\"_blank\" rel=\"noopener\">tiene incluso un puntito de locura<\/a> \ud83d\ude42<\/p>\n<p>Al igual que pasa cuando te encuentras muy lejos de casa con alguien de tu equipo (de f\u00fatbol, o de baloncesto, o de lo que sea) y no puedes evitar una sonrisita c\u00f3mplice, as\u00ed nos sentimos nosotros cuando en el camino encontramos otras personas que Piensan en Colores.<\/p>\n<p>Es verdad que no nos tropezamos con ellas en cada esquina, a nosotros mismos muchas veces nos cuesta salir del aburrimiento y la rutina del d\u00eda a d\u00eda, pero no me negar\u00e9is que <strong>cuando alguien Piensa En Colores, se le ve de lejos<\/strong> \ud83e\uddd0 Tanto que, cuando esto ocurre, merece la pena celebrarlo y pensamos que ser\u00eda muy chulo otorgar una especie de \u00abbadge acredidativo de Pensar En Colores\u00bb a esas personas que nos vamos encontrando en el camino y que piensan \u00abfuera de la caja\u00bb, aunque sean ajenos a nuestros mundillo techie.<\/p>\n<p>Y eso nos pas\u00f3 con <strong><a href=\"https:\/\/www.linkedin.com\/in\/sam-gratton-1bb97512a\/\" target=\"_blank\" rel=\"noopener\">Sam Gratton<\/a>.<\/strong><\/p>\n<p><div id=\"attachment_3858\" style=\"width: 1310px\" class=\"wp-caption aligncenter\"><img loading=\"lazy\" decoding=\"async\" aria-describedby=\"caption-attachment-3858\" class=\"wp-image-3858 size-full\" src=\"http:\/\/blogs.encamina.com\/encamina-se-mueve\/wp-content\/uploads\/sites\/4\/2022\/07\/sam-piensa-en-colores.jpg\" alt=\"\" width=\"1300\" height=\"1082\" srcset=\"https:\/\/encaminablogs.wpenginepowered.com\/encamina-se-mueve\/wp-content\/uploads\/sites\/4\/2022\/07\/sam-piensa-en-colores.jpg 1300w, https:\/\/encaminablogs.wpenginepowered.com\/encamina-se-mueve\/wp-content\/uploads\/sites\/4\/2022\/07\/sam-piensa-en-colores-300x250.jpg 300w, https:\/\/encaminablogs.wpenginepowered.com\/encamina-se-mueve\/wp-content\/uploads\/sites\/4\/2022\/07\/sam-piensa-en-colores-1024x852.jpg 1024w, https:\/\/encaminablogs.wpenginepowered.com\/encamina-se-mueve\/wp-content\/uploads\/sites\/4\/2022\/07\/sam-piensa-en-colores-768x639.jpg 768w, https:\/\/encaminablogs.wpenginepowered.com\/encamina-se-mueve\/wp-content\/uploads\/sites\/4\/2022\/07\/sam-piensa-en-colores-610x508.jpg 610w\" sizes=\"auto, (max-width: 1300px) 100vw, 1300px\" \/><p id=\"caption-attachment-3858\" class=\"wp-caption-text\">Algunos retazos de los miles de post que Sam Gratton comparte desde su perfil de LinkedIn<\/p><\/div><\/p>\n<p>A primera vista, Sam es un \u00abprofe\u00bb de ingl\u00e9s que recomienda buenas pr\u00e1cticas a trav\u00e9s de\u00a0 LinkedIn para que sus alumnos no tiren la toalla con la lengua de Shakespeare&#8230; pero enseguida te das cuenta de que no es un \u00abprofe\u00bb cualquiera \ud83d\ude0b Sam es un experto en impulsar las habilidades de comunicaci\u00f3n empresarial. Lo incre\u00edble es que te atrapa aunque lo tuyo no sean precisamente los negocios internacionales \ud83d\ude05<\/p>\n<p>Cada post que sube es una historia llena de <strong>sentido del humor, de ingenio y de tips para que \u00abaprender\u00bb ingl\u00e9s sea divertido.<\/strong> Igual versiona una canci\u00f3n de Mecano, que se lanza con traje y corbata a una piscina.<\/p>\n<p>Sam es un <em>champion<\/em> en esto de Pensar En Colores y se merec\u00eda el primer\u00a0#badge\u00a0oficial que otorgamos a todos los que como \u00e9l, ponen \u00abun puntito de locura\u00bb a lo que hacen \ud83d\ude0d<\/p>\n<!-- AddThis Advanced Settings generic via filter on the_content --><!-- AddThis Share Buttons generic via filter on the_content --><span class=\"et_bloom_bottom_trigger\"><\/span>","protected":false},"excerpt":{"rendered":"<p>Que en ENCAMINA Pensamos en Colores es algo que ya sabes, y que no somos los \u00fanicos que lo hacemos, seguramente tambi\u00e9n \ud83d\ude09<!-- AddThis Advanced Settings generic via filter on get_the_excerpt --><!-- AddThis Share Buttons generic via filter on get_the_excerpt --><\/p>\n","protected":false},"author":171,"featured_media":0,"comment_status":"closed","ping_status":"open","sticky":false,"template":"","format":"standard","meta":{"footnotes":""},"categories":[65],"tags":[],"class_list":["post-3855","post","type-post","status-publish","format-standard","hentry","category-encamina"],"yoast_head":"<!-- This site is optimized with the Yoast SEO Premium plugin v18.2.1 (Yoast SEO v27.3) - https:\/\/yoast.com\/product\/yoast-seo-premium-wordpress\/ -->\n<title>Hay mucha gente que tambi\u00e9n Piensa en Colores...y les estamos buscando | ENCAMINA<\/title>\n<meta name=\"description\" content=\"A primera vista, Sam es un &quot;profe&quot; de ingl\u00e9s que recomienda buenas pr\u00e1cticas a trav\u00e9s de\u00a0 LinkedIn, pero Sam es MUY de Pensar En Colores.\" \/>\n<meta name=\"robots\" content=\"index, follow, max-snippet:-1, max-image-preview:large, max-video-preview:-1\" \/>\n<link rel=\"canonical\" href=\"https:\/\/blogs.encamina.com\/encamina-se-mueve\/hay-mucha-gente-que-tambien-piensa-en-colores\/\" \/>\n<meta property=\"og:locale\" content=\"es_ES\" \/>\n<meta property=\"og:type\" content=\"article\" \/>\n<meta property=\"og:title\" content=\"Hay mucha gente que tambi\u00e9n Piensa en Colores...y les estamos buscando\" \/>\n<meta property=\"og:description\" content=\"A primera vista, Sam es un &quot;profe&quot; de ingl\u00e9s que recomienda buenas pr\u00e1cticas a trav\u00e9s de\u00a0 LinkedIn, pero Sam es MUY de Pensar En Colores.\" \/>\n<meta property=\"og:url\" content=\"https:\/\/blogs.encamina.com\/encamina-se-mueve\/hay-mucha-gente-que-tambien-piensa-en-colores\/\" \/>\n<meta property=\"og:site_name\" content=\"ENCAMINA se Mueve\" \/>\n<meta property=\"article:published_time\" content=\"2022-07-01T08:36:33+00:00\" \/>\n<meta property=\"article:modified_time\" content=\"2022-11-10T09:52:45+00:00\" \/>\n<meta property=\"og:image\" content=\"http:\/\/blogs.encamina.com\/encamina-se-mueve\/wp-content\/uploads\/sites\/4\/2022\/07\/Sam-scaled.jpg\" \/>\n<meta name=\"author\" content=\"Laura Blanch\" \/>\n<meta name=\"twitter:card\" content=\"summary_large_image\" \/>\n<meta name=\"twitter:label1\" content=\"Escrito por\" \/>\n\t<meta name=\"twitter:data1\" content=\"Laura Blanch\" \/>\n\t<meta name=\"twitter:label2\" content=\"Tiempo de lectura\" \/>\n\t<meta name=\"twitter:data2\" content=\"3 minutos\" \/>\n<script type=\"application\/ld+json\" class=\"yoast-schema-graph\">{\"@context\":\"https:\\\/\\\/schema.org\",\"@graph\":[{\"@type\":\"Article\",\"@id\":\"https:\\\/\\\/blogs.encamina.com\\\/encamina-se-mueve\\\/hay-mucha-gente-que-tambien-piensa-en-colores\\\/#article\",\"isPartOf\":{\"@id\":\"https:\\\/\\\/blogs.encamina.com\\\/encamina-se-mueve\\\/hay-mucha-gente-que-tambien-piensa-en-colores\\\/\"},\"author\":{\"name\":\"Laura Blanch\",\"@id\":\"https:\\\/\\\/blogs.encamina.com\\\/encamina-se-mueve\\\/#\\\/schema\\\/person\\\/49aedd5048203fe71d48ef3101fc351b\"},\"headline\":\"Hay mucha gente que tambi\u00e9n Piensa en Colores&#8230;y les estamos buscando\",\"datePublished\":\"2022-07-01T08:36:33+00:00\",\"dateModified\":\"2022-11-10T09:52:45+00:00\",\"mainEntityOfPage\":{\"@id\":\"https:\\\/\\\/blogs.encamina.com\\\/encamina-se-mueve\\\/hay-mucha-gente-que-tambien-piensa-en-colores\\\/\"},\"wordCount\":414,\"publisher\":{\"@id\":\"https:\\\/\\\/blogs.encamina.com\\\/encamina-se-mueve\\\/#organization\"},\"image\":{\"@id\":\"https:\\\/\\\/blogs.encamina.com\\\/encamina-se-mueve\\\/hay-mucha-gente-que-tambien-piensa-en-colores\\\/#primaryimage\"},\"thumbnailUrl\":\"http:\\\/\\\/blogs.encamina.com\\\/encamina-se-mueve\\\/wp-content\\\/uploads\\\/sites\\\/4\\\/2022\\\/07\\\/Sam-scaled.jpg\",\"articleSection\":[\"ENCAMINA\"],\"inLanguage\":\"es\"},{\"@type\":\"WebPage\",\"@id\":\"https:\\\/\\\/blogs.encamina.com\\\/encamina-se-mueve\\\/hay-mucha-gente-que-tambien-piensa-en-colores\\\/\",\"url\":\"https:\\\/\\\/blogs.encamina.com\\\/encamina-se-mueve\\\/hay-mucha-gente-que-tambien-piensa-en-colores\\\/\",\"name\":\"Hay mucha gente que tambi\u00e9n Piensa en Colores...y les estamos buscando | ENCAMINA\",\"isPartOf\":{\"@id\":\"https:\\\/\\\/blogs.encamina.com\\\/encamina-se-mueve\\\/#website\"},\"primaryImageOfPage\":{\"@id\":\"https:\\\/\\\/blogs.encamina.com\\\/encamina-se-mueve\\\/hay-mucha-gente-que-tambien-piensa-en-colores\\\/#primaryimage\"},\"image\":{\"@id\":\"https:\\\/\\\/blogs.encamina.com\\\/encamina-se-mueve\\\/hay-mucha-gente-que-tambien-piensa-en-colores\\\/#primaryimage\"},\"thumbnailUrl\":\"http:\\\/\\\/blogs.encamina.com\\\/encamina-se-mueve\\\/wp-content\\\/uploads\\\/sites\\\/4\\\/2022\\\/07\\\/Sam-scaled.jpg\",\"datePublished\":\"2022-07-01T08:36:33+00:00\",\"dateModified\":\"2022-11-10T09:52:45+00:00\",\"description\":\"A primera vista, Sam es un \\\"profe\\\" de ingl\u00e9s que recomienda buenas pr\u00e1cticas a trav\u00e9s de\u00a0 LinkedIn, pero Sam es MUY de Pensar En Colores.\",\"inLanguage\":\"es\",\"potentialAction\":[{\"@type\":\"ReadAction\",\"target\":[\"https:\\\/\\\/blogs.encamina.com\\\/encamina-se-mueve\\\/hay-mucha-gente-que-tambien-piensa-en-colores\\\/\"]}]},{\"@type\":\"ImageObject\",\"inLanguage\":\"es\",\"@id\":\"https:\\\/\\\/blogs.encamina.com\\\/encamina-se-mueve\\\/hay-mucha-gente-que-tambien-piensa-en-colores\\\/#primaryimage\",\"url\":\"https:\\\/\\\/blogs.encamina.com\\\/encamina-se-mueve\\\/wp-content\\\/uploads\\\/sites\\\/4\\\/2022\\\/07\\\/Sam-scaled.jpg\",\"contentUrl\":\"https:\\\/\\\/blogs.encamina.com\\\/encamina-se-mueve\\\/wp-content\\\/uploads\\\/sites\\\/4\\\/2022\\\/07\\\/Sam-scaled.jpg\",\"width\":2560,\"height\":1920},{\"@type\":\"WebSite\",\"@id\":\"https:\\\/\\\/blogs.encamina.com\\\/encamina-se-mueve\\\/#website\",\"url\":\"https:\\\/\\\/blogs.encamina.com\\\/encamina-se-mueve\\\/\",\"name\":\"ENCAMINA se Mueve\",\"description\":\"Todo lo que se cuece en nuestro equipo: formaciones, charlas, webcasts, talleres...\",\"publisher\":{\"@id\":\"https:\\\/\\\/blogs.encamina.com\\\/encamina-se-mueve\\\/#organization\"},\"potentialAction\":[{\"@type\":\"SearchAction\",\"target\":{\"@type\":\"EntryPoint\",\"urlTemplate\":\"https:\\\/\\\/blogs.encamina.com\\\/encamina-se-mueve\\\/?s={search_term_string}\"},\"query-input\":{\"@type\":\"PropertyValueSpecification\",\"valueRequired\":true,\"valueName\":\"search_term_string\"}}],\"inLanguage\":\"es\"},{\"@type\":\"Organization\",\"@id\":\"https:\\\/\\\/blogs.encamina.com\\\/encamina-se-mueve\\\/#organization\",\"name\":\"ENCAMINA\",\"url\":\"https:\\\/\\\/blogs.encamina.com\\\/encamina-se-mueve\\\/\",\"logo\":{\"@type\":\"ImageObject\",\"inLanguage\":\"es\",\"@id\":\"https:\\\/\\\/blogs.encamina.com\\\/encamina-se-mueve\\\/#\\\/schema\\\/logo\\\/image\\\/\",\"url\":\"https:\\\/\\\/blogs.encamina.com\\\/encamina-se-mueve\\\/wp-content\\\/uploads\\\/sites\\\/4\\\/2018\\\/10\\\/Logo_ENCAMINA_sin-claim.png\",\"contentUrl\":\"https:\\\/\\\/blogs.encamina.com\\\/encamina-se-mueve\\\/wp-content\\\/uploads\\\/sites\\\/4\\\/2018\\\/10\\\/Logo_ENCAMINA_sin-claim.png\",\"width\":409,\"height\":77,\"caption\":\"ENCAMINA\"},\"image\":{\"@id\":\"https:\\\/\\\/blogs.encamina.com\\\/encamina-se-mueve\\\/#\\\/schema\\\/logo\\\/image\\\/\"}},{\"@type\":\"Person\",\"@id\":\"https:\\\/\\\/blogs.encamina.com\\\/encamina-se-mueve\\\/#\\\/schema\\\/person\\\/49aedd5048203fe71d48ef3101fc351b\",\"name\":\"Laura Blanch\",\"image\":{\"@type\":\"ImageObject\",\"inLanguage\":\"es\",\"@id\":\"https:\\\/\\\/secure.gravatar.com\\\/avatar\\\/e6a10cbfac4f98beaaade7277395365843c5c8ca6ad3668abb7321e6763eb7a0?s=96&d=mm&r=g\",\"url\":\"https:\\\/\\\/secure.gravatar.com\\\/avatar\\\/e6a10cbfac4f98beaaade7277395365843c5c8ca6ad3668abb7321e6763eb7a0?s=96&d=mm&r=g\",\"contentUrl\":\"https:\\\/\\\/secure.gravatar.com\\\/avatar\\\/e6a10cbfac4f98beaaade7277395365843c5c8ca6ad3668abb7321e6763eb7a0?s=96&d=mm&r=g\",\"caption\":\"Laura Blanch\"},\"description\":\"Formo parte del estupendo departamento de Marketing y Comunicaci\u00f3n de ENCAMINA \ud83d\ude42\",\"url\":\"https:\\\/\\\/blogs.encamina.com\\\/encamina-se-mueve\\\/author\\\/lblanch\\\/\"}]}<\/script>\n<!-- \/ Yoast SEO Premium plugin. -->","yoast_head_json":{"title":"Hay mucha gente que tambi\u00e9n Piensa en Colores...y les estamos buscando | ENCAMINA","description":"A primera vista, Sam es un \"profe\" de ingl\u00e9s que recomienda buenas pr\u00e1cticas a trav\u00e9s de\u00a0 LinkedIn, pero Sam es MUY de Pensar En Colores.","robots":{"index":"index","follow":"follow","max-snippet":"max-snippet:-1","max-image-preview":"max-image-preview:large","max-video-preview":"max-video-preview:-1"},"canonical":"https:\/\/blogs.encamina.com\/encamina-se-mueve\/hay-mucha-gente-que-tambien-piensa-en-colores\/","og_locale":"es_ES","og_type":"article","og_title":"Hay mucha gente que tambi\u00e9n Piensa en Colores...y les estamos buscando","og_description":"A primera vista, Sam es un \"profe\" de ingl\u00e9s que recomienda buenas pr\u00e1cticas a trav\u00e9s de\u00a0 LinkedIn, pero Sam es MUY de Pensar En Colores.","og_url":"https:\/\/blogs.encamina.com\/encamina-se-mueve\/hay-mucha-gente-que-tambien-piensa-en-colores\/","og_site_name":"ENCAMINA se Mueve","article_published_time":"2022-07-01T08:36:33+00:00","article_modified_time":"2022-11-10T09:52:45+00:00","og_image":[{"url":"http:\/\/blogs.encamina.com\/encamina-se-mueve\/wp-content\/uploads\/sites\/4\/2022\/07\/Sam-scaled.jpg","type":"","width":"","height":""}],"author":"Laura Blanch","twitter_card":"summary_large_image","twitter_misc":{"Escrito por":"Laura Blanch","Tiempo de lectura":"3 minutos"},"schema":{"@context":"https:\/\/schema.org","@graph":[{"@type":"Article","@id":"https:\/\/blogs.encamina.com\/encamina-se-mueve\/hay-mucha-gente-que-tambien-piensa-en-colores\/#article","isPartOf":{"@id":"https:\/\/blogs.encamina.com\/encamina-se-mueve\/hay-mucha-gente-que-tambien-piensa-en-colores\/"},"author":{"name":"Laura Blanch","@id":"https:\/\/blogs.encamina.com\/encamina-se-mueve\/#\/schema\/person\/49aedd5048203fe71d48ef3101fc351b"},"headline":"Hay mucha gente que tambi\u00e9n Piensa en Colores&#8230;y les estamos buscando","datePublished":"2022-07-01T08:36:33+00:00","dateModified":"2022-11-10T09:52:45+00:00","mainEntityOfPage":{"@id":"https:\/\/blogs.encamina.com\/encamina-se-mueve\/hay-mucha-gente-que-tambien-piensa-en-colores\/"},"wordCount":414,"publisher":{"@id":"https:\/\/blogs.encamina.com\/encamina-se-mueve\/#organization"},"image":{"@id":"https:\/\/blogs.encamina.com\/encamina-se-mueve\/hay-mucha-gente-que-tambien-piensa-en-colores\/#primaryimage"},"thumbnailUrl":"http:\/\/blogs.encamina.com\/encamina-se-mueve\/wp-content\/uploads\/sites\/4\/2022\/07\/Sam-scaled.jpg","articleSection":["ENCAMINA"],"inLanguage":"es"},{"@type":"WebPage","@id":"https:\/\/blogs.encamina.com\/encamina-se-mueve\/hay-mucha-gente-que-tambien-piensa-en-colores\/","url":"https:\/\/blogs.encamina.com\/encamina-se-mueve\/hay-mucha-gente-que-tambien-piensa-en-colores\/","name":"Hay mucha gente que tambi\u00e9n Piensa en Colores...y les estamos buscando | ENCAMINA","isPartOf":{"@id":"https:\/\/blogs.encamina.com\/encamina-se-mueve\/#website"},"primaryImageOfPage":{"@id":"https:\/\/blogs.encamina.com\/encamina-se-mueve\/hay-mucha-gente-que-tambien-piensa-en-colores\/#primaryimage"},"image":{"@id":"https:\/\/blogs.encamina.com\/encamina-se-mueve\/hay-mucha-gente-que-tambien-piensa-en-colores\/#primaryimage"},"thumbnailUrl":"http:\/\/blogs.encamina.com\/encamina-se-mueve\/wp-content\/uploads\/sites\/4\/2022\/07\/Sam-scaled.jpg","datePublished":"2022-07-01T08:36:33+00:00","dateModified":"2022-11-10T09:52:45+00:00","description":"A primera vista, Sam es un \"profe\" de ingl\u00e9s que recomienda buenas pr\u00e1cticas a trav\u00e9s de\u00a0 LinkedIn, pero Sam es MUY de Pensar En Colores.","inLanguage":"es","potentialAction":[{"@type":"ReadAction","target":["https:\/\/blogs.encamina.com\/encamina-se-mueve\/hay-mucha-gente-que-tambien-piensa-en-colores\/"]}]},{"@type":"ImageObject","inLanguage":"es","@id":"https:\/\/blogs.encamina.com\/encamina-se-mueve\/hay-mucha-gente-que-tambien-piensa-en-colores\/#primaryimage","url":"https:\/\/blogs.encamina.com\/encamina-se-mueve\/wp-content\/uploads\/sites\/4\/2022\/07\/Sam-scaled.jpg","contentUrl":"https:\/\/blogs.encamina.com\/encamina-se-mueve\/wp-content\/uploads\/sites\/4\/2022\/07\/Sam-scaled.jpg","width":2560,"height":1920},{"@type":"WebSite","@id":"https:\/\/blogs.encamina.com\/encamina-se-mueve\/#website","url":"https:\/\/blogs.encamina.com\/encamina-se-mueve\/","name":"ENCAMINA se Mueve","description":"Todo lo que se cuece en nuestro equipo: formaciones, charlas, webcasts, talleres...","publisher":{"@id":"https:\/\/blogs.encamina.com\/encamina-se-mueve\/#organization"},"potentialAction":[{"@type":"SearchAction","target":{"@type":"EntryPoint","urlTemplate":"https:\/\/blogs.encamina.com\/encamina-se-mueve\/?s={search_term_string}"},"query-input":{"@type":"PropertyValueSpecification","valueRequired":true,"valueName":"search_term_string"}}],"inLanguage":"es"},{"@type":"Organization","@id":"https:\/\/blogs.encamina.com\/encamina-se-mueve\/#organization","name":"ENCAMINA","url":"https:\/\/blogs.encamina.com\/encamina-se-mueve\/","logo":{"@type":"ImageObject","inLanguage":"es","@id":"https:\/\/blogs.encamina.com\/encamina-se-mueve\/#\/schema\/logo\/image\/","url":"https:\/\/blogs.encamina.com\/encamina-se-mueve\/wp-content\/uploads\/sites\/4\/2018\/10\/Logo_ENCAMINA_sin-claim.png","contentUrl":"https:\/\/blogs.encamina.com\/encamina-se-mueve\/wp-content\/uploads\/sites\/4\/2018\/10\/Logo_ENCAMINA_sin-claim.png","width":409,"height":77,"caption":"ENCAMINA"},"image":{"@id":"https:\/\/blogs.encamina.com\/encamina-se-mueve\/#\/schema\/logo\/image\/"}},{"@type":"Person","@id":"https:\/\/blogs.encamina.com\/encamina-se-mueve\/#\/schema\/person\/49aedd5048203fe71d48ef3101fc351b","name":"Laura Blanch","image":{"@type":"ImageObject","inLanguage":"es","@id":"https:\/\/secure.gravatar.com\/avatar\/e6a10cbfac4f98beaaade7277395365843c5c8ca6ad3668abb7321e6763eb7a0?s=96&d=mm&r=g","url":"https:\/\/secure.gravatar.com\/avatar\/e6a10cbfac4f98beaaade7277395365843c5c8ca6ad3668abb7321e6763eb7a0?s=96&d=mm&r=g","contentUrl":"https:\/\/secure.gravatar.com\/avatar\/e6a10cbfac4f98beaaade7277395365843c5c8ca6ad3668abb7321e6763eb7a0?s=96&d=mm&r=g","caption":"Laura Blanch"},"description":"Formo parte del estupendo departamento de Marketing y Comunicaci\u00f3n de ENCAMINA \ud83d\ude42","url":"https:\/\/blogs.encamina.com\/encamina-se-mueve\/author\/lblanch\/"}]}},"_links":{"self":[{"href":"https:\/\/blogs.encamina.com\/encamina-se-mueve\/wp-json\/wp\/v2\/posts\/3855","targetHints":{"allow":["GET"]}}],"collection":[{"href":"https:\/\/blogs.encamina.com\/encamina-se-mueve\/wp-json\/wp\/v2\/posts"}],"about":[{"href":"https:\/\/blogs.encamina.com\/encamina-se-mueve\/wp-json\/wp\/v2\/types\/post"}],"author":[{"embeddable":true,"href":"https:\/\/blogs.encamina.com\/encamina-se-mueve\/wp-json\/wp\/v2\/users\/171"}],"replies":[{"embeddable":true,"href":"https:\/\/blogs.encamina.com\/encamina-se-mueve\/wp-json\/wp\/v2\/comments?post=3855"}],"version-history":[{"count":0,"href":"https:\/\/blogs.encamina.com\/encamina-se-mueve\/wp-json\/wp\/v2\/posts\/3855\/revisions"}],"wp:attachment":[{"href":"https:\/\/blogs.encamina.com\/encamina-se-mueve\/wp-json\/wp\/v2\/media?parent=3855"}],"wp:term":[{"taxonomy":"category","embeddable":true,"href":"https:\/\/blogs.encamina.com\/encamina-se-mueve\/wp-json\/wp\/v2\/categories?post=3855"},{"taxonomy":"post_tag","embeddable":true,"href":"https:\/\/blogs.encamina.com\/encamina-se-mueve\/wp-json\/wp\/v2\/tags?post=3855"}],"curies":[{"name":"wp","href":"https:\/\/api.w.org\/{rel}","templated":true}]}}