{"id":3837,"date":"2022-06-23T08:56:19","date_gmt":"2022-06-23T07:56:19","guid":{"rendered":"https:\/\/blogs.encamina.com\/encamina-se-mueve\/?p=3837"},"modified":"2022-06-29T14:43:49","modified_gmt":"2022-06-29T13:43:49","slug":"no-te-pierdas-el-encuentro-de-powerplatformmadrid","status":"publish","type":"post","link":"https:\/\/blogs.encamina.com\/encamina-se-mueve\/no-te-pierdas-el-encuentro-de-powerplatformmadrid\/","title":{"rendered":"Encuentro Power Platform Madrid"},"content":{"rendered":"<p><img loading=\"lazy\" decoding=\"async\" class=\"aligncenter size-full wp-image-3851\" src=\"http:\/\/blogs.encamina.com\/encamina-se-mueve\/wp-content\/uploads\/sites\/4\/2022\/06\/Power-Platform-Madrid-2.jpg\" alt=\"\" width=\"2048\" height=\"1536\" srcset=\"https:\/\/encaminablogs.wpenginepowered.com\/encamina-se-mueve\/wp-content\/uploads\/sites\/4\/2022\/06\/Power-Platform-Madrid-2.jpg 2048w, https:\/\/encaminablogs.wpenginepowered.com\/encamina-se-mueve\/wp-content\/uploads\/sites\/4\/2022\/06\/Power-Platform-Madrid-2-300x225.jpg 300w, https:\/\/encaminablogs.wpenginepowered.com\/encamina-se-mueve\/wp-content\/uploads\/sites\/4\/2022\/06\/Power-Platform-Madrid-2-1024x768.jpg 1024w, https:\/\/encaminablogs.wpenginepowered.com\/encamina-se-mueve\/wp-content\/uploads\/sites\/4\/2022\/06\/Power-Platform-Madrid-2-768x576.jpg 768w, https:\/\/encaminablogs.wpenginepowered.com\/encamina-se-mueve\/wp-content\/uploads\/sites\/4\/2022\/06\/Power-Platform-Madrid-2-1536x1152.jpg 1536w, https:\/\/encaminablogs.wpenginepowered.com\/encamina-se-mueve\/wp-content\/uploads\/sites\/4\/2022\/06\/Power-Platform-Madrid-2-610x458.jpg 610w\" sizes=\"auto, (max-width: 2048px) 100vw, 2048px\" \/><\/p>\n<p>Alucinante&#8230;\u00bfencuentro de #PowerPlatformMadrid? \u00a1\u00a1S\u00ed!! \ud83d\ude00 Fue el s\u00e1bado 25 junio\u00a0 y lo m\u00e1s mol\u00f3n es que fue presencial, en la Universidad Polit\u00e9cnica de Madrid \ud83d\ude4c<\/p>\n<p><!--more--><\/p>\n<p>En ENCAMINA estamos superorgullos de que los organizadores hayan contado con nosotros para patrocinar este eventazo, que adem\u00e1s ha sido <strong>gratuito<\/strong> \ud83d\ude09<\/p>\n<p>\ud83d\udfe7\u00bfQui\u00e9n habl\u00f3 y de qu\u00e9 se habl\u00f3?<\/p>\n<ol>\n<li><strong><em>\u00abTablas Din\u00e1micas condicionales, jaque mate al descuido anal\u00edtico\u00bb<\/em><\/strong>, con Gerard Bueno<\/li>\n<li><strong><em>\u00abGobierno de Datos: Qu\u00e9, Por qu\u00e9, Cu\u00e1ndo, D\u00f3nde y &#8230; C\u00f3mo\u00bb, <\/em><\/strong>con\u00a0Rafael Rene\u00e9 Ortiz<\/li>\n<li><em><strong>\u00abF<\/strong><strong>lujos de datos de streaming + synapse + icon map\u00bb,<\/strong><\/em> con\u00a0Diana Aguilera y Nelson L\u00f3pez<\/li>\n<li><em><strong>\u00ab\u00bfC\u00f3mo hacer un calendario din\u00e1mico con festividades?\u00bb<\/strong><\/em> con\u00a0Por Mar\u00eda Jos\u00e9 Vidal Paz<\/li>\n<li><em><strong>\u00abInteligencia Artificial vs Idiotez Artificial\u00bb<\/strong><\/em> con\u00a0Javier Men\u00e9ndez Pallo<\/li>\n<\/ol>\n<p><div id=\"attachment_3853\" style=\"width: 1210px\" class=\"wp-caption aligncenter\"><img loading=\"lazy\" decoding=\"async\" aria-describedby=\"caption-attachment-3853\" class=\"wp-image-3853 size-full\" src=\"http:\/\/blogs.encamina.com\/encamina-se-mueve\/wp-content\/uploads\/sites\/4\/2022\/06\/WhatsApp-Image-2022-06-25-at-11.16.18-AM.jpeg\" alt=\"\" width=\"1200\" height=\"1600\" srcset=\"https:\/\/encaminablogs.wpenginepowered.com\/encamina-se-mueve\/wp-content\/uploads\/sites\/4\/2022\/06\/WhatsApp-Image-2022-06-25-at-11.16.18-AM.jpeg 1200w, https:\/\/encaminablogs.wpenginepowered.com\/encamina-se-mueve\/wp-content\/uploads\/sites\/4\/2022\/06\/WhatsApp-Image-2022-06-25-at-11.16.18-AM-225x300.jpeg 225w, https:\/\/encaminablogs.wpenginepowered.com\/encamina-se-mueve\/wp-content\/uploads\/sites\/4\/2022\/06\/WhatsApp-Image-2022-06-25-at-11.16.18-AM-768x1024.jpeg 768w, https:\/\/encaminablogs.wpenginepowered.com\/encamina-se-mueve\/wp-content\/uploads\/sites\/4\/2022\/06\/WhatsApp-Image-2022-06-25-at-11.16.18-AM-1152x1536.jpeg 1152w, https:\/\/encaminablogs.wpenginepowered.com\/encamina-se-mueve\/wp-content\/uploads\/sites\/4\/2022\/06\/WhatsApp-Image-2022-06-25-at-11.16.18-AM-610x813.jpeg 610w\" sizes=\"auto, (max-width: 1200px) 100vw, 1200px\" \/><p id=\"caption-attachment-3853\" class=\"wp-caption-text\">Como patrocinadores del Madrid Power Platform, nos encargamos del coffee break para los asistentes \ud83d\ude42<\/p><\/div><\/p>\n<!-- AddThis Advanced Settings generic via filter on the_content --><!-- AddThis Share Buttons generic via filter on the_content --><span class=\"et_bloom_bottom_trigger\"><\/span>","protected":false},"excerpt":{"rendered":"<p>Alucinante&#8230;\u00bfencuentro de #PowerPlatformMadrid? \u00a1\u00a1S\u00ed!! \ud83d\ude00 Fue el s\u00e1bado 25 junio\u00a0 y lo m\u00e1s mol\u00f3n es que fue presencial, en la Universidad Polit\u00e9cnica de Madrid \ud83d\ude4c<!-- AddThis Advanced Settings generic via filter on get_the_excerpt --><!-- AddThis Share Buttons generic via filter on get_the_excerpt --><\/p>\n","protected":false},"author":171,"featured_media":3851,"comment_status":"closed","ping_status":"open","sticky":false,"template":"","format":"standard","meta":{"footnotes":""},"categories":[81],"tags":[],"class_list":["post-3837","post","type-post","status-publish","format-standard","has-post-thumbnail","hentry","category-evento"],"yoast_head":"<!-- This site is optimized with the Yoast SEO Premium plugin v18.2.1 (Yoast SEO v27.3) - https:\/\/yoast.com\/product\/yoast-seo-premium-wordpress\/ -->\n<title>Encuentro Power Platform Madrid | ENCAMINA se Mueve<\/title>\n<meta name=\"description\" content=\"\u00bfEncuentro de #PowerPlatformMadrid? \u00a1\u00a1S\u00ed!! \ud83d\ude00 Ser\u00e1 este s\u00e1bado 25 junio de 9:30 a 14H\" \/>\n<meta name=\"robots\" content=\"index, follow, max-snippet:-1, max-image-preview:large, max-video-preview:-1\" \/>\n<link rel=\"canonical\" href=\"https:\/\/blogs.encamina.com\/encamina-se-mueve\/no-te-pierdas-el-encuentro-de-powerplatformmadrid\/\" \/>\n<meta property=\"og:locale\" content=\"es_ES\" \/>\n<meta property=\"og:type\" content=\"article\" \/>\n<meta property=\"og:title\" content=\"Encuentro Power Platform Madrid\" \/>\n<meta property=\"og:description\" content=\"\u00bfEncuentro de #PowerPlatformMadrid? \u00a1\u00a1S\u00ed!! \ud83d\ude00 Ser\u00e1 este s\u00e1bado 25 junio de 9:30 a 14H\" \/>\n<meta property=\"og:url\" content=\"https:\/\/blogs.encamina.com\/encamina-se-mueve\/no-te-pierdas-el-encuentro-de-powerplatformmadrid\/\" \/>\n<meta property=\"og:site_name\" content=\"ENCAMINA se Mueve\" \/>\n<meta property=\"article:published_time\" content=\"2022-06-23T07:56:19+00:00\" \/>\n<meta property=\"article:modified_time\" content=\"2022-06-29T13:43:49+00:00\" \/>\n<meta property=\"og:image\" content=\"http:\/\/blogs.encamina.com\/encamina-se-mueve\/wp-content\/uploads\/sites\/4\/2022\/06\/Power-Platform-Madrid-2.jpg\" \/>\n\t<meta property=\"og:image:width\" content=\"2048\" \/>\n\t<meta property=\"og:image:height\" content=\"1536\" \/>\n\t<meta property=\"og:image:type\" content=\"image\/jpeg\" \/>\n<meta name=\"author\" content=\"Laura Blanch\" \/>\n<meta name=\"twitter:card\" content=\"summary_large_image\" \/>\n<meta name=\"twitter:image\" content=\"https:\/\/blogs.encamina.com\/encamina-se-mueve\/wp-content\/uploads\/sites\/4\/2022\/06\/Power-Platform-Madrid.png\" \/>\n<meta name=\"twitter:label1\" content=\"Escrito por\" \/>\n\t<meta name=\"twitter:data1\" content=\"Laura Blanch\" \/>\n\t<meta name=\"twitter:label2\" content=\"Tiempo de lectura\" \/>\n\t<meta name=\"twitter:data2\" content=\"2 minutos\" \/>\n<script type=\"application\/ld+json\" class=\"yoast-schema-graph\">{\"@context\":\"https:\\\/\\\/schema.org\",\"@graph\":[{\"@type\":\"Article\",\"@id\":\"https:\\\/\\\/blogs.encamina.com\\\/encamina-se-mueve\\\/no-te-pierdas-el-encuentro-de-powerplatformmadrid\\\/#article\",\"isPartOf\":{\"@id\":\"https:\\\/\\\/blogs.encamina.com\\\/encamina-se-mueve\\\/no-te-pierdas-el-encuentro-de-powerplatformmadrid\\\/\"},\"author\":{\"name\":\"Laura Blanch\",\"@id\":\"https:\\\/\\\/blogs.encamina.com\\\/encamina-se-mueve\\\/#\\\/schema\\\/person\\\/49aedd5048203fe71d48ef3101fc351b\"},\"headline\":\"Encuentro Power Platform Madrid\",\"datePublished\":\"2022-06-23T07:56:19+00:00\",\"dateModified\":\"2022-06-29T13:43:49+00:00\",\"mainEntityOfPage\":{\"@id\":\"https:\\\/\\\/blogs.encamina.com\\\/encamina-se-mueve\\\/no-te-pierdas-el-encuentro-de-powerplatformmadrid\\\/\"},\"wordCount\":154,\"publisher\":{\"@id\":\"https:\\\/\\\/blogs.encamina.com\\\/encamina-se-mueve\\\/#organization\"},\"image\":{\"@id\":\"https:\\\/\\\/blogs.encamina.com\\\/encamina-se-mueve\\\/no-te-pierdas-el-encuentro-de-powerplatformmadrid\\\/#primaryimage\"},\"thumbnailUrl\":\"https:\\\/\\\/blogs.encamina.com\\\/encamina-se-mueve\\\/wp-content\\\/uploads\\\/sites\\\/4\\\/2022\\\/06\\\/Power-Platform-Madrid-2.jpg\",\"articleSection\":[\"evento\"],\"inLanguage\":\"es\"},{\"@type\":\"WebPage\",\"@id\":\"https:\\\/\\\/blogs.encamina.com\\\/encamina-se-mueve\\\/no-te-pierdas-el-encuentro-de-powerplatformmadrid\\\/\",\"url\":\"https:\\\/\\\/blogs.encamina.com\\\/encamina-se-mueve\\\/no-te-pierdas-el-encuentro-de-powerplatformmadrid\\\/\",\"name\":\"Encuentro Power Platform Madrid | ENCAMINA se Mueve\",\"isPartOf\":{\"@id\":\"https:\\\/\\\/blogs.encamina.com\\\/encamina-se-mueve\\\/#website\"},\"primaryImageOfPage\":{\"@id\":\"https:\\\/\\\/blogs.encamina.com\\\/encamina-se-mueve\\\/no-te-pierdas-el-encuentro-de-powerplatformmadrid\\\/#primaryimage\"},\"image\":{\"@id\":\"https:\\\/\\\/blogs.encamina.com\\\/encamina-se-mueve\\\/no-te-pierdas-el-encuentro-de-powerplatformmadrid\\\/#primaryimage\"},\"thumbnailUrl\":\"https:\\\/\\\/blogs.encamina.com\\\/encamina-se-mueve\\\/wp-content\\\/uploads\\\/sites\\\/4\\\/2022\\\/06\\\/Power-Platform-Madrid-2.jpg\",\"datePublished\":\"2022-06-23T07:56:19+00:00\",\"dateModified\":\"2022-06-29T13:43:49+00:00\",\"description\":\"\u00bfEncuentro de #PowerPlatformMadrid? \u00a1\u00a1S\u00ed!! \ud83d\ude00 Ser\u00e1 este s\u00e1bado 25 junio de 9:30 a 14H\",\"inLanguage\":\"es\",\"potentialAction\":[{\"@type\":\"ReadAction\",\"target\":[\"https:\\\/\\\/blogs.encamina.com\\\/encamina-se-mueve\\\/no-te-pierdas-el-encuentro-de-powerplatformmadrid\\\/\"]}]},{\"@type\":\"ImageObject\",\"inLanguage\":\"es\",\"@id\":\"https:\\\/\\\/blogs.encamina.com\\\/encamina-se-mueve\\\/no-te-pierdas-el-encuentro-de-powerplatformmadrid\\\/#primaryimage\",\"url\":\"https:\\\/\\\/blogs.encamina.com\\\/encamina-se-mueve\\\/wp-content\\\/uploads\\\/sites\\\/4\\\/2022\\\/06\\\/Power-Platform-Madrid-2.jpg\",\"contentUrl\":\"https:\\\/\\\/blogs.encamina.com\\\/encamina-se-mueve\\\/wp-content\\\/uploads\\\/sites\\\/4\\\/2022\\\/06\\\/Power-Platform-Madrid-2.jpg\",\"width\":2048,\"height\":1536},{\"@type\":\"WebSite\",\"@id\":\"https:\\\/\\\/blogs.encamina.com\\\/encamina-se-mueve\\\/#website\",\"url\":\"https:\\\/\\\/blogs.encamina.com\\\/encamina-se-mueve\\\/\",\"name\":\"ENCAMINA se Mueve\",\"description\":\"Todo lo que se cuece en nuestro equipo: formaciones, charlas, webcasts, talleres...\",\"publisher\":{\"@id\":\"https:\\\/\\\/blogs.encamina.com\\\/encamina-se-mueve\\\/#organization\"},\"potentialAction\":[{\"@type\":\"SearchAction\",\"target\":{\"@type\":\"EntryPoint\",\"urlTemplate\":\"https:\\\/\\\/blogs.encamina.com\\\/encamina-se-mueve\\\/?s={search_term_string}\"},\"query-input\":{\"@type\":\"PropertyValueSpecification\",\"valueRequired\":true,\"valueName\":\"search_term_string\"}}],\"inLanguage\":\"es\"},{\"@type\":\"Organization\",\"@id\":\"https:\\\/\\\/blogs.encamina.com\\\/encamina-se-mueve\\\/#organization\",\"name\":\"ENCAMINA\",\"url\":\"https:\\\/\\\/blogs.encamina.com\\\/encamina-se-mueve\\\/\",\"logo\":{\"@type\":\"ImageObject\",\"inLanguage\":\"es\",\"@id\":\"https:\\\/\\\/blogs.encamina.com\\\/encamina-se-mueve\\\/#\\\/schema\\\/logo\\\/image\\\/\",\"url\":\"https:\\\/\\\/blogs.encamina.com\\\/encamina-se-mueve\\\/wp-content\\\/uploads\\\/sites\\\/4\\\/2018\\\/10\\\/Logo_ENCAMINA_sin-claim.png\",\"contentUrl\":\"https:\\\/\\\/blogs.encamina.com\\\/encamina-se-mueve\\\/wp-content\\\/uploads\\\/sites\\\/4\\\/2018\\\/10\\\/Logo_ENCAMINA_sin-claim.png\",\"width\":409,\"height\":77,\"caption\":\"ENCAMINA\"},\"image\":{\"@id\":\"https:\\\/\\\/blogs.encamina.com\\\/encamina-se-mueve\\\/#\\\/schema\\\/logo\\\/image\\\/\"}},{\"@type\":\"Person\",\"@id\":\"https:\\\/\\\/blogs.encamina.com\\\/encamina-se-mueve\\\/#\\\/schema\\\/person\\\/49aedd5048203fe71d48ef3101fc351b\",\"name\":\"Laura Blanch\",\"image\":{\"@type\":\"ImageObject\",\"inLanguage\":\"es\",\"@id\":\"https:\\\/\\\/secure.gravatar.com\\\/avatar\\\/e6a10cbfac4f98beaaade7277395365843c5c8ca6ad3668abb7321e6763eb7a0?s=96&d=mm&r=g\",\"url\":\"https:\\\/\\\/secure.gravatar.com\\\/avatar\\\/e6a10cbfac4f98beaaade7277395365843c5c8ca6ad3668abb7321e6763eb7a0?s=96&d=mm&r=g\",\"contentUrl\":\"https:\\\/\\\/secure.gravatar.com\\\/avatar\\\/e6a10cbfac4f98beaaade7277395365843c5c8ca6ad3668abb7321e6763eb7a0?s=96&d=mm&r=g\",\"caption\":\"Laura Blanch\"},\"description\":\"Formo parte del estupendo departamento de Marketing y Comunicaci\u00f3n de ENCAMINA \ud83d\ude42\",\"url\":\"https:\\\/\\\/blogs.encamina.com\\\/encamina-se-mueve\\\/author\\\/lblanch\\\/\"}]}<\/script>\n<!-- \/ Yoast SEO Premium plugin. -->","yoast_head_json":{"title":"Encuentro Power Platform Madrid | ENCAMINA se Mueve","description":"\u00bfEncuentro de #PowerPlatformMadrid? \u00a1\u00a1S\u00ed!! \ud83d\ude00 Ser\u00e1 este s\u00e1bado 25 junio de 9:30 a 14H","robots":{"index":"index","follow":"follow","max-snippet":"max-snippet:-1","max-image-preview":"max-image-preview:large","max-video-preview":"max-video-preview:-1"},"canonical":"https:\/\/blogs.encamina.com\/encamina-se-mueve\/no-te-pierdas-el-encuentro-de-powerplatformmadrid\/","og_locale":"es_ES","og_type":"article","og_title":"Encuentro Power Platform Madrid","og_description":"\u00bfEncuentro de #PowerPlatformMadrid? \u00a1\u00a1S\u00ed!! \ud83d\ude00 Ser\u00e1 este s\u00e1bado 25 junio de 9:30 a 14H","og_url":"https:\/\/blogs.encamina.com\/encamina-se-mueve\/no-te-pierdas-el-encuentro-de-powerplatformmadrid\/","og_site_name":"ENCAMINA se Mueve","article_published_time":"2022-06-23T07:56:19+00:00","article_modified_time":"2022-06-29T13:43:49+00:00","og_image":[{"width":2048,"height":1536,"url":"http:\/\/blogs.encamina.com\/encamina-se-mueve\/wp-content\/uploads\/sites\/4\/2022\/06\/Power-Platform-Madrid-2.jpg","type":"image\/jpeg"}],"author":"Laura Blanch","twitter_card":"summary_large_image","twitter_image":"https:\/\/blogs.encamina.com\/encamina-se-mueve\/wp-content\/uploads\/sites\/4\/2022\/06\/Power-Platform-Madrid.png","twitter_misc":{"Escrito por":"Laura Blanch","Tiempo de lectura":"2 minutos"},"schema":{"@context":"https:\/\/schema.org","@graph":[{"@type":"Article","@id":"https:\/\/blogs.encamina.com\/encamina-se-mueve\/no-te-pierdas-el-encuentro-de-powerplatformmadrid\/#article","isPartOf":{"@id":"https:\/\/blogs.encamina.com\/encamina-se-mueve\/no-te-pierdas-el-encuentro-de-powerplatformmadrid\/"},"author":{"name":"Laura Blanch","@id":"https:\/\/blogs.encamina.com\/encamina-se-mueve\/#\/schema\/person\/49aedd5048203fe71d48ef3101fc351b"},"headline":"Encuentro Power Platform Madrid","datePublished":"2022-06-23T07:56:19+00:00","dateModified":"2022-06-29T13:43:49+00:00","mainEntityOfPage":{"@id":"https:\/\/blogs.encamina.com\/encamina-se-mueve\/no-te-pierdas-el-encuentro-de-powerplatformmadrid\/"},"wordCount":154,"publisher":{"@id":"https:\/\/blogs.encamina.com\/encamina-se-mueve\/#organization"},"image":{"@id":"https:\/\/blogs.encamina.com\/encamina-se-mueve\/no-te-pierdas-el-encuentro-de-powerplatformmadrid\/#primaryimage"},"thumbnailUrl":"https:\/\/blogs.encamina.com\/encamina-se-mueve\/wp-content\/uploads\/sites\/4\/2022\/06\/Power-Platform-Madrid-2.jpg","articleSection":["evento"],"inLanguage":"es"},{"@type":"WebPage","@id":"https:\/\/blogs.encamina.com\/encamina-se-mueve\/no-te-pierdas-el-encuentro-de-powerplatformmadrid\/","url":"https:\/\/blogs.encamina.com\/encamina-se-mueve\/no-te-pierdas-el-encuentro-de-powerplatformmadrid\/","name":"Encuentro Power Platform Madrid | ENCAMINA se Mueve","isPartOf":{"@id":"https:\/\/blogs.encamina.com\/encamina-se-mueve\/#website"},"primaryImageOfPage":{"@id":"https:\/\/blogs.encamina.com\/encamina-se-mueve\/no-te-pierdas-el-encuentro-de-powerplatformmadrid\/#primaryimage"},"image":{"@id":"https:\/\/blogs.encamina.com\/encamina-se-mueve\/no-te-pierdas-el-encuentro-de-powerplatformmadrid\/#primaryimage"},"thumbnailUrl":"https:\/\/blogs.encamina.com\/encamina-se-mueve\/wp-content\/uploads\/sites\/4\/2022\/06\/Power-Platform-Madrid-2.jpg","datePublished":"2022-06-23T07:56:19+00:00","dateModified":"2022-06-29T13:43:49+00:00","description":"\u00bfEncuentro de #PowerPlatformMadrid? \u00a1\u00a1S\u00ed!! \ud83d\ude00 Ser\u00e1 este s\u00e1bado 25 junio de 9:30 a 14H","inLanguage":"es","potentialAction":[{"@type":"ReadAction","target":["https:\/\/blogs.encamina.com\/encamina-se-mueve\/no-te-pierdas-el-encuentro-de-powerplatformmadrid\/"]}]},{"@type":"ImageObject","inLanguage":"es","@id":"https:\/\/blogs.encamina.com\/encamina-se-mueve\/no-te-pierdas-el-encuentro-de-powerplatformmadrid\/#primaryimage","url":"https:\/\/blogs.encamina.com\/encamina-se-mueve\/wp-content\/uploads\/sites\/4\/2022\/06\/Power-Platform-Madrid-2.jpg","contentUrl":"https:\/\/blogs.encamina.com\/encamina-se-mueve\/wp-content\/uploads\/sites\/4\/2022\/06\/Power-Platform-Madrid-2.jpg","width":2048,"height":1536},{"@type":"WebSite","@id":"https:\/\/blogs.encamina.com\/encamina-se-mueve\/#website","url":"https:\/\/blogs.encamina.com\/encamina-se-mueve\/","name":"ENCAMINA se Mueve","description":"Todo lo que se cuece en nuestro equipo: formaciones, charlas, webcasts, talleres...","publisher":{"@id":"https:\/\/blogs.encamina.com\/encamina-se-mueve\/#organization"},"potentialAction":[{"@type":"SearchAction","target":{"@type":"EntryPoint","urlTemplate":"https:\/\/blogs.encamina.com\/encamina-se-mueve\/?s={search_term_string}"},"query-input":{"@type":"PropertyValueSpecification","valueRequired":true,"valueName":"search_term_string"}}],"inLanguage":"es"},{"@type":"Organization","@id":"https:\/\/blogs.encamina.com\/encamina-se-mueve\/#organization","name":"ENCAMINA","url":"https:\/\/blogs.encamina.com\/encamina-se-mueve\/","logo":{"@type":"ImageObject","inLanguage":"es","@id":"https:\/\/blogs.encamina.com\/encamina-se-mueve\/#\/schema\/logo\/image\/","url":"https:\/\/blogs.encamina.com\/encamina-se-mueve\/wp-content\/uploads\/sites\/4\/2018\/10\/Logo_ENCAMINA_sin-claim.png","contentUrl":"https:\/\/blogs.encamina.com\/encamina-se-mueve\/wp-content\/uploads\/sites\/4\/2018\/10\/Logo_ENCAMINA_sin-claim.png","width":409,"height":77,"caption":"ENCAMINA"},"image":{"@id":"https:\/\/blogs.encamina.com\/encamina-se-mueve\/#\/schema\/logo\/image\/"}},{"@type":"Person","@id":"https:\/\/blogs.encamina.com\/encamina-se-mueve\/#\/schema\/person\/49aedd5048203fe71d48ef3101fc351b","name":"Laura Blanch","image":{"@type":"ImageObject","inLanguage":"es","@id":"https:\/\/secure.gravatar.com\/avatar\/e6a10cbfac4f98beaaade7277395365843c5c8ca6ad3668abb7321e6763eb7a0?s=96&d=mm&r=g","url":"https:\/\/secure.gravatar.com\/avatar\/e6a10cbfac4f98beaaade7277395365843c5c8ca6ad3668abb7321e6763eb7a0?s=96&d=mm&r=g","contentUrl":"https:\/\/secure.gravatar.com\/avatar\/e6a10cbfac4f98beaaade7277395365843c5c8ca6ad3668abb7321e6763eb7a0?s=96&d=mm&r=g","caption":"Laura Blanch"},"description":"Formo parte del estupendo departamento de Marketing y Comunicaci\u00f3n de ENCAMINA \ud83d\ude42","url":"https:\/\/blogs.encamina.com\/encamina-se-mueve\/author\/lblanch\/"}]}},"_links":{"self":[{"href":"https:\/\/blogs.encamina.com\/encamina-se-mueve\/wp-json\/wp\/v2\/posts\/3837","targetHints":{"allow":["GET"]}}],"collection":[{"href":"https:\/\/blogs.encamina.com\/encamina-se-mueve\/wp-json\/wp\/v2\/posts"}],"about":[{"href":"https:\/\/blogs.encamina.com\/encamina-se-mueve\/wp-json\/wp\/v2\/types\/post"}],"author":[{"embeddable":true,"href":"https:\/\/blogs.encamina.com\/encamina-se-mueve\/wp-json\/wp\/v2\/users\/171"}],"replies":[{"embeddable":true,"href":"https:\/\/blogs.encamina.com\/encamina-se-mueve\/wp-json\/wp\/v2\/comments?post=3837"}],"version-history":[{"count":0,"href":"https:\/\/blogs.encamina.com\/encamina-se-mueve\/wp-json\/wp\/v2\/posts\/3837\/revisions"}],"wp:featuredmedia":[{"embeddable":true,"href":"https:\/\/blogs.encamina.com\/encamina-se-mueve\/wp-json\/wp\/v2\/media\/3851"}],"wp:attachment":[{"href":"https:\/\/blogs.encamina.com\/encamina-se-mueve\/wp-json\/wp\/v2\/media?parent=3837"}],"wp:term":[{"taxonomy":"category","embeddable":true,"href":"https:\/\/blogs.encamina.com\/encamina-se-mueve\/wp-json\/wp\/v2\/categories?post=3837"},{"taxonomy":"post_tag","embeddable":true,"href":"https:\/\/blogs.encamina.com\/encamina-se-mueve\/wp-json\/wp\/v2\/tags?post=3837"}],"curies":[{"name":"wp","href":"https:\/\/api.w.org\/{rel}","templated":true}]}}