{"id":3729,"date":"2022-05-17T18:27:59","date_gmt":"2022-05-17T17:27:59","guid":{"rendered":"https:\/\/blogs.encamina.com\/encamina-se-mueve\/?p=3729"},"modified":"2022-06-10T10:06:25","modified_gmt":"2022-06-10T09:06:25","slug":"proximo-evento-trabajo-hibrido-engagement-del-empleado-y-productividad","status":"publish","type":"post","link":"https:\/\/blogs.encamina.com\/encamina-se-mueve\/proximo-evento-trabajo-hibrido-engagement-del-empleado-y-productividad\/","title":{"rendered":"EVENTO: Trabajo H\u00edbrido, Engagement del Empleado y Productividad"},"content":{"rendered":"<p><img loading=\"lazy\" decoding=\"async\" class=\"aligncenter size-full wp-image-3783\" src=\"http:\/\/blogs.encamina.com\/encamina-se-mueve\/wp-content\/uploads\/sites\/4\/2022\/05\/Evento-trabajo-Hibrido-5-scaled.jpg\" alt=\"\" width=\"2560\" height=\"1920\" srcset=\"https:\/\/encaminablogs.wpenginepowered.com\/encamina-se-mueve\/wp-content\/uploads\/sites\/4\/2022\/05\/Evento-trabajo-Hibrido-5-scaled.jpg 2560w, https:\/\/encaminablogs.wpenginepowered.com\/encamina-se-mueve\/wp-content\/uploads\/sites\/4\/2022\/05\/Evento-trabajo-Hibrido-5-300x225.jpg 300w, https:\/\/encaminablogs.wpenginepowered.com\/encamina-se-mueve\/wp-content\/uploads\/sites\/4\/2022\/05\/Evento-trabajo-Hibrido-5-1024x768.jpg 1024w, https:\/\/encaminablogs.wpenginepowered.com\/encamina-se-mueve\/wp-content\/uploads\/sites\/4\/2022\/05\/Evento-trabajo-Hibrido-5-768x576.jpg 768w, https:\/\/encaminablogs.wpenginepowered.com\/encamina-se-mueve\/wp-content\/uploads\/sites\/4\/2022\/05\/Evento-trabajo-Hibrido-5-1536x1152.jpg 1536w, https:\/\/encaminablogs.wpenginepowered.com\/encamina-se-mueve\/wp-content\/uploads\/sites\/4\/2022\/05\/Evento-trabajo-Hibrido-5-2048x1536.jpg 2048w, https:\/\/encaminablogs.wpenginepowered.com\/encamina-se-mueve\/wp-content\/uploads\/sites\/4\/2022\/05\/Evento-trabajo-Hibrido-5-610x458.jpg 610w\" sizes=\"auto, (max-width: 2560px) 100vw, 2560px\" \/><\/p>\n<p>Bueno, bueno&#8230;el pasado 1 de junio tuvimos una jornada presencial\/online chul\u00edsima para conocer estrategias e historias inspiradoras que nos ayuden a lograr un<strong> entorno de trabajo h\u00edbrido exitoso<\/strong> \u00bfmola o no mola? El peri\u00f3dico <a href=\"https:\/\/valenciaplaza.com\/la-paradoja-hibrida-solo-se-resolvera-con-cambio-de-cultura-en-la-organizaciones-y-tecnologias-de-colaboracion\" target=\"_blank\" rel=\"noopener\">Valencia Plaza<\/a>, tambi\u00e9n se hizo eco de nuestro evento \ud83d\ude0b<\/p>\n<p><!--more--><\/p>\n<p>Despu\u00e9s de dos a\u00f1os sin ning\u00fan evento presencial, nos atrevimos a reunirnos de nuevo \ud83d\ude05 Fue en el <strong><a href=\"https:\/\/hubempresa.bancsabadell.com\/\" target=\"_blank\" rel=\"noopener\">Sabadell Hub Empresa<\/a><\/strong> de Valencia, peeeero, con la opci\u00f3n de seguir el evento de <strong>forma online<\/strong>.<\/p>\n<p><span class=\"TextRun SCXW110032003 BCX8\" lang=\"ES-ES\" xml:lang=\"ES-ES\" data-contrast=\"auto\"><span class=\"NormalTextRun SCXW110032003 BCX8\">Lo que hicimos fue contar HISTORIAS <\/span><\/span><span class=\"TextRun SCXW110032003 BCX8\" lang=\"ES-ES\" xml:lang=\"ES-ES\" data-contrast=\"auto\"><span class=\"NormalTextRun SCXW110032003 BCX8\">de grandes compa\u00f1\u00edas,<\/span><\/span><span class=\"TextRun SCXW110032003 BCX8\" lang=\"ES-ES\" xml:lang=\"ES-ES\" data-contrast=\"auto\"><span class=\"NormalTextRun SCXW110032003 BCX8\">\u00a0como<\/span><\/span> <span class=\"TextRun SCXW110032003 BCX8\" lang=\"ES-ES\" xml:lang=\"ES-ES\" data-contrast=\"auto\"><span class=\"NormalTextRun SCXW110032003 BCX8\">el propio <strong>Sabadell, <\/strong><\/span><strong><span class=\"NormalTextRun SpellingErrorV2Themed SCXW110032003 BCX8\">Nationale-Nederlanden<\/span><span class=\"NormalTextRun SCXW110032003 BCX8\">, Fermax, Santillana, o <\/span><\/strong><span class=\"NormalTextRun SCXW110032003 BCX8\"><strong>Microsoft<\/strong>, que han conseguido ese deseado entorno h\u00edbrido exitoso. En formato de charlas cortas y tertulias, sus protagonistas nos <\/span><span class=\"NormalTextRun SCXW110032003 BCX8\">contaron la estrategia para lograr que sus <\/span><span class=\"NormalTextRun ContextualSpellingAndGrammarErrorV2Themed SCXW110032003 BCX8\">empleados\u00a0 <\/span><\/span><span class=\"TextRun Underlined SCXW110032003 BCX8\" lang=\"ES-ES\" xml:lang=\"ES-ES\" data-contrast=\"auto\"><span class=\"NormalTextRun ContextualSpellingAndGrammarErrorV2Themed SCXW110032003 BCX8\">sean<\/span><span class=\"NormalTextRun SCXW110032003 BCX8\"> m\u00e1s productivos,<\/span><\/span><span class=\"TextRun SCXW110032003 BCX8\" lang=\"ES-ES\" xml:lang=\"ES-ES\" data-contrast=\"auto\"><span class=\"NormalTextRun SCXW110032003 BCX8\"> a la vez que <\/span><\/span><span class=\"TextRun Underlined SCXW110032003 BCX8\" lang=\"ES-ES\" xml:lang=\"ES-ES\" data-contrast=\"auto\"><span class=\"NormalTextRun SCXW110032003 BCX8\">impulsan entre ellos la deseada cultura del <\/span><span class=\"NormalTextRun SpellingErrorV2Themed SCXW110032003 BCX8\">engagement.<\/span><\/span><\/p>\n<p>La primera historia inspiradora nos la trajo el Product Manager de ENCAMINA, <strong>Ignacio Dolz<\/strong>, quien nos cont\u00f3 c\u00f3mo, gracias a la gamificaci\u00f3n y a la adopci\u00f3n de Microsoft 365, el gobierno de Nueva Gales del Sur (Australia) consigui\u00f3 transformar la manera de trabajar de sus empleados.<\/p>\n<p><div id=\"attachment_3785\" style=\"width: 2570px\" class=\"wp-caption aligncenter\"><img loading=\"lazy\" decoding=\"async\" aria-describedby=\"caption-attachment-3785\" class=\"wp-image-3785 size-full\" src=\"http:\/\/blogs.encamina.com\/encamina-se-mueve\/wp-content\/uploads\/sites\/4\/2022\/05\/Evento-trabajo-Hibrido-16-scaled.jpg\" alt=\"\" width=\"2560\" height=\"1920\" srcset=\"https:\/\/encaminablogs.wpenginepowered.com\/encamina-se-mueve\/wp-content\/uploads\/sites\/4\/2022\/05\/Evento-trabajo-Hibrido-16-scaled.jpg 2560w, https:\/\/encaminablogs.wpenginepowered.com\/encamina-se-mueve\/wp-content\/uploads\/sites\/4\/2022\/05\/Evento-trabajo-Hibrido-16-300x225.jpg 300w, https:\/\/encaminablogs.wpenginepowered.com\/encamina-se-mueve\/wp-content\/uploads\/sites\/4\/2022\/05\/Evento-trabajo-Hibrido-16-1024x768.jpg 1024w, https:\/\/encaminablogs.wpenginepowered.com\/encamina-se-mueve\/wp-content\/uploads\/sites\/4\/2022\/05\/Evento-trabajo-Hibrido-16-768x576.jpg 768w, https:\/\/encaminablogs.wpenginepowered.com\/encamina-se-mueve\/wp-content\/uploads\/sites\/4\/2022\/05\/Evento-trabajo-Hibrido-16-1536x1152.jpg 1536w, https:\/\/encaminablogs.wpenginepowered.com\/encamina-se-mueve\/wp-content\/uploads\/sites\/4\/2022\/05\/Evento-trabajo-Hibrido-16-2048x1536.jpg 2048w, https:\/\/encaminablogs.wpenginepowered.com\/encamina-se-mueve\/wp-content\/uploads\/sites\/4\/2022\/05\/Evento-trabajo-Hibrido-16-610x458.jpg 610w\" sizes=\"auto, (max-width: 2560px) 100vw, 2560px\" \/><p id=\"caption-attachment-3785\" class=\"wp-caption-text\">Ignacio Dolz, \u00a0Product Manager de ENCAMINA.<\/p><\/div><\/p>\n<p><strong>Alberto Romaguera,<\/strong> responsable del \u00c1rea de Ciberseguridad en Fermax, nos cont\u00f3 c\u00f3mo han mejorado su forma de trabajar desde el punto de vista de la CIBERSEGURIDAD.<\/p>\n<p><div id=\"attachment_3790\" style=\"width: 2570px\" class=\"wp-caption aligncenter\"><img loading=\"lazy\" decoding=\"async\" aria-describedby=\"caption-attachment-3790\" class=\"wp-image-3790 size-full\" src=\"http:\/\/blogs.encamina.com\/encamina-se-mueve\/wp-content\/uploads\/sites\/4\/2022\/05\/Evento-trabajo-Hibrido-15-scaled.jpg\" alt=\"\" width=\"2560\" height=\"1920\" srcset=\"https:\/\/encaminablogs.wpenginepowered.com\/encamina-se-mueve\/wp-content\/uploads\/sites\/4\/2022\/05\/Evento-trabajo-Hibrido-15-scaled.jpg 2560w, https:\/\/encaminablogs.wpenginepowered.com\/encamina-se-mueve\/wp-content\/uploads\/sites\/4\/2022\/05\/Evento-trabajo-Hibrido-15-300x225.jpg 300w, https:\/\/encaminablogs.wpenginepowered.com\/encamina-se-mueve\/wp-content\/uploads\/sites\/4\/2022\/05\/Evento-trabajo-Hibrido-15-1024x768.jpg 1024w, https:\/\/encaminablogs.wpenginepowered.com\/encamina-se-mueve\/wp-content\/uploads\/sites\/4\/2022\/05\/Evento-trabajo-Hibrido-15-768x576.jpg 768w, https:\/\/encaminablogs.wpenginepowered.com\/encamina-se-mueve\/wp-content\/uploads\/sites\/4\/2022\/05\/Evento-trabajo-Hibrido-15-1536x1152.jpg 1536w, https:\/\/encaminablogs.wpenginepowered.com\/encamina-se-mueve\/wp-content\/uploads\/sites\/4\/2022\/05\/Evento-trabajo-Hibrido-15-2048x1536.jpg 2048w, https:\/\/encaminablogs.wpenginepowered.com\/encamina-se-mueve\/wp-content\/uploads\/sites\/4\/2022\/05\/Evento-trabajo-Hibrido-15-610x458.jpg 610w\" sizes=\"auto, (max-width: 2560px) 100vw, 2560px\" \/><p id=\"caption-attachment-3790\" class=\"wp-caption-text\">Alberto Romaguera, responsable del \u00c1rea de Ciberseguridad en Fermax<\/p><\/div><\/p>\n<p><strong>Alberto D\u00edaz<\/strong>, CTIO de ENCAMINA, nos trajo una historia \u00abanonimizada\u00bb, en la que el cliente, utiliz\u00f3 una serie de insights provenientes de la huella digital de sus empleados para mejorar la experiencia del trabajo h\u00edbrido.<\/p>\n<p><div id=\"attachment_3791\" style=\"width: 2570px\" class=\"wp-caption aligncenter\"><img loading=\"lazy\" decoding=\"async\" aria-describedby=\"caption-attachment-3791\" class=\"wp-image-3791 size-full\" src=\"http:\/\/blogs.encamina.com\/encamina-se-mueve\/wp-content\/uploads\/sites\/4\/2022\/05\/Evento-trabajo-Hibrido-12-scaled.jpg\" alt=\"\" width=\"2560\" height=\"1920\" srcset=\"https:\/\/encaminablogs.wpenginepowered.com\/encamina-se-mueve\/wp-content\/uploads\/sites\/4\/2022\/05\/Evento-trabajo-Hibrido-12-scaled.jpg 2560w, https:\/\/encaminablogs.wpenginepowered.com\/encamina-se-mueve\/wp-content\/uploads\/sites\/4\/2022\/05\/Evento-trabajo-Hibrido-12-300x225.jpg 300w, https:\/\/encaminablogs.wpenginepowered.com\/encamina-se-mueve\/wp-content\/uploads\/sites\/4\/2022\/05\/Evento-trabajo-Hibrido-12-1024x768.jpg 1024w, https:\/\/encaminablogs.wpenginepowered.com\/encamina-se-mueve\/wp-content\/uploads\/sites\/4\/2022\/05\/Evento-trabajo-Hibrido-12-768x576.jpg 768w, https:\/\/encaminablogs.wpenginepowered.com\/encamina-se-mueve\/wp-content\/uploads\/sites\/4\/2022\/05\/Evento-trabajo-Hibrido-12-1536x1152.jpg 1536w, https:\/\/encaminablogs.wpenginepowered.com\/encamina-se-mueve\/wp-content\/uploads\/sites\/4\/2022\/05\/Evento-trabajo-Hibrido-12-2048x1536.jpg 2048w, https:\/\/encaminablogs.wpenginepowered.com\/encamina-se-mueve\/wp-content\/uploads\/sites\/4\/2022\/05\/Evento-trabajo-Hibrido-12-610x458.jpg 610w\" sizes=\"auto, (max-width: 2560px) 100vw, 2560px\" \/><p id=\"caption-attachment-3791\" class=\"wp-caption-text\">Alberto D\u00edaz, CTIO de ENCAMINA<\/p><\/div><\/p>\n<p>En el primer panel de debate, hablamos sobre las <strong>plataformas de experiencia del empleado,<\/strong> esa nueva categor\u00eda de soluciones tecnol\u00f3gicas que proporcionan los recursos que las personas necesitamos para desarrollar mejor nuestro trabajo en el nuevo entorno laboral.<\/p>\n<p>Participaron en remoto<strong> Miguel Gil,<\/strong> Gestor de demanda en Santillana y <strong>Olga Esteve,<\/strong> Senior Facilities en Nationale-Nederlanden; mientras que el Hub contamos con la presencia de<strong> Toni Rein\u00f3n<\/strong>, responsable del \u00e1rea de Desarrollo del negocio y Director Comercial de ENCAMINA.<\/p>\n<p><div id=\"attachment_3788\" style=\"width: 2570px\" class=\"wp-caption aligncenter\"><img loading=\"lazy\" decoding=\"async\" aria-describedby=\"caption-attachment-3788\" class=\"wp-image-3788 size-full\" src=\"http:\/\/blogs.encamina.com\/encamina-se-mueve\/wp-content\/uploads\/sites\/4\/2022\/05\/Evento-trabajo-Hibrido-8-scaled.jpg\" alt=\"\" width=\"2560\" height=\"1920\" srcset=\"https:\/\/encaminablogs.wpenginepowered.com\/encamina-se-mueve\/wp-content\/uploads\/sites\/4\/2022\/05\/Evento-trabajo-Hibrido-8-scaled.jpg 2560w, https:\/\/encaminablogs.wpenginepowered.com\/encamina-se-mueve\/wp-content\/uploads\/sites\/4\/2022\/05\/Evento-trabajo-Hibrido-8-300x225.jpg 300w, https:\/\/encaminablogs.wpenginepowered.com\/encamina-se-mueve\/wp-content\/uploads\/sites\/4\/2022\/05\/Evento-trabajo-Hibrido-8-1024x768.jpg 1024w, https:\/\/encaminablogs.wpenginepowered.com\/encamina-se-mueve\/wp-content\/uploads\/sites\/4\/2022\/05\/Evento-trabajo-Hibrido-8-768x576.jpg 768w, https:\/\/encaminablogs.wpenginepowered.com\/encamina-se-mueve\/wp-content\/uploads\/sites\/4\/2022\/05\/Evento-trabajo-Hibrido-8-1536x1152.jpg 1536w, https:\/\/encaminablogs.wpenginepowered.com\/encamina-se-mueve\/wp-content\/uploads\/sites\/4\/2022\/05\/Evento-trabajo-Hibrido-8-2048x1536.jpg 2048w, https:\/\/encaminablogs.wpenginepowered.com\/encamina-se-mueve\/wp-content\/uploads\/sites\/4\/2022\/05\/Evento-trabajo-Hibrido-8-610x458.jpg 610w\" sizes=\"auto, (max-width: 2560px) 100vw, 2560px\" \/><p id=\"caption-attachment-3788\" class=\"wp-caption-text\">Tertulia sobre \u00abPlataformas de Experiencia del Empleado\u00bb<\/p><\/div><\/p>\n<p>Y por \u00faltimo, en la segunda mesa de debate hablamos sobre <b><span data-contrast=\"none\">c\u00f3mo se mantiene<\/span><\/b> <b><span data-contrast=\"none\">engagement del empleado en entornos h\u00edbridos<\/span><\/b> <span data-contrast=\"none\">\u00bf<\/span><span data-contrast=\"none\">c\u00f3mo fidelizamos a esos trabajadores<\/span><span data-contrast=\"none\"> que ya apenas pasan por la oficina, los que siguen pasando y los que ya no pasan nunca, y c\u00f3mo mantenerla igual para todos? En este panel contamos con la presencia de<\/span><span data-ccp-props=\"{&quot;201341983&quot;:0,&quot;335551550&quot;:6,&quot;335551620&quot;:6,&quot;335559739&quot;:160,&quot;335559740&quot;:259}\">\u00a0<\/span><b><span data-contrast=\"none\">Jimena Moreno de Albor\u00e1n,<\/span><\/b><span data-contrast=\"none\"> Modern Work and Security Product Marketing Manager\u00a0 en Microsoft<\/span><span data-contrast=\"none\"> Espa\u00f1a,\u00a0<\/span><b><span data-contrast=\"none\">N\u00faria Franquesa<\/span><\/b><span data-contrast=\"none\">, especialista senior en Comunicaci\u00f3n en Banco Sabadell, y<\/span><span data-contrast=\"none\">\u00a0<\/span><b><span data-contrast=\"none\">Hugo de Juan<\/span><\/b><span data-contrast=\"none\">\u00a0 CEO de ENCAMINA.\u00a0<\/span><\/p>\n<p><div id=\"attachment_3786\" style=\"width: 2570px\" class=\"wp-caption aligncenter\"><img loading=\"lazy\" decoding=\"async\" aria-describedby=\"caption-attachment-3786\" class=\"wp-image-3786 size-full\" src=\"http:\/\/blogs.encamina.com\/encamina-se-mueve\/wp-content\/uploads\/sites\/4\/2022\/05\/Evento-trabajo-Hibrido-6-scaled.jpg\" alt=\"\" width=\"2560\" height=\"1920\" srcset=\"https:\/\/encaminablogs.wpenginepowered.com\/encamina-se-mueve\/wp-content\/uploads\/sites\/4\/2022\/05\/Evento-trabajo-Hibrido-6-scaled.jpg 2560w, https:\/\/encaminablogs.wpenginepowered.com\/encamina-se-mueve\/wp-content\/uploads\/sites\/4\/2022\/05\/Evento-trabajo-Hibrido-6-300x225.jpg 300w, https:\/\/encaminablogs.wpenginepowered.com\/encamina-se-mueve\/wp-content\/uploads\/sites\/4\/2022\/05\/Evento-trabajo-Hibrido-6-1024x768.jpg 1024w, https:\/\/encaminablogs.wpenginepowered.com\/encamina-se-mueve\/wp-content\/uploads\/sites\/4\/2022\/05\/Evento-trabajo-Hibrido-6-768x576.jpg 768w, https:\/\/encaminablogs.wpenginepowered.com\/encamina-se-mueve\/wp-content\/uploads\/sites\/4\/2022\/05\/Evento-trabajo-Hibrido-6-1536x1152.jpg 1536w, https:\/\/encaminablogs.wpenginepowered.com\/encamina-se-mueve\/wp-content\/uploads\/sites\/4\/2022\/05\/Evento-trabajo-Hibrido-6-2048x1536.jpg 2048w, https:\/\/encaminablogs.wpenginepowered.com\/encamina-se-mueve\/wp-content\/uploads\/sites\/4\/2022\/05\/Evento-trabajo-Hibrido-6-610x458.jpg 610w\" sizes=\"auto, (max-width: 2560px) 100vw, 2560px\" \/><p id=\"caption-attachment-3786\" class=\"wp-caption-text\">Mesa de debate sobre \u00abEngagment del empleado en entorno h\u00edbridos\u00bb<\/p><\/div><\/p>\n<p>El resultado fue una sesi\u00f3n en la que, qui\u00e9n m\u00e1s o quien menos, se llev\u00f3 a casa a<span class=\"TextRun SCXW119938081 BCX8\" lang=\"ES-ES\" xml:lang=\"ES-ES\" data-contrast=\"none\"><span class=\"NormalTextRun SCXW119938081 BCX8\">lguna buena pr\u00e1ctica para mejorar su d\u00eda a d\u00eda en entornos h\u00edbridos de trabajo \ud83d\ude09<\/span><\/span><\/p>\n<p><iframe loading=\"lazy\" title=\"YouTube video player\" src=\"https:\/\/www.youtube.com\/embed\/sxd-2SJQmCM\" width=\"560\" height=\"315\" frameborder=\"0\" allowfullscreen=\"allowfullscreen\"><\/iframe><\/p>\n<!-- AddThis Advanced Settings generic via filter on the_content --><!-- AddThis Share Buttons generic via filter on the_content --><span class=\"et_bloom_bottom_trigger\"><\/span>","protected":false},"excerpt":{"rendered":"<p>Bueno, bueno&#8230;el pasado 1 de junio tuvimos una jornada presencial\/online chul\u00edsima para conocer estrategias e historias inspiradoras que nos ayuden a lograr un entorno de trabajo h\u00edbrido exitoso \u00bfmola o no mola? El peri\u00f3dico Valencia Plaza, tambi\u00e9n se hizo eco &hellip; <a href=\"https:\/\/blogs.encamina.com\/encamina-se-mueve\/proximo-evento-trabajo-hibrido-engagement-del-empleado-y-productividad\/\">Continue reading <span class=\"meta-nav\">&rarr;<\/span><\/a><!-- AddThis Advanced Settings generic via filter on get_the_excerpt --><!-- AddThis Share Buttons generic via filter on get_the_excerpt --><\/p>\n","protected":false},"author":171,"featured_media":3783,"comment_status":"closed","ping_status":"open","sticky":false,"template":"","format":"standard","meta":{"footnotes":""},"categories":[94,81],"tags":[],"class_list":["post-3729","post","type-post","status-publish","format-standard","has-post-thumbnail","hentry","category-destacado","category-evento"],"yoast_head":"<!-- This site is optimized with the Yoast SEO Premium plugin v18.2.1 (Yoast SEO v27.3) - https:\/\/yoast.com\/product\/yoast-seo-premium-wordpress\/ -->\n<title>EVENTO: Trabajo H\u00edbrido, Engagement del Empleado y Productividad | ENCAMINA se Mueve<\/title>\n<meta name=\"description\" content=\"Un evento presencial, con una estela digital, para conocer estrategias e historias inspiradoras y ayudarnos a lograr entornos de trabajo h\u00edbrido exitosos\" \/>\n<meta name=\"robots\" content=\"index, follow, max-snippet:-1, max-image-preview:large, max-video-preview:-1\" \/>\n<link rel=\"canonical\" href=\"https:\/\/blogs.encamina.com\/encamina-se-mueve\/proximo-evento-trabajo-hibrido-engagement-del-empleado-y-productividad\/\" \/>\n<meta property=\"og:locale\" content=\"es_ES\" \/>\n<meta property=\"og:type\" content=\"article\" \/>\n<meta property=\"og:title\" content=\"EVENTO: Trabajo H\u00edbrido, Engagement del Empleado y Productividad\" \/>\n<meta property=\"og:description\" content=\"Un evento presencial, con una estela digital, para conocer estrategias e historias inspiradoras y ayudarnos a lograr entornos de trabajo h\u00edbrido exitosos\" \/>\n<meta property=\"og:url\" content=\"https:\/\/blogs.encamina.com\/encamina-se-mueve\/proximo-evento-trabajo-hibrido-engagement-del-empleado-y-productividad\/\" \/>\n<meta property=\"og:site_name\" content=\"ENCAMINA se Mueve\" \/>\n<meta property=\"article:published_time\" content=\"2022-05-17T17:27:59+00:00\" \/>\n<meta property=\"article:modified_time\" content=\"2022-06-10T09:06:25+00:00\" \/>\n<meta property=\"og:image\" content=\"http:\/\/blogs.encamina.com\/encamina-se-mueve\/wp-content\/uploads\/sites\/4\/2022\/05\/Evento-trabajo-Hibrido-5-scaled.jpg\" \/>\n\t<meta property=\"og:image:width\" content=\"2560\" \/>\n\t<meta property=\"og:image:height\" content=\"1920\" \/>\n\t<meta property=\"og:image:type\" content=\"image\/jpeg\" \/>\n<meta name=\"author\" content=\"Laura Blanch\" \/>\n<meta name=\"twitter:card\" content=\"summary_large_image\" \/>\n<meta name=\"twitter:label1\" content=\"Escrito por\" \/>\n\t<meta name=\"twitter:data1\" content=\"Laura Blanch\" \/>\n\t<meta name=\"twitter:label2\" content=\"Tiempo de lectura\" \/>\n\t<meta name=\"twitter:data2\" content=\"4 minutos\" \/>\n<script type=\"application\/ld+json\" class=\"yoast-schema-graph\">{\"@context\":\"https:\\\/\\\/schema.org\",\"@graph\":[{\"@type\":\"Article\",\"@id\":\"https:\\\/\\\/blogs.encamina.com\\\/encamina-se-mueve\\\/proximo-evento-trabajo-hibrido-engagement-del-empleado-y-productividad\\\/#article\",\"isPartOf\":{\"@id\":\"https:\\\/\\\/blogs.encamina.com\\\/encamina-se-mueve\\\/proximo-evento-trabajo-hibrido-engagement-del-empleado-y-productividad\\\/\"},\"author\":{\"name\":\"Laura Blanch\",\"@id\":\"https:\\\/\\\/blogs.encamina.com\\\/encamina-se-mueve\\\/#\\\/schema\\\/person\\\/49aedd5048203fe71d48ef3101fc351b\"},\"headline\":\"EVENTO: Trabajo H\u00edbrido, Engagement del Empleado y Productividad\",\"datePublished\":\"2022-05-17T17:27:59+00:00\",\"dateModified\":\"2022-06-10T09:06:25+00:00\",\"mainEntityOfPage\":{\"@id\":\"https:\\\/\\\/blogs.encamina.com\\\/encamina-se-mueve\\\/proximo-evento-trabajo-hibrido-engagement-del-empleado-y-productividad\\\/\"},\"wordCount\":557,\"publisher\":{\"@id\":\"https:\\\/\\\/blogs.encamina.com\\\/encamina-se-mueve\\\/#organization\"},\"image\":{\"@id\":\"https:\\\/\\\/blogs.encamina.com\\\/encamina-se-mueve\\\/proximo-evento-trabajo-hibrido-engagement-del-empleado-y-productividad\\\/#primaryimage\"},\"thumbnailUrl\":\"https:\\\/\\\/blogs.encamina.com\\\/encamina-se-mueve\\\/wp-content\\\/uploads\\\/sites\\\/4\\\/2022\\\/05\\\/Evento-trabajo-Hibrido-5-scaled.jpg\",\"articleSection\":[\"Destacado\",\"evento\"],\"inLanguage\":\"es\"},{\"@type\":\"WebPage\",\"@id\":\"https:\\\/\\\/blogs.encamina.com\\\/encamina-se-mueve\\\/proximo-evento-trabajo-hibrido-engagement-del-empleado-y-productividad\\\/\",\"url\":\"https:\\\/\\\/blogs.encamina.com\\\/encamina-se-mueve\\\/proximo-evento-trabajo-hibrido-engagement-del-empleado-y-productividad\\\/\",\"name\":\"EVENTO: Trabajo H\u00edbrido, Engagement del Empleado y Productividad | ENCAMINA se Mueve\",\"isPartOf\":{\"@id\":\"https:\\\/\\\/blogs.encamina.com\\\/encamina-se-mueve\\\/#website\"},\"primaryImageOfPage\":{\"@id\":\"https:\\\/\\\/blogs.encamina.com\\\/encamina-se-mueve\\\/proximo-evento-trabajo-hibrido-engagement-del-empleado-y-productividad\\\/#primaryimage\"},\"image\":{\"@id\":\"https:\\\/\\\/blogs.encamina.com\\\/encamina-se-mueve\\\/proximo-evento-trabajo-hibrido-engagement-del-empleado-y-productividad\\\/#primaryimage\"},\"thumbnailUrl\":\"https:\\\/\\\/blogs.encamina.com\\\/encamina-se-mueve\\\/wp-content\\\/uploads\\\/sites\\\/4\\\/2022\\\/05\\\/Evento-trabajo-Hibrido-5-scaled.jpg\",\"datePublished\":\"2022-05-17T17:27:59+00:00\",\"dateModified\":\"2022-06-10T09:06:25+00:00\",\"description\":\"Un evento presencial, con una estela digital, para conocer estrategias e historias inspiradoras y ayudarnos a lograr entornos de trabajo h\u00edbrido exitosos\",\"inLanguage\":\"es\",\"potentialAction\":[{\"@type\":\"ReadAction\",\"target\":[\"https:\\\/\\\/blogs.encamina.com\\\/encamina-se-mueve\\\/proximo-evento-trabajo-hibrido-engagement-del-empleado-y-productividad\\\/\"]}]},{\"@type\":\"ImageObject\",\"inLanguage\":\"es\",\"@id\":\"https:\\\/\\\/blogs.encamina.com\\\/encamina-se-mueve\\\/proximo-evento-trabajo-hibrido-engagement-del-empleado-y-productividad\\\/#primaryimage\",\"url\":\"https:\\\/\\\/blogs.encamina.com\\\/encamina-se-mueve\\\/wp-content\\\/uploads\\\/sites\\\/4\\\/2022\\\/05\\\/Evento-trabajo-Hibrido-5-scaled.jpg\",\"contentUrl\":\"https:\\\/\\\/blogs.encamina.com\\\/encamina-se-mueve\\\/wp-content\\\/uploads\\\/sites\\\/4\\\/2022\\\/05\\\/Evento-trabajo-Hibrido-5-scaled.jpg\",\"width\":2560,\"height\":1920},{\"@type\":\"WebSite\",\"@id\":\"https:\\\/\\\/blogs.encamina.com\\\/encamina-se-mueve\\\/#website\",\"url\":\"https:\\\/\\\/blogs.encamina.com\\\/encamina-se-mueve\\\/\",\"name\":\"ENCAMINA se Mueve\",\"description\":\"Todo lo que se cuece en nuestro equipo: formaciones, charlas, webcasts, talleres...\",\"publisher\":{\"@id\":\"https:\\\/\\\/blogs.encamina.com\\\/encamina-se-mueve\\\/#organization\"},\"potentialAction\":[{\"@type\":\"SearchAction\",\"target\":{\"@type\":\"EntryPoint\",\"urlTemplate\":\"https:\\\/\\\/blogs.encamina.com\\\/encamina-se-mueve\\\/?s={search_term_string}\"},\"query-input\":{\"@type\":\"PropertyValueSpecification\",\"valueRequired\":true,\"valueName\":\"search_term_string\"}}],\"inLanguage\":\"es\"},{\"@type\":\"Organization\",\"@id\":\"https:\\\/\\\/blogs.encamina.com\\\/encamina-se-mueve\\\/#organization\",\"name\":\"ENCAMINA\",\"url\":\"https:\\\/\\\/blogs.encamina.com\\\/encamina-se-mueve\\\/\",\"logo\":{\"@type\":\"ImageObject\",\"inLanguage\":\"es\",\"@id\":\"https:\\\/\\\/blogs.encamina.com\\\/encamina-se-mueve\\\/#\\\/schema\\\/logo\\\/image\\\/\",\"url\":\"https:\\\/\\\/blogs.encamina.com\\\/encamina-se-mueve\\\/wp-content\\\/uploads\\\/sites\\\/4\\\/2018\\\/10\\\/Logo_ENCAMINA_sin-claim.png\",\"contentUrl\":\"https:\\\/\\\/blogs.encamina.com\\\/encamina-se-mueve\\\/wp-content\\\/uploads\\\/sites\\\/4\\\/2018\\\/10\\\/Logo_ENCAMINA_sin-claim.png\",\"width\":409,\"height\":77,\"caption\":\"ENCAMINA\"},\"image\":{\"@id\":\"https:\\\/\\\/blogs.encamina.com\\\/encamina-se-mueve\\\/#\\\/schema\\\/logo\\\/image\\\/\"}},{\"@type\":\"Person\",\"@id\":\"https:\\\/\\\/blogs.encamina.com\\\/encamina-se-mueve\\\/#\\\/schema\\\/person\\\/49aedd5048203fe71d48ef3101fc351b\",\"name\":\"Laura Blanch\",\"image\":{\"@type\":\"ImageObject\",\"inLanguage\":\"es\",\"@id\":\"https:\\\/\\\/secure.gravatar.com\\\/avatar\\\/e6a10cbfac4f98beaaade7277395365843c5c8ca6ad3668abb7321e6763eb7a0?s=96&d=mm&r=g\",\"url\":\"https:\\\/\\\/secure.gravatar.com\\\/avatar\\\/e6a10cbfac4f98beaaade7277395365843c5c8ca6ad3668abb7321e6763eb7a0?s=96&d=mm&r=g\",\"contentUrl\":\"https:\\\/\\\/secure.gravatar.com\\\/avatar\\\/e6a10cbfac4f98beaaade7277395365843c5c8ca6ad3668abb7321e6763eb7a0?s=96&d=mm&r=g\",\"caption\":\"Laura Blanch\"},\"description\":\"Formo parte del estupendo departamento de Marketing y Comunicaci\u00f3n de ENCAMINA \ud83d\ude42\",\"url\":\"https:\\\/\\\/blogs.encamina.com\\\/encamina-se-mueve\\\/author\\\/lblanch\\\/\"}]}<\/script>\n<!-- \/ Yoast SEO Premium plugin. -->","yoast_head_json":{"title":"EVENTO: Trabajo H\u00edbrido, Engagement del Empleado y Productividad | ENCAMINA se Mueve","description":"Un evento presencial, con una estela digital, para conocer estrategias e historias inspiradoras y ayudarnos a lograr entornos de trabajo h\u00edbrido exitosos","robots":{"index":"index","follow":"follow","max-snippet":"max-snippet:-1","max-image-preview":"max-image-preview:large","max-video-preview":"max-video-preview:-1"},"canonical":"https:\/\/blogs.encamina.com\/encamina-se-mueve\/proximo-evento-trabajo-hibrido-engagement-del-empleado-y-productividad\/","og_locale":"es_ES","og_type":"article","og_title":"EVENTO: Trabajo H\u00edbrido, Engagement del Empleado y Productividad","og_description":"Un evento presencial, con una estela digital, para conocer estrategias e historias inspiradoras y ayudarnos a lograr entornos de trabajo h\u00edbrido exitosos","og_url":"https:\/\/blogs.encamina.com\/encamina-se-mueve\/proximo-evento-trabajo-hibrido-engagement-del-empleado-y-productividad\/","og_site_name":"ENCAMINA se Mueve","article_published_time":"2022-05-17T17:27:59+00:00","article_modified_time":"2022-06-10T09:06:25+00:00","og_image":[{"width":2560,"height":1920,"url":"http:\/\/blogs.encamina.com\/encamina-se-mueve\/wp-content\/uploads\/sites\/4\/2022\/05\/Evento-trabajo-Hibrido-5-scaled.jpg","type":"image\/jpeg"}],"author":"Laura Blanch","twitter_card":"summary_large_image","twitter_misc":{"Escrito por":"Laura Blanch","Tiempo de lectura":"4 minutos"},"schema":{"@context":"https:\/\/schema.org","@graph":[{"@type":"Article","@id":"https:\/\/blogs.encamina.com\/encamina-se-mueve\/proximo-evento-trabajo-hibrido-engagement-del-empleado-y-productividad\/#article","isPartOf":{"@id":"https:\/\/blogs.encamina.com\/encamina-se-mueve\/proximo-evento-trabajo-hibrido-engagement-del-empleado-y-productividad\/"},"author":{"name":"Laura Blanch","@id":"https:\/\/blogs.encamina.com\/encamina-se-mueve\/#\/schema\/person\/49aedd5048203fe71d48ef3101fc351b"},"headline":"EVENTO: Trabajo H\u00edbrido, Engagement del Empleado y Productividad","datePublished":"2022-05-17T17:27:59+00:00","dateModified":"2022-06-10T09:06:25+00:00","mainEntityOfPage":{"@id":"https:\/\/blogs.encamina.com\/encamina-se-mueve\/proximo-evento-trabajo-hibrido-engagement-del-empleado-y-productividad\/"},"wordCount":557,"publisher":{"@id":"https:\/\/blogs.encamina.com\/encamina-se-mueve\/#organization"},"image":{"@id":"https:\/\/blogs.encamina.com\/encamina-se-mueve\/proximo-evento-trabajo-hibrido-engagement-del-empleado-y-productividad\/#primaryimage"},"thumbnailUrl":"https:\/\/blogs.encamina.com\/encamina-se-mueve\/wp-content\/uploads\/sites\/4\/2022\/05\/Evento-trabajo-Hibrido-5-scaled.jpg","articleSection":["Destacado","evento"],"inLanguage":"es"},{"@type":"WebPage","@id":"https:\/\/blogs.encamina.com\/encamina-se-mueve\/proximo-evento-trabajo-hibrido-engagement-del-empleado-y-productividad\/","url":"https:\/\/blogs.encamina.com\/encamina-se-mueve\/proximo-evento-trabajo-hibrido-engagement-del-empleado-y-productividad\/","name":"EVENTO: Trabajo H\u00edbrido, Engagement del Empleado y Productividad | ENCAMINA se Mueve","isPartOf":{"@id":"https:\/\/blogs.encamina.com\/encamina-se-mueve\/#website"},"primaryImageOfPage":{"@id":"https:\/\/blogs.encamina.com\/encamina-se-mueve\/proximo-evento-trabajo-hibrido-engagement-del-empleado-y-productividad\/#primaryimage"},"image":{"@id":"https:\/\/blogs.encamina.com\/encamina-se-mueve\/proximo-evento-trabajo-hibrido-engagement-del-empleado-y-productividad\/#primaryimage"},"thumbnailUrl":"https:\/\/blogs.encamina.com\/encamina-se-mueve\/wp-content\/uploads\/sites\/4\/2022\/05\/Evento-trabajo-Hibrido-5-scaled.jpg","datePublished":"2022-05-17T17:27:59+00:00","dateModified":"2022-06-10T09:06:25+00:00","description":"Un evento presencial, con una estela digital, para conocer estrategias e historias inspiradoras y ayudarnos a lograr entornos de trabajo h\u00edbrido exitosos","inLanguage":"es","potentialAction":[{"@type":"ReadAction","target":["https:\/\/blogs.encamina.com\/encamina-se-mueve\/proximo-evento-trabajo-hibrido-engagement-del-empleado-y-productividad\/"]}]},{"@type":"ImageObject","inLanguage":"es","@id":"https:\/\/blogs.encamina.com\/encamina-se-mueve\/proximo-evento-trabajo-hibrido-engagement-del-empleado-y-productividad\/#primaryimage","url":"https:\/\/blogs.encamina.com\/encamina-se-mueve\/wp-content\/uploads\/sites\/4\/2022\/05\/Evento-trabajo-Hibrido-5-scaled.jpg","contentUrl":"https:\/\/blogs.encamina.com\/encamina-se-mueve\/wp-content\/uploads\/sites\/4\/2022\/05\/Evento-trabajo-Hibrido-5-scaled.jpg","width":2560,"height":1920},{"@type":"WebSite","@id":"https:\/\/blogs.encamina.com\/encamina-se-mueve\/#website","url":"https:\/\/blogs.encamina.com\/encamina-se-mueve\/","name":"ENCAMINA se Mueve","description":"Todo lo que se cuece en nuestro equipo: formaciones, charlas, webcasts, talleres...","publisher":{"@id":"https:\/\/blogs.encamina.com\/encamina-se-mueve\/#organization"},"potentialAction":[{"@type":"SearchAction","target":{"@type":"EntryPoint","urlTemplate":"https:\/\/blogs.encamina.com\/encamina-se-mueve\/?s={search_term_string}"},"query-input":{"@type":"PropertyValueSpecification","valueRequired":true,"valueName":"search_term_string"}}],"inLanguage":"es"},{"@type":"Organization","@id":"https:\/\/blogs.encamina.com\/encamina-se-mueve\/#organization","name":"ENCAMINA","url":"https:\/\/blogs.encamina.com\/encamina-se-mueve\/","logo":{"@type":"ImageObject","inLanguage":"es","@id":"https:\/\/blogs.encamina.com\/encamina-se-mueve\/#\/schema\/logo\/image\/","url":"https:\/\/blogs.encamina.com\/encamina-se-mueve\/wp-content\/uploads\/sites\/4\/2018\/10\/Logo_ENCAMINA_sin-claim.png","contentUrl":"https:\/\/blogs.encamina.com\/encamina-se-mueve\/wp-content\/uploads\/sites\/4\/2018\/10\/Logo_ENCAMINA_sin-claim.png","width":409,"height":77,"caption":"ENCAMINA"},"image":{"@id":"https:\/\/blogs.encamina.com\/encamina-se-mueve\/#\/schema\/logo\/image\/"}},{"@type":"Person","@id":"https:\/\/blogs.encamina.com\/encamina-se-mueve\/#\/schema\/person\/49aedd5048203fe71d48ef3101fc351b","name":"Laura Blanch","image":{"@type":"ImageObject","inLanguage":"es","@id":"https:\/\/secure.gravatar.com\/avatar\/e6a10cbfac4f98beaaade7277395365843c5c8ca6ad3668abb7321e6763eb7a0?s=96&d=mm&r=g","url":"https:\/\/secure.gravatar.com\/avatar\/e6a10cbfac4f98beaaade7277395365843c5c8ca6ad3668abb7321e6763eb7a0?s=96&d=mm&r=g","contentUrl":"https:\/\/secure.gravatar.com\/avatar\/e6a10cbfac4f98beaaade7277395365843c5c8ca6ad3668abb7321e6763eb7a0?s=96&d=mm&r=g","caption":"Laura Blanch"},"description":"Formo parte del estupendo departamento de Marketing y Comunicaci\u00f3n de ENCAMINA \ud83d\ude42","url":"https:\/\/blogs.encamina.com\/encamina-se-mueve\/author\/lblanch\/"}]}},"_links":{"self":[{"href":"https:\/\/blogs.encamina.com\/encamina-se-mueve\/wp-json\/wp\/v2\/posts\/3729","targetHints":{"allow":["GET"]}}],"collection":[{"href":"https:\/\/blogs.encamina.com\/encamina-se-mueve\/wp-json\/wp\/v2\/posts"}],"about":[{"href":"https:\/\/blogs.encamina.com\/encamina-se-mueve\/wp-json\/wp\/v2\/types\/post"}],"author":[{"embeddable":true,"href":"https:\/\/blogs.encamina.com\/encamina-se-mueve\/wp-json\/wp\/v2\/users\/171"}],"replies":[{"embeddable":true,"href":"https:\/\/blogs.encamina.com\/encamina-se-mueve\/wp-json\/wp\/v2\/comments?post=3729"}],"version-history":[{"count":0,"href":"https:\/\/blogs.encamina.com\/encamina-se-mueve\/wp-json\/wp\/v2\/posts\/3729\/revisions"}],"wp:featuredmedia":[{"embeddable":true,"href":"https:\/\/blogs.encamina.com\/encamina-se-mueve\/wp-json\/wp\/v2\/media\/3783"}],"wp:attachment":[{"href":"https:\/\/blogs.encamina.com\/encamina-se-mueve\/wp-json\/wp\/v2\/media?parent=3729"}],"wp:term":[{"taxonomy":"category","embeddable":true,"href":"https:\/\/blogs.encamina.com\/encamina-se-mueve\/wp-json\/wp\/v2\/categories?post=3729"},{"taxonomy":"post_tag","embeddable":true,"href":"https:\/\/blogs.encamina.com\/encamina-se-mueve\/wp-json\/wp\/v2\/tags?post=3729"}],"curies":[{"name":"wp","href":"https:\/\/api.w.org\/{rel}","templated":true}]}}