{"id":3398,"date":"2022-01-19T07:00:03","date_gmt":"2022-01-19T06:00:03","guid":{"rendered":"https:\/\/blogs.encamina.com\/encamina-se-mueve\/?p=3398"},"modified":"2022-02-15T11:39:00","modified_gmt":"2022-02-15T10:39:00","slug":"vamos-a-por-el-vi-foro-de-empleo-tecnologico-tajamar","status":"publish","type":"post","link":"https:\/\/blogs.encamina.com\/encamina-se-mueve\/vamos-a-por-el-vi-foro-de-empleo-tecnologico-tajamar\/","title":{"rendered":"\u00a1Vamos a por el VI Foro de Empleo Tecnol\u00f3gico Tajamar!"},"content":{"rendered":"<div class=\"copy-paste-block\">\n<p><img loading=\"lazy\" decoding=\"async\" class=\"aligncenter size-full wp-image-3412\" src=\"http:\/\/blogs.encamina.com\/encamina-se-mueve\/wp-content\/uploads\/sites\/4\/2022\/01\/PORTADA-POST-TAJAMAR.jpg\" alt=\"\" width=\"1053\" height=\"586\" srcset=\"https:\/\/encaminablogs.wpenginepowered.com\/encamina-se-mueve\/wp-content\/uploads\/sites\/4\/2022\/01\/PORTADA-POST-TAJAMAR.jpg 1053w, https:\/\/encaminablogs.wpenginepowered.com\/encamina-se-mueve\/wp-content\/uploads\/sites\/4\/2022\/01\/PORTADA-POST-TAJAMAR-300x167.jpg 300w, https:\/\/encaminablogs.wpenginepowered.com\/encamina-se-mueve\/wp-content\/uploads\/sites\/4\/2022\/01\/PORTADA-POST-TAJAMAR-1024x570.jpg 1024w, https:\/\/encaminablogs.wpenginepowered.com\/encamina-se-mueve\/wp-content\/uploads\/sites\/4\/2022\/01\/PORTADA-POST-TAJAMAR-768x427.jpg 768w, https:\/\/encaminablogs.wpenginepowered.com\/encamina-se-mueve\/wp-content\/uploads\/sites\/4\/2022\/01\/PORTADA-POST-TAJAMAR-610x339.jpg 610w\" sizes=\"auto, (max-width: 1053px) 100vw, 1053px\" \/><\/p>\n<p>Un a\u00f1o m\u00e1s, desde ENCAMINA hemos querido apoyar como sponsors Gold el<strong> <a href=\"https:\/\/empleotecnologia.com\/index.php\/sedes\/empresas\" target=\"_blank\" rel=\"noopener noreferrer\">VI Foro de Empleo Tecnol\u00f3gico de Tajamar. <\/a><\/strong>Adem\u00e1s, \u00a1hemos planteado un RETO con sorpresa para todos los alumnos que se unan a nuestras sesiones! \ud83d\ude09<\/p>\n<\/div>\n<p><!--more--><\/p>\n<p>Las circunstancias han hecho que otra vez\u00a0 nos vayamos a un formato online \ud83d\ude22 Hemos echado menos charlar cara a cara con los m\u00e1s de 1.400 alumnos que se han registrado&#8230;pero estamos segur\u00edsimos de que muy, muy pronto, volveremos a pasear por Las Naves de Madrid.<\/p>\n<p>Nuestros compa\u00f1eros <strong>Aittor Sobradelo<\/strong>, <strong>David Vidal<\/strong> y <strong>Dani Reguera\u00a0<\/strong>(alumni de Tajamar que ya forma parte del #ENCATEAM), han sido los encargados de estar al pie del ca\u00f1\u00f3n el <strong>19 de enero<\/strong> con los alumnos de Madrid, y <strong>27 de enero<\/strong> volver\u00e1n a estar con los de Barcelona, compartiendo la ilusi\u00f3n y la entrega de cientos de alumnos de M\u00e1sters y FP que quieran pasar por nuestras sesiones online este a\u00f1o<strong>\u00a0<img decoding=\"async\" class=\"emoji\" role=\"img\" draggable=\"false\" src=\"https:\/\/s.w.org\/images\/core\/emoji\/13.0.0\/svg\/1f642.svg\" alt=\"\ud83d\ude42\" \/><\/strong><\/p>\n<p>A todos los que quer\u00e1is postularos por ENCAMINA, os proponeros un<strong>\u00a0reto con premio<\/strong> \u00a1Aqu\u00ed lo ten\u00e9is!\ud83d\udc47<\/p>\n<p><img loading=\"lazy\" decoding=\"async\" class=\"aligncenter size-full wp-image-3423\" src=\"http:\/\/blogs.encamina.com\/encamina-se-mueve\/wp-content\/uploads\/sites\/4\/2022\/01\/retos-ENCAMINA-TAJAMAR.jpg\" alt=\"\" width=\"1869\" height=\"974\" srcset=\"https:\/\/encaminablogs.wpenginepowered.com\/encamina-se-mueve\/wp-content\/uploads\/sites\/4\/2022\/01\/retos-ENCAMINA-TAJAMAR.jpg 1869w, https:\/\/encaminablogs.wpenginepowered.com\/encamina-se-mueve\/wp-content\/uploads\/sites\/4\/2022\/01\/retos-ENCAMINA-TAJAMAR-300x156.jpg 300w, https:\/\/encaminablogs.wpenginepowered.com\/encamina-se-mueve\/wp-content\/uploads\/sites\/4\/2022\/01\/retos-ENCAMINA-TAJAMAR-1024x534.jpg 1024w, https:\/\/encaminablogs.wpenginepowered.com\/encamina-se-mueve\/wp-content\/uploads\/sites\/4\/2022\/01\/retos-ENCAMINA-TAJAMAR-768x400.jpg 768w, https:\/\/encaminablogs.wpenginepowered.com\/encamina-se-mueve\/wp-content\/uploads\/sites\/4\/2022\/01\/retos-ENCAMINA-TAJAMAR-1536x800.jpg 1536w, https:\/\/encaminablogs.wpenginepowered.com\/encamina-se-mueve\/wp-content\/uploads\/sites\/4\/2022\/01\/retos-ENCAMINA-TAJAMAR-610x318.jpg 610w\" sizes=\"auto, (max-width: 1869px) 100vw, 1869px\" \/><\/p>\n<p>Si os atrev\u00e9is con \u00e9l, cuando os postul\u00e9is por ENCAMINA, solo ten\u00e9is que poner las soluciones en vuestro mail y os enviaremos una sorpresita \u00a1\u00a1Suerte!!<\/p>\n<!-- AddThis Advanced Settings generic via filter on the_content --><!-- AddThis Share Buttons generic via filter on the_content --><span class=\"et_bloom_bottom_trigger\"><\/span>","protected":false},"excerpt":{"rendered":"<p>Un a\u00f1o m\u00e1s, desde ENCAMINA hemos querido apoyar como sponsors Gold el VI Foro de Empleo Tecnol\u00f3gico de Tajamar. Adem\u00e1s, \u00a1hemos planteado un RETO con sorpresa para todos los alumnos que se unan a nuestras sesiones! \ud83d\ude09<!-- AddThis Advanced Settings generic via filter on get_the_excerpt --><!-- AddThis Share Buttons generic via filter on get_the_excerpt --><\/p>\n","protected":false},"author":171,"featured_media":3412,"comment_status":"closed","ping_status":"open","sticky":false,"template":"","format":"standard","meta":{"footnotes":""},"categories":[74,81],"tags":[],"class_list":["post-3398","post","type-post","status-publish","format-standard","has-post-thumbnail","hentry","category-empleo-joven","category-evento"],"yoast_head":"<!-- This site is optimized with the Yoast SEO Premium plugin v18.2.1 (Yoast SEO v27.3) - https:\/\/yoast.com\/product\/yoast-seo-premium-wordpress\/ -->\n<title>\u00a1Vamos a por el VI Foro de Empleo Tecnol\u00f3gico Tajamar! | ENCAMINA<\/title>\n<meta name=\"description\" content=\"Este a\u00f1o tenemos un RETO con sorpresa para todos los alumnos que se unan a nuestras sesiones \ud83d\ude09\u00a0\" \/>\n<meta name=\"robots\" content=\"index, follow, max-snippet:-1, max-image-preview:large, max-video-preview:-1\" \/>\n<link rel=\"canonical\" href=\"https:\/\/blogs.encamina.com\/encamina-se-mueve\/vamos-a-por-el-vi-foro-de-empleo-tecnologico-tajamar\/\" \/>\n<meta property=\"og:locale\" content=\"es_ES\" \/>\n<meta property=\"og:type\" content=\"article\" \/>\n<meta property=\"og:title\" content=\"\u00a1Vamos a por el VI Foro de Empleo Tecnol\u00f3gico Tajamar!\" \/>\n<meta property=\"og:description\" content=\"Este a\u00f1o tenemos un RETO con sorpresa para todos los alumnos que se unan a nuestras sesiones \ud83d\ude09\u00a0\" \/>\n<meta property=\"og:url\" content=\"https:\/\/blogs.encamina.com\/encamina-se-mueve\/vamos-a-por-el-vi-foro-de-empleo-tecnologico-tajamar\/\" \/>\n<meta property=\"og:site_name\" content=\"ENCAMINA se Mueve\" \/>\n<meta property=\"article:published_time\" content=\"2022-01-19T06:00:03+00:00\" \/>\n<meta property=\"article:modified_time\" content=\"2022-02-15T10:39:00+00:00\" \/>\n<meta property=\"og:image\" content=\"https:\/\/blogs.encamina.com\/encamina-se-mueve\/wp-content\/uploads\/sites\/4\/2022\/01\/PORTADA-POST-TAJAMAR.jpg\" \/>\n\t<meta property=\"og:image:width\" content=\"1053\" \/>\n\t<meta property=\"og:image:height\" content=\"586\" \/>\n\t<meta property=\"og:image:type\" content=\"image\/jpeg\" \/>\n<meta name=\"author\" content=\"Laura Blanch\" \/>\n<meta name=\"twitter:card\" content=\"summary_large_image\" \/>\n<meta name=\"twitter:label1\" content=\"Escrito por\" \/>\n\t<meta name=\"twitter:data1\" content=\"Laura Blanch\" \/>\n\t<meta name=\"twitter:label2\" content=\"Tiempo de lectura\" \/>\n\t<meta name=\"twitter:data2\" content=\"2 minutos\" \/>\n<script type=\"application\/ld+json\" class=\"yoast-schema-graph\">{\"@context\":\"https:\\\/\\\/schema.org\",\"@graph\":[{\"@type\":\"Article\",\"@id\":\"https:\\\/\\\/blogs.encamina.com\\\/encamina-se-mueve\\\/vamos-a-por-el-vi-foro-de-empleo-tecnologico-tajamar\\\/#article\",\"isPartOf\":{\"@id\":\"https:\\\/\\\/blogs.encamina.com\\\/encamina-se-mueve\\\/vamos-a-por-el-vi-foro-de-empleo-tecnologico-tajamar\\\/\"},\"author\":{\"name\":\"Laura Blanch\",\"@id\":\"https:\\\/\\\/blogs.encamina.com\\\/encamina-se-mueve\\\/#\\\/schema\\\/person\\\/49aedd5048203fe71d48ef3101fc351b\"},\"headline\":\"\u00a1Vamos a por el VI Foro de Empleo Tecnol\u00f3gico Tajamar!\",\"datePublished\":\"2022-01-19T06:00:03+00:00\",\"dateModified\":\"2022-02-15T10:39:00+00:00\",\"mainEntityOfPage\":{\"@id\":\"https:\\\/\\\/blogs.encamina.com\\\/encamina-se-mueve\\\/vamos-a-por-el-vi-foro-de-empleo-tecnologico-tajamar\\\/\"},\"wordCount\":220,\"publisher\":{\"@id\":\"https:\\\/\\\/blogs.encamina.com\\\/encamina-se-mueve\\\/#organization\"},\"image\":{\"@id\":\"https:\\\/\\\/blogs.encamina.com\\\/encamina-se-mueve\\\/vamos-a-por-el-vi-foro-de-empleo-tecnologico-tajamar\\\/#primaryimage\"},\"thumbnailUrl\":\"https:\\\/\\\/blogs.encamina.com\\\/encamina-se-mueve\\\/wp-content\\\/uploads\\\/sites\\\/4\\\/2022\\\/01\\\/PORTADA-POST-TAJAMAR.jpg\",\"articleSection\":[\"Empleo Joven\",\"evento\"],\"inLanguage\":\"es\"},{\"@type\":\"WebPage\",\"@id\":\"https:\\\/\\\/blogs.encamina.com\\\/encamina-se-mueve\\\/vamos-a-por-el-vi-foro-de-empleo-tecnologico-tajamar\\\/\",\"url\":\"https:\\\/\\\/blogs.encamina.com\\\/encamina-se-mueve\\\/vamos-a-por-el-vi-foro-de-empleo-tecnologico-tajamar\\\/\",\"name\":\"\u00a1Vamos a por el VI Foro de Empleo Tecnol\u00f3gico Tajamar! | ENCAMINA\",\"isPartOf\":{\"@id\":\"https:\\\/\\\/blogs.encamina.com\\\/encamina-se-mueve\\\/#website\"},\"primaryImageOfPage\":{\"@id\":\"https:\\\/\\\/blogs.encamina.com\\\/encamina-se-mueve\\\/vamos-a-por-el-vi-foro-de-empleo-tecnologico-tajamar\\\/#primaryimage\"},\"image\":{\"@id\":\"https:\\\/\\\/blogs.encamina.com\\\/encamina-se-mueve\\\/vamos-a-por-el-vi-foro-de-empleo-tecnologico-tajamar\\\/#primaryimage\"},\"thumbnailUrl\":\"https:\\\/\\\/blogs.encamina.com\\\/encamina-se-mueve\\\/wp-content\\\/uploads\\\/sites\\\/4\\\/2022\\\/01\\\/PORTADA-POST-TAJAMAR.jpg\",\"datePublished\":\"2022-01-19T06:00:03+00:00\",\"dateModified\":\"2022-02-15T10:39:00+00:00\",\"description\":\"Este a\u00f1o tenemos un RETO con sorpresa para todos los alumnos que se unan a nuestras sesiones \ud83d\ude09\u00a0\",\"inLanguage\":\"es\",\"potentialAction\":[{\"@type\":\"ReadAction\",\"target\":[\"https:\\\/\\\/blogs.encamina.com\\\/encamina-se-mueve\\\/vamos-a-por-el-vi-foro-de-empleo-tecnologico-tajamar\\\/\"]}]},{\"@type\":\"ImageObject\",\"inLanguage\":\"es\",\"@id\":\"https:\\\/\\\/blogs.encamina.com\\\/encamina-se-mueve\\\/vamos-a-por-el-vi-foro-de-empleo-tecnologico-tajamar\\\/#primaryimage\",\"url\":\"https:\\\/\\\/blogs.encamina.com\\\/encamina-se-mueve\\\/wp-content\\\/uploads\\\/sites\\\/4\\\/2022\\\/01\\\/PORTADA-POST-TAJAMAR.jpg\",\"contentUrl\":\"https:\\\/\\\/blogs.encamina.com\\\/encamina-se-mueve\\\/wp-content\\\/uploads\\\/sites\\\/4\\\/2022\\\/01\\\/PORTADA-POST-TAJAMAR.jpg\",\"width\":1053,\"height\":586},{\"@type\":\"WebSite\",\"@id\":\"https:\\\/\\\/blogs.encamina.com\\\/encamina-se-mueve\\\/#website\",\"url\":\"https:\\\/\\\/blogs.encamina.com\\\/encamina-se-mueve\\\/\",\"name\":\"ENCAMINA se Mueve\",\"description\":\"Todo lo que se cuece en nuestro equipo: formaciones, charlas, webcasts, talleres...\",\"publisher\":{\"@id\":\"https:\\\/\\\/blogs.encamina.com\\\/encamina-se-mueve\\\/#organization\"},\"potentialAction\":[{\"@type\":\"SearchAction\",\"target\":{\"@type\":\"EntryPoint\",\"urlTemplate\":\"https:\\\/\\\/blogs.encamina.com\\\/encamina-se-mueve\\\/?s={search_term_string}\"},\"query-input\":{\"@type\":\"PropertyValueSpecification\",\"valueRequired\":true,\"valueName\":\"search_term_string\"}}],\"inLanguage\":\"es\"},{\"@type\":\"Organization\",\"@id\":\"https:\\\/\\\/blogs.encamina.com\\\/encamina-se-mueve\\\/#organization\",\"name\":\"ENCAMINA\",\"url\":\"https:\\\/\\\/blogs.encamina.com\\\/encamina-se-mueve\\\/\",\"logo\":{\"@type\":\"ImageObject\",\"inLanguage\":\"es\",\"@id\":\"https:\\\/\\\/blogs.encamina.com\\\/encamina-se-mueve\\\/#\\\/schema\\\/logo\\\/image\\\/\",\"url\":\"https:\\\/\\\/blogs.encamina.com\\\/encamina-se-mueve\\\/wp-content\\\/uploads\\\/sites\\\/4\\\/2018\\\/10\\\/Logo_ENCAMINA_sin-claim.png\",\"contentUrl\":\"https:\\\/\\\/blogs.encamina.com\\\/encamina-se-mueve\\\/wp-content\\\/uploads\\\/sites\\\/4\\\/2018\\\/10\\\/Logo_ENCAMINA_sin-claim.png\",\"width\":409,\"height\":77,\"caption\":\"ENCAMINA\"},\"image\":{\"@id\":\"https:\\\/\\\/blogs.encamina.com\\\/encamina-se-mueve\\\/#\\\/schema\\\/logo\\\/image\\\/\"}},{\"@type\":\"Person\",\"@id\":\"https:\\\/\\\/blogs.encamina.com\\\/encamina-se-mueve\\\/#\\\/schema\\\/person\\\/49aedd5048203fe71d48ef3101fc351b\",\"name\":\"Laura Blanch\",\"image\":{\"@type\":\"ImageObject\",\"inLanguage\":\"es\",\"@id\":\"https:\\\/\\\/secure.gravatar.com\\\/avatar\\\/e6a10cbfac4f98beaaade7277395365843c5c8ca6ad3668abb7321e6763eb7a0?s=96&d=mm&r=g\",\"url\":\"https:\\\/\\\/secure.gravatar.com\\\/avatar\\\/e6a10cbfac4f98beaaade7277395365843c5c8ca6ad3668abb7321e6763eb7a0?s=96&d=mm&r=g\",\"contentUrl\":\"https:\\\/\\\/secure.gravatar.com\\\/avatar\\\/e6a10cbfac4f98beaaade7277395365843c5c8ca6ad3668abb7321e6763eb7a0?s=96&d=mm&r=g\",\"caption\":\"Laura Blanch\"},\"description\":\"Formo parte del estupendo departamento de Marketing y Comunicaci\u00f3n de ENCAMINA \ud83d\ude42\",\"url\":\"https:\\\/\\\/blogs.encamina.com\\\/encamina-se-mueve\\\/author\\\/lblanch\\\/\"}]}<\/script>\n<!-- \/ Yoast SEO Premium plugin. -->","yoast_head_json":{"title":"\u00a1Vamos a por el VI Foro de Empleo Tecnol\u00f3gico Tajamar! | ENCAMINA","description":"Este a\u00f1o tenemos un RETO con sorpresa para todos los alumnos que se unan a nuestras sesiones \ud83d\ude09\u00a0","robots":{"index":"index","follow":"follow","max-snippet":"max-snippet:-1","max-image-preview":"max-image-preview:large","max-video-preview":"max-video-preview:-1"},"canonical":"https:\/\/blogs.encamina.com\/encamina-se-mueve\/vamos-a-por-el-vi-foro-de-empleo-tecnologico-tajamar\/","og_locale":"es_ES","og_type":"article","og_title":"\u00a1Vamos a por el VI Foro de Empleo Tecnol\u00f3gico Tajamar!","og_description":"Este a\u00f1o tenemos un RETO con sorpresa para todos los alumnos que se unan a nuestras sesiones \ud83d\ude09\u00a0","og_url":"https:\/\/blogs.encamina.com\/encamina-se-mueve\/vamos-a-por-el-vi-foro-de-empleo-tecnologico-tajamar\/","og_site_name":"ENCAMINA se Mueve","article_published_time":"2022-01-19T06:00:03+00:00","article_modified_time":"2022-02-15T10:39:00+00:00","og_image":[{"width":1053,"height":586,"url":"https:\/\/blogs.encamina.com\/encamina-se-mueve\/wp-content\/uploads\/sites\/4\/2022\/01\/PORTADA-POST-TAJAMAR.jpg","type":"image\/jpeg"}],"author":"Laura Blanch","twitter_card":"summary_large_image","twitter_misc":{"Escrito por":"Laura Blanch","Tiempo de lectura":"2 minutos"},"schema":{"@context":"https:\/\/schema.org","@graph":[{"@type":"Article","@id":"https:\/\/blogs.encamina.com\/encamina-se-mueve\/vamos-a-por-el-vi-foro-de-empleo-tecnologico-tajamar\/#article","isPartOf":{"@id":"https:\/\/blogs.encamina.com\/encamina-se-mueve\/vamos-a-por-el-vi-foro-de-empleo-tecnologico-tajamar\/"},"author":{"name":"Laura Blanch","@id":"https:\/\/blogs.encamina.com\/encamina-se-mueve\/#\/schema\/person\/49aedd5048203fe71d48ef3101fc351b"},"headline":"\u00a1Vamos a por el VI Foro de Empleo Tecnol\u00f3gico Tajamar!","datePublished":"2022-01-19T06:00:03+00:00","dateModified":"2022-02-15T10:39:00+00:00","mainEntityOfPage":{"@id":"https:\/\/blogs.encamina.com\/encamina-se-mueve\/vamos-a-por-el-vi-foro-de-empleo-tecnologico-tajamar\/"},"wordCount":220,"publisher":{"@id":"https:\/\/blogs.encamina.com\/encamina-se-mueve\/#organization"},"image":{"@id":"https:\/\/blogs.encamina.com\/encamina-se-mueve\/vamos-a-por-el-vi-foro-de-empleo-tecnologico-tajamar\/#primaryimage"},"thumbnailUrl":"https:\/\/blogs.encamina.com\/encamina-se-mueve\/wp-content\/uploads\/sites\/4\/2022\/01\/PORTADA-POST-TAJAMAR.jpg","articleSection":["Empleo Joven","evento"],"inLanguage":"es"},{"@type":"WebPage","@id":"https:\/\/blogs.encamina.com\/encamina-se-mueve\/vamos-a-por-el-vi-foro-de-empleo-tecnologico-tajamar\/","url":"https:\/\/blogs.encamina.com\/encamina-se-mueve\/vamos-a-por-el-vi-foro-de-empleo-tecnologico-tajamar\/","name":"\u00a1Vamos a por el VI Foro de Empleo Tecnol\u00f3gico Tajamar! | ENCAMINA","isPartOf":{"@id":"https:\/\/blogs.encamina.com\/encamina-se-mueve\/#website"},"primaryImageOfPage":{"@id":"https:\/\/blogs.encamina.com\/encamina-se-mueve\/vamos-a-por-el-vi-foro-de-empleo-tecnologico-tajamar\/#primaryimage"},"image":{"@id":"https:\/\/blogs.encamina.com\/encamina-se-mueve\/vamos-a-por-el-vi-foro-de-empleo-tecnologico-tajamar\/#primaryimage"},"thumbnailUrl":"https:\/\/blogs.encamina.com\/encamina-se-mueve\/wp-content\/uploads\/sites\/4\/2022\/01\/PORTADA-POST-TAJAMAR.jpg","datePublished":"2022-01-19T06:00:03+00:00","dateModified":"2022-02-15T10:39:00+00:00","description":"Este a\u00f1o tenemos un RETO con sorpresa para todos los alumnos que se unan a nuestras sesiones \ud83d\ude09\u00a0","inLanguage":"es","potentialAction":[{"@type":"ReadAction","target":["https:\/\/blogs.encamina.com\/encamina-se-mueve\/vamos-a-por-el-vi-foro-de-empleo-tecnologico-tajamar\/"]}]},{"@type":"ImageObject","inLanguage":"es","@id":"https:\/\/blogs.encamina.com\/encamina-se-mueve\/vamos-a-por-el-vi-foro-de-empleo-tecnologico-tajamar\/#primaryimage","url":"https:\/\/blogs.encamina.com\/encamina-se-mueve\/wp-content\/uploads\/sites\/4\/2022\/01\/PORTADA-POST-TAJAMAR.jpg","contentUrl":"https:\/\/blogs.encamina.com\/encamina-se-mueve\/wp-content\/uploads\/sites\/4\/2022\/01\/PORTADA-POST-TAJAMAR.jpg","width":1053,"height":586},{"@type":"WebSite","@id":"https:\/\/blogs.encamina.com\/encamina-se-mueve\/#website","url":"https:\/\/blogs.encamina.com\/encamina-se-mueve\/","name":"ENCAMINA se Mueve","description":"Todo lo que se cuece en nuestro equipo: formaciones, charlas, webcasts, talleres...","publisher":{"@id":"https:\/\/blogs.encamina.com\/encamina-se-mueve\/#organization"},"potentialAction":[{"@type":"SearchAction","target":{"@type":"EntryPoint","urlTemplate":"https:\/\/blogs.encamina.com\/encamina-se-mueve\/?s={search_term_string}"},"query-input":{"@type":"PropertyValueSpecification","valueRequired":true,"valueName":"search_term_string"}}],"inLanguage":"es"},{"@type":"Organization","@id":"https:\/\/blogs.encamina.com\/encamina-se-mueve\/#organization","name":"ENCAMINA","url":"https:\/\/blogs.encamina.com\/encamina-se-mueve\/","logo":{"@type":"ImageObject","inLanguage":"es","@id":"https:\/\/blogs.encamina.com\/encamina-se-mueve\/#\/schema\/logo\/image\/","url":"https:\/\/blogs.encamina.com\/encamina-se-mueve\/wp-content\/uploads\/sites\/4\/2018\/10\/Logo_ENCAMINA_sin-claim.png","contentUrl":"https:\/\/blogs.encamina.com\/encamina-se-mueve\/wp-content\/uploads\/sites\/4\/2018\/10\/Logo_ENCAMINA_sin-claim.png","width":409,"height":77,"caption":"ENCAMINA"},"image":{"@id":"https:\/\/blogs.encamina.com\/encamina-se-mueve\/#\/schema\/logo\/image\/"}},{"@type":"Person","@id":"https:\/\/blogs.encamina.com\/encamina-se-mueve\/#\/schema\/person\/49aedd5048203fe71d48ef3101fc351b","name":"Laura Blanch","image":{"@type":"ImageObject","inLanguage":"es","@id":"https:\/\/secure.gravatar.com\/avatar\/e6a10cbfac4f98beaaade7277395365843c5c8ca6ad3668abb7321e6763eb7a0?s=96&d=mm&r=g","url":"https:\/\/secure.gravatar.com\/avatar\/e6a10cbfac4f98beaaade7277395365843c5c8ca6ad3668abb7321e6763eb7a0?s=96&d=mm&r=g","contentUrl":"https:\/\/secure.gravatar.com\/avatar\/e6a10cbfac4f98beaaade7277395365843c5c8ca6ad3668abb7321e6763eb7a0?s=96&d=mm&r=g","caption":"Laura Blanch"},"description":"Formo parte del estupendo departamento de Marketing y Comunicaci\u00f3n de ENCAMINA \ud83d\ude42","url":"https:\/\/blogs.encamina.com\/encamina-se-mueve\/author\/lblanch\/"}]}},"_links":{"self":[{"href":"https:\/\/blogs.encamina.com\/encamina-se-mueve\/wp-json\/wp\/v2\/posts\/3398","targetHints":{"allow":["GET"]}}],"collection":[{"href":"https:\/\/blogs.encamina.com\/encamina-se-mueve\/wp-json\/wp\/v2\/posts"}],"about":[{"href":"https:\/\/blogs.encamina.com\/encamina-se-mueve\/wp-json\/wp\/v2\/types\/post"}],"author":[{"embeddable":true,"href":"https:\/\/blogs.encamina.com\/encamina-se-mueve\/wp-json\/wp\/v2\/users\/171"}],"replies":[{"embeddable":true,"href":"https:\/\/blogs.encamina.com\/encamina-se-mueve\/wp-json\/wp\/v2\/comments?post=3398"}],"version-history":[{"count":0,"href":"https:\/\/blogs.encamina.com\/encamina-se-mueve\/wp-json\/wp\/v2\/posts\/3398\/revisions"}],"wp:featuredmedia":[{"embeddable":true,"href":"https:\/\/blogs.encamina.com\/encamina-se-mueve\/wp-json\/wp\/v2\/media\/3412"}],"wp:attachment":[{"href":"https:\/\/blogs.encamina.com\/encamina-se-mueve\/wp-json\/wp\/v2\/media?parent=3398"}],"wp:term":[{"taxonomy":"category","embeddable":true,"href":"https:\/\/blogs.encamina.com\/encamina-se-mueve\/wp-json\/wp\/v2\/categories?post=3398"},{"taxonomy":"post_tag","embeddable":true,"href":"https:\/\/blogs.encamina.com\/encamina-se-mueve\/wp-json\/wp\/v2\/tags?post=3398"}],"curies":[{"name":"wp","href":"https:\/\/api.w.org\/{rel}","templated":true}]}}