{"id":3295,"date":"2021-10-15T12:22:58","date_gmt":"2021-10-15T11:22:58","guid":{"rendered":"https:\/\/blogs.encamina.com\/encamina-se-mueve\/?p=3295"},"modified":"2021-10-20T12:33:05","modified_gmt":"2021-10-20T11:33:05","slug":"finalizamos-el-proyecto-inteligencia-de-datos-y-desarrollo-de-algoritmia-avanzada-para-la-deteccion-del-talento-oculto-dentro-de-las-organizaciones-plataforma-amelius-cofinanciado","status":"publish","type":"post","link":"https:\/\/blogs.encamina.com\/encamina-se-mueve\/finalizamos-el-proyecto-inteligencia-de-datos-y-desarrollo-de-algoritmia-avanzada-para-la-deteccion-del-talento-oculto-dentro-de-las-organizaciones-plataforma-amelius-cofinanciado\/","title":{"rendered":"Finalizamos el proyecto \u201cInteligencia de Datos y desarrollo de algoritmia avanzada para la detecci\u00f3n del talento oculto dentro de las organizaciones (PLATAFORMA AMELIUS)\u201d cofinanciado por CDTI"},"content":{"rendered":"<p><img loading=\"lazy\" decoding=\"async\" class=\"aligncenter size-full wp-image-3296\" src=\"http:\/\/blogs.encamina.com\/encamina-se-mueve\/wp-content\/uploads\/sites\/4\/2021\/10\/CDTI-2-1-922x675-1.jpg\" alt=\"\" width=\"922\" height=\"675\" srcset=\"https:\/\/encaminablogs.wpenginepowered.com\/encamina-se-mueve\/wp-content\/uploads\/sites\/4\/2021\/10\/CDTI-2-1-922x675-1.jpg 922w, https:\/\/encaminablogs.wpenginepowered.com\/encamina-se-mueve\/wp-content\/uploads\/sites\/4\/2021\/10\/CDTI-2-1-922x675-1-300x220.jpg 300w, https:\/\/encaminablogs.wpenginepowered.com\/encamina-se-mueve\/wp-content\/uploads\/sites\/4\/2021\/10\/CDTI-2-1-922x675-1-768x562.jpg 768w, https:\/\/encaminablogs.wpenginepowered.com\/encamina-se-mueve\/wp-content\/uploads\/sites\/4\/2021\/10\/CDTI-2-1-922x675-1-610x447.jpg 610w\" sizes=\"auto, (max-width: 922px) 100vw, 922px\" \/><\/p>\n<p>En ENCAMINA estamos orgullosos de haber dado por finalizado el proyecto \u201cInteligencia de Datos y desarrollo de algoritmia avanzada para la detecci\u00f3n del talento oculto dentro de las organizaciones\u201d.<\/p>\n<p><!--more--><\/p>\n<p>Este proyecto, tambi\u00e9n conocido como AMELIUS, lo hemos logrado gracias a la ayuda del <strong>Centro para el Desarrollo Tecnol\u00f3gico Industrial (CDTI)<\/strong> del Ministerio de Industria, Econom\u00eda y Competitividad, cofinanciada por la Uni\u00f3n Europea (Fondos FEDER) a trav\u00e9s del programa Operativo de Crecimiento Inteligente (2014-2020).<\/p>\n<p>Este proyecto comenz\u00f3 en abril de 2020, cuando nuestro equipo de I+D, en su af\u00e1n investigador, se propuso el objetivo de dise\u00f1ar una plataforma que analice, dise\u00f1e y construya un framework para gestionar talentos y comportamientos an\u00f3malos. De este modo, hemos dado un salto estrat\u00e9gico y ampliado nuestra gama de productos.<\/p>\n<p>Tras 15 meses de trabajo y gracias a la aportaci\u00f3n de CDTI, podemos decir<strong> \u00a1reto tecnol\u00f3gico conseguido!<\/strong><\/p>\n<p><img loading=\"lazy\" decoding=\"async\" class=\"aligncenter size-full wp-image-3297\" src=\"http:\/\/blogs.encamina.com\/encamina-se-mueve\/wp-content\/uploads\/sites\/4\/2021\/10\/CDTI-scaled.jpg\" alt=\"\" width=\"2560\" height=\"255\" srcset=\"https:\/\/encaminablogs.wpenginepowered.com\/encamina-se-mueve\/wp-content\/uploads\/sites\/4\/2021\/10\/CDTI-scaled.jpg 2560w, https:\/\/encaminablogs.wpenginepowered.com\/encamina-se-mueve\/wp-content\/uploads\/sites\/4\/2021\/10\/CDTI-300x30.jpg 300w, https:\/\/encaminablogs.wpenginepowered.com\/encamina-se-mueve\/wp-content\/uploads\/sites\/4\/2021\/10\/CDTI-1024x102.jpg 1024w, https:\/\/encaminablogs.wpenginepowered.com\/encamina-se-mueve\/wp-content\/uploads\/sites\/4\/2021\/10\/CDTI-768x77.jpg 768w, https:\/\/encaminablogs.wpenginepowered.com\/encamina-se-mueve\/wp-content\/uploads\/sites\/4\/2021\/10\/CDTI-1536x153.jpg 1536w, https:\/\/encaminablogs.wpenginepowered.com\/encamina-se-mueve\/wp-content\/uploads\/sites\/4\/2021\/10\/CDTI-2048x204.jpg 2048w, https:\/\/encaminablogs.wpenginepowered.com\/encamina-se-mueve\/wp-content\/uploads\/sites\/4\/2021\/10\/CDTI-610x61.jpg 610w\" sizes=\"auto, (max-width: 2560px) 100vw, 2560px\" \/><\/p>\n<p>&nbsp;<\/p>\n<!-- AddThis Advanced Settings generic via filter on the_content --><!-- AddThis Share Buttons generic via filter on the_content --><span class=\"et_bloom_bottom_trigger\"><\/span>","protected":false},"excerpt":{"rendered":"<p>En ENCAMINA estamos orgullosos de haber dado por finalizado el proyecto \u201cInteligencia de Datos y desarrollo de algoritmia avanzada para la detecci\u00f3n del talento oculto dentro de las organizaciones\u201d.<!-- AddThis Advanced Settings generic via filter on get_the_excerpt --><!-- AddThis Share Buttons generic via filter on get_the_excerpt --><\/p>\n","protected":false},"author":171,"featured_media":3296,"comment_status":"closed","ping_status":"open","sticky":false,"template":"","format":"standard","meta":{"footnotes":""},"categories":[65,101],"tags":[],"class_list":["post-3295","post","type-post","status-publish","format-standard","has-post-thumbnail","hentry","category-encamina","category-innovacion"],"yoast_head":"<!-- This site is optimized with the Yoast SEO Premium plugin v18.2.1 (Yoast SEO v27.3) - https:\/\/yoast.com\/product\/yoast-seo-premium-wordpress\/ -->\n<title>Finalizamos el proyecto \u201cInteligencia de Datos y desarrollo de algoritmia avanzada para la detecci\u00f3n del talento oculto dentro de las organizaciones (PLATAFORMA AMELIUS)\u201d cofinanciado por CDTI | ENCAMINA<\/title>\n<meta name=\"description\" content=\"En ENCAMINA estamos orgullosos de haber dado por finalizado el proyecto \u201cInteligencia de Datos y desarrollo de algoritmia avanzada para la detecci\u00f3n del talento oculto dentro de las organizaciones\u201d.\" \/>\n<meta name=\"robots\" content=\"index, follow, max-snippet:-1, max-image-preview:large, max-video-preview:-1\" \/>\n<link rel=\"canonical\" href=\"https:\/\/blogs.encamina.com\/encamina-se-mueve\/finalizamos-el-proyecto-inteligencia-de-datos-y-desarrollo-de-algoritmia-avanzada-para-la-deteccion-del-talento-oculto-dentro-de-las-organizaciones-plataforma-amelius-cofinanciado\/\" \/>\n<meta property=\"og:locale\" content=\"es_ES\" \/>\n<meta property=\"og:type\" content=\"article\" \/>\n<meta property=\"og:title\" content=\"Finalizamos el proyecto \u201cInteligencia de Datos y desarrollo de algoritmia avanzada para la detecci\u00f3n del talento oculto dentro de las organizaciones (PLATAFORMA AMELIUS)\u201d cofinanciado por CDTI\" \/>\n<meta property=\"og:description\" content=\"En ENCAMINA estamos orgullosos de haber dado por finalizado el proyecto \u201cInteligencia de Datos y desarrollo de algoritmia avanzada para la detecci\u00f3n del talento oculto dentro de las organizaciones\u201d.\" \/>\n<meta property=\"og:url\" content=\"https:\/\/blogs.encamina.com\/encamina-se-mueve\/finalizamos-el-proyecto-inteligencia-de-datos-y-desarrollo-de-algoritmia-avanzada-para-la-deteccion-del-talento-oculto-dentro-de-las-organizaciones-plataforma-amelius-cofinanciado\/\" \/>\n<meta property=\"og:site_name\" content=\"ENCAMINA se Mueve\" \/>\n<meta property=\"article:published_time\" content=\"2021-10-15T11:22:58+00:00\" \/>\n<meta property=\"article:modified_time\" content=\"2021-10-20T11:33:05+00:00\" \/>\n<meta property=\"og:image\" content=\"https:\/\/blogs.encamina.com\/encamina-se-mueve\/wp-content\/uploads\/sites\/4\/2021\/10\/CDTI-2-1-922x675-1.jpg\" \/>\n\t<meta property=\"og:image:width\" content=\"922\" \/>\n\t<meta property=\"og:image:height\" content=\"675\" \/>\n\t<meta property=\"og:image:type\" content=\"image\/jpeg\" \/>\n<meta name=\"author\" content=\"Laura Blanch\" \/>\n<meta name=\"twitter:card\" content=\"summary_large_image\" \/>\n<meta name=\"twitter:label1\" content=\"Escrito por\" \/>\n\t<meta name=\"twitter:data1\" content=\"Laura Blanch\" \/>\n\t<meta name=\"twitter:label2\" content=\"Tiempo de lectura\" \/>\n\t<meta name=\"twitter:data2\" content=\"1 minuto\" \/>\n<script type=\"application\/ld+json\" class=\"yoast-schema-graph\">{\"@context\":\"https:\\\/\\\/schema.org\",\"@graph\":[{\"@type\":\"Article\",\"@id\":\"https:\\\/\\\/blogs.encamina.com\\\/encamina-se-mueve\\\/finalizamos-el-proyecto-inteligencia-de-datos-y-desarrollo-de-algoritmia-avanzada-para-la-deteccion-del-talento-oculto-dentro-de-las-organizaciones-plataforma-amelius-cofinanciado\\\/#article\",\"isPartOf\":{\"@id\":\"https:\\\/\\\/blogs.encamina.com\\\/encamina-se-mueve\\\/finalizamos-el-proyecto-inteligencia-de-datos-y-desarrollo-de-algoritmia-avanzada-para-la-deteccion-del-talento-oculto-dentro-de-las-organizaciones-plataforma-amelius-cofinanciado\\\/\"},\"author\":{\"name\":\"Laura Blanch\",\"@id\":\"https:\\\/\\\/blogs.encamina.com\\\/encamina-se-mueve\\\/#\\\/schema\\\/person\\\/49aedd5048203fe71d48ef3101fc351b\"},\"headline\":\"Finalizamos el proyecto \u201cInteligencia de Datos y desarrollo de algoritmia avanzada para la detecci\u00f3n del talento oculto dentro de las organizaciones (PLATAFORMA AMELIUS)\u201d cofinanciado por CDTI\",\"datePublished\":\"2021-10-15T11:22:58+00:00\",\"dateModified\":\"2021-10-20T11:33:05+00:00\",\"mainEntityOfPage\":{\"@id\":\"https:\\\/\\\/blogs.encamina.com\\\/encamina-se-mueve\\\/finalizamos-el-proyecto-inteligencia-de-datos-y-desarrollo-de-algoritmia-avanzada-para-la-deteccion-del-talento-oculto-dentro-de-las-organizaciones-plataforma-amelius-cofinanciado\\\/\"},\"wordCount\":181,\"publisher\":{\"@id\":\"https:\\\/\\\/blogs.encamina.com\\\/encamina-se-mueve\\\/#organization\"},\"image\":{\"@id\":\"https:\\\/\\\/blogs.encamina.com\\\/encamina-se-mueve\\\/finalizamos-el-proyecto-inteligencia-de-datos-y-desarrollo-de-algoritmia-avanzada-para-la-deteccion-del-talento-oculto-dentro-de-las-organizaciones-plataforma-amelius-cofinanciado\\\/#primaryimage\"},\"thumbnailUrl\":\"https:\\\/\\\/blogs.encamina.com\\\/encamina-se-mueve\\\/wp-content\\\/uploads\\\/sites\\\/4\\\/2021\\\/10\\\/CDTI-2-1-922x675-1.jpg\",\"articleSection\":[\"ENCAMINA\",\"Innovaci\u00f3n\"],\"inLanguage\":\"es\"},{\"@type\":\"WebPage\",\"@id\":\"https:\\\/\\\/blogs.encamina.com\\\/encamina-se-mueve\\\/finalizamos-el-proyecto-inteligencia-de-datos-y-desarrollo-de-algoritmia-avanzada-para-la-deteccion-del-talento-oculto-dentro-de-las-organizaciones-plataforma-amelius-cofinanciado\\\/\",\"url\":\"https:\\\/\\\/blogs.encamina.com\\\/encamina-se-mueve\\\/finalizamos-el-proyecto-inteligencia-de-datos-y-desarrollo-de-algoritmia-avanzada-para-la-deteccion-del-talento-oculto-dentro-de-las-organizaciones-plataforma-amelius-cofinanciado\\\/\",\"name\":\"Finalizamos el proyecto \u201cInteligencia de Datos y desarrollo de algoritmia avanzada para la detecci\u00f3n del talento oculto dentro de las organizaciones (PLATAFORMA AMELIUS)\u201d cofinanciado por CDTI | ENCAMINA\",\"isPartOf\":{\"@id\":\"https:\\\/\\\/blogs.encamina.com\\\/encamina-se-mueve\\\/#website\"},\"primaryImageOfPage\":{\"@id\":\"https:\\\/\\\/blogs.encamina.com\\\/encamina-se-mueve\\\/finalizamos-el-proyecto-inteligencia-de-datos-y-desarrollo-de-algoritmia-avanzada-para-la-deteccion-del-talento-oculto-dentro-de-las-organizaciones-plataforma-amelius-cofinanciado\\\/#primaryimage\"},\"image\":{\"@id\":\"https:\\\/\\\/blogs.encamina.com\\\/encamina-se-mueve\\\/finalizamos-el-proyecto-inteligencia-de-datos-y-desarrollo-de-algoritmia-avanzada-para-la-deteccion-del-talento-oculto-dentro-de-las-organizaciones-plataforma-amelius-cofinanciado\\\/#primaryimage\"},\"thumbnailUrl\":\"https:\\\/\\\/blogs.encamina.com\\\/encamina-se-mueve\\\/wp-content\\\/uploads\\\/sites\\\/4\\\/2021\\\/10\\\/CDTI-2-1-922x675-1.jpg\",\"datePublished\":\"2021-10-15T11:22:58+00:00\",\"dateModified\":\"2021-10-20T11:33:05+00:00\",\"description\":\"En ENCAMINA estamos orgullosos de haber dado por finalizado el proyecto \u201cInteligencia de Datos y desarrollo de algoritmia avanzada para la detecci\u00f3n del talento oculto dentro de las organizaciones\u201d.\",\"inLanguage\":\"es\",\"potentialAction\":[{\"@type\":\"ReadAction\",\"target\":[\"https:\\\/\\\/blogs.encamina.com\\\/encamina-se-mueve\\\/finalizamos-el-proyecto-inteligencia-de-datos-y-desarrollo-de-algoritmia-avanzada-para-la-deteccion-del-talento-oculto-dentro-de-las-organizaciones-plataforma-amelius-cofinanciado\\\/\"]}]},{\"@type\":\"ImageObject\",\"inLanguage\":\"es\",\"@id\":\"https:\\\/\\\/blogs.encamina.com\\\/encamina-se-mueve\\\/finalizamos-el-proyecto-inteligencia-de-datos-y-desarrollo-de-algoritmia-avanzada-para-la-deteccion-del-talento-oculto-dentro-de-las-organizaciones-plataforma-amelius-cofinanciado\\\/#primaryimage\",\"url\":\"https:\\\/\\\/blogs.encamina.com\\\/encamina-se-mueve\\\/wp-content\\\/uploads\\\/sites\\\/4\\\/2021\\\/10\\\/CDTI-2-1-922x675-1.jpg\",\"contentUrl\":\"https:\\\/\\\/blogs.encamina.com\\\/encamina-se-mueve\\\/wp-content\\\/uploads\\\/sites\\\/4\\\/2021\\\/10\\\/CDTI-2-1-922x675-1.jpg\",\"width\":922,\"height\":675},{\"@type\":\"WebSite\",\"@id\":\"https:\\\/\\\/blogs.encamina.com\\\/encamina-se-mueve\\\/#website\",\"url\":\"https:\\\/\\\/blogs.encamina.com\\\/encamina-se-mueve\\\/\",\"name\":\"ENCAMINA se Mueve\",\"description\":\"Todo lo que se cuece en nuestro equipo: formaciones, charlas, webcasts, talleres...\",\"publisher\":{\"@id\":\"https:\\\/\\\/blogs.encamina.com\\\/encamina-se-mueve\\\/#organization\"},\"potentialAction\":[{\"@type\":\"SearchAction\",\"target\":{\"@type\":\"EntryPoint\",\"urlTemplate\":\"https:\\\/\\\/blogs.encamina.com\\\/encamina-se-mueve\\\/?s={search_term_string}\"},\"query-input\":{\"@type\":\"PropertyValueSpecification\",\"valueRequired\":true,\"valueName\":\"search_term_string\"}}],\"inLanguage\":\"es\"},{\"@type\":\"Organization\",\"@id\":\"https:\\\/\\\/blogs.encamina.com\\\/encamina-se-mueve\\\/#organization\",\"name\":\"ENCAMINA\",\"url\":\"https:\\\/\\\/blogs.encamina.com\\\/encamina-se-mueve\\\/\",\"logo\":{\"@type\":\"ImageObject\",\"inLanguage\":\"es\",\"@id\":\"https:\\\/\\\/blogs.encamina.com\\\/encamina-se-mueve\\\/#\\\/schema\\\/logo\\\/image\\\/\",\"url\":\"https:\\\/\\\/blogs.encamina.com\\\/encamina-se-mueve\\\/wp-content\\\/uploads\\\/sites\\\/4\\\/2018\\\/10\\\/Logo_ENCAMINA_sin-claim.png\",\"contentUrl\":\"https:\\\/\\\/blogs.encamina.com\\\/encamina-se-mueve\\\/wp-content\\\/uploads\\\/sites\\\/4\\\/2018\\\/10\\\/Logo_ENCAMINA_sin-claim.png\",\"width\":409,\"height\":77,\"caption\":\"ENCAMINA\"},\"image\":{\"@id\":\"https:\\\/\\\/blogs.encamina.com\\\/encamina-se-mueve\\\/#\\\/schema\\\/logo\\\/image\\\/\"}},{\"@type\":\"Person\",\"@id\":\"https:\\\/\\\/blogs.encamina.com\\\/encamina-se-mueve\\\/#\\\/schema\\\/person\\\/49aedd5048203fe71d48ef3101fc351b\",\"name\":\"Laura Blanch\",\"image\":{\"@type\":\"ImageObject\",\"inLanguage\":\"es\",\"@id\":\"https:\\\/\\\/secure.gravatar.com\\\/avatar\\\/e6a10cbfac4f98beaaade7277395365843c5c8ca6ad3668abb7321e6763eb7a0?s=96&d=mm&r=g\",\"url\":\"https:\\\/\\\/secure.gravatar.com\\\/avatar\\\/e6a10cbfac4f98beaaade7277395365843c5c8ca6ad3668abb7321e6763eb7a0?s=96&d=mm&r=g\",\"contentUrl\":\"https:\\\/\\\/secure.gravatar.com\\\/avatar\\\/e6a10cbfac4f98beaaade7277395365843c5c8ca6ad3668abb7321e6763eb7a0?s=96&d=mm&r=g\",\"caption\":\"Laura Blanch\"},\"description\":\"Formo parte del estupendo departamento de Marketing y Comunicaci\u00f3n de ENCAMINA \ud83d\ude42\",\"url\":\"https:\\\/\\\/blogs.encamina.com\\\/encamina-se-mueve\\\/author\\\/lblanch\\\/\"}]}<\/script>\n<!-- \/ Yoast SEO Premium plugin. -->","yoast_head_json":{"title":"Finalizamos el proyecto \u201cInteligencia de Datos y desarrollo de algoritmia avanzada para la detecci\u00f3n del talento oculto dentro de las organizaciones (PLATAFORMA AMELIUS)\u201d cofinanciado por CDTI | ENCAMINA","description":"En ENCAMINA estamos orgullosos de haber dado por finalizado el proyecto \u201cInteligencia de Datos y desarrollo de algoritmia avanzada para la detecci\u00f3n del talento oculto dentro de las organizaciones\u201d.","robots":{"index":"index","follow":"follow","max-snippet":"max-snippet:-1","max-image-preview":"max-image-preview:large","max-video-preview":"max-video-preview:-1"},"canonical":"https:\/\/blogs.encamina.com\/encamina-se-mueve\/finalizamos-el-proyecto-inteligencia-de-datos-y-desarrollo-de-algoritmia-avanzada-para-la-deteccion-del-talento-oculto-dentro-de-las-organizaciones-plataforma-amelius-cofinanciado\/","og_locale":"es_ES","og_type":"article","og_title":"Finalizamos el proyecto \u201cInteligencia de Datos y desarrollo de algoritmia avanzada para la detecci\u00f3n del talento oculto dentro de las organizaciones (PLATAFORMA AMELIUS)\u201d cofinanciado por CDTI","og_description":"En ENCAMINA estamos orgullosos de haber dado por finalizado el proyecto \u201cInteligencia de Datos y desarrollo de algoritmia avanzada para la detecci\u00f3n del talento oculto dentro de las organizaciones\u201d.","og_url":"https:\/\/blogs.encamina.com\/encamina-se-mueve\/finalizamos-el-proyecto-inteligencia-de-datos-y-desarrollo-de-algoritmia-avanzada-para-la-deteccion-del-talento-oculto-dentro-de-las-organizaciones-plataforma-amelius-cofinanciado\/","og_site_name":"ENCAMINA se Mueve","article_published_time":"2021-10-15T11:22:58+00:00","article_modified_time":"2021-10-20T11:33:05+00:00","og_image":[{"width":922,"height":675,"url":"https:\/\/blogs.encamina.com\/encamina-se-mueve\/wp-content\/uploads\/sites\/4\/2021\/10\/CDTI-2-1-922x675-1.jpg","type":"image\/jpeg"}],"author":"Laura Blanch","twitter_card":"summary_large_image","twitter_misc":{"Escrito por":"Laura Blanch","Tiempo de lectura":"1 minuto"},"schema":{"@context":"https:\/\/schema.org","@graph":[{"@type":"Article","@id":"https:\/\/blogs.encamina.com\/encamina-se-mueve\/finalizamos-el-proyecto-inteligencia-de-datos-y-desarrollo-de-algoritmia-avanzada-para-la-deteccion-del-talento-oculto-dentro-de-las-organizaciones-plataforma-amelius-cofinanciado\/#article","isPartOf":{"@id":"https:\/\/blogs.encamina.com\/encamina-se-mueve\/finalizamos-el-proyecto-inteligencia-de-datos-y-desarrollo-de-algoritmia-avanzada-para-la-deteccion-del-talento-oculto-dentro-de-las-organizaciones-plataforma-amelius-cofinanciado\/"},"author":{"name":"Laura Blanch","@id":"https:\/\/blogs.encamina.com\/encamina-se-mueve\/#\/schema\/person\/49aedd5048203fe71d48ef3101fc351b"},"headline":"Finalizamos el proyecto \u201cInteligencia de Datos y desarrollo de algoritmia avanzada para la detecci\u00f3n del talento oculto dentro de las organizaciones (PLATAFORMA AMELIUS)\u201d cofinanciado por CDTI","datePublished":"2021-10-15T11:22:58+00:00","dateModified":"2021-10-20T11:33:05+00:00","mainEntityOfPage":{"@id":"https:\/\/blogs.encamina.com\/encamina-se-mueve\/finalizamos-el-proyecto-inteligencia-de-datos-y-desarrollo-de-algoritmia-avanzada-para-la-deteccion-del-talento-oculto-dentro-de-las-organizaciones-plataforma-amelius-cofinanciado\/"},"wordCount":181,"publisher":{"@id":"https:\/\/blogs.encamina.com\/encamina-se-mueve\/#organization"},"image":{"@id":"https:\/\/blogs.encamina.com\/encamina-se-mueve\/finalizamos-el-proyecto-inteligencia-de-datos-y-desarrollo-de-algoritmia-avanzada-para-la-deteccion-del-talento-oculto-dentro-de-las-organizaciones-plataforma-amelius-cofinanciado\/#primaryimage"},"thumbnailUrl":"https:\/\/blogs.encamina.com\/encamina-se-mueve\/wp-content\/uploads\/sites\/4\/2021\/10\/CDTI-2-1-922x675-1.jpg","articleSection":["ENCAMINA","Innovaci\u00f3n"],"inLanguage":"es"},{"@type":"WebPage","@id":"https:\/\/blogs.encamina.com\/encamina-se-mueve\/finalizamos-el-proyecto-inteligencia-de-datos-y-desarrollo-de-algoritmia-avanzada-para-la-deteccion-del-talento-oculto-dentro-de-las-organizaciones-plataforma-amelius-cofinanciado\/","url":"https:\/\/blogs.encamina.com\/encamina-se-mueve\/finalizamos-el-proyecto-inteligencia-de-datos-y-desarrollo-de-algoritmia-avanzada-para-la-deteccion-del-talento-oculto-dentro-de-las-organizaciones-plataforma-amelius-cofinanciado\/","name":"Finalizamos el proyecto \u201cInteligencia de Datos y desarrollo de algoritmia avanzada para la detecci\u00f3n del talento oculto dentro de las organizaciones (PLATAFORMA AMELIUS)\u201d cofinanciado por CDTI | ENCAMINA","isPartOf":{"@id":"https:\/\/blogs.encamina.com\/encamina-se-mueve\/#website"},"primaryImageOfPage":{"@id":"https:\/\/blogs.encamina.com\/encamina-se-mueve\/finalizamos-el-proyecto-inteligencia-de-datos-y-desarrollo-de-algoritmia-avanzada-para-la-deteccion-del-talento-oculto-dentro-de-las-organizaciones-plataforma-amelius-cofinanciado\/#primaryimage"},"image":{"@id":"https:\/\/blogs.encamina.com\/encamina-se-mueve\/finalizamos-el-proyecto-inteligencia-de-datos-y-desarrollo-de-algoritmia-avanzada-para-la-deteccion-del-talento-oculto-dentro-de-las-organizaciones-plataforma-amelius-cofinanciado\/#primaryimage"},"thumbnailUrl":"https:\/\/blogs.encamina.com\/encamina-se-mueve\/wp-content\/uploads\/sites\/4\/2021\/10\/CDTI-2-1-922x675-1.jpg","datePublished":"2021-10-15T11:22:58+00:00","dateModified":"2021-10-20T11:33:05+00:00","description":"En ENCAMINA estamos orgullosos de haber dado por finalizado el proyecto \u201cInteligencia de Datos y desarrollo de algoritmia avanzada para la detecci\u00f3n del talento oculto dentro de las organizaciones\u201d.","inLanguage":"es","potentialAction":[{"@type":"ReadAction","target":["https:\/\/blogs.encamina.com\/encamina-se-mueve\/finalizamos-el-proyecto-inteligencia-de-datos-y-desarrollo-de-algoritmia-avanzada-para-la-deteccion-del-talento-oculto-dentro-de-las-organizaciones-plataforma-amelius-cofinanciado\/"]}]},{"@type":"ImageObject","inLanguage":"es","@id":"https:\/\/blogs.encamina.com\/encamina-se-mueve\/finalizamos-el-proyecto-inteligencia-de-datos-y-desarrollo-de-algoritmia-avanzada-para-la-deteccion-del-talento-oculto-dentro-de-las-organizaciones-plataforma-amelius-cofinanciado\/#primaryimage","url":"https:\/\/blogs.encamina.com\/encamina-se-mueve\/wp-content\/uploads\/sites\/4\/2021\/10\/CDTI-2-1-922x675-1.jpg","contentUrl":"https:\/\/blogs.encamina.com\/encamina-se-mueve\/wp-content\/uploads\/sites\/4\/2021\/10\/CDTI-2-1-922x675-1.jpg","width":922,"height":675},{"@type":"WebSite","@id":"https:\/\/blogs.encamina.com\/encamina-se-mueve\/#website","url":"https:\/\/blogs.encamina.com\/encamina-se-mueve\/","name":"ENCAMINA se Mueve","description":"Todo lo que se cuece en nuestro equipo: formaciones, charlas, webcasts, talleres...","publisher":{"@id":"https:\/\/blogs.encamina.com\/encamina-se-mueve\/#organization"},"potentialAction":[{"@type":"SearchAction","target":{"@type":"EntryPoint","urlTemplate":"https:\/\/blogs.encamina.com\/encamina-se-mueve\/?s={search_term_string}"},"query-input":{"@type":"PropertyValueSpecification","valueRequired":true,"valueName":"search_term_string"}}],"inLanguage":"es"},{"@type":"Organization","@id":"https:\/\/blogs.encamina.com\/encamina-se-mueve\/#organization","name":"ENCAMINA","url":"https:\/\/blogs.encamina.com\/encamina-se-mueve\/","logo":{"@type":"ImageObject","inLanguage":"es","@id":"https:\/\/blogs.encamina.com\/encamina-se-mueve\/#\/schema\/logo\/image\/","url":"https:\/\/blogs.encamina.com\/encamina-se-mueve\/wp-content\/uploads\/sites\/4\/2018\/10\/Logo_ENCAMINA_sin-claim.png","contentUrl":"https:\/\/blogs.encamina.com\/encamina-se-mueve\/wp-content\/uploads\/sites\/4\/2018\/10\/Logo_ENCAMINA_sin-claim.png","width":409,"height":77,"caption":"ENCAMINA"},"image":{"@id":"https:\/\/blogs.encamina.com\/encamina-se-mueve\/#\/schema\/logo\/image\/"}},{"@type":"Person","@id":"https:\/\/blogs.encamina.com\/encamina-se-mueve\/#\/schema\/person\/49aedd5048203fe71d48ef3101fc351b","name":"Laura Blanch","image":{"@type":"ImageObject","inLanguage":"es","@id":"https:\/\/secure.gravatar.com\/avatar\/e6a10cbfac4f98beaaade7277395365843c5c8ca6ad3668abb7321e6763eb7a0?s=96&d=mm&r=g","url":"https:\/\/secure.gravatar.com\/avatar\/e6a10cbfac4f98beaaade7277395365843c5c8ca6ad3668abb7321e6763eb7a0?s=96&d=mm&r=g","contentUrl":"https:\/\/secure.gravatar.com\/avatar\/e6a10cbfac4f98beaaade7277395365843c5c8ca6ad3668abb7321e6763eb7a0?s=96&d=mm&r=g","caption":"Laura Blanch"},"description":"Formo parte del estupendo departamento de Marketing y Comunicaci\u00f3n de ENCAMINA \ud83d\ude42","url":"https:\/\/blogs.encamina.com\/encamina-se-mueve\/author\/lblanch\/"}]}},"_links":{"self":[{"href":"https:\/\/blogs.encamina.com\/encamina-se-mueve\/wp-json\/wp\/v2\/posts\/3295","targetHints":{"allow":["GET"]}}],"collection":[{"href":"https:\/\/blogs.encamina.com\/encamina-se-mueve\/wp-json\/wp\/v2\/posts"}],"about":[{"href":"https:\/\/blogs.encamina.com\/encamina-se-mueve\/wp-json\/wp\/v2\/types\/post"}],"author":[{"embeddable":true,"href":"https:\/\/blogs.encamina.com\/encamina-se-mueve\/wp-json\/wp\/v2\/users\/171"}],"replies":[{"embeddable":true,"href":"https:\/\/blogs.encamina.com\/encamina-se-mueve\/wp-json\/wp\/v2\/comments?post=3295"}],"version-history":[{"count":0,"href":"https:\/\/blogs.encamina.com\/encamina-se-mueve\/wp-json\/wp\/v2\/posts\/3295\/revisions"}],"wp:featuredmedia":[{"embeddable":true,"href":"https:\/\/blogs.encamina.com\/encamina-se-mueve\/wp-json\/wp\/v2\/media\/3296"}],"wp:attachment":[{"href":"https:\/\/blogs.encamina.com\/encamina-se-mueve\/wp-json\/wp\/v2\/media?parent=3295"}],"wp:term":[{"taxonomy":"category","embeddable":true,"href":"https:\/\/blogs.encamina.com\/encamina-se-mueve\/wp-json\/wp\/v2\/categories?post=3295"},{"taxonomy":"post_tag","embeddable":true,"href":"https:\/\/blogs.encamina.com\/encamina-se-mueve\/wp-json\/wp\/v2\/tags?post=3295"}],"curies":[{"name":"wp","href":"https:\/\/api.w.org\/{rel}","templated":true}]}}