{"id":2829,"date":"2020-11-26T18:13:50","date_gmt":"2020-11-26T17:13:50","guid":{"rendered":"http:\/\/blogs.encamina.com\/encamina-se-mueve\/?p=2829"},"modified":"2020-12-10T13:36:44","modified_gmt":"2020-12-10T12:36:44","slug":"nuestro-proximo-webinar-como-migrar-tus-aplicaciones-a-azurey-no-morir-en-el-intento","status":"publish","type":"post","link":"https:\/\/blogs.encamina.com\/encamina-se-mueve\/nuestro-proximo-webinar-como-migrar-tus-aplicaciones-a-azurey-no-morir-en-el-intento\/","title":{"rendered":"Webinar: C\u00f3mo migrar tus aplicaciones a Azure\u2026y no morir en el intento"},"content":{"rendered":"<p><img loading=\"lazy\" decoding=\"async\" class=\"aligncenter size-full wp-image-2839\" src=\"http:\/\/blogs.encamina.com\/encamina-se-mueve\/wp-content\/uploads\/sites\/4\/2020\/11\/Screenshot_1.jpg\" alt=\"\" width=\"743\" height=\"707\" srcset=\"https:\/\/encaminablogs.wpenginepowered.com\/encamina-se-mueve\/wp-content\/uploads\/sites\/4\/2020\/11\/Screenshot_1.jpg 743w, https:\/\/encaminablogs.wpenginepowered.com\/encamina-se-mueve\/wp-content\/uploads\/sites\/4\/2020\/11\/Screenshot_1-300x285.jpg 300w, https:\/\/encaminablogs.wpenginepowered.com\/encamina-se-mueve\/wp-content\/uploads\/sites\/4\/2020\/11\/Screenshot_1-610x580.jpg 610w\" sizes=\"auto, (max-width: 743px) 100vw, 743px\" \/><\/p>\n<p>Si te est\u00e1s planteando migrar tus aplicaciones a la nube y no sabes ni por d\u00f3nde empezar, en el <a href=\"https:\/\/www.encamina.com\/propulsion-academy-encamina\/\" target=\"_blank\" rel=\"noopener noreferrer\"><strong>Propulsion Academy<\/strong><\/a> del pasado <strong>2\u00a0de diciembre<\/strong> dimos las claves para que no te agobies y veas c\u00f3mo aprovechar al m\u00e1ximo la potencia de la nube de Azure.<\/p>\n<p><!--more--><\/p>\n<p>Dos mega cracks de ENCAMINA, Adri\u00e1n D\u00edaz y Sergio Parra, fueron los encargados de guiarnos en esta sesi\u00f3n, en la que vimos:<\/p>\n<div class=\"et_pb_blurb dwd-aio et_pb_module et_pb_bg_layout_light et_pb_text_align_left titulo-perky titulo-perky-verde parrafo-perky lista-perky check-verde elementos-lista-perky et_pb_aio_extended_1 et_pb_blurb_position_left alignment-center dwd-show-fulloverlay dwd-show-overlay-none dwd-overlay-hover dwd-unhover\">\n<div class=\"dwd-after-wrap\">\n<div class=\"et_pb_blurb_content dwd-animation animated fadeIn\" data-dwd-animation=\"fadeIn\" data-dwd-animation-delay=\"0.2s\">\n<figure>\n<div class=\"aio-wrap\">\n<div class=\"aio-wrap-inner\">\n<div class=\"et_pb_aio_container\" data-typing-loop=\"true\">\n<div class=\"\">\n<ul>\n<li>Qu\u00e9 implica el cambio a la nube<\/li>\n<li>Qu\u00e9 hacer seg\u00fan cu\u00e1les sean tus objetivos<\/li>\n<li>C\u00f3mo empezar a migrar de un sitio a otro<\/li>\n<li>DEMO<\/li>\n<\/ul>\n<\/div>\n<\/div>\n<\/div>\n<\/div>\n<\/figure>\n<\/div>\n<\/div>\n<\/div>\n<p>\u00bfLo vemos juntos?<\/p>\n<p><iframe loading=\"lazy\" src=\"https:\/\/www.youtube.com\/embed\/MjPhpXuIse0\" width=\"560\" height=\"315\" frameborder=\"0\" allowfullscreen=\"allowfullscreen\"><\/iframe><\/p>\n<!-- AddThis Advanced Settings generic via filter on the_content --><!-- AddThis Share Buttons generic via filter on the_content --><span class=\"et_bloom_bottom_trigger\"><\/span>","protected":false},"excerpt":{"rendered":"<p>Si te est\u00e1s planteando migrar tus aplicaciones a la nube y no sabes ni por d\u00f3nde empezar, en el Propulsion Academy del pasado 2\u00a0de diciembre dimos las claves para que no te agobies y veas c\u00f3mo aprovechar al m\u00e1ximo la &hellip; <a href=\"https:\/\/blogs.encamina.com\/encamina-se-mueve\/nuestro-proximo-webinar-como-migrar-tus-aplicaciones-a-azurey-no-morir-en-el-intento\/\">Continue reading <span class=\"meta-nav\">&rarr;<\/span><\/a><!-- AddThis Advanced Settings generic via filter on get_the_excerpt --><!-- AddThis Share Buttons generic via filter on get_the_excerpt --><\/p>\n","protected":false},"author":171,"featured_media":2839,"comment_status":"closed","ping_status":"open","sticky":false,"template":"","format":"standard","meta":{"footnotes":""},"categories":[29],"tags":[],"class_list":["post-2829","post","type-post","status-publish","format-standard","has-post-thumbnail","hentry","category-webinar"],"yoast_head":"<!-- This site is optimized with the Yoast SEO Premium plugin v18.2.1 (Yoast SEO v27.3) - https:\/\/yoast.com\/product\/yoast-seo-premium-wordpress\/ -->\n<title>Webinar: C\u00f3mo migrar tus aplicaciones a Azure\u2026y no morir en el intento | ENCAMINA se Mueve<\/title>\n<meta name=\"robots\" content=\"index, follow, max-snippet:-1, max-image-preview:large, max-video-preview:-1\" \/>\n<link rel=\"canonical\" href=\"https:\/\/blogs.encamina.com\/encamina-se-mueve\/nuestro-proximo-webinar-como-migrar-tus-aplicaciones-a-azurey-no-morir-en-el-intento\/\" \/>\n<meta property=\"og:locale\" content=\"es_ES\" \/>\n<meta property=\"og:type\" content=\"article\" \/>\n<meta property=\"og:title\" content=\"Webinar: C\u00f3mo migrar tus aplicaciones a Azure\u2026y no morir en el intento\" \/>\n<meta property=\"og:description\" content=\"Si te est\u00e1s planteando migrar tus aplicaciones a la nube y no sabes ni por d\u00f3nde empezar, en el Propulsion Academy del pasado 2\u00a0de diciembre dimos las claves para que no te agobies y veas c\u00f3mo aprovechar al m\u00e1ximo la &hellip; Continue reading &rarr;\" \/>\n<meta property=\"og:url\" content=\"https:\/\/blogs.encamina.com\/encamina-se-mueve\/nuestro-proximo-webinar-como-migrar-tus-aplicaciones-a-azurey-no-morir-en-el-intento\/\" \/>\n<meta property=\"og:site_name\" content=\"ENCAMINA se Mueve\" \/>\n<meta property=\"article:published_time\" content=\"2020-11-26T17:13:50+00:00\" \/>\n<meta property=\"article:modified_time\" content=\"2020-12-10T12:36:44+00:00\" \/>\n<meta property=\"og:image\" content=\"https:\/\/blogs.encamina.com\/encamina-se-mueve\/wp-content\/uploads\/sites\/4\/2020\/11\/Screenshot_1.jpg\" \/>\n\t<meta property=\"og:image:width\" content=\"743\" \/>\n\t<meta property=\"og:image:height\" content=\"707\" \/>\n\t<meta property=\"og:image:type\" content=\"image\/jpeg\" \/>\n<meta name=\"author\" content=\"Laura Blanch\" \/>\n<meta name=\"twitter:card\" content=\"summary_large_image\" \/>\n<meta name=\"twitter:label1\" content=\"Escrito por\" \/>\n\t<meta name=\"twitter:data1\" content=\"Laura Blanch\" \/>\n\t<meta name=\"twitter:label2\" content=\"Tiempo de lectura\" \/>\n\t<meta name=\"twitter:data2\" content=\"1 minuto\" \/>\n<script type=\"application\/ld+json\" class=\"yoast-schema-graph\">{\"@context\":\"https:\\\/\\\/schema.org\",\"@graph\":[{\"@type\":\"Article\",\"@id\":\"https:\\\/\\\/blogs.encamina.com\\\/encamina-se-mueve\\\/nuestro-proximo-webinar-como-migrar-tus-aplicaciones-a-azurey-no-morir-en-el-intento\\\/#article\",\"isPartOf\":{\"@id\":\"https:\\\/\\\/blogs.encamina.com\\\/encamina-se-mueve\\\/nuestro-proximo-webinar-como-migrar-tus-aplicaciones-a-azurey-no-morir-en-el-intento\\\/\"},\"author\":{\"name\":\"Laura Blanch\",\"@id\":\"https:\\\/\\\/blogs.encamina.com\\\/encamina-se-mueve\\\/#\\\/schema\\\/person\\\/49aedd5048203fe71d48ef3101fc351b\"},\"headline\":\"Webinar: C\u00f3mo migrar tus aplicaciones a Azure\u2026y no morir en el intento\",\"datePublished\":\"2020-11-26T17:13:50+00:00\",\"dateModified\":\"2020-12-10T12:36:44+00:00\",\"mainEntityOfPage\":{\"@id\":\"https:\\\/\\\/blogs.encamina.com\\\/encamina-se-mueve\\\/nuestro-proximo-webinar-como-migrar-tus-aplicaciones-a-azurey-no-morir-en-el-intento\\\/\"},\"wordCount\":119,\"publisher\":{\"@id\":\"https:\\\/\\\/blogs.encamina.com\\\/encamina-se-mueve\\\/#organization\"},\"image\":{\"@id\":\"https:\\\/\\\/blogs.encamina.com\\\/encamina-se-mueve\\\/nuestro-proximo-webinar-como-migrar-tus-aplicaciones-a-azurey-no-morir-en-el-intento\\\/#primaryimage\"},\"thumbnailUrl\":\"https:\\\/\\\/blogs.encamina.com\\\/encamina-se-mueve\\\/wp-content\\\/uploads\\\/sites\\\/4\\\/2020\\\/11\\\/Screenshot_1.jpg\",\"articleSection\":[\"Webinar\"],\"inLanguage\":\"es\"},{\"@type\":\"WebPage\",\"@id\":\"https:\\\/\\\/blogs.encamina.com\\\/encamina-se-mueve\\\/nuestro-proximo-webinar-como-migrar-tus-aplicaciones-a-azurey-no-morir-en-el-intento\\\/\",\"url\":\"https:\\\/\\\/blogs.encamina.com\\\/encamina-se-mueve\\\/nuestro-proximo-webinar-como-migrar-tus-aplicaciones-a-azurey-no-morir-en-el-intento\\\/\",\"name\":\"Webinar: C\u00f3mo migrar tus aplicaciones a Azure\u2026y no morir en el intento | ENCAMINA se Mueve\",\"isPartOf\":{\"@id\":\"https:\\\/\\\/blogs.encamina.com\\\/encamina-se-mueve\\\/#website\"},\"primaryImageOfPage\":{\"@id\":\"https:\\\/\\\/blogs.encamina.com\\\/encamina-se-mueve\\\/nuestro-proximo-webinar-como-migrar-tus-aplicaciones-a-azurey-no-morir-en-el-intento\\\/#primaryimage\"},\"image\":{\"@id\":\"https:\\\/\\\/blogs.encamina.com\\\/encamina-se-mueve\\\/nuestro-proximo-webinar-como-migrar-tus-aplicaciones-a-azurey-no-morir-en-el-intento\\\/#primaryimage\"},\"thumbnailUrl\":\"https:\\\/\\\/blogs.encamina.com\\\/encamina-se-mueve\\\/wp-content\\\/uploads\\\/sites\\\/4\\\/2020\\\/11\\\/Screenshot_1.jpg\",\"datePublished\":\"2020-11-26T17:13:50+00:00\",\"dateModified\":\"2020-12-10T12:36:44+00:00\",\"inLanguage\":\"es\",\"potentialAction\":[{\"@type\":\"ReadAction\",\"target\":[\"https:\\\/\\\/blogs.encamina.com\\\/encamina-se-mueve\\\/nuestro-proximo-webinar-como-migrar-tus-aplicaciones-a-azurey-no-morir-en-el-intento\\\/\"]}]},{\"@type\":\"ImageObject\",\"inLanguage\":\"es\",\"@id\":\"https:\\\/\\\/blogs.encamina.com\\\/encamina-se-mueve\\\/nuestro-proximo-webinar-como-migrar-tus-aplicaciones-a-azurey-no-morir-en-el-intento\\\/#primaryimage\",\"url\":\"https:\\\/\\\/blogs.encamina.com\\\/encamina-se-mueve\\\/wp-content\\\/uploads\\\/sites\\\/4\\\/2020\\\/11\\\/Screenshot_1.jpg\",\"contentUrl\":\"https:\\\/\\\/blogs.encamina.com\\\/encamina-se-mueve\\\/wp-content\\\/uploads\\\/sites\\\/4\\\/2020\\\/11\\\/Screenshot_1.jpg\",\"width\":743,\"height\":707},{\"@type\":\"WebSite\",\"@id\":\"https:\\\/\\\/blogs.encamina.com\\\/encamina-se-mueve\\\/#website\",\"url\":\"https:\\\/\\\/blogs.encamina.com\\\/encamina-se-mueve\\\/\",\"name\":\"ENCAMINA se Mueve\",\"description\":\"Todo lo que se cuece en nuestro equipo: formaciones, charlas, webcasts, talleres...\",\"publisher\":{\"@id\":\"https:\\\/\\\/blogs.encamina.com\\\/encamina-se-mueve\\\/#organization\"},\"potentialAction\":[{\"@type\":\"SearchAction\",\"target\":{\"@type\":\"EntryPoint\",\"urlTemplate\":\"https:\\\/\\\/blogs.encamina.com\\\/encamina-se-mueve\\\/?s={search_term_string}\"},\"query-input\":{\"@type\":\"PropertyValueSpecification\",\"valueRequired\":true,\"valueName\":\"search_term_string\"}}],\"inLanguage\":\"es\"},{\"@type\":\"Organization\",\"@id\":\"https:\\\/\\\/blogs.encamina.com\\\/encamina-se-mueve\\\/#organization\",\"name\":\"ENCAMINA\",\"url\":\"https:\\\/\\\/blogs.encamina.com\\\/encamina-se-mueve\\\/\",\"logo\":{\"@type\":\"ImageObject\",\"inLanguage\":\"es\",\"@id\":\"https:\\\/\\\/blogs.encamina.com\\\/encamina-se-mueve\\\/#\\\/schema\\\/logo\\\/image\\\/\",\"url\":\"https:\\\/\\\/blogs.encamina.com\\\/encamina-se-mueve\\\/wp-content\\\/uploads\\\/sites\\\/4\\\/2018\\\/10\\\/Logo_ENCAMINA_sin-claim.png\",\"contentUrl\":\"https:\\\/\\\/blogs.encamina.com\\\/encamina-se-mueve\\\/wp-content\\\/uploads\\\/sites\\\/4\\\/2018\\\/10\\\/Logo_ENCAMINA_sin-claim.png\",\"width\":409,\"height\":77,\"caption\":\"ENCAMINA\"},\"image\":{\"@id\":\"https:\\\/\\\/blogs.encamina.com\\\/encamina-se-mueve\\\/#\\\/schema\\\/logo\\\/image\\\/\"}},{\"@type\":\"Person\",\"@id\":\"https:\\\/\\\/blogs.encamina.com\\\/encamina-se-mueve\\\/#\\\/schema\\\/person\\\/49aedd5048203fe71d48ef3101fc351b\",\"name\":\"Laura Blanch\",\"image\":{\"@type\":\"ImageObject\",\"inLanguage\":\"es\",\"@id\":\"https:\\\/\\\/secure.gravatar.com\\\/avatar\\\/e6a10cbfac4f98beaaade7277395365843c5c8ca6ad3668abb7321e6763eb7a0?s=96&d=mm&r=g\",\"url\":\"https:\\\/\\\/secure.gravatar.com\\\/avatar\\\/e6a10cbfac4f98beaaade7277395365843c5c8ca6ad3668abb7321e6763eb7a0?s=96&d=mm&r=g\",\"contentUrl\":\"https:\\\/\\\/secure.gravatar.com\\\/avatar\\\/e6a10cbfac4f98beaaade7277395365843c5c8ca6ad3668abb7321e6763eb7a0?s=96&d=mm&r=g\",\"caption\":\"Laura Blanch\"},\"description\":\"Formo parte del estupendo departamento de Marketing y Comunicaci\u00f3n de ENCAMINA \ud83d\ude42\",\"url\":\"https:\\\/\\\/blogs.encamina.com\\\/encamina-se-mueve\\\/author\\\/lblanch\\\/\"}]}<\/script>\n<!-- \/ Yoast SEO Premium plugin. -->","yoast_head_json":{"title":"Webinar: C\u00f3mo migrar tus aplicaciones a Azure\u2026y no morir en el intento | ENCAMINA se Mueve","robots":{"index":"index","follow":"follow","max-snippet":"max-snippet:-1","max-image-preview":"max-image-preview:large","max-video-preview":"max-video-preview:-1"},"canonical":"https:\/\/blogs.encamina.com\/encamina-se-mueve\/nuestro-proximo-webinar-como-migrar-tus-aplicaciones-a-azurey-no-morir-en-el-intento\/","og_locale":"es_ES","og_type":"article","og_title":"Webinar: C\u00f3mo migrar tus aplicaciones a Azure\u2026y no morir en el intento","og_description":"Si te est\u00e1s planteando migrar tus aplicaciones a la nube y no sabes ni por d\u00f3nde empezar, en el Propulsion Academy del pasado 2\u00a0de diciembre dimos las claves para que no te agobies y veas c\u00f3mo aprovechar al m\u00e1ximo la &hellip; Continue reading &rarr;","og_url":"https:\/\/blogs.encamina.com\/encamina-se-mueve\/nuestro-proximo-webinar-como-migrar-tus-aplicaciones-a-azurey-no-morir-en-el-intento\/","og_site_name":"ENCAMINA se Mueve","article_published_time":"2020-11-26T17:13:50+00:00","article_modified_time":"2020-12-10T12:36:44+00:00","og_image":[{"width":743,"height":707,"url":"https:\/\/blogs.encamina.com\/encamina-se-mueve\/wp-content\/uploads\/sites\/4\/2020\/11\/Screenshot_1.jpg","type":"image\/jpeg"}],"author":"Laura Blanch","twitter_card":"summary_large_image","twitter_misc":{"Escrito por":"Laura Blanch","Tiempo de lectura":"1 minuto"},"schema":{"@context":"https:\/\/schema.org","@graph":[{"@type":"Article","@id":"https:\/\/blogs.encamina.com\/encamina-se-mueve\/nuestro-proximo-webinar-como-migrar-tus-aplicaciones-a-azurey-no-morir-en-el-intento\/#article","isPartOf":{"@id":"https:\/\/blogs.encamina.com\/encamina-se-mueve\/nuestro-proximo-webinar-como-migrar-tus-aplicaciones-a-azurey-no-morir-en-el-intento\/"},"author":{"name":"Laura Blanch","@id":"https:\/\/blogs.encamina.com\/encamina-se-mueve\/#\/schema\/person\/49aedd5048203fe71d48ef3101fc351b"},"headline":"Webinar: C\u00f3mo migrar tus aplicaciones a Azure\u2026y no morir en el intento","datePublished":"2020-11-26T17:13:50+00:00","dateModified":"2020-12-10T12:36:44+00:00","mainEntityOfPage":{"@id":"https:\/\/blogs.encamina.com\/encamina-se-mueve\/nuestro-proximo-webinar-como-migrar-tus-aplicaciones-a-azurey-no-morir-en-el-intento\/"},"wordCount":119,"publisher":{"@id":"https:\/\/blogs.encamina.com\/encamina-se-mueve\/#organization"},"image":{"@id":"https:\/\/blogs.encamina.com\/encamina-se-mueve\/nuestro-proximo-webinar-como-migrar-tus-aplicaciones-a-azurey-no-morir-en-el-intento\/#primaryimage"},"thumbnailUrl":"https:\/\/blogs.encamina.com\/encamina-se-mueve\/wp-content\/uploads\/sites\/4\/2020\/11\/Screenshot_1.jpg","articleSection":["Webinar"],"inLanguage":"es"},{"@type":"WebPage","@id":"https:\/\/blogs.encamina.com\/encamina-se-mueve\/nuestro-proximo-webinar-como-migrar-tus-aplicaciones-a-azurey-no-morir-en-el-intento\/","url":"https:\/\/blogs.encamina.com\/encamina-se-mueve\/nuestro-proximo-webinar-como-migrar-tus-aplicaciones-a-azurey-no-morir-en-el-intento\/","name":"Webinar: C\u00f3mo migrar tus aplicaciones a Azure\u2026y no morir en el intento | ENCAMINA se Mueve","isPartOf":{"@id":"https:\/\/blogs.encamina.com\/encamina-se-mueve\/#website"},"primaryImageOfPage":{"@id":"https:\/\/blogs.encamina.com\/encamina-se-mueve\/nuestro-proximo-webinar-como-migrar-tus-aplicaciones-a-azurey-no-morir-en-el-intento\/#primaryimage"},"image":{"@id":"https:\/\/blogs.encamina.com\/encamina-se-mueve\/nuestro-proximo-webinar-como-migrar-tus-aplicaciones-a-azurey-no-morir-en-el-intento\/#primaryimage"},"thumbnailUrl":"https:\/\/blogs.encamina.com\/encamina-se-mueve\/wp-content\/uploads\/sites\/4\/2020\/11\/Screenshot_1.jpg","datePublished":"2020-11-26T17:13:50+00:00","dateModified":"2020-12-10T12:36:44+00:00","inLanguage":"es","potentialAction":[{"@type":"ReadAction","target":["https:\/\/blogs.encamina.com\/encamina-se-mueve\/nuestro-proximo-webinar-como-migrar-tus-aplicaciones-a-azurey-no-morir-en-el-intento\/"]}]},{"@type":"ImageObject","inLanguage":"es","@id":"https:\/\/blogs.encamina.com\/encamina-se-mueve\/nuestro-proximo-webinar-como-migrar-tus-aplicaciones-a-azurey-no-morir-en-el-intento\/#primaryimage","url":"https:\/\/blogs.encamina.com\/encamina-se-mueve\/wp-content\/uploads\/sites\/4\/2020\/11\/Screenshot_1.jpg","contentUrl":"https:\/\/blogs.encamina.com\/encamina-se-mueve\/wp-content\/uploads\/sites\/4\/2020\/11\/Screenshot_1.jpg","width":743,"height":707},{"@type":"WebSite","@id":"https:\/\/blogs.encamina.com\/encamina-se-mueve\/#website","url":"https:\/\/blogs.encamina.com\/encamina-se-mueve\/","name":"ENCAMINA se Mueve","description":"Todo lo que se cuece en nuestro equipo: formaciones, charlas, webcasts, talleres...","publisher":{"@id":"https:\/\/blogs.encamina.com\/encamina-se-mueve\/#organization"},"potentialAction":[{"@type":"SearchAction","target":{"@type":"EntryPoint","urlTemplate":"https:\/\/blogs.encamina.com\/encamina-se-mueve\/?s={search_term_string}"},"query-input":{"@type":"PropertyValueSpecification","valueRequired":true,"valueName":"search_term_string"}}],"inLanguage":"es"},{"@type":"Organization","@id":"https:\/\/blogs.encamina.com\/encamina-se-mueve\/#organization","name":"ENCAMINA","url":"https:\/\/blogs.encamina.com\/encamina-se-mueve\/","logo":{"@type":"ImageObject","inLanguage":"es","@id":"https:\/\/blogs.encamina.com\/encamina-se-mueve\/#\/schema\/logo\/image\/","url":"https:\/\/blogs.encamina.com\/encamina-se-mueve\/wp-content\/uploads\/sites\/4\/2018\/10\/Logo_ENCAMINA_sin-claim.png","contentUrl":"https:\/\/blogs.encamina.com\/encamina-se-mueve\/wp-content\/uploads\/sites\/4\/2018\/10\/Logo_ENCAMINA_sin-claim.png","width":409,"height":77,"caption":"ENCAMINA"},"image":{"@id":"https:\/\/blogs.encamina.com\/encamina-se-mueve\/#\/schema\/logo\/image\/"}},{"@type":"Person","@id":"https:\/\/blogs.encamina.com\/encamina-se-mueve\/#\/schema\/person\/49aedd5048203fe71d48ef3101fc351b","name":"Laura Blanch","image":{"@type":"ImageObject","inLanguage":"es","@id":"https:\/\/secure.gravatar.com\/avatar\/e6a10cbfac4f98beaaade7277395365843c5c8ca6ad3668abb7321e6763eb7a0?s=96&d=mm&r=g","url":"https:\/\/secure.gravatar.com\/avatar\/e6a10cbfac4f98beaaade7277395365843c5c8ca6ad3668abb7321e6763eb7a0?s=96&d=mm&r=g","contentUrl":"https:\/\/secure.gravatar.com\/avatar\/e6a10cbfac4f98beaaade7277395365843c5c8ca6ad3668abb7321e6763eb7a0?s=96&d=mm&r=g","caption":"Laura Blanch"},"description":"Formo parte del estupendo departamento de Marketing y Comunicaci\u00f3n de ENCAMINA \ud83d\ude42","url":"https:\/\/blogs.encamina.com\/encamina-se-mueve\/author\/lblanch\/"}]}},"_links":{"self":[{"href":"https:\/\/blogs.encamina.com\/encamina-se-mueve\/wp-json\/wp\/v2\/posts\/2829","targetHints":{"allow":["GET"]}}],"collection":[{"href":"https:\/\/blogs.encamina.com\/encamina-se-mueve\/wp-json\/wp\/v2\/posts"}],"about":[{"href":"https:\/\/blogs.encamina.com\/encamina-se-mueve\/wp-json\/wp\/v2\/types\/post"}],"author":[{"embeddable":true,"href":"https:\/\/blogs.encamina.com\/encamina-se-mueve\/wp-json\/wp\/v2\/users\/171"}],"replies":[{"embeddable":true,"href":"https:\/\/blogs.encamina.com\/encamina-se-mueve\/wp-json\/wp\/v2\/comments?post=2829"}],"version-history":[{"count":0,"href":"https:\/\/blogs.encamina.com\/encamina-se-mueve\/wp-json\/wp\/v2\/posts\/2829\/revisions"}],"wp:featuredmedia":[{"embeddable":true,"href":"https:\/\/blogs.encamina.com\/encamina-se-mueve\/wp-json\/wp\/v2\/media\/2839"}],"wp:attachment":[{"href":"https:\/\/blogs.encamina.com\/encamina-se-mueve\/wp-json\/wp\/v2\/media?parent=2829"}],"wp:term":[{"taxonomy":"category","embeddable":true,"href":"https:\/\/blogs.encamina.com\/encamina-se-mueve\/wp-json\/wp\/v2\/categories?post=2829"},{"taxonomy":"post_tag","embeddable":true,"href":"https:\/\/blogs.encamina.com\/encamina-se-mueve\/wp-json\/wp\/v2\/tags?post=2829"}],"curies":[{"name":"wp","href":"https:\/\/api.w.org\/{rel}","templated":true}]}}