{"id":2622,"date":"2020-09-18T16:09:20","date_gmt":"2020-09-18T15:09:20","guid":{"rendered":"http:\/\/blogs.encamina.com\/encamina-se-mueve\/?p=2622"},"modified":"2020-10-13T08:31:32","modified_gmt":"2020-10-13T07:31:32","slug":"en-la-semana-informatica-2020-hablaremos-de","status":"publish","type":"post","link":"https:\/\/blogs.encamina.com\/encamina-se-mueve\/en-la-semana-informatica-2020-hablaremos-de\/","title":{"rendered":"Hablamos de talento TIC en la Semana Inform\u00e1tica 2020"},"content":{"rendered":"<p><img loading=\"lazy\" decoding=\"async\" class=\"aligncenter size-full wp-image-2656\" src=\"http:\/\/blogs.encamina.com\/encamina-se-mueve\/wp-content\/uploads\/sites\/4\/2020\/09\/Semana-Informatica.jpg\" alt=\"\" width=\"680\" height=\"340\" srcset=\"https:\/\/encaminablogs.wpenginepowered.com\/encamina-se-mueve\/wp-content\/uploads\/sites\/4\/2020\/09\/Semana-Informatica.jpg 680w, https:\/\/encaminablogs.wpenginepowered.com\/encamina-se-mueve\/wp-content\/uploads\/sites\/4\/2020\/09\/Semana-Informatica-300x150.jpg 300w, https:\/\/encaminablogs.wpenginepowered.com\/encamina-se-mueve\/wp-content\/uploads\/sites\/4\/2020\/09\/Semana-Informatica-610x305.jpg 610w\" sizes=\"auto, (max-width: 680px) 100vw, 680px\" \/><\/p>\n<p><span class=\"css-901oao css-16my406 r-1qd0xha r-ad9z0x r-bcqeeo r-qvutc0\">Esta semana hemos participado y patrocinado la <\/span><strong><a href=\"https:\/\/www.semanainformatica.com\/\" target=\"_blank\" rel=\"noopener noreferrer\"><span class=\"r-18u37iz\">#SI2020<\/span><\/a><\/strong><span class=\"css-901oao css-16my406 r-1qd0xha r-ad9z0x r-bcqeeo r-qvutc0\"> que organiza el Colegio Oficial de Ingenieros en Inform\u00e1tica de la Comunidad Valenciana (<strong>COIICV<\/strong>). Hemos patrocinado otras ediciones y \u00e9sta no iba a ser menos \ud83d\ude42 Adem\u00e1s, nos encanta aprovechar la oportunidad de compartir foro con otros profesionales del sector.<\/span><\/p>\n<p><!--more--><\/p>\n<div class=\"r-xoduu5 r-1mlwlqe r-1d2f490 r-1udh08x r-u8s1d r-h9hxbl r-417010 css-1dbjc4n\" title=\"Tecn\u00f3loga mujer\" aria-label=\"Tecn\u00f3loga mujer\">\n<div class=\"css-1dbjc4n r-1niwhzg r-vvn4in r-u6sd8q r-x3cy2q r-1p0dtai r-xoduu5 r-1pi2tsx r-1d2f490 r-u8s1d r-zchlnj r-ipm5af r-13qz1uu r-1wyyakw\">\n<p><span class=\"css-901oao css-16my406 r-1qd0xha r-ad9z0x r-bcqeeo r-qvutc0\">Esta edici\u00f3n, que por primera vez ha sido en formato online,\u00a0 se ha celebrado del <strong>28 de septiembre <\/strong>al<strong> 2 de octubre<\/strong> a trav\u00e9s de plataformas digitales.<\/span><\/p>\n<p>En ENCAMINA hemos tenido la suerte de participar el <strong>1 de octubre<\/strong> en una de las mesas redondas organizadas en la #SI2020, ya que nuestro Corporate Director, <strong>Pako Gim\u00e9nez,\u00a0<\/strong> ha sido invitado a participar el 1 de octubre en un debate sobre <strong>c\u00f3mo atraer, motivar y desarrollar el talento TI. <\/strong>Pako ha participado\u00a0 junto a Jos\u00e9 Enrique Garc\u00eda, Director General de Equipo Humano, Chaume S\u00e1nchez CEO de GeeksHubs y Laura Olcina,\u00a0 miembro del Comit\u00e9 de Igualdad del ITI&#8230; as\u00ed que la calidad del debate estaba servida \ud83d\ude09<\/p>\n<\/div>\n<\/div>\n<p>&nbsp;<\/p>\n<!-- AddThis Advanced Settings generic via filter on the_content --><!-- AddThis Share Buttons generic via filter on the_content --><span class=\"et_bloom_bottom_trigger\"><\/span>","protected":false},"excerpt":{"rendered":"<p>Esta semana hemos participado y patrocinado la #SI2020 que organiza el Colegio Oficial de Ingenieros en Inform\u00e1tica de la Comunidad Valenciana (COIICV). Hemos patrocinado otras ediciones y \u00e9sta no iba a ser menos \ud83d\ude42 Adem\u00e1s, nos encanta aprovechar la oportunidad &hellip; <a href=\"https:\/\/blogs.encamina.com\/encamina-se-mueve\/en-la-semana-informatica-2020-hablaremos-de\/\">Continue reading <span class=\"meta-nav\">&rarr;<\/span><\/a><!-- AddThis Advanced Settings generic via filter on get_the_excerpt --><!-- AddThis Share Buttons generic via filter on get_the_excerpt --><\/p>\n","protected":false},"author":171,"featured_media":2656,"comment_status":"closed","ping_status":"open","sticky":false,"template":"","format":"standard","meta":{"footnotes":""},"categories":[81],"tags":[],"class_list":["post-2622","post","type-post","status-publish","format-standard","has-post-thumbnail","hentry","category-evento"],"yoast_head":"<!-- This site is optimized with the Yoast SEO Premium plugin v18.2.1 (Yoast SEO v27.3) - https:\/\/yoast.com\/product\/yoast-seo-premium-wordpress\/ -->\n<title>Hablamos de talento TIC en la Semana Inform\u00e1tica 2020 | ENCAMINA<\/title>\n<meta name=\"description\" content=\"Esta edici\u00f3n, que por primera vez ser\u00e1 en formato online,\u00a0 se celebrar\u00e1 del 28 de septiembre al 2 de octubre a trav\u00e9s de plataformas digitales.\" \/>\n<meta name=\"robots\" content=\"index, follow, max-snippet:-1, max-image-preview:large, max-video-preview:-1\" \/>\n<link rel=\"canonical\" href=\"https:\/\/blogs.encamina.com\/encamina-se-mueve\/en-la-semana-informatica-2020-hablaremos-de\/\" \/>\n<meta property=\"og:locale\" content=\"es_ES\" \/>\n<meta property=\"og:type\" content=\"article\" \/>\n<meta property=\"og:title\" content=\"Hablamos de talento TIC en la Semana Inform\u00e1tica 2020\" \/>\n<meta property=\"og:description\" content=\"Esta edici\u00f3n, que por primera vez ser\u00e1 en formato online,\u00a0 se celebrar\u00e1 del 28 de septiembre al 2 de octubre a trav\u00e9s de plataformas digitales.\" \/>\n<meta property=\"og:url\" content=\"https:\/\/blogs.encamina.com\/encamina-se-mueve\/en-la-semana-informatica-2020-hablaremos-de\/\" \/>\n<meta property=\"og:site_name\" content=\"ENCAMINA se Mueve\" \/>\n<meta property=\"article:published_time\" content=\"2020-09-18T15:09:20+00:00\" \/>\n<meta property=\"article:modified_time\" content=\"2020-10-13T07:31:32+00:00\" \/>\n<meta property=\"og:image\" content=\"https:\/\/blogs.encamina.com\/encamina-se-mueve\/wp-content\/uploads\/sites\/4\/2020\/09\/Semana-Informatica.jpg\" \/>\n\t<meta property=\"og:image:width\" content=\"680\" \/>\n\t<meta property=\"og:image:height\" content=\"340\" \/>\n\t<meta property=\"og:image:type\" content=\"image\/jpeg\" \/>\n<meta name=\"author\" content=\"Laura Blanch\" \/>\n<meta name=\"twitter:card\" content=\"summary_large_image\" \/>\n<meta name=\"twitter:label1\" content=\"Escrito por\" \/>\n\t<meta name=\"twitter:data1\" content=\"Laura Blanch\" \/>\n\t<meta name=\"twitter:label2\" content=\"Tiempo de lectura\" \/>\n\t<meta name=\"twitter:data2\" content=\"1 minuto\" \/>\n<script type=\"application\/ld+json\" class=\"yoast-schema-graph\">{\"@context\":\"https:\\\/\\\/schema.org\",\"@graph\":[{\"@type\":\"Article\",\"@id\":\"https:\\\/\\\/blogs.encamina.com\\\/encamina-se-mueve\\\/en-la-semana-informatica-2020-hablaremos-de\\\/#article\",\"isPartOf\":{\"@id\":\"https:\\\/\\\/blogs.encamina.com\\\/encamina-se-mueve\\\/en-la-semana-informatica-2020-hablaremos-de\\\/\"},\"author\":{\"name\":\"Laura Blanch\",\"@id\":\"https:\\\/\\\/blogs.encamina.com\\\/encamina-se-mueve\\\/#\\\/schema\\\/person\\\/49aedd5048203fe71d48ef3101fc351b\"},\"headline\":\"Hablamos de talento TIC en la Semana Inform\u00e1tica 2020\",\"datePublished\":\"2020-09-18T15:09:20+00:00\",\"dateModified\":\"2020-10-13T07:31:32+00:00\",\"mainEntityOfPage\":{\"@id\":\"https:\\\/\\\/blogs.encamina.com\\\/encamina-se-mueve\\\/en-la-semana-informatica-2020-hablaremos-de\\\/\"},\"wordCount\":174,\"publisher\":{\"@id\":\"https:\\\/\\\/blogs.encamina.com\\\/encamina-se-mueve\\\/#organization\"},\"image\":{\"@id\":\"https:\\\/\\\/blogs.encamina.com\\\/encamina-se-mueve\\\/en-la-semana-informatica-2020-hablaremos-de\\\/#primaryimage\"},\"thumbnailUrl\":\"https:\\\/\\\/blogs.encamina.com\\\/encamina-se-mueve\\\/wp-content\\\/uploads\\\/sites\\\/4\\\/2020\\\/09\\\/Semana-Informatica.jpg\",\"articleSection\":[\"evento\"],\"inLanguage\":\"es\"},{\"@type\":\"WebPage\",\"@id\":\"https:\\\/\\\/blogs.encamina.com\\\/encamina-se-mueve\\\/en-la-semana-informatica-2020-hablaremos-de\\\/\",\"url\":\"https:\\\/\\\/blogs.encamina.com\\\/encamina-se-mueve\\\/en-la-semana-informatica-2020-hablaremos-de\\\/\",\"name\":\"Hablamos de talento TIC en la Semana Inform\u00e1tica 2020 | ENCAMINA\",\"isPartOf\":{\"@id\":\"https:\\\/\\\/blogs.encamina.com\\\/encamina-se-mueve\\\/#website\"},\"primaryImageOfPage\":{\"@id\":\"https:\\\/\\\/blogs.encamina.com\\\/encamina-se-mueve\\\/en-la-semana-informatica-2020-hablaremos-de\\\/#primaryimage\"},\"image\":{\"@id\":\"https:\\\/\\\/blogs.encamina.com\\\/encamina-se-mueve\\\/en-la-semana-informatica-2020-hablaremos-de\\\/#primaryimage\"},\"thumbnailUrl\":\"https:\\\/\\\/blogs.encamina.com\\\/encamina-se-mueve\\\/wp-content\\\/uploads\\\/sites\\\/4\\\/2020\\\/09\\\/Semana-Informatica.jpg\",\"datePublished\":\"2020-09-18T15:09:20+00:00\",\"dateModified\":\"2020-10-13T07:31:32+00:00\",\"description\":\"Esta edici\u00f3n, que por primera vez ser\u00e1 en formato online,\u00a0 se celebrar\u00e1 del 28 de septiembre al 2 de octubre a trav\u00e9s de plataformas digitales.\",\"inLanguage\":\"es\",\"potentialAction\":[{\"@type\":\"ReadAction\",\"target\":[\"https:\\\/\\\/blogs.encamina.com\\\/encamina-se-mueve\\\/en-la-semana-informatica-2020-hablaremos-de\\\/\"]}]},{\"@type\":\"ImageObject\",\"inLanguage\":\"es\",\"@id\":\"https:\\\/\\\/blogs.encamina.com\\\/encamina-se-mueve\\\/en-la-semana-informatica-2020-hablaremos-de\\\/#primaryimage\",\"url\":\"https:\\\/\\\/blogs.encamina.com\\\/encamina-se-mueve\\\/wp-content\\\/uploads\\\/sites\\\/4\\\/2020\\\/09\\\/Semana-Informatica.jpg\",\"contentUrl\":\"https:\\\/\\\/blogs.encamina.com\\\/encamina-se-mueve\\\/wp-content\\\/uploads\\\/sites\\\/4\\\/2020\\\/09\\\/Semana-Informatica.jpg\",\"width\":680,\"height\":340},{\"@type\":\"WebSite\",\"@id\":\"https:\\\/\\\/blogs.encamina.com\\\/encamina-se-mueve\\\/#website\",\"url\":\"https:\\\/\\\/blogs.encamina.com\\\/encamina-se-mueve\\\/\",\"name\":\"ENCAMINA se Mueve\",\"description\":\"Todo lo que se cuece en nuestro equipo: formaciones, charlas, webcasts, talleres...\",\"publisher\":{\"@id\":\"https:\\\/\\\/blogs.encamina.com\\\/encamina-se-mueve\\\/#organization\"},\"potentialAction\":[{\"@type\":\"SearchAction\",\"target\":{\"@type\":\"EntryPoint\",\"urlTemplate\":\"https:\\\/\\\/blogs.encamina.com\\\/encamina-se-mueve\\\/?s={search_term_string}\"},\"query-input\":{\"@type\":\"PropertyValueSpecification\",\"valueRequired\":true,\"valueName\":\"search_term_string\"}}],\"inLanguage\":\"es\"},{\"@type\":\"Organization\",\"@id\":\"https:\\\/\\\/blogs.encamina.com\\\/encamina-se-mueve\\\/#organization\",\"name\":\"ENCAMINA\",\"url\":\"https:\\\/\\\/blogs.encamina.com\\\/encamina-se-mueve\\\/\",\"logo\":{\"@type\":\"ImageObject\",\"inLanguage\":\"es\",\"@id\":\"https:\\\/\\\/blogs.encamina.com\\\/encamina-se-mueve\\\/#\\\/schema\\\/logo\\\/image\\\/\",\"url\":\"https:\\\/\\\/blogs.encamina.com\\\/encamina-se-mueve\\\/wp-content\\\/uploads\\\/sites\\\/4\\\/2018\\\/10\\\/Logo_ENCAMINA_sin-claim.png\",\"contentUrl\":\"https:\\\/\\\/blogs.encamina.com\\\/encamina-se-mueve\\\/wp-content\\\/uploads\\\/sites\\\/4\\\/2018\\\/10\\\/Logo_ENCAMINA_sin-claim.png\",\"width\":409,\"height\":77,\"caption\":\"ENCAMINA\"},\"image\":{\"@id\":\"https:\\\/\\\/blogs.encamina.com\\\/encamina-se-mueve\\\/#\\\/schema\\\/logo\\\/image\\\/\"}},{\"@type\":\"Person\",\"@id\":\"https:\\\/\\\/blogs.encamina.com\\\/encamina-se-mueve\\\/#\\\/schema\\\/person\\\/49aedd5048203fe71d48ef3101fc351b\",\"name\":\"Laura Blanch\",\"image\":{\"@type\":\"ImageObject\",\"inLanguage\":\"es\",\"@id\":\"https:\\\/\\\/secure.gravatar.com\\\/avatar\\\/e6a10cbfac4f98beaaade7277395365843c5c8ca6ad3668abb7321e6763eb7a0?s=96&d=mm&r=g\",\"url\":\"https:\\\/\\\/secure.gravatar.com\\\/avatar\\\/e6a10cbfac4f98beaaade7277395365843c5c8ca6ad3668abb7321e6763eb7a0?s=96&d=mm&r=g\",\"contentUrl\":\"https:\\\/\\\/secure.gravatar.com\\\/avatar\\\/e6a10cbfac4f98beaaade7277395365843c5c8ca6ad3668abb7321e6763eb7a0?s=96&d=mm&r=g\",\"caption\":\"Laura Blanch\"},\"description\":\"Formo parte del estupendo departamento de Marketing y Comunicaci\u00f3n de ENCAMINA \ud83d\ude42\",\"url\":\"https:\\\/\\\/blogs.encamina.com\\\/encamina-se-mueve\\\/author\\\/lblanch\\\/\"}]}<\/script>\n<!-- \/ Yoast SEO Premium plugin. -->","yoast_head_json":{"title":"Hablamos de talento TIC en la Semana Inform\u00e1tica 2020 | ENCAMINA","description":"Esta edici\u00f3n, que por primera vez ser\u00e1 en formato online,\u00a0 se celebrar\u00e1 del 28 de septiembre al 2 de octubre a trav\u00e9s de plataformas digitales.","robots":{"index":"index","follow":"follow","max-snippet":"max-snippet:-1","max-image-preview":"max-image-preview:large","max-video-preview":"max-video-preview:-1"},"canonical":"https:\/\/blogs.encamina.com\/encamina-se-mueve\/en-la-semana-informatica-2020-hablaremos-de\/","og_locale":"es_ES","og_type":"article","og_title":"Hablamos de talento TIC en la Semana Inform\u00e1tica 2020","og_description":"Esta edici\u00f3n, que por primera vez ser\u00e1 en formato online,\u00a0 se celebrar\u00e1 del 28 de septiembre al 2 de octubre a trav\u00e9s de plataformas digitales.","og_url":"https:\/\/blogs.encamina.com\/encamina-se-mueve\/en-la-semana-informatica-2020-hablaremos-de\/","og_site_name":"ENCAMINA se Mueve","article_published_time":"2020-09-18T15:09:20+00:00","article_modified_time":"2020-10-13T07:31:32+00:00","og_image":[{"width":680,"height":340,"url":"https:\/\/blogs.encamina.com\/encamina-se-mueve\/wp-content\/uploads\/sites\/4\/2020\/09\/Semana-Informatica.jpg","type":"image\/jpeg"}],"author":"Laura Blanch","twitter_card":"summary_large_image","twitter_misc":{"Escrito por":"Laura Blanch","Tiempo de lectura":"1 minuto"},"schema":{"@context":"https:\/\/schema.org","@graph":[{"@type":"Article","@id":"https:\/\/blogs.encamina.com\/encamina-se-mueve\/en-la-semana-informatica-2020-hablaremos-de\/#article","isPartOf":{"@id":"https:\/\/blogs.encamina.com\/encamina-se-mueve\/en-la-semana-informatica-2020-hablaremos-de\/"},"author":{"name":"Laura Blanch","@id":"https:\/\/blogs.encamina.com\/encamina-se-mueve\/#\/schema\/person\/49aedd5048203fe71d48ef3101fc351b"},"headline":"Hablamos de talento TIC en la Semana Inform\u00e1tica 2020","datePublished":"2020-09-18T15:09:20+00:00","dateModified":"2020-10-13T07:31:32+00:00","mainEntityOfPage":{"@id":"https:\/\/blogs.encamina.com\/encamina-se-mueve\/en-la-semana-informatica-2020-hablaremos-de\/"},"wordCount":174,"publisher":{"@id":"https:\/\/blogs.encamina.com\/encamina-se-mueve\/#organization"},"image":{"@id":"https:\/\/blogs.encamina.com\/encamina-se-mueve\/en-la-semana-informatica-2020-hablaremos-de\/#primaryimage"},"thumbnailUrl":"https:\/\/blogs.encamina.com\/encamina-se-mueve\/wp-content\/uploads\/sites\/4\/2020\/09\/Semana-Informatica.jpg","articleSection":["evento"],"inLanguage":"es"},{"@type":"WebPage","@id":"https:\/\/blogs.encamina.com\/encamina-se-mueve\/en-la-semana-informatica-2020-hablaremos-de\/","url":"https:\/\/blogs.encamina.com\/encamina-se-mueve\/en-la-semana-informatica-2020-hablaremos-de\/","name":"Hablamos de talento TIC en la Semana Inform\u00e1tica 2020 | ENCAMINA","isPartOf":{"@id":"https:\/\/blogs.encamina.com\/encamina-se-mueve\/#website"},"primaryImageOfPage":{"@id":"https:\/\/blogs.encamina.com\/encamina-se-mueve\/en-la-semana-informatica-2020-hablaremos-de\/#primaryimage"},"image":{"@id":"https:\/\/blogs.encamina.com\/encamina-se-mueve\/en-la-semana-informatica-2020-hablaremos-de\/#primaryimage"},"thumbnailUrl":"https:\/\/blogs.encamina.com\/encamina-se-mueve\/wp-content\/uploads\/sites\/4\/2020\/09\/Semana-Informatica.jpg","datePublished":"2020-09-18T15:09:20+00:00","dateModified":"2020-10-13T07:31:32+00:00","description":"Esta edici\u00f3n, que por primera vez ser\u00e1 en formato online,\u00a0 se celebrar\u00e1 del 28 de septiembre al 2 de octubre a trav\u00e9s de plataformas digitales.","inLanguage":"es","potentialAction":[{"@type":"ReadAction","target":["https:\/\/blogs.encamina.com\/encamina-se-mueve\/en-la-semana-informatica-2020-hablaremos-de\/"]}]},{"@type":"ImageObject","inLanguage":"es","@id":"https:\/\/blogs.encamina.com\/encamina-se-mueve\/en-la-semana-informatica-2020-hablaremos-de\/#primaryimage","url":"https:\/\/blogs.encamina.com\/encamina-se-mueve\/wp-content\/uploads\/sites\/4\/2020\/09\/Semana-Informatica.jpg","contentUrl":"https:\/\/blogs.encamina.com\/encamina-se-mueve\/wp-content\/uploads\/sites\/4\/2020\/09\/Semana-Informatica.jpg","width":680,"height":340},{"@type":"WebSite","@id":"https:\/\/blogs.encamina.com\/encamina-se-mueve\/#website","url":"https:\/\/blogs.encamina.com\/encamina-se-mueve\/","name":"ENCAMINA se Mueve","description":"Todo lo que se cuece en nuestro equipo: formaciones, charlas, webcasts, talleres...","publisher":{"@id":"https:\/\/blogs.encamina.com\/encamina-se-mueve\/#organization"},"potentialAction":[{"@type":"SearchAction","target":{"@type":"EntryPoint","urlTemplate":"https:\/\/blogs.encamina.com\/encamina-se-mueve\/?s={search_term_string}"},"query-input":{"@type":"PropertyValueSpecification","valueRequired":true,"valueName":"search_term_string"}}],"inLanguage":"es"},{"@type":"Organization","@id":"https:\/\/blogs.encamina.com\/encamina-se-mueve\/#organization","name":"ENCAMINA","url":"https:\/\/blogs.encamina.com\/encamina-se-mueve\/","logo":{"@type":"ImageObject","inLanguage":"es","@id":"https:\/\/blogs.encamina.com\/encamina-se-mueve\/#\/schema\/logo\/image\/","url":"https:\/\/blogs.encamina.com\/encamina-se-mueve\/wp-content\/uploads\/sites\/4\/2018\/10\/Logo_ENCAMINA_sin-claim.png","contentUrl":"https:\/\/blogs.encamina.com\/encamina-se-mueve\/wp-content\/uploads\/sites\/4\/2018\/10\/Logo_ENCAMINA_sin-claim.png","width":409,"height":77,"caption":"ENCAMINA"},"image":{"@id":"https:\/\/blogs.encamina.com\/encamina-se-mueve\/#\/schema\/logo\/image\/"}},{"@type":"Person","@id":"https:\/\/blogs.encamina.com\/encamina-se-mueve\/#\/schema\/person\/49aedd5048203fe71d48ef3101fc351b","name":"Laura Blanch","image":{"@type":"ImageObject","inLanguage":"es","@id":"https:\/\/secure.gravatar.com\/avatar\/e6a10cbfac4f98beaaade7277395365843c5c8ca6ad3668abb7321e6763eb7a0?s=96&d=mm&r=g","url":"https:\/\/secure.gravatar.com\/avatar\/e6a10cbfac4f98beaaade7277395365843c5c8ca6ad3668abb7321e6763eb7a0?s=96&d=mm&r=g","contentUrl":"https:\/\/secure.gravatar.com\/avatar\/e6a10cbfac4f98beaaade7277395365843c5c8ca6ad3668abb7321e6763eb7a0?s=96&d=mm&r=g","caption":"Laura Blanch"},"description":"Formo parte del estupendo departamento de Marketing y Comunicaci\u00f3n de ENCAMINA \ud83d\ude42","url":"https:\/\/blogs.encamina.com\/encamina-se-mueve\/author\/lblanch\/"}]}},"_links":{"self":[{"href":"https:\/\/blogs.encamina.com\/encamina-se-mueve\/wp-json\/wp\/v2\/posts\/2622","targetHints":{"allow":["GET"]}}],"collection":[{"href":"https:\/\/blogs.encamina.com\/encamina-se-mueve\/wp-json\/wp\/v2\/posts"}],"about":[{"href":"https:\/\/blogs.encamina.com\/encamina-se-mueve\/wp-json\/wp\/v2\/types\/post"}],"author":[{"embeddable":true,"href":"https:\/\/blogs.encamina.com\/encamina-se-mueve\/wp-json\/wp\/v2\/users\/171"}],"replies":[{"embeddable":true,"href":"https:\/\/blogs.encamina.com\/encamina-se-mueve\/wp-json\/wp\/v2\/comments?post=2622"}],"version-history":[{"count":0,"href":"https:\/\/blogs.encamina.com\/encamina-se-mueve\/wp-json\/wp\/v2\/posts\/2622\/revisions"}],"wp:featuredmedia":[{"embeddable":true,"href":"https:\/\/blogs.encamina.com\/encamina-se-mueve\/wp-json\/wp\/v2\/media\/2656"}],"wp:attachment":[{"href":"https:\/\/blogs.encamina.com\/encamina-se-mueve\/wp-json\/wp\/v2\/media?parent=2622"}],"wp:term":[{"taxonomy":"category","embeddable":true,"href":"https:\/\/blogs.encamina.com\/encamina-se-mueve\/wp-json\/wp\/v2\/categories?post=2622"},{"taxonomy":"post_tag","embeddable":true,"href":"https:\/\/blogs.encamina.com\/encamina-se-mueve\/wp-json\/wp\/v2\/tags?post=2622"}],"curies":[{"name":"wp","href":"https:\/\/api.w.org\/{rel}","templated":true}]}}