{"id":2214,"date":"2020-03-20T14:00:55","date_gmt":"2020-03-20T13:00:55","guid":{"rendered":"http:\/\/blogs.encamina.com\/encamina-se-mueve\/?p=2214"},"modified":"2020-04-02T13:16:41","modified_gmt":"2020-04-02T12:16:41","slug":"webinar-teoria-y-practica-de-la-transformacion-y-la-productividad-con-m365","status":"publish","type":"post","link":"https:\/\/blogs.encamina.com\/encamina-se-mueve\/webinar-teoria-y-practica-de-la-transformacion-y-la-productividad-con-m365\/","title":{"rendered":"Webinar \u00abTeor\u00eda y pr\u00e1ctica de la Transformaci\u00f3n y la Productividad con M365\u00bb"},"content":{"rendered":"<p><img loading=\"lazy\" decoding=\"async\" class=\"aligncenter size-full wp-image-2235\" src=\"http:\/\/blogs.encamina.com\/encamina-se-mueve\/wp-content\/uploads\/sites\/4\/2020\/03\/Screenshot_1.jpg\" alt=\"\" width=\"2168\" height=\"1066\" srcset=\"https:\/\/encaminablogs.wpenginepowered.com\/encamina-se-mueve\/wp-content\/uploads\/sites\/4\/2020\/03\/Screenshot_1.jpg 2168w, https:\/\/encaminablogs.wpenginepowered.com\/encamina-se-mueve\/wp-content\/uploads\/sites\/4\/2020\/03\/Screenshot_1-300x148.jpg 300w, https:\/\/encaminablogs.wpenginepowered.com\/encamina-se-mueve\/wp-content\/uploads\/sites\/4\/2020\/03\/Screenshot_1-1024x503.jpg 1024w, https:\/\/encaminablogs.wpenginepowered.com\/encamina-se-mueve\/wp-content\/uploads\/sites\/4\/2020\/03\/Screenshot_1-768x378.jpg 768w, https:\/\/encaminablogs.wpenginepowered.com\/encamina-se-mueve\/wp-content\/uploads\/sites\/4\/2020\/03\/Screenshot_1-1536x755.jpg 1536w, https:\/\/encaminablogs.wpenginepowered.com\/encamina-se-mueve\/wp-content\/uploads\/sites\/4\/2020\/03\/Screenshot_1-2048x1007.jpg 2048w, https:\/\/encaminablogs.wpenginepowered.com\/encamina-se-mueve\/wp-content\/uploads\/sites\/4\/2020\/03\/Screenshot_1-610x300.jpg 610w\" sizes=\"auto, (max-width: 2168px) 100vw, 2168px\" \/><\/p>\n<p><span data-contrast=\"auto\">En este webinar abordamos <\/span><b><span data-contrast=\"auto\">la\u00a0<\/span><\/b><b><span data-contrast=\"auto\">Teor\u00eda y <\/span><\/b>(sobre todo)<b><span data-contrast=\"auto\"> la Pr\u00e1ctica de <\/span><\/b><b><span data-contrast=\"auto\">la\u00a0<\/span><\/b><b><span data-contrast=\"auto\">\u00a0Transformaci\u00f3n<\/span><\/b><b><span data-contrast=\"auto\">\u00a0y la Productividad<\/span><\/b><b><span data-contrast=\"auto\"> de las empresas con M365. <\/span><\/b>Desde varios medios de comunicaci\u00f3n, como <a href=\"https:\/\/valenciaplaza.com\/en-24-horas-centenares-de-empresas-han-tenido-que-incorporar-el-teletrabajo\" target=\"_blank\" rel=\"noopener noreferrer\">ValenciaPlaza<\/a> o <a href=\"https:\/\/www.lavanguardia.com\/tecnologia\/20200327\/48112406405\/el-teletrabajo-mejora-eficiencia-trabajador-y-reduce-costes-segun-consultora.html\" target=\"_blank\" rel=\"noopener noreferrer\">La Vanguardia<\/a>, se han hecho eco de las principales conclusiones del webinar \ud83d\ude42 <!--more--><\/p>\n<p><span data-contrast=\"auto\"><span class=\"TextRun SCXW201397064 BCX0\" lang=\"ES-ES\" xml:lang=\"ES-ES\" data-contrast=\"auto\"><span class=\"NormalTextRun SCXW201397064 BCX0\" data-wac-het=\"1\">Analizamos <\/span><\/span>d\u00f3nde est\u00e1 el ROI de la inversi\u00f3n de una empresa en M365, <span class=\"TextRun SCXW201397064 BCX0\" lang=\"ES-ES\" xml:lang=\"ES-ES\" data-contrast=\"auto\"><span class=\"NormalTextRun SCXW201397064 BCX0\" data-wac-het=\"1\">c<\/span><\/span>u\u00e1l es su impacto real en la productividad y nos detenemos\u00a0 en el caso real de COSENTINO y Teams. Para ello, nos acompa\u00f1a<\/span><span data-contrast=\"auto\">\u00a0<\/span><span data-contrast=\"auto\"><strong>David Moreno<\/strong>, Arquitecto de IT en Cosentino, quien explica c\u00f3mo y por qu\u00e9 <\/span><span data-ccp-props=\"{&quot;201341983&quot;:0,&quot;335551550&quot;:6,&quot;335551620&quot;:6,&quot;335559739&quot;:160,&quot;335559740&quot;:259}\" data-wac-het=\"1\"><strong>el uso de Teams <\/strong>ha disparado la productividad en su empresa.<\/span><\/p>\n<p>Por su parte, desde Microsoft, <strong>Jimena Moreno de Albor\u00e1n<\/strong>, Office365 Customer Success Product Marketing Manager at MICROSOFT Western Europe, nos despeja dudas sobre<strong> c\u00f3mo pueden realmente las empresas medir su productividad <\/strong>y <span class=\"TextRun BCX0 SCXW165200044\" lang=\"ES-ES\" xml:lang=\"ES-ES\" data-contrast=\"none\"><span class=\"NormalTextRun BCX0 SCXW165200044\" data-wac-het=\"1\">c\u00f3mo se traduce esa productividad en ahorro o beneficios para la empresa.\u00a0<\/span><\/span>Todo en 20 minutos que prometen ser muy, pero que muy interesantes \ud83d\ude42<\/p>\n<p><iframe loading=\"lazy\" src=\"https:\/\/www.youtube.com\/embed\/HEvd8GWS_oc\" width=\"560\" height=\"315\" frameborder=\"0\" allowfullscreen=\"allowfullscreen\"><\/iframe><\/p>\n<!-- AddThis Advanced Settings generic via filter on the_content --><!-- AddThis Share Buttons generic via filter on the_content --><span class=\"et_bloom_bottom_trigger\"><\/span>","protected":false},"excerpt":{"rendered":"<p>En este webinar abordamos la\u00a0Teor\u00eda y (sobre todo) la Pr\u00e1ctica de la\u00a0\u00a0Transformaci\u00f3n\u00a0y la Productividad de las empresas con M365. Desde varios medios de comunicaci\u00f3n, como ValenciaPlaza o La Vanguardia, se han hecho eco de las principales conclusiones del webinar \ud83d\ude42<!-- AddThis Advanced Settings generic via filter on get_the_excerpt --><!-- AddThis Share Buttons generic via filter on get_the_excerpt --><\/p>\n","protected":false},"author":171,"featured_media":2221,"comment_status":"closed","ping_status":"open","sticky":false,"template":"","format":"standard","meta":{"footnotes":""},"categories":[104,29],"tags":[],"class_list":["post-2214","post","type-post","status-publish","format-standard","has-post-thumbnail","hentry","category-m365","category-webinar"],"yoast_head":"<!-- This site is optimized with the Yoast SEO Premium plugin v18.2.1 (Yoast SEO v27.3) - https:\/\/yoast.com\/product\/yoast-seo-premium-wordpress\/ -->\n<title>Webinar &quot;Teor\u00eda y pr\u00e1ctica de la Transformaci\u00f3n y la Productividad con M365&quot; | ENCAMINA<\/title>\n<meta name=\"description\" content=\"Analizamos d\u00f3nde est\u00e1 el ROI de la inversi\u00f3n de una empresa en M365, cu\u00e1l es su impacto real en la productividad y nos detenemos\u00a0 en el caso real de COSENTINO y Teams\" \/>\n<meta name=\"robots\" content=\"index, follow, max-snippet:-1, max-image-preview:large, max-video-preview:-1\" \/>\n<link rel=\"canonical\" href=\"https:\/\/blogs.encamina.com\/encamina-se-mueve\/webinar-teoria-y-practica-de-la-transformacion-y-la-productividad-con-m365\/\" \/>\n<meta property=\"og:locale\" content=\"es_ES\" \/>\n<meta property=\"og:type\" content=\"article\" \/>\n<meta property=\"og:title\" content=\"Webinar &quot;Teor\u00eda y pr\u00e1ctica de la Transformaci\u00f3n y la Productividad con M365&quot;\" \/>\n<meta property=\"og:description\" content=\"Analizamos d\u00f3nde est\u00e1 el ROI de la inversi\u00f3n de una empresa en M365, cu\u00e1l es su impacto real en la productividad y nos detenemos\u00a0 en el caso real de COSENTINO y Teams\" \/>\n<meta property=\"og:url\" content=\"https:\/\/blogs.encamina.com\/encamina-se-mueve\/webinar-teoria-y-practica-de-la-transformacion-y-la-productividad-con-m365\/\" \/>\n<meta property=\"og:site_name\" content=\"ENCAMINA se Mueve\" \/>\n<meta property=\"article:published_time\" content=\"2020-03-20T13:00:55+00:00\" \/>\n<meta property=\"article:modified_time\" content=\"2020-04-02T12:16:41+00:00\" \/>\n<meta property=\"og:image\" content=\"https:\/\/blogs.encamina.com\/encamina-se-mueve\/wp-content\/uploads\/sites\/4\/2020\/03\/grabaci\u00f3n-1.jpg\" \/>\n\t<meta property=\"og:image:width\" content=\"2176\" \/>\n\t<meta property=\"og:image:height\" content=\"1068\" \/>\n\t<meta property=\"og:image:type\" content=\"image\/jpeg\" \/>\n<meta name=\"author\" content=\"Laura Blanch\" \/>\n<meta name=\"twitter:card\" content=\"summary_large_image\" \/>\n<meta name=\"twitter:label1\" content=\"Escrito por\" \/>\n\t<meta name=\"twitter:data1\" content=\"Laura Blanch\" \/>\n\t<meta name=\"twitter:label2\" content=\"Tiempo de lectura\" \/>\n\t<meta name=\"twitter:data2\" content=\"1 minuto\" \/>\n<script type=\"application\/ld+json\" class=\"yoast-schema-graph\">{\"@context\":\"https:\\\/\\\/schema.org\",\"@graph\":[{\"@type\":\"Article\",\"@id\":\"https:\\\/\\\/blogs.encamina.com\\\/encamina-se-mueve\\\/webinar-teoria-y-practica-de-la-transformacion-y-la-productividad-con-m365\\\/#article\",\"isPartOf\":{\"@id\":\"https:\\\/\\\/blogs.encamina.com\\\/encamina-se-mueve\\\/webinar-teoria-y-practica-de-la-transformacion-y-la-productividad-con-m365\\\/\"},\"author\":{\"name\":\"Laura Blanch\",\"@id\":\"https:\\\/\\\/blogs.encamina.com\\\/encamina-se-mueve\\\/#\\\/schema\\\/person\\\/49aedd5048203fe71d48ef3101fc351b\"},\"headline\":\"Webinar \u00abTeor\u00eda y pr\u00e1ctica de la Transformaci\u00f3n y la Productividad con M365\u00bb\",\"datePublished\":\"2020-03-20T13:00:55+00:00\",\"dateModified\":\"2020-04-02T12:16:41+00:00\",\"mainEntityOfPage\":{\"@id\":\"https:\\\/\\\/blogs.encamina.com\\\/encamina-se-mueve\\\/webinar-teoria-y-practica-de-la-transformacion-y-la-productividad-con-m365\\\/\"},\"wordCount\":185,\"publisher\":{\"@id\":\"https:\\\/\\\/blogs.encamina.com\\\/encamina-se-mueve\\\/#organization\"},\"image\":{\"@id\":\"https:\\\/\\\/blogs.encamina.com\\\/encamina-se-mueve\\\/webinar-teoria-y-practica-de-la-transformacion-y-la-productividad-con-m365\\\/#primaryimage\"},\"thumbnailUrl\":\"https:\\\/\\\/blogs.encamina.com\\\/encamina-se-mueve\\\/wp-content\\\/uploads\\\/sites\\\/4\\\/2020\\\/03\\\/grabaci\u00f3n-1.jpg\",\"articleSection\":[\"M365\",\"Webinar\"],\"inLanguage\":\"es\"},{\"@type\":\"WebPage\",\"@id\":\"https:\\\/\\\/blogs.encamina.com\\\/encamina-se-mueve\\\/webinar-teoria-y-practica-de-la-transformacion-y-la-productividad-con-m365\\\/\",\"url\":\"https:\\\/\\\/blogs.encamina.com\\\/encamina-se-mueve\\\/webinar-teoria-y-practica-de-la-transformacion-y-la-productividad-con-m365\\\/\",\"name\":\"Webinar \\\"Teor\u00eda y pr\u00e1ctica de la Transformaci\u00f3n y la Productividad con M365\\\" | ENCAMINA\",\"isPartOf\":{\"@id\":\"https:\\\/\\\/blogs.encamina.com\\\/encamina-se-mueve\\\/#website\"},\"primaryImageOfPage\":{\"@id\":\"https:\\\/\\\/blogs.encamina.com\\\/encamina-se-mueve\\\/webinar-teoria-y-practica-de-la-transformacion-y-la-productividad-con-m365\\\/#primaryimage\"},\"image\":{\"@id\":\"https:\\\/\\\/blogs.encamina.com\\\/encamina-se-mueve\\\/webinar-teoria-y-practica-de-la-transformacion-y-la-productividad-con-m365\\\/#primaryimage\"},\"thumbnailUrl\":\"https:\\\/\\\/blogs.encamina.com\\\/encamina-se-mueve\\\/wp-content\\\/uploads\\\/sites\\\/4\\\/2020\\\/03\\\/grabaci\u00f3n-1.jpg\",\"datePublished\":\"2020-03-20T13:00:55+00:00\",\"dateModified\":\"2020-04-02T12:16:41+00:00\",\"description\":\"Analizamos d\u00f3nde est\u00e1 el ROI de la inversi\u00f3n de una empresa en M365, cu\u00e1l es su impacto real en la productividad y nos detenemos\u00a0 en el caso real de COSENTINO y Teams\",\"inLanguage\":\"es\",\"potentialAction\":[{\"@type\":\"ReadAction\",\"target\":[\"https:\\\/\\\/blogs.encamina.com\\\/encamina-se-mueve\\\/webinar-teoria-y-practica-de-la-transformacion-y-la-productividad-con-m365\\\/\"]}]},{\"@type\":\"ImageObject\",\"inLanguage\":\"es\",\"@id\":\"https:\\\/\\\/blogs.encamina.com\\\/encamina-se-mueve\\\/webinar-teoria-y-practica-de-la-transformacion-y-la-productividad-con-m365\\\/#primaryimage\",\"url\":\"https:\\\/\\\/blogs.encamina.com\\\/encamina-se-mueve\\\/wp-content\\\/uploads\\\/sites\\\/4\\\/2020\\\/03\\\/grabaci\u00f3n-1.jpg\",\"contentUrl\":\"https:\\\/\\\/blogs.encamina.com\\\/encamina-se-mueve\\\/wp-content\\\/uploads\\\/sites\\\/4\\\/2020\\\/03\\\/grabaci\u00f3n-1.jpg\",\"width\":2176,\"height\":1068},{\"@type\":\"WebSite\",\"@id\":\"https:\\\/\\\/blogs.encamina.com\\\/encamina-se-mueve\\\/#website\",\"url\":\"https:\\\/\\\/blogs.encamina.com\\\/encamina-se-mueve\\\/\",\"name\":\"ENCAMINA se Mueve\",\"description\":\"Todo lo que se cuece en nuestro equipo: formaciones, charlas, webcasts, talleres...\",\"publisher\":{\"@id\":\"https:\\\/\\\/blogs.encamina.com\\\/encamina-se-mueve\\\/#organization\"},\"potentialAction\":[{\"@type\":\"SearchAction\",\"target\":{\"@type\":\"EntryPoint\",\"urlTemplate\":\"https:\\\/\\\/blogs.encamina.com\\\/encamina-se-mueve\\\/?s={search_term_string}\"},\"query-input\":{\"@type\":\"PropertyValueSpecification\",\"valueRequired\":true,\"valueName\":\"search_term_string\"}}],\"inLanguage\":\"es\"},{\"@type\":\"Organization\",\"@id\":\"https:\\\/\\\/blogs.encamina.com\\\/encamina-se-mueve\\\/#organization\",\"name\":\"ENCAMINA\",\"url\":\"https:\\\/\\\/blogs.encamina.com\\\/encamina-se-mueve\\\/\",\"logo\":{\"@type\":\"ImageObject\",\"inLanguage\":\"es\",\"@id\":\"https:\\\/\\\/blogs.encamina.com\\\/encamina-se-mueve\\\/#\\\/schema\\\/logo\\\/image\\\/\",\"url\":\"https:\\\/\\\/blogs.encamina.com\\\/encamina-se-mueve\\\/wp-content\\\/uploads\\\/sites\\\/4\\\/2018\\\/10\\\/Logo_ENCAMINA_sin-claim.png\",\"contentUrl\":\"https:\\\/\\\/blogs.encamina.com\\\/encamina-se-mueve\\\/wp-content\\\/uploads\\\/sites\\\/4\\\/2018\\\/10\\\/Logo_ENCAMINA_sin-claim.png\",\"width\":409,\"height\":77,\"caption\":\"ENCAMINA\"},\"image\":{\"@id\":\"https:\\\/\\\/blogs.encamina.com\\\/encamina-se-mueve\\\/#\\\/schema\\\/logo\\\/image\\\/\"}},{\"@type\":\"Person\",\"@id\":\"https:\\\/\\\/blogs.encamina.com\\\/encamina-se-mueve\\\/#\\\/schema\\\/person\\\/49aedd5048203fe71d48ef3101fc351b\",\"name\":\"Laura Blanch\",\"image\":{\"@type\":\"ImageObject\",\"inLanguage\":\"es\",\"@id\":\"https:\\\/\\\/secure.gravatar.com\\\/avatar\\\/e6a10cbfac4f98beaaade7277395365843c5c8ca6ad3668abb7321e6763eb7a0?s=96&d=mm&r=g\",\"url\":\"https:\\\/\\\/secure.gravatar.com\\\/avatar\\\/e6a10cbfac4f98beaaade7277395365843c5c8ca6ad3668abb7321e6763eb7a0?s=96&d=mm&r=g\",\"contentUrl\":\"https:\\\/\\\/secure.gravatar.com\\\/avatar\\\/e6a10cbfac4f98beaaade7277395365843c5c8ca6ad3668abb7321e6763eb7a0?s=96&d=mm&r=g\",\"caption\":\"Laura Blanch\"},\"description\":\"Formo parte del estupendo departamento de Marketing y Comunicaci\u00f3n de ENCAMINA \ud83d\ude42\",\"url\":\"https:\\\/\\\/blogs.encamina.com\\\/encamina-se-mueve\\\/author\\\/lblanch\\\/\"}]}<\/script>\n<!-- \/ Yoast SEO Premium plugin. -->","yoast_head_json":{"title":"Webinar \"Teor\u00eda y pr\u00e1ctica de la Transformaci\u00f3n y la Productividad con M365\" | ENCAMINA","description":"Analizamos d\u00f3nde est\u00e1 el ROI de la inversi\u00f3n de una empresa en M365, cu\u00e1l es su impacto real en la productividad y nos detenemos\u00a0 en el caso real de COSENTINO y Teams","robots":{"index":"index","follow":"follow","max-snippet":"max-snippet:-1","max-image-preview":"max-image-preview:large","max-video-preview":"max-video-preview:-1"},"canonical":"https:\/\/blogs.encamina.com\/encamina-se-mueve\/webinar-teoria-y-practica-de-la-transformacion-y-la-productividad-con-m365\/","og_locale":"es_ES","og_type":"article","og_title":"Webinar \"Teor\u00eda y pr\u00e1ctica de la Transformaci\u00f3n y la Productividad con M365\"","og_description":"Analizamos d\u00f3nde est\u00e1 el ROI de la inversi\u00f3n de una empresa en M365, cu\u00e1l es su impacto real en la productividad y nos detenemos\u00a0 en el caso real de COSENTINO y Teams","og_url":"https:\/\/blogs.encamina.com\/encamina-se-mueve\/webinar-teoria-y-practica-de-la-transformacion-y-la-productividad-con-m365\/","og_site_name":"ENCAMINA se Mueve","article_published_time":"2020-03-20T13:00:55+00:00","article_modified_time":"2020-04-02T12:16:41+00:00","og_image":[{"width":2176,"height":1068,"url":"https:\/\/blogs.encamina.com\/encamina-se-mueve\/wp-content\/uploads\/sites\/4\/2020\/03\/grabaci\u00f3n-1.jpg","type":"image\/jpeg"}],"author":"Laura Blanch","twitter_card":"summary_large_image","twitter_misc":{"Escrito por":"Laura Blanch","Tiempo de lectura":"1 minuto"},"schema":{"@context":"https:\/\/schema.org","@graph":[{"@type":"Article","@id":"https:\/\/blogs.encamina.com\/encamina-se-mueve\/webinar-teoria-y-practica-de-la-transformacion-y-la-productividad-con-m365\/#article","isPartOf":{"@id":"https:\/\/blogs.encamina.com\/encamina-se-mueve\/webinar-teoria-y-practica-de-la-transformacion-y-la-productividad-con-m365\/"},"author":{"name":"Laura Blanch","@id":"https:\/\/blogs.encamina.com\/encamina-se-mueve\/#\/schema\/person\/49aedd5048203fe71d48ef3101fc351b"},"headline":"Webinar \u00abTeor\u00eda y pr\u00e1ctica de la Transformaci\u00f3n y la Productividad con M365\u00bb","datePublished":"2020-03-20T13:00:55+00:00","dateModified":"2020-04-02T12:16:41+00:00","mainEntityOfPage":{"@id":"https:\/\/blogs.encamina.com\/encamina-se-mueve\/webinar-teoria-y-practica-de-la-transformacion-y-la-productividad-con-m365\/"},"wordCount":185,"publisher":{"@id":"https:\/\/blogs.encamina.com\/encamina-se-mueve\/#organization"},"image":{"@id":"https:\/\/blogs.encamina.com\/encamina-se-mueve\/webinar-teoria-y-practica-de-la-transformacion-y-la-productividad-con-m365\/#primaryimage"},"thumbnailUrl":"https:\/\/blogs.encamina.com\/encamina-se-mueve\/wp-content\/uploads\/sites\/4\/2020\/03\/grabaci\u00f3n-1.jpg","articleSection":["M365","Webinar"],"inLanguage":"es"},{"@type":"WebPage","@id":"https:\/\/blogs.encamina.com\/encamina-se-mueve\/webinar-teoria-y-practica-de-la-transformacion-y-la-productividad-con-m365\/","url":"https:\/\/blogs.encamina.com\/encamina-se-mueve\/webinar-teoria-y-practica-de-la-transformacion-y-la-productividad-con-m365\/","name":"Webinar \"Teor\u00eda y pr\u00e1ctica de la Transformaci\u00f3n y la Productividad con M365\" | ENCAMINA","isPartOf":{"@id":"https:\/\/blogs.encamina.com\/encamina-se-mueve\/#website"},"primaryImageOfPage":{"@id":"https:\/\/blogs.encamina.com\/encamina-se-mueve\/webinar-teoria-y-practica-de-la-transformacion-y-la-productividad-con-m365\/#primaryimage"},"image":{"@id":"https:\/\/blogs.encamina.com\/encamina-se-mueve\/webinar-teoria-y-practica-de-la-transformacion-y-la-productividad-con-m365\/#primaryimage"},"thumbnailUrl":"https:\/\/blogs.encamina.com\/encamina-se-mueve\/wp-content\/uploads\/sites\/4\/2020\/03\/grabaci\u00f3n-1.jpg","datePublished":"2020-03-20T13:00:55+00:00","dateModified":"2020-04-02T12:16:41+00:00","description":"Analizamos d\u00f3nde est\u00e1 el ROI de la inversi\u00f3n de una empresa en M365, cu\u00e1l es su impacto real en la productividad y nos detenemos\u00a0 en el caso real de COSENTINO y Teams","inLanguage":"es","potentialAction":[{"@type":"ReadAction","target":["https:\/\/blogs.encamina.com\/encamina-se-mueve\/webinar-teoria-y-practica-de-la-transformacion-y-la-productividad-con-m365\/"]}]},{"@type":"ImageObject","inLanguage":"es","@id":"https:\/\/blogs.encamina.com\/encamina-se-mueve\/webinar-teoria-y-practica-de-la-transformacion-y-la-productividad-con-m365\/#primaryimage","url":"https:\/\/blogs.encamina.com\/encamina-se-mueve\/wp-content\/uploads\/sites\/4\/2020\/03\/grabaci\u00f3n-1.jpg","contentUrl":"https:\/\/blogs.encamina.com\/encamina-se-mueve\/wp-content\/uploads\/sites\/4\/2020\/03\/grabaci\u00f3n-1.jpg","width":2176,"height":1068},{"@type":"WebSite","@id":"https:\/\/blogs.encamina.com\/encamina-se-mueve\/#website","url":"https:\/\/blogs.encamina.com\/encamina-se-mueve\/","name":"ENCAMINA se Mueve","description":"Todo lo que se cuece en nuestro equipo: formaciones, charlas, webcasts, talleres...","publisher":{"@id":"https:\/\/blogs.encamina.com\/encamina-se-mueve\/#organization"},"potentialAction":[{"@type":"SearchAction","target":{"@type":"EntryPoint","urlTemplate":"https:\/\/blogs.encamina.com\/encamina-se-mueve\/?s={search_term_string}"},"query-input":{"@type":"PropertyValueSpecification","valueRequired":true,"valueName":"search_term_string"}}],"inLanguage":"es"},{"@type":"Organization","@id":"https:\/\/blogs.encamina.com\/encamina-se-mueve\/#organization","name":"ENCAMINA","url":"https:\/\/blogs.encamina.com\/encamina-se-mueve\/","logo":{"@type":"ImageObject","inLanguage":"es","@id":"https:\/\/blogs.encamina.com\/encamina-se-mueve\/#\/schema\/logo\/image\/","url":"https:\/\/blogs.encamina.com\/encamina-se-mueve\/wp-content\/uploads\/sites\/4\/2018\/10\/Logo_ENCAMINA_sin-claim.png","contentUrl":"https:\/\/blogs.encamina.com\/encamina-se-mueve\/wp-content\/uploads\/sites\/4\/2018\/10\/Logo_ENCAMINA_sin-claim.png","width":409,"height":77,"caption":"ENCAMINA"},"image":{"@id":"https:\/\/blogs.encamina.com\/encamina-se-mueve\/#\/schema\/logo\/image\/"}},{"@type":"Person","@id":"https:\/\/blogs.encamina.com\/encamina-se-mueve\/#\/schema\/person\/49aedd5048203fe71d48ef3101fc351b","name":"Laura Blanch","image":{"@type":"ImageObject","inLanguage":"es","@id":"https:\/\/secure.gravatar.com\/avatar\/e6a10cbfac4f98beaaade7277395365843c5c8ca6ad3668abb7321e6763eb7a0?s=96&d=mm&r=g","url":"https:\/\/secure.gravatar.com\/avatar\/e6a10cbfac4f98beaaade7277395365843c5c8ca6ad3668abb7321e6763eb7a0?s=96&d=mm&r=g","contentUrl":"https:\/\/secure.gravatar.com\/avatar\/e6a10cbfac4f98beaaade7277395365843c5c8ca6ad3668abb7321e6763eb7a0?s=96&d=mm&r=g","caption":"Laura Blanch"},"description":"Formo parte del estupendo departamento de Marketing y Comunicaci\u00f3n de ENCAMINA \ud83d\ude42","url":"https:\/\/blogs.encamina.com\/encamina-se-mueve\/author\/lblanch\/"}]}},"_links":{"self":[{"href":"https:\/\/blogs.encamina.com\/encamina-se-mueve\/wp-json\/wp\/v2\/posts\/2214","targetHints":{"allow":["GET"]}}],"collection":[{"href":"https:\/\/blogs.encamina.com\/encamina-se-mueve\/wp-json\/wp\/v2\/posts"}],"about":[{"href":"https:\/\/blogs.encamina.com\/encamina-se-mueve\/wp-json\/wp\/v2\/types\/post"}],"author":[{"embeddable":true,"href":"https:\/\/blogs.encamina.com\/encamina-se-mueve\/wp-json\/wp\/v2\/users\/171"}],"replies":[{"embeddable":true,"href":"https:\/\/blogs.encamina.com\/encamina-se-mueve\/wp-json\/wp\/v2\/comments?post=2214"}],"version-history":[{"count":0,"href":"https:\/\/blogs.encamina.com\/encamina-se-mueve\/wp-json\/wp\/v2\/posts\/2214\/revisions"}],"wp:featuredmedia":[{"embeddable":true,"href":"https:\/\/blogs.encamina.com\/encamina-se-mueve\/wp-json\/wp\/v2\/media\/2221"}],"wp:attachment":[{"href":"https:\/\/blogs.encamina.com\/encamina-se-mueve\/wp-json\/wp\/v2\/media?parent=2214"}],"wp:term":[{"taxonomy":"category","embeddable":true,"href":"https:\/\/blogs.encamina.com\/encamina-se-mueve\/wp-json\/wp\/v2\/categories?post=2214"},{"taxonomy":"post_tag","embeddable":true,"href":"https:\/\/blogs.encamina.com\/encamina-se-mueve\/wp-json\/wp\/v2\/tags?post=2214"}],"curies":[{"name":"wp","href":"https:\/\/api.w.org\/{rel}","templated":true}]}}