{"id":1313,"date":"2017-11-21T11:31:02","date_gmt":"2017-11-21T10:31:02","guid":{"rendered":"http:\/\/blogs.encamina.com\/encamina-se-mueve\/?p=1313"},"modified":"2018-03-05T12:42:52","modified_gmt":"2018-03-05T11:42:52","slug":"conectados-todos-somos-uno","status":"publish","type":"post","link":"https:\/\/blogs.encamina.com\/encamina-se-mueve\/conectados-todos-somos-uno\/","title":{"rendered":"#Conectados #Todos somos uno #Uno somos todos"},"content":{"rendered":"<p><img loading=\"lazy\" decoding=\"async\" class=\"wp-image-1314 size-full aligncenter\" src=\"http:\/\/blogs.encamina.com\/encamina-se-mueve\/wp-content\/uploads\/sites\/4\/2017\/11\/XVI-encuentro-empresarial-2017.png\" alt=\"XVI encuentro empresarial 2017\" width=\"574\" height=\"303\" srcset=\"https:\/\/encaminablogs.wpenginepowered.com\/encamina-se-mueve\/wp-content\/uploads\/sites\/4\/2017\/11\/XVI-encuentro-empresarial-2017.png 574w, https:\/\/encaminablogs.wpenginepowered.com\/encamina-se-mueve\/wp-content\/uploads\/sites\/4\/2017\/11\/XVI-encuentro-empresarial-2017-300x158.png 300w\" sizes=\"auto, (max-width: 574px) 100vw, 574px\" \/><\/p>\n<p>#Conectados #Todos somos uno #Uno somos todos\u00bb, ese es el t\u00edtulo del<strong> XVI Encuentro Empresarial 2017 <\/strong>organizado por\u00a0la Asociaci\u00f3n de Empresarios del Camp de Morvedre (ASECAM) el 22 de noviembre. ENCAMINA estar\u00e1 presente en la jornada, en una mesa redonda en la que hablaremos de <strong>nuevas tecnolog\u00edas y ciberseguridad.\u00a0<\/strong><\/p>\n<p><!--more--><\/p>\n<p>La mesa redonda estar\u00e1 moderada por nuestro CEO, <strong>Hugo de Juan<\/strong>, y en ella participar\u00e1 tambi\u00e9n <strong>Luis Emilio L\u00f3pez<\/strong>, IT Manager &amp; Cloud Solutions Specialist en ENCAMINA. Les acompa\u00f1ar\u00e1n\u00a0<strong>Francisco Jos\u00e9 Ad\u00e1n<\/strong>, de Ad\u00e1n Casta\u00f1o Abogados y <strong>Ventura Mart\u00ednez<\/strong>, gerente de Crauss Seguros.<\/p>\n<p>XVI ENCUENTRO EMPRESARIAL<\/p>\n<p>El encuentro empresarial,\u00a0 que ya cumple 16 ediciones,\u00a0 pretende reunir a todos los actores econ\u00f3micos del Camp de Morvedre. Adem\u00e1s de <strong>ciberseguridad<\/strong>, tambi\u00e9n se hablar\u00e1 de <strong>infraestructuras<\/strong>, de\u00a0los beneficios empresariales de la <strong>formaci\u00f3n continua<\/strong> o la repercusi\u00f3n socioecon\u00f3mica de la <strong>industria<\/strong> en Sagunt.<\/p>\n<p>Aqu\u00ed te dejamos el programa de la jornada, que comenzar\u00e1 a las 9 en\u00a0Canet d&#8217;En Berenguer.<\/p>\n<p><img loading=\"lazy\" decoding=\"async\" class=\"aligncenter size-full wp-image-1315\" src=\"http:\/\/blogs.encamina.com\/encamina-se-mueve\/wp-content\/uploads\/sites\/4\/2017\/11\/Programa-XVI-Encuentro-Empresarial-2017.png\" alt=\"Programa XVI Encuentro Empresarial 2017\" width=\"669\" height=\"573\" srcset=\"https:\/\/encaminablogs.wpenginepowered.com\/encamina-se-mueve\/wp-content\/uploads\/sites\/4\/2017\/11\/Programa-XVI-Encuentro-Empresarial-2017.png 669w, https:\/\/encaminablogs.wpenginepowered.com\/encamina-se-mueve\/wp-content\/uploads\/sites\/4\/2017\/11\/Programa-XVI-Encuentro-Empresarial-2017-300x257.png 300w\" sizes=\"auto, (max-width: 669px) 100vw, 669px\" \/><\/p>\n<p>Si todav\u00eda no te has inscrito, puedes hacerlo\u00a0\u00a0llamando al 96 269 80 48 o enviando un correo electr\u00f3nico a administracion@asecam.com.<\/p>\n<p><a href=\"http:\/\/www.sumatutalento.com\/hablando-ciberseguridad-encuentro-empresarial-2017\/#.Wp0f4ejOWUk\" target=\"_blank\" rel=\"noopener\"><img loading=\"lazy\" decoding=\"async\" class=\"aligncenter wp-image-1406 size-full\" src=\"http:\/\/blogs.encamina.com\/encamina-se-mueve\/wp-content\/uploads\/sites\/4\/2018\/03\/banner-Ent\u00e9rate-de-c\u00f3mo-nos-fue-el-evento.jpg\" alt=\"\" width=\"1239\" height=\"372\" srcset=\"https:\/\/encaminablogs.wpenginepowered.com\/encamina-se-mueve\/wp-content\/uploads\/sites\/4\/2018\/03\/banner-Ent\u00e9rate-de-c\u00f3mo-nos-fue-el-evento.jpg 1239w, https:\/\/encaminablogs.wpenginepowered.com\/encamina-se-mueve\/wp-content\/uploads\/sites\/4\/2018\/03\/banner-Ent\u00e9rate-de-c\u00f3mo-nos-fue-el-evento-300x90.jpg 300w, https:\/\/encaminablogs.wpenginepowered.com\/encamina-se-mueve\/wp-content\/uploads\/sites\/4\/2018\/03\/banner-Ent\u00e9rate-de-c\u00f3mo-nos-fue-el-evento-768x231.jpg 768w, https:\/\/encaminablogs.wpenginepowered.com\/encamina-se-mueve\/wp-content\/uploads\/sites\/4\/2018\/03\/banner-Ent\u00e9rate-de-c\u00f3mo-nos-fue-el-evento-1024x307.jpg 1024w\" sizes=\"auto, (max-width: 1239px) 100vw, 1239px\" \/><\/a><\/p>\n<p>&nbsp;<\/p>\n<!-- AddThis Advanced Settings generic via filter on the_content --><!-- AddThis Share Buttons generic via filter on the_content --><span class=\"et_bloom_bottom_trigger\"><\/span>","protected":false},"excerpt":{"rendered":"<p>#Conectados #Todos somos uno #Uno somos todos\u00bb, ese es el t\u00edtulo del XVI Encuentro Empresarial 2017 organizado por\u00a0la Asociaci\u00f3n de Empresarios del Camp de Morvedre (ASECAM) el 22 de noviembre. ENCAMINA estar\u00e1 presente en la jornada, en una mesa redonda &hellip; <a href=\"https:\/\/blogs.encamina.com\/encamina-se-mueve\/conectados-todos-somos-uno\/\">Continue reading <span class=\"meta-nav\">&rarr;<\/span><\/a><!-- AddThis Advanced Settings generic via filter on get_the_excerpt --><!-- AddThis Share Buttons generic via filter on get_the_excerpt --><\/p>\n","protected":false},"author":171,"featured_media":1314,"comment_status":"closed","ping_status":"open","sticky":false,"template":"","format":"standard","meta":{"footnotes":""},"categories":[62],"tags":[],"class_list":["post-1313","post","type-post","status-publish","format-standard","has-post-thumbnail","hentry","category-emprendimiento"],"yoast_head":"<!-- This site is optimized with the Yoast SEO Premium plugin v18.2.1 (Yoast SEO v27.3) - https:\/\/yoast.com\/product\/yoast-seo-premium-wordpress\/ -->\n<title>#Conectados #Todos somos uno #Uno somos todos | ENCAMINA<\/title>\n<meta name=\"description\" content=\"ENCAMINA estar\u00e1 presente en el XVI Encuentro Empresarial 2017 organizado por\u00a0ASECAM el 22 de noviembre. Hablaremos de nuevas tecnolog\u00edas y ciberseguridad\" \/>\n<meta name=\"robots\" content=\"index, follow, max-snippet:-1, max-image-preview:large, max-video-preview:-1\" \/>\n<link rel=\"canonical\" href=\"https:\/\/blogs.encamina.com\/encamina-se-mueve\/conectados-todos-somos-uno\/\" \/>\n<meta property=\"og:locale\" content=\"es_ES\" \/>\n<meta property=\"og:type\" content=\"article\" \/>\n<meta property=\"og:title\" content=\"#Conectados #Todos somos uno #Uno somos todos\" \/>\n<meta property=\"og:description\" content=\"ENCAMINA estar\u00e1 presente en el XVI Encuentro Empresarial 2017 organizado por\u00a0ASECAM el 22 de noviembre. Hablaremos de nuevas tecnolog\u00edas y ciberseguridad\" \/>\n<meta property=\"og:url\" content=\"https:\/\/blogs.encamina.com\/encamina-se-mueve\/conectados-todos-somos-uno\/\" \/>\n<meta property=\"og:site_name\" content=\"ENCAMINA se Mueve\" \/>\n<meta property=\"article:published_time\" content=\"2017-11-21T10:31:02+00:00\" \/>\n<meta property=\"article:modified_time\" content=\"2018-03-05T11:42:52+00:00\" \/>\n<meta property=\"og:image\" content=\"https:\/\/blogs.encamina.com\/encamina-se-mueve\/wp-content\/uploads\/sites\/4\/2017\/11\/XVI-encuentro-empresarial-2017.png\" \/>\n\t<meta property=\"og:image:width\" content=\"574\" \/>\n\t<meta property=\"og:image:height\" content=\"303\" \/>\n\t<meta property=\"og:image:type\" content=\"image\/png\" \/>\n<meta name=\"author\" content=\"Laura Blanch\" \/>\n<meta name=\"twitter:card\" content=\"summary_large_image\" \/>\n<meta name=\"twitter:label1\" content=\"Escrito por\" \/>\n\t<meta name=\"twitter:data1\" content=\"Laura Blanch\" \/>\n\t<meta name=\"twitter:label2\" content=\"Tiempo de lectura\" \/>\n\t<meta name=\"twitter:data2\" content=\"1 minuto\" \/>\n<script type=\"application\/ld+json\" class=\"yoast-schema-graph\">{\"@context\":\"https:\\\/\\\/schema.org\",\"@graph\":[{\"@type\":\"Article\",\"@id\":\"https:\\\/\\\/blogs.encamina.com\\\/encamina-se-mueve\\\/conectados-todos-somos-uno\\\/#article\",\"isPartOf\":{\"@id\":\"https:\\\/\\\/blogs.encamina.com\\\/encamina-se-mueve\\\/conectados-todos-somos-uno\\\/\"},\"author\":{\"name\":\"Laura Blanch\",\"@id\":\"https:\\\/\\\/blogs.encamina.com\\\/encamina-se-mueve\\\/#\\\/schema\\\/person\\\/49aedd5048203fe71d48ef3101fc351b\"},\"headline\":\"#Conectados #Todos somos uno #Uno somos todos\",\"datePublished\":\"2017-11-21T10:31:02+00:00\",\"dateModified\":\"2018-03-05T11:42:52+00:00\",\"mainEntityOfPage\":{\"@id\":\"https:\\\/\\\/blogs.encamina.com\\\/encamina-se-mueve\\\/conectados-todos-somos-uno\\\/\"},\"wordCount\":199,\"publisher\":{\"@id\":\"https:\\\/\\\/blogs.encamina.com\\\/encamina-se-mueve\\\/#organization\"},\"image\":{\"@id\":\"https:\\\/\\\/blogs.encamina.com\\\/encamina-se-mueve\\\/conectados-todos-somos-uno\\\/#primaryimage\"},\"thumbnailUrl\":\"https:\\\/\\\/blogs.encamina.com\\\/encamina-se-mueve\\\/wp-content\\\/uploads\\\/sites\\\/4\\\/2017\\\/11\\\/XVI-encuentro-empresarial-2017.png\",\"articleSection\":[\"Emprendimiento\"],\"inLanguage\":\"es\"},{\"@type\":\"WebPage\",\"@id\":\"https:\\\/\\\/blogs.encamina.com\\\/encamina-se-mueve\\\/conectados-todos-somos-uno\\\/\",\"url\":\"https:\\\/\\\/blogs.encamina.com\\\/encamina-se-mueve\\\/conectados-todos-somos-uno\\\/\",\"name\":\"#Conectados #Todos somos uno #Uno somos todos | ENCAMINA\",\"isPartOf\":{\"@id\":\"https:\\\/\\\/blogs.encamina.com\\\/encamina-se-mueve\\\/#website\"},\"primaryImageOfPage\":{\"@id\":\"https:\\\/\\\/blogs.encamina.com\\\/encamina-se-mueve\\\/conectados-todos-somos-uno\\\/#primaryimage\"},\"image\":{\"@id\":\"https:\\\/\\\/blogs.encamina.com\\\/encamina-se-mueve\\\/conectados-todos-somos-uno\\\/#primaryimage\"},\"thumbnailUrl\":\"https:\\\/\\\/blogs.encamina.com\\\/encamina-se-mueve\\\/wp-content\\\/uploads\\\/sites\\\/4\\\/2017\\\/11\\\/XVI-encuentro-empresarial-2017.png\",\"datePublished\":\"2017-11-21T10:31:02+00:00\",\"dateModified\":\"2018-03-05T11:42:52+00:00\",\"description\":\"ENCAMINA estar\u00e1 presente en el XVI Encuentro Empresarial 2017 organizado por\u00a0ASECAM el 22 de noviembre. Hablaremos de nuevas tecnolog\u00edas y ciberseguridad\",\"inLanguage\":\"es\",\"potentialAction\":[{\"@type\":\"ReadAction\",\"target\":[\"https:\\\/\\\/blogs.encamina.com\\\/encamina-se-mueve\\\/conectados-todos-somos-uno\\\/\"]}]},{\"@type\":\"ImageObject\",\"inLanguage\":\"es\",\"@id\":\"https:\\\/\\\/blogs.encamina.com\\\/encamina-se-mueve\\\/conectados-todos-somos-uno\\\/#primaryimage\",\"url\":\"https:\\\/\\\/blogs.encamina.com\\\/encamina-se-mueve\\\/wp-content\\\/uploads\\\/sites\\\/4\\\/2017\\\/11\\\/XVI-encuentro-empresarial-2017.png\",\"contentUrl\":\"https:\\\/\\\/blogs.encamina.com\\\/encamina-se-mueve\\\/wp-content\\\/uploads\\\/sites\\\/4\\\/2017\\\/11\\\/XVI-encuentro-empresarial-2017.png\",\"width\":574,\"height\":303,\"caption\":\"XVI encuentro empresarial 2017\"},{\"@type\":\"WebSite\",\"@id\":\"https:\\\/\\\/blogs.encamina.com\\\/encamina-se-mueve\\\/#website\",\"url\":\"https:\\\/\\\/blogs.encamina.com\\\/encamina-se-mueve\\\/\",\"name\":\"ENCAMINA se Mueve\",\"description\":\"Todo lo que se cuece en nuestro equipo: formaciones, charlas, webcasts, talleres...\",\"publisher\":{\"@id\":\"https:\\\/\\\/blogs.encamina.com\\\/encamina-se-mueve\\\/#organization\"},\"potentialAction\":[{\"@type\":\"SearchAction\",\"target\":{\"@type\":\"EntryPoint\",\"urlTemplate\":\"https:\\\/\\\/blogs.encamina.com\\\/encamina-se-mueve\\\/?s={search_term_string}\"},\"query-input\":{\"@type\":\"PropertyValueSpecification\",\"valueRequired\":true,\"valueName\":\"search_term_string\"}}],\"inLanguage\":\"es\"},{\"@type\":\"Organization\",\"@id\":\"https:\\\/\\\/blogs.encamina.com\\\/encamina-se-mueve\\\/#organization\",\"name\":\"ENCAMINA\",\"url\":\"https:\\\/\\\/blogs.encamina.com\\\/encamina-se-mueve\\\/\",\"logo\":{\"@type\":\"ImageObject\",\"inLanguage\":\"es\",\"@id\":\"https:\\\/\\\/blogs.encamina.com\\\/encamina-se-mueve\\\/#\\\/schema\\\/logo\\\/image\\\/\",\"url\":\"https:\\\/\\\/blogs.encamina.com\\\/encamina-se-mueve\\\/wp-content\\\/uploads\\\/sites\\\/4\\\/2018\\\/10\\\/Logo_ENCAMINA_sin-claim.png\",\"contentUrl\":\"https:\\\/\\\/blogs.encamina.com\\\/encamina-se-mueve\\\/wp-content\\\/uploads\\\/sites\\\/4\\\/2018\\\/10\\\/Logo_ENCAMINA_sin-claim.png\",\"width\":409,\"height\":77,\"caption\":\"ENCAMINA\"},\"image\":{\"@id\":\"https:\\\/\\\/blogs.encamina.com\\\/encamina-se-mueve\\\/#\\\/schema\\\/logo\\\/image\\\/\"}},{\"@type\":\"Person\",\"@id\":\"https:\\\/\\\/blogs.encamina.com\\\/encamina-se-mueve\\\/#\\\/schema\\\/person\\\/49aedd5048203fe71d48ef3101fc351b\",\"name\":\"Laura Blanch\",\"image\":{\"@type\":\"ImageObject\",\"inLanguage\":\"es\",\"@id\":\"https:\\\/\\\/secure.gravatar.com\\\/avatar\\\/e6a10cbfac4f98beaaade7277395365843c5c8ca6ad3668abb7321e6763eb7a0?s=96&d=mm&r=g\",\"url\":\"https:\\\/\\\/secure.gravatar.com\\\/avatar\\\/e6a10cbfac4f98beaaade7277395365843c5c8ca6ad3668abb7321e6763eb7a0?s=96&d=mm&r=g\",\"contentUrl\":\"https:\\\/\\\/secure.gravatar.com\\\/avatar\\\/e6a10cbfac4f98beaaade7277395365843c5c8ca6ad3668abb7321e6763eb7a0?s=96&d=mm&r=g\",\"caption\":\"Laura Blanch\"},\"description\":\"Formo parte del estupendo departamento de Marketing y Comunicaci\u00f3n de ENCAMINA \ud83d\ude42\",\"url\":\"https:\\\/\\\/blogs.encamina.com\\\/encamina-se-mueve\\\/author\\\/lblanch\\\/\"}]}<\/script>\n<!-- \/ Yoast SEO Premium plugin. -->","yoast_head_json":{"title":"#Conectados #Todos somos uno #Uno somos todos | ENCAMINA","description":"ENCAMINA estar\u00e1 presente en el XVI Encuentro Empresarial 2017 organizado por\u00a0ASECAM el 22 de noviembre. Hablaremos de nuevas tecnolog\u00edas y ciberseguridad","robots":{"index":"index","follow":"follow","max-snippet":"max-snippet:-1","max-image-preview":"max-image-preview:large","max-video-preview":"max-video-preview:-1"},"canonical":"https:\/\/blogs.encamina.com\/encamina-se-mueve\/conectados-todos-somos-uno\/","og_locale":"es_ES","og_type":"article","og_title":"#Conectados #Todos somos uno #Uno somos todos","og_description":"ENCAMINA estar\u00e1 presente en el XVI Encuentro Empresarial 2017 organizado por\u00a0ASECAM el 22 de noviembre. Hablaremos de nuevas tecnolog\u00edas y ciberseguridad","og_url":"https:\/\/blogs.encamina.com\/encamina-se-mueve\/conectados-todos-somos-uno\/","og_site_name":"ENCAMINA se Mueve","article_published_time":"2017-11-21T10:31:02+00:00","article_modified_time":"2018-03-05T11:42:52+00:00","og_image":[{"width":574,"height":303,"url":"https:\/\/blogs.encamina.com\/encamina-se-mueve\/wp-content\/uploads\/sites\/4\/2017\/11\/XVI-encuentro-empresarial-2017.png","type":"image\/png"}],"author":"Laura Blanch","twitter_card":"summary_large_image","twitter_misc":{"Escrito por":"Laura Blanch","Tiempo de lectura":"1 minuto"},"schema":{"@context":"https:\/\/schema.org","@graph":[{"@type":"Article","@id":"https:\/\/blogs.encamina.com\/encamina-se-mueve\/conectados-todos-somos-uno\/#article","isPartOf":{"@id":"https:\/\/blogs.encamina.com\/encamina-se-mueve\/conectados-todos-somos-uno\/"},"author":{"name":"Laura Blanch","@id":"https:\/\/blogs.encamina.com\/encamina-se-mueve\/#\/schema\/person\/49aedd5048203fe71d48ef3101fc351b"},"headline":"#Conectados #Todos somos uno #Uno somos todos","datePublished":"2017-11-21T10:31:02+00:00","dateModified":"2018-03-05T11:42:52+00:00","mainEntityOfPage":{"@id":"https:\/\/blogs.encamina.com\/encamina-se-mueve\/conectados-todos-somos-uno\/"},"wordCount":199,"publisher":{"@id":"https:\/\/blogs.encamina.com\/encamina-se-mueve\/#organization"},"image":{"@id":"https:\/\/blogs.encamina.com\/encamina-se-mueve\/conectados-todos-somos-uno\/#primaryimage"},"thumbnailUrl":"https:\/\/blogs.encamina.com\/encamina-se-mueve\/wp-content\/uploads\/sites\/4\/2017\/11\/XVI-encuentro-empresarial-2017.png","articleSection":["Emprendimiento"],"inLanguage":"es"},{"@type":"WebPage","@id":"https:\/\/blogs.encamina.com\/encamina-se-mueve\/conectados-todos-somos-uno\/","url":"https:\/\/blogs.encamina.com\/encamina-se-mueve\/conectados-todos-somos-uno\/","name":"#Conectados #Todos somos uno #Uno somos todos | ENCAMINA","isPartOf":{"@id":"https:\/\/blogs.encamina.com\/encamina-se-mueve\/#website"},"primaryImageOfPage":{"@id":"https:\/\/blogs.encamina.com\/encamina-se-mueve\/conectados-todos-somos-uno\/#primaryimage"},"image":{"@id":"https:\/\/blogs.encamina.com\/encamina-se-mueve\/conectados-todos-somos-uno\/#primaryimage"},"thumbnailUrl":"https:\/\/blogs.encamina.com\/encamina-se-mueve\/wp-content\/uploads\/sites\/4\/2017\/11\/XVI-encuentro-empresarial-2017.png","datePublished":"2017-11-21T10:31:02+00:00","dateModified":"2018-03-05T11:42:52+00:00","description":"ENCAMINA estar\u00e1 presente en el XVI Encuentro Empresarial 2017 organizado por\u00a0ASECAM el 22 de noviembre. Hablaremos de nuevas tecnolog\u00edas y ciberseguridad","inLanguage":"es","potentialAction":[{"@type":"ReadAction","target":["https:\/\/blogs.encamina.com\/encamina-se-mueve\/conectados-todos-somos-uno\/"]}]},{"@type":"ImageObject","inLanguage":"es","@id":"https:\/\/blogs.encamina.com\/encamina-se-mueve\/conectados-todos-somos-uno\/#primaryimage","url":"https:\/\/blogs.encamina.com\/encamina-se-mueve\/wp-content\/uploads\/sites\/4\/2017\/11\/XVI-encuentro-empresarial-2017.png","contentUrl":"https:\/\/blogs.encamina.com\/encamina-se-mueve\/wp-content\/uploads\/sites\/4\/2017\/11\/XVI-encuentro-empresarial-2017.png","width":574,"height":303,"caption":"XVI encuentro empresarial 2017"},{"@type":"WebSite","@id":"https:\/\/blogs.encamina.com\/encamina-se-mueve\/#website","url":"https:\/\/blogs.encamina.com\/encamina-se-mueve\/","name":"ENCAMINA se Mueve","description":"Todo lo que se cuece en nuestro equipo: formaciones, charlas, webcasts, talleres...","publisher":{"@id":"https:\/\/blogs.encamina.com\/encamina-se-mueve\/#organization"},"potentialAction":[{"@type":"SearchAction","target":{"@type":"EntryPoint","urlTemplate":"https:\/\/blogs.encamina.com\/encamina-se-mueve\/?s={search_term_string}"},"query-input":{"@type":"PropertyValueSpecification","valueRequired":true,"valueName":"search_term_string"}}],"inLanguage":"es"},{"@type":"Organization","@id":"https:\/\/blogs.encamina.com\/encamina-se-mueve\/#organization","name":"ENCAMINA","url":"https:\/\/blogs.encamina.com\/encamina-se-mueve\/","logo":{"@type":"ImageObject","inLanguage":"es","@id":"https:\/\/blogs.encamina.com\/encamina-se-mueve\/#\/schema\/logo\/image\/","url":"https:\/\/blogs.encamina.com\/encamina-se-mueve\/wp-content\/uploads\/sites\/4\/2018\/10\/Logo_ENCAMINA_sin-claim.png","contentUrl":"https:\/\/blogs.encamina.com\/encamina-se-mueve\/wp-content\/uploads\/sites\/4\/2018\/10\/Logo_ENCAMINA_sin-claim.png","width":409,"height":77,"caption":"ENCAMINA"},"image":{"@id":"https:\/\/blogs.encamina.com\/encamina-se-mueve\/#\/schema\/logo\/image\/"}},{"@type":"Person","@id":"https:\/\/blogs.encamina.com\/encamina-se-mueve\/#\/schema\/person\/49aedd5048203fe71d48ef3101fc351b","name":"Laura Blanch","image":{"@type":"ImageObject","inLanguage":"es","@id":"https:\/\/secure.gravatar.com\/avatar\/e6a10cbfac4f98beaaade7277395365843c5c8ca6ad3668abb7321e6763eb7a0?s=96&d=mm&r=g","url":"https:\/\/secure.gravatar.com\/avatar\/e6a10cbfac4f98beaaade7277395365843c5c8ca6ad3668abb7321e6763eb7a0?s=96&d=mm&r=g","contentUrl":"https:\/\/secure.gravatar.com\/avatar\/e6a10cbfac4f98beaaade7277395365843c5c8ca6ad3668abb7321e6763eb7a0?s=96&d=mm&r=g","caption":"Laura Blanch"},"description":"Formo parte del estupendo departamento de Marketing y Comunicaci\u00f3n de ENCAMINA \ud83d\ude42","url":"https:\/\/blogs.encamina.com\/encamina-se-mueve\/author\/lblanch\/"}]}},"_links":{"self":[{"href":"https:\/\/blogs.encamina.com\/encamina-se-mueve\/wp-json\/wp\/v2\/posts\/1313","targetHints":{"allow":["GET"]}}],"collection":[{"href":"https:\/\/blogs.encamina.com\/encamina-se-mueve\/wp-json\/wp\/v2\/posts"}],"about":[{"href":"https:\/\/blogs.encamina.com\/encamina-se-mueve\/wp-json\/wp\/v2\/types\/post"}],"author":[{"embeddable":true,"href":"https:\/\/blogs.encamina.com\/encamina-se-mueve\/wp-json\/wp\/v2\/users\/171"}],"replies":[{"embeddable":true,"href":"https:\/\/blogs.encamina.com\/encamina-se-mueve\/wp-json\/wp\/v2\/comments?post=1313"}],"version-history":[{"count":0,"href":"https:\/\/blogs.encamina.com\/encamina-se-mueve\/wp-json\/wp\/v2\/posts\/1313\/revisions"}],"wp:featuredmedia":[{"embeddable":true,"href":"https:\/\/blogs.encamina.com\/encamina-se-mueve\/wp-json\/wp\/v2\/media\/1314"}],"wp:attachment":[{"href":"https:\/\/blogs.encamina.com\/encamina-se-mueve\/wp-json\/wp\/v2\/media?parent=1313"}],"wp:term":[{"taxonomy":"category","embeddable":true,"href":"https:\/\/blogs.encamina.com\/encamina-se-mueve\/wp-json\/wp\/v2\/categories?post=1313"},{"taxonomy":"post_tag","embeddable":true,"href":"https:\/\/blogs.encamina.com\/encamina-se-mueve\/wp-json\/wp\/v2\/tags?post=1313"}],"curies":[{"name":"wp","href":"https:\/\/api.w.org\/{rel}","templated":true}]}}