{"id":1256,"date":"2017-10-18T12:16:30","date_gmt":"2017-10-18T11:16:30","guid":{"rendered":"http:\/\/blogs.encamina.com\/encamina-se-mueve\/?p=1256"},"modified":"2018-03-05T12:45:51","modified_gmt":"2018-03-05T11:45:51","slug":"ven-vernos-simo-educacion","status":"publish","type":"post","link":"https:\/\/blogs.encamina.com\/encamina-se-mueve\/ven-vernos-simo-educacion\/","title":{"rendered":"\u00a1Ven a vernos a SIMO Educaci\u00f3n!"},"content":{"rendered":"<p><img loading=\"lazy\" decoding=\"async\" class=\"aligncenter wp-image-1262\" src=\"http:\/\/blogs.encamina.com\/encamina-se-mueve\/wp-content\/uploads\/sites\/4\/2017\/10\/ENCAMINA-en-SIMO-1.png\" alt=\"\" width=\"481\" height=\"481\" srcset=\"https:\/\/encaminablogs.wpenginepowered.com\/encamina-se-mueve\/wp-content\/uploads\/sites\/4\/2017\/10\/ENCAMINA-en-SIMO-1.png 800w, https:\/\/encaminablogs.wpenginepowered.com\/encamina-se-mueve\/wp-content\/uploads\/sites\/4\/2017\/10\/ENCAMINA-en-SIMO-1-150x150.png 150w, https:\/\/encaminablogs.wpenginepowered.com\/encamina-se-mueve\/wp-content\/uploads\/sites\/4\/2017\/10\/ENCAMINA-en-SIMO-1-300x300.png 300w, https:\/\/encaminablogs.wpenginepowered.com\/encamina-se-mueve\/wp-content\/uploads\/sites\/4\/2017\/10\/ENCAMINA-en-SIMO-1-768x768.png 768w\" sizes=\"auto, (max-width: 481px) 100vw, 481px\" \/><\/p>\n<p>Los d\u00edas<strong> 24, 25 y 26 de octubre<\/strong> ENCAMINA estar\u00e1\u00a0 en el mayor evento de Educaci\u00f3n: <a href=\"http:\/\/blogs.encamina.com\/encamina-se-mueve\/encamina-se-une-a-microsoft-en-simo-educacion-2017\/#.Wecn0Wh-qUk\">SIMO 2017<\/a> \u00a1Si est\u00e1s por all\u00ed, tienes que pasar a vernos!<\/p>\n<p style=\"text-align: center;\"><a href=\"http:\/\/www.ifema.es\/simoeducacion_01\/Visitantes\/registro\/index.htm\" target=\"_blank\" rel=\"noopener\">Consigue aqu\u00ed tu invitaci\u00f3n para SIMO<\/a><\/p>\n<p>Estaremos en el stand de Microsoft (12I02A) donde tenemos preparada alguna que otra sorpresa con regalito incluido \ud83d\ude09<\/p>\n<p><!--more--><\/p>\n<p>Adem\u00e1s, el <strong>mi\u00e9rcoles 25, a las 17:30<\/strong>, Ignacio Dolz impartir\u00e1 una charla de 15 minutos sobre \u00ab<a href=\"https:\/\/www.encamina.com\/educacion\/\"><strong>Marketing Automation para la captaci\u00f3n de nuevos alumnos<\/strong><\/a>\u00ab.<\/p>\n<p>En ella hablaremos sobre c\u00f3mo a trav\u00e9s de procesos de automatizaci\u00f3n del marketing puedes <strong>descubrir qui\u00e9n est\u00e1 interesado es tus m\u00e1sters<\/strong>, cursos o carreras; c\u00f3mo puedes enviar a los alumnos potenciales\u00a0\u00a0por diferentes rutas del flujo seg\u00fan haya interactuado o no con tus e-mails, o c\u00f3mo detectar las oportunidades reales para trabajar de manera diferenciada con ese alumn@.<\/p>\n<p>Recuerda, si est\u00e1s en SIMO y quieres descubrir c\u00f3mo podemos ayudarte a captar nuevos alumnos \u00a1<strong>no te pierdas nuestra charla<\/strong>!<\/p>\n<p><a href=\"http:\/\/www.sumatutalento.com\/paso-simo-educacion\/#.Wp0hGOjOWUk\" target=\"_blank\" rel=\"noopener\"><img loading=\"lazy\" decoding=\"async\" class=\"aligncenter wp-image-1406 size-full\" src=\"http:\/\/blogs.encamina.com\/encamina-se-mueve\/wp-content\/uploads\/sites\/4\/2018\/03\/banner-Ent\u00e9rate-de-c\u00f3mo-nos-fue-el-evento.jpg\" alt=\"\" width=\"1239\" height=\"372\" srcset=\"https:\/\/encaminablogs.wpenginepowered.com\/encamina-se-mueve\/wp-content\/uploads\/sites\/4\/2018\/03\/banner-Ent\u00e9rate-de-c\u00f3mo-nos-fue-el-evento.jpg 1239w, https:\/\/encaminablogs.wpenginepowered.com\/encamina-se-mueve\/wp-content\/uploads\/sites\/4\/2018\/03\/banner-Ent\u00e9rate-de-c\u00f3mo-nos-fue-el-evento-300x90.jpg 300w, https:\/\/encaminablogs.wpenginepowered.com\/encamina-se-mueve\/wp-content\/uploads\/sites\/4\/2018\/03\/banner-Ent\u00e9rate-de-c\u00f3mo-nos-fue-el-evento-768x231.jpg 768w, https:\/\/encaminablogs.wpenginepowered.com\/encamina-se-mueve\/wp-content\/uploads\/sites\/4\/2018\/03\/banner-Ent\u00e9rate-de-c\u00f3mo-nos-fue-el-evento-1024x307.jpg 1024w\" sizes=\"auto, (max-width: 1239px) 100vw, 1239px\" \/><\/a><\/p>\n<!-- AddThis Advanced Settings generic via filter on the_content --><!-- AddThis Share Buttons generic via filter on the_content --><span class=\"et_bloom_bottom_trigger\"><\/span>","protected":false},"excerpt":{"rendered":"<p>Los d\u00edas 24, 25 y 26 de octubre ENCAMINA estar\u00e1\u00a0 en el mayor evento de Educaci\u00f3n: SIMO 2017 \u00a1Si est\u00e1s por all\u00ed, tienes que pasar a vernos! Consigue aqu\u00ed tu invitaci\u00f3n para SIMO Estaremos en el stand de Microsoft (12I02A) &hellip; <a href=\"https:\/\/blogs.encamina.com\/encamina-se-mueve\/ven-vernos-simo-educacion\/\">Continue reading <span class=\"meta-nav\">&rarr;<\/span><\/a><!-- AddThis Advanced Settings generic via filter on get_the_excerpt --><!-- AddThis Share Buttons generic via filter on get_the_excerpt --><\/p>\n","protected":false},"author":171,"featured_media":1262,"comment_status":"closed","ping_status":"open","sticky":false,"template":"","format":"standard","meta":{"footnotes":""},"categories":[48],"tags":[],"class_list":["post-1256","post","type-post","status-publish","format-standard","has-post-thumbnail","hentry","category-educacion"],"yoast_head":"<!-- This site is optimized with the Yoast SEO Premium plugin v18.2.1 (Yoast SEO v27.3) - https:\/\/yoast.com\/product\/yoast-seo-premium-wordpress\/ -->\n<title>\u00a1Ven a vernos a SIMO Educaci\u00f3n! | ENCAMINA se Mueve<\/title>\n<meta name=\"robots\" content=\"index, follow, max-snippet:-1, max-image-preview:large, max-video-preview:-1\" \/>\n<link rel=\"canonical\" href=\"https:\/\/blogs.encamina.com\/encamina-se-mueve\/ven-vernos-simo-educacion\/\" \/>\n<meta property=\"og:locale\" content=\"es_ES\" \/>\n<meta property=\"og:type\" content=\"article\" \/>\n<meta property=\"og:title\" content=\"\u00a1Ven a vernos a SIMO Educaci\u00f3n!\" \/>\n<meta property=\"og:description\" content=\"Los d\u00edas 24, 25 y 26 de octubre ENCAMINA estar\u00e1\u00a0 en el mayor evento de Educaci\u00f3n: SIMO 2017 \u00a1Si est\u00e1s por all\u00ed, tienes que pasar a vernos! Consigue aqu\u00ed tu invitaci\u00f3n para SIMO Estaremos en el stand de Microsoft (12I02A) &hellip; Continue reading &rarr;\" \/>\n<meta property=\"og:url\" content=\"https:\/\/blogs.encamina.com\/encamina-se-mueve\/ven-vernos-simo-educacion\/\" \/>\n<meta property=\"og:site_name\" content=\"ENCAMINA se Mueve\" \/>\n<meta property=\"article:published_time\" content=\"2017-10-18T11:16:30+00:00\" \/>\n<meta property=\"article:modified_time\" content=\"2018-03-05T11:45:51+00:00\" \/>\n<meta property=\"og:image\" content=\"https:\/\/blogs.encamina.com\/encamina-se-mueve\/wp-content\/uploads\/sites\/4\/2017\/10\/ENCAMINA-en-SIMO-1.png\" \/>\n\t<meta property=\"og:image:width\" content=\"800\" \/>\n\t<meta property=\"og:image:height\" content=\"800\" \/>\n\t<meta property=\"og:image:type\" content=\"image\/png\" \/>\n<meta name=\"author\" content=\"Laura Blanch\" \/>\n<meta name=\"twitter:card\" content=\"summary_large_image\" \/>\n<meta name=\"twitter:label1\" content=\"Escrito por\" \/>\n\t<meta name=\"twitter:data1\" content=\"Laura Blanch\" \/>\n\t<meta name=\"twitter:label2\" content=\"Tiempo de lectura\" \/>\n\t<meta name=\"twitter:data2\" content=\"1 minuto\" \/>\n<script type=\"application\/ld+json\" class=\"yoast-schema-graph\">{\"@context\":\"https:\\\/\\\/schema.org\",\"@graph\":[{\"@type\":\"Article\",\"@id\":\"https:\\\/\\\/blogs.encamina.com\\\/encamina-se-mueve\\\/ven-vernos-simo-educacion\\\/#article\",\"isPartOf\":{\"@id\":\"https:\\\/\\\/blogs.encamina.com\\\/encamina-se-mueve\\\/ven-vernos-simo-educacion\\\/\"},\"author\":{\"name\":\"Laura Blanch\",\"@id\":\"https:\\\/\\\/blogs.encamina.com\\\/encamina-se-mueve\\\/#\\\/schema\\\/person\\\/49aedd5048203fe71d48ef3101fc351b\"},\"headline\":\"\u00a1Ven a vernos a SIMO Educaci\u00f3n!\",\"datePublished\":\"2017-10-18T11:16:30+00:00\",\"dateModified\":\"2018-03-05T11:45:51+00:00\",\"mainEntityOfPage\":{\"@id\":\"https:\\\/\\\/blogs.encamina.com\\\/encamina-se-mueve\\\/ven-vernos-simo-educacion\\\/\"},\"wordCount\":170,\"publisher\":{\"@id\":\"https:\\\/\\\/blogs.encamina.com\\\/encamina-se-mueve\\\/#organization\"},\"image\":{\"@id\":\"https:\\\/\\\/blogs.encamina.com\\\/encamina-se-mueve\\\/ven-vernos-simo-educacion\\\/#primaryimage\"},\"thumbnailUrl\":\"https:\\\/\\\/blogs.encamina.com\\\/encamina-se-mueve\\\/wp-content\\\/uploads\\\/sites\\\/4\\\/2017\\\/10\\\/ENCAMINA-en-SIMO-1.png\",\"articleSection\":[\"Educaci\u00f3n\"],\"inLanguage\":\"es\"},{\"@type\":\"WebPage\",\"@id\":\"https:\\\/\\\/blogs.encamina.com\\\/encamina-se-mueve\\\/ven-vernos-simo-educacion\\\/\",\"url\":\"https:\\\/\\\/blogs.encamina.com\\\/encamina-se-mueve\\\/ven-vernos-simo-educacion\\\/\",\"name\":\"\u00a1Ven a vernos a SIMO Educaci\u00f3n! | ENCAMINA se Mueve\",\"isPartOf\":{\"@id\":\"https:\\\/\\\/blogs.encamina.com\\\/encamina-se-mueve\\\/#website\"},\"primaryImageOfPage\":{\"@id\":\"https:\\\/\\\/blogs.encamina.com\\\/encamina-se-mueve\\\/ven-vernos-simo-educacion\\\/#primaryimage\"},\"image\":{\"@id\":\"https:\\\/\\\/blogs.encamina.com\\\/encamina-se-mueve\\\/ven-vernos-simo-educacion\\\/#primaryimage\"},\"thumbnailUrl\":\"https:\\\/\\\/blogs.encamina.com\\\/encamina-se-mueve\\\/wp-content\\\/uploads\\\/sites\\\/4\\\/2017\\\/10\\\/ENCAMINA-en-SIMO-1.png\",\"datePublished\":\"2017-10-18T11:16:30+00:00\",\"dateModified\":\"2018-03-05T11:45:51+00:00\",\"inLanguage\":\"es\",\"potentialAction\":[{\"@type\":\"ReadAction\",\"target\":[\"https:\\\/\\\/blogs.encamina.com\\\/encamina-se-mueve\\\/ven-vernos-simo-educacion\\\/\"]}]},{\"@type\":\"ImageObject\",\"inLanguage\":\"es\",\"@id\":\"https:\\\/\\\/blogs.encamina.com\\\/encamina-se-mueve\\\/ven-vernos-simo-educacion\\\/#primaryimage\",\"url\":\"https:\\\/\\\/blogs.encamina.com\\\/encamina-se-mueve\\\/wp-content\\\/uploads\\\/sites\\\/4\\\/2017\\\/10\\\/ENCAMINA-en-SIMO-1.png\",\"contentUrl\":\"https:\\\/\\\/blogs.encamina.com\\\/encamina-se-mueve\\\/wp-content\\\/uploads\\\/sites\\\/4\\\/2017\\\/10\\\/ENCAMINA-en-SIMO-1.png\",\"width\":800,\"height\":800},{\"@type\":\"WebSite\",\"@id\":\"https:\\\/\\\/blogs.encamina.com\\\/encamina-se-mueve\\\/#website\",\"url\":\"https:\\\/\\\/blogs.encamina.com\\\/encamina-se-mueve\\\/\",\"name\":\"ENCAMINA se Mueve\",\"description\":\"Todo lo que se cuece en nuestro equipo: formaciones, charlas, webcasts, talleres...\",\"publisher\":{\"@id\":\"https:\\\/\\\/blogs.encamina.com\\\/encamina-se-mueve\\\/#organization\"},\"potentialAction\":[{\"@type\":\"SearchAction\",\"target\":{\"@type\":\"EntryPoint\",\"urlTemplate\":\"https:\\\/\\\/blogs.encamina.com\\\/encamina-se-mueve\\\/?s={search_term_string}\"},\"query-input\":{\"@type\":\"PropertyValueSpecification\",\"valueRequired\":true,\"valueName\":\"search_term_string\"}}],\"inLanguage\":\"es\"},{\"@type\":\"Organization\",\"@id\":\"https:\\\/\\\/blogs.encamina.com\\\/encamina-se-mueve\\\/#organization\",\"name\":\"ENCAMINA\",\"url\":\"https:\\\/\\\/blogs.encamina.com\\\/encamina-se-mueve\\\/\",\"logo\":{\"@type\":\"ImageObject\",\"inLanguage\":\"es\",\"@id\":\"https:\\\/\\\/blogs.encamina.com\\\/encamina-se-mueve\\\/#\\\/schema\\\/logo\\\/image\\\/\",\"url\":\"https:\\\/\\\/blogs.encamina.com\\\/encamina-se-mueve\\\/wp-content\\\/uploads\\\/sites\\\/4\\\/2018\\\/10\\\/Logo_ENCAMINA_sin-claim.png\",\"contentUrl\":\"https:\\\/\\\/blogs.encamina.com\\\/encamina-se-mueve\\\/wp-content\\\/uploads\\\/sites\\\/4\\\/2018\\\/10\\\/Logo_ENCAMINA_sin-claim.png\",\"width\":409,\"height\":77,\"caption\":\"ENCAMINA\"},\"image\":{\"@id\":\"https:\\\/\\\/blogs.encamina.com\\\/encamina-se-mueve\\\/#\\\/schema\\\/logo\\\/image\\\/\"}},{\"@type\":\"Person\",\"@id\":\"https:\\\/\\\/blogs.encamina.com\\\/encamina-se-mueve\\\/#\\\/schema\\\/person\\\/49aedd5048203fe71d48ef3101fc351b\",\"name\":\"Laura Blanch\",\"image\":{\"@type\":\"ImageObject\",\"inLanguage\":\"es\",\"@id\":\"https:\\\/\\\/secure.gravatar.com\\\/avatar\\\/e6a10cbfac4f98beaaade7277395365843c5c8ca6ad3668abb7321e6763eb7a0?s=96&d=mm&r=g\",\"url\":\"https:\\\/\\\/secure.gravatar.com\\\/avatar\\\/e6a10cbfac4f98beaaade7277395365843c5c8ca6ad3668abb7321e6763eb7a0?s=96&d=mm&r=g\",\"contentUrl\":\"https:\\\/\\\/secure.gravatar.com\\\/avatar\\\/e6a10cbfac4f98beaaade7277395365843c5c8ca6ad3668abb7321e6763eb7a0?s=96&d=mm&r=g\",\"caption\":\"Laura Blanch\"},\"description\":\"Formo parte del estupendo departamento de Marketing y Comunicaci\u00f3n de ENCAMINA \ud83d\ude42\",\"url\":\"https:\\\/\\\/blogs.encamina.com\\\/encamina-se-mueve\\\/author\\\/lblanch\\\/\"}]}<\/script>\n<!-- \/ Yoast SEO Premium plugin. -->","yoast_head_json":{"title":"\u00a1Ven a vernos a SIMO Educaci\u00f3n! | ENCAMINA se Mueve","robots":{"index":"index","follow":"follow","max-snippet":"max-snippet:-1","max-image-preview":"max-image-preview:large","max-video-preview":"max-video-preview:-1"},"canonical":"https:\/\/blogs.encamina.com\/encamina-se-mueve\/ven-vernos-simo-educacion\/","og_locale":"es_ES","og_type":"article","og_title":"\u00a1Ven a vernos a SIMO Educaci\u00f3n!","og_description":"Los d\u00edas 24, 25 y 26 de octubre ENCAMINA estar\u00e1\u00a0 en el mayor evento de Educaci\u00f3n: SIMO 2017 \u00a1Si est\u00e1s por all\u00ed, tienes que pasar a vernos! Consigue aqu\u00ed tu invitaci\u00f3n para SIMO Estaremos en el stand de Microsoft (12I02A) &hellip; Continue reading &rarr;","og_url":"https:\/\/blogs.encamina.com\/encamina-se-mueve\/ven-vernos-simo-educacion\/","og_site_name":"ENCAMINA se Mueve","article_published_time":"2017-10-18T11:16:30+00:00","article_modified_time":"2018-03-05T11:45:51+00:00","og_image":[{"width":800,"height":800,"url":"https:\/\/blogs.encamina.com\/encamina-se-mueve\/wp-content\/uploads\/sites\/4\/2017\/10\/ENCAMINA-en-SIMO-1.png","type":"image\/png"}],"author":"Laura Blanch","twitter_card":"summary_large_image","twitter_misc":{"Escrito por":"Laura Blanch","Tiempo de lectura":"1 minuto"},"schema":{"@context":"https:\/\/schema.org","@graph":[{"@type":"Article","@id":"https:\/\/blogs.encamina.com\/encamina-se-mueve\/ven-vernos-simo-educacion\/#article","isPartOf":{"@id":"https:\/\/blogs.encamina.com\/encamina-se-mueve\/ven-vernos-simo-educacion\/"},"author":{"name":"Laura Blanch","@id":"https:\/\/blogs.encamina.com\/encamina-se-mueve\/#\/schema\/person\/49aedd5048203fe71d48ef3101fc351b"},"headline":"\u00a1Ven a vernos a SIMO Educaci\u00f3n!","datePublished":"2017-10-18T11:16:30+00:00","dateModified":"2018-03-05T11:45:51+00:00","mainEntityOfPage":{"@id":"https:\/\/blogs.encamina.com\/encamina-se-mueve\/ven-vernos-simo-educacion\/"},"wordCount":170,"publisher":{"@id":"https:\/\/blogs.encamina.com\/encamina-se-mueve\/#organization"},"image":{"@id":"https:\/\/blogs.encamina.com\/encamina-se-mueve\/ven-vernos-simo-educacion\/#primaryimage"},"thumbnailUrl":"https:\/\/blogs.encamina.com\/encamina-se-mueve\/wp-content\/uploads\/sites\/4\/2017\/10\/ENCAMINA-en-SIMO-1.png","articleSection":["Educaci\u00f3n"],"inLanguage":"es"},{"@type":"WebPage","@id":"https:\/\/blogs.encamina.com\/encamina-se-mueve\/ven-vernos-simo-educacion\/","url":"https:\/\/blogs.encamina.com\/encamina-se-mueve\/ven-vernos-simo-educacion\/","name":"\u00a1Ven a vernos a SIMO Educaci\u00f3n! | ENCAMINA se Mueve","isPartOf":{"@id":"https:\/\/blogs.encamina.com\/encamina-se-mueve\/#website"},"primaryImageOfPage":{"@id":"https:\/\/blogs.encamina.com\/encamina-se-mueve\/ven-vernos-simo-educacion\/#primaryimage"},"image":{"@id":"https:\/\/blogs.encamina.com\/encamina-se-mueve\/ven-vernos-simo-educacion\/#primaryimage"},"thumbnailUrl":"https:\/\/blogs.encamina.com\/encamina-se-mueve\/wp-content\/uploads\/sites\/4\/2017\/10\/ENCAMINA-en-SIMO-1.png","datePublished":"2017-10-18T11:16:30+00:00","dateModified":"2018-03-05T11:45:51+00:00","inLanguage":"es","potentialAction":[{"@type":"ReadAction","target":["https:\/\/blogs.encamina.com\/encamina-se-mueve\/ven-vernos-simo-educacion\/"]}]},{"@type":"ImageObject","inLanguage":"es","@id":"https:\/\/blogs.encamina.com\/encamina-se-mueve\/ven-vernos-simo-educacion\/#primaryimage","url":"https:\/\/blogs.encamina.com\/encamina-se-mueve\/wp-content\/uploads\/sites\/4\/2017\/10\/ENCAMINA-en-SIMO-1.png","contentUrl":"https:\/\/blogs.encamina.com\/encamina-se-mueve\/wp-content\/uploads\/sites\/4\/2017\/10\/ENCAMINA-en-SIMO-1.png","width":800,"height":800},{"@type":"WebSite","@id":"https:\/\/blogs.encamina.com\/encamina-se-mueve\/#website","url":"https:\/\/blogs.encamina.com\/encamina-se-mueve\/","name":"ENCAMINA se Mueve","description":"Todo lo que se cuece en nuestro equipo: formaciones, charlas, webcasts, talleres...","publisher":{"@id":"https:\/\/blogs.encamina.com\/encamina-se-mueve\/#organization"},"potentialAction":[{"@type":"SearchAction","target":{"@type":"EntryPoint","urlTemplate":"https:\/\/blogs.encamina.com\/encamina-se-mueve\/?s={search_term_string}"},"query-input":{"@type":"PropertyValueSpecification","valueRequired":true,"valueName":"search_term_string"}}],"inLanguage":"es"},{"@type":"Organization","@id":"https:\/\/blogs.encamina.com\/encamina-se-mueve\/#organization","name":"ENCAMINA","url":"https:\/\/blogs.encamina.com\/encamina-se-mueve\/","logo":{"@type":"ImageObject","inLanguage":"es","@id":"https:\/\/blogs.encamina.com\/encamina-se-mueve\/#\/schema\/logo\/image\/","url":"https:\/\/blogs.encamina.com\/encamina-se-mueve\/wp-content\/uploads\/sites\/4\/2018\/10\/Logo_ENCAMINA_sin-claim.png","contentUrl":"https:\/\/blogs.encamina.com\/encamina-se-mueve\/wp-content\/uploads\/sites\/4\/2018\/10\/Logo_ENCAMINA_sin-claim.png","width":409,"height":77,"caption":"ENCAMINA"},"image":{"@id":"https:\/\/blogs.encamina.com\/encamina-se-mueve\/#\/schema\/logo\/image\/"}},{"@type":"Person","@id":"https:\/\/blogs.encamina.com\/encamina-se-mueve\/#\/schema\/person\/49aedd5048203fe71d48ef3101fc351b","name":"Laura Blanch","image":{"@type":"ImageObject","inLanguage":"es","@id":"https:\/\/secure.gravatar.com\/avatar\/e6a10cbfac4f98beaaade7277395365843c5c8ca6ad3668abb7321e6763eb7a0?s=96&d=mm&r=g","url":"https:\/\/secure.gravatar.com\/avatar\/e6a10cbfac4f98beaaade7277395365843c5c8ca6ad3668abb7321e6763eb7a0?s=96&d=mm&r=g","contentUrl":"https:\/\/secure.gravatar.com\/avatar\/e6a10cbfac4f98beaaade7277395365843c5c8ca6ad3668abb7321e6763eb7a0?s=96&d=mm&r=g","caption":"Laura Blanch"},"description":"Formo parte del estupendo departamento de Marketing y Comunicaci\u00f3n de ENCAMINA \ud83d\ude42","url":"https:\/\/blogs.encamina.com\/encamina-se-mueve\/author\/lblanch\/"}]}},"_links":{"self":[{"href":"https:\/\/blogs.encamina.com\/encamina-se-mueve\/wp-json\/wp\/v2\/posts\/1256","targetHints":{"allow":["GET"]}}],"collection":[{"href":"https:\/\/blogs.encamina.com\/encamina-se-mueve\/wp-json\/wp\/v2\/posts"}],"about":[{"href":"https:\/\/blogs.encamina.com\/encamina-se-mueve\/wp-json\/wp\/v2\/types\/post"}],"author":[{"embeddable":true,"href":"https:\/\/blogs.encamina.com\/encamina-se-mueve\/wp-json\/wp\/v2\/users\/171"}],"replies":[{"embeddable":true,"href":"https:\/\/blogs.encamina.com\/encamina-se-mueve\/wp-json\/wp\/v2\/comments?post=1256"}],"version-history":[{"count":0,"href":"https:\/\/blogs.encamina.com\/encamina-se-mueve\/wp-json\/wp\/v2\/posts\/1256\/revisions"}],"wp:featuredmedia":[{"embeddable":true,"href":"https:\/\/blogs.encamina.com\/encamina-se-mueve\/wp-json\/wp\/v2\/media\/1262"}],"wp:attachment":[{"href":"https:\/\/blogs.encamina.com\/encamina-se-mueve\/wp-json\/wp\/v2\/media?parent=1256"}],"wp:term":[{"taxonomy":"category","embeddable":true,"href":"https:\/\/blogs.encamina.com\/encamina-se-mueve\/wp-json\/wp\/v2\/categories?post=1256"},{"taxonomy":"post_tag","embeddable":true,"href":"https:\/\/blogs.encamina.com\/encamina-se-mueve\/wp-json\/wp\/v2\/tags?post=1256"}],"curies":[{"name":"wp","href":"https:\/\/api.w.org\/{rel}","templated":true}]}}