{"id":1000,"date":"2017-04-05T15:57:32","date_gmt":"2017-04-05T14:57:32","guid":{"rendered":"http:\/\/blogs.encamina.com\/encamina-se-mueve\/?p=1000"},"modified":"2017-04-11T11:31:07","modified_gmt":"2017-04-11T10:31:07","slug":"encamina-estara-en-el-microsoft-azure-iot-connect-2017","status":"publish","type":"post","link":"https:\/\/blogs.encamina.com\/encamina-se-mueve\/encamina-estara-en-el-microsoft-azure-iot-connect-2017\/","title":{"rendered":"ENCAMINA estar\u00e1 en el Microsoft Azure IoT Connect 2017"},"content":{"rendered":"<p>El pr\u00f3ximo <strong>18 de abril<\/strong>\u00a0ENCAMINA estar\u00e1 en el <a href=\"https:\/\/www.microsoftevents.com\/profile\/form\/index.cfm?PKformID=0x16168827435\" target=\"_blank\">Microsoft Azure IoT Connect 2017<\/a>.<\/p>\n<p><a href=\"https:\/\/www.microsoftevents.com\/profile\/form\/index.cfm?PKformID=0x16168827435\" target=\"_blank\"><img loading=\"lazy\" decoding=\"async\" class=\"aligncenter wp-image-1001 size-full\" src=\"http:\/\/blogs.encamina.com\/encamina-se-mueve\/wp-content\/uploads\/sites\/4\/2017\/04\/IoT.png\" alt=\"Microsoft Azure IoT Connect 2017\" width=\"1183\" height=\"364\" srcset=\"https:\/\/encaminablogs.wpenginepowered.com\/encamina-se-mueve\/wp-content\/uploads\/sites\/4\/2017\/04\/IoT.png 1183w, https:\/\/encaminablogs.wpenginepowered.com\/encamina-se-mueve\/wp-content\/uploads\/sites\/4\/2017\/04\/IoT-300x92.png 300w, https:\/\/encaminablogs.wpenginepowered.com\/encamina-se-mueve\/wp-content\/uploads\/sites\/4\/2017\/04\/IoT-768x236.png 768w, https:\/\/encaminablogs.wpenginepowered.com\/encamina-se-mueve\/wp-content\/uploads\/sites\/4\/2017\/04\/IoT-1024x315.png 1024w\" sizes=\"auto, (max-width: 1183px) 100vw, 1183px\" \/><\/a><\/p>\n<p>El evento, organizado por <strong>Microsoft <\/strong>e<strong> Intel Corporation<\/strong>, tratar\u00e1 sobre el<strong> Internet de las Cosas<\/strong> y el amplio abanico de posibilidades que ofrece a las empresas para tener \u00e9xito, reducir costes, conseguir una mayor productividad o mejorar el servicio a los clientes.<\/p>\n<p><!--more--><\/p>\n<p>Con esa tem\u00e1tica, no pod\u00edamos perd\u00e9rnoslo, as\u00ed que all\u00ed estaremos, contando nuestras innovaciones sobre rob\u00f3tica industrial, cloud, BI, y Bigdata, de la mano de nuestro CTIO, <a href=\"https:\/\/twitter.com\/adiazcan?lang=es\" target=\"_blank\">Alberto D\u00edaz<\/a>.<\/p>\n<p>Nuestra charla lleva por t\u00edtulo \u00ab<strong>DENIoT 4.0 o c\u00f3mo integrar el poder de la nube a ras de planta (sector industria)<\/strong>\u00ab, y en ella contaremos c\u00f3mo ENCAMINA, junto a su empresa hermana de automatizaci\u00f3n industrial <a href=\"http:\/\/www.entresistemas.com\" target=\"_blank\">ENTRESISTEMAS<\/a>, dise\u00f1aron hace casi 2 a\u00f1os un <strong>framework<\/strong> que habilita de forma bidireccional la interacci\u00f3n entre el mundo y el nivel de planta gracias a Azure IoT Suite y Cortana Analytics.\u00a0Todo ello permite ver lo que est\u00e1 ocurriendo en diversos paneles de Power BI y hasta permite modificar operaciones de f\u00e1brica gracias a un asistente virtual en el m\u00f3vil.<\/p>\n<p>Adem\u00e1s de nuestra charla, incluida en la parte de<strong> Industria 4.0<\/strong>, habr\u00e1 sesiones\u00a0para otras industrias: <strong>Retail &amp; Finance<\/strong>, \u00a0<strong>Gobiernos inteligentes<\/strong> y <strong>Sanidad Digital<\/strong>.<\/p>\n<p>Si no te quieres perder este fant\u00e1stico evento, \u00a0solo tienes que inscribirte en este<a href=\"https:\/\/www.microsoftevents.com\/profile\/form\/index.cfm?PKformID=0x16168827435\" target=\"_blank\"> enlace<\/a>, donde tambi\u00e9n podr\u00e1s consultar la agenda de charlas y talleres.<\/p>\n<p>\u00a1Recuerda! el <strong>Microsoft Azure IoT Connect 2017<\/strong>\u00a0ser\u00e1 de <strong>9:30 a 15:00 <\/strong>en las oficinas centrales de<strong> Microsoft<\/strong> (Paseo Club Deportivo 1, Edifico 1, Pozuelo de Alarc\u00f3n)<\/p>\n<p>\u00a1Te esperamos!<\/p>\n<!-- AddThis Advanced Settings generic via filter on the_content --><!-- AddThis Share Buttons generic via filter on the_content --><span class=\"et_bloom_bottom_trigger\"><\/span>","protected":false},"excerpt":{"rendered":"<p>El pr\u00f3ximo 18 de abril\u00a0ENCAMINA estar\u00e1 en el Microsoft Azure IoT Connect 2017. El evento, organizado por Microsoft e Intel Corporation, tratar\u00e1 sobre el Internet de las Cosas y el amplio abanico de posibilidades que ofrece a las empresas para &hellip; <a href=\"https:\/\/blogs.encamina.com\/encamina-se-mueve\/encamina-estara-en-el-microsoft-azure-iot-connect-2017\/\">Continue reading <span class=\"meta-nav\">&rarr;<\/span><\/a><!-- AddThis Advanced Settings generic via filter on get_the_excerpt --><!-- AddThis Share Buttons generic via filter on get_the_excerpt --><\/p>\n","protected":false},"author":171,"featured_media":0,"comment_status":"closed","ping_status":"open","sticky":false,"template":"","format":"standard","meta":{"footnotes":""},"categories":[35,46,44],"tags":[],"class_list":["post-1000","post","type-post","status-publish","format-standard","hentry","category-azure","category-industria-4-0","category-power-bi"],"yoast_head":"<!-- This site is optimized with the Yoast SEO Premium plugin v18.2.1 (Yoast SEO v27.3) - https:\/\/yoast.com\/product\/yoast-seo-premium-wordpress\/ -->\n<title>ENCAMINA estar\u00e1 en el Microsoft Azure IoT Connect 2017 | ENCAMINA se Mueve<\/title>\n<meta name=\"robots\" content=\"index, follow, max-snippet:-1, max-image-preview:large, max-video-preview:-1\" \/>\n<link rel=\"canonical\" href=\"https:\/\/blogs.encamina.com\/encamina-se-mueve\/encamina-estara-en-el-microsoft-azure-iot-connect-2017\/\" \/>\n<meta property=\"og:locale\" content=\"es_ES\" \/>\n<meta property=\"og:type\" content=\"article\" \/>\n<meta property=\"og:title\" content=\"ENCAMINA estar\u00e1 en el Microsoft Azure IoT Connect 2017\" \/>\n<meta property=\"og:description\" content=\"El pr\u00f3ximo 18 de abril\u00a0ENCAMINA estar\u00e1 en el Microsoft Azure IoT Connect 2017. El evento, organizado por Microsoft e Intel Corporation, tratar\u00e1 sobre el Internet de las Cosas y el amplio abanico de posibilidades que ofrece a las empresas para &hellip; Continue reading &rarr;\" \/>\n<meta property=\"og:url\" content=\"https:\/\/blogs.encamina.com\/encamina-se-mueve\/encamina-estara-en-el-microsoft-azure-iot-connect-2017\/\" \/>\n<meta property=\"og:site_name\" content=\"ENCAMINA se Mueve\" \/>\n<meta property=\"article:published_time\" content=\"2017-04-05T14:57:32+00:00\" \/>\n<meta property=\"article:modified_time\" content=\"2017-04-11T10:31:07+00:00\" \/>\n<meta property=\"og:image\" content=\"http:\/\/blogs.encamina.com\/encamina-se-mueve\/wp-content\/uploads\/sites\/4\/2017\/04\/IoT.png\" \/>\n<meta name=\"author\" content=\"Laura Blanch\" \/>\n<meta name=\"twitter:card\" content=\"summary_large_image\" \/>\n<meta name=\"twitter:label1\" content=\"Escrito por\" \/>\n\t<meta name=\"twitter:data1\" content=\"Laura Blanch\" \/>\n\t<meta name=\"twitter:label2\" content=\"Tiempo de lectura\" \/>\n\t<meta name=\"twitter:data2\" content=\"1 minuto\" \/>\n<script type=\"application\/ld+json\" class=\"yoast-schema-graph\">{\"@context\":\"https:\\\/\\\/schema.org\",\"@graph\":[{\"@type\":\"Article\",\"@id\":\"https:\\\/\\\/blogs.encamina.com\\\/encamina-se-mueve\\\/encamina-estara-en-el-microsoft-azure-iot-connect-2017\\\/#article\",\"isPartOf\":{\"@id\":\"https:\\\/\\\/blogs.encamina.com\\\/encamina-se-mueve\\\/encamina-estara-en-el-microsoft-azure-iot-connect-2017\\\/\"},\"author\":{\"name\":\"Laura Blanch\",\"@id\":\"https:\\\/\\\/blogs.encamina.com\\\/encamina-se-mueve\\\/#\\\/schema\\\/person\\\/49aedd5048203fe71d48ef3101fc351b\"},\"headline\":\"ENCAMINA estar\u00e1 en el Microsoft Azure IoT Connect 2017\",\"datePublished\":\"2017-04-05T14:57:32+00:00\",\"dateModified\":\"2017-04-11T10:31:07+00:00\",\"mainEntityOfPage\":{\"@id\":\"https:\\\/\\\/blogs.encamina.com\\\/encamina-se-mueve\\\/encamina-estara-en-el-microsoft-azure-iot-connect-2017\\\/\"},\"wordCount\":275,\"publisher\":{\"@id\":\"https:\\\/\\\/blogs.encamina.com\\\/encamina-se-mueve\\\/#organization\"},\"image\":{\"@id\":\"https:\\\/\\\/blogs.encamina.com\\\/encamina-se-mueve\\\/encamina-estara-en-el-microsoft-azure-iot-connect-2017\\\/#primaryimage\"},\"thumbnailUrl\":\"http:\\\/\\\/blogs.encamina.com\\\/encamina-se-mueve\\\/wp-content\\\/uploads\\\/sites\\\/4\\\/2017\\\/04\\\/IoT.png\",\"articleSection\":[\"Azure\",\"Industria 4.0\",\"Power BI\"],\"inLanguage\":\"es\"},{\"@type\":\"WebPage\",\"@id\":\"https:\\\/\\\/blogs.encamina.com\\\/encamina-se-mueve\\\/encamina-estara-en-el-microsoft-azure-iot-connect-2017\\\/\",\"url\":\"https:\\\/\\\/blogs.encamina.com\\\/encamina-se-mueve\\\/encamina-estara-en-el-microsoft-azure-iot-connect-2017\\\/\",\"name\":\"ENCAMINA estar\u00e1 en el Microsoft Azure IoT Connect 2017 | ENCAMINA se Mueve\",\"isPartOf\":{\"@id\":\"https:\\\/\\\/blogs.encamina.com\\\/encamina-se-mueve\\\/#website\"},\"primaryImageOfPage\":{\"@id\":\"https:\\\/\\\/blogs.encamina.com\\\/encamina-se-mueve\\\/encamina-estara-en-el-microsoft-azure-iot-connect-2017\\\/#primaryimage\"},\"image\":{\"@id\":\"https:\\\/\\\/blogs.encamina.com\\\/encamina-se-mueve\\\/encamina-estara-en-el-microsoft-azure-iot-connect-2017\\\/#primaryimage\"},\"thumbnailUrl\":\"http:\\\/\\\/blogs.encamina.com\\\/encamina-se-mueve\\\/wp-content\\\/uploads\\\/sites\\\/4\\\/2017\\\/04\\\/IoT.png\",\"datePublished\":\"2017-04-05T14:57:32+00:00\",\"dateModified\":\"2017-04-11T10:31:07+00:00\",\"inLanguage\":\"es\",\"potentialAction\":[{\"@type\":\"ReadAction\",\"target\":[\"https:\\\/\\\/blogs.encamina.com\\\/encamina-se-mueve\\\/encamina-estara-en-el-microsoft-azure-iot-connect-2017\\\/\"]}]},{\"@type\":\"ImageObject\",\"inLanguage\":\"es\",\"@id\":\"https:\\\/\\\/blogs.encamina.com\\\/encamina-se-mueve\\\/encamina-estara-en-el-microsoft-azure-iot-connect-2017\\\/#primaryimage\",\"url\":\"https:\\\/\\\/blogs.encamina.com\\\/encamina-se-mueve\\\/wp-content\\\/uploads\\\/sites\\\/4\\\/2017\\\/04\\\/IoT.png\",\"contentUrl\":\"https:\\\/\\\/blogs.encamina.com\\\/encamina-se-mueve\\\/wp-content\\\/uploads\\\/sites\\\/4\\\/2017\\\/04\\\/IoT.png\",\"width\":1183,\"height\":364,\"caption\":\"Microsoft Azure IoT Connect 2017\"},{\"@type\":\"WebSite\",\"@id\":\"https:\\\/\\\/blogs.encamina.com\\\/encamina-se-mueve\\\/#website\",\"url\":\"https:\\\/\\\/blogs.encamina.com\\\/encamina-se-mueve\\\/\",\"name\":\"ENCAMINA se Mueve\",\"description\":\"Todo lo que se cuece en nuestro equipo: formaciones, charlas, webcasts, talleres...\",\"publisher\":{\"@id\":\"https:\\\/\\\/blogs.encamina.com\\\/encamina-se-mueve\\\/#organization\"},\"potentialAction\":[{\"@type\":\"SearchAction\",\"target\":{\"@type\":\"EntryPoint\",\"urlTemplate\":\"https:\\\/\\\/blogs.encamina.com\\\/encamina-se-mueve\\\/?s={search_term_string}\"},\"query-input\":{\"@type\":\"PropertyValueSpecification\",\"valueRequired\":true,\"valueName\":\"search_term_string\"}}],\"inLanguage\":\"es\"},{\"@type\":\"Organization\",\"@id\":\"https:\\\/\\\/blogs.encamina.com\\\/encamina-se-mueve\\\/#organization\",\"name\":\"ENCAMINA\",\"url\":\"https:\\\/\\\/blogs.encamina.com\\\/encamina-se-mueve\\\/\",\"logo\":{\"@type\":\"ImageObject\",\"inLanguage\":\"es\",\"@id\":\"https:\\\/\\\/blogs.encamina.com\\\/encamina-se-mueve\\\/#\\\/schema\\\/logo\\\/image\\\/\",\"url\":\"https:\\\/\\\/blogs.encamina.com\\\/encamina-se-mueve\\\/wp-content\\\/uploads\\\/sites\\\/4\\\/2018\\\/10\\\/Logo_ENCAMINA_sin-claim.png\",\"contentUrl\":\"https:\\\/\\\/blogs.encamina.com\\\/encamina-se-mueve\\\/wp-content\\\/uploads\\\/sites\\\/4\\\/2018\\\/10\\\/Logo_ENCAMINA_sin-claim.png\",\"width\":409,\"height\":77,\"caption\":\"ENCAMINA\"},\"image\":{\"@id\":\"https:\\\/\\\/blogs.encamina.com\\\/encamina-se-mueve\\\/#\\\/schema\\\/logo\\\/image\\\/\"}},{\"@type\":\"Person\",\"@id\":\"https:\\\/\\\/blogs.encamina.com\\\/encamina-se-mueve\\\/#\\\/schema\\\/person\\\/49aedd5048203fe71d48ef3101fc351b\",\"name\":\"Laura Blanch\",\"image\":{\"@type\":\"ImageObject\",\"inLanguage\":\"es\",\"@id\":\"https:\\\/\\\/secure.gravatar.com\\\/avatar\\\/e6a10cbfac4f98beaaade7277395365843c5c8ca6ad3668abb7321e6763eb7a0?s=96&d=mm&r=g\",\"url\":\"https:\\\/\\\/secure.gravatar.com\\\/avatar\\\/e6a10cbfac4f98beaaade7277395365843c5c8ca6ad3668abb7321e6763eb7a0?s=96&d=mm&r=g\",\"contentUrl\":\"https:\\\/\\\/secure.gravatar.com\\\/avatar\\\/e6a10cbfac4f98beaaade7277395365843c5c8ca6ad3668abb7321e6763eb7a0?s=96&d=mm&r=g\",\"caption\":\"Laura Blanch\"},\"description\":\"Formo parte del estupendo departamento de Marketing y Comunicaci\u00f3n de ENCAMINA \ud83d\ude42\",\"url\":\"https:\\\/\\\/blogs.encamina.com\\\/encamina-se-mueve\\\/author\\\/lblanch\\\/\"}]}<\/script>\n<!-- \/ Yoast SEO Premium plugin. -->","yoast_head_json":{"title":"ENCAMINA estar\u00e1 en el Microsoft Azure IoT Connect 2017 | ENCAMINA se Mueve","robots":{"index":"index","follow":"follow","max-snippet":"max-snippet:-1","max-image-preview":"max-image-preview:large","max-video-preview":"max-video-preview:-1"},"canonical":"https:\/\/blogs.encamina.com\/encamina-se-mueve\/encamina-estara-en-el-microsoft-azure-iot-connect-2017\/","og_locale":"es_ES","og_type":"article","og_title":"ENCAMINA estar\u00e1 en el Microsoft Azure IoT Connect 2017","og_description":"El pr\u00f3ximo 18 de abril\u00a0ENCAMINA estar\u00e1 en el Microsoft Azure IoT Connect 2017. El evento, organizado por Microsoft e Intel Corporation, tratar\u00e1 sobre el Internet de las Cosas y el amplio abanico de posibilidades que ofrece a las empresas para &hellip; Continue reading &rarr;","og_url":"https:\/\/blogs.encamina.com\/encamina-se-mueve\/encamina-estara-en-el-microsoft-azure-iot-connect-2017\/","og_site_name":"ENCAMINA se Mueve","article_published_time":"2017-04-05T14:57:32+00:00","article_modified_time":"2017-04-11T10:31:07+00:00","og_image":[{"url":"http:\/\/blogs.encamina.com\/encamina-se-mueve\/wp-content\/uploads\/sites\/4\/2017\/04\/IoT.png","type":"","width":"","height":""}],"author":"Laura Blanch","twitter_card":"summary_large_image","twitter_misc":{"Escrito por":"Laura Blanch","Tiempo de lectura":"1 minuto"},"schema":{"@context":"https:\/\/schema.org","@graph":[{"@type":"Article","@id":"https:\/\/blogs.encamina.com\/encamina-se-mueve\/encamina-estara-en-el-microsoft-azure-iot-connect-2017\/#article","isPartOf":{"@id":"https:\/\/blogs.encamina.com\/encamina-se-mueve\/encamina-estara-en-el-microsoft-azure-iot-connect-2017\/"},"author":{"name":"Laura Blanch","@id":"https:\/\/blogs.encamina.com\/encamina-se-mueve\/#\/schema\/person\/49aedd5048203fe71d48ef3101fc351b"},"headline":"ENCAMINA estar\u00e1 en el Microsoft Azure IoT Connect 2017","datePublished":"2017-04-05T14:57:32+00:00","dateModified":"2017-04-11T10:31:07+00:00","mainEntityOfPage":{"@id":"https:\/\/blogs.encamina.com\/encamina-se-mueve\/encamina-estara-en-el-microsoft-azure-iot-connect-2017\/"},"wordCount":275,"publisher":{"@id":"https:\/\/blogs.encamina.com\/encamina-se-mueve\/#organization"},"image":{"@id":"https:\/\/blogs.encamina.com\/encamina-se-mueve\/encamina-estara-en-el-microsoft-azure-iot-connect-2017\/#primaryimage"},"thumbnailUrl":"http:\/\/blogs.encamina.com\/encamina-se-mueve\/wp-content\/uploads\/sites\/4\/2017\/04\/IoT.png","articleSection":["Azure","Industria 4.0","Power BI"],"inLanguage":"es"},{"@type":"WebPage","@id":"https:\/\/blogs.encamina.com\/encamina-se-mueve\/encamina-estara-en-el-microsoft-azure-iot-connect-2017\/","url":"https:\/\/blogs.encamina.com\/encamina-se-mueve\/encamina-estara-en-el-microsoft-azure-iot-connect-2017\/","name":"ENCAMINA estar\u00e1 en el Microsoft Azure IoT Connect 2017 | ENCAMINA se Mueve","isPartOf":{"@id":"https:\/\/blogs.encamina.com\/encamina-se-mueve\/#website"},"primaryImageOfPage":{"@id":"https:\/\/blogs.encamina.com\/encamina-se-mueve\/encamina-estara-en-el-microsoft-azure-iot-connect-2017\/#primaryimage"},"image":{"@id":"https:\/\/blogs.encamina.com\/encamina-se-mueve\/encamina-estara-en-el-microsoft-azure-iot-connect-2017\/#primaryimage"},"thumbnailUrl":"http:\/\/blogs.encamina.com\/encamina-se-mueve\/wp-content\/uploads\/sites\/4\/2017\/04\/IoT.png","datePublished":"2017-04-05T14:57:32+00:00","dateModified":"2017-04-11T10:31:07+00:00","inLanguage":"es","potentialAction":[{"@type":"ReadAction","target":["https:\/\/blogs.encamina.com\/encamina-se-mueve\/encamina-estara-en-el-microsoft-azure-iot-connect-2017\/"]}]},{"@type":"ImageObject","inLanguage":"es","@id":"https:\/\/blogs.encamina.com\/encamina-se-mueve\/encamina-estara-en-el-microsoft-azure-iot-connect-2017\/#primaryimage","url":"https:\/\/blogs.encamina.com\/encamina-se-mueve\/wp-content\/uploads\/sites\/4\/2017\/04\/IoT.png","contentUrl":"https:\/\/blogs.encamina.com\/encamina-se-mueve\/wp-content\/uploads\/sites\/4\/2017\/04\/IoT.png","width":1183,"height":364,"caption":"Microsoft Azure IoT Connect 2017"},{"@type":"WebSite","@id":"https:\/\/blogs.encamina.com\/encamina-se-mueve\/#website","url":"https:\/\/blogs.encamina.com\/encamina-se-mueve\/","name":"ENCAMINA se Mueve","description":"Todo lo que se cuece en nuestro equipo: formaciones, charlas, webcasts, talleres...","publisher":{"@id":"https:\/\/blogs.encamina.com\/encamina-se-mueve\/#organization"},"potentialAction":[{"@type":"SearchAction","target":{"@type":"EntryPoint","urlTemplate":"https:\/\/blogs.encamina.com\/encamina-se-mueve\/?s={search_term_string}"},"query-input":{"@type":"PropertyValueSpecification","valueRequired":true,"valueName":"search_term_string"}}],"inLanguage":"es"},{"@type":"Organization","@id":"https:\/\/blogs.encamina.com\/encamina-se-mueve\/#organization","name":"ENCAMINA","url":"https:\/\/blogs.encamina.com\/encamina-se-mueve\/","logo":{"@type":"ImageObject","inLanguage":"es","@id":"https:\/\/blogs.encamina.com\/encamina-se-mueve\/#\/schema\/logo\/image\/","url":"https:\/\/blogs.encamina.com\/encamina-se-mueve\/wp-content\/uploads\/sites\/4\/2018\/10\/Logo_ENCAMINA_sin-claim.png","contentUrl":"https:\/\/blogs.encamina.com\/encamina-se-mueve\/wp-content\/uploads\/sites\/4\/2018\/10\/Logo_ENCAMINA_sin-claim.png","width":409,"height":77,"caption":"ENCAMINA"},"image":{"@id":"https:\/\/blogs.encamina.com\/encamina-se-mueve\/#\/schema\/logo\/image\/"}},{"@type":"Person","@id":"https:\/\/blogs.encamina.com\/encamina-se-mueve\/#\/schema\/person\/49aedd5048203fe71d48ef3101fc351b","name":"Laura Blanch","image":{"@type":"ImageObject","inLanguage":"es","@id":"https:\/\/secure.gravatar.com\/avatar\/e6a10cbfac4f98beaaade7277395365843c5c8ca6ad3668abb7321e6763eb7a0?s=96&d=mm&r=g","url":"https:\/\/secure.gravatar.com\/avatar\/e6a10cbfac4f98beaaade7277395365843c5c8ca6ad3668abb7321e6763eb7a0?s=96&d=mm&r=g","contentUrl":"https:\/\/secure.gravatar.com\/avatar\/e6a10cbfac4f98beaaade7277395365843c5c8ca6ad3668abb7321e6763eb7a0?s=96&d=mm&r=g","caption":"Laura Blanch"},"description":"Formo parte del estupendo departamento de Marketing y Comunicaci\u00f3n de ENCAMINA \ud83d\ude42","url":"https:\/\/blogs.encamina.com\/encamina-se-mueve\/author\/lblanch\/"}]}},"_links":{"self":[{"href":"https:\/\/blogs.encamina.com\/encamina-se-mueve\/wp-json\/wp\/v2\/posts\/1000","targetHints":{"allow":["GET"]}}],"collection":[{"href":"https:\/\/blogs.encamina.com\/encamina-se-mueve\/wp-json\/wp\/v2\/posts"}],"about":[{"href":"https:\/\/blogs.encamina.com\/encamina-se-mueve\/wp-json\/wp\/v2\/types\/post"}],"author":[{"embeddable":true,"href":"https:\/\/blogs.encamina.com\/encamina-se-mueve\/wp-json\/wp\/v2\/users\/171"}],"replies":[{"embeddable":true,"href":"https:\/\/blogs.encamina.com\/encamina-se-mueve\/wp-json\/wp\/v2\/comments?post=1000"}],"version-history":[{"count":0,"href":"https:\/\/blogs.encamina.com\/encamina-se-mueve\/wp-json\/wp\/v2\/posts\/1000\/revisions"}],"wp:attachment":[{"href":"https:\/\/blogs.encamina.com\/encamina-se-mueve\/wp-json\/wp\/v2\/media?parent=1000"}],"wp:term":[{"taxonomy":"category","embeddable":true,"href":"https:\/\/blogs.encamina.com\/encamina-se-mueve\/wp-json\/wp\/v2\/categories?post=1000"},{"taxonomy":"post_tag","embeddable":true,"href":"https:\/\/blogs.encamina.com\/encamina-se-mueve\/wp-json\/wp\/v2\/tags?post=1000"}],"curies":[{"name":"wp","href":"https:\/\/api.w.org\/{rel}","templated":true}]}}