{"id":976,"date":"2014-05-29T09:00:04","date_gmt":"2014-05-29T08:00:04","guid":{"rendered":"http:\/\/blogs.encamina.com\/en-las-nubes\/?p=976"},"modified":"2014-05-29T06:33:09","modified_gmt":"2014-05-29T05:33:09","slug":"cuando-tienes-la-suerte-superar-tu-ego-en-la-empresa","status":"publish","type":"post","link":"https:\/\/blogs.encamina.com\/en-las-nubes\/cuando-tienes-la-suerte-superar-tu-ego-en-la-empresa\/","title":{"rendered":"Cuando tienes la suerte de superar tu ego, en la empresa"},"content":{"rendered":"<p>Creo que hay un momento cr\u00edtico en la evoluci\u00f3n de un emprendedor en el que <strong>pasa de ser el m\u00e1s \u00ablisto\u00bb de su proyecto, a estar rodeado de gente m\u00e1s \u00ablista\u00bb que \u00e9l<\/strong>. Bueno, sin duda hay muchos momentos cr\u00edticos, pero este es <strong>una gran prueba de fuego.<\/strong><\/p>\n<p><a href=\"http:\/\/blogs.encamina.com\/en-las-nubes\/wp-content\/uploads\/sites\/9\/2014\/05\/listos_no_tan_listos.jpg\"><img loading=\"lazy\" decoding=\"async\" class=\"aligncenter size-full wp-image-977\" src=\"http:\/\/blogs.encamina.com\/en-las-nubes\/wp-content\/uploads\/sites\/9\/2014\/05\/listos_no_tan_listos.jpg\" alt=\"listos_no_tan_listos\" width=\"166\" height=\"194\" \/><\/a><\/p>\n<p>Ese bendito momento, ese gran momento, hay que saber llevarlo, aprovecharlo y disfrutarlo, porque significa en si mismo la consolidaci\u00f3n y el \u00e9xito de tu proyecto, y de ti mismo, ya que de alguna manera <strong>has conseguido superar tus propias limitaciones.<\/strong><\/p>\n<p><!--more-->Sin embargo,\u00a0es posible que el ego te gaste la mala pasada de querer seguir siendo el m\u00e1s \u00ablisto\u00bb del proyecto, y acabes rehuyendo de ese talento, o no d\u00e1ndole hueco a tu lado,\u00a0o neg\u00e1ndolo, o someti\u00e9ndolo para poder seguir crey\u00e9ndote el \u00abm\u00e1s\u00bb del lugar.<\/p>\n<p><a href=\"http:\/\/blogs.encamina.com\/en-las-nubes\/wp-content\/uploads\/sites\/9\/2014\/05\/listos_no_tan_listos3.jpg\"><img loading=\"lazy\" decoding=\"async\" class=\"aligncenter size-full wp-image-979\" src=\"http:\/\/blogs.encamina.com\/en-las-nubes\/wp-content\/uploads\/sites\/9\/2014\/05\/listos_no_tan_listos3.jpg\" alt=\"listos_no_tan_listos3\" width=\"240\" height=\"180\" \/><\/a><\/p>\n<p>Siendo un poco condescendiente, hay que compr\u00e9ndelo o comprendernos: \u00ab<em>si soy el que ha parido esto, \u00bfC\u00f3mo no voy a seguir siendo el que sabe m\u00e1s de todo lo que aqu\u00ed se mueve?\u00bb<\/em><\/p>\n<p><a href=\"http:\/\/blogs.encamina.com\/en-las-nubes\/wp-content\/uploads\/sites\/9\/2014\/05\/listo.jpg\"><img loading=\"lazy\" decoding=\"async\" class=\"aligncenter wp-image-980 size-medium\" src=\"http:\/\/blogs.encamina.com\/en-las-nubes\/wp-content\/uploads\/sites\/9\/2014\/05\/listo-300x300.jpg\" alt=\"listo\" width=\"300\" height=\"300\" srcset=\"https:\/\/encaminablogs.wpenginepowered.com\/en-las-nubes\/wp-content\/uploads\/sites\/9\/2014\/05\/listo-300x300.jpg 300w, https:\/\/encaminablogs.wpenginepowered.com\/en-las-nubes\/wp-content\/uploads\/sites\/9\/2014\/05\/listo-150x150.jpg 150w, https:\/\/encaminablogs.wpenginepowered.com\/en-las-nubes\/wp-content\/uploads\/sites\/9\/2014\/05\/listo.jpg 394w\" sizes=\"auto, (max-width: 300px) 100vw, 300px\" \/><\/a><\/p>\n<p>Como empresario, si eres capaz de entender que tu trabajo pasa m\u00e1s por la visi\u00f3n, el liderazgo, la motivaci\u00f3n y el empuje del proyecto, en lugar de ser el que m\u00e1s sabe de cada materia dentro del proyecto (y creer que tu criterio es el bueno por derecho divino), entonces has dado un gran paso.<\/p>\n<p>Estoy seguro de ello\u00a0y creo disfrutar de las mieles de poder sentir como estoy rodeado por personas que saben m\u00e1s que yo de muchas cosas, y que hacen mejor que yo todav\u00eda m\u00e1s cosas.<\/p>\n<p>\u00a1Bufff! del pobre emprendedor o empresario (y de su empresa) que no sepa dominar su ego y ascender a ese\u00a0siguiente nivel.<\/p>\n<p>&nbsp;<\/p>\n<h2>Profesionales limitados por su ego<\/h2>\n<p>De la misma forma, creo que cualquier profesional debe aspirar a trabajar con los mejores profesionales, incluso mejor si son superiores a \u00e9l, en varios o muchos aspectos. Cualquier buen profesional debe superar su ego y aspirar a aprender de lo mejor de su entorno. Contra m\u00e1s mejor. Y contra m\u00e1s \u00abtalentoso\u00bb sea tu compa\u00f1ero, mucho mejor.<\/p>\n<p>El ego, o la versi\u00f3n \u00abcastiza\u00bb en forma de cabezoner\u00eda, es tu peor aliado en la mejora y enriquecimiento profesional. Por desgracia, contra m\u00e1s orientada est\u00e1 una empresa a la econom\u00eda del talento, y m\u00e1s densidad de \u00e9l consigue concentrar, mayores ser\u00e1n los problemas que de este tipo que se dar\u00e1n.<\/p>\n<p><img loading=\"lazy\" decoding=\"async\" class=\"aligncenter size-full wp-image-978\" src=\"http:\/\/blogs.encamina.com\/en-las-nubes\/wp-content\/uploads\/sites\/9\/2014\/05\/listos_no_tan_listos2.jpg\" alt=\"listos_no_tan_listos2\" width=\"228\" height=\"140\" \/><\/p>\n<p>La pregunta o el temor en todos los casos\u00a0es: \u00abyo estoy seguro de que soy muy buen@ y\u00a0<em> si reconozco que mis compa\u00f1eros tienen mucho que ense\u00f1arme, y me dejo ense\u00f1ar, \u00bfd\u00f3nde quedo yo?\u00bb.<\/em> La respuesta es brutal: <strong>vales lo que la media de los compa\u00f1eros que te rodean. Si el equipo que te rodea es \u00abmediocre\u00bb, algo parecido eres t\u00fa. Y si son unos cracks, estar\u00e1s muy cerca de ello<\/strong> (&#8230; eso, si lo sabes llevar bien).<\/p>\n<p>La generosidad del talento, pasa en primer lugar por el reconocimiento de los dem\u00e1s, antes que\u00a0de ti mismo. Y un valor como el del <strong>esp\u00edritu de equipo exige, todav\u00eda m\u00e1s, el exterminio del ego dentro de la empresa.<\/strong><\/p>\n<p><a href=\"http:\/\/blogs.encamina.com\/en-las-nubes\/wp-content\/uploads\/sites\/9\/2014\/05\/CONCIENCIA-COMPETENCIA-Y-TRABAJO-EN-EQUIPO.jpg\"><img loading=\"lazy\" decoding=\"async\" class=\"aligncenter wp-image-982 size-medium\" src=\"http:\/\/blogs.encamina.com\/en-las-nubes\/wp-content\/uploads\/sites\/9\/2014\/05\/CONCIENCIA-COMPETENCIA-Y-TRABAJO-EN-EQUIPO-300x199.jpg\" alt=\"CONCIENCIA COMPETENCIA Y TRABAJO EN EQUIPO\" width=\"300\" height=\"199\" srcset=\"https:\/\/encaminablogs.wpenginepowered.com\/en-las-nubes\/wp-content\/uploads\/sites\/9\/2014\/05\/CONCIENCIA-COMPETENCIA-Y-TRABAJO-EN-EQUIPO-300x199.jpg 300w, https:\/\/encaminablogs.wpenginepowered.com\/en-las-nubes\/wp-content\/uploads\/sites\/9\/2014\/05\/CONCIENCIA-COMPETENCIA-Y-TRABAJO-EN-EQUIPO.jpg 800w\" sizes=\"auto, (max-width: 300px) 100vw, 300px\" \/><\/a><\/p>\n<p>No hay m\u00e1s fortuna que trabajar con gente de talento, que comparte tus valores, en un proyecto o misi\u00f3n que valga la pena. Si tienes esa posibilidad, que no te arruine el viaje tu ego, cabezoner\u00eda o temores de macho\/hembra alfa.<\/p>\n<p>&#8230;<\/p>\n<p>Yo lo intento, \u00bfy t\u00fa?<\/p>\n<p>&#8230;<\/p>\n<!-- AddThis Advanced Settings generic via filter on the_content --><!-- AddThis Share Buttons generic via filter on the_content --><span class=\"et_bloom_bottom_trigger\"><\/span>","protected":false},"excerpt":{"rendered":"<p>Creo que hay un momento cr\u00edtico en la evoluci\u00f3n de un emprendedor en el que pasa de ser el m\u00e1s \u00ablisto\u00bb de su proyecto, a estar rodeado de gente m\u00e1s \u00ablista\u00bb que \u00e9l. Bueno, sin duda hay muchos momentos cr\u00edticos, &hellip; <a href=\"https:\/\/blogs.encamina.com\/en-las-nubes\/cuando-tienes-la-suerte-superar-tu-ego-en-la-empresa\/\">Continue reading <span class=\"meta-nav\">&rarr;<\/span><\/a><!-- AddThis Advanced Settings generic via filter on get_the_excerpt --><!-- AddThis Share Buttons generic via filter on get_the_excerpt --><\/p>\n","protected":false},"author":9,"featured_media":0,"comment_status":"closed","ping_status":"closed","sticky":false,"template":"","format":"standard","meta":{"footnotes":""},"categories":[8],"tags":[83,25,43],"class_list":["post-976","post","type-post","status-publish","format-standard","hentry","category-reflexiones","tag-ego","tag-equipo","tag-talento"],"yoast_head":"<!-- This site is optimized with the Yoast SEO Premium plugin v18.2.1 (Yoast SEO v27.3) - https:\/\/yoast.com\/product\/yoast-seo-premium-wordpress\/ -->\n<title>Cuando tienes la suerte de superar tu ego, en la empresa - Con la cabeza en las nubes y los pies en el suelo<\/title>\n<meta name=\"robots\" content=\"index, follow, max-snippet:-1, max-image-preview:large, max-video-preview:-1\" \/>\n<link rel=\"canonical\" href=\"https:\/\/blogs.encamina.com\/en-las-nubes\/cuando-tienes-la-suerte-superar-tu-ego-en-la-empresa\/\" \/>\n<meta property=\"og:locale\" content=\"es_ES\" \/>\n<meta property=\"og:type\" content=\"article\" \/>\n<meta property=\"og:title\" content=\"Cuando tienes la suerte de superar tu ego, en la empresa\" \/>\n<meta property=\"og:description\" content=\"Creo que hay un momento cr\u00edtico en la evoluci\u00f3n de un emprendedor en el que pasa de ser el m\u00e1s \u00ablisto\u00bb de su proyecto, a estar rodeado de gente m\u00e1s \u00ablista\u00bb que \u00e9l. Bueno, sin duda hay muchos momentos cr\u00edticos, &hellip; Continue reading &rarr;\" \/>\n<meta property=\"og:url\" content=\"https:\/\/blogs.encamina.com\/en-las-nubes\/cuando-tienes-la-suerte-superar-tu-ego-en-la-empresa\/\" \/>\n<meta property=\"og:site_name\" content=\"Con la cabeza en las nubes y los pies en el suelo\" \/>\n<meta property=\"article:author\" content=\"http:\/\/www.facebook.com\/pages\/encamina\/84575716581\" \/>\n<meta property=\"article:published_time\" content=\"2014-05-29T08:00:04+00:00\" \/>\n<meta property=\"og:image\" content=\"http:\/\/blogs.encamina.com\/en-las-nubes\/wp-content\/uploads\/sites\/9\/2014\/05\/listos_no_tan_listos.jpg\" \/>\n<meta name=\"author\" content=\"Hugo de Juan\" \/>\n<meta name=\"twitter:card\" content=\"summary_large_image\" \/>\n<meta name=\"twitter:creator\" content=\"@hdejuan\" \/>\n<meta name=\"twitter:label1\" content=\"Escrito por\" \/>\n\t<meta name=\"twitter:data1\" content=\"Hugo de Juan\" \/>\n\t<meta name=\"twitter:label2\" content=\"Tiempo de lectura\" \/>\n\t<meta name=\"twitter:data2\" content=\"3 minutos\" \/>\n<script type=\"application\/ld+json\" class=\"yoast-schema-graph\">{\"@context\":\"https:\\\/\\\/schema.org\",\"@graph\":[{\"@type\":\"Article\",\"@id\":\"https:\\\/\\\/blogs.encamina.com\\\/en-las-nubes\\\/cuando-tienes-la-suerte-superar-tu-ego-en-la-empresa\\\/#article\",\"isPartOf\":{\"@id\":\"https:\\\/\\\/blogs.encamina.com\\\/en-las-nubes\\\/cuando-tienes-la-suerte-superar-tu-ego-en-la-empresa\\\/\"},\"author\":{\"name\":\"Hugo de Juan\",\"@id\":\"https:\\\/\\\/blogs.encamina.com\\\/en-las-nubes\\\/#\\\/schema\\\/person\\\/486ee12091b3f96d238191159f897342\"},\"headline\":\"Cuando tienes la suerte de superar tu ego, en la empresa\",\"datePublished\":\"2014-05-29T08:00:04+00:00\",\"mainEntityOfPage\":{\"@id\":\"https:\\\/\\\/blogs.encamina.com\\\/en-las-nubes\\\/cuando-tienes-la-suerte-superar-tu-ego-en-la-empresa\\\/\"},\"wordCount\":614,\"image\":{\"@id\":\"https:\\\/\\\/blogs.encamina.com\\\/en-las-nubes\\\/cuando-tienes-la-suerte-superar-tu-ego-en-la-empresa\\\/#primaryimage\"},\"thumbnailUrl\":\"http:\\\/\\\/blogs.encamina.com\\\/en-las-nubes\\\/wp-content\\\/uploads\\\/sites\\\/9\\\/2014\\\/05\\\/listos_no_tan_listos.jpg\",\"keywords\":[\"ego\",\"equipo\",\"talento\"],\"articleSection\":[\"reflexiones\"],\"inLanguage\":\"es\"},{\"@type\":\"WebPage\",\"@id\":\"https:\\\/\\\/blogs.encamina.com\\\/en-las-nubes\\\/cuando-tienes-la-suerte-superar-tu-ego-en-la-empresa\\\/\",\"url\":\"https:\\\/\\\/blogs.encamina.com\\\/en-las-nubes\\\/cuando-tienes-la-suerte-superar-tu-ego-en-la-empresa\\\/\",\"name\":\"Cuando tienes la suerte de superar tu ego, en la empresa - Con la cabeza en las nubes y los pies en el suelo\",\"isPartOf\":{\"@id\":\"https:\\\/\\\/blogs.encamina.com\\\/en-las-nubes\\\/#website\"},\"primaryImageOfPage\":{\"@id\":\"https:\\\/\\\/blogs.encamina.com\\\/en-las-nubes\\\/cuando-tienes-la-suerte-superar-tu-ego-en-la-empresa\\\/#primaryimage\"},\"image\":{\"@id\":\"https:\\\/\\\/blogs.encamina.com\\\/en-las-nubes\\\/cuando-tienes-la-suerte-superar-tu-ego-en-la-empresa\\\/#primaryimage\"},\"thumbnailUrl\":\"http:\\\/\\\/blogs.encamina.com\\\/en-las-nubes\\\/wp-content\\\/uploads\\\/sites\\\/9\\\/2014\\\/05\\\/listos_no_tan_listos.jpg\",\"datePublished\":\"2014-05-29T08:00:04+00:00\",\"author\":{\"@id\":\"https:\\\/\\\/blogs.encamina.com\\\/en-las-nubes\\\/#\\\/schema\\\/person\\\/486ee12091b3f96d238191159f897342\"},\"inLanguage\":\"es\",\"potentialAction\":[{\"@type\":\"ReadAction\",\"target\":[\"https:\\\/\\\/blogs.encamina.com\\\/en-las-nubes\\\/cuando-tienes-la-suerte-superar-tu-ego-en-la-empresa\\\/\"]}]},{\"@type\":\"ImageObject\",\"inLanguage\":\"es\",\"@id\":\"https:\\\/\\\/blogs.encamina.com\\\/en-las-nubes\\\/cuando-tienes-la-suerte-superar-tu-ego-en-la-empresa\\\/#primaryimage\",\"url\":\"https:\\\/\\\/blogs.encamina.com\\\/en-las-nubes\\\/wp-content\\\/uploads\\\/sites\\\/9\\\/2014\\\/05\\\/listos_no_tan_listos.jpg\",\"contentUrl\":\"https:\\\/\\\/blogs.encamina.com\\\/en-las-nubes\\\/wp-content\\\/uploads\\\/sites\\\/9\\\/2014\\\/05\\\/listos_no_tan_listos.jpg\",\"width\":166,\"height\":194},{\"@type\":\"WebSite\",\"@id\":\"https:\\\/\\\/blogs.encamina.com\\\/en-las-nubes\\\/#website\",\"url\":\"https:\\\/\\\/blogs.encamina.com\\\/en-las-nubes\\\/\",\"name\":\"Con la cabeza en las nubes y los pies en el suelo\",\"description\":\"El proyecto empresarial necesita visi\u00f3n, pasi\u00f3n y un sue\u00f1o al final del camino, pero tambi\u00e9n hay que pisar tierra con paso firme y recuperarse de tropiezos m\u00e1s bien poco divinos.\",\"potentialAction\":[{\"@type\":\"SearchAction\",\"target\":{\"@type\":\"EntryPoint\",\"urlTemplate\":\"https:\\\/\\\/blogs.encamina.com\\\/en-las-nubes\\\/?s={search_term_string}\"},\"query-input\":{\"@type\":\"PropertyValueSpecification\",\"valueRequired\":true,\"valueName\":\"search_term_string\"}}],\"inLanguage\":\"es\"},{\"@type\":\"Person\",\"@id\":\"https:\\\/\\\/blogs.encamina.com\\\/en-las-nubes\\\/#\\\/schema\\\/person\\\/486ee12091b3f96d238191159f897342\",\"name\":\"Hugo de Juan\",\"image\":{\"@type\":\"ImageObject\",\"inLanguage\":\"es\",\"@id\":\"https:\\\/\\\/secure.gravatar.com\\\/avatar\\\/da3366cf2fa4f0204b16b93ed8302a0c44452d571f45c1c3b63b3200ca8bd12f?s=96&d=mm&r=g\",\"url\":\"https:\\\/\\\/secure.gravatar.com\\\/avatar\\\/da3366cf2fa4f0204b16b93ed8302a0c44452d571f45c1c3b63b3200ca8bd12f?s=96&d=mm&r=g\",\"contentUrl\":\"https:\\\/\\\/secure.gravatar.com\\\/avatar\\\/da3366cf2fa4f0204b16b93ed8302a0c44452d571f45c1c3b63b3200ca8bd12f?s=96&d=mm&r=g\",\"caption\":\"Hugo de Juan\"},\"description\":\"Ingeniero de Telecomunicaci\u00f3n en mis bases pas\u00e9 al lado oscuro con un master en Marketing y posteriormente con un executive MBA. Hoy CEO en ENCAMINA, socio director en ENTRESISTEMAS, profesor postgrado en ESIC Marketing &amp; Business School, estudiante y Doctor Ingeniero en econom\u00eda digital y sobre todo currante en muchas cosas. Me va el marketing, la tecnolog\u00eda, mi familia, los amigos y la vida buena, incluso m\u00e1s que la buena vida.\",\"sameAs\":[\"http:\\\/\\\/www.facebook.com\\\/pages\\\/encamina\\\/84575716581\",\"http:\\\/\\\/es.linkedin.com\\\/in\\\/hugodejuan\\\/\",\"https:\\\/\\\/x.com\\\/hdejuan\",\"http:\\\/\\\/www.slideshare.net\\\/encamina\"],\"url\":\"https:\\\/\\\/blogs.encamina.com\\\/en-las-nubes\\\/author\\\/hdejuan\\\/\"}]}<\/script>\n<!-- \/ Yoast SEO Premium plugin. -->","yoast_head_json":{"title":"Cuando tienes la suerte de superar tu ego, en la empresa - Con la cabeza en las nubes y los pies en el suelo","robots":{"index":"index","follow":"follow","max-snippet":"max-snippet:-1","max-image-preview":"max-image-preview:large","max-video-preview":"max-video-preview:-1"},"canonical":"https:\/\/blogs.encamina.com\/en-las-nubes\/cuando-tienes-la-suerte-superar-tu-ego-en-la-empresa\/","og_locale":"es_ES","og_type":"article","og_title":"Cuando tienes la suerte de superar tu ego, en la empresa","og_description":"Creo que hay un momento cr\u00edtico en la evoluci\u00f3n de un emprendedor en el que pasa de ser el m\u00e1s \u00ablisto\u00bb de su proyecto, a estar rodeado de gente m\u00e1s \u00ablista\u00bb que \u00e9l. Bueno, sin duda hay muchos momentos cr\u00edticos, &hellip; Continue reading &rarr;","og_url":"https:\/\/blogs.encamina.com\/en-las-nubes\/cuando-tienes-la-suerte-superar-tu-ego-en-la-empresa\/","og_site_name":"Con la cabeza en las nubes y los pies en el suelo","article_author":"http:\/\/www.facebook.com\/pages\/encamina\/84575716581","article_published_time":"2014-05-29T08:00:04+00:00","og_image":[{"url":"http:\/\/blogs.encamina.com\/en-las-nubes\/wp-content\/uploads\/sites\/9\/2014\/05\/listos_no_tan_listos.jpg","type":"","width":"","height":""}],"author":"Hugo de Juan","twitter_card":"summary_large_image","twitter_creator":"@hdejuan","twitter_misc":{"Escrito por":"Hugo de Juan","Tiempo de lectura":"3 minutos"},"schema":{"@context":"https:\/\/schema.org","@graph":[{"@type":"Article","@id":"https:\/\/blogs.encamina.com\/en-las-nubes\/cuando-tienes-la-suerte-superar-tu-ego-en-la-empresa\/#article","isPartOf":{"@id":"https:\/\/blogs.encamina.com\/en-las-nubes\/cuando-tienes-la-suerte-superar-tu-ego-en-la-empresa\/"},"author":{"name":"Hugo de Juan","@id":"https:\/\/blogs.encamina.com\/en-las-nubes\/#\/schema\/person\/486ee12091b3f96d238191159f897342"},"headline":"Cuando tienes la suerte de superar tu ego, en la empresa","datePublished":"2014-05-29T08:00:04+00:00","mainEntityOfPage":{"@id":"https:\/\/blogs.encamina.com\/en-las-nubes\/cuando-tienes-la-suerte-superar-tu-ego-en-la-empresa\/"},"wordCount":614,"image":{"@id":"https:\/\/blogs.encamina.com\/en-las-nubes\/cuando-tienes-la-suerte-superar-tu-ego-en-la-empresa\/#primaryimage"},"thumbnailUrl":"http:\/\/blogs.encamina.com\/en-las-nubes\/wp-content\/uploads\/sites\/9\/2014\/05\/listos_no_tan_listos.jpg","keywords":["ego","equipo","talento"],"articleSection":["reflexiones"],"inLanguage":"es"},{"@type":"WebPage","@id":"https:\/\/blogs.encamina.com\/en-las-nubes\/cuando-tienes-la-suerte-superar-tu-ego-en-la-empresa\/","url":"https:\/\/blogs.encamina.com\/en-las-nubes\/cuando-tienes-la-suerte-superar-tu-ego-en-la-empresa\/","name":"Cuando tienes la suerte de superar tu ego, en la empresa - Con la cabeza en las nubes y los pies en el suelo","isPartOf":{"@id":"https:\/\/blogs.encamina.com\/en-las-nubes\/#website"},"primaryImageOfPage":{"@id":"https:\/\/blogs.encamina.com\/en-las-nubes\/cuando-tienes-la-suerte-superar-tu-ego-en-la-empresa\/#primaryimage"},"image":{"@id":"https:\/\/blogs.encamina.com\/en-las-nubes\/cuando-tienes-la-suerte-superar-tu-ego-en-la-empresa\/#primaryimage"},"thumbnailUrl":"http:\/\/blogs.encamina.com\/en-las-nubes\/wp-content\/uploads\/sites\/9\/2014\/05\/listos_no_tan_listos.jpg","datePublished":"2014-05-29T08:00:04+00:00","author":{"@id":"https:\/\/blogs.encamina.com\/en-las-nubes\/#\/schema\/person\/486ee12091b3f96d238191159f897342"},"inLanguage":"es","potentialAction":[{"@type":"ReadAction","target":["https:\/\/blogs.encamina.com\/en-las-nubes\/cuando-tienes-la-suerte-superar-tu-ego-en-la-empresa\/"]}]},{"@type":"ImageObject","inLanguage":"es","@id":"https:\/\/blogs.encamina.com\/en-las-nubes\/cuando-tienes-la-suerte-superar-tu-ego-en-la-empresa\/#primaryimage","url":"https:\/\/blogs.encamina.com\/en-las-nubes\/wp-content\/uploads\/sites\/9\/2014\/05\/listos_no_tan_listos.jpg","contentUrl":"https:\/\/blogs.encamina.com\/en-las-nubes\/wp-content\/uploads\/sites\/9\/2014\/05\/listos_no_tan_listos.jpg","width":166,"height":194},{"@type":"WebSite","@id":"https:\/\/blogs.encamina.com\/en-las-nubes\/#website","url":"https:\/\/blogs.encamina.com\/en-las-nubes\/","name":"Con la cabeza en las nubes y los pies en el suelo","description":"El proyecto empresarial necesita visi\u00f3n, pasi\u00f3n y un sue\u00f1o al final del camino, pero tambi\u00e9n hay que pisar tierra con paso firme y recuperarse de tropiezos m\u00e1s bien poco divinos.","potentialAction":[{"@type":"SearchAction","target":{"@type":"EntryPoint","urlTemplate":"https:\/\/blogs.encamina.com\/en-las-nubes\/?s={search_term_string}"},"query-input":{"@type":"PropertyValueSpecification","valueRequired":true,"valueName":"search_term_string"}}],"inLanguage":"es"},{"@type":"Person","@id":"https:\/\/blogs.encamina.com\/en-las-nubes\/#\/schema\/person\/486ee12091b3f96d238191159f897342","name":"Hugo de Juan","image":{"@type":"ImageObject","inLanguage":"es","@id":"https:\/\/secure.gravatar.com\/avatar\/da3366cf2fa4f0204b16b93ed8302a0c44452d571f45c1c3b63b3200ca8bd12f?s=96&d=mm&r=g","url":"https:\/\/secure.gravatar.com\/avatar\/da3366cf2fa4f0204b16b93ed8302a0c44452d571f45c1c3b63b3200ca8bd12f?s=96&d=mm&r=g","contentUrl":"https:\/\/secure.gravatar.com\/avatar\/da3366cf2fa4f0204b16b93ed8302a0c44452d571f45c1c3b63b3200ca8bd12f?s=96&d=mm&r=g","caption":"Hugo de Juan"},"description":"Ingeniero de Telecomunicaci\u00f3n en mis bases pas\u00e9 al lado oscuro con un master en Marketing y posteriormente con un executive MBA. Hoy CEO en ENCAMINA, socio director en ENTRESISTEMAS, profesor postgrado en ESIC Marketing &amp; Business School, estudiante y Doctor Ingeniero en econom\u00eda digital y sobre todo currante en muchas cosas. Me va el marketing, la tecnolog\u00eda, mi familia, los amigos y la vida buena, incluso m\u00e1s que la buena vida.","sameAs":["http:\/\/www.facebook.com\/pages\/encamina\/84575716581","http:\/\/es.linkedin.com\/in\/hugodejuan\/","https:\/\/x.com\/hdejuan","http:\/\/www.slideshare.net\/encamina"],"url":"https:\/\/blogs.encamina.com\/en-las-nubes\/author\/hdejuan\/"}]}},"_links":{"self":[{"href":"https:\/\/blogs.encamina.com\/en-las-nubes\/wp-json\/wp\/v2\/posts\/976","targetHints":{"allow":["GET"]}}],"collection":[{"href":"https:\/\/blogs.encamina.com\/en-las-nubes\/wp-json\/wp\/v2\/posts"}],"about":[{"href":"https:\/\/blogs.encamina.com\/en-las-nubes\/wp-json\/wp\/v2\/types\/post"}],"author":[{"embeddable":true,"href":"https:\/\/blogs.encamina.com\/en-las-nubes\/wp-json\/wp\/v2\/users\/9"}],"replies":[{"embeddable":true,"href":"https:\/\/blogs.encamina.com\/en-las-nubes\/wp-json\/wp\/v2\/comments?post=976"}],"version-history":[{"count":0,"href":"https:\/\/blogs.encamina.com\/en-las-nubes\/wp-json\/wp\/v2\/posts\/976\/revisions"}],"wp:attachment":[{"href":"https:\/\/blogs.encamina.com\/en-las-nubes\/wp-json\/wp\/v2\/media?parent=976"}],"wp:term":[{"taxonomy":"category","embeddable":true,"href":"https:\/\/blogs.encamina.com\/en-las-nubes\/wp-json\/wp\/v2\/categories?post=976"},{"taxonomy":"post_tag","embeddable":true,"href":"https:\/\/blogs.encamina.com\/en-las-nubes\/wp-json\/wp\/v2\/tags?post=976"}],"curies":[{"name":"wp","href":"https:\/\/api.w.org\/{rel}","templated":true}]}}