{"id":939,"date":"2014-04-17T12:33:13","date_gmt":"2014-04-17T11:33:13","guid":{"rendered":"http:\/\/blogs.encamina.com\/en-las-nubes\/?p=939"},"modified":"2014-04-17T14:37:05","modified_gmt":"2014-04-17T13:37:05","slug":"ese-dia-estas-tocado","status":"publish","type":"post","link":"https:\/\/blogs.encamina.com\/en-las-nubes\/ese-dia-estas-tocado\/","title":{"rendered":"Ese d\u00eda est\u00e1s \u201ctocado\u201d&#8230;"},"content":{"rendered":"<p>Ese d\u00eda que recibes dos malas noticias, descubres un problema, tienes un enfrentamiento y te duele la cabeza como nunca. Ese d\u00eda est\u00e1s \u201ctocado\u201d.<\/p>\n<p><a href=\"http:\/\/blogs.encamina.com\/en-las-nubes\/wp-content\/uploads\/sites\/9\/2014\/04\/tristeza.jpg\"><img loading=\"lazy\" decoding=\"async\" class=\"aligncenter size-full wp-image-940\" alt=\"tristeza\" src=\"http:\/\/blogs.encamina.com\/en-las-nubes\/wp-content\/uploads\/sites\/9\/2014\/04\/tristeza.jpg\" width=\"301\" height=\"167\" srcset=\"https:\/\/encaminablogs.wpenginepowered.com\/en-las-nubes\/wp-content\/uploads\/sites\/9\/2014\/04\/tristeza.jpg 301w, https:\/\/encaminablogs.wpenginepowered.com\/en-las-nubes\/wp-content\/uploads\/sites\/9\/2014\/04\/tristeza-300x166.jpg 300w\" sizes=\"auto, (max-width: 301px) 100vw, 301px\" \/><\/a><\/p>\n<p>Estar \u201ctocado\u201d, estar \u201cplof\u201d, estar \u201cabajo\u201d, es un estado indeseable para cualquier l\u00edder porque es lo que acabas transmitiendo a tus compa\u00f1eros, a la organizaci\u00f3n, a tu peque\u00f1o mundo, y eso puede provocar una espiral de ca\u00edda libre.<\/p>\n<p><!--more--><\/p>\n<p>Pero tambi\u00e9n es verdad que ese estado que te deja m\u00e1s blando, m\u00e1s sensible, menos impermeable. Y es un buen momento para comprender que todo el mundo es humano, que las personas estamos hechas (m\u00e1s) de sentimientos y emociones (que de ciclos de CPU y un mejor o peor sistema operativo).<\/p>\n<p>Es un buen momento para<strong> ser agradecido<\/strong>, para <strong>entender<\/strong> el esfuerzo y empe\u00f1o que de una manera u otra, con mayor o menor intensidad, todo el mundo hace.<\/p>\n<p>Pues eso, creo que <strong>hay que permitirse unas horas o minutos de baj\u00f3n, aprovecharlas en el lado humano y tirar otra vez arriba<\/strong>.<\/p>\n<p>Para los que trabajamos con el talento propio y ajeno, tenemos la problem\u00e1tica de trabajar con las m\u00e1quinas m\u00e1s complejas e imperfectas del planeta, y no es que vengan sin libro de instrucciones, es que cada una tiene su propio juego de instrucciones que ni \u00e9l o ella conoce.<\/p>\n<p style=\"text-align: center\"><img loading=\"lazy\" decoding=\"async\" class=\"aligncenter\" alt=\"photo posted on post-gazette.com\" src=\"http:\/\/blogs.encamina.com\/en-las-nubes\/wp-content\/uploads\/sites\/9\/2014\/04\/goldberg-dentrifico.jpg\" width=\"360\" height=\"251\" \/><\/p>\n<p>Hay muchos profesionales que saben mucho de esto (como nuestros amigos de <a href=\"http:\/\/www.organizacionessaludables.com\/\" target=\"_blank\">CONMAC<\/a>, o\u00a0<a href=\"http:\/\/lapalancadelexito.com\/\" target=\"_blank\">Juan Pedro S\u00e1nchez<\/a>, o\u00a0<a href=\"http:\/\/www.equipohumano.com\/es\/\" target=\"_blank\">Equipo Humano<\/a>, o\u00a0<a href=\"http:\/\/www.masequipo.es\/\" target=\"_blank\">Pascual Hern\u00e1ndez<\/a>\u00a0o muchos otros) y su misi\u00f3n es colaborar con las empresas para optimizar este \u00e1mbito del management, pero un primer paso que me propongo hoy es <strong>aceptar que somos personas, que a veces flojeamos, que en peque\u00f1as dosis es incluso bueno, y que hay comprender a los dem\u00e1s cuando tambi\u00e9n les pasa<\/strong>.<\/p>\n<p><strong>A partir de ah\u00ed, \u00a1v\u00e1monos arriba!.<\/strong> \u00a1V\u00e1monos a provechar cada minuto!.<\/p>\n<p><strong>V\u00e1monos a hacer cosas que valgan la pena, aunque sea a trav\u00e9s de peque\u00f1as contribuciones incluso an\u00f3nimas.<\/strong><\/p>\n<p><a href=\"http:\/\/blogs.encamina.com\/en-las-nubes\/wp-content\/uploads\/sites\/9\/2012\/02\/lets_go.jpg\"><img decoding=\"async\" class=\"aligncenter size-full wp-image-151\" alt=\"lets_go\" src=\"http:\/\/blogs.encamina.com\/en-las-nubes\/wp-content\/uploads\/sites\/9\/2012\/02\/lets_go.jpg\" \/><\/a><\/p>\n<!-- AddThis Advanced Settings generic via filter on the_content --><!-- AddThis Share Buttons generic via filter on the_content --><span class=\"et_bloom_bottom_trigger\"><\/span>","protected":false},"excerpt":{"rendered":"<p>Ese d\u00eda que recibes dos malas noticias, descubres un problema, tienes un enfrentamiento y te duele la cabeza como nunca. Ese d\u00eda est\u00e1s \u201ctocado\u201d. Estar \u201ctocado\u201d, estar \u201cplof\u201d, estar \u201cabajo\u201d, es un estado indeseable para cualquier l\u00edder porque es lo &hellip; <a href=\"https:\/\/blogs.encamina.com\/en-las-nubes\/ese-dia-estas-tocado\/\">Continue reading <span class=\"meta-nav\">&rarr;<\/span><\/a><!-- AddThis Advanced Settings generic via filter on get_the_excerpt --><!-- AddThis Share Buttons generic via filter on get_the_excerpt --><\/p>\n","protected":false},"author":9,"featured_media":0,"comment_status":"closed","ping_status":"closed","sticky":false,"template":"","format":"standard","meta":{"footnotes":""},"categories":[8,9],"tags":[76],"class_list":["post-939","post","type-post","status-publish","format-standard","hentry","category-reflexiones","category-vida","tag-estados-de-animo"],"yoast_head":"<!-- This site is optimized with the Yoast SEO Premium plugin v18.2.1 (Yoast SEO v27.3) - https:\/\/yoast.com\/product\/yoast-seo-premium-wordpress\/ -->\n<title>Ese d\u00eda est\u00e1s \u201ctocado\u201d... - Con la cabeza en las nubes y los pies en el suelo<\/title>\n<meta name=\"robots\" content=\"index, follow, max-snippet:-1, max-image-preview:large, max-video-preview:-1\" \/>\n<link rel=\"canonical\" href=\"http:\/\/blogs.encamina.com\/en-las-nubes\/ese-dia-estas-tocado\/\" \/>\n<meta property=\"og:locale\" content=\"es_ES\" \/>\n<meta property=\"og:type\" content=\"article\" \/>\n<meta property=\"og:title\" content=\"Ese d\u00eda est\u00e1s \u201ctocado\u201d...\" \/>\n<meta property=\"og:description\" content=\"Ese d\u00eda que recibes dos malas noticias, descubres un problema, tienes un enfrentamiento y te duele la cabeza como nunca. Ese d\u00eda est\u00e1s \u201ctocado\u201d. Estar \u201ctocado\u201d, estar \u201cplof\u201d, estar \u201cabajo\u201d, es un estado indeseable para cualquier l\u00edder porque es lo &hellip; Continue reading &rarr;\" \/>\n<meta property=\"og:url\" content=\"http:\/\/blogs.encamina.com\/en-las-nubes\/ese-dia-estas-tocado\/\" \/>\n<meta property=\"og:site_name\" content=\"Con la cabeza en las nubes y los pies en el suelo\" \/>\n<meta property=\"article:author\" content=\"http:\/\/www.facebook.com\/pages\/encamina\/84575716581\" \/>\n<meta property=\"article:published_time\" content=\"2014-04-17T11:33:13+00:00\" \/>\n<meta property=\"article:modified_time\" content=\"2014-04-17T13:37:05+00:00\" \/>\n<meta property=\"og:image\" content=\"http:\/\/blogs.encamina.com\/en-las-nubes\/wp-content\/uploads\/sites\/9\/2014\/04\/tristeza.jpg\" \/>\n<meta name=\"author\" content=\"Hugo de Juan\" \/>\n<meta name=\"twitter:card\" content=\"summary_large_image\" \/>\n<meta name=\"twitter:creator\" content=\"@hdejuan\" \/>\n<meta name=\"twitter:label1\" content=\"Escrito por\" \/>\n\t<meta name=\"twitter:data1\" content=\"Hugo de Juan\" \/>\n\t<meta name=\"twitter:label2\" content=\"Tiempo de lectura\" \/>\n\t<meta name=\"twitter:data2\" content=\"2 minutos\" \/>\n<script type=\"application\/ld+json\" class=\"yoast-schema-graph\">{\"@context\":\"https:\\\/\\\/schema.org\",\"@graph\":[{\"@type\":\"Article\",\"@id\":\"http:\\\/\\\/blogs.encamina.com\\\/en-las-nubes\\\/ese-dia-estas-tocado\\\/#article\",\"isPartOf\":{\"@id\":\"http:\\\/\\\/blogs.encamina.com\\\/en-las-nubes\\\/ese-dia-estas-tocado\\\/\"},\"author\":{\"name\":\"Hugo de Juan\",\"@id\":\"https:\\\/\\\/blogs.encamina.com\\\/en-las-nubes\\\/#\\\/schema\\\/person\\\/486ee12091b3f96d238191159f897342\"},\"headline\":\"Ese d\u00eda est\u00e1s \u201ctocado\u201d&#8230;\",\"datePublished\":\"2014-04-17T11:33:13+00:00\",\"dateModified\":\"2014-04-17T13:37:05+00:00\",\"mainEntityOfPage\":{\"@id\":\"http:\\\/\\\/blogs.encamina.com\\\/en-las-nubes\\\/ese-dia-estas-tocado\\\/\"},\"wordCount\":351,\"image\":{\"@id\":\"http:\\\/\\\/blogs.encamina.com\\\/en-las-nubes\\\/ese-dia-estas-tocado\\\/#primaryimage\"},\"thumbnailUrl\":\"http:\\\/\\\/blogs.encamina.com\\\/en-las-nubes\\\/wp-content\\\/uploads\\\/sites\\\/9\\\/2014\\\/04\\\/tristeza.jpg\",\"keywords\":[\"estados de \u00e1nimo\"],\"articleSection\":[\"reflexiones\",\"vida\"],\"inLanguage\":\"es\"},{\"@type\":\"WebPage\",\"@id\":\"http:\\\/\\\/blogs.encamina.com\\\/en-las-nubes\\\/ese-dia-estas-tocado\\\/\",\"url\":\"http:\\\/\\\/blogs.encamina.com\\\/en-las-nubes\\\/ese-dia-estas-tocado\\\/\",\"name\":\"Ese d\u00eda est\u00e1s \u201ctocado\u201d... - Con la cabeza en las nubes y los pies en el suelo\",\"isPartOf\":{\"@id\":\"https:\\\/\\\/blogs.encamina.com\\\/en-las-nubes\\\/#website\"},\"primaryImageOfPage\":{\"@id\":\"http:\\\/\\\/blogs.encamina.com\\\/en-las-nubes\\\/ese-dia-estas-tocado\\\/#primaryimage\"},\"image\":{\"@id\":\"http:\\\/\\\/blogs.encamina.com\\\/en-las-nubes\\\/ese-dia-estas-tocado\\\/#primaryimage\"},\"thumbnailUrl\":\"http:\\\/\\\/blogs.encamina.com\\\/en-las-nubes\\\/wp-content\\\/uploads\\\/sites\\\/9\\\/2014\\\/04\\\/tristeza.jpg\",\"datePublished\":\"2014-04-17T11:33:13+00:00\",\"dateModified\":\"2014-04-17T13:37:05+00:00\",\"author\":{\"@id\":\"https:\\\/\\\/blogs.encamina.com\\\/en-las-nubes\\\/#\\\/schema\\\/person\\\/486ee12091b3f96d238191159f897342\"},\"inLanguage\":\"es\",\"potentialAction\":[{\"@type\":\"ReadAction\",\"target\":[\"http:\\\/\\\/blogs.encamina.com\\\/en-las-nubes\\\/ese-dia-estas-tocado\\\/\"]}]},{\"@type\":\"ImageObject\",\"inLanguage\":\"es\",\"@id\":\"http:\\\/\\\/blogs.encamina.com\\\/en-las-nubes\\\/ese-dia-estas-tocado\\\/#primaryimage\",\"url\":\"https:\\\/\\\/blogs.encamina.com\\\/en-las-nubes\\\/wp-content\\\/uploads\\\/sites\\\/9\\\/2014\\\/04\\\/tristeza.jpg\",\"contentUrl\":\"https:\\\/\\\/blogs.encamina.com\\\/en-las-nubes\\\/wp-content\\\/uploads\\\/sites\\\/9\\\/2014\\\/04\\\/tristeza.jpg\",\"width\":301,\"height\":167},{\"@type\":\"WebSite\",\"@id\":\"https:\\\/\\\/blogs.encamina.com\\\/en-las-nubes\\\/#website\",\"url\":\"https:\\\/\\\/blogs.encamina.com\\\/en-las-nubes\\\/\",\"name\":\"Con la cabeza en las nubes y los pies en el suelo\",\"description\":\"El proyecto empresarial necesita visi\u00f3n, pasi\u00f3n y un sue\u00f1o al final del camino, pero tambi\u00e9n hay que pisar tierra con paso firme y recuperarse de tropiezos m\u00e1s bien poco divinos.\",\"potentialAction\":[{\"@type\":\"SearchAction\",\"target\":{\"@type\":\"EntryPoint\",\"urlTemplate\":\"https:\\\/\\\/blogs.encamina.com\\\/en-las-nubes\\\/?s={search_term_string}\"},\"query-input\":{\"@type\":\"PropertyValueSpecification\",\"valueRequired\":true,\"valueName\":\"search_term_string\"}}],\"inLanguage\":\"es\"},{\"@type\":\"Person\",\"@id\":\"https:\\\/\\\/blogs.encamina.com\\\/en-las-nubes\\\/#\\\/schema\\\/person\\\/486ee12091b3f96d238191159f897342\",\"name\":\"Hugo de Juan\",\"image\":{\"@type\":\"ImageObject\",\"inLanguage\":\"es\",\"@id\":\"https:\\\/\\\/secure.gravatar.com\\\/avatar\\\/da3366cf2fa4f0204b16b93ed8302a0c44452d571f45c1c3b63b3200ca8bd12f?s=96&d=mm&r=g\",\"url\":\"https:\\\/\\\/secure.gravatar.com\\\/avatar\\\/da3366cf2fa4f0204b16b93ed8302a0c44452d571f45c1c3b63b3200ca8bd12f?s=96&d=mm&r=g\",\"contentUrl\":\"https:\\\/\\\/secure.gravatar.com\\\/avatar\\\/da3366cf2fa4f0204b16b93ed8302a0c44452d571f45c1c3b63b3200ca8bd12f?s=96&d=mm&r=g\",\"caption\":\"Hugo de Juan\"},\"description\":\"Ingeniero de Telecomunicaci\u00f3n en mis bases pas\u00e9 al lado oscuro con un master en Marketing y posteriormente con un executive MBA. Hoy CEO en ENCAMINA, socio director en ENTRESISTEMAS, profesor postgrado en ESIC Marketing &amp; Business School, estudiante y Doctor Ingeniero en econom\u00eda digital y sobre todo currante en muchas cosas. Me va el marketing, la tecnolog\u00eda, mi familia, los amigos y la vida buena, incluso m\u00e1s que la buena vida.\",\"sameAs\":[\"http:\\\/\\\/www.facebook.com\\\/pages\\\/encamina\\\/84575716581\",\"http:\\\/\\\/es.linkedin.com\\\/in\\\/hugodejuan\\\/\",\"https:\\\/\\\/x.com\\\/hdejuan\",\"http:\\\/\\\/www.slideshare.net\\\/encamina\"],\"url\":\"https:\\\/\\\/blogs.encamina.com\\\/en-las-nubes\\\/author\\\/hdejuan\\\/\"}]}<\/script>\n<!-- \/ Yoast SEO Premium plugin. -->","yoast_head_json":{"title":"Ese d\u00eda est\u00e1s \u201ctocado\u201d... - Con la cabeza en las nubes y los pies en el suelo","robots":{"index":"index","follow":"follow","max-snippet":"max-snippet:-1","max-image-preview":"max-image-preview:large","max-video-preview":"max-video-preview:-1"},"canonical":"http:\/\/blogs.encamina.com\/en-las-nubes\/ese-dia-estas-tocado\/","og_locale":"es_ES","og_type":"article","og_title":"Ese d\u00eda est\u00e1s \u201ctocado\u201d...","og_description":"Ese d\u00eda que recibes dos malas noticias, descubres un problema, tienes un enfrentamiento y te duele la cabeza como nunca. Ese d\u00eda est\u00e1s \u201ctocado\u201d. Estar \u201ctocado\u201d, estar \u201cplof\u201d, estar \u201cabajo\u201d, es un estado indeseable para cualquier l\u00edder porque es lo &hellip; Continue reading &rarr;","og_url":"http:\/\/blogs.encamina.com\/en-las-nubes\/ese-dia-estas-tocado\/","og_site_name":"Con la cabeza en las nubes y los pies en el suelo","article_author":"http:\/\/www.facebook.com\/pages\/encamina\/84575716581","article_published_time":"2014-04-17T11:33:13+00:00","article_modified_time":"2014-04-17T13:37:05+00:00","og_image":[{"url":"http:\/\/blogs.encamina.com\/en-las-nubes\/wp-content\/uploads\/sites\/9\/2014\/04\/tristeza.jpg","type":"","width":"","height":""}],"author":"Hugo de Juan","twitter_card":"summary_large_image","twitter_creator":"@hdejuan","twitter_misc":{"Escrito por":"Hugo de Juan","Tiempo de lectura":"2 minutos"},"schema":{"@context":"https:\/\/schema.org","@graph":[{"@type":"Article","@id":"http:\/\/blogs.encamina.com\/en-las-nubes\/ese-dia-estas-tocado\/#article","isPartOf":{"@id":"http:\/\/blogs.encamina.com\/en-las-nubes\/ese-dia-estas-tocado\/"},"author":{"name":"Hugo de Juan","@id":"https:\/\/blogs.encamina.com\/en-las-nubes\/#\/schema\/person\/486ee12091b3f96d238191159f897342"},"headline":"Ese d\u00eda est\u00e1s \u201ctocado\u201d&#8230;","datePublished":"2014-04-17T11:33:13+00:00","dateModified":"2014-04-17T13:37:05+00:00","mainEntityOfPage":{"@id":"http:\/\/blogs.encamina.com\/en-las-nubes\/ese-dia-estas-tocado\/"},"wordCount":351,"image":{"@id":"http:\/\/blogs.encamina.com\/en-las-nubes\/ese-dia-estas-tocado\/#primaryimage"},"thumbnailUrl":"http:\/\/blogs.encamina.com\/en-las-nubes\/wp-content\/uploads\/sites\/9\/2014\/04\/tristeza.jpg","keywords":["estados de \u00e1nimo"],"articleSection":["reflexiones","vida"],"inLanguage":"es"},{"@type":"WebPage","@id":"http:\/\/blogs.encamina.com\/en-las-nubes\/ese-dia-estas-tocado\/","url":"http:\/\/blogs.encamina.com\/en-las-nubes\/ese-dia-estas-tocado\/","name":"Ese d\u00eda est\u00e1s \u201ctocado\u201d... - Con la cabeza en las nubes y los pies en el suelo","isPartOf":{"@id":"https:\/\/blogs.encamina.com\/en-las-nubes\/#website"},"primaryImageOfPage":{"@id":"http:\/\/blogs.encamina.com\/en-las-nubes\/ese-dia-estas-tocado\/#primaryimage"},"image":{"@id":"http:\/\/blogs.encamina.com\/en-las-nubes\/ese-dia-estas-tocado\/#primaryimage"},"thumbnailUrl":"http:\/\/blogs.encamina.com\/en-las-nubes\/wp-content\/uploads\/sites\/9\/2014\/04\/tristeza.jpg","datePublished":"2014-04-17T11:33:13+00:00","dateModified":"2014-04-17T13:37:05+00:00","author":{"@id":"https:\/\/blogs.encamina.com\/en-las-nubes\/#\/schema\/person\/486ee12091b3f96d238191159f897342"},"inLanguage":"es","potentialAction":[{"@type":"ReadAction","target":["http:\/\/blogs.encamina.com\/en-las-nubes\/ese-dia-estas-tocado\/"]}]},{"@type":"ImageObject","inLanguage":"es","@id":"http:\/\/blogs.encamina.com\/en-las-nubes\/ese-dia-estas-tocado\/#primaryimage","url":"https:\/\/blogs.encamina.com\/en-las-nubes\/wp-content\/uploads\/sites\/9\/2014\/04\/tristeza.jpg","contentUrl":"https:\/\/blogs.encamina.com\/en-las-nubes\/wp-content\/uploads\/sites\/9\/2014\/04\/tristeza.jpg","width":301,"height":167},{"@type":"WebSite","@id":"https:\/\/blogs.encamina.com\/en-las-nubes\/#website","url":"https:\/\/blogs.encamina.com\/en-las-nubes\/","name":"Con la cabeza en las nubes y los pies en el suelo","description":"El proyecto empresarial necesita visi\u00f3n, pasi\u00f3n y un sue\u00f1o al final del camino, pero tambi\u00e9n hay que pisar tierra con paso firme y recuperarse de tropiezos m\u00e1s bien poco divinos.","potentialAction":[{"@type":"SearchAction","target":{"@type":"EntryPoint","urlTemplate":"https:\/\/blogs.encamina.com\/en-las-nubes\/?s={search_term_string}"},"query-input":{"@type":"PropertyValueSpecification","valueRequired":true,"valueName":"search_term_string"}}],"inLanguage":"es"},{"@type":"Person","@id":"https:\/\/blogs.encamina.com\/en-las-nubes\/#\/schema\/person\/486ee12091b3f96d238191159f897342","name":"Hugo de Juan","image":{"@type":"ImageObject","inLanguage":"es","@id":"https:\/\/secure.gravatar.com\/avatar\/da3366cf2fa4f0204b16b93ed8302a0c44452d571f45c1c3b63b3200ca8bd12f?s=96&d=mm&r=g","url":"https:\/\/secure.gravatar.com\/avatar\/da3366cf2fa4f0204b16b93ed8302a0c44452d571f45c1c3b63b3200ca8bd12f?s=96&d=mm&r=g","contentUrl":"https:\/\/secure.gravatar.com\/avatar\/da3366cf2fa4f0204b16b93ed8302a0c44452d571f45c1c3b63b3200ca8bd12f?s=96&d=mm&r=g","caption":"Hugo de Juan"},"description":"Ingeniero de Telecomunicaci\u00f3n en mis bases pas\u00e9 al lado oscuro con un master en Marketing y posteriormente con un executive MBA. Hoy CEO en ENCAMINA, socio director en ENTRESISTEMAS, profesor postgrado en ESIC Marketing &amp; Business School, estudiante y Doctor Ingeniero en econom\u00eda digital y sobre todo currante en muchas cosas. Me va el marketing, la tecnolog\u00eda, mi familia, los amigos y la vida buena, incluso m\u00e1s que la buena vida.","sameAs":["http:\/\/www.facebook.com\/pages\/encamina\/84575716581","http:\/\/es.linkedin.com\/in\/hugodejuan\/","https:\/\/x.com\/hdejuan","http:\/\/www.slideshare.net\/encamina"],"url":"https:\/\/blogs.encamina.com\/en-las-nubes\/author\/hdejuan\/"}]}},"_links":{"self":[{"href":"https:\/\/blogs.encamina.com\/en-las-nubes\/wp-json\/wp\/v2\/posts\/939","targetHints":{"allow":["GET"]}}],"collection":[{"href":"https:\/\/blogs.encamina.com\/en-las-nubes\/wp-json\/wp\/v2\/posts"}],"about":[{"href":"https:\/\/blogs.encamina.com\/en-las-nubes\/wp-json\/wp\/v2\/types\/post"}],"author":[{"embeddable":true,"href":"https:\/\/blogs.encamina.com\/en-las-nubes\/wp-json\/wp\/v2\/users\/9"}],"replies":[{"embeddable":true,"href":"https:\/\/blogs.encamina.com\/en-las-nubes\/wp-json\/wp\/v2\/comments?post=939"}],"version-history":[{"count":0,"href":"https:\/\/blogs.encamina.com\/en-las-nubes\/wp-json\/wp\/v2\/posts\/939\/revisions"}],"wp:attachment":[{"href":"https:\/\/blogs.encamina.com\/en-las-nubes\/wp-json\/wp\/v2\/media?parent=939"}],"wp:term":[{"taxonomy":"category","embeddable":true,"href":"https:\/\/blogs.encamina.com\/en-las-nubes\/wp-json\/wp\/v2\/categories?post=939"},{"taxonomy":"post_tag","embeddable":true,"href":"https:\/\/blogs.encamina.com\/en-las-nubes\/wp-json\/wp\/v2\/tags?post=939"}],"curies":[{"name":"wp","href":"https:\/\/api.w.org\/{rel}","templated":true}]}}