{"id":905,"date":"2014-02-20T09:38:17","date_gmt":"2014-02-20T08:38:17","guid":{"rendered":"http:\/\/blogs.encamina.com\/en-las-nubes\/?p=905"},"modified":"2014-02-20T13:50:49","modified_gmt":"2014-02-20T12:50:49","slug":"las-empresas-tendran-que-adaptarse-esta-3a-era-digital-segun-escuche-en-esic","status":"publish","type":"post","link":"https:\/\/blogs.encamina.com\/en-las-nubes\/las-empresas-tendran-que-adaptarse-esta-3a-era-digital-segun-escuche-en-esic\/","title":{"rendered":"Las empresas tendr\u00e1n que adaptarse a esta 3\u00aa era digital, seg\u00fan escuch\u00e9 en ESIC"},"content":{"rendered":"<p>El pasado jueves 6 de Febrero se celebr\u00f3 un nuevo <a href=\"http:\/\/www.lasprovincias.es\/20140210\/economia\/estan-preparadas-empresas-para-201402101651.html\" target=\"_blank\">Almuerzo de trabajo organizado por ESIC Business&amp;Marketing School y LAS PROVINCIAS sobre si nuestras empresas, directivos y sociedad est\u00e1n preparadas para el necesario proceso de digitalizaci\u00f3n <\/a>que exige esta nueva era en la que nos hemos adentrado. Y tuve la suerte de poder conducirlo y moderarlo.<\/p>\n<p><a href=\"http:\/\/blogs.encamina.com\/en-las-nubes\/wp-content\/uploads\/sites\/9\/2014\/02\/esic1-647x231.jpg\"><img loading=\"lazy\" decoding=\"async\" class=\"alignnone size-full wp-image-906\" alt=\"esic1--647x231\" src=\"http:\/\/blogs.encamina.com\/en-las-nubes\/wp-content\/uploads\/sites\/9\/2014\/02\/esic1-647x231.jpg\" width=\"647\" height=\"231\" srcset=\"https:\/\/encaminablogs.wpenginepowered.com\/en-las-nubes\/wp-content\/uploads\/sites\/9\/2014\/02\/esic1-647x231.jpg 647w, https:\/\/encaminablogs.wpenginepowered.com\/en-las-nubes\/wp-content\/uploads\/sites\/9\/2014\/02\/esic1-647x231-300x107.jpg 300w\" sizes=\"auto, (max-width: 647px) 100vw, 647px\" \/><\/a><\/p>\n<p><!--more--><br \/>\nLos participantes que intervinieron fueron realmente l\u00facidos y constructivos ante esta problem\u00e1tica, y la pena fue no haber tenido m\u00e1s tiempo para poderles sacar m\u00e1s jugo en esta cuesti\u00f3n clave para nuestras empresas y nuestra econom\u00eda.<\/p>\n<p>Y es que una gran mayor\u00eda de los directivos de <strong>la empresa \u201ccl\u00e1sica\u201d suspende en \u201cCultura Digital\u201d<\/strong> y se agudiza m\u00e1s todav\u00eda en la Direcci\u00f3n General. Y no solo es una cuesti\u00f3n generacional, tambi\u00e9n influyen mucho las exigencias cortoplacistas del periodo econ\u00f3mico actual, m\u00e1s centrado en el ahorro de costes y la pura eficiencia, que en el crecimiento y la reinvenci\u00f3n.<\/p>\n<p>Por otro lado, hay que entonar el \u201cmea culpa\u201d desde el sector TIC y consultores especialistas en la materia, porque no sabemos conectar a nivel de vocabulario, de\u00a0discurso, ni de visi\u00f3n de negocio, etc.\u00a0con la Direcci\u00f3n de las empresas (as\u00ed no me extra\u00f1a cuando esa misma tarde en el <a href=\"http:\/\/esic.edu\/actualidad\/digital-business-summit-valencia\/\" target=\"_blank\">Digital Summit\u00a0<\/a>un t\u00e9cnico de marketing exclamaba \u201cmi CEO no ve sentido a la inversi\u00f3n en SEO que le hemos propuesto\u201d) .<\/p>\n<p><a href=\"http:\/\/WWW.ESIC.EDU\" target=\"_blank\"><img loading=\"lazy\" decoding=\"async\" class=\"size-full wp-image-907 aligncenter\" alt=\"ESIC\" src=\"http:\/\/blogs.encamina.com\/en-las-nubes\/wp-content\/uploads\/sites\/9\/2014\/02\/ESIC.jpg\" width=\"377\" height=\"134\" srcset=\"https:\/\/encaminablogs.wpenginepowered.com\/en-las-nubes\/wp-content\/uploads\/sites\/9\/2014\/02\/ESIC.jpg 377w, https:\/\/encaminablogs.wpenginepowered.com\/en-las-nubes\/wp-content\/uploads\/sites\/9\/2014\/02\/ESIC-300x106.jpg 300w\" sizes=\"auto, (max-width: 377px) 100vw, 377px\" \/><\/a><\/p>\n<p>Una vez la audiencia del almuerzo de trabajo de ESIC y LAS PROVINCIAS se puso a proponer v\u00edas para allanar el camino de la digitalizaci\u00f3n de nuestras empresas, surgieron muchas ideas:<\/p>\n<ul>\n<li>La formaci\u00f3n en cultura digital de nuestros ejecutivos (como <a href=\"http:\/\/www.esic.edu\/es\/master-digital-business\/\" target=\"_blank\">el MBD de ESIC<\/a>), con especial incidencia en los CEOs de la empresa tradicional (como el<a href=\"http:\/\/www.icemd.com\/formacion_presentacion.html?id_curso=10242&amp;id_convocatoria=10258\" target=\"_blank\"> Senior Management Program in Digital <\/a><a href=\"http:\/\/www.icemd.com\/formacion_presentacion.html?id_curso=10242&amp;id_convocatoria=10258\" target=\"_blank\">Business <\/a>de ICEMD)<\/li>\n<li>Dar cabida a las nuevas generaciones (<a href=\"http:\/\/es.wikipedia.org\/wiki\/Generaci%C3%B3n_Y\" target=\"_blank\">la famosa generaci\u00f3n Y<\/a>) en los equipos directivos<\/li>\n<li>Difundir con intensidad <a title=\"casos de \u00e9xito de ENCAMINA\" href=\"http:\/\/www.encamina.com\/resultados\/\" target=\"_blank\">casos de \u00e9xito <\/a>cercanos y cotidianos de empresas que han triunfado con la digitalizaci\u00f3n de su organizaci\u00f3n e incluso explicar tambi\u00e9n los casos de fracaso empresarial (para una sociedad que debe aprender a innovar, enfrentarse a los retos y asumir los riesgos sabiendo que estos forman parte del ciclo emprendedor).<\/li>\n<li>Animar a que los directivos, empresarios y emprendedores deben hacer uso de las fuentes de <a href=\"http:\/\/www.cvban.org\/\" target=\"_blank\">financiaci\u00f3n privada <\/a>y <a href=\"http:\/\/www.ivf.gva.es\/p.aspx?pag=FinanciacionEmpresarial\" target=\"_blank\">financiaci\u00f3n p\u00fablica<\/a> disponible, pero conociendo las reglas del juego, aunando talento de negocio con el talento digital, y tambi\u00e9n con el de las habilidades emocionales y relacionales 2.0 de este nuevo entorno.<\/li>\n<li>La nueva visi\u00f3n del paradigma digital debe estar impregnada en nuestras empresas y son sus m\u00e1ximos l\u00edderes los que deben impulsarla. Suger\u00edan los asistentes que, como m\u00ednimo, el CEO debe catalizar el gran papel de transformaci\u00f3n que cada directivo puede realizar en su \u00e1rea de influencia, desde el Dtor. de Marketing o CMO, al CIO o Dtor. de Inform\u00e1tica, pasando por la Direcci\u00f3n de Personas, Producci\u00f3n, Log\u00edstica y resto de \u00e1reas de cualquier empresa.<\/li>\n<\/ul>\n<p>Los asistentes nos animaron a ser optimistas, pero personalmente creo que los directivos y empresarios tenemos un reto dif\u00edcil,\u00a0 para el que todav\u00eda\u00a0no sabemos ni cu\u00e1ndo ni por d\u00f3nde empezar. A la propia incertidumbre personal me remito, tal como comentaba en el post \u00ab<a href=\"http:\/\/blogs.encamina.com\/en-las-nubes\/2014\/01\/30\/hora-de-repensar-nuestros-negocios-en-clave-digital\/\" target=\"_blank\">Hora de repensar nuestros negocios en clave digital. Al menos los nuestros<\/a>\u00ab.<\/p>\n<p>No s\u00e9 qu\u00e9 piensas t\u00fa,\u00a0 pero lo que yo s\u00ed que tengo claro es que talento, actitud y energ\u00eda hay de sobra, y que por suerte o por desgracia, a la fuerza ahorcan. As\u00ed que, como solemos decir por mi casa:<\/p>\n<p><a href=\"http:\/\/blogs.encamina.com\/en-las-nubes\/wp-content\/uploads\/sites\/9\/2012\/02\/lets_go.jpg\"><img decoding=\"async\" class=\"size-full wp-image-151 aligncenter\" alt=\"lets_go\" src=\"http:\/\/blogs.encamina.com\/en-las-nubes\/wp-content\/uploads\/sites\/9\/2012\/02\/lets_go.jpg\" \/><\/a><\/p>\n<!-- AddThis Advanced Settings generic via filter on the_content --><!-- AddThis Share Buttons generic via filter on the_content --><span class=\"et_bloom_bottom_trigger\"><\/span>","protected":false},"excerpt":{"rendered":"<p>El pasado jueves 6 de Febrero se celebr\u00f3 un nuevo Almuerzo de trabajo organizado por ESIC Business&amp;Marketing School y LAS PROVINCIAS sobre si nuestras empresas, directivos y sociedad est\u00e1n preparadas para el necesario proceso de digitalizaci\u00f3n que exige esta nueva &hellip; <a href=\"https:\/\/blogs.encamina.com\/en-las-nubes\/las-empresas-tendran-que-adaptarse-esta-3a-era-digital-segun-escuche-en-esic\/\">Continue reading <span class=\"meta-nav\">&rarr;<\/span><\/a><!-- AddThis Advanced Settings generic via filter on get_the_excerpt --><!-- AddThis Share Buttons generic via filter on get_the_excerpt --><\/p>\n","protected":false},"author":9,"featured_media":0,"comment_status":"closed","ping_status":"closed","sticky":false,"template":"","format":"standard","meta":{"footnotes":""},"categories":[7,8,10],"tags":[69,63,70,71],"class_list":["post-905","post","type-post","status-publish","format-standard","hentry","category-estrategia","category-reflexiones","category-vision","tag-cambio-de-modelo","tag-digitalizacion","tag-esic","tag-icemd"],"yoast_head":"<!-- This site is optimized with the Yoast SEO Premium plugin v18.2.1 (Yoast SEO v27.3) - https:\/\/yoast.com\/product\/yoast-seo-premium-wordpress\/ -->\n<title>Las empresas tendr\u00e1n que adaptarse a esta 3\u00aa era digital, seg\u00fan escuch\u00e9 en ESIC - Con la cabeza en las nubes y los pies en el suelo<\/title>\n<meta name=\"robots\" content=\"index, follow, max-snippet:-1, max-image-preview:large, max-video-preview:-1\" \/>\n<link rel=\"canonical\" href=\"http:\/\/blogs.encamina.com\/en-las-nubes\/las-empresas-tendran-que-adaptarse-esta-3a-era-digital-segun-escuche-en-esic\/\" \/>\n<meta property=\"og:locale\" content=\"es_ES\" \/>\n<meta property=\"og:type\" content=\"article\" \/>\n<meta property=\"og:title\" content=\"Las empresas tendr\u00e1n que adaptarse a esta 3\u00aa era digital, seg\u00fan escuch\u00e9 en ESIC\" \/>\n<meta property=\"og:description\" content=\"El pasado jueves 6 de Febrero se celebr\u00f3 un nuevo Almuerzo de trabajo organizado por ESIC Business&amp;Marketing School y LAS PROVINCIAS sobre si nuestras empresas, directivos y sociedad est\u00e1n preparadas para el necesario proceso de digitalizaci\u00f3n que exige esta nueva &hellip; Continue reading &rarr;\" \/>\n<meta property=\"og:url\" content=\"http:\/\/blogs.encamina.com\/en-las-nubes\/las-empresas-tendran-que-adaptarse-esta-3a-era-digital-segun-escuche-en-esic\/\" \/>\n<meta property=\"og:site_name\" content=\"Con la cabeza en las nubes y los pies en el suelo\" \/>\n<meta property=\"article:author\" content=\"http:\/\/www.facebook.com\/pages\/encamina\/84575716581\" \/>\n<meta property=\"article:published_time\" content=\"2014-02-20T08:38:17+00:00\" \/>\n<meta property=\"article:modified_time\" content=\"2014-02-20T12:50:49+00:00\" \/>\n<meta property=\"og:image\" content=\"http:\/\/blogs.encamina.com\/en-las-nubes\/wp-content\/uploads\/sites\/9\/2014\/02\/esic1-647x231.jpg\" \/>\n<meta name=\"author\" content=\"Hugo de Juan\" \/>\n<meta name=\"twitter:card\" content=\"summary_large_image\" \/>\n<meta name=\"twitter:creator\" content=\"@hdejuan\" \/>\n<meta name=\"twitter:label1\" content=\"Escrito por\" \/>\n\t<meta name=\"twitter:data1\" content=\"Hugo de Juan\" \/>\n\t<meta name=\"twitter:label2\" content=\"Tiempo de lectura\" \/>\n\t<meta name=\"twitter:data2\" content=\"3 minutos\" \/>\n<script type=\"application\/ld+json\" class=\"yoast-schema-graph\">{\"@context\":\"https:\\\/\\\/schema.org\",\"@graph\":[{\"@type\":\"Article\",\"@id\":\"http:\\\/\\\/blogs.encamina.com\\\/en-las-nubes\\\/las-empresas-tendran-que-adaptarse-esta-3a-era-digital-segun-escuche-en-esic\\\/#article\",\"isPartOf\":{\"@id\":\"http:\\\/\\\/blogs.encamina.com\\\/en-las-nubes\\\/las-empresas-tendran-que-adaptarse-esta-3a-era-digital-segun-escuche-en-esic\\\/\"},\"author\":{\"name\":\"Hugo de Juan\",\"@id\":\"https:\\\/\\\/blogs.encamina.com\\\/en-las-nubes\\\/#\\\/schema\\\/person\\\/486ee12091b3f96d238191159f897342\"},\"headline\":\"Las empresas tendr\u00e1n que adaptarse a esta 3\u00aa era digital, seg\u00fan escuch\u00e9 en ESIC\",\"datePublished\":\"2014-02-20T08:38:17+00:00\",\"dateModified\":\"2014-02-20T12:50:49+00:00\",\"mainEntityOfPage\":{\"@id\":\"http:\\\/\\\/blogs.encamina.com\\\/en-las-nubes\\\/las-empresas-tendran-que-adaptarse-esta-3a-era-digital-segun-escuche-en-esic\\\/\"},\"wordCount\":641,\"image\":{\"@id\":\"http:\\\/\\\/blogs.encamina.com\\\/en-las-nubes\\\/las-empresas-tendran-que-adaptarse-esta-3a-era-digital-segun-escuche-en-esic\\\/#primaryimage\"},\"thumbnailUrl\":\"http:\\\/\\\/blogs.encamina.com\\\/en-las-nubes\\\/wp-content\\\/uploads\\\/sites\\\/9\\\/2014\\\/02\\\/esic1-647x231.jpg\",\"keywords\":[\"cambio de modelo\",\"digitalizaci\u00f3n\",\"ESIC\",\"ICEMD\"],\"articleSection\":[\"estrategia\",\"reflexiones\",\"visi\u00f3n\"],\"inLanguage\":\"es\"},{\"@type\":\"WebPage\",\"@id\":\"http:\\\/\\\/blogs.encamina.com\\\/en-las-nubes\\\/las-empresas-tendran-que-adaptarse-esta-3a-era-digital-segun-escuche-en-esic\\\/\",\"url\":\"http:\\\/\\\/blogs.encamina.com\\\/en-las-nubes\\\/las-empresas-tendran-que-adaptarse-esta-3a-era-digital-segun-escuche-en-esic\\\/\",\"name\":\"Las empresas tendr\u00e1n que adaptarse a esta 3\u00aa era digital, seg\u00fan escuch\u00e9 en ESIC - Con la cabeza en las nubes y los pies en el suelo\",\"isPartOf\":{\"@id\":\"https:\\\/\\\/blogs.encamina.com\\\/en-las-nubes\\\/#website\"},\"primaryImageOfPage\":{\"@id\":\"http:\\\/\\\/blogs.encamina.com\\\/en-las-nubes\\\/las-empresas-tendran-que-adaptarse-esta-3a-era-digital-segun-escuche-en-esic\\\/#primaryimage\"},\"image\":{\"@id\":\"http:\\\/\\\/blogs.encamina.com\\\/en-las-nubes\\\/las-empresas-tendran-que-adaptarse-esta-3a-era-digital-segun-escuche-en-esic\\\/#primaryimage\"},\"thumbnailUrl\":\"http:\\\/\\\/blogs.encamina.com\\\/en-las-nubes\\\/wp-content\\\/uploads\\\/sites\\\/9\\\/2014\\\/02\\\/esic1-647x231.jpg\",\"datePublished\":\"2014-02-20T08:38:17+00:00\",\"dateModified\":\"2014-02-20T12:50:49+00:00\",\"author\":{\"@id\":\"https:\\\/\\\/blogs.encamina.com\\\/en-las-nubes\\\/#\\\/schema\\\/person\\\/486ee12091b3f96d238191159f897342\"},\"inLanguage\":\"es\",\"potentialAction\":[{\"@type\":\"ReadAction\",\"target\":[\"http:\\\/\\\/blogs.encamina.com\\\/en-las-nubes\\\/las-empresas-tendran-que-adaptarse-esta-3a-era-digital-segun-escuche-en-esic\\\/\"]}]},{\"@type\":\"ImageObject\",\"inLanguage\":\"es\",\"@id\":\"http:\\\/\\\/blogs.encamina.com\\\/en-las-nubes\\\/las-empresas-tendran-que-adaptarse-esta-3a-era-digital-segun-escuche-en-esic\\\/#primaryimage\",\"url\":\"http:\\\/\\\/blogs.encamina.com\\\/en-las-nubes\\\/wp-content\\\/uploads\\\/sites\\\/9\\\/2014\\\/02\\\/esic1-647x231.jpg\",\"contentUrl\":\"http:\\\/\\\/blogs.encamina.com\\\/en-las-nubes\\\/wp-content\\\/uploads\\\/sites\\\/9\\\/2014\\\/02\\\/esic1-647x231.jpg\"},{\"@type\":\"WebSite\",\"@id\":\"https:\\\/\\\/blogs.encamina.com\\\/en-las-nubes\\\/#website\",\"url\":\"https:\\\/\\\/blogs.encamina.com\\\/en-las-nubes\\\/\",\"name\":\"Con la cabeza en las nubes y los pies en el suelo\",\"description\":\"El proyecto empresarial necesita visi\u00f3n, pasi\u00f3n y un sue\u00f1o al final del camino, pero tambi\u00e9n hay que pisar tierra con paso firme y recuperarse de tropiezos m\u00e1s bien poco divinos.\",\"potentialAction\":[{\"@type\":\"SearchAction\",\"target\":{\"@type\":\"EntryPoint\",\"urlTemplate\":\"https:\\\/\\\/blogs.encamina.com\\\/en-las-nubes\\\/?s={search_term_string}\"},\"query-input\":{\"@type\":\"PropertyValueSpecification\",\"valueRequired\":true,\"valueName\":\"search_term_string\"}}],\"inLanguage\":\"es\"},{\"@type\":\"Person\",\"@id\":\"https:\\\/\\\/blogs.encamina.com\\\/en-las-nubes\\\/#\\\/schema\\\/person\\\/486ee12091b3f96d238191159f897342\",\"name\":\"Hugo de Juan\",\"image\":{\"@type\":\"ImageObject\",\"inLanguage\":\"es\",\"@id\":\"https:\\\/\\\/secure.gravatar.com\\\/avatar\\\/da3366cf2fa4f0204b16b93ed8302a0c44452d571f45c1c3b63b3200ca8bd12f?s=96&d=mm&r=g\",\"url\":\"https:\\\/\\\/secure.gravatar.com\\\/avatar\\\/da3366cf2fa4f0204b16b93ed8302a0c44452d571f45c1c3b63b3200ca8bd12f?s=96&d=mm&r=g\",\"contentUrl\":\"https:\\\/\\\/secure.gravatar.com\\\/avatar\\\/da3366cf2fa4f0204b16b93ed8302a0c44452d571f45c1c3b63b3200ca8bd12f?s=96&d=mm&r=g\",\"caption\":\"Hugo de Juan\"},\"description\":\"Ingeniero de Telecomunicaci\u00f3n en mis bases pas\u00e9 al lado oscuro con un master en Marketing y posteriormente con un executive MBA. Hoy CEO en ENCAMINA, socio director en ENTRESISTEMAS, profesor postgrado en ESIC Marketing &amp; Business School, estudiante y Doctor Ingeniero en econom\u00eda digital y sobre todo currante en muchas cosas. Me va el marketing, la tecnolog\u00eda, mi familia, los amigos y la vida buena, incluso m\u00e1s que la buena vida.\",\"sameAs\":[\"http:\\\/\\\/www.facebook.com\\\/pages\\\/encamina\\\/84575716581\",\"http:\\\/\\\/es.linkedin.com\\\/in\\\/hugodejuan\\\/\",\"https:\\\/\\\/x.com\\\/hdejuan\",\"http:\\\/\\\/www.slideshare.net\\\/encamina\"],\"url\":\"https:\\\/\\\/blogs.encamina.com\\\/en-las-nubes\\\/author\\\/hdejuan\\\/\"}]}<\/script>\n<!-- \/ Yoast SEO Premium plugin. -->","yoast_head_json":{"title":"Las empresas tendr\u00e1n que adaptarse a esta 3\u00aa era digital, seg\u00fan escuch\u00e9 en ESIC - Con la cabeza en las nubes y los pies en el suelo","robots":{"index":"index","follow":"follow","max-snippet":"max-snippet:-1","max-image-preview":"max-image-preview:large","max-video-preview":"max-video-preview:-1"},"canonical":"http:\/\/blogs.encamina.com\/en-las-nubes\/las-empresas-tendran-que-adaptarse-esta-3a-era-digital-segun-escuche-en-esic\/","og_locale":"es_ES","og_type":"article","og_title":"Las empresas tendr\u00e1n que adaptarse a esta 3\u00aa era digital, seg\u00fan escuch\u00e9 en ESIC","og_description":"El pasado jueves 6 de Febrero se celebr\u00f3 un nuevo Almuerzo de trabajo organizado por ESIC Business&amp;Marketing School y LAS PROVINCIAS sobre si nuestras empresas, directivos y sociedad est\u00e1n preparadas para el necesario proceso de digitalizaci\u00f3n que exige esta nueva &hellip; Continue reading &rarr;","og_url":"http:\/\/blogs.encamina.com\/en-las-nubes\/las-empresas-tendran-que-adaptarse-esta-3a-era-digital-segun-escuche-en-esic\/","og_site_name":"Con la cabeza en las nubes y los pies en el suelo","article_author":"http:\/\/www.facebook.com\/pages\/encamina\/84575716581","article_published_time":"2014-02-20T08:38:17+00:00","article_modified_time":"2014-02-20T12:50:49+00:00","og_image":[{"url":"http:\/\/blogs.encamina.com\/en-las-nubes\/wp-content\/uploads\/sites\/9\/2014\/02\/esic1-647x231.jpg","type":"","width":"","height":""}],"author":"Hugo de Juan","twitter_card":"summary_large_image","twitter_creator":"@hdejuan","twitter_misc":{"Escrito por":"Hugo de Juan","Tiempo de lectura":"3 minutos"},"schema":{"@context":"https:\/\/schema.org","@graph":[{"@type":"Article","@id":"http:\/\/blogs.encamina.com\/en-las-nubes\/las-empresas-tendran-que-adaptarse-esta-3a-era-digital-segun-escuche-en-esic\/#article","isPartOf":{"@id":"http:\/\/blogs.encamina.com\/en-las-nubes\/las-empresas-tendran-que-adaptarse-esta-3a-era-digital-segun-escuche-en-esic\/"},"author":{"name":"Hugo de Juan","@id":"https:\/\/blogs.encamina.com\/en-las-nubes\/#\/schema\/person\/486ee12091b3f96d238191159f897342"},"headline":"Las empresas tendr\u00e1n que adaptarse a esta 3\u00aa era digital, seg\u00fan escuch\u00e9 en ESIC","datePublished":"2014-02-20T08:38:17+00:00","dateModified":"2014-02-20T12:50:49+00:00","mainEntityOfPage":{"@id":"http:\/\/blogs.encamina.com\/en-las-nubes\/las-empresas-tendran-que-adaptarse-esta-3a-era-digital-segun-escuche-en-esic\/"},"wordCount":641,"image":{"@id":"http:\/\/blogs.encamina.com\/en-las-nubes\/las-empresas-tendran-que-adaptarse-esta-3a-era-digital-segun-escuche-en-esic\/#primaryimage"},"thumbnailUrl":"http:\/\/blogs.encamina.com\/en-las-nubes\/wp-content\/uploads\/sites\/9\/2014\/02\/esic1-647x231.jpg","keywords":["cambio de modelo","digitalizaci\u00f3n","ESIC","ICEMD"],"articleSection":["estrategia","reflexiones","visi\u00f3n"],"inLanguage":"es"},{"@type":"WebPage","@id":"http:\/\/blogs.encamina.com\/en-las-nubes\/las-empresas-tendran-que-adaptarse-esta-3a-era-digital-segun-escuche-en-esic\/","url":"http:\/\/blogs.encamina.com\/en-las-nubes\/las-empresas-tendran-que-adaptarse-esta-3a-era-digital-segun-escuche-en-esic\/","name":"Las empresas tendr\u00e1n que adaptarse a esta 3\u00aa era digital, seg\u00fan escuch\u00e9 en ESIC - Con la cabeza en las nubes y los pies en el suelo","isPartOf":{"@id":"https:\/\/blogs.encamina.com\/en-las-nubes\/#website"},"primaryImageOfPage":{"@id":"http:\/\/blogs.encamina.com\/en-las-nubes\/las-empresas-tendran-que-adaptarse-esta-3a-era-digital-segun-escuche-en-esic\/#primaryimage"},"image":{"@id":"http:\/\/blogs.encamina.com\/en-las-nubes\/las-empresas-tendran-que-adaptarse-esta-3a-era-digital-segun-escuche-en-esic\/#primaryimage"},"thumbnailUrl":"http:\/\/blogs.encamina.com\/en-las-nubes\/wp-content\/uploads\/sites\/9\/2014\/02\/esic1-647x231.jpg","datePublished":"2014-02-20T08:38:17+00:00","dateModified":"2014-02-20T12:50:49+00:00","author":{"@id":"https:\/\/blogs.encamina.com\/en-las-nubes\/#\/schema\/person\/486ee12091b3f96d238191159f897342"},"inLanguage":"es","potentialAction":[{"@type":"ReadAction","target":["http:\/\/blogs.encamina.com\/en-las-nubes\/las-empresas-tendran-que-adaptarse-esta-3a-era-digital-segun-escuche-en-esic\/"]}]},{"@type":"ImageObject","inLanguage":"es","@id":"http:\/\/blogs.encamina.com\/en-las-nubes\/las-empresas-tendran-que-adaptarse-esta-3a-era-digital-segun-escuche-en-esic\/#primaryimage","url":"http:\/\/blogs.encamina.com\/en-las-nubes\/wp-content\/uploads\/sites\/9\/2014\/02\/esic1-647x231.jpg","contentUrl":"http:\/\/blogs.encamina.com\/en-las-nubes\/wp-content\/uploads\/sites\/9\/2014\/02\/esic1-647x231.jpg"},{"@type":"WebSite","@id":"https:\/\/blogs.encamina.com\/en-las-nubes\/#website","url":"https:\/\/blogs.encamina.com\/en-las-nubes\/","name":"Con la cabeza en las nubes y los pies en el suelo","description":"El proyecto empresarial necesita visi\u00f3n, pasi\u00f3n y un sue\u00f1o al final del camino, pero tambi\u00e9n hay que pisar tierra con paso firme y recuperarse de tropiezos m\u00e1s bien poco divinos.","potentialAction":[{"@type":"SearchAction","target":{"@type":"EntryPoint","urlTemplate":"https:\/\/blogs.encamina.com\/en-las-nubes\/?s={search_term_string}"},"query-input":{"@type":"PropertyValueSpecification","valueRequired":true,"valueName":"search_term_string"}}],"inLanguage":"es"},{"@type":"Person","@id":"https:\/\/blogs.encamina.com\/en-las-nubes\/#\/schema\/person\/486ee12091b3f96d238191159f897342","name":"Hugo de Juan","image":{"@type":"ImageObject","inLanguage":"es","@id":"https:\/\/secure.gravatar.com\/avatar\/da3366cf2fa4f0204b16b93ed8302a0c44452d571f45c1c3b63b3200ca8bd12f?s=96&d=mm&r=g","url":"https:\/\/secure.gravatar.com\/avatar\/da3366cf2fa4f0204b16b93ed8302a0c44452d571f45c1c3b63b3200ca8bd12f?s=96&d=mm&r=g","contentUrl":"https:\/\/secure.gravatar.com\/avatar\/da3366cf2fa4f0204b16b93ed8302a0c44452d571f45c1c3b63b3200ca8bd12f?s=96&d=mm&r=g","caption":"Hugo de Juan"},"description":"Ingeniero de Telecomunicaci\u00f3n en mis bases pas\u00e9 al lado oscuro con un master en Marketing y posteriormente con un executive MBA. Hoy CEO en ENCAMINA, socio director en ENTRESISTEMAS, profesor postgrado en ESIC Marketing &amp; Business School, estudiante y Doctor Ingeniero en econom\u00eda digital y sobre todo currante en muchas cosas. Me va el marketing, la tecnolog\u00eda, mi familia, los amigos y la vida buena, incluso m\u00e1s que la buena vida.","sameAs":["http:\/\/www.facebook.com\/pages\/encamina\/84575716581","http:\/\/es.linkedin.com\/in\/hugodejuan\/","https:\/\/x.com\/hdejuan","http:\/\/www.slideshare.net\/encamina"],"url":"https:\/\/blogs.encamina.com\/en-las-nubes\/author\/hdejuan\/"}]}},"_links":{"self":[{"href":"https:\/\/blogs.encamina.com\/en-las-nubes\/wp-json\/wp\/v2\/posts\/905","targetHints":{"allow":["GET"]}}],"collection":[{"href":"https:\/\/blogs.encamina.com\/en-las-nubes\/wp-json\/wp\/v2\/posts"}],"about":[{"href":"https:\/\/blogs.encamina.com\/en-las-nubes\/wp-json\/wp\/v2\/types\/post"}],"author":[{"embeddable":true,"href":"https:\/\/blogs.encamina.com\/en-las-nubes\/wp-json\/wp\/v2\/users\/9"}],"replies":[{"embeddable":true,"href":"https:\/\/blogs.encamina.com\/en-las-nubes\/wp-json\/wp\/v2\/comments?post=905"}],"version-history":[{"count":0,"href":"https:\/\/blogs.encamina.com\/en-las-nubes\/wp-json\/wp\/v2\/posts\/905\/revisions"}],"wp:attachment":[{"href":"https:\/\/blogs.encamina.com\/en-las-nubes\/wp-json\/wp\/v2\/media?parent=905"}],"wp:term":[{"taxonomy":"category","embeddable":true,"href":"https:\/\/blogs.encamina.com\/en-las-nubes\/wp-json\/wp\/v2\/categories?post=905"},{"taxonomy":"post_tag","embeddable":true,"href":"https:\/\/blogs.encamina.com\/en-las-nubes\/wp-json\/wp\/v2\/tags?post=905"}],"curies":[{"name":"wp","href":"https:\/\/api.w.org\/{rel}","templated":true}]}}