{"id":652,"date":"2013-07-31T08:37:06","date_gmt":"2013-07-31T07:37:06","guid":{"rendered":"http:\/\/blogs.encamina.com\/en-las-nubes\/?p=652"},"modified":"2013-07-31T08:37:06","modified_gmt":"2013-07-31T07:37:06","slug":"cuando-sopla-viento-hay-que-aventar","status":"publish","type":"post","link":"https:\/\/blogs.encamina.com\/en-las-nubes\/cuando-sopla-viento-hay-que-aventar\/","title":{"rendered":"Cuando sopla viento, hay que aventar"},"content":{"rendered":"<p>Dec\u00eda Daniel, un hombre que yo consideraba sabio de la vida, a la vez que empresario muy experimentado: \u00ab<em>cuando sopla viento, hay que aventar<\/em>\u00bb (una versi\u00f3n reducida del refranero castellano \u00ab<a href=\"http:\/\/www.refranerocastellano.com\/trigo\/trigo.html\"><em>Cuando el aire sopla de buen lado, aventar ligero y aprovecharlo<\/em><\/a>\u00ab).<br \/>\nY nos lo dec\u00eda cada vez que le coment\u00e1bamos que ten\u00edamos mucho l\u00edo o mucho trabajo puntualmente o ten\u00edamos que cancelar algo personal por el trabajo. Su explicaci\u00f3n era sencilla: <em>nunca puedes tener la certeza de cuando volver\u00e1 a soplar el viento (trabajo en abundancia), as\u00ed que es ahora cuando hay que aprovecharlo y no dejarlo pasar.<\/em><\/p>\n<p style=\"text-align: center\"><a href=\"http:\/\/blogs.encamina.com\/en-las-nubes\/wp-content\/uploads\/sites\/9\/2013\/07\/viento.jpg\"><img loading=\"lazy\" decoding=\"async\" class=\" wp-image-654 aligncenter\" alt=\"viento\" src=\"http:\/\/blogs.encamina.com\/en-las-nubes\/wp-content\/uploads\/sites\/9\/2013\/07\/viento.jpg\" width=\"480\" height=\"274\" srcset=\"https:\/\/encaminablogs.wpenginepowered.com\/en-las-nubes\/wp-content\/uploads\/sites\/9\/2013\/07\/viento.jpg 600w, https:\/\/encaminablogs.wpenginepowered.com\/en-las-nubes\/wp-content\/uploads\/sites\/9\/2013\/07\/viento-300x171.jpg 300w\" sizes=\"auto, (max-width: 480px) 100vw, 480px\" \/><\/a><\/p>\n<p>Este buen consejo, que aceptaba y en el que sigo creyendo, tiene m\u00e1s sentido que nunca en el momento actual cuando las r\u00e1fagas de aire son muy poco frecuentes e incluso lo habitual es la calma enfermiza.<\/p>\n<p>Sin embargo, tampoco es trivial el peligro de que el viento sople intensamente durante un tiempo, ya esto puede acabar en lo que solemos llamar \u00ab<strong>morir de \u00e9xito<\/strong>\u00bb en muchos casos&#8230;<\/p>\n<p><!--more-->Mucho trabajo puntual se puede tratar de resolver con la <strong>contrataci\u00f3n de nuevo talento<\/strong>, pero esa inyecci\u00f3n suele llegar a destiempo y fuera de juego (como el reserva que salta frio del banquillo al partido), con el peligro posterior de tener una sobredimensi\u00f3n cuando vuelva la calma.<br \/>\nTambi\u00e9n se puede tratar de resolver pidiendo un<strong> esfuerzo extra al equipo<\/strong>, pero si ese esfuerzo se extiende demasiado en el tiempo puede romper a las personas y al propio equipo. En cualquier caso, adem\u00e1s, la calidad de servicio general acaba degrad\u00e1ndose.<br \/>\nLa f\u00f3rmula de la subcontrataci\u00f3n <strong>de recursos freelance o a empresas similares<\/strong> puede ser una soluci\u00f3n intermedia, pero tanto el aterrizaje de los nuevos, como las diferencias culturales y metodol\u00f3gicas, as\u00ed como la\u00a0desconfianza, siempre lo van a poner muy dif\u00edcil. Otra de las maniobras que las grandes empresas de consultor\u00eda y servicios utilizan (o no tienen m\u00e1s remedio que utilizar), es sistematizar un 5%\u00a0 a 7% de <strong>sobredimensi\u00f3n<\/strong> (gente desasignada o en playa) para poder estar dotados de flexibilidad y capacidad de reacci\u00f3n (y presi\u00f3n al equipo comercial), pero en momentos donde el margen est\u00e1 estrech\u00e1ndose, se necesita mucho pulm\u00f3n y dimensi\u00f3n para poder compensar esta estrategia.<\/p>\n<p>Desde <a href=\"www.encamina.com\">ENCAMINA<\/a>\/<a href=\"http:\/\/www.entresistemas.com\">ENTRESISTEMAS <\/a>queremos <strong>aprovechar los golpes de viento para crecer en equipo y en talento<\/strong>, pero sin duda esa es una estrategia de riesgo porque a la vez es necesario asegurar que la carga de trabajo futura ser\u00e1 como m\u00ednimo equivalente al m\u00e1ximo actual; y obviamente cuando las previsiones econ\u00f3micas\u00a0anuncian todav\u00eda contracci\u00f3n o crecimiento casi nulo a futuro, hay que saber gestionar el riesgo y dar con una estrategia muy afinada.<\/p>\n<h2>Conclusi\u00f3n<\/h2>\n<p>Visto as\u00ed, los negocios basados en proyectos (ventas puntuales), con poca recurrencia (el proyecto se acaba y hay que ir a por el siguiente), con un margen en estrechamiento (por la coyuntura del mercado) y de bajo volumen (que no incluye una escala global), son complicadillos \u00bfno?<\/p>\n<p>&nbsp;<\/p>\n<p style=\"text-align: center\"><a href=\"http:\/\/blogs.encamina.com\/en-las-nubes\/wp-content\/uploads\/sites\/9\/2013\/07\/vientos1.jpg\"><img loading=\"lazy\" decoding=\"async\" class=\" wp-image-655 aligncenter\" alt=\"\" src=\"http:\/\/blogs.encamina.com\/en-las-nubes\/wp-content\/uploads\/sites\/9\/2013\/07\/vientos1.jpg\" width=\"461\" height=\"325\" srcset=\"https:\/\/encaminablogs.wpenginepowered.com\/en-las-nubes\/wp-content\/uploads\/sites\/9\/2013\/07\/vientos1.jpg 720w, https:\/\/encaminablogs.wpenginepowered.com\/en-las-nubes\/wp-content\/uploads\/sites\/9\/2013\/07\/vientos1-300x211.jpg 300w\" sizes=\"auto, (max-width: 461px) 100vw, 461px\" \/><\/a><\/p>\n<p>En el momento \u00e1lgido del hurac\u00e1n poco se puede hacer para solventar estas situaciones con brillantez. <strong>Hay que aventar a tope con todos los medios posibles y punto<\/strong>, pero uno debe exigirse estar lo mejor preparado posible para la pr\u00f3xima vez que vuelva a soplar fuerte el viento, incluso tanto como para afrontar las calmas, mucho m\u00e1s peligrosas y da\u00f1inas\u2026. y en eso estamos todos \u00bfno?\u2026 \u00bfSe te ocurre a ti c\u00f3mo?<\/p>\n<p>&nbsp;<\/p>\n<p>&nbsp;<\/p>\n<!-- AddThis Advanced Settings generic via filter on the_content --><!-- AddThis Share Buttons generic via filter on the_content --><span class=\"et_bloom_bottom_trigger\"><\/span>","protected":false},"excerpt":{"rendered":"<p>Dec\u00eda Daniel, un hombre que yo consideraba sabio de la vida, a la vez que empresario muy experimentado: \u00abcuando sopla viento, hay que aventar\u00bb (una versi\u00f3n reducida del refranero castellano \u00abCuando el aire sopla de buen lado, aventar ligero y &hellip; <a href=\"https:\/\/blogs.encamina.com\/en-las-nubes\/cuando-sopla-viento-hay-que-aventar\/\">Continue reading <span class=\"meta-nav\">&rarr;<\/span><\/a><!-- AddThis Advanced Settings generic via filter on get_the_excerpt --><!-- AddThis Share Buttons generic via filter on get_the_excerpt --><\/p>\n","protected":false},"author":9,"featured_media":0,"comment_status":"closed","ping_status":"closed","sticky":false,"template":"","format":"standard","meta":{"footnotes":""},"categories":[5,7,8],"tags":[],"class_list":["post-652","post","type-post","status-publish","format-standard","hentry","category-crisis","category-estrategia","category-reflexiones"],"yoast_head":"<!-- This site is optimized with the Yoast SEO Premium plugin v18.2.1 (Yoast SEO v27.3) - https:\/\/yoast.com\/product\/yoast-seo-premium-wordpress\/ -->\n<title>Cuando sopla viento, hay que aventar - Con la cabeza en las nubes y los pies en el suelo<\/title>\n<meta name=\"robots\" content=\"index, follow, max-snippet:-1, max-image-preview:large, max-video-preview:-1\" \/>\n<link rel=\"canonical\" href=\"https:\/\/blogs.encamina.com\/en-las-nubes\/cuando-sopla-viento-hay-que-aventar\/\" \/>\n<meta property=\"og:locale\" content=\"es_ES\" \/>\n<meta property=\"og:type\" content=\"article\" \/>\n<meta property=\"og:title\" content=\"Cuando sopla viento, hay que aventar\" \/>\n<meta property=\"og:description\" content=\"Dec\u00eda Daniel, un hombre que yo consideraba sabio de la vida, a la vez que empresario muy experimentado: \u00abcuando sopla viento, hay que aventar\u00bb (una versi\u00f3n reducida del refranero castellano \u00abCuando el aire sopla de buen lado, aventar ligero y &hellip; Continue reading &rarr;\" \/>\n<meta property=\"og:url\" content=\"https:\/\/blogs.encamina.com\/en-las-nubes\/cuando-sopla-viento-hay-que-aventar\/\" \/>\n<meta property=\"og:site_name\" content=\"Con la cabeza en las nubes y los pies en el suelo\" \/>\n<meta property=\"article:author\" content=\"http:\/\/www.facebook.com\/pages\/encamina\/84575716581\" \/>\n<meta property=\"article:published_time\" content=\"2013-07-31T07:37:06+00:00\" \/>\n<meta property=\"og:image\" content=\"http:\/\/blogs.encamina.com\/en-las-nubes\/wp-content\/uploads\/sites\/9\/2013\/07\/viento.jpg\" \/>\n<meta name=\"author\" content=\"Hugo de Juan\" \/>\n<meta name=\"twitter:card\" content=\"summary_large_image\" \/>\n<meta name=\"twitter:creator\" content=\"@hdejuan\" \/>\n<meta name=\"twitter:label1\" content=\"Escrito por\" \/>\n\t<meta name=\"twitter:data1\" content=\"Hugo de Juan\" \/>\n\t<meta name=\"twitter:label2\" content=\"Tiempo de lectura\" \/>\n\t<meta name=\"twitter:data2\" content=\"3 minutos\" \/>\n<script type=\"application\/ld+json\" class=\"yoast-schema-graph\">{\"@context\":\"https:\\\/\\\/schema.org\",\"@graph\":[{\"@type\":\"Article\",\"@id\":\"https:\\\/\\\/blogs.encamina.com\\\/en-las-nubes\\\/cuando-sopla-viento-hay-que-aventar\\\/#article\",\"isPartOf\":{\"@id\":\"https:\\\/\\\/blogs.encamina.com\\\/en-las-nubes\\\/cuando-sopla-viento-hay-que-aventar\\\/\"},\"author\":{\"name\":\"Hugo de Juan\",\"@id\":\"https:\\\/\\\/blogs.encamina.com\\\/en-las-nubes\\\/#\\\/schema\\\/person\\\/486ee12091b3f96d238191159f897342\"},\"headline\":\"Cuando sopla viento, hay que aventar\",\"datePublished\":\"2013-07-31T07:37:06+00:00\",\"mainEntityOfPage\":{\"@id\":\"https:\\\/\\\/blogs.encamina.com\\\/en-las-nubes\\\/cuando-sopla-viento-hay-que-aventar\\\/\"},\"wordCount\":603,\"image\":{\"@id\":\"https:\\\/\\\/blogs.encamina.com\\\/en-las-nubes\\\/cuando-sopla-viento-hay-que-aventar\\\/#primaryimage\"},\"thumbnailUrl\":\"http:\\\/\\\/blogs.encamina.com\\\/en-las-nubes\\\/wp-content\\\/uploads\\\/sites\\\/9\\\/2013\\\/07\\\/viento.jpg\",\"articleSection\":[\"crisis\",\"estrategia\",\"reflexiones\"],\"inLanguage\":\"es\"},{\"@type\":\"WebPage\",\"@id\":\"https:\\\/\\\/blogs.encamina.com\\\/en-las-nubes\\\/cuando-sopla-viento-hay-que-aventar\\\/\",\"url\":\"https:\\\/\\\/blogs.encamina.com\\\/en-las-nubes\\\/cuando-sopla-viento-hay-que-aventar\\\/\",\"name\":\"Cuando sopla viento, hay que aventar - Con la cabeza en las nubes y los pies en el suelo\",\"isPartOf\":{\"@id\":\"https:\\\/\\\/blogs.encamina.com\\\/en-las-nubes\\\/#website\"},\"primaryImageOfPage\":{\"@id\":\"https:\\\/\\\/blogs.encamina.com\\\/en-las-nubes\\\/cuando-sopla-viento-hay-que-aventar\\\/#primaryimage\"},\"image\":{\"@id\":\"https:\\\/\\\/blogs.encamina.com\\\/en-las-nubes\\\/cuando-sopla-viento-hay-que-aventar\\\/#primaryimage\"},\"thumbnailUrl\":\"http:\\\/\\\/blogs.encamina.com\\\/en-las-nubes\\\/wp-content\\\/uploads\\\/sites\\\/9\\\/2013\\\/07\\\/viento.jpg\",\"datePublished\":\"2013-07-31T07:37:06+00:00\",\"author\":{\"@id\":\"https:\\\/\\\/blogs.encamina.com\\\/en-las-nubes\\\/#\\\/schema\\\/person\\\/486ee12091b3f96d238191159f897342\"},\"inLanguage\":\"es\",\"potentialAction\":[{\"@type\":\"ReadAction\",\"target\":[\"https:\\\/\\\/blogs.encamina.com\\\/en-las-nubes\\\/cuando-sopla-viento-hay-que-aventar\\\/\"]}]},{\"@type\":\"ImageObject\",\"inLanguage\":\"es\",\"@id\":\"https:\\\/\\\/blogs.encamina.com\\\/en-las-nubes\\\/cuando-sopla-viento-hay-que-aventar\\\/#primaryimage\",\"url\":\"https:\\\/\\\/blogs.encamina.com\\\/en-las-nubes\\\/wp-content\\\/uploads\\\/sites\\\/9\\\/2013\\\/07\\\/viento.jpg\",\"contentUrl\":\"https:\\\/\\\/blogs.encamina.com\\\/en-las-nubes\\\/wp-content\\\/uploads\\\/sites\\\/9\\\/2013\\\/07\\\/viento.jpg\",\"width\":600,\"height\":342},{\"@type\":\"WebSite\",\"@id\":\"https:\\\/\\\/blogs.encamina.com\\\/en-las-nubes\\\/#website\",\"url\":\"https:\\\/\\\/blogs.encamina.com\\\/en-las-nubes\\\/\",\"name\":\"Con la cabeza en las nubes y los pies en el suelo\",\"description\":\"El proyecto empresarial necesita visi\u00f3n, pasi\u00f3n y un sue\u00f1o al final del camino, pero tambi\u00e9n hay que pisar tierra con paso firme y recuperarse de tropiezos m\u00e1s bien poco divinos.\",\"potentialAction\":[{\"@type\":\"SearchAction\",\"target\":{\"@type\":\"EntryPoint\",\"urlTemplate\":\"https:\\\/\\\/blogs.encamina.com\\\/en-las-nubes\\\/?s={search_term_string}\"},\"query-input\":{\"@type\":\"PropertyValueSpecification\",\"valueRequired\":true,\"valueName\":\"search_term_string\"}}],\"inLanguage\":\"es\"},{\"@type\":\"Person\",\"@id\":\"https:\\\/\\\/blogs.encamina.com\\\/en-las-nubes\\\/#\\\/schema\\\/person\\\/486ee12091b3f96d238191159f897342\",\"name\":\"Hugo de Juan\",\"image\":{\"@type\":\"ImageObject\",\"inLanguage\":\"es\",\"@id\":\"https:\\\/\\\/secure.gravatar.com\\\/avatar\\\/da3366cf2fa4f0204b16b93ed8302a0c44452d571f45c1c3b63b3200ca8bd12f?s=96&d=mm&r=g\",\"url\":\"https:\\\/\\\/secure.gravatar.com\\\/avatar\\\/da3366cf2fa4f0204b16b93ed8302a0c44452d571f45c1c3b63b3200ca8bd12f?s=96&d=mm&r=g\",\"contentUrl\":\"https:\\\/\\\/secure.gravatar.com\\\/avatar\\\/da3366cf2fa4f0204b16b93ed8302a0c44452d571f45c1c3b63b3200ca8bd12f?s=96&d=mm&r=g\",\"caption\":\"Hugo de Juan\"},\"description\":\"Ingeniero de Telecomunicaci\u00f3n en mis bases pas\u00e9 al lado oscuro con un master en Marketing y posteriormente con un executive MBA. Hoy CEO en ENCAMINA, socio director en ENTRESISTEMAS, profesor postgrado en ESIC Marketing &amp; Business School, estudiante y Doctor Ingeniero en econom\u00eda digital y sobre todo currante en muchas cosas. Me va el marketing, la tecnolog\u00eda, mi familia, los amigos y la vida buena, incluso m\u00e1s que la buena vida.\",\"sameAs\":[\"http:\\\/\\\/www.facebook.com\\\/pages\\\/encamina\\\/84575716581\",\"http:\\\/\\\/es.linkedin.com\\\/in\\\/hugodejuan\\\/\",\"https:\\\/\\\/x.com\\\/hdejuan\",\"http:\\\/\\\/www.slideshare.net\\\/encamina\"],\"url\":\"https:\\\/\\\/blogs.encamina.com\\\/en-las-nubes\\\/author\\\/hdejuan\\\/\"}]}<\/script>\n<!-- \/ Yoast SEO Premium plugin. -->","yoast_head_json":{"title":"Cuando sopla viento, hay que aventar - Con la cabeza en las nubes y los pies en el suelo","robots":{"index":"index","follow":"follow","max-snippet":"max-snippet:-1","max-image-preview":"max-image-preview:large","max-video-preview":"max-video-preview:-1"},"canonical":"https:\/\/blogs.encamina.com\/en-las-nubes\/cuando-sopla-viento-hay-que-aventar\/","og_locale":"es_ES","og_type":"article","og_title":"Cuando sopla viento, hay que aventar","og_description":"Dec\u00eda Daniel, un hombre que yo consideraba sabio de la vida, a la vez que empresario muy experimentado: \u00abcuando sopla viento, hay que aventar\u00bb (una versi\u00f3n reducida del refranero castellano \u00abCuando el aire sopla de buen lado, aventar ligero y &hellip; Continue reading &rarr;","og_url":"https:\/\/blogs.encamina.com\/en-las-nubes\/cuando-sopla-viento-hay-que-aventar\/","og_site_name":"Con la cabeza en las nubes y los pies en el suelo","article_author":"http:\/\/www.facebook.com\/pages\/encamina\/84575716581","article_published_time":"2013-07-31T07:37:06+00:00","og_image":[{"url":"http:\/\/blogs.encamina.com\/en-las-nubes\/wp-content\/uploads\/sites\/9\/2013\/07\/viento.jpg","type":"","width":"","height":""}],"author":"Hugo de Juan","twitter_card":"summary_large_image","twitter_creator":"@hdejuan","twitter_misc":{"Escrito por":"Hugo de Juan","Tiempo de lectura":"3 minutos"},"schema":{"@context":"https:\/\/schema.org","@graph":[{"@type":"Article","@id":"https:\/\/blogs.encamina.com\/en-las-nubes\/cuando-sopla-viento-hay-que-aventar\/#article","isPartOf":{"@id":"https:\/\/blogs.encamina.com\/en-las-nubes\/cuando-sopla-viento-hay-que-aventar\/"},"author":{"name":"Hugo de Juan","@id":"https:\/\/blogs.encamina.com\/en-las-nubes\/#\/schema\/person\/486ee12091b3f96d238191159f897342"},"headline":"Cuando sopla viento, hay que aventar","datePublished":"2013-07-31T07:37:06+00:00","mainEntityOfPage":{"@id":"https:\/\/blogs.encamina.com\/en-las-nubes\/cuando-sopla-viento-hay-que-aventar\/"},"wordCount":603,"image":{"@id":"https:\/\/blogs.encamina.com\/en-las-nubes\/cuando-sopla-viento-hay-que-aventar\/#primaryimage"},"thumbnailUrl":"http:\/\/blogs.encamina.com\/en-las-nubes\/wp-content\/uploads\/sites\/9\/2013\/07\/viento.jpg","articleSection":["crisis","estrategia","reflexiones"],"inLanguage":"es"},{"@type":"WebPage","@id":"https:\/\/blogs.encamina.com\/en-las-nubes\/cuando-sopla-viento-hay-que-aventar\/","url":"https:\/\/blogs.encamina.com\/en-las-nubes\/cuando-sopla-viento-hay-que-aventar\/","name":"Cuando sopla viento, hay que aventar - Con la cabeza en las nubes y los pies en el suelo","isPartOf":{"@id":"https:\/\/blogs.encamina.com\/en-las-nubes\/#website"},"primaryImageOfPage":{"@id":"https:\/\/blogs.encamina.com\/en-las-nubes\/cuando-sopla-viento-hay-que-aventar\/#primaryimage"},"image":{"@id":"https:\/\/blogs.encamina.com\/en-las-nubes\/cuando-sopla-viento-hay-que-aventar\/#primaryimage"},"thumbnailUrl":"http:\/\/blogs.encamina.com\/en-las-nubes\/wp-content\/uploads\/sites\/9\/2013\/07\/viento.jpg","datePublished":"2013-07-31T07:37:06+00:00","author":{"@id":"https:\/\/blogs.encamina.com\/en-las-nubes\/#\/schema\/person\/486ee12091b3f96d238191159f897342"},"inLanguage":"es","potentialAction":[{"@type":"ReadAction","target":["https:\/\/blogs.encamina.com\/en-las-nubes\/cuando-sopla-viento-hay-que-aventar\/"]}]},{"@type":"ImageObject","inLanguage":"es","@id":"https:\/\/blogs.encamina.com\/en-las-nubes\/cuando-sopla-viento-hay-que-aventar\/#primaryimage","url":"https:\/\/blogs.encamina.com\/en-las-nubes\/wp-content\/uploads\/sites\/9\/2013\/07\/viento.jpg","contentUrl":"https:\/\/blogs.encamina.com\/en-las-nubes\/wp-content\/uploads\/sites\/9\/2013\/07\/viento.jpg","width":600,"height":342},{"@type":"WebSite","@id":"https:\/\/blogs.encamina.com\/en-las-nubes\/#website","url":"https:\/\/blogs.encamina.com\/en-las-nubes\/","name":"Con la cabeza en las nubes y los pies en el suelo","description":"El proyecto empresarial necesita visi\u00f3n, pasi\u00f3n y un sue\u00f1o al final del camino, pero tambi\u00e9n hay que pisar tierra con paso firme y recuperarse de tropiezos m\u00e1s bien poco divinos.","potentialAction":[{"@type":"SearchAction","target":{"@type":"EntryPoint","urlTemplate":"https:\/\/blogs.encamina.com\/en-las-nubes\/?s={search_term_string}"},"query-input":{"@type":"PropertyValueSpecification","valueRequired":true,"valueName":"search_term_string"}}],"inLanguage":"es"},{"@type":"Person","@id":"https:\/\/blogs.encamina.com\/en-las-nubes\/#\/schema\/person\/486ee12091b3f96d238191159f897342","name":"Hugo de Juan","image":{"@type":"ImageObject","inLanguage":"es","@id":"https:\/\/secure.gravatar.com\/avatar\/da3366cf2fa4f0204b16b93ed8302a0c44452d571f45c1c3b63b3200ca8bd12f?s=96&d=mm&r=g","url":"https:\/\/secure.gravatar.com\/avatar\/da3366cf2fa4f0204b16b93ed8302a0c44452d571f45c1c3b63b3200ca8bd12f?s=96&d=mm&r=g","contentUrl":"https:\/\/secure.gravatar.com\/avatar\/da3366cf2fa4f0204b16b93ed8302a0c44452d571f45c1c3b63b3200ca8bd12f?s=96&d=mm&r=g","caption":"Hugo de Juan"},"description":"Ingeniero de Telecomunicaci\u00f3n en mis bases pas\u00e9 al lado oscuro con un master en Marketing y posteriormente con un executive MBA. Hoy CEO en ENCAMINA, socio director en ENTRESISTEMAS, profesor postgrado en ESIC Marketing &amp; Business School, estudiante y Doctor Ingeniero en econom\u00eda digital y sobre todo currante en muchas cosas. Me va el marketing, la tecnolog\u00eda, mi familia, los amigos y la vida buena, incluso m\u00e1s que la buena vida.","sameAs":["http:\/\/www.facebook.com\/pages\/encamina\/84575716581","http:\/\/es.linkedin.com\/in\/hugodejuan\/","https:\/\/x.com\/hdejuan","http:\/\/www.slideshare.net\/encamina"],"url":"https:\/\/blogs.encamina.com\/en-las-nubes\/author\/hdejuan\/"}]}},"_links":{"self":[{"href":"https:\/\/blogs.encamina.com\/en-las-nubes\/wp-json\/wp\/v2\/posts\/652","targetHints":{"allow":["GET"]}}],"collection":[{"href":"https:\/\/blogs.encamina.com\/en-las-nubes\/wp-json\/wp\/v2\/posts"}],"about":[{"href":"https:\/\/blogs.encamina.com\/en-las-nubes\/wp-json\/wp\/v2\/types\/post"}],"author":[{"embeddable":true,"href":"https:\/\/blogs.encamina.com\/en-las-nubes\/wp-json\/wp\/v2\/users\/9"}],"replies":[{"embeddable":true,"href":"https:\/\/blogs.encamina.com\/en-las-nubes\/wp-json\/wp\/v2\/comments?post=652"}],"version-history":[{"count":0,"href":"https:\/\/blogs.encamina.com\/en-las-nubes\/wp-json\/wp\/v2\/posts\/652\/revisions"}],"wp:attachment":[{"href":"https:\/\/blogs.encamina.com\/en-las-nubes\/wp-json\/wp\/v2\/media?parent=652"}],"wp:term":[{"taxonomy":"category","embeddable":true,"href":"https:\/\/blogs.encamina.com\/en-las-nubes\/wp-json\/wp\/v2\/categories?post=652"},{"taxonomy":"post_tag","embeddable":true,"href":"https:\/\/blogs.encamina.com\/en-las-nubes\/wp-json\/wp\/v2\/tags?post=652"}],"curies":[{"name":"wp","href":"https:\/\/api.w.org\/{rel}","templated":true}]}}