{"id":631,"date":"2013-07-04T09:08:43","date_gmt":"2013-07-04T08:08:43","guid":{"rendered":"http:\/\/blogs.encamina.com\/en-las-nubes\/?p=631"},"modified":"2013-07-15T12:42:03","modified_gmt":"2013-07-15T11:42:03","slug":"el-dilema-de-las-palabras-positivas","status":"publish","type":"post","link":"https:\/\/blogs.encamina.com\/en-las-nubes\/el-dilema-de-las-palabras-positivas\/","title":{"rendered":"El dilema de las palabras positivas"},"content":{"rendered":"<p>Le\u00eda en un <a href=\"http:\/\/jorgepalacios.wordpress.com\/2013\/06\/21\/el-alma-en-tus-palabras-que-palabras-utilizas-cotidianamente-palabras-que-transforman-o-palabras-terribles\/?goback=%2Egde_2683867_member_252507779\">blog <\/a> y en el <a href=\"http:\/\/www.linkedin.com\/groupItem?view=&amp;srchtype=discussedNews&amp;gid=2683867&amp;item=252507779&amp;type=member&amp;trk=eml-anet_dig-b_pd-ttl-cn&amp;fromEmail=&amp;ut=2XvWeWxg4o6lQ1\">debate <\/a>asociado sobre el poder de las <strong>palabras positivas y transformadoras<\/strong>.<\/p>\n<p><a href=\"http:\/\/blogs.encamina.com\/en-las-nubes\/wp-content\/uploads\/sites\/9\/2013\/07\/palabras.jpg\"><img loading=\"lazy\" decoding=\"async\" class=\"wp-image-633 aligncenter\" alt=\"palabras\" src=\"http:\/\/blogs.encamina.com\/en-las-nubes\/wp-content\/uploads\/sites\/9\/2013\/07\/palabras.jpg\" width=\"368\" height=\"237\" srcset=\"https:\/\/encaminablogs.wpenginepowered.com\/en-las-nubes\/wp-content\/uploads\/sites\/9\/2013\/07\/palabras.jpg 460w, https:\/\/encaminablogs.wpenginepowered.com\/en-las-nubes\/wp-content\/uploads\/sites\/9\/2013\/07\/palabras-300x193.jpg 300w\" sizes=\"auto, (max-width: 368px) 100vw, 368px\" \/><\/a><\/p>\n<p>No es la primera vez que le\u00eda sobre ello, y puedo decir que estoy (y estaba) de acuerdo al 100%, pero \u00bfse puede siempre utilizar un vocabulario y un discurso positivo? \u00bfincluso cuando est\u00e1n cayendo chuzos de punta? \u00bfNo existe un riesgo asociado a parecer un borracho del optimismo? \u00bfhasta un punto deshonesto por el peligro de embaucar a tus colaboradores en horizontes poco realistas?<\/p>\n<p><!--more--><\/p>\n<p>Particularmente me gustan palabras como: <em><strong>\u00e1nimo, equipo, pasi\u00f3n, esfuerzo, diversi\u00f3n, \u00e9xito, gracias, visi\u00f3n, rentable, honesto, h\u00e9roe, campe\u00f3n, especializaci\u00f3n, bueno, velocidad, futuro, feliz, valor, superaci\u00f3n, personas, emoci\u00f3n, mola,\u00a0genial, creatividad, riqueza, liderazgo, ganar-ganar, entusiasmo, caf\u00e9, iniciativa, justicia, valer la pena, amigo, estrategia, enhorabuena, majo, talento, avanzar, dise\u00f1o, colores, sumar, empujar, vivo, buenas, excelente, marca, tecnolog\u00eda, calidad, contento, mejorar<\/strong><\/em>, \u2026 y creo que las utilizo de forma natural y espont\u00e1nea (aunque s\u00e9 que hay otras palabras menos positivas que tambi\u00e9n \u00abme salen\u00bb).<\/p>\n<p style=\"text-align: center\"><a href=\"http:\/\/blogs.encamina.com\/en-las-nubes\/wp-content\/uploads\/sites\/9\/2013\/07\/positivo_negativo.jpg\"><img loading=\"lazy\" decoding=\"async\" class=\" wp-image-632 aligncenter\" alt=\"comunicaci\u00f3n positiva_negativa\" src=\"http:\/\/blogs.encamina.com\/en-las-nubes\/wp-content\/uploads\/sites\/9\/2013\/07\/positivo_negativo.jpg\" width=\"184\" height=\"175\" \/><\/a><\/p>\n<p>Pero en segundo lugar est\u00e1n las afirmaciones. Est\u00e1 claro que <strong>hay que huir de negatividades<\/strong>, de las comunicaciones que generan miedo, de las expresiones indignas, de las amenazas, <strong>pero \u00bfpuede ser siempre nuestra comunicaci\u00f3n positiva?<\/strong> \u00bfpodemos dejar aparte las realidades negativas que nos rodean y contra las que luchamos? \u00bfes mejor no aflorar el lado duro de la vida y generar una falsa confortabilidad ?<br \/>\nDe hecho hay personas que les molesta el optimismo desenfocado incluso m\u00e1s que el pesimismo llor\u00f3n. Y es que este positivismo ciego puede suponer incluso una p\u00e9rdida credibilidad.<\/p>\n<p>Las anteriores son preguntas para las que no tengo la certeza en sus respuestas y <strong><span style=\"color: #ff0000\">no s\u00e9 qu\u00e9 pensar\u00e1s t\u00fa \u00bf?.<\/span><\/strong><\/p>\n<p style=\"text-align: center\"><a href=\"http:\/\/blogs.encamina.com\/en-las-nubes\/wp-content\/uploads\/sites\/9\/2013\/07\/interrogante.jpg\"><img loading=\"lazy\" decoding=\"async\" class=\"wp-image-634 aligncenter\" alt=\"interrogante\" src=\"http:\/\/blogs.encamina.com\/en-las-nubes\/wp-content\/uploads\/sites\/9\/2013\/07\/interrogante.jpg\" width=\"172\" height=\"166\" srcset=\"https:\/\/encaminablogs.wpenginepowered.com\/en-las-nubes\/wp-content\/uploads\/sites\/9\/2013\/07\/interrogante.jpg 307w, https:\/\/encaminablogs.wpenginepowered.com\/en-las-nubes\/wp-content\/uploads\/sites\/9\/2013\/07\/interrogante-300x289.jpg 300w\" sizes=\"auto, (max-width: 172px) 100vw, 172px\" \/><\/a><\/p>\n<p>Entre tanto, cuando me preguntan \u00ab<em>\u00bfc\u00f3mo va todo?<\/em> \u00bb he decidido contestar \u00ab<em>va bien, pero podr\u00eda ir mejor<\/em>\u00ab. No se me ocurre una forma de contentar mejor a todas las tendencias\u2026<\/p>\n<p>&nbsp;<\/p>\n<p><a href=\"http:\/\/blogs.encamina.com\/en-las-nubes\/wp-content\/uploads\/sites\/9\/2013\/06\/emprender_juntos.jpg\"><img loading=\"lazy\" decoding=\"async\" class=\"alignnone size-full wp-image-620\" alt=\"juntos\" src=\"http:\/\/blogs.encamina.com\/en-las-nubes\/wp-content\/uploads\/sites\/9\/2013\/06\/emprender_juntos.jpg\" width=\"593\" height=\"246\" srcset=\"https:\/\/encaminablogs.wpenginepowered.com\/en-las-nubes\/wp-content\/uploads\/sites\/9\/2013\/06\/emprender_juntos.jpg 593w, https:\/\/encaminablogs.wpenginepowered.com\/en-las-nubes\/wp-content\/uploads\/sites\/9\/2013\/06\/emprender_juntos-300x124.jpg 300w\" sizes=\"auto, (max-width: 593px) 100vw, 593px\" \/><\/a><\/p>\n<!-- AddThis Advanced Settings generic via filter on the_content --><!-- AddThis Share Buttons generic via filter on the_content --><span class=\"et_bloom_bottom_trigger\"><\/span>","protected":false},"excerpt":{"rendered":"<p>Le\u00eda en un blog y en el debate asociado sobre el poder de las palabras positivas y transformadoras. No es la primera vez que le\u00eda sobre ello, y puedo decir que estoy (y estaba) de acuerdo al 100%, pero \u00bfse &hellip; <a href=\"https:\/\/blogs.encamina.com\/en-las-nubes\/el-dilema-de-las-palabras-positivas\/\">Continue reading <span class=\"meta-nav\">&rarr;<\/span><\/a><!-- AddThis Advanced Settings generic via filter on get_the_excerpt --><!-- AddThis Share Buttons generic via filter on get_the_excerpt --><\/p>\n","protected":false},"author":9,"featured_media":0,"comment_status":"open","ping_status":"closed","sticky":false,"template":"","format":"standard","meta":{"footnotes":""},"categories":[8],"tags":[34,33],"class_list":["post-631","post","type-post","status-publish","format-standard","hentry","category-reflexiones","tag-comunicacion","tag-palabras"],"yoast_head":"<!-- This site is optimized with the Yoast SEO Premium plugin v18.2.1 (Yoast SEO v27.3) - https:\/\/yoast.com\/product\/yoast-seo-premium-wordpress\/ -->\n<title>El dilema de las palabras positivas - Con la cabeza en las nubes y los pies en el suelo<\/title>\n<meta name=\"robots\" content=\"index, follow, max-snippet:-1, max-image-preview:large, max-video-preview:-1\" \/>\n<link rel=\"canonical\" href=\"https:\/\/blogs.encamina.com\/en-las-nubes\/el-dilema-de-las-palabras-positivas\/\" \/>\n<meta property=\"og:locale\" content=\"es_ES\" \/>\n<meta property=\"og:type\" content=\"article\" \/>\n<meta property=\"og:title\" content=\"El dilema de las palabras positivas\" \/>\n<meta property=\"og:description\" content=\"Le\u00eda en un blog y en el debate asociado sobre el poder de las palabras positivas y transformadoras. No es la primera vez que le\u00eda sobre ello, y puedo decir que estoy (y estaba) de acuerdo al 100%, pero \u00bfse &hellip; Continue reading &rarr;\" \/>\n<meta property=\"og:url\" content=\"https:\/\/blogs.encamina.com\/en-las-nubes\/el-dilema-de-las-palabras-positivas\/\" \/>\n<meta property=\"og:site_name\" content=\"Con la cabeza en las nubes y los pies en el suelo\" \/>\n<meta property=\"article:author\" content=\"http:\/\/www.facebook.com\/pages\/encamina\/84575716581\" \/>\n<meta property=\"article:published_time\" content=\"2013-07-04T08:08:43+00:00\" \/>\n<meta property=\"article:modified_time\" content=\"2013-07-15T11:42:03+00:00\" \/>\n<meta property=\"og:image\" content=\"http:\/\/blogs.encamina.com\/en-las-nubes\/wp-content\/uploads\/sites\/9\/2013\/07\/palabras.jpg\" \/>\n<meta name=\"author\" content=\"Hugo de Juan\" \/>\n<meta name=\"twitter:card\" content=\"summary_large_image\" \/>\n<meta name=\"twitter:creator\" content=\"@hdejuan\" \/>\n<meta name=\"twitter:label1\" content=\"Escrito por\" \/>\n\t<meta name=\"twitter:data1\" content=\"Hugo de Juan\" \/>\n\t<meta name=\"twitter:label2\" content=\"Tiempo de lectura\" \/>\n\t<meta name=\"twitter:data2\" content=\"2 minutos\" \/>\n<script type=\"application\/ld+json\" class=\"yoast-schema-graph\">{\"@context\":\"https:\\\/\\\/schema.org\",\"@graph\":[{\"@type\":\"Article\",\"@id\":\"https:\\\/\\\/blogs.encamina.com\\\/en-las-nubes\\\/el-dilema-de-las-palabras-positivas\\\/#article\",\"isPartOf\":{\"@id\":\"https:\\\/\\\/blogs.encamina.com\\\/en-las-nubes\\\/el-dilema-de-las-palabras-positivas\\\/\"},\"author\":{\"name\":\"Hugo de Juan\",\"@id\":\"https:\\\/\\\/blogs.encamina.com\\\/en-las-nubes\\\/#\\\/schema\\\/person\\\/486ee12091b3f96d238191159f897342\"},\"headline\":\"El dilema de las palabras positivas\",\"datePublished\":\"2013-07-04T08:08:43+00:00\",\"dateModified\":\"2013-07-15T11:42:03+00:00\",\"mainEntityOfPage\":{\"@id\":\"https:\\\/\\\/blogs.encamina.com\\\/en-las-nubes\\\/el-dilema-de-las-palabras-positivas\\\/\"},\"wordCount\":333,\"commentCount\":0,\"image\":{\"@id\":\"https:\\\/\\\/blogs.encamina.com\\\/en-las-nubes\\\/el-dilema-de-las-palabras-positivas\\\/#primaryimage\"},\"thumbnailUrl\":\"http:\\\/\\\/blogs.encamina.com\\\/en-las-nubes\\\/wp-content\\\/uploads\\\/sites\\\/9\\\/2013\\\/07\\\/palabras.jpg\",\"keywords\":[\"comunicaci\u00f3n\",\"palabras\"],\"articleSection\":[\"reflexiones\"],\"inLanguage\":\"es\",\"potentialAction\":[{\"@type\":\"CommentAction\",\"name\":\"Comment\",\"target\":[\"https:\\\/\\\/blogs.encamina.com\\\/en-las-nubes\\\/el-dilema-de-las-palabras-positivas\\\/#respond\"]}]},{\"@type\":\"WebPage\",\"@id\":\"https:\\\/\\\/blogs.encamina.com\\\/en-las-nubes\\\/el-dilema-de-las-palabras-positivas\\\/\",\"url\":\"https:\\\/\\\/blogs.encamina.com\\\/en-las-nubes\\\/el-dilema-de-las-palabras-positivas\\\/\",\"name\":\"El dilema de las palabras positivas - Con la cabeza en las nubes y los pies en el suelo\",\"isPartOf\":{\"@id\":\"https:\\\/\\\/blogs.encamina.com\\\/en-las-nubes\\\/#website\"},\"primaryImageOfPage\":{\"@id\":\"https:\\\/\\\/blogs.encamina.com\\\/en-las-nubes\\\/el-dilema-de-las-palabras-positivas\\\/#primaryimage\"},\"image\":{\"@id\":\"https:\\\/\\\/blogs.encamina.com\\\/en-las-nubes\\\/el-dilema-de-las-palabras-positivas\\\/#primaryimage\"},\"thumbnailUrl\":\"http:\\\/\\\/blogs.encamina.com\\\/en-las-nubes\\\/wp-content\\\/uploads\\\/sites\\\/9\\\/2013\\\/07\\\/palabras.jpg\",\"datePublished\":\"2013-07-04T08:08:43+00:00\",\"dateModified\":\"2013-07-15T11:42:03+00:00\",\"author\":{\"@id\":\"https:\\\/\\\/blogs.encamina.com\\\/en-las-nubes\\\/#\\\/schema\\\/person\\\/486ee12091b3f96d238191159f897342\"},\"inLanguage\":\"es\",\"potentialAction\":[{\"@type\":\"ReadAction\",\"target\":[\"https:\\\/\\\/blogs.encamina.com\\\/en-las-nubes\\\/el-dilema-de-las-palabras-positivas\\\/\"]}]},{\"@type\":\"ImageObject\",\"inLanguage\":\"es\",\"@id\":\"https:\\\/\\\/blogs.encamina.com\\\/en-las-nubes\\\/el-dilema-de-las-palabras-positivas\\\/#primaryimage\",\"url\":\"https:\\\/\\\/blogs.encamina.com\\\/en-las-nubes\\\/wp-content\\\/uploads\\\/sites\\\/9\\\/2013\\\/07\\\/palabras.jpg\",\"contentUrl\":\"https:\\\/\\\/blogs.encamina.com\\\/en-las-nubes\\\/wp-content\\\/uploads\\\/sites\\\/9\\\/2013\\\/07\\\/palabras.jpg\",\"width\":460,\"height\":296},{\"@type\":\"WebSite\",\"@id\":\"https:\\\/\\\/blogs.encamina.com\\\/en-las-nubes\\\/#website\",\"url\":\"https:\\\/\\\/blogs.encamina.com\\\/en-las-nubes\\\/\",\"name\":\"Con la cabeza en las nubes y los pies en el suelo\",\"description\":\"El proyecto empresarial necesita visi\u00f3n, pasi\u00f3n y un sue\u00f1o al final del camino, pero tambi\u00e9n hay que pisar tierra con paso firme y recuperarse de tropiezos m\u00e1s bien poco divinos.\",\"potentialAction\":[{\"@type\":\"SearchAction\",\"target\":{\"@type\":\"EntryPoint\",\"urlTemplate\":\"https:\\\/\\\/blogs.encamina.com\\\/en-las-nubes\\\/?s={search_term_string}\"},\"query-input\":{\"@type\":\"PropertyValueSpecification\",\"valueRequired\":true,\"valueName\":\"search_term_string\"}}],\"inLanguage\":\"es\"},{\"@type\":\"Person\",\"@id\":\"https:\\\/\\\/blogs.encamina.com\\\/en-las-nubes\\\/#\\\/schema\\\/person\\\/486ee12091b3f96d238191159f897342\",\"name\":\"Hugo de Juan\",\"image\":{\"@type\":\"ImageObject\",\"inLanguage\":\"es\",\"@id\":\"https:\\\/\\\/secure.gravatar.com\\\/avatar\\\/da3366cf2fa4f0204b16b93ed8302a0c44452d571f45c1c3b63b3200ca8bd12f?s=96&d=mm&r=g\",\"url\":\"https:\\\/\\\/secure.gravatar.com\\\/avatar\\\/da3366cf2fa4f0204b16b93ed8302a0c44452d571f45c1c3b63b3200ca8bd12f?s=96&d=mm&r=g\",\"contentUrl\":\"https:\\\/\\\/secure.gravatar.com\\\/avatar\\\/da3366cf2fa4f0204b16b93ed8302a0c44452d571f45c1c3b63b3200ca8bd12f?s=96&d=mm&r=g\",\"caption\":\"Hugo de Juan\"},\"description\":\"Ingeniero de Telecomunicaci\u00f3n en mis bases pas\u00e9 al lado oscuro con un master en Marketing y posteriormente con un executive MBA. Hoy CEO en ENCAMINA, socio director en ENTRESISTEMAS, profesor postgrado en ESIC Marketing &amp; Business School, estudiante y Doctor Ingeniero en econom\u00eda digital y sobre todo currante en muchas cosas. Me va el marketing, la tecnolog\u00eda, mi familia, los amigos y la vida buena, incluso m\u00e1s que la buena vida.\",\"sameAs\":[\"http:\\\/\\\/www.facebook.com\\\/pages\\\/encamina\\\/84575716581\",\"http:\\\/\\\/es.linkedin.com\\\/in\\\/hugodejuan\\\/\",\"https:\\\/\\\/x.com\\\/hdejuan\",\"http:\\\/\\\/www.slideshare.net\\\/encamina\"],\"url\":\"https:\\\/\\\/blogs.encamina.com\\\/en-las-nubes\\\/author\\\/hdejuan\\\/\"}]}<\/script>\n<!-- \/ Yoast SEO Premium plugin. -->","yoast_head_json":{"title":"El dilema de las palabras positivas - Con la cabeza en las nubes y los pies en el suelo","robots":{"index":"index","follow":"follow","max-snippet":"max-snippet:-1","max-image-preview":"max-image-preview:large","max-video-preview":"max-video-preview:-1"},"canonical":"https:\/\/blogs.encamina.com\/en-las-nubes\/el-dilema-de-las-palabras-positivas\/","og_locale":"es_ES","og_type":"article","og_title":"El dilema de las palabras positivas","og_description":"Le\u00eda en un blog y en el debate asociado sobre el poder de las palabras positivas y transformadoras. No es la primera vez que le\u00eda sobre ello, y puedo decir que estoy (y estaba) de acuerdo al 100%, pero \u00bfse &hellip; Continue reading &rarr;","og_url":"https:\/\/blogs.encamina.com\/en-las-nubes\/el-dilema-de-las-palabras-positivas\/","og_site_name":"Con la cabeza en las nubes y los pies en el suelo","article_author":"http:\/\/www.facebook.com\/pages\/encamina\/84575716581","article_published_time":"2013-07-04T08:08:43+00:00","article_modified_time":"2013-07-15T11:42:03+00:00","og_image":[{"url":"http:\/\/blogs.encamina.com\/en-las-nubes\/wp-content\/uploads\/sites\/9\/2013\/07\/palabras.jpg","type":"","width":"","height":""}],"author":"Hugo de Juan","twitter_card":"summary_large_image","twitter_creator":"@hdejuan","twitter_misc":{"Escrito por":"Hugo de Juan","Tiempo de lectura":"2 minutos"},"schema":{"@context":"https:\/\/schema.org","@graph":[{"@type":"Article","@id":"https:\/\/blogs.encamina.com\/en-las-nubes\/el-dilema-de-las-palabras-positivas\/#article","isPartOf":{"@id":"https:\/\/blogs.encamina.com\/en-las-nubes\/el-dilema-de-las-palabras-positivas\/"},"author":{"name":"Hugo de Juan","@id":"https:\/\/blogs.encamina.com\/en-las-nubes\/#\/schema\/person\/486ee12091b3f96d238191159f897342"},"headline":"El dilema de las palabras positivas","datePublished":"2013-07-04T08:08:43+00:00","dateModified":"2013-07-15T11:42:03+00:00","mainEntityOfPage":{"@id":"https:\/\/blogs.encamina.com\/en-las-nubes\/el-dilema-de-las-palabras-positivas\/"},"wordCount":333,"commentCount":0,"image":{"@id":"https:\/\/blogs.encamina.com\/en-las-nubes\/el-dilema-de-las-palabras-positivas\/#primaryimage"},"thumbnailUrl":"http:\/\/blogs.encamina.com\/en-las-nubes\/wp-content\/uploads\/sites\/9\/2013\/07\/palabras.jpg","keywords":["comunicaci\u00f3n","palabras"],"articleSection":["reflexiones"],"inLanguage":"es","potentialAction":[{"@type":"CommentAction","name":"Comment","target":["https:\/\/blogs.encamina.com\/en-las-nubes\/el-dilema-de-las-palabras-positivas\/#respond"]}]},{"@type":"WebPage","@id":"https:\/\/blogs.encamina.com\/en-las-nubes\/el-dilema-de-las-palabras-positivas\/","url":"https:\/\/blogs.encamina.com\/en-las-nubes\/el-dilema-de-las-palabras-positivas\/","name":"El dilema de las palabras positivas - Con la cabeza en las nubes y los pies en el suelo","isPartOf":{"@id":"https:\/\/blogs.encamina.com\/en-las-nubes\/#website"},"primaryImageOfPage":{"@id":"https:\/\/blogs.encamina.com\/en-las-nubes\/el-dilema-de-las-palabras-positivas\/#primaryimage"},"image":{"@id":"https:\/\/blogs.encamina.com\/en-las-nubes\/el-dilema-de-las-palabras-positivas\/#primaryimage"},"thumbnailUrl":"http:\/\/blogs.encamina.com\/en-las-nubes\/wp-content\/uploads\/sites\/9\/2013\/07\/palabras.jpg","datePublished":"2013-07-04T08:08:43+00:00","dateModified":"2013-07-15T11:42:03+00:00","author":{"@id":"https:\/\/blogs.encamina.com\/en-las-nubes\/#\/schema\/person\/486ee12091b3f96d238191159f897342"},"inLanguage":"es","potentialAction":[{"@type":"ReadAction","target":["https:\/\/blogs.encamina.com\/en-las-nubes\/el-dilema-de-las-palabras-positivas\/"]}]},{"@type":"ImageObject","inLanguage":"es","@id":"https:\/\/blogs.encamina.com\/en-las-nubes\/el-dilema-de-las-palabras-positivas\/#primaryimage","url":"https:\/\/blogs.encamina.com\/en-las-nubes\/wp-content\/uploads\/sites\/9\/2013\/07\/palabras.jpg","contentUrl":"https:\/\/blogs.encamina.com\/en-las-nubes\/wp-content\/uploads\/sites\/9\/2013\/07\/palabras.jpg","width":460,"height":296},{"@type":"WebSite","@id":"https:\/\/blogs.encamina.com\/en-las-nubes\/#website","url":"https:\/\/blogs.encamina.com\/en-las-nubes\/","name":"Con la cabeza en las nubes y los pies en el suelo","description":"El proyecto empresarial necesita visi\u00f3n, pasi\u00f3n y un sue\u00f1o al final del camino, pero tambi\u00e9n hay que pisar tierra con paso firme y recuperarse de tropiezos m\u00e1s bien poco divinos.","potentialAction":[{"@type":"SearchAction","target":{"@type":"EntryPoint","urlTemplate":"https:\/\/blogs.encamina.com\/en-las-nubes\/?s={search_term_string}"},"query-input":{"@type":"PropertyValueSpecification","valueRequired":true,"valueName":"search_term_string"}}],"inLanguage":"es"},{"@type":"Person","@id":"https:\/\/blogs.encamina.com\/en-las-nubes\/#\/schema\/person\/486ee12091b3f96d238191159f897342","name":"Hugo de Juan","image":{"@type":"ImageObject","inLanguage":"es","@id":"https:\/\/secure.gravatar.com\/avatar\/da3366cf2fa4f0204b16b93ed8302a0c44452d571f45c1c3b63b3200ca8bd12f?s=96&d=mm&r=g","url":"https:\/\/secure.gravatar.com\/avatar\/da3366cf2fa4f0204b16b93ed8302a0c44452d571f45c1c3b63b3200ca8bd12f?s=96&d=mm&r=g","contentUrl":"https:\/\/secure.gravatar.com\/avatar\/da3366cf2fa4f0204b16b93ed8302a0c44452d571f45c1c3b63b3200ca8bd12f?s=96&d=mm&r=g","caption":"Hugo de Juan"},"description":"Ingeniero de Telecomunicaci\u00f3n en mis bases pas\u00e9 al lado oscuro con un master en Marketing y posteriormente con un executive MBA. Hoy CEO en ENCAMINA, socio director en ENTRESISTEMAS, profesor postgrado en ESIC Marketing &amp; Business School, estudiante y Doctor Ingeniero en econom\u00eda digital y sobre todo currante en muchas cosas. Me va el marketing, la tecnolog\u00eda, mi familia, los amigos y la vida buena, incluso m\u00e1s que la buena vida.","sameAs":["http:\/\/www.facebook.com\/pages\/encamina\/84575716581","http:\/\/es.linkedin.com\/in\/hugodejuan\/","https:\/\/x.com\/hdejuan","http:\/\/www.slideshare.net\/encamina"],"url":"https:\/\/blogs.encamina.com\/en-las-nubes\/author\/hdejuan\/"}]}},"_links":{"self":[{"href":"https:\/\/blogs.encamina.com\/en-las-nubes\/wp-json\/wp\/v2\/posts\/631","targetHints":{"allow":["GET"]}}],"collection":[{"href":"https:\/\/blogs.encamina.com\/en-las-nubes\/wp-json\/wp\/v2\/posts"}],"about":[{"href":"https:\/\/blogs.encamina.com\/en-las-nubes\/wp-json\/wp\/v2\/types\/post"}],"author":[{"embeddable":true,"href":"https:\/\/blogs.encamina.com\/en-las-nubes\/wp-json\/wp\/v2\/users\/9"}],"replies":[{"embeddable":true,"href":"https:\/\/blogs.encamina.com\/en-las-nubes\/wp-json\/wp\/v2\/comments?post=631"}],"version-history":[{"count":0,"href":"https:\/\/blogs.encamina.com\/en-las-nubes\/wp-json\/wp\/v2\/posts\/631\/revisions"}],"wp:attachment":[{"href":"https:\/\/blogs.encamina.com\/en-las-nubes\/wp-json\/wp\/v2\/media?parent=631"}],"wp:term":[{"taxonomy":"category","embeddable":true,"href":"https:\/\/blogs.encamina.com\/en-las-nubes\/wp-json\/wp\/v2\/categories?post=631"},{"taxonomy":"post_tag","embeddable":true,"href":"https:\/\/blogs.encamina.com\/en-las-nubes\/wp-json\/wp\/v2\/tags?post=631"}],"curies":[{"name":"wp","href":"https:\/\/api.w.org\/{rel}","templated":true}]}}