{"id":546,"date":"2013-05-02T10:00:44","date_gmt":"2013-05-02T09:00:44","guid":{"rendered":"http:\/\/blogs.encamina.com\/en-las-nubes\/?p=546"},"modified":"2013-05-02T16:26:47","modified_gmt":"2013-05-02T15:26:47","slug":"creatividad-y-estrategia-empresarial","status":"publish","type":"post","link":"https:\/\/blogs.encamina.com\/en-las-nubes\/creatividad-y-estrategia-empresarial\/","title":{"rendered":"Creatividad y estrategia empresarial"},"content":{"rendered":"<p>Una de las fortalezas m\u00e1s valiosas en nuestra era tanto desde la perspectiva profesional como empresarial es la <strong>CREATIVIDAD<\/strong>.<\/p>\n<p>Es verdad que en estos momentos grises parece que los que m\u00e1s crecen son los que logran producir y vender barato. Y estos son los que logran estandarizar, mejorar procesos, reducir costes, presionar proveedores, etc., etc. Las marcas blancas o m\u00e1s bien grises son un buen ejemplo de ellos.<\/p>\n<p style=\"text-align: center\"><a href=\"http:\/\/blogs.encamina.com\/en-las-nubes\/wp-content\/uploads\/sites\/9\/2013\/04\/creatividad.jpg\"><img loading=\"lazy\" decoding=\"async\" class=\" wp-image-548 aligncenter\" title=\"CRETAIVIDAD, PIENSA EN COLORES y el lado GRIS\" alt=\"creatividad\" src=\"http:\/\/blogs.encamina.com\/en-las-nubes\/wp-content\/uploads\/sites\/9\/2013\/04\/creatividad-300x298.jpg\" width=\"240\" height=\"238\" srcset=\"https:\/\/encaminablogs.wpenginepowered.com\/en-las-nubes\/wp-content\/uploads\/sites\/9\/2013\/04\/creatividad-300x298.jpg 300w, https:\/\/encaminablogs.wpenginepowered.com\/en-las-nubes\/wp-content\/uploads\/sites\/9\/2013\/04\/creatividad-150x150.jpg 150w, https:\/\/encaminablogs.wpenginepowered.com\/en-las-nubes\/wp-content\/uploads\/sites\/9\/2013\/04\/creatividad.jpg 500w\" sizes=\"auto, (max-width: 240px) 100vw, 240px\" \/><\/a><\/p>\n<p>Sin embargo, por otro lado est\u00e1n las marcas, las empresas, los profesionales y las personas que logran <strong>diferenciarse, innovar, ganarse el aprecio<\/strong> de los consumidores y clientes, descubrir <strong>oc\u00e9anos azules<\/strong>, hacerse un hueco en la <a href=\"http:\/\/es.wikipedia.org\/wiki\/Larga_cola\" target=\"_blank\">long tail\u00a0<\/a>,&#8230;.<\/p>\n<p><!--more--><\/p>\n<p>Creo que aunque en el presente hay ejemplos muy destacados y admirables, ser\u00e1 para el medio y largo plazo, cuando los que lucen estas banderas m\u00e1s coloridas, destacar\u00e1n y triunfar\u00e1n sobre los m\u00e1s grises.<\/p>\n<p>La creatividad es un valor que personalmente me fascina y empresarialmente creo que nos posiciona bien en <a title=\"ENCAMINA\" href=\"http:\/\/www.encamina.com\" target=\"_blank\">ENCAMINA<\/a>. Dice la <a href=\"https:\/\/es.wikipedia.org\/wiki\/Creatividad\" target=\"_blank\">Wikipedia <\/a>que la creatividad (pensamiento original, imaginaci\u00f3n constructiva, pensamiento divergente o pensamiento creativo), es la <strong>generaci\u00f3n de nuevas ideas o conceptos, o de nuevas asociaciones entre ideas y conceptos conocidos, que habitualmente producen soluciones originales<\/strong>.<\/p>\n<p style=\"text-align: center\"><a href=\"http:\/\/blogs.encamina.com\/en-las-nubes\/wp-content\/uploads\/sites\/9\/2013\/04\/creatividad-1.jpg\"><img loading=\"lazy\" decoding=\"async\" class=\"size-medium wp-image-547 aligncenter\" title=\"creatividad en ENCAMINA\" alt=\"creatividad en ENCAMINA\" src=\"http:\/\/blogs.encamina.com\/en-las-nubes\/wp-content\/uploads\/sites\/9\/2013\/04\/creatividad-1-300x190.jpg\" width=\"300\" height=\"190\" srcset=\"https:\/\/encaminablogs.wpenginepowered.com\/en-las-nubes\/wp-content\/uploads\/sites\/9\/2013\/04\/creatividad-1-300x190.jpg 300w, https:\/\/encaminablogs.wpenginepowered.com\/en-las-nubes\/wp-content\/uploads\/sites\/9\/2013\/04\/creatividad-1.jpg 450w\" sizes=\"auto, (max-width: 300px) 100vw, 300px\" \/><\/a><\/p>\n<p>Es verdad que hay personas con esta cualidad \u00abde f\u00e1brica\u00bb (o out-of-the-box) y brillan m\u00e1s que otras sin mucho esfuerzo, pero que como todo, es algo que seguro se puede aprender, entrenar y desarrollar hasta el \u00f3ptimo de nuestras posibilidades.<\/p>\n<p>Sin embargo, lo que me ha impulsado a escribir estas l\u00edneas es un par de videos donde por un lado se ve un derroche de frescura, creatividad, diversi\u00f3n y emociones:<\/p>\n<p>&nbsp;<\/p>\n<p><iframe loading=\"lazy\" title=\"LIP DUB FACULTAD DE MEDICINA VALENCIA - EL SECRETO DE LAS TORTUGAS MALDITA NEREA\" width=\"500\" height=\"281\" src=\"https:\/\/www.youtube.com\/embed\/tFoEBY_4XPU?feature=oembed\" frameborder=\"0\" allow=\"accelerometer; autoplay; clipboard-write; encrypted-media; gyroscope; picture-in-picture; web-share\" referrerpolicy=\"strict-origin-when-cross-origin\" allowfullscreen><\/iframe><\/p>\n<p>&nbsp;<\/p>\n<p>pero por el otro lo que se ve es <strong>esfuerzo y trabajo, liderazgo y direcci\u00f3n, preparaci\u00f3n<\/strong> y ensayo, aportaci\u00f3n individual al grupo y <strong>trabajo en equipo, coordinaci\u00f3n y rigor<\/strong>, etc.:<\/p>\n<p>&nbsp;<\/p>\n<p><iframe loading=\"lazy\" title=\"Making of LipDub Facultad de Medicina de Valencia\" width=\"500\" height=\"281\" src=\"https:\/\/www.youtube.com\/embed\/MDea8XalVGw?feature=oembed\" frameborder=\"0\" allow=\"accelerometer; autoplay; clipboard-write; encrypted-media; gyroscope; picture-in-picture; web-share\" referrerpolicy=\"strict-origin-when-cross-origin\" allowfullscreen><\/iframe><\/p>\n<h2>Dos caras de la misma moneda.<\/h2>\n<p>Y es que la creatividad empresarial siempre debe estar articulada de alguna forma dentro de la estrategia, y sin duda liderada, para que sea provechosa en el d\u00eda a d\u00eda y el futuro de la organizaci\u00f3n. Y a mi entender, son absolutamente imprescindibles esos otros valores y componentes (como el <strong>esp\u00edritu de equipo, el esfuerzo, el liderazgo, el compromiso, etc<\/strong>.) para que la creatividad pueda fraguar en resultados empresariales.<\/p>\n<!-- AddThis Advanced Settings generic via filter on the_content --><!-- AddThis Share Buttons generic via filter on the_content --><span class=\"et_bloom_bottom_trigger\"><\/span>","protected":false},"excerpt":{"rendered":"<p>Una de las fortalezas m\u00e1s valiosas en nuestra era tanto desde la perspectiva profesional como empresarial es la CREATIVIDAD. Es verdad que en estos momentos grises parece que los que m\u00e1s crecen son los que logran producir y vender barato. &hellip; <a href=\"https:\/\/blogs.encamina.com\/en-las-nubes\/creatividad-y-estrategia-empresarial\/\">Continue reading <span class=\"meta-nav\">&rarr;<\/span><\/a><!-- AddThis Advanced Settings generic via filter on get_the_excerpt --><!-- AddThis Share Buttons generic via filter on get_the_excerpt --><\/p>\n","protected":false},"author":9,"featured_media":0,"comment_status":"closed","ping_status":"closed","sticky":false,"template":"","format":"standard","meta":{"footnotes":""},"categories":[8],"tags":[28],"class_list":["post-546","post","type-post","status-publish","format-standard","hentry","category-reflexiones","tag-creatividad"],"yoast_head":"<!-- This site is optimized with the Yoast SEO Premium plugin v18.2.1 (Yoast SEO v27.3) - https:\/\/yoast.com\/product\/yoast-seo-premium-wordpress\/ -->\n<title>Creatividad y estrategia empresarial - Con la cabeza en las nubes y los pies en el suelo<\/title>\n<meta name=\"robots\" content=\"index, follow, max-snippet:-1, max-image-preview:large, max-video-preview:-1\" \/>\n<link rel=\"canonical\" href=\"https:\/\/blogs.encamina.com\/en-las-nubes\/creatividad-y-estrategia-empresarial\/\" \/>\n<meta property=\"og:locale\" content=\"es_ES\" \/>\n<meta property=\"og:type\" content=\"article\" \/>\n<meta property=\"og:title\" content=\"Creatividad y estrategia empresarial\" \/>\n<meta property=\"og:description\" content=\"Una de las fortalezas m\u00e1s valiosas en nuestra era tanto desde la perspectiva profesional como empresarial es la CREATIVIDAD. Es verdad que en estos momentos grises parece que los que m\u00e1s crecen son los que logran producir y vender barato. &hellip; Continue reading &rarr;\" \/>\n<meta property=\"og:url\" content=\"https:\/\/blogs.encamina.com\/en-las-nubes\/creatividad-y-estrategia-empresarial\/\" \/>\n<meta property=\"og:site_name\" content=\"Con la cabeza en las nubes y los pies en el suelo\" \/>\n<meta property=\"article:author\" content=\"http:\/\/www.facebook.com\/pages\/encamina\/84575716581\" \/>\n<meta property=\"article:published_time\" content=\"2013-05-02T09:00:44+00:00\" \/>\n<meta property=\"article:modified_time\" content=\"2013-05-02T15:26:47+00:00\" \/>\n<meta property=\"og:image\" content=\"http:\/\/blogs.encamina.com\/en-las-nubes\/wp-content\/uploads\/sites\/9\/2013\/04\/creatividad-300x298.jpg\" \/>\n<meta name=\"author\" content=\"Hugo de Juan\" \/>\n<meta name=\"twitter:card\" content=\"summary_large_image\" \/>\n<meta name=\"twitter:creator\" content=\"@hdejuan\" \/>\n<meta name=\"twitter:label1\" content=\"Escrito por\" \/>\n\t<meta name=\"twitter:data1\" content=\"Hugo de Juan\" \/>\n\t<meta name=\"twitter:label2\" content=\"Tiempo de lectura\" \/>\n\t<meta name=\"twitter:data2\" content=\"2 minutos\" \/>\n<script type=\"application\/ld+json\" class=\"yoast-schema-graph\">{\"@context\":\"https:\\\/\\\/schema.org\",\"@graph\":[{\"@type\":\"Article\",\"@id\":\"https:\\\/\\\/blogs.encamina.com\\\/en-las-nubes\\\/creatividad-y-estrategia-empresarial\\\/#article\",\"isPartOf\":{\"@id\":\"https:\\\/\\\/blogs.encamina.com\\\/en-las-nubes\\\/creatividad-y-estrategia-empresarial\\\/\"},\"author\":{\"name\":\"Hugo de Juan\",\"@id\":\"https:\\\/\\\/blogs.encamina.com\\\/en-las-nubes\\\/#\\\/schema\\\/person\\\/486ee12091b3f96d238191159f897342\"},\"headline\":\"Creatividad y estrategia empresarial\",\"datePublished\":\"2013-05-02T09:00:44+00:00\",\"dateModified\":\"2013-05-02T15:26:47+00:00\",\"mainEntityOfPage\":{\"@id\":\"https:\\\/\\\/blogs.encamina.com\\\/en-las-nubes\\\/creatividad-y-estrategia-empresarial\\\/\"},\"wordCount\":415,\"image\":{\"@id\":\"https:\\\/\\\/blogs.encamina.com\\\/en-las-nubes\\\/creatividad-y-estrategia-empresarial\\\/#primaryimage\"},\"thumbnailUrl\":\"http:\\\/\\\/blogs.encamina.com\\\/en-las-nubes\\\/wp-content\\\/uploads\\\/sites\\\/9\\\/2013\\\/04\\\/creatividad-300x298.jpg\",\"keywords\":[\"Creatividad\"],\"articleSection\":[\"reflexiones\"],\"inLanguage\":\"es\"},{\"@type\":\"WebPage\",\"@id\":\"https:\\\/\\\/blogs.encamina.com\\\/en-las-nubes\\\/creatividad-y-estrategia-empresarial\\\/\",\"url\":\"https:\\\/\\\/blogs.encamina.com\\\/en-las-nubes\\\/creatividad-y-estrategia-empresarial\\\/\",\"name\":\"Creatividad y estrategia empresarial - Con la cabeza en las nubes y los pies en el suelo\",\"isPartOf\":{\"@id\":\"https:\\\/\\\/blogs.encamina.com\\\/en-las-nubes\\\/#website\"},\"primaryImageOfPage\":{\"@id\":\"https:\\\/\\\/blogs.encamina.com\\\/en-las-nubes\\\/creatividad-y-estrategia-empresarial\\\/#primaryimage\"},\"image\":{\"@id\":\"https:\\\/\\\/blogs.encamina.com\\\/en-las-nubes\\\/creatividad-y-estrategia-empresarial\\\/#primaryimage\"},\"thumbnailUrl\":\"http:\\\/\\\/blogs.encamina.com\\\/en-las-nubes\\\/wp-content\\\/uploads\\\/sites\\\/9\\\/2013\\\/04\\\/creatividad-300x298.jpg\",\"datePublished\":\"2013-05-02T09:00:44+00:00\",\"dateModified\":\"2013-05-02T15:26:47+00:00\",\"author\":{\"@id\":\"https:\\\/\\\/blogs.encamina.com\\\/en-las-nubes\\\/#\\\/schema\\\/person\\\/486ee12091b3f96d238191159f897342\"},\"inLanguage\":\"es\",\"potentialAction\":[{\"@type\":\"ReadAction\",\"target\":[\"https:\\\/\\\/blogs.encamina.com\\\/en-las-nubes\\\/creatividad-y-estrategia-empresarial\\\/\"]}]},{\"@type\":\"ImageObject\",\"inLanguage\":\"es\",\"@id\":\"https:\\\/\\\/blogs.encamina.com\\\/en-las-nubes\\\/creatividad-y-estrategia-empresarial\\\/#primaryimage\",\"url\":\"https:\\\/\\\/blogs.encamina.com\\\/en-las-nubes\\\/wp-content\\\/uploads\\\/sites\\\/9\\\/2013\\\/04\\\/creatividad.jpg\",\"contentUrl\":\"https:\\\/\\\/blogs.encamina.com\\\/en-las-nubes\\\/wp-content\\\/uploads\\\/sites\\\/9\\\/2013\\\/04\\\/creatividad.jpg\",\"width\":500,\"height\":498},{\"@type\":\"WebSite\",\"@id\":\"https:\\\/\\\/blogs.encamina.com\\\/en-las-nubes\\\/#website\",\"url\":\"https:\\\/\\\/blogs.encamina.com\\\/en-las-nubes\\\/\",\"name\":\"Con la cabeza en las nubes y los pies en el suelo\",\"description\":\"El proyecto empresarial necesita visi\u00f3n, pasi\u00f3n y un sue\u00f1o al final del camino, pero tambi\u00e9n hay que pisar tierra con paso firme y recuperarse de tropiezos m\u00e1s bien poco divinos.\",\"potentialAction\":[{\"@type\":\"SearchAction\",\"target\":{\"@type\":\"EntryPoint\",\"urlTemplate\":\"https:\\\/\\\/blogs.encamina.com\\\/en-las-nubes\\\/?s={search_term_string}\"},\"query-input\":{\"@type\":\"PropertyValueSpecification\",\"valueRequired\":true,\"valueName\":\"search_term_string\"}}],\"inLanguage\":\"es\"},{\"@type\":\"Person\",\"@id\":\"https:\\\/\\\/blogs.encamina.com\\\/en-las-nubes\\\/#\\\/schema\\\/person\\\/486ee12091b3f96d238191159f897342\",\"name\":\"Hugo de Juan\",\"image\":{\"@type\":\"ImageObject\",\"inLanguage\":\"es\",\"@id\":\"https:\\\/\\\/secure.gravatar.com\\\/avatar\\\/da3366cf2fa4f0204b16b93ed8302a0c44452d571f45c1c3b63b3200ca8bd12f?s=96&d=mm&r=g\",\"url\":\"https:\\\/\\\/secure.gravatar.com\\\/avatar\\\/da3366cf2fa4f0204b16b93ed8302a0c44452d571f45c1c3b63b3200ca8bd12f?s=96&d=mm&r=g\",\"contentUrl\":\"https:\\\/\\\/secure.gravatar.com\\\/avatar\\\/da3366cf2fa4f0204b16b93ed8302a0c44452d571f45c1c3b63b3200ca8bd12f?s=96&d=mm&r=g\",\"caption\":\"Hugo de Juan\"},\"description\":\"Ingeniero de Telecomunicaci\u00f3n en mis bases pas\u00e9 al lado oscuro con un master en Marketing y posteriormente con un executive MBA. Hoy CEO en ENCAMINA, socio director en ENTRESISTEMAS, profesor postgrado en ESIC Marketing &amp; Business School, estudiante y Doctor Ingeniero en econom\u00eda digital y sobre todo currante en muchas cosas. Me va el marketing, la tecnolog\u00eda, mi familia, los amigos y la vida buena, incluso m\u00e1s que la buena vida.\",\"sameAs\":[\"http:\\\/\\\/www.facebook.com\\\/pages\\\/encamina\\\/84575716581\",\"http:\\\/\\\/es.linkedin.com\\\/in\\\/hugodejuan\\\/\",\"https:\\\/\\\/x.com\\\/hdejuan\",\"http:\\\/\\\/www.slideshare.net\\\/encamina\"],\"url\":\"https:\\\/\\\/blogs.encamina.com\\\/en-las-nubes\\\/author\\\/hdejuan\\\/\"}]}<\/script>\n<!-- \/ Yoast SEO Premium plugin. -->","yoast_head_json":{"title":"Creatividad y estrategia empresarial - Con la cabeza en las nubes y los pies en el suelo","robots":{"index":"index","follow":"follow","max-snippet":"max-snippet:-1","max-image-preview":"max-image-preview:large","max-video-preview":"max-video-preview:-1"},"canonical":"https:\/\/blogs.encamina.com\/en-las-nubes\/creatividad-y-estrategia-empresarial\/","og_locale":"es_ES","og_type":"article","og_title":"Creatividad y estrategia empresarial","og_description":"Una de las fortalezas m\u00e1s valiosas en nuestra era tanto desde la perspectiva profesional como empresarial es la CREATIVIDAD. Es verdad que en estos momentos grises parece que los que m\u00e1s crecen son los que logran producir y vender barato. &hellip; Continue reading &rarr;","og_url":"https:\/\/blogs.encamina.com\/en-las-nubes\/creatividad-y-estrategia-empresarial\/","og_site_name":"Con la cabeza en las nubes y los pies en el suelo","article_author":"http:\/\/www.facebook.com\/pages\/encamina\/84575716581","article_published_time":"2013-05-02T09:00:44+00:00","article_modified_time":"2013-05-02T15:26:47+00:00","og_image":[{"url":"http:\/\/blogs.encamina.com\/en-las-nubes\/wp-content\/uploads\/sites\/9\/2013\/04\/creatividad-300x298.jpg","type":"","width":"","height":""}],"author":"Hugo de Juan","twitter_card":"summary_large_image","twitter_creator":"@hdejuan","twitter_misc":{"Escrito por":"Hugo de Juan","Tiempo de lectura":"2 minutos"},"schema":{"@context":"https:\/\/schema.org","@graph":[{"@type":"Article","@id":"https:\/\/blogs.encamina.com\/en-las-nubes\/creatividad-y-estrategia-empresarial\/#article","isPartOf":{"@id":"https:\/\/blogs.encamina.com\/en-las-nubes\/creatividad-y-estrategia-empresarial\/"},"author":{"name":"Hugo de Juan","@id":"https:\/\/blogs.encamina.com\/en-las-nubes\/#\/schema\/person\/486ee12091b3f96d238191159f897342"},"headline":"Creatividad y estrategia empresarial","datePublished":"2013-05-02T09:00:44+00:00","dateModified":"2013-05-02T15:26:47+00:00","mainEntityOfPage":{"@id":"https:\/\/blogs.encamina.com\/en-las-nubes\/creatividad-y-estrategia-empresarial\/"},"wordCount":415,"image":{"@id":"https:\/\/blogs.encamina.com\/en-las-nubes\/creatividad-y-estrategia-empresarial\/#primaryimage"},"thumbnailUrl":"http:\/\/blogs.encamina.com\/en-las-nubes\/wp-content\/uploads\/sites\/9\/2013\/04\/creatividad-300x298.jpg","keywords":["Creatividad"],"articleSection":["reflexiones"],"inLanguage":"es"},{"@type":"WebPage","@id":"https:\/\/blogs.encamina.com\/en-las-nubes\/creatividad-y-estrategia-empresarial\/","url":"https:\/\/blogs.encamina.com\/en-las-nubes\/creatividad-y-estrategia-empresarial\/","name":"Creatividad y estrategia empresarial - Con la cabeza en las nubes y los pies en el suelo","isPartOf":{"@id":"https:\/\/blogs.encamina.com\/en-las-nubes\/#website"},"primaryImageOfPage":{"@id":"https:\/\/blogs.encamina.com\/en-las-nubes\/creatividad-y-estrategia-empresarial\/#primaryimage"},"image":{"@id":"https:\/\/blogs.encamina.com\/en-las-nubes\/creatividad-y-estrategia-empresarial\/#primaryimage"},"thumbnailUrl":"http:\/\/blogs.encamina.com\/en-las-nubes\/wp-content\/uploads\/sites\/9\/2013\/04\/creatividad-300x298.jpg","datePublished":"2013-05-02T09:00:44+00:00","dateModified":"2013-05-02T15:26:47+00:00","author":{"@id":"https:\/\/blogs.encamina.com\/en-las-nubes\/#\/schema\/person\/486ee12091b3f96d238191159f897342"},"inLanguage":"es","potentialAction":[{"@type":"ReadAction","target":["https:\/\/blogs.encamina.com\/en-las-nubes\/creatividad-y-estrategia-empresarial\/"]}]},{"@type":"ImageObject","inLanguage":"es","@id":"https:\/\/blogs.encamina.com\/en-las-nubes\/creatividad-y-estrategia-empresarial\/#primaryimage","url":"https:\/\/blogs.encamina.com\/en-las-nubes\/wp-content\/uploads\/sites\/9\/2013\/04\/creatividad.jpg","contentUrl":"https:\/\/blogs.encamina.com\/en-las-nubes\/wp-content\/uploads\/sites\/9\/2013\/04\/creatividad.jpg","width":500,"height":498},{"@type":"WebSite","@id":"https:\/\/blogs.encamina.com\/en-las-nubes\/#website","url":"https:\/\/blogs.encamina.com\/en-las-nubes\/","name":"Con la cabeza en las nubes y los pies en el suelo","description":"El proyecto empresarial necesita visi\u00f3n, pasi\u00f3n y un sue\u00f1o al final del camino, pero tambi\u00e9n hay que pisar tierra con paso firme y recuperarse de tropiezos m\u00e1s bien poco divinos.","potentialAction":[{"@type":"SearchAction","target":{"@type":"EntryPoint","urlTemplate":"https:\/\/blogs.encamina.com\/en-las-nubes\/?s={search_term_string}"},"query-input":{"@type":"PropertyValueSpecification","valueRequired":true,"valueName":"search_term_string"}}],"inLanguage":"es"},{"@type":"Person","@id":"https:\/\/blogs.encamina.com\/en-las-nubes\/#\/schema\/person\/486ee12091b3f96d238191159f897342","name":"Hugo de Juan","image":{"@type":"ImageObject","inLanguage":"es","@id":"https:\/\/secure.gravatar.com\/avatar\/da3366cf2fa4f0204b16b93ed8302a0c44452d571f45c1c3b63b3200ca8bd12f?s=96&d=mm&r=g","url":"https:\/\/secure.gravatar.com\/avatar\/da3366cf2fa4f0204b16b93ed8302a0c44452d571f45c1c3b63b3200ca8bd12f?s=96&d=mm&r=g","contentUrl":"https:\/\/secure.gravatar.com\/avatar\/da3366cf2fa4f0204b16b93ed8302a0c44452d571f45c1c3b63b3200ca8bd12f?s=96&d=mm&r=g","caption":"Hugo de Juan"},"description":"Ingeniero de Telecomunicaci\u00f3n en mis bases pas\u00e9 al lado oscuro con un master en Marketing y posteriormente con un executive MBA. Hoy CEO en ENCAMINA, socio director en ENTRESISTEMAS, profesor postgrado en ESIC Marketing &amp; Business School, estudiante y Doctor Ingeniero en econom\u00eda digital y sobre todo currante en muchas cosas. Me va el marketing, la tecnolog\u00eda, mi familia, los amigos y la vida buena, incluso m\u00e1s que la buena vida.","sameAs":["http:\/\/www.facebook.com\/pages\/encamina\/84575716581","http:\/\/es.linkedin.com\/in\/hugodejuan\/","https:\/\/x.com\/hdejuan","http:\/\/www.slideshare.net\/encamina"],"url":"https:\/\/blogs.encamina.com\/en-las-nubes\/author\/hdejuan\/"}]}},"_links":{"self":[{"href":"https:\/\/blogs.encamina.com\/en-las-nubes\/wp-json\/wp\/v2\/posts\/546","targetHints":{"allow":["GET"]}}],"collection":[{"href":"https:\/\/blogs.encamina.com\/en-las-nubes\/wp-json\/wp\/v2\/posts"}],"about":[{"href":"https:\/\/blogs.encamina.com\/en-las-nubes\/wp-json\/wp\/v2\/types\/post"}],"author":[{"embeddable":true,"href":"https:\/\/blogs.encamina.com\/en-las-nubes\/wp-json\/wp\/v2\/users\/9"}],"replies":[{"embeddable":true,"href":"https:\/\/blogs.encamina.com\/en-las-nubes\/wp-json\/wp\/v2\/comments?post=546"}],"version-history":[{"count":0,"href":"https:\/\/blogs.encamina.com\/en-las-nubes\/wp-json\/wp\/v2\/posts\/546\/revisions"}],"wp:attachment":[{"href":"https:\/\/blogs.encamina.com\/en-las-nubes\/wp-json\/wp\/v2\/media?parent=546"}],"wp:term":[{"taxonomy":"category","embeddable":true,"href":"https:\/\/blogs.encamina.com\/en-las-nubes\/wp-json\/wp\/v2\/categories?post=546"},{"taxonomy":"post_tag","embeddable":true,"href":"https:\/\/blogs.encamina.com\/en-las-nubes\/wp-json\/wp\/v2\/tags?post=546"}],"curies":[{"name":"wp","href":"https:\/\/api.w.org\/{rel}","templated":true}]}}