{"id":475,"date":"2013-03-07T11:00:58","date_gmt":"2013-03-07T10:00:58","guid":{"rendered":"http:\/\/blogs.encamina.com\/en-las-nubes\/?p=475"},"modified":"2013-03-07T10:46:28","modified_gmt":"2013-03-07T09:46:28","slug":"si-existe-es-porque-alguien-lo-ha-pensado-antes","status":"publish","type":"post","link":"https:\/\/blogs.encamina.com\/en-las-nubes\/si-existe-es-porque-alguien-lo-ha-pensado-antes\/","title":{"rendered":"Si existe, es porque alguien lo ha pensado antes"},"content":{"rendered":"<p>Es bueno recordar, en estos momentos de baja\u00a0consideraci\u00f3n hacia nuestros l\u00edderes y conciudadanos,\u00a0que\u00a0el ser humano es grande. Es enorme.<\/p>\n<p><img decoding=\"async\" src=\"http:\/\/blogs.encamina.com\/en-las-nubes\/wp-content\/uploads\/sites\/9\/2013\/03\/cac_mini.jpg\" alt=\"\" \/><\/p>\n<p><!--more--><\/p>\n<p>Levanta la vista y mira un objeto, mejor incluso mira por la ventana. Eso que ves, no est\u00e1 ah\u00ed por generaci\u00f3n espont\u00e1nea, sino que alguien lo ha reflexionado,\u00a0dise\u00f1ado y fabricado. Y hasta que algunas personas comenzaron por imaginarlo, no comenz\u00f3 a existir en este mundo.<\/p>\n<p>Hoy hablaba de un proyecto que hemos realizado entre <a href=\"http:\/\/www.encamina.com\">ENCAMINA <\/a>y <a href=\"http:\/\/www.entresistemas.es\">ENTRESISTEMAS<\/a>. Un proyecto del que no me dejo de admirar porque conjuga e integra\u00a0hasta 8 subsistemas que por si mismos son de una extraordinaria complejidad (todos ellos sistemas en tiempo real que incluyen integraci\u00f3n con SAP, dispositivos m\u00f3viles, gesti\u00f3n RFID, PLCs de Siemens controlando activos industriales, aplicaciones web m\u00f3viles, comunicaciones WIFI punto a punto, sistemas de medici\u00f3n laser, WCF de .NET, web services, encapsulaci\u00f3n en m\u00e1quinas virtuales, etc., etc.). <a href=\"http:\/\/entresistemas.com\/wp\/el-nuevo-sistema-de-localizacion-de-activos-de-fabrica-se-pone-en-explotacion-en-varios-paises\/\">El sistema est\u00e1 en producci\u00f3n en varias f\u00e1bricas en diferentes pa\u00edses <\/a>y \u00a1funciona!.<\/p>\n<p>No es el trabajo de un solo hombre, lo es de un equipo, y hay que admirarse porque primero estuvo en sus cabezas como una idea global y luego las ideas concretas se resolvieron en las cabezas de otras personas, y luego otras personas lo hicieron funcionar.<\/p>\n<p>Este oficio nuestro es muy sacrificado y exigente, nunca suficientemente bien pagado, pero de vez en cuando te permite saborear lo alucinante que puede llegar a ser nuestro trabajo.<\/p>\n<p>Ya sea una rutina, una disposici\u00f3n de un men\u00fa, un servicio web\u00a0o un servidor bien instalado, puedes disfrutar del trabajo bien hecho. De crear algo que no exist\u00eda. De imaginar e innovar aunque sea una brizna del proyecto. De a\u00f1adir una mejora. De hacer y hacer que algo funcione bien.<\/p>\n<p><img decoding=\"async\" src=\"http:\/\/blogs.encamina.com\/en-las-nubes\/wp-content\/uploads\/sites\/9\/2013\/03\/piensa.jpg\" alt=\"\" \/><\/p>\n<p>Usamos m\u00f3viles, tablets, PCs, y sistemas de todo calado sin ser conscientes de que hace 20 a\u00f1os casi nada de todo eso si quiera exist\u00eda en ninguna mente todav\u00eda. Y un d\u00eda alguien pens\u00f3 incrementalmente o innov\u00f3 dando paso a la siguiente realidad. Y ah\u00ed est\u00e1 todo.<\/p>\n<p>Ahora te toca. Me toca.<\/p>\n<p>Disfruta.<\/p>\n<p>Let&#8217;s go!<\/p>\n<!-- AddThis Advanced Settings generic via filter on the_content --><!-- AddThis Share Buttons generic via filter on the_content --><span class=\"et_bloom_bottom_trigger\"><\/span>","protected":false},"excerpt":{"rendered":"<p>Es bueno recordar, en estos momentos de baja\u00a0consideraci\u00f3n hacia nuestros l\u00edderes y conciudadanos,\u00a0que\u00a0el ser humano es grande. Es enorme.<!-- AddThis Advanced Settings generic via filter on get_the_excerpt --><!-- AddThis Share Buttons generic via filter on get_the_excerpt --><\/p>\n","protected":false},"author":9,"featured_media":0,"comment_status":"closed","ping_status":"closed","sticky":false,"template":"","format":"standard","meta":{"footnotes":""},"categories":[8],"tags":[],"class_list":["post-475","post","type-post","status-publish","format-standard","hentry","category-reflexiones"],"yoast_head":"<!-- This site is optimized with the Yoast SEO Premium plugin v18.2.1 (Yoast SEO v27.3) - https:\/\/yoast.com\/product\/yoast-seo-premium-wordpress\/ -->\n<title>Si existe, es porque alguien lo ha pensado antes - Con la cabeza en las nubes y los pies en el suelo<\/title>\n<meta name=\"description\" content=\"PIENSA, INNOVA, CREA, IMAGINA, DISFRUTA\" \/>\n<meta name=\"robots\" content=\"index, follow, max-snippet:-1, max-image-preview:large, max-video-preview:-1\" \/>\n<link rel=\"canonical\" href=\"https:\/\/blogs.encamina.com\/en-las-nubes\/si-existe-es-porque-alguien-lo-ha-pensado-antes\/\" \/>\n<meta property=\"og:locale\" content=\"es_ES\" \/>\n<meta property=\"og:type\" content=\"article\" \/>\n<meta property=\"og:title\" content=\"Si existe, es porque alguien lo ha pensado antes\" \/>\n<meta property=\"og:description\" content=\"PIENSA, INNOVA, CREA, IMAGINA, DISFRUTA\" \/>\n<meta property=\"og:url\" content=\"https:\/\/blogs.encamina.com\/en-las-nubes\/si-existe-es-porque-alguien-lo-ha-pensado-antes\/\" \/>\n<meta property=\"og:site_name\" content=\"Con la cabeza en las nubes y los pies en el suelo\" \/>\n<meta property=\"article:author\" content=\"http:\/\/www.facebook.com\/pages\/encamina\/84575716581\" \/>\n<meta property=\"article:published_time\" content=\"2013-03-07T10:00:58+00:00\" \/>\n<meta property=\"og:image\" content=\"http:\/\/blogs.encamina.com\/en-las-nubes\/wp-content\/uploads\/sites\/9\/2013\/03\/cac_mini.jpg\" \/>\n<meta name=\"author\" content=\"Hugo de Juan\" \/>\n<meta name=\"twitter:card\" content=\"summary_large_image\" \/>\n<meta name=\"twitter:creator\" content=\"@hdejuan\" \/>\n<meta name=\"twitter:label1\" content=\"Escrito por\" \/>\n\t<meta name=\"twitter:data1\" content=\"Hugo de Juan\" \/>\n\t<meta name=\"twitter:label2\" content=\"Tiempo de lectura\" \/>\n\t<meta name=\"twitter:data2\" content=\"2 minutos\" \/>\n<script type=\"application\/ld+json\" class=\"yoast-schema-graph\">{\"@context\":\"https:\\\/\\\/schema.org\",\"@graph\":[{\"@type\":\"Article\",\"@id\":\"https:\\\/\\\/blogs.encamina.com\\\/en-las-nubes\\\/si-existe-es-porque-alguien-lo-ha-pensado-antes\\\/#article\",\"isPartOf\":{\"@id\":\"https:\\\/\\\/blogs.encamina.com\\\/en-las-nubes\\\/si-existe-es-porque-alguien-lo-ha-pensado-antes\\\/\"},\"author\":{\"name\":\"Hugo de Juan\",\"@id\":\"https:\\\/\\\/blogs.encamina.com\\\/en-las-nubes\\\/#\\\/schema\\\/person\\\/486ee12091b3f96d238191159f897342\"},\"headline\":\"Si existe, es porque alguien lo ha pensado antes\",\"datePublished\":\"2013-03-07T10:00:58+00:00\",\"mainEntityOfPage\":{\"@id\":\"https:\\\/\\\/blogs.encamina.com\\\/en-las-nubes\\\/si-existe-es-porque-alguien-lo-ha-pensado-antes\\\/\"},\"wordCount\":374,\"image\":{\"@id\":\"https:\\\/\\\/blogs.encamina.com\\\/en-las-nubes\\\/si-existe-es-porque-alguien-lo-ha-pensado-antes\\\/#primaryimage\"},\"thumbnailUrl\":\"http:\\\/\\\/blogs.encamina.com\\\/en-las-nubes\\\/wp-content\\\/uploads\\\/sites\\\/9\\\/2013\\\/03\\\/cac_mini.jpg\",\"articleSection\":[\"reflexiones\"],\"inLanguage\":\"es\"},{\"@type\":\"WebPage\",\"@id\":\"https:\\\/\\\/blogs.encamina.com\\\/en-las-nubes\\\/si-existe-es-porque-alguien-lo-ha-pensado-antes\\\/\",\"url\":\"https:\\\/\\\/blogs.encamina.com\\\/en-las-nubes\\\/si-existe-es-porque-alguien-lo-ha-pensado-antes\\\/\",\"name\":\"Si existe, es porque alguien lo ha pensado antes - Con la cabeza en las nubes y los pies en el suelo\",\"isPartOf\":{\"@id\":\"https:\\\/\\\/blogs.encamina.com\\\/en-las-nubes\\\/#website\"},\"primaryImageOfPage\":{\"@id\":\"https:\\\/\\\/blogs.encamina.com\\\/en-las-nubes\\\/si-existe-es-porque-alguien-lo-ha-pensado-antes\\\/#primaryimage\"},\"image\":{\"@id\":\"https:\\\/\\\/blogs.encamina.com\\\/en-las-nubes\\\/si-existe-es-porque-alguien-lo-ha-pensado-antes\\\/#primaryimage\"},\"thumbnailUrl\":\"http:\\\/\\\/blogs.encamina.com\\\/en-las-nubes\\\/wp-content\\\/uploads\\\/sites\\\/9\\\/2013\\\/03\\\/cac_mini.jpg\",\"datePublished\":\"2013-03-07T10:00:58+00:00\",\"author\":{\"@id\":\"https:\\\/\\\/blogs.encamina.com\\\/en-las-nubes\\\/#\\\/schema\\\/person\\\/486ee12091b3f96d238191159f897342\"},\"description\":\"PIENSA, INNOVA, CREA, IMAGINA, DISFRUTA\",\"inLanguage\":\"es\",\"potentialAction\":[{\"@type\":\"ReadAction\",\"target\":[\"https:\\\/\\\/blogs.encamina.com\\\/en-las-nubes\\\/si-existe-es-porque-alguien-lo-ha-pensado-antes\\\/\"]}]},{\"@type\":\"ImageObject\",\"inLanguage\":\"es\",\"@id\":\"https:\\\/\\\/blogs.encamina.com\\\/en-las-nubes\\\/si-existe-es-porque-alguien-lo-ha-pensado-antes\\\/#primaryimage\",\"url\":\"https:\\\/\\\/blogs.encamina.com\\\/en-las-nubes\\\/wp-content\\\/uploads\\\/sites\\\/9\\\/2013\\\/03\\\/cac_mini.jpg\",\"contentUrl\":\"https:\\\/\\\/blogs.encamina.com\\\/en-las-nubes\\\/wp-content\\\/uploads\\\/sites\\\/9\\\/2013\\\/03\\\/cac_mini.jpg\",\"width\":640,\"height\":424},{\"@type\":\"WebSite\",\"@id\":\"https:\\\/\\\/blogs.encamina.com\\\/en-las-nubes\\\/#website\",\"url\":\"https:\\\/\\\/blogs.encamina.com\\\/en-las-nubes\\\/\",\"name\":\"Con la cabeza en las nubes y los pies en el suelo\",\"description\":\"El proyecto empresarial necesita visi\u00f3n, pasi\u00f3n y un sue\u00f1o al final del camino, pero tambi\u00e9n hay que pisar tierra con paso firme y recuperarse de tropiezos m\u00e1s bien poco divinos.\",\"potentialAction\":[{\"@type\":\"SearchAction\",\"target\":{\"@type\":\"EntryPoint\",\"urlTemplate\":\"https:\\\/\\\/blogs.encamina.com\\\/en-las-nubes\\\/?s={search_term_string}\"},\"query-input\":{\"@type\":\"PropertyValueSpecification\",\"valueRequired\":true,\"valueName\":\"search_term_string\"}}],\"inLanguage\":\"es\"},{\"@type\":\"Person\",\"@id\":\"https:\\\/\\\/blogs.encamina.com\\\/en-las-nubes\\\/#\\\/schema\\\/person\\\/486ee12091b3f96d238191159f897342\",\"name\":\"Hugo de Juan\",\"image\":{\"@type\":\"ImageObject\",\"inLanguage\":\"es\",\"@id\":\"https:\\\/\\\/secure.gravatar.com\\\/avatar\\\/da3366cf2fa4f0204b16b93ed8302a0c44452d571f45c1c3b63b3200ca8bd12f?s=96&d=mm&r=g\",\"url\":\"https:\\\/\\\/secure.gravatar.com\\\/avatar\\\/da3366cf2fa4f0204b16b93ed8302a0c44452d571f45c1c3b63b3200ca8bd12f?s=96&d=mm&r=g\",\"contentUrl\":\"https:\\\/\\\/secure.gravatar.com\\\/avatar\\\/da3366cf2fa4f0204b16b93ed8302a0c44452d571f45c1c3b63b3200ca8bd12f?s=96&d=mm&r=g\",\"caption\":\"Hugo de Juan\"},\"description\":\"Ingeniero de Telecomunicaci\u00f3n en mis bases pas\u00e9 al lado oscuro con un master en Marketing y posteriormente con un executive MBA. Hoy CEO en ENCAMINA, socio director en ENTRESISTEMAS, profesor postgrado en ESIC Marketing &amp; Business School, estudiante y Doctor Ingeniero en econom\u00eda digital y sobre todo currante en muchas cosas. Me va el marketing, la tecnolog\u00eda, mi familia, los amigos y la vida buena, incluso m\u00e1s que la buena vida.\",\"sameAs\":[\"http:\\\/\\\/www.facebook.com\\\/pages\\\/encamina\\\/84575716581\",\"http:\\\/\\\/es.linkedin.com\\\/in\\\/hugodejuan\\\/\",\"https:\\\/\\\/x.com\\\/hdejuan\",\"http:\\\/\\\/www.slideshare.net\\\/encamina\"],\"url\":\"https:\\\/\\\/blogs.encamina.com\\\/en-las-nubes\\\/author\\\/hdejuan\\\/\"}]}<\/script>\n<!-- \/ Yoast SEO Premium plugin. -->","yoast_head_json":{"title":"Si existe, es porque alguien lo ha pensado antes - Con la cabeza en las nubes y los pies en el suelo","description":"PIENSA, INNOVA, CREA, IMAGINA, DISFRUTA","robots":{"index":"index","follow":"follow","max-snippet":"max-snippet:-1","max-image-preview":"max-image-preview:large","max-video-preview":"max-video-preview:-1"},"canonical":"https:\/\/blogs.encamina.com\/en-las-nubes\/si-existe-es-porque-alguien-lo-ha-pensado-antes\/","og_locale":"es_ES","og_type":"article","og_title":"Si existe, es porque alguien lo ha pensado antes","og_description":"PIENSA, INNOVA, CREA, IMAGINA, DISFRUTA","og_url":"https:\/\/blogs.encamina.com\/en-las-nubes\/si-existe-es-porque-alguien-lo-ha-pensado-antes\/","og_site_name":"Con la cabeza en las nubes y los pies en el suelo","article_author":"http:\/\/www.facebook.com\/pages\/encamina\/84575716581","article_published_time":"2013-03-07T10:00:58+00:00","og_image":[{"url":"http:\/\/blogs.encamina.com\/en-las-nubes\/wp-content\/uploads\/sites\/9\/2013\/03\/cac_mini.jpg","type":"","width":"","height":""}],"author":"Hugo de Juan","twitter_card":"summary_large_image","twitter_creator":"@hdejuan","twitter_misc":{"Escrito por":"Hugo de Juan","Tiempo de lectura":"2 minutos"},"schema":{"@context":"https:\/\/schema.org","@graph":[{"@type":"Article","@id":"https:\/\/blogs.encamina.com\/en-las-nubes\/si-existe-es-porque-alguien-lo-ha-pensado-antes\/#article","isPartOf":{"@id":"https:\/\/blogs.encamina.com\/en-las-nubes\/si-existe-es-porque-alguien-lo-ha-pensado-antes\/"},"author":{"name":"Hugo de Juan","@id":"https:\/\/blogs.encamina.com\/en-las-nubes\/#\/schema\/person\/486ee12091b3f96d238191159f897342"},"headline":"Si existe, es porque alguien lo ha pensado antes","datePublished":"2013-03-07T10:00:58+00:00","mainEntityOfPage":{"@id":"https:\/\/blogs.encamina.com\/en-las-nubes\/si-existe-es-porque-alguien-lo-ha-pensado-antes\/"},"wordCount":374,"image":{"@id":"https:\/\/blogs.encamina.com\/en-las-nubes\/si-existe-es-porque-alguien-lo-ha-pensado-antes\/#primaryimage"},"thumbnailUrl":"http:\/\/blogs.encamina.com\/en-las-nubes\/wp-content\/uploads\/sites\/9\/2013\/03\/cac_mini.jpg","articleSection":["reflexiones"],"inLanguage":"es"},{"@type":"WebPage","@id":"https:\/\/blogs.encamina.com\/en-las-nubes\/si-existe-es-porque-alguien-lo-ha-pensado-antes\/","url":"https:\/\/blogs.encamina.com\/en-las-nubes\/si-existe-es-porque-alguien-lo-ha-pensado-antes\/","name":"Si existe, es porque alguien lo ha pensado antes - Con la cabeza en las nubes y los pies en el suelo","isPartOf":{"@id":"https:\/\/blogs.encamina.com\/en-las-nubes\/#website"},"primaryImageOfPage":{"@id":"https:\/\/blogs.encamina.com\/en-las-nubes\/si-existe-es-porque-alguien-lo-ha-pensado-antes\/#primaryimage"},"image":{"@id":"https:\/\/blogs.encamina.com\/en-las-nubes\/si-existe-es-porque-alguien-lo-ha-pensado-antes\/#primaryimage"},"thumbnailUrl":"http:\/\/blogs.encamina.com\/en-las-nubes\/wp-content\/uploads\/sites\/9\/2013\/03\/cac_mini.jpg","datePublished":"2013-03-07T10:00:58+00:00","author":{"@id":"https:\/\/blogs.encamina.com\/en-las-nubes\/#\/schema\/person\/486ee12091b3f96d238191159f897342"},"description":"PIENSA, INNOVA, CREA, IMAGINA, DISFRUTA","inLanguage":"es","potentialAction":[{"@type":"ReadAction","target":["https:\/\/blogs.encamina.com\/en-las-nubes\/si-existe-es-porque-alguien-lo-ha-pensado-antes\/"]}]},{"@type":"ImageObject","inLanguage":"es","@id":"https:\/\/blogs.encamina.com\/en-las-nubes\/si-existe-es-porque-alguien-lo-ha-pensado-antes\/#primaryimage","url":"https:\/\/blogs.encamina.com\/en-las-nubes\/wp-content\/uploads\/sites\/9\/2013\/03\/cac_mini.jpg","contentUrl":"https:\/\/blogs.encamina.com\/en-las-nubes\/wp-content\/uploads\/sites\/9\/2013\/03\/cac_mini.jpg","width":640,"height":424},{"@type":"WebSite","@id":"https:\/\/blogs.encamina.com\/en-las-nubes\/#website","url":"https:\/\/blogs.encamina.com\/en-las-nubes\/","name":"Con la cabeza en las nubes y los pies en el suelo","description":"El proyecto empresarial necesita visi\u00f3n, pasi\u00f3n y un sue\u00f1o al final del camino, pero tambi\u00e9n hay que pisar tierra con paso firme y recuperarse de tropiezos m\u00e1s bien poco divinos.","potentialAction":[{"@type":"SearchAction","target":{"@type":"EntryPoint","urlTemplate":"https:\/\/blogs.encamina.com\/en-las-nubes\/?s={search_term_string}"},"query-input":{"@type":"PropertyValueSpecification","valueRequired":true,"valueName":"search_term_string"}}],"inLanguage":"es"},{"@type":"Person","@id":"https:\/\/blogs.encamina.com\/en-las-nubes\/#\/schema\/person\/486ee12091b3f96d238191159f897342","name":"Hugo de Juan","image":{"@type":"ImageObject","inLanguage":"es","@id":"https:\/\/secure.gravatar.com\/avatar\/da3366cf2fa4f0204b16b93ed8302a0c44452d571f45c1c3b63b3200ca8bd12f?s=96&d=mm&r=g","url":"https:\/\/secure.gravatar.com\/avatar\/da3366cf2fa4f0204b16b93ed8302a0c44452d571f45c1c3b63b3200ca8bd12f?s=96&d=mm&r=g","contentUrl":"https:\/\/secure.gravatar.com\/avatar\/da3366cf2fa4f0204b16b93ed8302a0c44452d571f45c1c3b63b3200ca8bd12f?s=96&d=mm&r=g","caption":"Hugo de Juan"},"description":"Ingeniero de Telecomunicaci\u00f3n en mis bases pas\u00e9 al lado oscuro con un master en Marketing y posteriormente con un executive MBA. Hoy CEO en ENCAMINA, socio director en ENTRESISTEMAS, profesor postgrado en ESIC Marketing &amp; Business School, estudiante y Doctor Ingeniero en econom\u00eda digital y sobre todo currante en muchas cosas. Me va el marketing, la tecnolog\u00eda, mi familia, los amigos y la vida buena, incluso m\u00e1s que la buena vida.","sameAs":["http:\/\/www.facebook.com\/pages\/encamina\/84575716581","http:\/\/es.linkedin.com\/in\/hugodejuan\/","https:\/\/x.com\/hdejuan","http:\/\/www.slideshare.net\/encamina"],"url":"https:\/\/blogs.encamina.com\/en-las-nubes\/author\/hdejuan\/"}]}},"_links":{"self":[{"href":"https:\/\/blogs.encamina.com\/en-las-nubes\/wp-json\/wp\/v2\/posts\/475","targetHints":{"allow":["GET"]}}],"collection":[{"href":"https:\/\/blogs.encamina.com\/en-las-nubes\/wp-json\/wp\/v2\/posts"}],"about":[{"href":"https:\/\/blogs.encamina.com\/en-las-nubes\/wp-json\/wp\/v2\/types\/post"}],"author":[{"embeddable":true,"href":"https:\/\/blogs.encamina.com\/en-las-nubes\/wp-json\/wp\/v2\/users\/9"}],"replies":[{"embeddable":true,"href":"https:\/\/blogs.encamina.com\/en-las-nubes\/wp-json\/wp\/v2\/comments?post=475"}],"version-history":[{"count":0,"href":"https:\/\/blogs.encamina.com\/en-las-nubes\/wp-json\/wp\/v2\/posts\/475\/revisions"}],"wp:attachment":[{"href":"https:\/\/blogs.encamina.com\/en-las-nubes\/wp-json\/wp\/v2\/media?parent=475"}],"wp:term":[{"taxonomy":"category","embeddable":true,"href":"https:\/\/blogs.encamina.com\/en-las-nubes\/wp-json\/wp\/v2\/categories?post=475"},{"taxonomy":"post_tag","embeddable":true,"href":"https:\/\/blogs.encamina.com\/en-las-nubes\/wp-json\/wp\/v2\/tags?post=475"}],"curies":[{"name":"wp","href":"https:\/\/api.w.org\/{rel}","templated":true}]}}