{"id":2248,"date":"2022-01-04T12:35:13","date_gmt":"2022-01-04T11:35:13","guid":{"rendered":"https:\/\/blogs.encamina.com\/en-las-nubes\/?p=2248"},"modified":"2022-01-04T13:05:41","modified_gmt":"2022-01-04T12:05:41","slug":"del-desconcierto-del-2021-a-la-esperanza-en-el-2022","status":"publish","type":"post","link":"https:\/\/blogs.encamina.com\/en-las-nubes\/del-desconcierto-del-2021-a-la-esperanza-en-el-2022\/","title":{"rendered":"Del desconcierto del 2021 a la esperanza en el 2022"},"content":{"rendered":"<p>Dec\u00eda nuestro<a href=\"https:\/\/www.youtube.com\/watch?v=NfNaqJpl7ao\"> v\u00eddeo de Navidad<\/a> que estamos viviendo en el desconcierto&#8230;<\/p>\n<p>Un <strong>desconcierto<\/strong>, quiz\u00e1s, por la falta de certidumbre en el futuro, por la sensaci\u00f3n de caos y sobre todo por la p\u00e9rdida de control sobre la causa-efecto de las acciones. Probablemente somos muchos los que hemos vivido el 2021 con sensaci\u00f3n de desconcierto&#8230;Pero <strong>desconcierto no es lo mismo que desesperanza.<\/strong><\/p>\n<p><img loading=\"lazy\" decoding=\"async\" class=\"aligncenter size-full wp-image-2253\" src=\"http:\/\/blogs.encamina.com\/en-las-nubes\/wp-content\/uploads\/sites\/9\/2022\/01\/despegue.png\" alt=\"\" width=\"574\" height=\"467\" srcset=\"https:\/\/encaminablogs.wpenginepowered.com\/en-las-nubes\/wp-content\/uploads\/sites\/9\/2022\/01\/despegue.png 574w, https:\/\/encaminablogs.wpenginepowered.com\/en-las-nubes\/wp-content\/uploads\/sites\/9\/2022\/01\/despegue-300x244.png 300w\" sizes=\"auto, (max-width: 574px) 100vw, 574px\" \/><\/p>\n<p><!--more--><\/p>\n<h2>Tener esperanza<\/h2>\n<p>Creo que la esperanza no trata de desear mucho que algo ocurra o de tener fe en que ocurrir\u00e1. Necesita de algo m\u00e1s.<br \/>\nDeber\u00edamos sentir esperanza cuando <strong>confiamos<\/strong> en nosotros mismos, y tenemos un <strong>plan<\/strong> meditado, y nos sabemos bien acompa\u00f1ados de un buen <strong>equipo<\/strong>, y lo que hacemos tiene <strong>sentido<\/strong>, es <strong>consistente<\/strong> y responde a un <strong>prop\u00f3sito<\/strong> que vale la pena.<br \/>\nLa esperanza es una fuente de <strong>energ\u00eda<\/strong> inconmensurable porque nos hace creer posible un <strong>futuro mejor.<\/strong> Y un futuro puede ser mejor en la dimensi\u00f3n personal, en la profesional , la organizativa y la social, de forma equilibrada. Yo tengo esperanza en el 2022 para todas estas dimensiones&#8230;<\/p>\n<h2>Tener esperanza en el 2022<\/h2>\n<p>Por un lado, tengo fe en que social y sanitariamente va a irnos cada vez mejor y en que la recuperaci\u00f3n econ\u00f3mica est\u00e1 pr\u00f3xima. Y tengo esperanza en que desde ENCAMINA este 2022 seamos (desde nuestra humilde dimensi\u00f3n y alcance) actores privilegiados de la necesaria (y todav\u00eda pendiente)<strong> transformaci\u00f3n digital<\/strong> de las organizaciones que har\u00e1n posible esa <strong>recuperaci\u00f3n econ\u00f3mica<\/strong>. Tenemos el <strong>talento<\/strong>, la propuesta de <strong>valor<\/strong> y el <strong>posicionamiento<\/strong> que va a contribuir en 2022 al <strong>impulso de la productividad e innovaci\u00f3n<\/strong> de nuestros clientes. Sin embargo, desde ENCAMINA, tenemos un prop\u00f3sito que no solo nos alienta a la transformaci\u00f3n de estas organizaciones, sino adem\u00e1s, al <strong>crecimiento personal y profesional<\/strong> de nuestro equipo; y tambi\u00e9n a la <strong>inspiraci\u00f3n<\/strong> de otros, sobre todo en lo referido al <strong>impulso del talento TIC<\/strong> en la sociedad y el m\u00e1ximo aprovechamiento de la tecnolog\u00eda, de forma <strong>\u00e9tica<\/strong> y <strong>sostenible<\/strong>. Y revisando la memoria social corporativa del 2021 de <a href=\"http:\/\/www.encamina.com\">ENCAMINA<\/a>, creo que este a\u00f1o pasado hemos realizado muchas peque\u00f1as grandes contribuciones a este prop\u00f3sito.<\/p>\n<p>Tengo grandes esperanzas puestas en 2022. Incluso en que <strong><em>despu\u00e9s de una \u00e9poca de desconcierto, sea un a\u00f1o lleno de prop\u00f3sito y hasta de diversi\u00f3n:<\/em><\/strong><\/p>\n<p><iframe loading=\"lazy\" title=\"YouTube video player\" src=\"https:\/\/www.youtube.com\/embed\/NfNaqJpl7ao\" width=\"560\" height=\"315\" frameborder=\"0\" allowfullscreen=\"allowfullscreen\"><\/iframe><\/p>\n<!-- AddThis Advanced Settings generic via filter on the_content --><!-- AddThis Share Buttons generic via filter on the_content --><span class=\"et_bloom_bottom_trigger\"><\/span>","protected":false},"excerpt":{"rendered":"<p>Dec\u00eda nuestro v\u00eddeo de Navidad que estamos viviendo en el desconcierto&#8230; Un desconcierto, quiz\u00e1s, por la falta de certidumbre en el futuro, por la sensaci\u00f3n de caos y sobre todo por la p\u00e9rdida de control sobre la causa-efecto de las &hellip; <a href=\"https:\/\/blogs.encamina.com\/en-las-nubes\/del-desconcierto-del-2021-a-la-esperanza-en-el-2022\/\">Continue reading <span class=\"meta-nav\">&rarr;<\/span><\/a><!-- AddThis Advanced Settings generic via filter on get_the_excerpt --><!-- AddThis Share Buttons generic via filter on get_the_excerpt --><\/p>\n","protected":false},"author":1,"featured_media":0,"comment_status":"closed","ping_status":"closed","sticky":false,"template":"","format":"standard","meta":{"footnotes":""},"categories":[8],"tags":[165,166,167,168],"class_list":["post-2248","post","type-post","status-publish","format-standard","hentry","category-reflexiones","tag-165","tag-166","tag-desconcierto","tag-esperanza"],"yoast_head":"<!-- This site is optimized with the Yoast SEO Premium plugin v18.2.1 (Yoast SEO v27.3) - https:\/\/yoast.com\/product\/yoast-seo-premium-wordpress\/ -->\n<title>Del desconcierto del 2021 a la esperanza en el 2022 - Con la cabeza en las nubes y los pies en el suelo<\/title>\n<meta name=\"robots\" content=\"index, follow, max-snippet:-1, max-image-preview:large, max-video-preview:-1\" \/>\n<link rel=\"canonical\" href=\"https:\/\/blogs.encamina.com\/en-las-nubes\/del-desconcierto-del-2021-a-la-esperanza-en-el-2022\/\" \/>\n<meta property=\"og:locale\" content=\"es_ES\" \/>\n<meta property=\"og:type\" content=\"article\" \/>\n<meta property=\"og:title\" content=\"Del desconcierto del 2021 a la esperanza en el 2022\" \/>\n<meta property=\"og:description\" content=\"Dec\u00eda nuestro v\u00eddeo de Navidad que estamos viviendo en el desconcierto&#8230; Un desconcierto, quiz\u00e1s, por la falta de certidumbre en el futuro, por la sensaci\u00f3n de caos y sobre todo por la p\u00e9rdida de control sobre la causa-efecto de las &hellip; Continue reading &rarr;\" \/>\n<meta property=\"og:url\" content=\"https:\/\/blogs.encamina.com\/en-las-nubes\/del-desconcierto-del-2021-a-la-esperanza-en-el-2022\/\" \/>\n<meta property=\"og:site_name\" content=\"Con la cabeza en las nubes y los pies en el suelo\" \/>\n<meta property=\"article:published_time\" content=\"2022-01-04T11:35:13+00:00\" \/>\n<meta property=\"article:modified_time\" content=\"2022-01-04T12:05:41+00:00\" \/>\n<meta property=\"og:image\" content=\"http:\/\/blogs.encamina.com\/en-las-nubes\/wp-content\/uploads\/sites\/9\/2022\/01\/despegue.png\" \/>\n<meta name=\"author\" content=\"Hugo de Juan\" \/>\n<meta name=\"twitter:card\" content=\"summary_large_image\" \/>\n<meta name=\"twitter:label1\" content=\"Escrito por\" \/>\n\t<meta name=\"twitter:data1\" content=\"Hugo de Juan\" \/>\n\t<meta name=\"twitter:label2\" content=\"Tiempo de lectura\" \/>\n\t<meta name=\"twitter:data2\" content=\"2 minutos\" \/>\n<script type=\"application\/ld+json\" class=\"yoast-schema-graph\">{\"@context\":\"https:\\\/\\\/schema.org\",\"@graph\":[{\"@type\":\"Article\",\"@id\":\"https:\\\/\\\/blogs.encamina.com\\\/en-las-nubes\\\/del-desconcierto-del-2021-a-la-esperanza-en-el-2022\\\/#article\",\"isPartOf\":{\"@id\":\"https:\\\/\\\/blogs.encamina.com\\\/en-las-nubes\\\/del-desconcierto-del-2021-a-la-esperanza-en-el-2022\\\/\"},\"author\":{\"name\":\"Hugo de Juan\",\"@id\":\"https:\\\/\\\/blogs.encamina.com\\\/en-las-nubes\\\/#\\\/schema\\\/person\\\/e04b6380b3883961698c77c224fe8a71\"},\"headline\":\"Del desconcierto del 2021 a la esperanza en el 2022\",\"datePublished\":\"2022-01-04T11:35:13+00:00\",\"dateModified\":\"2022-01-04T12:05:41+00:00\",\"mainEntityOfPage\":{\"@id\":\"https:\\\/\\\/blogs.encamina.com\\\/en-las-nubes\\\/del-desconcierto-del-2021-a-la-esperanza-en-el-2022\\\/\"},\"wordCount\":409,\"image\":{\"@id\":\"https:\\\/\\\/blogs.encamina.com\\\/en-las-nubes\\\/del-desconcierto-del-2021-a-la-esperanza-en-el-2022\\\/#primaryimage\"},\"thumbnailUrl\":\"http:\\\/\\\/blogs.encamina.com\\\/en-las-nubes\\\/wp-content\\\/uploads\\\/sites\\\/9\\\/2022\\\/01\\\/despegue.png\",\"keywords\":[\"2021\",\"2022\",\"desconcierto\",\"esperanza\"],\"articleSection\":[\"reflexiones\"],\"inLanguage\":\"es\"},{\"@type\":\"WebPage\",\"@id\":\"https:\\\/\\\/blogs.encamina.com\\\/en-las-nubes\\\/del-desconcierto-del-2021-a-la-esperanza-en-el-2022\\\/\",\"url\":\"https:\\\/\\\/blogs.encamina.com\\\/en-las-nubes\\\/del-desconcierto-del-2021-a-la-esperanza-en-el-2022\\\/\",\"name\":\"Del desconcierto del 2021 a la esperanza en el 2022 - Con la cabeza en las nubes y los pies en el suelo\",\"isPartOf\":{\"@id\":\"https:\\\/\\\/blogs.encamina.com\\\/en-las-nubes\\\/#website\"},\"primaryImageOfPage\":{\"@id\":\"https:\\\/\\\/blogs.encamina.com\\\/en-las-nubes\\\/del-desconcierto-del-2021-a-la-esperanza-en-el-2022\\\/#primaryimage\"},\"image\":{\"@id\":\"https:\\\/\\\/blogs.encamina.com\\\/en-las-nubes\\\/del-desconcierto-del-2021-a-la-esperanza-en-el-2022\\\/#primaryimage\"},\"thumbnailUrl\":\"http:\\\/\\\/blogs.encamina.com\\\/en-las-nubes\\\/wp-content\\\/uploads\\\/sites\\\/9\\\/2022\\\/01\\\/despegue.png\",\"datePublished\":\"2022-01-04T11:35:13+00:00\",\"dateModified\":\"2022-01-04T12:05:41+00:00\",\"author\":{\"@id\":\"https:\\\/\\\/blogs.encamina.com\\\/en-las-nubes\\\/#\\\/schema\\\/person\\\/e04b6380b3883961698c77c224fe8a71\"},\"inLanguage\":\"es\",\"potentialAction\":[{\"@type\":\"ReadAction\",\"target\":[\"https:\\\/\\\/blogs.encamina.com\\\/en-las-nubes\\\/del-desconcierto-del-2021-a-la-esperanza-en-el-2022\\\/\"]}]},{\"@type\":\"ImageObject\",\"inLanguage\":\"es\",\"@id\":\"https:\\\/\\\/blogs.encamina.com\\\/en-las-nubes\\\/del-desconcierto-del-2021-a-la-esperanza-en-el-2022\\\/#primaryimage\",\"url\":\"https:\\\/\\\/blogs.encamina.com\\\/en-las-nubes\\\/wp-content\\\/uploads\\\/sites\\\/9\\\/2022\\\/01\\\/despegue.png\",\"contentUrl\":\"https:\\\/\\\/blogs.encamina.com\\\/en-las-nubes\\\/wp-content\\\/uploads\\\/sites\\\/9\\\/2022\\\/01\\\/despegue.png\",\"width\":574,\"height\":467},{\"@type\":\"WebSite\",\"@id\":\"https:\\\/\\\/blogs.encamina.com\\\/en-las-nubes\\\/#website\",\"url\":\"https:\\\/\\\/blogs.encamina.com\\\/en-las-nubes\\\/\",\"name\":\"Con la cabeza en las nubes y los pies en el suelo\",\"description\":\"El proyecto empresarial necesita visi\u00f3n, pasi\u00f3n y un sue\u00f1o al final del camino, pero tambi\u00e9n hay que pisar tierra con paso firme y recuperarse de tropiezos m\u00e1s bien poco divinos.\",\"potentialAction\":[{\"@type\":\"SearchAction\",\"target\":{\"@type\":\"EntryPoint\",\"urlTemplate\":\"https:\\\/\\\/blogs.encamina.com\\\/en-las-nubes\\\/?s={search_term_string}\"},\"query-input\":{\"@type\":\"PropertyValueSpecification\",\"valueRequired\":true,\"valueName\":\"search_term_string\"}}],\"inLanguage\":\"es\"},{\"@type\":\"Person\",\"@id\":\"https:\\\/\\\/blogs.encamina.com\\\/en-las-nubes\\\/#\\\/schema\\\/person\\\/e04b6380b3883961698c77c224fe8a71\",\"name\":\"Hugo de Juan\",\"image\":{\"@type\":\"ImageObject\",\"inLanguage\":\"es\",\"@id\":\"https:\\\/\\\/secure.gravatar.com\\\/avatar\\\/7fe31b0215c170423f206c68fc4e1bcf7aa67c86c534efa59f0b3c5e4b643bc5?s=96&d=mm&r=g\",\"url\":\"https:\\\/\\\/secure.gravatar.com\\\/avatar\\\/7fe31b0215c170423f206c68fc4e1bcf7aa67c86c534efa59f0b3c5e4b643bc5?s=96&d=mm&r=g\",\"contentUrl\":\"https:\\\/\\\/secure.gravatar.com\\\/avatar\\\/7fe31b0215c170423f206c68fc4e1bcf7aa67c86c534efa59f0b3c5e4b643bc5?s=96&d=mm&r=g\",\"caption\":\"Hugo de Juan\"},\"description\":\"Ingeniero de Telecomunicaci\u00f3n en mis inicios, pas\u00e9 al lado m\u00e1s colorido del negocio con un master en Marketing y posteriormente con un Executive MBA. Hoy CEO en ENCAMINA, socio director en ENTRESISTEMAS, profesor postgrado en ESIC Marketing &amp; Business School, so\u00f1ador, eterno aprendiz y Doctor Ingeniero en econom\u00eda digital. Me va el marketing, la tecnolog\u00eda, mi familia, los amigos y la vida buena, incluso m\u00e1s que la buena vida.\",\"url\":\"https:\\\/\\\/blogs.encamina.com\\\/en-las-nubes\\\/author\\\/admin\\\/\"}]}<\/script>\n<!-- \/ Yoast SEO Premium plugin. -->","yoast_head_json":{"title":"Del desconcierto del 2021 a la esperanza en el 2022 - Con la cabeza en las nubes y los pies en el suelo","robots":{"index":"index","follow":"follow","max-snippet":"max-snippet:-1","max-image-preview":"max-image-preview:large","max-video-preview":"max-video-preview:-1"},"canonical":"https:\/\/blogs.encamina.com\/en-las-nubes\/del-desconcierto-del-2021-a-la-esperanza-en-el-2022\/","og_locale":"es_ES","og_type":"article","og_title":"Del desconcierto del 2021 a la esperanza en el 2022","og_description":"Dec\u00eda nuestro v\u00eddeo de Navidad que estamos viviendo en el desconcierto&#8230; Un desconcierto, quiz\u00e1s, por la falta de certidumbre en el futuro, por la sensaci\u00f3n de caos y sobre todo por la p\u00e9rdida de control sobre la causa-efecto de las &hellip; Continue reading &rarr;","og_url":"https:\/\/blogs.encamina.com\/en-las-nubes\/del-desconcierto-del-2021-a-la-esperanza-en-el-2022\/","og_site_name":"Con la cabeza en las nubes y los pies en el suelo","article_published_time":"2022-01-04T11:35:13+00:00","article_modified_time":"2022-01-04T12:05:41+00:00","og_image":[{"url":"http:\/\/blogs.encamina.com\/en-las-nubes\/wp-content\/uploads\/sites\/9\/2022\/01\/despegue.png","type":"","width":"","height":""}],"author":"Hugo de Juan","twitter_card":"summary_large_image","twitter_misc":{"Escrito por":"Hugo de Juan","Tiempo de lectura":"2 minutos"},"schema":{"@context":"https:\/\/schema.org","@graph":[{"@type":"Article","@id":"https:\/\/blogs.encamina.com\/en-las-nubes\/del-desconcierto-del-2021-a-la-esperanza-en-el-2022\/#article","isPartOf":{"@id":"https:\/\/blogs.encamina.com\/en-las-nubes\/del-desconcierto-del-2021-a-la-esperanza-en-el-2022\/"},"author":{"name":"Hugo de Juan","@id":"https:\/\/blogs.encamina.com\/en-las-nubes\/#\/schema\/person\/e04b6380b3883961698c77c224fe8a71"},"headline":"Del desconcierto del 2021 a la esperanza en el 2022","datePublished":"2022-01-04T11:35:13+00:00","dateModified":"2022-01-04T12:05:41+00:00","mainEntityOfPage":{"@id":"https:\/\/blogs.encamina.com\/en-las-nubes\/del-desconcierto-del-2021-a-la-esperanza-en-el-2022\/"},"wordCount":409,"image":{"@id":"https:\/\/blogs.encamina.com\/en-las-nubes\/del-desconcierto-del-2021-a-la-esperanza-en-el-2022\/#primaryimage"},"thumbnailUrl":"http:\/\/blogs.encamina.com\/en-las-nubes\/wp-content\/uploads\/sites\/9\/2022\/01\/despegue.png","keywords":["2021","2022","desconcierto","esperanza"],"articleSection":["reflexiones"],"inLanguage":"es"},{"@type":"WebPage","@id":"https:\/\/blogs.encamina.com\/en-las-nubes\/del-desconcierto-del-2021-a-la-esperanza-en-el-2022\/","url":"https:\/\/blogs.encamina.com\/en-las-nubes\/del-desconcierto-del-2021-a-la-esperanza-en-el-2022\/","name":"Del desconcierto del 2021 a la esperanza en el 2022 - Con la cabeza en las nubes y los pies en el suelo","isPartOf":{"@id":"https:\/\/blogs.encamina.com\/en-las-nubes\/#website"},"primaryImageOfPage":{"@id":"https:\/\/blogs.encamina.com\/en-las-nubes\/del-desconcierto-del-2021-a-la-esperanza-en-el-2022\/#primaryimage"},"image":{"@id":"https:\/\/blogs.encamina.com\/en-las-nubes\/del-desconcierto-del-2021-a-la-esperanza-en-el-2022\/#primaryimage"},"thumbnailUrl":"http:\/\/blogs.encamina.com\/en-las-nubes\/wp-content\/uploads\/sites\/9\/2022\/01\/despegue.png","datePublished":"2022-01-04T11:35:13+00:00","dateModified":"2022-01-04T12:05:41+00:00","author":{"@id":"https:\/\/blogs.encamina.com\/en-las-nubes\/#\/schema\/person\/e04b6380b3883961698c77c224fe8a71"},"inLanguage":"es","potentialAction":[{"@type":"ReadAction","target":["https:\/\/blogs.encamina.com\/en-las-nubes\/del-desconcierto-del-2021-a-la-esperanza-en-el-2022\/"]}]},{"@type":"ImageObject","inLanguage":"es","@id":"https:\/\/blogs.encamina.com\/en-las-nubes\/del-desconcierto-del-2021-a-la-esperanza-en-el-2022\/#primaryimage","url":"https:\/\/blogs.encamina.com\/en-las-nubes\/wp-content\/uploads\/sites\/9\/2022\/01\/despegue.png","contentUrl":"https:\/\/blogs.encamina.com\/en-las-nubes\/wp-content\/uploads\/sites\/9\/2022\/01\/despegue.png","width":574,"height":467},{"@type":"WebSite","@id":"https:\/\/blogs.encamina.com\/en-las-nubes\/#website","url":"https:\/\/blogs.encamina.com\/en-las-nubes\/","name":"Con la cabeza en las nubes y los pies en el suelo","description":"El proyecto empresarial necesita visi\u00f3n, pasi\u00f3n y un sue\u00f1o al final del camino, pero tambi\u00e9n hay que pisar tierra con paso firme y recuperarse de tropiezos m\u00e1s bien poco divinos.","potentialAction":[{"@type":"SearchAction","target":{"@type":"EntryPoint","urlTemplate":"https:\/\/blogs.encamina.com\/en-las-nubes\/?s={search_term_string}"},"query-input":{"@type":"PropertyValueSpecification","valueRequired":true,"valueName":"search_term_string"}}],"inLanguage":"es"},{"@type":"Person","@id":"https:\/\/blogs.encamina.com\/en-las-nubes\/#\/schema\/person\/e04b6380b3883961698c77c224fe8a71","name":"Hugo de Juan","image":{"@type":"ImageObject","inLanguage":"es","@id":"https:\/\/secure.gravatar.com\/avatar\/7fe31b0215c170423f206c68fc4e1bcf7aa67c86c534efa59f0b3c5e4b643bc5?s=96&d=mm&r=g","url":"https:\/\/secure.gravatar.com\/avatar\/7fe31b0215c170423f206c68fc4e1bcf7aa67c86c534efa59f0b3c5e4b643bc5?s=96&d=mm&r=g","contentUrl":"https:\/\/secure.gravatar.com\/avatar\/7fe31b0215c170423f206c68fc4e1bcf7aa67c86c534efa59f0b3c5e4b643bc5?s=96&d=mm&r=g","caption":"Hugo de Juan"},"description":"Ingeniero de Telecomunicaci\u00f3n en mis inicios, pas\u00e9 al lado m\u00e1s colorido del negocio con un master en Marketing y posteriormente con un Executive MBA. Hoy CEO en ENCAMINA, socio director en ENTRESISTEMAS, profesor postgrado en ESIC Marketing &amp; Business School, so\u00f1ador, eterno aprendiz y Doctor Ingeniero en econom\u00eda digital. Me va el marketing, la tecnolog\u00eda, mi familia, los amigos y la vida buena, incluso m\u00e1s que la buena vida.","url":"https:\/\/blogs.encamina.com\/en-las-nubes\/author\/admin\/"}]}},"_links":{"self":[{"href":"https:\/\/blogs.encamina.com\/en-las-nubes\/wp-json\/wp\/v2\/posts\/2248","targetHints":{"allow":["GET"]}}],"collection":[{"href":"https:\/\/blogs.encamina.com\/en-las-nubes\/wp-json\/wp\/v2\/posts"}],"about":[{"href":"https:\/\/blogs.encamina.com\/en-las-nubes\/wp-json\/wp\/v2\/types\/post"}],"author":[{"embeddable":true,"href":"https:\/\/blogs.encamina.com\/en-las-nubes\/wp-json\/wp\/v2\/users\/1"}],"replies":[{"embeddable":true,"href":"https:\/\/blogs.encamina.com\/en-las-nubes\/wp-json\/wp\/v2\/comments?post=2248"}],"version-history":[{"count":0,"href":"https:\/\/blogs.encamina.com\/en-las-nubes\/wp-json\/wp\/v2\/posts\/2248\/revisions"}],"wp:attachment":[{"href":"https:\/\/blogs.encamina.com\/en-las-nubes\/wp-json\/wp\/v2\/media?parent=2248"}],"wp:term":[{"taxonomy":"category","embeddable":true,"href":"https:\/\/blogs.encamina.com\/en-las-nubes\/wp-json\/wp\/v2\/categories?post=2248"},{"taxonomy":"post_tag","embeddable":true,"href":"https:\/\/blogs.encamina.com\/en-las-nubes\/wp-json\/wp\/v2\/tags?post=2248"}],"curies":[{"name":"wp","href":"https:\/\/api.w.org\/{rel}","templated":true}]}}