{"id":2237,"date":"2022-01-27T08:50:10","date_gmt":"2022-01-27T07:50:10","guid":{"rendered":"http:\/\/blogs.encamina.com\/en-las-nubes\/?p=2237"},"modified":"2022-02-25T08:49:44","modified_gmt":"2022-02-25T07:49:44","slug":"confia-en-el-projimo-como-te-gustaria-que-los-demas-confiaran-en-ti","status":"publish","type":"post","link":"https:\/\/blogs.encamina.com\/en-las-nubes\/confia-en-el-projimo-como-te-gustaria-que-los-demas-confiaran-en-ti\/","title":{"rendered":"Conf\u00eda en el pr\u00f3jimo como te gustar\u00eda que los dem\u00e1s confiaran en ti"},"content":{"rendered":"<p><img loading=\"lazy\" decoding=\"async\" class=\"aligncenter wp-image-2256\" src=\"http:\/\/blogs.encamina.com\/en-las-nubes\/wp-content\/uploads\/sites\/9\/2022\/01\/Confia-en-el-projimo-para-que-los-demas-confien-en-ti.jpg\" alt=\"\" width=\"628\" height=\"461\" srcset=\"https:\/\/encaminablogs.wpenginepowered.com\/en-las-nubes\/wp-content\/uploads\/sites\/9\/2022\/01\/Confia-en-el-projimo-para-que-los-demas-confien-en-ti.jpg 571w, https:\/\/encaminablogs.wpenginepowered.com\/en-las-nubes\/wp-content\/uploads\/sites\/9\/2022\/01\/Confia-en-el-projimo-para-que-los-demas-confien-en-ti-300x220.jpg 300w\" sizes=\"auto, (max-width: 628px) 100vw, 628px\" \/><\/p>\n<p>La <a href=\"https:\/\/blogs.encamina.com\/en-las-nubes\/la-confianza-un-valor-en-alza-mas-escurridizo-que-nunca\/\" target=\"_blank\" rel=\"noopener noreferrer\">confianza es clave de b\u00f3veda en el mundo de las marcas de producto, empresariales y personales,<\/a> pero tambi\u00e9n lo es en el funcionamiento interno de las organizaciones.<\/p>\n<p><!--more--><\/p>\n<p>En una visita que tuve el privilegio de hacer a una gran empresa (empresa que en menos de una d\u00e9cada hab\u00eda sido capaz de multiplicarse por 100 y conquistar literalmente el mundo entero), les pregunt\u00e9 cu\u00e1l hab\u00eda sido la receta m\u00e1gica de tal \u00e9xito. La respuesta fue, m\u00e1s o menos, que todo el equipo sab\u00eda que hab\u00eda <strong>un reto enorme por delante<\/strong> y que hab\u00edan estado <strong>muy centrados y enfocados<\/strong> en \u00e9l, evitando a toda costa el desgastarse en mirar a los lados cuestionado si sus compa\u00f1eros iban a estar o no a la altura y mucho menos mirando hacia dentro para perder el tiempo con bobadas.<br \/>\nLuego me confes\u00f3 que \u201cen todas partes cuecen habas\u201d, pero que hab\u00edan conseguido un nivel de <strong>confianza<\/strong> suficiente como para que la p\u00e9rdida de energ\u00eda en rumores, cr\u00edticas, cuestionamientos, miedos, etc. hubiera sido m\u00ednima.<\/p>\n<h2>La desconfianza<\/h2>\n<p>Recientemente una consultora senior y experta en nuestro sector analiz\u00f3 un DAFO que hab\u00edamos realizado en <a href=\"http:\/\/www.encamina.com\">ENCAMINA<\/a> al inicio del actual plan estrat\u00e9gico y confesaron haberse sorprendido por no haber encontrado nunca hasta ese momento lo que calificaron de \u201cel an\u00e1lisis m\u00e1s encarnizado contra uno mismo que jam\u00e1s hemos visto\u201d. Siendo positivo, quise entender que ese diagn\u00f3stico era as\u00ed por lo honestos y autocr\u00edticos que somos, y por lo convencidos que estamos de la mejora necesaria en ENCAMINA&#8230; Fenomenal \u00bfno?<\/p>\n<p>Lo cierto es que esa cr\u00edtica descarnada contra uno mismo, en el d\u00eda a d\u00eda no creo que sea muy positiva. Siento que el cuestionamiento continuo, lejos de llevarnos a una mejora continua, puede acabar en una falta de confianza en uno mismo y en los que te rodean. <em>\u00ab\u00bfSeguro que la gente de ventas va a cumplir con la cuota?<\/em> <em>\u00bfSeguro que esa decisi\u00f3n del equipo es la mejor? \u00bfSeguro que no me va a fallar este t\u00e9cnico en la preventa? \u00bfSeguro que este developer estar\u00e1 hoy factorizando como deber\u00eda?\u00bb<\/em> Y por qu\u00e9 no <em>\u00ab\u00bfSeguro que el agua de la fuente de la oficina estar\u00e1 bien seleccionada entre todos los proveedores posibles?\u00bb<\/em> O cualquier otra cuesti\u00f3n que se nos antoje de la que podemos opinar, porque es verdad que tanto el agua que bebo, como el proyecto en el que trabajo, me afectan.<\/p>\n<h2>Aprovechar la confianza como driver de mejora personal y de tu equipo<\/h2>\n<p>Ante la enfermedad de desconfianza organizativa (en compa\u00f1eros, managers, procesos, etc.) tengo 3 recetas:<\/p>\n<ol>\n<li>Si pierdo mi energ\u00eda juzgando, opinando o cuestionando, desatiendo el reto que tengo por delante. Todos necesitamos <strong><a href=\"https:\/\/www.ted.com\/talks\/mark_tigchelaar_how_more_focus_leads_to_a_better_life?utm_campaign=tedspread&amp;utm_medium=referral&amp;utm_source=tedcomshare\" target=\"_blank\" rel=\"noopener noreferrer\">foco<\/a>, <a href=\"https:\/\/www.ted.com\/talks\/sean_brawley_the_power_of_focus?utm_campaign=tedspread&amp;utm_medium=referral&amp;utm_source=tedcomshare\" target=\"_blank\" rel=\"noopener noreferrer\">foco y<\/a>\u00a0<a href=\"https:\/\/www.ted.com\/talks\/sean_brawley_the_power_of_focus?utm_campaign=tedspread&amp;utm_medium=referral&amp;utm_source=tedcomshare\" target=\"_blank\" rel=\"noopener\">foco<\/a><\/strong> para triunfar, y esa es parte de la f\u00f3rmula.<\/li>\n<li>Como me dijo mi gran profesor <a href=\"https:\/\/www.linkedin.com\/in\/fernando-de-manuel-das%C3%AD-2b1a6215\/\" target=\"_blank\" rel=\"noopener noreferrer\">Fernando de Miguel<\/a> en un <a href=\"https:\/\/www.esic.edu\/master-y-postgrado\/mba\/executive-mba\" target=\"_blank\" rel=\"noopener\">Executive MBA<\/a> que realic\u00e9 en <a href=\"https:\/\/www.esic.edu\/\" target=\"_blank\" rel=\"noopener\">ESIC<\/a> hace 15 a\u00f1os: \u201c<strong>Espera lo mejor de los que te rodean, y estar\u00e1s ayud\u00e1ndoles a desarrollar su mejor versi\u00f3n de si mismos<\/strong>\u201d. No solo somos m\u00e1s felices confiando en los dem\u00e1s, sino que eso genera diariamente micro-decisiones, palabras y buenas vibraciones que se aprecian y acaban consolidando resultados. El efecto contrario tambi\u00e9n ocurre y unos arrastramos a los otros.<\/li>\n<li><strong>Para ser excelentes hay que actuar como si ya lo fu\u00e9ramos<\/strong> \u201c<a href=\"https:\/\/www.youtube.com\/watch?v=RVmMeMcGc0Y\" target=\"_blank\" rel=\"noopener noreferrer\">Fake it till you make it<\/a>\u201d, y fustigarse queda lejos de ese planteamiento.<\/li>\n<\/ol>\n<p>Ante el argumento de que \u00abun directivo y en general cualquier profesional tiene que ser exigente consigo mismo y con todo lo que le rodea\u00bb no pretendo desdecirlo, pero siento que la mejor forma de ser exigente con los dem\u00e1s es dar ejemplo dando lo m\u00e1ximo de uno mismo, siendo constructivo y muy enfocado, y confiando en que los dem\u00e1s van a contagiarse con esa actitud y lo van a lograr.<\/p>\n<h2>El mundo necesita confianza<\/h2>\n<p>La pr\u00f3xima vez que hagamos un DAFO en <a href=\"http:\/\/www.encamina.com\">ENCAMINA<\/a> espero que tengamos identificadas un mont\u00f3n de debilidades que debemos solventar, pero tambi\u00e9n que entre las fortalezas tenemos un <strong>equipo robusto<\/strong>, lleno de confianza en el <strong>futuro<\/strong> y en nosotros mismos, convencido de nuestro <strong>prop\u00f3sito y valores<\/strong>, enfocado a nuestros <strong>planes y sue\u00f1os,<\/strong> <strong>orgulloso<\/strong> de formar parte de esta familia y proyecto, muy competente, brillante y feliz en el d\u00eda a d\u00eda.<\/p>\n<p>El mundo necesita confianza, nuestros compa\u00f1eros necesitan confianza, cada uno de nosotros necesitamos sentir\u00a0 <strong>que los dem\u00e1s conf\u00edan en nosotros<\/strong>.<\/p>\n<h1><strong>Seamos generosos con la confianza.<\/strong><\/h1>\n<p>&nbsp;<\/p>\n<!-- AddThis Advanced Settings generic via filter on the_content --><!-- AddThis Share Buttons generic via filter on the_content --><span class=\"et_bloom_bottom_trigger\"><\/span>","protected":false},"excerpt":{"rendered":"<p>La confianza es clave de b\u00f3veda en el mundo de las marcas de producto, empresariales y personales, pero tambi\u00e9n lo es en el funcionamiento interno de las organizaciones.<!-- AddThis Advanced Settings generic via filter on get_the_excerpt --><!-- AddThis Share Buttons generic via filter on get_the_excerpt --><\/p>\n","protected":false},"author":1,"featured_media":1984,"comment_status":"closed","ping_status":"closed","sticky":false,"template":"","format":"standard","meta":{"footnotes":""},"categories":[8],"tags":[11],"class_list":["post-2237","post","type-post","status-publish","format-standard","has-post-thumbnail","hentry","category-reflexiones","tag-confianza"],"yoast_head":"<!-- This site is optimized with the Yoast SEO Premium plugin v18.2.1 (Yoast SEO v27.3) - https:\/\/yoast.com\/product\/yoast-seo-premium-wordpress\/ -->\n<title>Conf\u00eda en el pr\u00f3jimo como te gustar\u00eda que los dem\u00e1s confiaran en ti | ENCAMINA<\/title>\n<meta name=\"description\" content=\"La confianza en uno mismo y en los compa\u00f1eros que te rodean es una herramienta clave de mejora personal y liderazgo transformacional.\" \/>\n<meta name=\"robots\" content=\"index, follow, max-snippet:-1, max-image-preview:large, max-video-preview:-1\" \/>\n<link rel=\"canonical\" href=\"https:\/\/blogs.encamina.com\/en-las-nubes\/confia-en-el-projimo-como-te-gustaria-que-los-demas-confiaran-en-ti\/\" \/>\n<meta property=\"og:locale\" content=\"es_ES\" \/>\n<meta property=\"og:type\" content=\"article\" \/>\n<meta property=\"og:title\" content=\"Conf\u00eda en el pr\u00f3jimo como te gustar\u00eda que los dem\u00e1s confiaran en ti\" \/>\n<meta property=\"og:description\" content=\"La confianza en uno mismo y en los compa\u00f1eros que te rodean es una herramienta clave de mejora personal y liderazgo transformacional.\" \/>\n<meta property=\"og:url\" content=\"https:\/\/blogs.encamina.com\/en-las-nubes\/confia-en-el-projimo-como-te-gustaria-que-los-demas-confiaran-en-ti\/\" \/>\n<meta property=\"og:site_name\" content=\"Con la cabeza en las nubes y los pies en el suelo\" \/>\n<meta property=\"article:published_time\" content=\"2022-01-27T07:50:10+00:00\" \/>\n<meta property=\"article:modified_time\" content=\"2022-02-25T07:49:44+00:00\" \/>\n<meta property=\"og:image\" content=\"http:\/\/blogs.encamina.com\/en-las-nubes\/wp-content\/uploads\/sites\/9\/2018\/11\/Castells.jpg\" \/>\n\t<meta property=\"og:image:width\" content=\"1109\" \/>\n\t<meta property=\"og:image:height\" content=\"966\" \/>\n\t<meta property=\"og:image:type\" content=\"image\/jpeg\" \/>\n<meta name=\"author\" content=\"Hugo de Juan\" \/>\n<meta name=\"twitter:card\" content=\"summary_large_image\" \/>\n<meta name=\"twitter:label1\" content=\"Escrito por\" \/>\n\t<meta name=\"twitter:data1\" content=\"Hugo de Juan\" \/>\n\t<meta name=\"twitter:label2\" content=\"Tiempo de lectura\" \/>\n\t<meta name=\"twitter:data2\" content=\"4 minutos\" \/>\n<script type=\"application\/ld+json\" class=\"yoast-schema-graph\">{\"@context\":\"https:\\\/\\\/schema.org\",\"@graph\":[{\"@type\":\"Article\",\"@id\":\"https:\\\/\\\/blogs.encamina.com\\\/en-las-nubes\\\/confia-en-el-projimo-como-te-gustaria-que-los-demas-confiaran-en-ti\\\/#article\",\"isPartOf\":{\"@id\":\"https:\\\/\\\/blogs.encamina.com\\\/en-las-nubes\\\/confia-en-el-projimo-como-te-gustaria-que-los-demas-confiaran-en-ti\\\/\"},\"author\":{\"name\":\"Hugo de Juan\",\"@id\":\"https:\\\/\\\/blogs.encamina.com\\\/en-las-nubes\\\/#\\\/schema\\\/person\\\/e04b6380b3883961698c77c224fe8a71\"},\"headline\":\"Conf\u00eda en el pr\u00f3jimo como te gustar\u00eda que los dem\u00e1s confiaran en ti\",\"datePublished\":\"2022-01-27T07:50:10+00:00\",\"dateModified\":\"2022-02-25T07:49:44+00:00\",\"mainEntityOfPage\":{\"@id\":\"https:\\\/\\\/blogs.encamina.com\\\/en-las-nubes\\\/confia-en-el-projimo-como-te-gustaria-que-los-demas-confiaran-en-ti\\\/\"},\"wordCount\":792,\"image\":{\"@id\":\"https:\\\/\\\/blogs.encamina.com\\\/en-las-nubes\\\/confia-en-el-projimo-como-te-gustaria-que-los-demas-confiaran-en-ti\\\/#primaryimage\"},\"thumbnailUrl\":\"https:\\\/\\\/blogs.encamina.com\\\/en-las-nubes\\\/wp-content\\\/uploads\\\/sites\\\/9\\\/2018\\\/11\\\/Castells.jpg\",\"keywords\":[\"confianza\"],\"articleSection\":[\"reflexiones\"],\"inLanguage\":\"es\"},{\"@type\":\"WebPage\",\"@id\":\"https:\\\/\\\/blogs.encamina.com\\\/en-las-nubes\\\/confia-en-el-projimo-como-te-gustaria-que-los-demas-confiaran-en-ti\\\/\",\"url\":\"https:\\\/\\\/blogs.encamina.com\\\/en-las-nubes\\\/confia-en-el-projimo-como-te-gustaria-que-los-demas-confiaran-en-ti\\\/\",\"name\":\"Conf\u00eda en el pr\u00f3jimo como te gustar\u00eda que los dem\u00e1s confiaran en ti | ENCAMINA\",\"isPartOf\":{\"@id\":\"https:\\\/\\\/blogs.encamina.com\\\/en-las-nubes\\\/#website\"},\"primaryImageOfPage\":{\"@id\":\"https:\\\/\\\/blogs.encamina.com\\\/en-las-nubes\\\/confia-en-el-projimo-como-te-gustaria-que-los-demas-confiaran-en-ti\\\/#primaryimage\"},\"image\":{\"@id\":\"https:\\\/\\\/blogs.encamina.com\\\/en-las-nubes\\\/confia-en-el-projimo-como-te-gustaria-que-los-demas-confiaran-en-ti\\\/#primaryimage\"},\"thumbnailUrl\":\"https:\\\/\\\/blogs.encamina.com\\\/en-las-nubes\\\/wp-content\\\/uploads\\\/sites\\\/9\\\/2018\\\/11\\\/Castells.jpg\",\"datePublished\":\"2022-01-27T07:50:10+00:00\",\"dateModified\":\"2022-02-25T07:49:44+00:00\",\"author\":{\"@id\":\"https:\\\/\\\/blogs.encamina.com\\\/en-las-nubes\\\/#\\\/schema\\\/person\\\/e04b6380b3883961698c77c224fe8a71\"},\"description\":\"La confianza en uno mismo y en los compa\u00f1eros que te rodean es una herramienta clave de mejora personal y liderazgo transformacional.\",\"inLanguage\":\"es\",\"potentialAction\":[{\"@type\":\"ReadAction\",\"target\":[\"https:\\\/\\\/blogs.encamina.com\\\/en-las-nubes\\\/confia-en-el-projimo-como-te-gustaria-que-los-demas-confiaran-en-ti\\\/\"]}]},{\"@type\":\"ImageObject\",\"inLanguage\":\"es\",\"@id\":\"https:\\\/\\\/blogs.encamina.com\\\/en-las-nubes\\\/confia-en-el-projimo-como-te-gustaria-que-los-demas-confiaran-en-ti\\\/#primaryimage\",\"url\":\"https:\\\/\\\/blogs.encamina.com\\\/en-las-nubes\\\/wp-content\\\/uploads\\\/sites\\\/9\\\/2018\\\/11\\\/Castells.jpg\",\"contentUrl\":\"https:\\\/\\\/blogs.encamina.com\\\/en-las-nubes\\\/wp-content\\\/uploads\\\/sites\\\/9\\\/2018\\\/11\\\/Castells.jpg\",\"width\":1109,\"height\":966},{\"@type\":\"WebSite\",\"@id\":\"https:\\\/\\\/blogs.encamina.com\\\/en-las-nubes\\\/#website\",\"url\":\"https:\\\/\\\/blogs.encamina.com\\\/en-las-nubes\\\/\",\"name\":\"Con la cabeza en las nubes y los pies en el suelo\",\"description\":\"El proyecto empresarial necesita visi\u00f3n, pasi\u00f3n y un sue\u00f1o al final del camino, pero tambi\u00e9n hay que pisar tierra con paso firme y recuperarse de tropiezos m\u00e1s bien poco divinos.\",\"potentialAction\":[{\"@type\":\"SearchAction\",\"target\":{\"@type\":\"EntryPoint\",\"urlTemplate\":\"https:\\\/\\\/blogs.encamina.com\\\/en-las-nubes\\\/?s={search_term_string}\"},\"query-input\":{\"@type\":\"PropertyValueSpecification\",\"valueRequired\":true,\"valueName\":\"search_term_string\"}}],\"inLanguage\":\"es\"},{\"@type\":\"Person\",\"@id\":\"https:\\\/\\\/blogs.encamina.com\\\/en-las-nubes\\\/#\\\/schema\\\/person\\\/e04b6380b3883961698c77c224fe8a71\",\"name\":\"Hugo de Juan\",\"image\":{\"@type\":\"ImageObject\",\"inLanguage\":\"es\",\"@id\":\"https:\\\/\\\/secure.gravatar.com\\\/avatar\\\/7fe31b0215c170423f206c68fc4e1bcf7aa67c86c534efa59f0b3c5e4b643bc5?s=96&d=mm&r=g\",\"url\":\"https:\\\/\\\/secure.gravatar.com\\\/avatar\\\/7fe31b0215c170423f206c68fc4e1bcf7aa67c86c534efa59f0b3c5e4b643bc5?s=96&d=mm&r=g\",\"contentUrl\":\"https:\\\/\\\/secure.gravatar.com\\\/avatar\\\/7fe31b0215c170423f206c68fc4e1bcf7aa67c86c534efa59f0b3c5e4b643bc5?s=96&d=mm&r=g\",\"caption\":\"Hugo de Juan\"},\"description\":\"Ingeniero de Telecomunicaci\u00f3n en mis inicios, pas\u00e9 al lado m\u00e1s colorido del negocio con un master en Marketing y posteriormente con un Executive MBA. Hoy CEO en ENCAMINA, socio director en ENTRESISTEMAS, profesor postgrado en ESIC Marketing &amp; Business School, so\u00f1ador, eterno aprendiz y Doctor Ingeniero en econom\u00eda digital. Me va el marketing, la tecnolog\u00eda, mi familia, los amigos y la vida buena, incluso m\u00e1s que la buena vida.\",\"url\":\"https:\\\/\\\/blogs.encamina.com\\\/en-las-nubes\\\/author\\\/admin\\\/\"}]}<\/script>\n<!-- \/ Yoast SEO Premium plugin. -->","yoast_head_json":{"title":"Conf\u00eda en el pr\u00f3jimo como te gustar\u00eda que los dem\u00e1s confiaran en ti | ENCAMINA","description":"La confianza en uno mismo y en los compa\u00f1eros que te rodean es una herramienta clave de mejora personal y liderazgo transformacional.","robots":{"index":"index","follow":"follow","max-snippet":"max-snippet:-1","max-image-preview":"max-image-preview:large","max-video-preview":"max-video-preview:-1"},"canonical":"https:\/\/blogs.encamina.com\/en-las-nubes\/confia-en-el-projimo-como-te-gustaria-que-los-demas-confiaran-en-ti\/","og_locale":"es_ES","og_type":"article","og_title":"Conf\u00eda en el pr\u00f3jimo como te gustar\u00eda que los dem\u00e1s confiaran en ti","og_description":"La confianza en uno mismo y en los compa\u00f1eros que te rodean es una herramienta clave de mejora personal y liderazgo transformacional.","og_url":"https:\/\/blogs.encamina.com\/en-las-nubes\/confia-en-el-projimo-como-te-gustaria-que-los-demas-confiaran-en-ti\/","og_site_name":"Con la cabeza en las nubes y los pies en el suelo","article_published_time":"2022-01-27T07:50:10+00:00","article_modified_time":"2022-02-25T07:49:44+00:00","og_image":[{"width":1109,"height":966,"url":"http:\/\/blogs.encamina.com\/en-las-nubes\/wp-content\/uploads\/sites\/9\/2018\/11\/Castells.jpg","type":"image\/jpeg"}],"author":"Hugo de Juan","twitter_card":"summary_large_image","twitter_misc":{"Escrito por":"Hugo de Juan","Tiempo de lectura":"4 minutos"},"schema":{"@context":"https:\/\/schema.org","@graph":[{"@type":"Article","@id":"https:\/\/blogs.encamina.com\/en-las-nubes\/confia-en-el-projimo-como-te-gustaria-que-los-demas-confiaran-en-ti\/#article","isPartOf":{"@id":"https:\/\/blogs.encamina.com\/en-las-nubes\/confia-en-el-projimo-como-te-gustaria-que-los-demas-confiaran-en-ti\/"},"author":{"name":"Hugo de Juan","@id":"https:\/\/blogs.encamina.com\/en-las-nubes\/#\/schema\/person\/e04b6380b3883961698c77c224fe8a71"},"headline":"Conf\u00eda en el pr\u00f3jimo como te gustar\u00eda que los dem\u00e1s confiaran en ti","datePublished":"2022-01-27T07:50:10+00:00","dateModified":"2022-02-25T07:49:44+00:00","mainEntityOfPage":{"@id":"https:\/\/blogs.encamina.com\/en-las-nubes\/confia-en-el-projimo-como-te-gustaria-que-los-demas-confiaran-en-ti\/"},"wordCount":792,"image":{"@id":"https:\/\/blogs.encamina.com\/en-las-nubes\/confia-en-el-projimo-como-te-gustaria-que-los-demas-confiaran-en-ti\/#primaryimage"},"thumbnailUrl":"https:\/\/blogs.encamina.com\/en-las-nubes\/wp-content\/uploads\/sites\/9\/2018\/11\/Castells.jpg","keywords":["confianza"],"articleSection":["reflexiones"],"inLanguage":"es"},{"@type":"WebPage","@id":"https:\/\/blogs.encamina.com\/en-las-nubes\/confia-en-el-projimo-como-te-gustaria-que-los-demas-confiaran-en-ti\/","url":"https:\/\/blogs.encamina.com\/en-las-nubes\/confia-en-el-projimo-como-te-gustaria-que-los-demas-confiaran-en-ti\/","name":"Conf\u00eda en el pr\u00f3jimo como te gustar\u00eda que los dem\u00e1s confiaran en ti | ENCAMINA","isPartOf":{"@id":"https:\/\/blogs.encamina.com\/en-las-nubes\/#website"},"primaryImageOfPage":{"@id":"https:\/\/blogs.encamina.com\/en-las-nubes\/confia-en-el-projimo-como-te-gustaria-que-los-demas-confiaran-en-ti\/#primaryimage"},"image":{"@id":"https:\/\/blogs.encamina.com\/en-las-nubes\/confia-en-el-projimo-como-te-gustaria-que-los-demas-confiaran-en-ti\/#primaryimage"},"thumbnailUrl":"https:\/\/blogs.encamina.com\/en-las-nubes\/wp-content\/uploads\/sites\/9\/2018\/11\/Castells.jpg","datePublished":"2022-01-27T07:50:10+00:00","dateModified":"2022-02-25T07:49:44+00:00","author":{"@id":"https:\/\/blogs.encamina.com\/en-las-nubes\/#\/schema\/person\/e04b6380b3883961698c77c224fe8a71"},"description":"La confianza en uno mismo y en los compa\u00f1eros que te rodean es una herramienta clave de mejora personal y liderazgo transformacional.","inLanguage":"es","potentialAction":[{"@type":"ReadAction","target":["https:\/\/blogs.encamina.com\/en-las-nubes\/confia-en-el-projimo-como-te-gustaria-que-los-demas-confiaran-en-ti\/"]}]},{"@type":"ImageObject","inLanguage":"es","@id":"https:\/\/blogs.encamina.com\/en-las-nubes\/confia-en-el-projimo-como-te-gustaria-que-los-demas-confiaran-en-ti\/#primaryimage","url":"https:\/\/blogs.encamina.com\/en-las-nubes\/wp-content\/uploads\/sites\/9\/2018\/11\/Castells.jpg","contentUrl":"https:\/\/blogs.encamina.com\/en-las-nubes\/wp-content\/uploads\/sites\/9\/2018\/11\/Castells.jpg","width":1109,"height":966},{"@type":"WebSite","@id":"https:\/\/blogs.encamina.com\/en-las-nubes\/#website","url":"https:\/\/blogs.encamina.com\/en-las-nubes\/","name":"Con la cabeza en las nubes y los pies en el suelo","description":"El proyecto empresarial necesita visi\u00f3n, pasi\u00f3n y un sue\u00f1o al final del camino, pero tambi\u00e9n hay que pisar tierra con paso firme y recuperarse de tropiezos m\u00e1s bien poco divinos.","potentialAction":[{"@type":"SearchAction","target":{"@type":"EntryPoint","urlTemplate":"https:\/\/blogs.encamina.com\/en-las-nubes\/?s={search_term_string}"},"query-input":{"@type":"PropertyValueSpecification","valueRequired":true,"valueName":"search_term_string"}}],"inLanguage":"es"},{"@type":"Person","@id":"https:\/\/blogs.encamina.com\/en-las-nubes\/#\/schema\/person\/e04b6380b3883961698c77c224fe8a71","name":"Hugo de Juan","image":{"@type":"ImageObject","inLanguage":"es","@id":"https:\/\/secure.gravatar.com\/avatar\/7fe31b0215c170423f206c68fc4e1bcf7aa67c86c534efa59f0b3c5e4b643bc5?s=96&d=mm&r=g","url":"https:\/\/secure.gravatar.com\/avatar\/7fe31b0215c170423f206c68fc4e1bcf7aa67c86c534efa59f0b3c5e4b643bc5?s=96&d=mm&r=g","contentUrl":"https:\/\/secure.gravatar.com\/avatar\/7fe31b0215c170423f206c68fc4e1bcf7aa67c86c534efa59f0b3c5e4b643bc5?s=96&d=mm&r=g","caption":"Hugo de Juan"},"description":"Ingeniero de Telecomunicaci\u00f3n en mis inicios, pas\u00e9 al lado m\u00e1s colorido del negocio con un master en Marketing y posteriormente con un Executive MBA. Hoy CEO en ENCAMINA, socio director en ENTRESISTEMAS, profesor postgrado en ESIC Marketing &amp; Business School, so\u00f1ador, eterno aprendiz y Doctor Ingeniero en econom\u00eda digital. Me va el marketing, la tecnolog\u00eda, mi familia, los amigos y la vida buena, incluso m\u00e1s que la buena vida.","url":"https:\/\/blogs.encamina.com\/en-las-nubes\/author\/admin\/"}]}},"_links":{"self":[{"href":"https:\/\/blogs.encamina.com\/en-las-nubes\/wp-json\/wp\/v2\/posts\/2237","targetHints":{"allow":["GET"]}}],"collection":[{"href":"https:\/\/blogs.encamina.com\/en-las-nubes\/wp-json\/wp\/v2\/posts"}],"about":[{"href":"https:\/\/blogs.encamina.com\/en-las-nubes\/wp-json\/wp\/v2\/types\/post"}],"author":[{"embeddable":true,"href":"https:\/\/blogs.encamina.com\/en-las-nubes\/wp-json\/wp\/v2\/users\/1"}],"replies":[{"embeddable":true,"href":"https:\/\/blogs.encamina.com\/en-las-nubes\/wp-json\/wp\/v2\/comments?post=2237"}],"version-history":[{"count":0,"href":"https:\/\/blogs.encamina.com\/en-las-nubes\/wp-json\/wp\/v2\/posts\/2237\/revisions"}],"wp:featuredmedia":[{"embeddable":true,"href":"https:\/\/blogs.encamina.com\/en-las-nubes\/wp-json\/wp\/v2\/media\/1984"}],"wp:attachment":[{"href":"https:\/\/blogs.encamina.com\/en-las-nubes\/wp-json\/wp\/v2\/media?parent=2237"}],"wp:term":[{"taxonomy":"category","embeddable":true,"href":"https:\/\/blogs.encamina.com\/en-las-nubes\/wp-json\/wp\/v2\/categories?post=2237"},{"taxonomy":"post_tag","embeddable":true,"href":"https:\/\/blogs.encamina.com\/en-las-nubes\/wp-json\/wp\/v2\/tags?post=2237"}],"curies":[{"name":"wp","href":"https:\/\/api.w.org\/{rel}","templated":true}]}}