{"id":2232,"date":"2021-02-05T11:17:33","date_gmt":"2021-02-05T10:17:33","guid":{"rendered":"http:\/\/blogs.encamina.com\/en-las-nubes\/?p=2232"},"modified":"2021-02-05T11:17:33","modified_gmt":"2021-02-05T10:17:33","slug":"queda-despedido-un-2020-lleno-de-contribucion-y-compromiso-entre-otras-cosas","status":"publish","type":"post","link":"https:\/\/blogs.encamina.com\/en-las-nubes\/queda-despedido-un-2020-lleno-de-contribucion-y-compromiso-entre-otras-cosas\/","title":{"rendered":"Queda despedido un 2020 lleno de contribuci\u00f3n y compromiso, entre otras cosas"},"content":{"rendered":"<p><span data-contrast=\"auto\"><img loading=\"lazy\" decoding=\"async\" class=\"aligncenter size-full wp-image-2243\" src=\"http:\/\/blogs.encamina.com\/en-las-nubes\/wp-content\/uploads\/sites\/9\/2021\/01\/Memoria-Social-2020-ENCAMIAN.png\" alt=\"\" width=\"1196\" height=\"690\" srcset=\"https:\/\/encaminablogs.wpenginepowered.com\/en-las-nubes\/wp-content\/uploads\/sites\/9\/2021\/01\/Memoria-Social-2020-ENCAMIAN.png 1196w, https:\/\/encaminablogs.wpenginepowered.com\/en-las-nubes\/wp-content\/uploads\/sites\/9\/2021\/01\/Memoria-Social-2020-ENCAMIAN-300x173.png 300w, https:\/\/encaminablogs.wpenginepowered.com\/en-las-nubes\/wp-content\/uploads\/sites\/9\/2021\/01\/Memoria-Social-2020-ENCAMIAN-1024x591.png 1024w, https:\/\/encaminablogs.wpenginepowered.com\/en-las-nubes\/wp-content\/uploads\/sites\/9\/2021\/01\/Memoria-Social-2020-ENCAMIAN-768x443.png 768w, https:\/\/encaminablogs.wpenginepowered.com\/en-las-nubes\/wp-content\/uploads\/sites\/9\/2021\/01\/Memoria-Social-2020-ENCAMIAN-610x352.png 610w\" sizes=\"auto, (max-width: 1196px) 100vw, 1196px\" \/>El a\u00f1o 2020 no pude celebrar mi 50 cumplea\u00f1os como me hubiera gustado, ni tampoco pudimos celebrar el 20\u00ba Aniversario de ENCAMINA como nos merec\u00edamos, pero esto es irrisorio comparado con todo lo que el mundo, la sociedad, las personas y la econom\u00eda han vivido y sacrificado. <\/span><\/p>\n<p><!--more--><\/p>\n<p><span data-contrast=\"auto\">Desde ENCAMINA hemos sido <strong>muy afortunados<\/strong>, no solo por haber <\/span><span data-contrast=\"auto\">podido continuar con nuestra actividad laboral con pocos sobresaltos, sino porque hemos podido contribuir paliando, <strong>gracias a la tecnolog\u00eda<\/strong>, algunos de los problemas colaterales de la pandemia.<\/span><span data-ccp-props=\"{&quot;201341983&quot;:0,&quot;335559739&quot;:160,&quot;335559740&quot;:259}\">\u00a0<\/span><\/p>\n<p><span data-contrast=\"auto\">Ha sido un a\u00f1o e<\/span><span data-contrast=\"auto\">n el cual,\u00a0<\/span><span data-contrast=\"auto\">muchos profesionales y personas han demostrado su <strong>valor para la sociedad<\/strong><\/span><span data-contrast=\"auto\">,<\/span><span data-contrast=\"auto\">\u00a0en el que lo han llevado a cabo con especial orgullo y<\/span><span data-contrast=\"auto\">,<\/span><span data-contrast=\"auto\">\u00a0de esa misma forma<\/span><span data-contrast=\"auto\">,<\/span><span data-contrast=\"auto\">\u00a0yo he sentido <strong>orgullo <\/strong>de trabajar con quien trabajo y para la organizaci\u00f3n\u00a0<\/span>para la\u00a0<span data-contrast=\"auto\">que trabajo. Siento que<strong> hemos sido honestos, generosos, valientes y responsables.\u00a0<\/strong><\/span><strong>\u00a0<\/strong><\/p>\n<p><span data-contrast=\"auto\">Siento que hemos sido consecuentes con nuestros valores y nuestro prop\u00f3sito como empresa, y prueba de ello es todo lo que se resume en esta memoria.\u00a0<\/span><span data-contrast=\"auto\">N<\/span><span data-contrast=\"auto\">o solo por lo aportado<\/span><b><span data-contrast=\"auto\">\u00a0especialmente en\u00a0<\/span><\/b><b><span data-contrast=\"auto\">e<\/span><\/b><b><span data-contrast=\"auto\">l \u00e1mbito de la lucha contra\u00a0<\/span><\/b><b><span data-contrast=\"auto\">la\u00a0<\/span><\/b><b><span data-contrast=\"auto\">COVID\u00a0<\/span><\/b><span data-contrast=\"auto\">(nuestra participaci\u00f3n en\u00a0<\/span><span data-contrast=\"auto\">iniciativas solidarias como #T<\/span><span data-contrast=\"auto\">odos<\/span><span data-contrast=\"auto\">D<\/span><span data-contrast=\"auto\">esde<\/span><span data-contrast=\"auto\">C<\/span><span data-contrast=\"auto\">asa, la liberaci\u00f3n de todos nuestros recursos para optimizar el teletrabajo, los productos\u00a0<\/span><i><span data-contrast=\"auto\">ad<\/span><\/i><i><span data-contrast=\"auto\">\u00a0<\/span><\/i><i><span data-contrast=\"auto\">hoc<\/span><\/i><span data-contrast=\"auto\">\u00a0para paliar los efectos operativos del nuevo modelo operativo, las contribuciones y mensajes para<strong> inspirar tranquilidad y optimismo<\/strong>, etc., etc.) sino por el especial compromiso de todo el #ENCATEAM con los proyectos y servicios para nuestros clientes, que este a\u00f1o han resultado demostrarse m\u00e1s cr\u00edticos que nunca.\u00a0<\/span><span data-ccp-props=\"{&quot;201341983&quot;:0,&quot;335559739&quot;:160,&quot;335559740&quot;:259}\">\u00a0<\/span><\/p>\n<p><span data-contrast=\"auto\">En definitiva, en un a\u00f1o e<\/span><span data-contrast=\"auto\">n el que<\/span><span data-contrast=\"auto\"> las exigencias del guio<\/span><span data-contrast=\"auto\">n nos han obligado a <strong>readaptarnos<\/strong> en muchos sentidos, hemos sido capaces de seguir aportando algo m\u00e1s que nuestro trabajo y nuestro d\u00eda a d\u00eda al mundo, y en esta <a href=\"https:\/\/issuu.com\/encamina\/docs\/memoria-social-encamina-2020-paginas\" target=\"_blank\" rel=\"noopener noreferrer\">Memoria Social Corporativa del 2020,<\/a> se explican algunas de esas contribuciones de las que todo <strong>el #ENCATEAM y nuestros colaboradores, clientes y amigos podemos sentirnos muy orgullosos.<\/strong><\/span><strong>\u00a0<\/strong><\/p>\n<p><iframe style=\"border: none; width: 100%; height: 326px;\" src=\"\/\/e.issuu.com\/embed.html?d=memoria-social-encamina-2020-paginas&amp;u=encamina\" allowfullscreen=\"allowfullscreen\"><\/iframe><\/p>\n<!-- AddThis Advanced Settings generic via filter on the_content --><!-- AddThis Share Buttons generic via filter on the_content --><span class=\"et_bloom_bottom_trigger\"><\/span>","protected":false},"excerpt":{"rendered":"<p>El a\u00f1o 2020 no pude celebrar mi 50 cumplea\u00f1os como me hubiera gustado, ni tampoco pudimos celebrar el 20\u00ba Aniversario de ENCAMINA como nos merec\u00edamos, pero esto es irrisorio comparado con todo lo que el mundo, la sociedad, las personas &hellip; <a href=\"https:\/\/blogs.encamina.com\/en-las-nubes\/queda-despedido-un-2020-lleno-de-contribucion-y-compromiso-entre-otras-cosas\/\">Continue reading <span class=\"meta-nav\">&rarr;<\/span><\/a><!-- AddThis Advanced Settings generic via filter on get_the_excerpt --><!-- AddThis Share Buttons generic via filter on get_the_excerpt --><\/p>\n","protected":false},"author":1,"featured_media":2243,"comment_status":"closed","ping_status":"closed","sticky":false,"template":"","format":"standard","meta":{"footnotes":""},"categories":[8,10],"tags":[],"class_list":["post-2232","post","type-post","status-publish","format-standard","has-post-thumbnail","hentry","category-reflexiones","category-vision"],"yoast_head":"<!-- This site is optimized with the Yoast SEO Premium plugin v18.2.1 (Yoast SEO v27.3) - https:\/\/yoast.com\/product\/yoast-seo-premium-wordpress\/ -->\n<title>Queda despedido un 2020 lleno de contribuci\u00f3n y compromiso, entre otras cosas | ENCAMINA<\/title>\n<meta name=\"description\" content=\"El a\u00f1o 2020 no pude celebrar mi 50 cumplea\u00f1os como me hubiera gustado, ni tampoco pudimos celebrar el 20\u00ba Aniversario de ENCAMINA como nos merec\u00edamos, pero esto es irrisorio comparado con todo lo que el mundo, la sociedad, las personas y la econom\u00eda han vivido y sacrificado.\" \/>\n<meta name=\"robots\" content=\"index, follow, max-snippet:-1, max-image-preview:large, max-video-preview:-1\" \/>\n<link rel=\"canonical\" href=\"http:\/\/blogs.encamina.com\/en-las-nubes\/queda-despedido-un-2020-lleno-de-contribucion-y-compromiso-entre-otras-cosas\/\" \/>\n<meta property=\"og:locale\" content=\"es_ES\" \/>\n<meta property=\"og:type\" content=\"article\" \/>\n<meta property=\"og:title\" content=\"Queda despedido un 2020 lleno de contribuci\u00f3n y compromiso, entre otras cosas\" \/>\n<meta property=\"og:description\" content=\"El a\u00f1o 2020 no pude celebrar mi 50 cumplea\u00f1os como me hubiera gustado, ni tampoco pudimos celebrar el 20\u00ba Aniversario de ENCAMINA como nos merec\u00edamos, pero esto es irrisorio comparado con todo lo que el mundo, la sociedad, las personas y la econom\u00eda han vivido y sacrificado.\" \/>\n<meta property=\"og:url\" content=\"http:\/\/blogs.encamina.com\/en-las-nubes\/queda-despedido-un-2020-lleno-de-contribucion-y-compromiso-entre-otras-cosas\/\" \/>\n<meta property=\"og:site_name\" content=\"Con la cabeza en las nubes y los pies en el suelo\" \/>\n<meta property=\"article:published_time\" content=\"2021-02-05T10:17:33+00:00\" \/>\n<meta property=\"og:image\" content=\"http:\/\/blogs.encamina.com\/en-las-nubes\/wp-content\/uploads\/sites\/9\/2021\/01\/Memoria-Social-2020-ENCAMIAN.png\" \/>\n\t<meta property=\"og:image:width\" content=\"1196\" \/>\n\t<meta property=\"og:image:height\" content=\"690\" \/>\n\t<meta property=\"og:image:type\" content=\"image\/png\" \/>\n<meta name=\"author\" content=\"Hugo de Juan\" \/>\n<meta name=\"twitter:card\" content=\"summary_large_image\" \/>\n<meta name=\"twitter:label1\" content=\"Escrito por\" \/>\n\t<meta name=\"twitter:data1\" content=\"Hugo de Juan\" \/>\n\t<meta name=\"twitter:label2\" content=\"Tiempo de lectura\" \/>\n\t<meta name=\"twitter:data2\" content=\"2 minutos\" \/>\n<script type=\"application\/ld+json\" class=\"yoast-schema-graph\">{\"@context\":\"https:\\\/\\\/schema.org\",\"@graph\":[{\"@type\":\"Article\",\"@id\":\"http:\\\/\\\/blogs.encamina.com\\\/en-las-nubes\\\/queda-despedido-un-2020-lleno-de-contribucion-y-compromiso-entre-otras-cosas\\\/#article\",\"isPartOf\":{\"@id\":\"http:\\\/\\\/blogs.encamina.com\\\/en-las-nubes\\\/queda-despedido-un-2020-lleno-de-contribucion-y-compromiso-entre-otras-cosas\\\/\"},\"author\":{\"name\":\"Hugo de Juan\",\"@id\":\"https:\\\/\\\/blogs.encamina.com\\\/en-las-nubes\\\/#\\\/schema\\\/person\\\/e04b6380b3883961698c77c224fe8a71\"},\"headline\":\"Queda despedido un 2020 lleno de contribuci\u00f3n y compromiso, entre otras cosas\",\"datePublished\":\"2021-02-05T10:17:33+00:00\",\"mainEntityOfPage\":{\"@id\":\"http:\\\/\\\/blogs.encamina.com\\\/en-las-nubes\\\/queda-despedido-un-2020-lleno-de-contribucion-y-compromiso-entre-otras-cosas\\\/\"},\"wordCount\":356,\"image\":{\"@id\":\"http:\\\/\\\/blogs.encamina.com\\\/en-las-nubes\\\/queda-despedido-un-2020-lleno-de-contribucion-y-compromiso-entre-otras-cosas\\\/#primaryimage\"},\"thumbnailUrl\":\"https:\\\/\\\/blogs.encamina.com\\\/en-las-nubes\\\/wp-content\\\/uploads\\\/sites\\\/9\\\/2021\\\/01\\\/Memoria-Social-2020-ENCAMIAN.png\",\"articleSection\":[\"reflexiones\",\"visi\u00f3n\"],\"inLanguage\":\"es\"},{\"@type\":\"WebPage\",\"@id\":\"http:\\\/\\\/blogs.encamina.com\\\/en-las-nubes\\\/queda-despedido-un-2020-lleno-de-contribucion-y-compromiso-entre-otras-cosas\\\/\",\"url\":\"http:\\\/\\\/blogs.encamina.com\\\/en-las-nubes\\\/queda-despedido-un-2020-lleno-de-contribucion-y-compromiso-entre-otras-cosas\\\/\",\"name\":\"Queda despedido un 2020 lleno de contribuci\u00f3n y compromiso, entre otras cosas | ENCAMINA\",\"isPartOf\":{\"@id\":\"https:\\\/\\\/blogs.encamina.com\\\/en-las-nubes\\\/#website\"},\"primaryImageOfPage\":{\"@id\":\"http:\\\/\\\/blogs.encamina.com\\\/en-las-nubes\\\/queda-despedido-un-2020-lleno-de-contribucion-y-compromiso-entre-otras-cosas\\\/#primaryimage\"},\"image\":{\"@id\":\"http:\\\/\\\/blogs.encamina.com\\\/en-las-nubes\\\/queda-despedido-un-2020-lleno-de-contribucion-y-compromiso-entre-otras-cosas\\\/#primaryimage\"},\"thumbnailUrl\":\"https:\\\/\\\/blogs.encamina.com\\\/en-las-nubes\\\/wp-content\\\/uploads\\\/sites\\\/9\\\/2021\\\/01\\\/Memoria-Social-2020-ENCAMIAN.png\",\"datePublished\":\"2021-02-05T10:17:33+00:00\",\"author\":{\"@id\":\"https:\\\/\\\/blogs.encamina.com\\\/en-las-nubes\\\/#\\\/schema\\\/person\\\/e04b6380b3883961698c77c224fe8a71\"},\"description\":\"El a\u00f1o 2020 no pude celebrar mi 50 cumplea\u00f1os como me hubiera gustado, ni tampoco pudimos celebrar el 20\u00ba Aniversario de ENCAMINA como nos merec\u00edamos, pero esto es irrisorio comparado con todo lo que el mundo, la sociedad, las personas y la econom\u00eda han vivido y sacrificado.\",\"inLanguage\":\"es\",\"potentialAction\":[{\"@type\":\"ReadAction\",\"target\":[\"http:\\\/\\\/blogs.encamina.com\\\/en-las-nubes\\\/queda-despedido-un-2020-lleno-de-contribucion-y-compromiso-entre-otras-cosas\\\/\"]}]},{\"@type\":\"ImageObject\",\"inLanguage\":\"es\",\"@id\":\"http:\\\/\\\/blogs.encamina.com\\\/en-las-nubes\\\/queda-despedido-un-2020-lleno-de-contribucion-y-compromiso-entre-otras-cosas\\\/#primaryimage\",\"url\":\"https:\\\/\\\/blogs.encamina.com\\\/en-las-nubes\\\/wp-content\\\/uploads\\\/sites\\\/9\\\/2021\\\/01\\\/Memoria-Social-2020-ENCAMIAN.png\",\"contentUrl\":\"https:\\\/\\\/blogs.encamina.com\\\/en-las-nubes\\\/wp-content\\\/uploads\\\/sites\\\/9\\\/2021\\\/01\\\/Memoria-Social-2020-ENCAMIAN.png\",\"width\":1196,\"height\":690},{\"@type\":\"WebSite\",\"@id\":\"https:\\\/\\\/blogs.encamina.com\\\/en-las-nubes\\\/#website\",\"url\":\"https:\\\/\\\/blogs.encamina.com\\\/en-las-nubes\\\/\",\"name\":\"Con la cabeza en las nubes y los pies en el suelo\",\"description\":\"El proyecto empresarial necesita visi\u00f3n, pasi\u00f3n y un sue\u00f1o al final del camino, pero tambi\u00e9n hay que pisar tierra con paso firme y recuperarse de tropiezos m\u00e1s bien poco divinos.\",\"potentialAction\":[{\"@type\":\"SearchAction\",\"target\":{\"@type\":\"EntryPoint\",\"urlTemplate\":\"https:\\\/\\\/blogs.encamina.com\\\/en-las-nubes\\\/?s={search_term_string}\"},\"query-input\":{\"@type\":\"PropertyValueSpecification\",\"valueRequired\":true,\"valueName\":\"search_term_string\"}}],\"inLanguage\":\"es\"},{\"@type\":\"Person\",\"@id\":\"https:\\\/\\\/blogs.encamina.com\\\/en-las-nubes\\\/#\\\/schema\\\/person\\\/e04b6380b3883961698c77c224fe8a71\",\"name\":\"Hugo de Juan\",\"image\":{\"@type\":\"ImageObject\",\"inLanguage\":\"es\",\"@id\":\"https:\\\/\\\/secure.gravatar.com\\\/avatar\\\/7fe31b0215c170423f206c68fc4e1bcf7aa67c86c534efa59f0b3c5e4b643bc5?s=96&d=mm&r=g\",\"url\":\"https:\\\/\\\/secure.gravatar.com\\\/avatar\\\/7fe31b0215c170423f206c68fc4e1bcf7aa67c86c534efa59f0b3c5e4b643bc5?s=96&d=mm&r=g\",\"contentUrl\":\"https:\\\/\\\/secure.gravatar.com\\\/avatar\\\/7fe31b0215c170423f206c68fc4e1bcf7aa67c86c534efa59f0b3c5e4b643bc5?s=96&d=mm&r=g\",\"caption\":\"Hugo de Juan\"},\"description\":\"Ingeniero de Telecomunicaci\u00f3n en mis inicios, pas\u00e9 al lado m\u00e1s colorido del negocio con un master en Marketing y posteriormente con un Executive MBA. Hoy CEO en ENCAMINA, socio director en ENTRESISTEMAS, profesor postgrado en ESIC Marketing &amp; Business School, so\u00f1ador, eterno aprendiz y Doctor Ingeniero en econom\u00eda digital. Me va el marketing, la tecnolog\u00eda, mi familia, los amigos y la vida buena, incluso m\u00e1s que la buena vida.\",\"url\":\"https:\\\/\\\/blogs.encamina.com\\\/en-las-nubes\\\/author\\\/admin\\\/\"}]}<\/script>\n<!-- \/ Yoast SEO Premium plugin. -->","yoast_head_json":{"title":"Queda despedido un 2020 lleno de contribuci\u00f3n y compromiso, entre otras cosas | ENCAMINA","description":"El a\u00f1o 2020 no pude celebrar mi 50 cumplea\u00f1os como me hubiera gustado, ni tampoco pudimos celebrar el 20\u00ba Aniversario de ENCAMINA como nos merec\u00edamos, pero esto es irrisorio comparado con todo lo que el mundo, la sociedad, las personas y la econom\u00eda han vivido y sacrificado.","robots":{"index":"index","follow":"follow","max-snippet":"max-snippet:-1","max-image-preview":"max-image-preview:large","max-video-preview":"max-video-preview:-1"},"canonical":"http:\/\/blogs.encamina.com\/en-las-nubes\/queda-despedido-un-2020-lleno-de-contribucion-y-compromiso-entre-otras-cosas\/","og_locale":"es_ES","og_type":"article","og_title":"Queda despedido un 2020 lleno de contribuci\u00f3n y compromiso, entre otras cosas","og_description":"El a\u00f1o 2020 no pude celebrar mi 50 cumplea\u00f1os como me hubiera gustado, ni tampoco pudimos celebrar el 20\u00ba Aniversario de ENCAMINA como nos merec\u00edamos, pero esto es irrisorio comparado con todo lo que el mundo, la sociedad, las personas y la econom\u00eda han vivido y sacrificado.","og_url":"http:\/\/blogs.encamina.com\/en-las-nubes\/queda-despedido-un-2020-lleno-de-contribucion-y-compromiso-entre-otras-cosas\/","og_site_name":"Con la cabeza en las nubes y los pies en el suelo","article_published_time":"2021-02-05T10:17:33+00:00","og_image":[{"width":1196,"height":690,"url":"http:\/\/blogs.encamina.com\/en-las-nubes\/wp-content\/uploads\/sites\/9\/2021\/01\/Memoria-Social-2020-ENCAMIAN.png","type":"image\/png"}],"author":"Hugo de Juan","twitter_card":"summary_large_image","twitter_misc":{"Escrito por":"Hugo de Juan","Tiempo de lectura":"2 minutos"},"schema":{"@context":"https:\/\/schema.org","@graph":[{"@type":"Article","@id":"http:\/\/blogs.encamina.com\/en-las-nubes\/queda-despedido-un-2020-lleno-de-contribucion-y-compromiso-entre-otras-cosas\/#article","isPartOf":{"@id":"http:\/\/blogs.encamina.com\/en-las-nubes\/queda-despedido-un-2020-lleno-de-contribucion-y-compromiso-entre-otras-cosas\/"},"author":{"name":"Hugo de Juan","@id":"https:\/\/blogs.encamina.com\/en-las-nubes\/#\/schema\/person\/e04b6380b3883961698c77c224fe8a71"},"headline":"Queda despedido un 2020 lleno de contribuci\u00f3n y compromiso, entre otras cosas","datePublished":"2021-02-05T10:17:33+00:00","mainEntityOfPage":{"@id":"http:\/\/blogs.encamina.com\/en-las-nubes\/queda-despedido-un-2020-lleno-de-contribucion-y-compromiso-entre-otras-cosas\/"},"wordCount":356,"image":{"@id":"http:\/\/blogs.encamina.com\/en-las-nubes\/queda-despedido-un-2020-lleno-de-contribucion-y-compromiso-entre-otras-cosas\/#primaryimage"},"thumbnailUrl":"https:\/\/blogs.encamina.com\/en-las-nubes\/wp-content\/uploads\/sites\/9\/2021\/01\/Memoria-Social-2020-ENCAMIAN.png","articleSection":["reflexiones","visi\u00f3n"],"inLanguage":"es"},{"@type":"WebPage","@id":"http:\/\/blogs.encamina.com\/en-las-nubes\/queda-despedido-un-2020-lleno-de-contribucion-y-compromiso-entre-otras-cosas\/","url":"http:\/\/blogs.encamina.com\/en-las-nubes\/queda-despedido-un-2020-lleno-de-contribucion-y-compromiso-entre-otras-cosas\/","name":"Queda despedido un 2020 lleno de contribuci\u00f3n y compromiso, entre otras cosas | ENCAMINA","isPartOf":{"@id":"https:\/\/blogs.encamina.com\/en-las-nubes\/#website"},"primaryImageOfPage":{"@id":"http:\/\/blogs.encamina.com\/en-las-nubes\/queda-despedido-un-2020-lleno-de-contribucion-y-compromiso-entre-otras-cosas\/#primaryimage"},"image":{"@id":"http:\/\/blogs.encamina.com\/en-las-nubes\/queda-despedido-un-2020-lleno-de-contribucion-y-compromiso-entre-otras-cosas\/#primaryimage"},"thumbnailUrl":"https:\/\/blogs.encamina.com\/en-las-nubes\/wp-content\/uploads\/sites\/9\/2021\/01\/Memoria-Social-2020-ENCAMIAN.png","datePublished":"2021-02-05T10:17:33+00:00","author":{"@id":"https:\/\/blogs.encamina.com\/en-las-nubes\/#\/schema\/person\/e04b6380b3883961698c77c224fe8a71"},"description":"El a\u00f1o 2020 no pude celebrar mi 50 cumplea\u00f1os como me hubiera gustado, ni tampoco pudimos celebrar el 20\u00ba Aniversario de ENCAMINA como nos merec\u00edamos, pero esto es irrisorio comparado con todo lo que el mundo, la sociedad, las personas y la econom\u00eda han vivido y sacrificado.","inLanguage":"es","potentialAction":[{"@type":"ReadAction","target":["http:\/\/blogs.encamina.com\/en-las-nubes\/queda-despedido-un-2020-lleno-de-contribucion-y-compromiso-entre-otras-cosas\/"]}]},{"@type":"ImageObject","inLanguage":"es","@id":"http:\/\/blogs.encamina.com\/en-las-nubes\/queda-despedido-un-2020-lleno-de-contribucion-y-compromiso-entre-otras-cosas\/#primaryimage","url":"https:\/\/blogs.encamina.com\/en-las-nubes\/wp-content\/uploads\/sites\/9\/2021\/01\/Memoria-Social-2020-ENCAMIAN.png","contentUrl":"https:\/\/blogs.encamina.com\/en-las-nubes\/wp-content\/uploads\/sites\/9\/2021\/01\/Memoria-Social-2020-ENCAMIAN.png","width":1196,"height":690},{"@type":"WebSite","@id":"https:\/\/blogs.encamina.com\/en-las-nubes\/#website","url":"https:\/\/blogs.encamina.com\/en-las-nubes\/","name":"Con la cabeza en las nubes y los pies en el suelo","description":"El proyecto empresarial necesita visi\u00f3n, pasi\u00f3n y un sue\u00f1o al final del camino, pero tambi\u00e9n hay que pisar tierra con paso firme y recuperarse de tropiezos m\u00e1s bien poco divinos.","potentialAction":[{"@type":"SearchAction","target":{"@type":"EntryPoint","urlTemplate":"https:\/\/blogs.encamina.com\/en-las-nubes\/?s={search_term_string}"},"query-input":{"@type":"PropertyValueSpecification","valueRequired":true,"valueName":"search_term_string"}}],"inLanguage":"es"},{"@type":"Person","@id":"https:\/\/blogs.encamina.com\/en-las-nubes\/#\/schema\/person\/e04b6380b3883961698c77c224fe8a71","name":"Hugo de Juan","image":{"@type":"ImageObject","inLanguage":"es","@id":"https:\/\/secure.gravatar.com\/avatar\/7fe31b0215c170423f206c68fc4e1bcf7aa67c86c534efa59f0b3c5e4b643bc5?s=96&d=mm&r=g","url":"https:\/\/secure.gravatar.com\/avatar\/7fe31b0215c170423f206c68fc4e1bcf7aa67c86c534efa59f0b3c5e4b643bc5?s=96&d=mm&r=g","contentUrl":"https:\/\/secure.gravatar.com\/avatar\/7fe31b0215c170423f206c68fc4e1bcf7aa67c86c534efa59f0b3c5e4b643bc5?s=96&d=mm&r=g","caption":"Hugo de Juan"},"description":"Ingeniero de Telecomunicaci\u00f3n en mis inicios, pas\u00e9 al lado m\u00e1s colorido del negocio con un master en Marketing y posteriormente con un Executive MBA. Hoy CEO en ENCAMINA, socio director en ENTRESISTEMAS, profesor postgrado en ESIC Marketing &amp; Business School, so\u00f1ador, eterno aprendiz y Doctor Ingeniero en econom\u00eda digital. Me va el marketing, la tecnolog\u00eda, mi familia, los amigos y la vida buena, incluso m\u00e1s que la buena vida.","url":"https:\/\/blogs.encamina.com\/en-las-nubes\/author\/admin\/"}]}},"_links":{"self":[{"href":"https:\/\/blogs.encamina.com\/en-las-nubes\/wp-json\/wp\/v2\/posts\/2232","targetHints":{"allow":["GET"]}}],"collection":[{"href":"https:\/\/blogs.encamina.com\/en-las-nubes\/wp-json\/wp\/v2\/posts"}],"about":[{"href":"https:\/\/blogs.encamina.com\/en-las-nubes\/wp-json\/wp\/v2\/types\/post"}],"author":[{"embeddable":true,"href":"https:\/\/blogs.encamina.com\/en-las-nubes\/wp-json\/wp\/v2\/users\/1"}],"replies":[{"embeddable":true,"href":"https:\/\/blogs.encamina.com\/en-las-nubes\/wp-json\/wp\/v2\/comments?post=2232"}],"version-history":[{"count":0,"href":"https:\/\/blogs.encamina.com\/en-las-nubes\/wp-json\/wp\/v2\/posts\/2232\/revisions"}],"wp:featuredmedia":[{"embeddable":true,"href":"https:\/\/blogs.encamina.com\/en-las-nubes\/wp-json\/wp\/v2\/media\/2243"}],"wp:attachment":[{"href":"https:\/\/blogs.encamina.com\/en-las-nubes\/wp-json\/wp\/v2\/media?parent=2232"}],"wp:term":[{"taxonomy":"category","embeddable":true,"href":"https:\/\/blogs.encamina.com\/en-las-nubes\/wp-json\/wp\/v2\/categories?post=2232"},{"taxonomy":"post_tag","embeddable":true,"href":"https:\/\/blogs.encamina.com\/en-las-nubes\/wp-json\/wp\/v2\/tags?post=2232"}],"curies":[{"name":"wp","href":"https:\/\/api.w.org\/{rel}","templated":true}]}}