{"id":1921,"date":"2018-07-13T11:12:57","date_gmt":"2018-07-13T10:12:57","guid":{"rendered":"http:\/\/blogs.encamina.com\/en-las-nubes\/?p=1921"},"modified":"2018-07-31T08:21:14","modified_gmt":"2018-07-31T07:21:14","slug":"cerramos-un-curso-escolar-muy-bueno-en-encamina","status":"publish","type":"post","link":"https:\/\/blogs.encamina.com\/en-las-nubes\/cerramos-un-curso-escolar-muy-bueno-en-encamina\/","title":{"rendered":"Cerramos un curso escolar muy bueno en ENCAMINA"},"content":{"rendered":"<p>A m\u00ed me pasa que cuando alguien me pregunta \u201c\u00bfQu\u00e9 tal?\u201d o \u201c\u00bfC\u00f3mo est\u00e1s?\u201d me siento obligado a dar una respuesta precisa, aunque la pregunta fuera completamente protocolaria y sin ning\u00fan inter\u00e9s real por mi estado. Pues lo mismo me pasa cuando me preguntan \u201c\u00bfC\u00f3mo os va por <a href=\"http:\/\/www.encamina.com\" target=\"_blank\" rel=\"noopener\">ENCAMINA<\/a>? \u00bfQu\u00e9 tal va todo?\u201d\u2026 seguramente no interesa de verdad c\u00f3mo nos va, pero no haber preguntado \ud83d\ude42<\/p>\n<p><img loading=\"lazy\" decoding=\"async\" class=\"aligncenter size-full wp-image-1924\" src=\"http:\/\/blogs.encamina.com\/en-las-nubes\/wp-content\/uploads\/sites\/9\/2018\/07\/como_va.png\" alt=\"\" width=\"437\" height=\"236\" srcset=\"https:\/\/encaminablogs.wpenginepowered.com\/en-las-nubes\/wp-content\/uploads\/sites\/9\/2018\/07\/como_va.png 437w, https:\/\/encaminablogs.wpenginepowered.com\/en-las-nubes\/wp-content\/uploads\/sites\/9\/2018\/07\/como_va-300x162.png 300w\" sizes=\"auto, (max-width: 437px) 100vw, 437px\" \/><\/p>\n<p>El resto del post es para evitar que me preguntes por c\u00f3mo nos va en ENCAMINA al finalizar el curso 2017-18 (o c\u00f3mo dicen en Microsoft, al finalizar el Fiscal Year 2018). Y si lo haces te remitir\u00e9 a este post \ud83d\ude09<\/p>\n<h2><!--more--><\/h2>\n<h2>ENCAMINA ha aprobado el curso escolar con muy buena nota<\/h2>\n<p>Este curso escolar ha sido muy positivo para <a href=\"http:\/\/www.encamina.com\" target=\"_blank\" rel=\"noopener\">ENCAMINA<\/a>, con un <strong>25% de crecimiento<\/strong> en el volumen del equipo y un porcentaje mayor en crecimiento de talento total. Se han logrado <strong>39 nuevas competencias<\/strong> Microsoft, 3 nuevas competencias GOLD de Microsoft hasta llegar a las <strong>6 GOLD y 2 SILVER<\/strong> actuales. El equipo t\u00e9cnico de ENCAMINA ha publicado m\u00e1s de<strong> 120 art\u00edculos<\/strong> sobre tecnolog\u00edas cloud, ha impartido <strong>15 webinars<\/strong> y m\u00e1s de <strong>50 charla<\/strong>s presenciales. Tambi\u00e9n <strong>ha desarrollado la comunidad<\/strong> t\u00e9cnica impulsando los colectivos e iniciativas como CATzure, ITPro,\u00a0TenerifeDev, CompartiMOSS\u00a0o la C\u00e1tedra Microsoft-ENCAMINA en la UPCT. Dentro de la pol\u00edtica de ENCAMINA\u00a0 de no \u201ctocar\u201d el talento de otros Partners hom\u00f3logos, ENCAMINA ha\u00a0 invertido en desarrollar<strong> programas para <a href=\"http:\/\/www.sumatutalento.com\/\">crear talento<\/a>,<\/strong> como el ERASMUS+, el\u00a0Fondo Social Europeo (FSE) a trav\u00e9s de Adecco Training, o los convenios con el COITCV, Tajamar, UPCT, UPV, EASD, ESIC y varios IES en los que se imparten ciclos de FPS. Siendo el desarrollo del talento TIC en la sociedad nuestra <strong>RSC<\/strong> desde hace 3 a\u00f1os, apostamos por la <strong>\u201cdiversidad \u00ab<\/strong>y con un plan de<strong> \u201cigualdad\u201d<\/strong> en activo.\u00a0A nivel de aportar valor a clientes, los casi<strong> 100 proyectos y servicios<\/strong> de este curso para la mediana y gran empresa han contribuido a una transformaci\u00f3n inteligente de estas organizaciones, con excelentes referencias y casos de \u00e9xito que incluso han tenido su reflejo a nivel mundial. Tambi\u00e9n ha habido logros en<strong> I+D+i,<\/strong> con proyectos en curso como <a href=\"https:\/\/www.encamina.com\/edurme-dynamics365-educacion-crm\/\" target=\"_blank\" rel=\"noopener\">EDURME\/SOFIQUA<\/a>, <a href=\"https:\/\/www.encamina.com\/educacion\/#revise\" target=\"_blank\" rel=\"noopener\">SIDIMEC\/REVISE<\/a> o <a href=\"https:\/\/www.encamina.com\/smartbot\/\" target=\"_blank\" rel=\"noopener\">SMARBOT<\/a> e <strong>innovaci\u00f3n<\/strong> a nivel de procesos, con las nuevas experiencias WoW, incorporaci\u00f3n de m\u00e1s tecnolog\u00eda en la casa y m\u00e1s maduraci\u00f3n de metodolog\u00edas.<\/p>\n<p><img loading=\"lazy\" decoding=\"async\" class=\"aligncenter wp-image-1923\" src=\"http:\/\/blogs.encamina.com\/en-las-nubes\/wp-content\/uploads\/sites\/9\/2018\/07\/crecimiento.png\" alt=\"\" width=\"300\" height=\"430\" srcset=\"https:\/\/encaminablogs.wpenginepowered.com\/en-las-nubes\/wp-content\/uploads\/sites\/9\/2018\/07\/crecimiento.png 322w, https:\/\/encaminablogs.wpenginepowered.com\/en-las-nubes\/wp-content\/uploads\/sites\/9\/2018\/07\/crecimiento-209x300.png 209w\" sizes=\"auto, (max-width: 300px) 100vw, 300px\" \/><\/p>\n<p>Pero m\u00e1s all\u00e1 de una ristra de logros y un detalle imposible de listar porque se tratar\u00eda de resumir todo un a\u00f1o y el trabajo de casi 100 personas en un solo p\u00e1rrafo, me gustar\u00eda destacar la <strong>mucha energ\u00eda<\/strong> que se respira internamente en ENCAMINA hoy, el <strong>buen estado an\u00edmico<\/strong> y la<strong> fant\u00e1stica velocidad<\/strong> de crucero que llevamos, sin perder de vista nuestros valores, misi\u00f3n y prop\u00f3sito como empresa.<\/p>\n<h3>Tampoco es todo tan tan bueno<\/h3>\n<p>En el lado negativo, sin embargo, hay demasiado <strong>stress<\/strong> en algunas personas, se han creado <strong>fricciones y ciertos distanciamientos<\/strong> debido al crecimiento y velocidad, y tambi\u00e9n <strong>desajustes<\/strong> organizativos por una demanda muy creciente que debe resolverse a veces con m\u00e1s <strong>voluntarismo<\/strong> que capacidad. En esas condiciones el rendimiento no es \u00f3ptimo y finalmente<strong> los resultados personales y empresariales son mejorables.<\/strong><\/p>\n<p>Adem\u00e1s, nuestra necesaria transformaci\u00f3n a modelos de servicio m\u00e1s digitales, pasando por m\u00e1s servicios manejados, tambi\u00e9n lleva el retraso al que obliga que <strong>el cliente siempre tiene la prioridad<\/strong> y lo de casa tiende a quedar en segundo lugar.<\/p>\n<p>&nbsp;<\/p>\n<p><img loading=\"lazy\" decoding=\"async\" class=\"aligncenter wp-image-1930\" src=\"http:\/\/blogs.encamina.com\/en-las-nubes\/wp-content\/uploads\/sites\/9\/2018\/07\/bueno_malo.png\" alt=\"\" width=\"600\" height=\"591\" srcset=\"https:\/\/encaminablogs.wpenginepowered.com\/en-las-nubes\/wp-content\/uploads\/sites\/9\/2018\/07\/bueno_malo.png 1157w, https:\/\/encaminablogs.wpenginepowered.com\/en-las-nubes\/wp-content\/uploads\/sites\/9\/2018\/07\/bueno_malo-300x295.png 300w, https:\/\/encaminablogs.wpenginepowered.com\/en-las-nubes\/wp-content\/uploads\/sites\/9\/2018\/07\/bueno_malo-768x756.png 768w, https:\/\/encaminablogs.wpenginepowered.com\/en-las-nubes\/wp-content\/uploads\/sites\/9\/2018\/07\/bueno_malo-1024x1008.png 1024w\" sizes=\"auto, (max-width: 600px) 100vw, 600px\" \/><\/p>\n<h2>\u00bfPor qu\u00e9 van las cosas viento en popa en ENCAMINA?<\/h2>\n<p>Primero, porque estamos viviendo un momento de<strong> reactivaci\u00f3n econ\u00f3mica<\/strong> donde la tecnolog\u00eda es el epicentro de la necesaria transformaci\u00f3n de las organizaciones y los que estamos en ese mundo nos movemos con el <strong>viento a favor<\/strong>, logrando resultados positivos, aunque no lo hagamos ni regular.<\/p>\n<p>Y en segundo lugar, porque todo el equipo, desde la Direcci\u00f3n hasta los \u00faltimos incorporados al <strong>#encateam<\/strong> est\u00e1n poniendo mucho y muy bueno de su parte. Me vienen a la cabeza muchos nombres de compa\u00f1er@s (muchos, no solo el de los m\u00e1s visibles) que han estado haciendo<strong> un trabajo excepcional, contra viento y marea<\/strong>. Ese buen trabajo, en <strong>equipo<\/strong>, lleno de <strong>compromiso y pasi\u00f3n<\/strong>, con la necesaria <strong>flexibilidad e iniciativa<\/strong> y un toque de <strong>creatividad<\/strong>, es la clave de un curso 2017-18 aprobado con buena nota.<\/p>\n<p>Opino que (aunque quede mucho margen de mejora y mucho m\u00e1s de transformaci\u00f3n) en ENCAMINA hemos hecho muchas cosas bien este curso y podemos sentirnos MUY <strong>ORGULLOSOS de lo que hemos logrado entre todos.<\/strong><\/p>\n<h2>\u00bfY cu\u00e1les son nuestros retos cuando las cosas van bien?<\/h2>\n<p>Pues justo este verano toca revisi\u00f3n del actual plan estrat\u00e9gico, y tendremos reorganizaci\u00f3n, nuevo offering y posicionamiento, reestructuraci\u00f3n, cambios y m\u00e1s cambios&#8230; Porque cuando las cosas van bien y hay buena salud, es el mejor momento para dise\u00f1ar y afrontar los cambios.<br \/>\nLo que seguro quedar\u00e1 permanente es nuestro prop\u00f3sito final como empresa:<\/p>\n<p><div id=\"attachment_1926\" style=\"width: 610px\" class=\"wp-caption aligncenter\"><img loading=\"lazy\" decoding=\"async\" aria-describedby=\"caption-attachment-1926\" class=\"wp-image-1926\" src=\"http:\/\/blogs.encamina.com\/en-las-nubes\/wp-content\/uploads\/sites\/9\/2018\/07\/proposito_ENCAMINA.png\" alt=\"\u201cCrecer personal y profesionalmente, inspirar y ayudar a otros, transformar a nuestros clientes y crear valor para el mundo.\u201d\" width=\"600\" height=\"568\" srcset=\"https:\/\/encaminablogs.wpenginepowered.com\/en-las-nubes\/wp-content\/uploads\/sites\/9\/2018\/07\/proposito_ENCAMINA.png 819w, https:\/\/encaminablogs.wpenginepowered.com\/en-las-nubes\/wp-content\/uploads\/sites\/9\/2018\/07\/proposito_ENCAMINA-300x284.png 300w, https:\/\/encaminablogs.wpenginepowered.com\/en-las-nubes\/wp-content\/uploads\/sites\/9\/2018\/07\/proposito_ENCAMINA-768x728.png 768w\" sizes=\"auto, (max-width: 600px) 100vw, 600px\" \/><p id=\"caption-attachment-1926\" class=\"wp-caption-text\">\u201cCrecer personal y profesionalmente, inspirar y ayudar a otros, transformar a nuestros clientes y crear valor para el mundo.\u201d<\/p><\/div><\/p>\n<p>&nbsp;<\/p>\n<p>&nbsp;<\/p>\n<p>&nbsp;<\/p>\n<p>&nbsp;<\/p>\n<!-- AddThis Advanced Settings generic via filter on the_content --><!-- AddThis Share Buttons generic via filter on the_content --><span class=\"et_bloom_bottom_trigger\"><\/span>","protected":false},"excerpt":{"rendered":"<p>A m\u00ed me pasa que cuando alguien me pregunta \u201c\u00bfQu\u00e9 tal?\u201d o \u201c\u00bfC\u00f3mo est\u00e1s?\u201d me siento obligado a dar una respuesta precisa, aunque la pregunta fuera completamente protocolaria y sin ning\u00fan inter\u00e9s real por mi estado. Pues lo mismo me &hellip; <a href=\"https:\/\/blogs.encamina.com\/en-las-nubes\/cerramos-un-curso-escolar-muy-bueno-en-encamina\/\">Continue reading <span class=\"meta-nav\">&rarr;<\/span><\/a><!-- AddThis Advanced Settings generic via filter on get_the_excerpt --><!-- AddThis Share Buttons generic via filter on get_the_excerpt --><\/p>\n","protected":false},"author":1,"featured_media":1926,"comment_status":"closed","ping_status":"closed","sticky":false,"template":"","format":"standard","meta":{"footnotes":""},"categories":[7,8],"tags":[114,147],"class_list":["post-1921","post","type-post","status-publish","format-standard","has-post-thumbnail","hentry","category-estrategia","category-reflexiones","tag-estrategia","tag-fin-de-curso"],"yoast_head":"<!-- This site is optimized with the Yoast SEO Premium plugin v18.2.1 (Yoast SEO v27.3) - https:\/\/yoast.com\/product\/yoast-seo-premium-wordpress\/ -->\n<title>Cerramos un curso escolar muy bueno en ENCAMINA - Con la cabeza en las nubes y los pies en el suelo<\/title>\n<meta name=\"robots\" content=\"index, follow, max-snippet:-1, max-image-preview:large, max-video-preview:-1\" \/>\n<link rel=\"canonical\" href=\"https:\/\/blogs.encamina.com\/en-las-nubes\/cerramos-un-curso-escolar-muy-bueno-en-encamina\/\" \/>\n<meta property=\"og:locale\" content=\"es_ES\" \/>\n<meta property=\"og:type\" content=\"article\" \/>\n<meta property=\"og:title\" content=\"Cerramos un curso escolar muy bueno en ENCAMINA\" \/>\n<meta property=\"og:description\" content=\"A m\u00ed me pasa que cuando alguien me pregunta \u201c\u00bfQu\u00e9 tal?\u201d o \u201c\u00bfC\u00f3mo est\u00e1s?\u201d me siento obligado a dar una respuesta precisa, aunque la pregunta fuera completamente protocolaria y sin ning\u00fan inter\u00e9s real por mi estado. Pues lo mismo me &hellip; Continue reading &rarr;\" \/>\n<meta property=\"og:url\" content=\"https:\/\/blogs.encamina.com\/en-las-nubes\/cerramos-un-curso-escolar-muy-bueno-en-encamina\/\" \/>\n<meta property=\"og:site_name\" content=\"Con la cabeza en las nubes y los pies en el suelo\" \/>\n<meta property=\"article:published_time\" content=\"2018-07-13T10:12:57+00:00\" \/>\n<meta property=\"article:modified_time\" content=\"2018-07-31T07:21:14+00:00\" \/>\n<meta property=\"og:image\" content=\"https:\/\/blogs.encamina.com\/en-las-nubes\/wp-content\/uploads\/sites\/9\/2018\/07\/proposito_ENCAMINA.png\" \/>\n\t<meta property=\"og:image:width\" content=\"819\" \/>\n\t<meta property=\"og:image:height\" content=\"776\" \/>\n\t<meta property=\"og:image:type\" content=\"image\/png\" \/>\n<meta name=\"author\" content=\"Hugo de Juan\" \/>\n<meta name=\"twitter:card\" content=\"summary_large_image\" \/>\n<meta name=\"twitter:label1\" content=\"Escrito por\" \/>\n\t<meta name=\"twitter:data1\" content=\"Hugo de Juan\" \/>\n\t<meta name=\"twitter:label2\" content=\"Tiempo de lectura\" \/>\n\t<meta name=\"twitter:data2\" content=\"4 minutos\" \/>\n<script type=\"application\/ld+json\" class=\"yoast-schema-graph\">{\"@context\":\"https:\\\/\\\/schema.org\",\"@graph\":[{\"@type\":\"Article\",\"@id\":\"https:\\\/\\\/blogs.encamina.com\\\/en-las-nubes\\\/cerramos-un-curso-escolar-muy-bueno-en-encamina\\\/#article\",\"isPartOf\":{\"@id\":\"https:\\\/\\\/blogs.encamina.com\\\/en-las-nubes\\\/cerramos-un-curso-escolar-muy-bueno-en-encamina\\\/\"},\"author\":{\"name\":\"Hugo de Juan\",\"@id\":\"https:\\\/\\\/blogs.encamina.com\\\/en-las-nubes\\\/#\\\/schema\\\/person\\\/e04b6380b3883961698c77c224fe8a71\"},\"headline\":\"Cerramos un curso escolar muy bueno en ENCAMINA\",\"datePublished\":\"2018-07-13T10:12:57+00:00\",\"dateModified\":\"2018-07-31T07:21:14+00:00\",\"mainEntityOfPage\":{\"@id\":\"https:\\\/\\\/blogs.encamina.com\\\/en-las-nubes\\\/cerramos-un-curso-escolar-muy-bueno-en-encamina\\\/\"},\"wordCount\":895,\"image\":{\"@id\":\"https:\\\/\\\/blogs.encamina.com\\\/en-las-nubes\\\/cerramos-un-curso-escolar-muy-bueno-en-encamina\\\/#primaryimage\"},\"thumbnailUrl\":\"https:\\\/\\\/blogs.encamina.com\\\/en-las-nubes\\\/wp-content\\\/uploads\\\/sites\\\/9\\\/2018\\\/07\\\/proposito_ENCAMINA.png\",\"keywords\":[\"estrategia\",\"fin de curso\"],\"articleSection\":[\"estrategia\",\"reflexiones\"],\"inLanguage\":\"es\"},{\"@type\":\"WebPage\",\"@id\":\"https:\\\/\\\/blogs.encamina.com\\\/en-las-nubes\\\/cerramos-un-curso-escolar-muy-bueno-en-encamina\\\/\",\"url\":\"https:\\\/\\\/blogs.encamina.com\\\/en-las-nubes\\\/cerramos-un-curso-escolar-muy-bueno-en-encamina\\\/\",\"name\":\"Cerramos un curso escolar muy bueno en ENCAMINA - Con la cabeza en las nubes y los pies en el suelo\",\"isPartOf\":{\"@id\":\"https:\\\/\\\/blogs.encamina.com\\\/en-las-nubes\\\/#website\"},\"primaryImageOfPage\":{\"@id\":\"https:\\\/\\\/blogs.encamina.com\\\/en-las-nubes\\\/cerramos-un-curso-escolar-muy-bueno-en-encamina\\\/#primaryimage\"},\"image\":{\"@id\":\"https:\\\/\\\/blogs.encamina.com\\\/en-las-nubes\\\/cerramos-un-curso-escolar-muy-bueno-en-encamina\\\/#primaryimage\"},\"thumbnailUrl\":\"https:\\\/\\\/blogs.encamina.com\\\/en-las-nubes\\\/wp-content\\\/uploads\\\/sites\\\/9\\\/2018\\\/07\\\/proposito_ENCAMINA.png\",\"datePublished\":\"2018-07-13T10:12:57+00:00\",\"dateModified\":\"2018-07-31T07:21:14+00:00\",\"author\":{\"@id\":\"https:\\\/\\\/blogs.encamina.com\\\/en-las-nubes\\\/#\\\/schema\\\/person\\\/e04b6380b3883961698c77c224fe8a71\"},\"inLanguage\":\"es\",\"potentialAction\":[{\"@type\":\"ReadAction\",\"target\":[\"https:\\\/\\\/blogs.encamina.com\\\/en-las-nubes\\\/cerramos-un-curso-escolar-muy-bueno-en-encamina\\\/\"]}]},{\"@type\":\"ImageObject\",\"inLanguage\":\"es\",\"@id\":\"https:\\\/\\\/blogs.encamina.com\\\/en-las-nubes\\\/cerramos-un-curso-escolar-muy-bueno-en-encamina\\\/#primaryimage\",\"url\":\"https:\\\/\\\/blogs.encamina.com\\\/en-las-nubes\\\/wp-content\\\/uploads\\\/sites\\\/9\\\/2018\\\/07\\\/proposito_ENCAMINA.png\",\"contentUrl\":\"https:\\\/\\\/blogs.encamina.com\\\/en-las-nubes\\\/wp-content\\\/uploads\\\/sites\\\/9\\\/2018\\\/07\\\/proposito_ENCAMINA.png\",\"width\":819,\"height\":776},{\"@type\":\"WebSite\",\"@id\":\"https:\\\/\\\/blogs.encamina.com\\\/en-las-nubes\\\/#website\",\"url\":\"https:\\\/\\\/blogs.encamina.com\\\/en-las-nubes\\\/\",\"name\":\"Con la cabeza en las nubes y los pies en el suelo\",\"description\":\"El proyecto empresarial necesita visi\u00f3n, pasi\u00f3n y un sue\u00f1o al final del camino, pero tambi\u00e9n hay que pisar tierra con paso firme y recuperarse de tropiezos m\u00e1s bien poco divinos.\",\"potentialAction\":[{\"@type\":\"SearchAction\",\"target\":{\"@type\":\"EntryPoint\",\"urlTemplate\":\"https:\\\/\\\/blogs.encamina.com\\\/en-las-nubes\\\/?s={search_term_string}\"},\"query-input\":{\"@type\":\"PropertyValueSpecification\",\"valueRequired\":true,\"valueName\":\"search_term_string\"}}],\"inLanguage\":\"es\"},{\"@type\":\"Person\",\"@id\":\"https:\\\/\\\/blogs.encamina.com\\\/en-las-nubes\\\/#\\\/schema\\\/person\\\/e04b6380b3883961698c77c224fe8a71\",\"name\":\"Hugo de Juan\",\"image\":{\"@type\":\"ImageObject\",\"inLanguage\":\"es\",\"@id\":\"https:\\\/\\\/secure.gravatar.com\\\/avatar\\\/7fe31b0215c170423f206c68fc4e1bcf7aa67c86c534efa59f0b3c5e4b643bc5?s=96&d=mm&r=g\",\"url\":\"https:\\\/\\\/secure.gravatar.com\\\/avatar\\\/7fe31b0215c170423f206c68fc4e1bcf7aa67c86c534efa59f0b3c5e4b643bc5?s=96&d=mm&r=g\",\"contentUrl\":\"https:\\\/\\\/secure.gravatar.com\\\/avatar\\\/7fe31b0215c170423f206c68fc4e1bcf7aa67c86c534efa59f0b3c5e4b643bc5?s=96&d=mm&r=g\",\"caption\":\"Hugo de Juan\"},\"description\":\"Ingeniero de Telecomunicaci\u00f3n en mis inicios, pas\u00e9 al lado m\u00e1s colorido del negocio con un master en Marketing y posteriormente con un Executive MBA. Hoy CEO en ENCAMINA, socio director en ENTRESISTEMAS, profesor postgrado en ESIC Marketing &amp; Business School, so\u00f1ador, eterno aprendiz y Doctor Ingeniero en econom\u00eda digital. Me va el marketing, la tecnolog\u00eda, mi familia, los amigos y la vida buena, incluso m\u00e1s que la buena vida.\",\"url\":\"https:\\\/\\\/blogs.encamina.com\\\/en-las-nubes\\\/author\\\/admin\\\/\"}]}<\/script>\n<!-- \/ Yoast SEO Premium plugin. -->","yoast_head_json":{"title":"Cerramos un curso escolar muy bueno en ENCAMINA - Con la cabeza en las nubes y los pies en el suelo","robots":{"index":"index","follow":"follow","max-snippet":"max-snippet:-1","max-image-preview":"max-image-preview:large","max-video-preview":"max-video-preview:-1"},"canonical":"https:\/\/blogs.encamina.com\/en-las-nubes\/cerramos-un-curso-escolar-muy-bueno-en-encamina\/","og_locale":"es_ES","og_type":"article","og_title":"Cerramos un curso escolar muy bueno en ENCAMINA","og_description":"A m\u00ed me pasa que cuando alguien me pregunta \u201c\u00bfQu\u00e9 tal?\u201d o \u201c\u00bfC\u00f3mo est\u00e1s?\u201d me siento obligado a dar una respuesta precisa, aunque la pregunta fuera completamente protocolaria y sin ning\u00fan inter\u00e9s real por mi estado. Pues lo mismo me &hellip; Continue reading &rarr;","og_url":"https:\/\/blogs.encamina.com\/en-las-nubes\/cerramos-un-curso-escolar-muy-bueno-en-encamina\/","og_site_name":"Con la cabeza en las nubes y los pies en el suelo","article_published_time":"2018-07-13T10:12:57+00:00","article_modified_time":"2018-07-31T07:21:14+00:00","og_image":[{"width":819,"height":776,"url":"https:\/\/blogs.encamina.com\/en-las-nubes\/wp-content\/uploads\/sites\/9\/2018\/07\/proposito_ENCAMINA.png","type":"image\/png"}],"author":"Hugo de Juan","twitter_card":"summary_large_image","twitter_misc":{"Escrito por":"Hugo de Juan","Tiempo de lectura":"4 minutos"},"schema":{"@context":"https:\/\/schema.org","@graph":[{"@type":"Article","@id":"https:\/\/blogs.encamina.com\/en-las-nubes\/cerramos-un-curso-escolar-muy-bueno-en-encamina\/#article","isPartOf":{"@id":"https:\/\/blogs.encamina.com\/en-las-nubes\/cerramos-un-curso-escolar-muy-bueno-en-encamina\/"},"author":{"name":"Hugo de Juan","@id":"https:\/\/blogs.encamina.com\/en-las-nubes\/#\/schema\/person\/e04b6380b3883961698c77c224fe8a71"},"headline":"Cerramos un curso escolar muy bueno en ENCAMINA","datePublished":"2018-07-13T10:12:57+00:00","dateModified":"2018-07-31T07:21:14+00:00","mainEntityOfPage":{"@id":"https:\/\/blogs.encamina.com\/en-las-nubes\/cerramos-un-curso-escolar-muy-bueno-en-encamina\/"},"wordCount":895,"image":{"@id":"https:\/\/blogs.encamina.com\/en-las-nubes\/cerramos-un-curso-escolar-muy-bueno-en-encamina\/#primaryimage"},"thumbnailUrl":"https:\/\/blogs.encamina.com\/en-las-nubes\/wp-content\/uploads\/sites\/9\/2018\/07\/proposito_ENCAMINA.png","keywords":["estrategia","fin de curso"],"articleSection":["estrategia","reflexiones"],"inLanguage":"es"},{"@type":"WebPage","@id":"https:\/\/blogs.encamina.com\/en-las-nubes\/cerramos-un-curso-escolar-muy-bueno-en-encamina\/","url":"https:\/\/blogs.encamina.com\/en-las-nubes\/cerramos-un-curso-escolar-muy-bueno-en-encamina\/","name":"Cerramos un curso escolar muy bueno en ENCAMINA - Con la cabeza en las nubes y los pies en el suelo","isPartOf":{"@id":"https:\/\/blogs.encamina.com\/en-las-nubes\/#website"},"primaryImageOfPage":{"@id":"https:\/\/blogs.encamina.com\/en-las-nubes\/cerramos-un-curso-escolar-muy-bueno-en-encamina\/#primaryimage"},"image":{"@id":"https:\/\/blogs.encamina.com\/en-las-nubes\/cerramos-un-curso-escolar-muy-bueno-en-encamina\/#primaryimage"},"thumbnailUrl":"https:\/\/blogs.encamina.com\/en-las-nubes\/wp-content\/uploads\/sites\/9\/2018\/07\/proposito_ENCAMINA.png","datePublished":"2018-07-13T10:12:57+00:00","dateModified":"2018-07-31T07:21:14+00:00","author":{"@id":"https:\/\/blogs.encamina.com\/en-las-nubes\/#\/schema\/person\/e04b6380b3883961698c77c224fe8a71"},"inLanguage":"es","potentialAction":[{"@type":"ReadAction","target":["https:\/\/blogs.encamina.com\/en-las-nubes\/cerramos-un-curso-escolar-muy-bueno-en-encamina\/"]}]},{"@type":"ImageObject","inLanguage":"es","@id":"https:\/\/blogs.encamina.com\/en-las-nubes\/cerramos-un-curso-escolar-muy-bueno-en-encamina\/#primaryimage","url":"https:\/\/blogs.encamina.com\/en-las-nubes\/wp-content\/uploads\/sites\/9\/2018\/07\/proposito_ENCAMINA.png","contentUrl":"https:\/\/blogs.encamina.com\/en-las-nubes\/wp-content\/uploads\/sites\/9\/2018\/07\/proposito_ENCAMINA.png","width":819,"height":776},{"@type":"WebSite","@id":"https:\/\/blogs.encamina.com\/en-las-nubes\/#website","url":"https:\/\/blogs.encamina.com\/en-las-nubes\/","name":"Con la cabeza en las nubes y los pies en el suelo","description":"El proyecto empresarial necesita visi\u00f3n, pasi\u00f3n y un sue\u00f1o al final del camino, pero tambi\u00e9n hay que pisar tierra con paso firme y recuperarse de tropiezos m\u00e1s bien poco divinos.","potentialAction":[{"@type":"SearchAction","target":{"@type":"EntryPoint","urlTemplate":"https:\/\/blogs.encamina.com\/en-las-nubes\/?s={search_term_string}"},"query-input":{"@type":"PropertyValueSpecification","valueRequired":true,"valueName":"search_term_string"}}],"inLanguage":"es"},{"@type":"Person","@id":"https:\/\/blogs.encamina.com\/en-las-nubes\/#\/schema\/person\/e04b6380b3883961698c77c224fe8a71","name":"Hugo de Juan","image":{"@type":"ImageObject","inLanguage":"es","@id":"https:\/\/secure.gravatar.com\/avatar\/7fe31b0215c170423f206c68fc4e1bcf7aa67c86c534efa59f0b3c5e4b643bc5?s=96&d=mm&r=g","url":"https:\/\/secure.gravatar.com\/avatar\/7fe31b0215c170423f206c68fc4e1bcf7aa67c86c534efa59f0b3c5e4b643bc5?s=96&d=mm&r=g","contentUrl":"https:\/\/secure.gravatar.com\/avatar\/7fe31b0215c170423f206c68fc4e1bcf7aa67c86c534efa59f0b3c5e4b643bc5?s=96&d=mm&r=g","caption":"Hugo de Juan"},"description":"Ingeniero de Telecomunicaci\u00f3n en mis inicios, pas\u00e9 al lado m\u00e1s colorido del negocio con un master en Marketing y posteriormente con un Executive MBA. Hoy CEO en ENCAMINA, socio director en ENTRESISTEMAS, profesor postgrado en ESIC Marketing &amp; Business School, so\u00f1ador, eterno aprendiz y Doctor Ingeniero en econom\u00eda digital. Me va el marketing, la tecnolog\u00eda, mi familia, los amigos y la vida buena, incluso m\u00e1s que la buena vida.","url":"https:\/\/blogs.encamina.com\/en-las-nubes\/author\/admin\/"}]}},"_links":{"self":[{"href":"https:\/\/blogs.encamina.com\/en-las-nubes\/wp-json\/wp\/v2\/posts\/1921","targetHints":{"allow":["GET"]}}],"collection":[{"href":"https:\/\/blogs.encamina.com\/en-las-nubes\/wp-json\/wp\/v2\/posts"}],"about":[{"href":"https:\/\/blogs.encamina.com\/en-las-nubes\/wp-json\/wp\/v2\/types\/post"}],"author":[{"embeddable":true,"href":"https:\/\/blogs.encamina.com\/en-las-nubes\/wp-json\/wp\/v2\/users\/1"}],"replies":[{"embeddable":true,"href":"https:\/\/blogs.encamina.com\/en-las-nubes\/wp-json\/wp\/v2\/comments?post=1921"}],"version-history":[{"count":0,"href":"https:\/\/blogs.encamina.com\/en-las-nubes\/wp-json\/wp\/v2\/posts\/1921\/revisions"}],"wp:featuredmedia":[{"embeddable":true,"href":"https:\/\/blogs.encamina.com\/en-las-nubes\/wp-json\/wp\/v2\/media\/1926"}],"wp:attachment":[{"href":"https:\/\/blogs.encamina.com\/en-las-nubes\/wp-json\/wp\/v2\/media?parent=1921"}],"wp:term":[{"taxonomy":"category","embeddable":true,"href":"https:\/\/blogs.encamina.com\/en-las-nubes\/wp-json\/wp\/v2\/categories?post=1921"},{"taxonomy":"post_tag","embeddable":true,"href":"https:\/\/blogs.encamina.com\/en-las-nubes\/wp-json\/wp\/v2\/tags?post=1921"}],"curies":[{"name":"wp","href":"https:\/\/api.w.org\/{rel}","templated":true}]}}