{"id":191,"date":"2012-08-09T21:50:56","date_gmt":"2012-08-09T21:50:56","guid":{"rendered":"http:\/\/blogs.encamina.com\/en-las-nubes\/?p=191"},"modified":"2012-08-09T21:50:56","modified_gmt":"2012-08-09T21:50:56","slug":"sumar-fuerzas-para-multiplicar-resultados","status":"publish","type":"post","link":"https:\/\/blogs.encamina.com\/en-las-nubes\/sumar-fuerzas-para-multiplicar-resultados\/","title":{"rendered":"Sumar fuerzas para multiplicar resultados"},"content":{"rendered":"<p>Desde ENCAMINA hemos iniciado una alianza con <a href=\"http:\/\/www.ncora.com\/\">Ncora<\/a>, empresa especialista en sistemas Microsoft, infraestructuras y seguridad, parar sumar nuestras ofertas de productos y aunar nuestras capacidades de servicio para todo el territorio nacional, centrando la sede de esta alianza en la actuales oficinas de Ncora en Madrid.<\/p>\n<p>&nbsp;<\/p>\n<p style=\"text-align: center\"><a href=\"http:\/\/blogs.encamina.com\/en-las-nubes\/wp-content\/uploads\/sites\/9\/2012\/08\/logo_Ncora.png\"><img loading=\"lazy\" decoding=\"async\" class=\"size-full wp-image-192 aligncenter\" src=\"http:\/\/blogs.encamina.com\/en-las-nubes\/wp-content\/uploads\/sites\/9\/2012\/08\/logo_Ncora.png\" alt=\"\" width=\"150\" height=\"34\" \/><\/a><\/p>\n<p style=\"text-align: center\"><a href=\"http:\/\/blogs.encamina.com\/en-las-nubes\/wp-content\/uploads\/sites\/9\/2012\/08\/logo_encamina.png\"><img loading=\"lazy\" decoding=\"async\" class=\"size-full wp-image-193 aligncenter\" src=\"http:\/\/blogs.encamina.com\/en-las-nubes\/wp-content\/uploads\/sites\/9\/2012\/08\/logo_encamina.png\" alt=\"\" width=\"187\" height=\"53\" \/><\/a><\/p>\n<p>&nbsp;<\/p>\n<p>Con esta asociaci\u00f3n nos proponemos ser un equipo l\u00edder en soluciones de infraestructura y de negocio (sobre productos como VMWare, Exchange, SQL Server, SharePoint, Dynamics CRM, NINTEX, AvePoint, Veeam, Fortinet o Double-Take) para medianas y grandes empresas, desde la cercan\u00eda, el compromiso, la pasi\u00f3n y el ingenio.<\/p>\n<p>&nbsp;<\/p>\n<p>Esta alianza no es improvisada, ya que nuestra colaboraci\u00f3n tiene un hist\u00f3rico importante de \u00e9xitos en el pasado y dado que compartimos valores clave como la excelencia, la pasi\u00f3n, la responsabilidad o el trabajo equipo. Es importante tambi\u00e9n entender que no se trata de ninguna fusi\u00f3n o integraci\u00f3n (de hecho mantenemos total independencia jur\u00eddica, de capital, de las marcas, de direcci\u00f3n, de equipos, etc., con total libertad de acci\u00f3n propia en cualquier \u00e1mbito), sino una uni\u00f3n firme y honesta para:<\/p>\n<ul>\n<li>Abordar el mercado Madrid desde la vertiente o <strong>foco CIO\/tecnolog\u00eda <\/strong><\/li>\n<li>Compartir fuerza de ventas (en estos momentos en pleno desarrollo: <a href=\"http:\/\/www.sumatutalento.com\/index.php\/2012\/07\/buscamos-gerente-de-cuentas-en-madrid\/\">http:\/\/www.sumatutalento.com\/index.php\/2012\/07\/buscamos-gerente-de-cuentas-en-madrid\/<\/a>)<\/li>\n<li>Compartir nuestros procesos y sistemas <strong>CRM<\/strong><\/li>\n<li>Compartir recursos en <strong>Madrid<\/strong><\/li>\n<li>Establecer un modelo de <strong>venta cruzada<\/strong><\/li>\n<li>Compartir campa\u00f1as de <strong>Marketing<\/strong><\/li>\n<li>Colaborar en los <strong>proyectos<\/strong> que requieran de nuestros servicios cruzados.<\/li>\n<li>Compartir portfolio y completar nuestra <strong>oferta de servicios<\/strong>, que a partir de ahora se centrar\u00e1n en:<\/li>\n<ul>\n<li><strong>Consultor\u00eda integral en virtualizaci\u00f3n <\/strong><\/li>\n<li><strong>\u00a0Soluciones de continuidad de negocio, Seguridad, Back-up y Clusterizaci\u00f3n <\/strong><\/li>\n<li><strong>Ingenier\u00eda de sistemas Microsoft, infraestructuras y provisi\u00f3n a las soluciones de negocio <\/strong><\/li>\n<li><strong>Soluciones WEB, CRM, BPM, ECM y BI, con tecnolog\u00eda Microsoft, para grandes organizaciones<\/strong><\/li>\n<li><strong>Desarrollo software y arquitecturas .Net \u2022 Consultor\u00eda en infraestructuras y soluciones cloud para la empresa <\/strong><\/li>\n<li><strong>Formaci\u00f3n y mentoring IT <\/strong><\/li>\n<\/ul>\n<\/ul>\n<p>&nbsp;<\/p>\n<p>Desde ENCAMINA este tipo de alianzas lo vamos a ampliar y complementar en nuevas dimensiones tal como lo ten\u00edamos previsto en nuestro plan estrat\u00e9gico; y entendemos que, haci\u00e9ndolo bien, son <strong>un camino lleno de ganar-ganar-ganar<\/strong>, que es lo que m\u00e1s necesita nuestra sociedad en estos momentos.<\/p>\n<!-- AddThis Advanced Settings generic via filter on the_content --><!-- AddThis Share Buttons generic via filter on the_content --><span class=\"et_bloom_bottom_trigger\"><\/span>","protected":false},"excerpt":{"rendered":"<p>Desde ENCAMINA hemos iniciado una alianza con Ncora, empresa especialista en sistemas Microsoft, infraestructuras y seguridad, parar sumar nuestras ofertas de productos y aunar nuestras capacidades de servicio para todo el territorio nacional, centrando la sede de esta alianza en &hellip; <a href=\"https:\/\/blogs.encamina.com\/en-las-nubes\/sumar-fuerzas-para-multiplicar-resultados\/\">Continue reading <span class=\"meta-nav\">&rarr;<\/span><\/a><!-- AddThis Advanced Settings generic via filter on get_the_excerpt --><!-- AddThis Share Buttons generic via filter on get_the_excerpt --><\/p>\n","protected":false},"author":1,"featured_media":0,"comment_status":"open","ping_status":"open","sticky":false,"template":"","format":"standard","meta":{"footnotes":""},"categories":[2,7],"tags":[],"class_list":["post-191","post","type-post","status-publish","format-standard","hentry","category-alianzas","category-estrategia"],"yoast_head":"<!-- This site is optimized with the Yoast SEO Premium plugin v18.2.1 (Yoast SEO v27.3) - https:\/\/yoast.com\/product\/yoast-seo-premium-wordpress\/ -->\n<title>Sumar fuerzas para multiplicar resultados - Con la cabeza en las nubes y los pies en el suelo<\/title>\n<meta name=\"robots\" content=\"index, follow, max-snippet:-1, max-image-preview:large, max-video-preview:-1\" \/>\n<link rel=\"canonical\" href=\"https:\/\/blogs.encamina.com\/en-las-nubes\/sumar-fuerzas-para-multiplicar-resultados\/\" \/>\n<meta property=\"og:locale\" content=\"es_ES\" \/>\n<meta property=\"og:type\" content=\"article\" \/>\n<meta property=\"og:title\" content=\"Sumar fuerzas para multiplicar resultados\" \/>\n<meta property=\"og:description\" content=\"Desde ENCAMINA hemos iniciado una alianza con Ncora, empresa especialista en sistemas Microsoft, infraestructuras y seguridad, parar sumar nuestras ofertas de productos y aunar nuestras capacidades de servicio para todo el territorio nacional, centrando la sede de esta alianza en &hellip; Continue reading &rarr;\" \/>\n<meta property=\"og:url\" content=\"https:\/\/blogs.encamina.com\/en-las-nubes\/sumar-fuerzas-para-multiplicar-resultados\/\" \/>\n<meta property=\"og:site_name\" content=\"Con la cabeza en las nubes y los pies en el suelo\" \/>\n<meta property=\"article:published_time\" content=\"2012-08-09T21:50:56+00:00\" \/>\n<meta property=\"og:image\" content=\"http:\/\/blogs.encamina.com\/en-las-nubes\/wp-content\/uploads\/sites\/9\/2012\/08\/logo_Ncora.png\" \/>\n<meta name=\"author\" content=\"Hugo de Juan\" \/>\n<meta name=\"twitter:card\" content=\"summary_large_image\" \/>\n<meta name=\"twitter:label1\" content=\"Escrito por\" \/>\n\t<meta name=\"twitter:data1\" content=\"Hugo de Juan\" \/>\n\t<meta name=\"twitter:label2\" content=\"Tiempo de lectura\" \/>\n\t<meta name=\"twitter:data2\" content=\"2 minutos\" \/>\n<script type=\"application\/ld+json\" class=\"yoast-schema-graph\">{\"@context\":\"https:\\\/\\\/schema.org\",\"@graph\":[{\"@type\":\"Article\",\"@id\":\"https:\\\/\\\/blogs.encamina.com\\\/en-las-nubes\\\/sumar-fuerzas-para-multiplicar-resultados\\\/#article\",\"isPartOf\":{\"@id\":\"https:\\\/\\\/blogs.encamina.com\\\/en-las-nubes\\\/sumar-fuerzas-para-multiplicar-resultados\\\/\"},\"author\":{\"name\":\"Hugo de Juan\",\"@id\":\"https:\\\/\\\/blogs.encamina.com\\\/en-las-nubes\\\/#\\\/schema\\\/person\\\/e04b6380b3883961698c77c224fe8a71\"},\"headline\":\"Sumar fuerzas para multiplicar resultados\",\"datePublished\":\"2012-08-09T21:50:56+00:00\",\"mainEntityOfPage\":{\"@id\":\"https:\\\/\\\/blogs.encamina.com\\\/en-las-nubes\\\/sumar-fuerzas-para-multiplicar-resultados\\\/\"},\"wordCount\":388,\"commentCount\":0,\"image\":{\"@id\":\"https:\\\/\\\/blogs.encamina.com\\\/en-las-nubes\\\/sumar-fuerzas-para-multiplicar-resultados\\\/#primaryimage\"},\"thumbnailUrl\":\"http:\\\/\\\/blogs.encamina.com\\\/en-las-nubes\\\/wp-content\\\/uploads\\\/sites\\\/9\\\/2012\\\/08\\\/logo_Ncora.png\",\"articleSection\":[\"alianzas\",\"estrategia\"],\"inLanguage\":\"es\",\"potentialAction\":[{\"@type\":\"CommentAction\",\"name\":\"Comment\",\"target\":[\"https:\\\/\\\/blogs.encamina.com\\\/en-las-nubes\\\/sumar-fuerzas-para-multiplicar-resultados\\\/#respond\"]}]},{\"@type\":\"WebPage\",\"@id\":\"https:\\\/\\\/blogs.encamina.com\\\/en-las-nubes\\\/sumar-fuerzas-para-multiplicar-resultados\\\/\",\"url\":\"https:\\\/\\\/blogs.encamina.com\\\/en-las-nubes\\\/sumar-fuerzas-para-multiplicar-resultados\\\/\",\"name\":\"Sumar fuerzas para multiplicar resultados - Con la cabeza en las nubes y los pies en el suelo\",\"isPartOf\":{\"@id\":\"https:\\\/\\\/blogs.encamina.com\\\/en-las-nubes\\\/#website\"},\"primaryImageOfPage\":{\"@id\":\"https:\\\/\\\/blogs.encamina.com\\\/en-las-nubes\\\/sumar-fuerzas-para-multiplicar-resultados\\\/#primaryimage\"},\"image\":{\"@id\":\"https:\\\/\\\/blogs.encamina.com\\\/en-las-nubes\\\/sumar-fuerzas-para-multiplicar-resultados\\\/#primaryimage\"},\"thumbnailUrl\":\"http:\\\/\\\/blogs.encamina.com\\\/en-las-nubes\\\/wp-content\\\/uploads\\\/sites\\\/9\\\/2012\\\/08\\\/logo_Ncora.png\",\"datePublished\":\"2012-08-09T21:50:56+00:00\",\"author\":{\"@id\":\"https:\\\/\\\/blogs.encamina.com\\\/en-las-nubes\\\/#\\\/schema\\\/person\\\/e04b6380b3883961698c77c224fe8a71\"},\"inLanguage\":\"es\",\"potentialAction\":[{\"@type\":\"ReadAction\",\"target\":[\"https:\\\/\\\/blogs.encamina.com\\\/en-las-nubes\\\/sumar-fuerzas-para-multiplicar-resultados\\\/\"]}]},{\"@type\":\"ImageObject\",\"inLanguage\":\"es\",\"@id\":\"https:\\\/\\\/blogs.encamina.com\\\/en-las-nubes\\\/sumar-fuerzas-para-multiplicar-resultados\\\/#primaryimage\",\"url\":\"https:\\\/\\\/blogs.encamina.com\\\/en-las-nubes\\\/wp-content\\\/uploads\\\/sites\\\/9\\\/2012\\\/08\\\/logo_Ncora.png\",\"contentUrl\":\"https:\\\/\\\/blogs.encamina.com\\\/en-las-nubes\\\/wp-content\\\/uploads\\\/sites\\\/9\\\/2012\\\/08\\\/logo_Ncora.png\"},{\"@type\":\"WebSite\",\"@id\":\"https:\\\/\\\/blogs.encamina.com\\\/en-las-nubes\\\/#website\",\"url\":\"https:\\\/\\\/blogs.encamina.com\\\/en-las-nubes\\\/\",\"name\":\"Con la cabeza en las nubes y los pies en el suelo\",\"description\":\"El proyecto empresarial necesita visi\u00f3n, pasi\u00f3n y un sue\u00f1o al final del camino, pero tambi\u00e9n hay que pisar tierra con paso firme y recuperarse de tropiezos m\u00e1s bien poco divinos.\",\"potentialAction\":[{\"@type\":\"SearchAction\",\"target\":{\"@type\":\"EntryPoint\",\"urlTemplate\":\"https:\\\/\\\/blogs.encamina.com\\\/en-las-nubes\\\/?s={search_term_string}\"},\"query-input\":{\"@type\":\"PropertyValueSpecification\",\"valueRequired\":true,\"valueName\":\"search_term_string\"}}],\"inLanguage\":\"es\"},{\"@type\":\"Person\",\"@id\":\"https:\\\/\\\/blogs.encamina.com\\\/en-las-nubes\\\/#\\\/schema\\\/person\\\/e04b6380b3883961698c77c224fe8a71\",\"name\":\"Hugo de Juan\",\"image\":{\"@type\":\"ImageObject\",\"inLanguage\":\"es\",\"@id\":\"https:\\\/\\\/secure.gravatar.com\\\/avatar\\\/7fe31b0215c170423f206c68fc4e1bcf7aa67c86c534efa59f0b3c5e4b643bc5?s=96&d=mm&r=g\",\"url\":\"https:\\\/\\\/secure.gravatar.com\\\/avatar\\\/7fe31b0215c170423f206c68fc4e1bcf7aa67c86c534efa59f0b3c5e4b643bc5?s=96&d=mm&r=g\",\"contentUrl\":\"https:\\\/\\\/secure.gravatar.com\\\/avatar\\\/7fe31b0215c170423f206c68fc4e1bcf7aa67c86c534efa59f0b3c5e4b643bc5?s=96&d=mm&r=g\",\"caption\":\"Hugo de Juan\"},\"description\":\"Ingeniero de Telecomunicaci\u00f3n en mis inicios, pas\u00e9 al lado m\u00e1s colorido del negocio con un master en Marketing y posteriormente con un Executive MBA. Hoy CEO en ENCAMINA, socio director en ENTRESISTEMAS, profesor postgrado en ESIC Marketing &amp; Business School, so\u00f1ador, eterno aprendiz y Doctor Ingeniero en econom\u00eda digital. Me va el marketing, la tecnolog\u00eda, mi familia, los amigos y la vida buena, incluso m\u00e1s que la buena vida.\",\"url\":\"https:\\\/\\\/blogs.encamina.com\\\/en-las-nubes\\\/author\\\/admin\\\/\"}]}<\/script>\n<!-- \/ Yoast SEO Premium plugin. -->","yoast_head_json":{"title":"Sumar fuerzas para multiplicar resultados - Con la cabeza en las nubes y los pies en el suelo","robots":{"index":"index","follow":"follow","max-snippet":"max-snippet:-1","max-image-preview":"max-image-preview:large","max-video-preview":"max-video-preview:-1"},"canonical":"https:\/\/blogs.encamina.com\/en-las-nubes\/sumar-fuerzas-para-multiplicar-resultados\/","og_locale":"es_ES","og_type":"article","og_title":"Sumar fuerzas para multiplicar resultados","og_description":"Desde ENCAMINA hemos iniciado una alianza con Ncora, empresa especialista en sistemas Microsoft, infraestructuras y seguridad, parar sumar nuestras ofertas de productos y aunar nuestras capacidades de servicio para todo el territorio nacional, centrando la sede de esta alianza en &hellip; Continue reading &rarr;","og_url":"https:\/\/blogs.encamina.com\/en-las-nubes\/sumar-fuerzas-para-multiplicar-resultados\/","og_site_name":"Con la cabeza en las nubes y los pies en el suelo","article_published_time":"2012-08-09T21:50:56+00:00","og_image":[{"url":"http:\/\/blogs.encamina.com\/en-las-nubes\/wp-content\/uploads\/sites\/9\/2012\/08\/logo_Ncora.png","type":"","width":"","height":""}],"author":"Hugo de Juan","twitter_card":"summary_large_image","twitter_misc":{"Escrito por":"Hugo de Juan","Tiempo de lectura":"2 minutos"},"schema":{"@context":"https:\/\/schema.org","@graph":[{"@type":"Article","@id":"https:\/\/blogs.encamina.com\/en-las-nubes\/sumar-fuerzas-para-multiplicar-resultados\/#article","isPartOf":{"@id":"https:\/\/blogs.encamina.com\/en-las-nubes\/sumar-fuerzas-para-multiplicar-resultados\/"},"author":{"name":"Hugo de Juan","@id":"https:\/\/blogs.encamina.com\/en-las-nubes\/#\/schema\/person\/e04b6380b3883961698c77c224fe8a71"},"headline":"Sumar fuerzas para multiplicar resultados","datePublished":"2012-08-09T21:50:56+00:00","mainEntityOfPage":{"@id":"https:\/\/blogs.encamina.com\/en-las-nubes\/sumar-fuerzas-para-multiplicar-resultados\/"},"wordCount":388,"commentCount":0,"image":{"@id":"https:\/\/blogs.encamina.com\/en-las-nubes\/sumar-fuerzas-para-multiplicar-resultados\/#primaryimage"},"thumbnailUrl":"http:\/\/blogs.encamina.com\/en-las-nubes\/wp-content\/uploads\/sites\/9\/2012\/08\/logo_Ncora.png","articleSection":["alianzas","estrategia"],"inLanguage":"es","potentialAction":[{"@type":"CommentAction","name":"Comment","target":["https:\/\/blogs.encamina.com\/en-las-nubes\/sumar-fuerzas-para-multiplicar-resultados\/#respond"]}]},{"@type":"WebPage","@id":"https:\/\/blogs.encamina.com\/en-las-nubes\/sumar-fuerzas-para-multiplicar-resultados\/","url":"https:\/\/blogs.encamina.com\/en-las-nubes\/sumar-fuerzas-para-multiplicar-resultados\/","name":"Sumar fuerzas para multiplicar resultados - Con la cabeza en las nubes y los pies en el suelo","isPartOf":{"@id":"https:\/\/blogs.encamina.com\/en-las-nubes\/#website"},"primaryImageOfPage":{"@id":"https:\/\/blogs.encamina.com\/en-las-nubes\/sumar-fuerzas-para-multiplicar-resultados\/#primaryimage"},"image":{"@id":"https:\/\/blogs.encamina.com\/en-las-nubes\/sumar-fuerzas-para-multiplicar-resultados\/#primaryimage"},"thumbnailUrl":"http:\/\/blogs.encamina.com\/en-las-nubes\/wp-content\/uploads\/sites\/9\/2012\/08\/logo_Ncora.png","datePublished":"2012-08-09T21:50:56+00:00","author":{"@id":"https:\/\/blogs.encamina.com\/en-las-nubes\/#\/schema\/person\/e04b6380b3883961698c77c224fe8a71"},"inLanguage":"es","potentialAction":[{"@type":"ReadAction","target":["https:\/\/blogs.encamina.com\/en-las-nubes\/sumar-fuerzas-para-multiplicar-resultados\/"]}]},{"@type":"ImageObject","inLanguage":"es","@id":"https:\/\/blogs.encamina.com\/en-las-nubes\/sumar-fuerzas-para-multiplicar-resultados\/#primaryimage","url":"https:\/\/blogs.encamina.com\/en-las-nubes\/wp-content\/uploads\/sites\/9\/2012\/08\/logo_Ncora.png","contentUrl":"https:\/\/blogs.encamina.com\/en-las-nubes\/wp-content\/uploads\/sites\/9\/2012\/08\/logo_Ncora.png"},{"@type":"WebSite","@id":"https:\/\/blogs.encamina.com\/en-las-nubes\/#website","url":"https:\/\/blogs.encamina.com\/en-las-nubes\/","name":"Con la cabeza en las nubes y los pies en el suelo","description":"El proyecto empresarial necesita visi\u00f3n, pasi\u00f3n y un sue\u00f1o al final del camino, pero tambi\u00e9n hay que pisar tierra con paso firme y recuperarse de tropiezos m\u00e1s bien poco divinos.","potentialAction":[{"@type":"SearchAction","target":{"@type":"EntryPoint","urlTemplate":"https:\/\/blogs.encamina.com\/en-las-nubes\/?s={search_term_string}"},"query-input":{"@type":"PropertyValueSpecification","valueRequired":true,"valueName":"search_term_string"}}],"inLanguage":"es"},{"@type":"Person","@id":"https:\/\/blogs.encamina.com\/en-las-nubes\/#\/schema\/person\/e04b6380b3883961698c77c224fe8a71","name":"Hugo de Juan","image":{"@type":"ImageObject","inLanguage":"es","@id":"https:\/\/secure.gravatar.com\/avatar\/7fe31b0215c170423f206c68fc4e1bcf7aa67c86c534efa59f0b3c5e4b643bc5?s=96&d=mm&r=g","url":"https:\/\/secure.gravatar.com\/avatar\/7fe31b0215c170423f206c68fc4e1bcf7aa67c86c534efa59f0b3c5e4b643bc5?s=96&d=mm&r=g","contentUrl":"https:\/\/secure.gravatar.com\/avatar\/7fe31b0215c170423f206c68fc4e1bcf7aa67c86c534efa59f0b3c5e4b643bc5?s=96&d=mm&r=g","caption":"Hugo de Juan"},"description":"Ingeniero de Telecomunicaci\u00f3n en mis inicios, pas\u00e9 al lado m\u00e1s colorido del negocio con un master en Marketing y posteriormente con un Executive MBA. Hoy CEO en ENCAMINA, socio director en ENTRESISTEMAS, profesor postgrado en ESIC Marketing &amp; Business School, so\u00f1ador, eterno aprendiz y Doctor Ingeniero en econom\u00eda digital. Me va el marketing, la tecnolog\u00eda, mi familia, los amigos y la vida buena, incluso m\u00e1s que la buena vida.","url":"https:\/\/blogs.encamina.com\/en-las-nubes\/author\/admin\/"}]}},"_links":{"self":[{"href":"https:\/\/blogs.encamina.com\/en-las-nubes\/wp-json\/wp\/v2\/posts\/191","targetHints":{"allow":["GET"]}}],"collection":[{"href":"https:\/\/blogs.encamina.com\/en-las-nubes\/wp-json\/wp\/v2\/posts"}],"about":[{"href":"https:\/\/blogs.encamina.com\/en-las-nubes\/wp-json\/wp\/v2\/types\/post"}],"author":[{"embeddable":true,"href":"https:\/\/blogs.encamina.com\/en-las-nubes\/wp-json\/wp\/v2\/users\/1"}],"replies":[{"embeddable":true,"href":"https:\/\/blogs.encamina.com\/en-las-nubes\/wp-json\/wp\/v2\/comments?post=191"}],"version-history":[{"count":0,"href":"https:\/\/blogs.encamina.com\/en-las-nubes\/wp-json\/wp\/v2\/posts\/191\/revisions"}],"wp:attachment":[{"href":"https:\/\/blogs.encamina.com\/en-las-nubes\/wp-json\/wp\/v2\/media?parent=191"}],"wp:term":[{"taxonomy":"category","embeddable":true,"href":"https:\/\/blogs.encamina.com\/en-las-nubes\/wp-json\/wp\/v2\/categories?post=191"},{"taxonomy":"post_tag","embeddable":true,"href":"https:\/\/blogs.encamina.com\/en-las-nubes\/wp-json\/wp\/v2\/tags?post=191"}],"curies":[{"name":"wp","href":"https:\/\/api.w.org\/{rel}","templated":true}]}}