{"id":188,"date":"2012-07-23T06:43:48","date_gmt":"2012-07-23T06:43:48","guid":{"rendered":"http:\/\/blogs.encamina.com\/en-las-nubes\/?p=188"},"modified":"2012-07-23T06:43:48","modified_gmt":"2012-07-23T06:43:48","slug":"a-colacion-de-la-crisis-que-nos-ha-tocado-vivir-y-la-excelencia-necesaria","status":"publish","type":"post","link":"https:\/\/blogs.encamina.com\/en-las-nubes\/a-colacion-de-la-crisis-que-nos-ha-tocado-vivir-y-la-excelencia-necesaria\/","title":{"rendered":"A colaci\u00f3n de la crisis que nos ha tocado vivir y la excelencia necesaria."},"content":{"rendered":"<p>Hace unas semanas me lleg\u00f3 un texto interesante, dentro de un correo de esos con centenares de personas en el CC, supuestamente firmado por el prestigioso <a href=\"http:\/\/es.wikipedia.org\/wiki\/Forges\" target=\"_blank\">Forges\u00a0<\/a>\u00a0<em>(<span style=\"color: #ff6600\">en 27\/08\/2012 confirmo que se trata de una falsa atribuci\u00f3n de autor\u00eda de la que Forges est\u00e1\u00a0harto de desvincularse y de la que su autor no termina alucinar\u00a0<a href=\"http:\/\/davidjimenezblog.com\/2012\/07\/25\/el-articulo-que-crei-haber-escrito\/\"><span style=\"color: #ff6600\">http:\/\/davidjimenezblog.com\/2012\/07\/25\/el-articulo-que-crei-haber-escrito\/<\/span><\/a><\/span>\u00a0).<\/em><br \/>\nEl formato y origen del correo me hacen dudar de la autenticidad de la magna autor\u00eda atribuida (<span style=\"color: #ff6600\"><em>\u00a1y tanto!<\/em><\/span>), pero vert\u00eda algunas dolorosas e interesantes opiniones con las yo <span style=\"text-decoration: underline\">personalmente<\/span> estoy muy alineado como ciudadano de este pa\u00eds que nos ha tocado sacar adelante.<\/p>\n<p>Reflexiona (supuestamente) <a href=\"http:\/\/es.wikipedia.org\/wiki\/Forges\" target=\"_blank\">Forges <\/a>\u00a0(<span style=\"color: #ff6600\">realmente lo hace <a href=\"http:\/\/davidjimenezblog.com\/about\/\"><span style=\"color: #ff6600\">David Jim\u00e9nez<\/span><\/a><\/span>) diciendo:<\/p>\n<p><em>\u00abQuiz\u00e1 ha llegado la hora de aceptar que nuestra crisis es m\u00e1s que econ\u00f3mica, va m\u00e1s all\u00e1 de estos o aquellos pol\u00edticos, de la codicia de los banqueros o la prima de riesgo.<\/em><br \/>\n<em>Asumir que nuestros problemas no se terminar\u00e1n cambiando a un partido por otro, con otra bater\u00eda de medidas urgentes o una huelga general.<\/em><br \/>\n<em>Reconocer que el principal problema de Espa\u00f1a no es Grecia, el euro o la se\u00f1ora Merkel.<\/em><\/p>\n<p><em>Admitir, para tratar de corregirlo, que nos hemos convertido en un pa\u00eds mediocre. Ning\u00fan pa\u00eds alcanza semejante condici\u00f3n de la noche a la ma\u00f1ana. Tampoco en tres o cuatro a\u00f1os. Es el resultado de una cadena que comienza en la escuela y termina en la clase dirigente.<\/em><\/p>\n<p><em>Hemos creado una cultura en la que los mediocres son los alumnos m\u00e1s populares en el colegio, los primeros en ser ascendidos en la oficina, los que m\u00e1s se hacen escuchar en los medios de comunicaci\u00f3n y a los \u00fanicos que votamos en las elecciones, sin importar lo que hagan. Porque son de los nuestros.<\/em><\/p>\n<p><em>Estamos tan acostumbrados a nuestra mediocridad que hemos terminado por aceptarla como el estado natural de las cosas. Sus excepciones, casi siempre reducidas al deporte, nos sirven para negar la evidencia.<\/em><\/p>\n<p><em>Mediocre es un pa\u00eds donde sus habitantes pasan una media de 134 minutos al d\u00eda frente a un televisor que muestra principalmente basura.<\/em><br \/>\n<em>Mediocre es un pa\u00eds que en toda la democracia no ha dado un presidente que hablara ingl\u00e9s o tuviera m\u00ednimos conocimientos sobre pol\u00edtica internacional.<\/em><br \/>\n<em>Mediocre es el \u00fanico pa\u00eds del mundo que, en su sectarismo rancio, ha conseguido dividir incluso a las asociaciones de v\u00edctimas del terrorismo.<\/em><br \/>\n<em>Mediocre es un pa\u00eds que ha reformado su sistema educativo trece veces en tres d\u00e9cadas hasta situar a sus estudiantes a la cola del mundo desarrollado.<\/em><br \/>\n<em>Mediocre es un pa\u00eds que no tiene una sola universidad entre las 150 mejores del mundo y fuerza a sus mejores investigadores a exiliarse para sobrevivir.<\/em><br \/>\n<em>Mediocre es un pa\u00eds con una cuarta parte de su poblaci\u00f3n en paro que sin embargo encuentra m\u00e1s motivos para indignarse cuando los gui\u00f1oles de un pa\u00eds vecino bromean sobre sus deportistas.<\/em><br \/>\n<em>Es mediocre un pa\u00eds donde la brillantez del otro provoca recelo, la creatividad es marginada -cuando no robada impunemente- y la independencia sancionada.<\/em><br \/>\n<em>Un pa\u00eds que ha hecho de la mediocridad la gran aspiraci\u00f3n nacional, perseguida sin complejos por esos miles de j\u00f3venes que buscan ocupar la pr\u00f3xima plaza en el concurso Gran Hermano, por pol\u00edticos que se insultan sin aportar una idea, por jefes que se rodean de mediocres para disimular su propia mediocridad y por estudiantes que ridiculizan al compa\u00f1ero que se esfuerza.<\/em><br \/>\n<em>Mediocre es un pa\u00eds que ha permitido fomentado celebrado el triunfo de los mediocres, arrinconando la excelencia hasta dejarle dos opciones: marcharse o dejarse engullir por la imparable marea gris de la mediocridad.\u00bb<\/em><\/p>\n<p>Visto as\u00ed no parece que haya soluciones a corto plazo para nuestra grave crisis, pero s\u00ed hay una receta que debemos aplicar inmediatamente en primer lugar y fundamentalmente sobre cada uno de nosotros y luego exigirla a los dem\u00e1s: <strong>ser excelentes<\/strong>; asumir nuestra responsabilidad de forma cr\u00edtica sin culpar ni justificarnos en los dem\u00e1s, y buscar la excelencia en nuestro d\u00eda a d\u00eda, en cada objetivo, en cada decisi\u00f3n, en cada tarea.<\/p>\n<p>Todos, antes de protestar\u00a0 y reclamar lo nuestro, debemos exigirnos la excelencia a nosotros mismos y luego exigirla a nuestros dirigentes, a nuestros vecinos, a nuestros compa\u00f1eros, a nuestros jefes, a nuestros hijos y disc\u00edpulos, a todos&#8230;y as\u00ed podremos aspirar a tener un Gobierno excelente,\u00a0y una Administraci\u00f3n P\u00fablica excelente,\u00a0y una Justicia excelente,\u00a0y empresas excelentes,\u00a0y escuelas excelentes, y una Sanidad excelente, etc., etc.<\/p>\n<p>No hay peor condena en estos momentos que reconocer que tenemos lo que nos merecemos. Pero es una condena de la que nosotros mismos podemos librarnos, conmut\u00e1ndola por esfuerzo y superaci\u00f3n personal.<\/p>\n<p>&nbsp;<\/p>\n<p>&nbsp;<\/p>\n<p><span style=\"color: #ff6600\">((*) 27\/08\/2012) Mis disculpas a <a href=\"http:\/\/davidjimenezblog.com\/about\/\"><span style=\"color: #ff6600\">David Jim\u00e9nez<\/span><\/a> y a Forges por liarme con sus autor\u00edas (al igual que centerales de otros blogeros&#8230;))<\/span><\/p>\n<!-- AddThis Advanced Settings generic via filter on the_content --><!-- AddThis Share Buttons generic via filter on the_content --><span class=\"et_bloom_bottom_trigger\"><\/span>","protected":false},"excerpt":{"rendered":"<p>Hace unas semanas me lleg\u00f3 un texto interesante, dentro de un correo de esos con centenares de personas en el CC, supuestamente firmado por el prestigioso Forges\u00a0\u00a0(en 27\/08\/2012 confirmo que se trata de una falsa atribuci\u00f3n de autor\u00eda de la &hellip; <a href=\"https:\/\/blogs.encamina.com\/en-las-nubes\/a-colacion-de-la-crisis-que-nos-ha-tocado-vivir-y-la-excelencia-necesaria\/\">Continue reading <span class=\"meta-nav\">&rarr;<\/span><\/a><!-- AddThis Advanced Settings generic via filter on get_the_excerpt --><!-- AddThis Share Buttons generic via filter on get_the_excerpt --><\/p>\n","protected":false},"author":1,"featured_media":0,"comment_status":"open","ping_status":"open","sticky":false,"template":"","format":"standard","meta":{"footnotes":""},"categories":[5,9],"tags":[],"class_list":["post-188","post","type-post","status-publish","format-standard","hentry","category-crisis","category-vida"],"yoast_head":"<!-- This site is optimized with the Yoast SEO Premium plugin v18.2.1 (Yoast SEO v27.3) - https:\/\/yoast.com\/product\/yoast-seo-premium-wordpress\/ -->\n<title>A colaci\u00f3n de la crisis que nos ha tocado vivir y la excelencia necesaria. - Con la cabeza en las nubes y los pies en el suelo<\/title>\n<meta name=\"robots\" content=\"index, follow, max-snippet:-1, max-image-preview:large, max-video-preview:-1\" \/>\n<link rel=\"canonical\" href=\"http:\/\/blogs.encamina.com\/en-las-nubes\/a-colacion-de-la-crisis-que-nos-ha-tocado-vivir-y-la-excelencia-necesaria\/\" \/>\n<meta property=\"og:locale\" content=\"es_ES\" \/>\n<meta property=\"og:type\" content=\"article\" \/>\n<meta property=\"og:title\" content=\"A colaci\u00f3n de la crisis que nos ha tocado vivir y la excelencia necesaria.\" \/>\n<meta property=\"og:description\" content=\"Hace unas semanas me lleg\u00f3 un texto interesante, dentro de un correo de esos con centenares de personas en el CC, supuestamente firmado por el prestigioso Forges\u00a0\u00a0(en 27\/08\/2012 confirmo que se trata de una falsa atribuci\u00f3n de autor\u00eda de la &hellip; Continue reading &rarr;\" \/>\n<meta property=\"og:url\" content=\"http:\/\/blogs.encamina.com\/en-las-nubes\/a-colacion-de-la-crisis-que-nos-ha-tocado-vivir-y-la-excelencia-necesaria\/\" \/>\n<meta property=\"og:site_name\" content=\"Con la cabeza en las nubes y los pies en el suelo\" \/>\n<meta property=\"article:published_time\" content=\"2012-07-23T06:43:48+00:00\" \/>\n<meta name=\"author\" content=\"Hugo de Juan\" \/>\n<meta name=\"twitter:card\" content=\"summary_large_image\" \/>\n<meta name=\"twitter:label1\" content=\"Escrito por\" \/>\n\t<meta name=\"twitter:data1\" content=\"Hugo de Juan\" \/>\n\t<meta name=\"twitter:label2\" content=\"Tiempo de lectura\" \/>\n\t<meta name=\"twitter:data2\" content=\"4 minutos\" \/>\n<script type=\"application\/ld+json\" class=\"yoast-schema-graph\">{\"@context\":\"https:\\\/\\\/schema.org\",\"@graph\":[{\"@type\":\"Article\",\"@id\":\"http:\\\/\\\/blogs.encamina.com\\\/en-las-nubes\\\/a-colacion-de-la-crisis-que-nos-ha-tocado-vivir-y-la-excelencia-necesaria\\\/#article\",\"isPartOf\":{\"@id\":\"http:\\\/\\\/blogs.encamina.com\\\/en-las-nubes\\\/a-colacion-de-la-crisis-que-nos-ha-tocado-vivir-y-la-excelencia-necesaria\\\/\"},\"author\":{\"name\":\"Hugo de Juan\",\"@id\":\"https:\\\/\\\/blogs.encamina.com\\\/en-las-nubes\\\/#\\\/schema\\\/person\\\/e04b6380b3883961698c77c224fe8a71\"},\"headline\":\"A colaci\u00f3n de la crisis que nos ha tocado vivir y la excelencia necesaria.\",\"datePublished\":\"2012-07-23T06:43:48+00:00\",\"mainEntityOfPage\":{\"@id\":\"http:\\\/\\\/blogs.encamina.com\\\/en-las-nubes\\\/a-colacion-de-la-crisis-que-nos-ha-tocado-vivir-y-la-excelencia-necesaria\\\/\"},\"wordCount\":856,\"commentCount\":0,\"articleSection\":[\"crisis\",\"vida\"],\"inLanguage\":\"es\",\"potentialAction\":[{\"@type\":\"CommentAction\",\"name\":\"Comment\",\"target\":[\"http:\\\/\\\/blogs.encamina.com\\\/en-las-nubes\\\/a-colacion-de-la-crisis-que-nos-ha-tocado-vivir-y-la-excelencia-necesaria\\\/#respond\"]}]},{\"@type\":\"WebPage\",\"@id\":\"http:\\\/\\\/blogs.encamina.com\\\/en-las-nubes\\\/a-colacion-de-la-crisis-que-nos-ha-tocado-vivir-y-la-excelencia-necesaria\\\/\",\"url\":\"http:\\\/\\\/blogs.encamina.com\\\/en-las-nubes\\\/a-colacion-de-la-crisis-que-nos-ha-tocado-vivir-y-la-excelencia-necesaria\\\/\",\"name\":\"A colaci\u00f3n de la crisis que nos ha tocado vivir y la excelencia necesaria. - Con la cabeza en las nubes y los pies en el suelo\",\"isPartOf\":{\"@id\":\"https:\\\/\\\/blogs.encamina.com\\\/en-las-nubes\\\/#website\"},\"datePublished\":\"2012-07-23T06:43:48+00:00\",\"author\":{\"@id\":\"https:\\\/\\\/blogs.encamina.com\\\/en-las-nubes\\\/#\\\/schema\\\/person\\\/e04b6380b3883961698c77c224fe8a71\"},\"inLanguage\":\"es\",\"potentialAction\":[{\"@type\":\"ReadAction\",\"target\":[\"http:\\\/\\\/blogs.encamina.com\\\/en-las-nubes\\\/a-colacion-de-la-crisis-que-nos-ha-tocado-vivir-y-la-excelencia-necesaria\\\/\"]}]},{\"@type\":\"WebSite\",\"@id\":\"https:\\\/\\\/blogs.encamina.com\\\/en-las-nubes\\\/#website\",\"url\":\"https:\\\/\\\/blogs.encamina.com\\\/en-las-nubes\\\/\",\"name\":\"Con la cabeza en las nubes y los pies en el suelo\",\"description\":\"El proyecto empresarial necesita visi\u00f3n, pasi\u00f3n y un sue\u00f1o al final del camino, pero tambi\u00e9n hay que pisar tierra con paso firme y recuperarse de tropiezos m\u00e1s bien poco divinos.\",\"potentialAction\":[{\"@type\":\"SearchAction\",\"target\":{\"@type\":\"EntryPoint\",\"urlTemplate\":\"https:\\\/\\\/blogs.encamina.com\\\/en-las-nubes\\\/?s={search_term_string}\"},\"query-input\":{\"@type\":\"PropertyValueSpecification\",\"valueRequired\":true,\"valueName\":\"search_term_string\"}}],\"inLanguage\":\"es\"},{\"@type\":\"Person\",\"@id\":\"https:\\\/\\\/blogs.encamina.com\\\/en-las-nubes\\\/#\\\/schema\\\/person\\\/e04b6380b3883961698c77c224fe8a71\",\"name\":\"Hugo de Juan\",\"image\":{\"@type\":\"ImageObject\",\"inLanguage\":\"es\",\"@id\":\"https:\\\/\\\/secure.gravatar.com\\\/avatar\\\/7fe31b0215c170423f206c68fc4e1bcf7aa67c86c534efa59f0b3c5e4b643bc5?s=96&d=mm&r=g\",\"url\":\"https:\\\/\\\/secure.gravatar.com\\\/avatar\\\/7fe31b0215c170423f206c68fc4e1bcf7aa67c86c534efa59f0b3c5e4b643bc5?s=96&d=mm&r=g\",\"contentUrl\":\"https:\\\/\\\/secure.gravatar.com\\\/avatar\\\/7fe31b0215c170423f206c68fc4e1bcf7aa67c86c534efa59f0b3c5e4b643bc5?s=96&d=mm&r=g\",\"caption\":\"Hugo de Juan\"},\"description\":\"Ingeniero de Telecomunicaci\u00f3n en mis inicios, pas\u00e9 al lado m\u00e1s colorido del negocio con un master en Marketing y posteriormente con un Executive MBA. Hoy CEO en ENCAMINA, socio director en ENTRESISTEMAS, profesor postgrado en ESIC Marketing &amp; Business School, so\u00f1ador, eterno aprendiz y Doctor Ingeniero en econom\u00eda digital. Me va el marketing, la tecnolog\u00eda, mi familia, los amigos y la vida buena, incluso m\u00e1s que la buena vida.\",\"url\":\"https:\\\/\\\/blogs.encamina.com\\\/en-las-nubes\\\/author\\\/admin\\\/\"}]}<\/script>\n<!-- \/ Yoast SEO Premium plugin. -->","yoast_head_json":{"title":"A colaci\u00f3n de la crisis que nos ha tocado vivir y la excelencia necesaria. - Con la cabeza en las nubes y los pies en el suelo","robots":{"index":"index","follow":"follow","max-snippet":"max-snippet:-1","max-image-preview":"max-image-preview:large","max-video-preview":"max-video-preview:-1"},"canonical":"http:\/\/blogs.encamina.com\/en-las-nubes\/a-colacion-de-la-crisis-que-nos-ha-tocado-vivir-y-la-excelencia-necesaria\/","og_locale":"es_ES","og_type":"article","og_title":"A colaci\u00f3n de la crisis que nos ha tocado vivir y la excelencia necesaria.","og_description":"Hace unas semanas me lleg\u00f3 un texto interesante, dentro de un correo de esos con centenares de personas en el CC, supuestamente firmado por el prestigioso Forges\u00a0\u00a0(en 27\/08\/2012 confirmo que se trata de una falsa atribuci\u00f3n de autor\u00eda de la &hellip; Continue reading &rarr;","og_url":"http:\/\/blogs.encamina.com\/en-las-nubes\/a-colacion-de-la-crisis-que-nos-ha-tocado-vivir-y-la-excelencia-necesaria\/","og_site_name":"Con la cabeza en las nubes y los pies en el suelo","article_published_time":"2012-07-23T06:43:48+00:00","author":"Hugo de Juan","twitter_card":"summary_large_image","twitter_misc":{"Escrito por":"Hugo de Juan","Tiempo de lectura":"4 minutos"},"schema":{"@context":"https:\/\/schema.org","@graph":[{"@type":"Article","@id":"http:\/\/blogs.encamina.com\/en-las-nubes\/a-colacion-de-la-crisis-que-nos-ha-tocado-vivir-y-la-excelencia-necesaria\/#article","isPartOf":{"@id":"http:\/\/blogs.encamina.com\/en-las-nubes\/a-colacion-de-la-crisis-que-nos-ha-tocado-vivir-y-la-excelencia-necesaria\/"},"author":{"name":"Hugo de Juan","@id":"https:\/\/blogs.encamina.com\/en-las-nubes\/#\/schema\/person\/e04b6380b3883961698c77c224fe8a71"},"headline":"A colaci\u00f3n de la crisis que nos ha tocado vivir y la excelencia necesaria.","datePublished":"2012-07-23T06:43:48+00:00","mainEntityOfPage":{"@id":"http:\/\/blogs.encamina.com\/en-las-nubes\/a-colacion-de-la-crisis-que-nos-ha-tocado-vivir-y-la-excelencia-necesaria\/"},"wordCount":856,"commentCount":0,"articleSection":["crisis","vida"],"inLanguage":"es","potentialAction":[{"@type":"CommentAction","name":"Comment","target":["http:\/\/blogs.encamina.com\/en-las-nubes\/a-colacion-de-la-crisis-que-nos-ha-tocado-vivir-y-la-excelencia-necesaria\/#respond"]}]},{"@type":"WebPage","@id":"http:\/\/blogs.encamina.com\/en-las-nubes\/a-colacion-de-la-crisis-que-nos-ha-tocado-vivir-y-la-excelencia-necesaria\/","url":"http:\/\/blogs.encamina.com\/en-las-nubes\/a-colacion-de-la-crisis-que-nos-ha-tocado-vivir-y-la-excelencia-necesaria\/","name":"A colaci\u00f3n de la crisis que nos ha tocado vivir y la excelencia necesaria. - Con la cabeza en las nubes y los pies en el suelo","isPartOf":{"@id":"https:\/\/blogs.encamina.com\/en-las-nubes\/#website"},"datePublished":"2012-07-23T06:43:48+00:00","author":{"@id":"https:\/\/blogs.encamina.com\/en-las-nubes\/#\/schema\/person\/e04b6380b3883961698c77c224fe8a71"},"inLanguage":"es","potentialAction":[{"@type":"ReadAction","target":["http:\/\/blogs.encamina.com\/en-las-nubes\/a-colacion-de-la-crisis-que-nos-ha-tocado-vivir-y-la-excelencia-necesaria\/"]}]},{"@type":"WebSite","@id":"https:\/\/blogs.encamina.com\/en-las-nubes\/#website","url":"https:\/\/blogs.encamina.com\/en-las-nubes\/","name":"Con la cabeza en las nubes y los pies en el suelo","description":"El proyecto empresarial necesita visi\u00f3n, pasi\u00f3n y un sue\u00f1o al final del camino, pero tambi\u00e9n hay que pisar tierra con paso firme y recuperarse de tropiezos m\u00e1s bien poco divinos.","potentialAction":[{"@type":"SearchAction","target":{"@type":"EntryPoint","urlTemplate":"https:\/\/blogs.encamina.com\/en-las-nubes\/?s={search_term_string}"},"query-input":{"@type":"PropertyValueSpecification","valueRequired":true,"valueName":"search_term_string"}}],"inLanguage":"es"},{"@type":"Person","@id":"https:\/\/blogs.encamina.com\/en-las-nubes\/#\/schema\/person\/e04b6380b3883961698c77c224fe8a71","name":"Hugo de Juan","image":{"@type":"ImageObject","inLanguage":"es","@id":"https:\/\/secure.gravatar.com\/avatar\/7fe31b0215c170423f206c68fc4e1bcf7aa67c86c534efa59f0b3c5e4b643bc5?s=96&d=mm&r=g","url":"https:\/\/secure.gravatar.com\/avatar\/7fe31b0215c170423f206c68fc4e1bcf7aa67c86c534efa59f0b3c5e4b643bc5?s=96&d=mm&r=g","contentUrl":"https:\/\/secure.gravatar.com\/avatar\/7fe31b0215c170423f206c68fc4e1bcf7aa67c86c534efa59f0b3c5e4b643bc5?s=96&d=mm&r=g","caption":"Hugo de Juan"},"description":"Ingeniero de Telecomunicaci\u00f3n en mis inicios, pas\u00e9 al lado m\u00e1s colorido del negocio con un master en Marketing y posteriormente con un Executive MBA. Hoy CEO en ENCAMINA, socio director en ENTRESISTEMAS, profesor postgrado en ESIC Marketing &amp; Business School, so\u00f1ador, eterno aprendiz y Doctor Ingeniero en econom\u00eda digital. Me va el marketing, la tecnolog\u00eda, mi familia, los amigos y la vida buena, incluso m\u00e1s que la buena vida.","url":"https:\/\/blogs.encamina.com\/en-las-nubes\/author\/admin\/"}]}},"_links":{"self":[{"href":"https:\/\/blogs.encamina.com\/en-las-nubes\/wp-json\/wp\/v2\/posts\/188","targetHints":{"allow":["GET"]}}],"collection":[{"href":"https:\/\/blogs.encamina.com\/en-las-nubes\/wp-json\/wp\/v2\/posts"}],"about":[{"href":"https:\/\/blogs.encamina.com\/en-las-nubes\/wp-json\/wp\/v2\/types\/post"}],"author":[{"embeddable":true,"href":"https:\/\/blogs.encamina.com\/en-las-nubes\/wp-json\/wp\/v2\/users\/1"}],"replies":[{"embeddable":true,"href":"https:\/\/blogs.encamina.com\/en-las-nubes\/wp-json\/wp\/v2\/comments?post=188"}],"version-history":[{"count":0,"href":"https:\/\/blogs.encamina.com\/en-las-nubes\/wp-json\/wp\/v2\/posts\/188\/revisions"}],"wp:attachment":[{"href":"https:\/\/blogs.encamina.com\/en-las-nubes\/wp-json\/wp\/v2\/media?parent=188"}],"wp:term":[{"taxonomy":"category","embeddable":true,"href":"https:\/\/blogs.encamina.com\/en-las-nubes\/wp-json\/wp\/v2\/categories?post=188"},{"taxonomy":"post_tag","embeddable":true,"href":"https:\/\/blogs.encamina.com\/en-las-nubes\/wp-json\/wp\/v2\/tags?post=188"}],"curies":[{"name":"wp","href":"https:\/\/api.w.org\/{rel}","templated":true}]}}