{"id":1708,"date":"2017-10-23T10:07:11","date_gmt":"2017-10-23T09:07:11","guid":{"rendered":"http:\/\/blogs.encamina.com\/en-las-nubes\/?p=1708"},"modified":"2017-10-23T10:07:11","modified_gmt":"2017-10-23T09:07:11","slug":"17-tacos-la-espalda-hablando-la-proxima-decada","status":"publish","type":"post","link":"https:\/\/blogs.encamina.com\/en-las-nubes\/17-tacos-la-espalda-hablando-la-proxima-decada\/","title":{"rendered":"Con 17 tacos a la espalda y hablando de la pr\u00f3xima d\u00e9cada"},"content":{"rendered":"<p>Anoche me pill\u00e9 a mi mismo hablando de <strong>ENCAMINA dentro de 10 a\u00f1os<\/strong>, a un compa\u00f1ero de trabajo. Hoy me pregunto si esa charla era una locura.<\/p>\n<p><img loading=\"lazy\" decoding=\"async\" class=\"aligncenter wp-image-1715 size-medium\" src=\"http:\/\/blogs.encamina.com\/en-las-nubes\/wp-content\/uploads\/sites\/9\/2017\/10\/futuro_encamina-300x262.png\" alt=\"\" width=\"300\" height=\"262\" srcset=\"https:\/\/encaminablogs.wpenginepowered.com\/en-las-nubes\/wp-content\/uploads\/sites\/9\/2017\/10\/futuro_encamina-300x262.png 300w, https:\/\/encaminablogs.wpenginepowered.com\/en-las-nubes\/wp-content\/uploads\/sites\/9\/2017\/10\/futuro_encamina-768x671.png 768w, https:\/\/encaminablogs.wpenginepowered.com\/en-las-nubes\/wp-content\/uploads\/sites\/9\/2017\/10\/futuro_encamina-1024x894.png 1024w, https:\/\/encaminablogs.wpenginepowered.com\/en-las-nubes\/wp-content\/uploads\/sites\/9\/2017\/10\/futuro_encamina.png 1056w\" sizes=\"auto, (max-width: 300px) 100vw, 300px\" \/><\/p>\n<p>Una d\u00e9cada, para una empresa tecnol\u00f3gica, supone m\u00e1s que un <strong>futuro incierto<\/strong>. De lo poco cierto que probablemente se podr\u00eda hablar es que para entonces esa compa\u00f1\u00eda no existir\u00e1. Pero lo peor es que yo sue\u00f1o con esa pr\u00f3xima d\u00e9cada, con ya m\u00e1s de 17 a\u00f1os a la espalda como compa\u00f1\u00eda &#8230;<\/p>\n<p><!--more--><\/p>\n<p>Me consta que algunos directivos, analistas y gur\u00fas tienden a calificar como \u201c<strong><em>viejuna<\/em><\/strong>\u201d a una empresa de IT con la edad que ya tenemos en ENCAMINA. Parece que con estos a\u00f1os deber\u00edas, o haber triunfado a lo grande, o haber sido comprada, o bien haber cerrado. Y si sigues vivo debes ser algo as\u00ed como un zombi. Y algo parecido se dir\u00eda del CEO: \u201csi no ha triunfado ya, no lo har\u00e1 nunca\u201d.<\/p>\n<p><img loading=\"lazy\" decoding=\"async\" class=\"aligncenter wp-image-1710 size-medium\" src=\"http:\/\/blogs.encamina.com\/en-las-nubes\/wp-content\/uploads\/sites\/9\/2017\/09\/zombie-large-286x300.jpg\" alt=\"\" width=\"286\" height=\"300\" srcset=\"https:\/\/encaminablogs.wpenginepowered.com\/en-las-nubes\/wp-content\/uploads\/sites\/9\/2017\/09\/zombie-large-286x300.jpg 286w, https:\/\/encaminablogs.wpenginepowered.com\/en-las-nubes\/wp-content\/uploads\/sites\/9\/2017\/09\/zombie-large-768x805.jpg 768w, https:\/\/encaminablogs.wpenginepowered.com\/en-las-nubes\/wp-content\/uploads\/sites\/9\/2017\/09\/zombie-large.jpg 829w\" sizes=\"auto, (max-width: 286px) 100vw, 286px\" \/>Sin embargo, hoy yo me reconozco profesionalmente mejor que el Hugo de Juan de hace 10 o 17 a\u00f1os. Con m\u00e1s formaci\u00f3n, capacidades, habilidades, experiencia y confianza. Y sobre todo, veo a ENCAMINA con <strong>m\u00e1s talento, m\u00e1s saber-hacer, mejores procesos, mejores managers, mejores profesionales y enormes personas dentro.<\/strong> Y todo ello siendo fieles a nuestros valores de siempre y la sana <strong>ambici\u00f3n<\/strong> y visi\u00f3n original&#8230; Por muchos a\u00f1os que sumemos, creo firmemente que estamos muy vivos, rezumando <strong>creatividad y buen-rollo.<\/strong><\/p>\n<p>Como dicen muchos entrenadores deportivos, solo importan los partidos que est\u00e1n por jugar, y para eso estamos entrenando hoy:<\/p>\n<p>Yo sue\u00f1o con un ENCAMINA que en el futuro <strong>ofrece servicios digitales de nicho al mundo entero en modo SaaS, mientras seguimos aprendiendo de los clientes y liderando el mercado nacional a nivel de proyectos muy especializados<\/strong>. S\u00e9 que para eso quedan a\u00f1os, muchos, pero estamos en el camino y estamos mucho mejor posicionados y con mayores fortalezas que hace 3, 5 o 10 a\u00f1os.<\/p>\n<h2>\u00bfC\u00f3mo imagino, en concreto, el modelo de negocio dentro de 10 a\u00f1os?<\/h2>\n<p>Desde ENCAMINA actualmente ofrecemos proyectos a medida de implementaci\u00f3n de procesos inteligentes y seguros, gesti\u00f3n del cliente digital, y aplicaciones empresariales modernas en el \u00e1mbito de la transformaci\u00f3n digital de nuestros clientes, que suelen ser entidades medianas y grandes. Todo de forma exclusiva en tecnolog\u00eda Microsoft.<\/p>\n<p>Eso est\u00e1 muy bien porque hacemos cosas<strong> \u00fatiles y valiosas para nuestros<\/strong> <strong>clientes<\/strong>, muchas veces de forma <strong>brillante<\/strong>, y nos permite <strong>aprender<\/strong>, <strong>seguir mejorando<\/strong> y <strong>pagar nuestras n\u00f3minas<\/strong>. Sin embargo, ese es un modelo de negocio de lo m\u00e1s antiguo (medido en jornadas dedicadas de personas con nombres y apellidos), que ni escala ni se multiplica.<br \/>\nPor ejemplo, para hoy desarrollar un proyecto de <a href=\"https:\/\/www.encamina.com\/bots-y-asistentes-inteligentes\/\" target=\"_blank\" rel=\"noopener\">un bot inteligente<\/a> integrado contra el <a href=\"https:\/\/www.encamina.com\/dynamics365-educacion\/\" target=\"_blank\" rel=\"noopener\">Dynamics CRM <\/a>de nuestro cliente, que haga de <a href=\"https:\/\/www.encamina.com\/web-multicanalidad-digital\/\" target=\"_blank\" rel=\"noopener\">hub integral de las interacciones digitales <\/a>con su mercado, nos costar\u00eda el trabajo de 8 expertos durante 1\/2 a\u00f1o. De esta forma, con 40 expertos como mucho podr\u00edamos ayudar a 10 clientes al a\u00f1o en total. Si quisi\u00e9ramos llegar a 100 clientes necesitar\u00edamos 400 expertos (de los que no hay en toda Espa\u00f1a) y una coordinaci\u00f3n y eficiencia imposible.<\/p>\n<p>En cambio, un servicio digital que <a href=\"https:\/\/www.encamina.com\/high-performance-computing-azure-paas\/\" target=\"_blank\" rel=\"noopener\">escale<\/a>, por ejemplo, ser\u00eda montar un \u00fanico servicio de <a href=\"https:\/\/www.encamina.com\/eduarbot\/\" target=\"_blank\" rel=\"noopener\">bot multitenant <\/a>que fuera capaz de conectarse con el <a href=\"https:\/\/www.encamina.com\/dynamics365-educacion\/\" target=\"_blank\" rel=\"noopener\">Dynamics 365 &#8211; CRM<\/a> de nuestros clientes y vender sus productos 24hx7 de forma <a href=\"https:\/\/www.encamina.com\/web-multicanalidad-digital\/\" target=\"_blank\" rel=\"noopener\">on-line y multicanal<\/a>, con todo el valor a\u00f1adido de la AI y el conocimiento que hemos ido adquiriendo de nuestros clientes nacionales de ese sector. Ese servicio, gracias a la nube de <a href=\"https:\/\/www.encamina.com\/desarrollo-software-sobre-azure-paas\/\" target=\"_blank\" rel=\"noopener\">Azure PaaS<\/a>, puede <a href=\"https:\/\/www.encamina.com\/high-performance-computing-azure-paas\/\" target=\"_blank\" rel=\"noopener\">escalar a casi el infinito<\/a> y atender a miles de potenciales clientes a la vez en todo el mundo.<\/p>\n<p>Eso s\u00ed ser\u00eda lograr ser <strong>una empresa transformada a nivel negocio digital<\/strong>, con un <strong>impacto de clase mundial<\/strong>, dentro de su nicho. En esta empresa los expertos, que podr\u00edan ser entre 100 y 200, estar\u00edan trabajando un 30% para el mercado local y un 70% en el producto digital de alcance global, beneficiando a miles de clientes en todo el mundo.<\/p>\n<p><img loading=\"lazy\" decoding=\"async\" class=\"aligncenter size-full wp-image-1718\" src=\"http:\/\/blogs.encamina.com\/en-las-nubes\/wp-content\/uploads\/sites\/9\/2017\/10\/mundo_digital-1.png\" alt=\"\" width=\"1195\" height=\"1236\" srcset=\"https:\/\/encaminablogs.wpenginepowered.com\/en-las-nubes\/wp-content\/uploads\/sites\/9\/2017\/10\/mundo_digital-1.png 1195w, https:\/\/encaminablogs.wpenginepowered.com\/en-las-nubes\/wp-content\/uploads\/sites\/9\/2017\/10\/mundo_digital-1-290x300.png 290w, https:\/\/encaminablogs.wpenginepowered.com\/en-las-nubes\/wp-content\/uploads\/sites\/9\/2017\/10\/mundo_digital-1-768x794.png 768w, https:\/\/encaminablogs.wpenginepowered.com\/en-las-nubes\/wp-content\/uploads\/sites\/9\/2017\/10\/mundo_digital-1-990x1024.png 990w\" sizes=\"auto, (max-width: 1195px) 100vw, 1195px\" \/><\/p>\n<h2>En conclusi\u00f3n<\/h2>\n<p>As\u00ed pues, aunque ya estemos con m\u00e1s de 17 tacos a la espalda y muy ocupados con el presente, no dejamos de <strong>pensar y so\u00f1ar<\/strong> con la pr\u00f3xima d\u00e9cada, que yo auguro ser\u00e1 muy <strong>positiva<\/strong> (aunque no f\u00e1cil) para todos los que <strong>piensan en colores<\/strong>.<\/p>\n<p>Y sin duda ser\u00e1 una d\u00e9cada <strong>digital<\/strong>, o no ser\u00e1 nada.<\/p>\n<p><img loading=\"lazy\" decoding=\"async\" class=\"aligncenter size-full wp-image-1087\" src=\"http:\/\/blogs.encamina.com\/en-las-nubes\/wp-content\/uploads\/sites\/9\/2014\/12\/letsgo.png\" alt=\"\" width=\"265\" height=\"190\" \/><\/p>\n<!-- AddThis Advanced Settings generic via filter on the_content --><!-- AddThis Share Buttons generic via filter on the_content --><span class=\"et_bloom_bottom_trigger\"><\/span>","protected":false},"excerpt":{"rendered":"<p>Anoche me pill\u00e9 a mi mismo hablando de ENCAMINA dentro de 10 a\u00f1os, a un compa\u00f1ero de trabajo. Hoy me pregunto si esa charla era una locura. Una d\u00e9cada, para una empresa tecnol\u00f3gica, supone m\u00e1s que un futuro incierto. De &hellip; <a href=\"https:\/\/blogs.encamina.com\/en-las-nubes\/17-tacos-la-espalda-hablando-la-proxima-decada\/\">Continue reading <span class=\"meta-nav\">&rarr;<\/span><\/a><!-- AddThis Advanced Settings generic via filter on get_the_excerpt --><!-- AddThis Share Buttons generic via filter on get_the_excerpt --><\/p>\n","protected":false},"author":1,"featured_media":1715,"comment_status":"closed","ping_status":"closed","sticky":false,"template":"","format":"standard","meta":{"footnotes":""},"categories":[7,8,10],"tags":[114,67],"class_list":["post-1708","post","type-post","status-publish","format-standard","has-post-thumbnail","hentry","category-estrategia","category-reflexiones","category-vision","tag-estrategia","tag-futuro"],"yoast_head":"<!-- This site is optimized with the Yoast SEO Premium plugin v18.2.1 (Yoast SEO v27.3) - https:\/\/yoast.com\/product\/yoast-seo-premium-wordpress\/ -->\n<title>Con 17 tacos a la espalda y hablando de la pr\u00f3xima d\u00e9cada - Con la cabeza en las nubes y los pies en el suelo<\/title>\n<meta name=\"robots\" content=\"index, follow, max-snippet:-1, max-image-preview:large, max-video-preview:-1\" \/>\n<link rel=\"canonical\" href=\"http:\/\/blogs.encamina.com\/en-las-nubes\/17-tacos-la-espalda-hablando-la-proxima-decada\/\" \/>\n<meta property=\"og:locale\" content=\"es_ES\" \/>\n<meta property=\"og:type\" content=\"article\" \/>\n<meta property=\"og:title\" content=\"Con 17 tacos a la espalda y hablando de la pr\u00f3xima d\u00e9cada\" \/>\n<meta property=\"og:description\" content=\"Anoche me pill\u00e9 a mi mismo hablando de ENCAMINA dentro de 10 a\u00f1os, a un compa\u00f1ero de trabajo. Hoy me pregunto si esa charla era una locura. Una d\u00e9cada, para una empresa tecnol\u00f3gica, supone m\u00e1s que un futuro incierto. De &hellip; Continue reading &rarr;\" \/>\n<meta property=\"og:url\" content=\"http:\/\/blogs.encamina.com\/en-las-nubes\/17-tacos-la-espalda-hablando-la-proxima-decada\/\" \/>\n<meta property=\"og:site_name\" content=\"Con la cabeza en las nubes y los pies en el suelo\" \/>\n<meta property=\"article:published_time\" content=\"2017-10-23T09:07:11+00:00\" \/>\n<meta property=\"og:image\" content=\"http:\/\/blogs.encamina.com\/en-las-nubes\/wp-content\/uploads\/sites\/9\/2017\/10\/futuro_encamina.png\" \/>\n\t<meta property=\"og:image:width\" content=\"1056\" \/>\n\t<meta property=\"og:image:height\" content=\"922\" \/>\n\t<meta property=\"og:image:type\" content=\"image\/png\" \/>\n<meta name=\"author\" content=\"Hugo de Juan\" \/>\n<meta name=\"twitter:card\" content=\"summary_large_image\" \/>\n<meta name=\"twitter:label1\" content=\"Escrito por\" \/>\n\t<meta name=\"twitter:data1\" content=\"Hugo de Juan\" \/>\n\t<meta name=\"twitter:label2\" content=\"Tiempo de lectura\" \/>\n\t<meta name=\"twitter:data2\" content=\"4 minutos\" \/>\n<script type=\"application\/ld+json\" class=\"yoast-schema-graph\">{\"@context\":\"https:\\\/\\\/schema.org\",\"@graph\":[{\"@type\":\"Article\",\"@id\":\"http:\\\/\\\/blogs.encamina.com\\\/en-las-nubes\\\/17-tacos-la-espalda-hablando-la-proxima-decada\\\/#article\",\"isPartOf\":{\"@id\":\"http:\\\/\\\/blogs.encamina.com\\\/en-las-nubes\\\/17-tacos-la-espalda-hablando-la-proxima-decada\\\/\"},\"author\":{\"name\":\"Hugo de Juan\",\"@id\":\"https:\\\/\\\/blogs.encamina.com\\\/en-las-nubes\\\/#\\\/schema\\\/person\\\/e04b6380b3883961698c77c224fe8a71\"},\"headline\":\"Con 17 tacos a la espalda y hablando de la pr\u00f3xima d\u00e9cada\",\"datePublished\":\"2017-10-23T09:07:11+00:00\",\"mainEntityOfPage\":{\"@id\":\"http:\\\/\\\/blogs.encamina.com\\\/en-las-nubes\\\/17-tacos-la-espalda-hablando-la-proxima-decada\\\/\"},\"wordCount\":771,\"image\":{\"@id\":\"http:\\\/\\\/blogs.encamina.com\\\/en-las-nubes\\\/17-tacos-la-espalda-hablando-la-proxima-decada\\\/#primaryimage\"},\"thumbnailUrl\":\"https:\\\/\\\/blogs.encamina.com\\\/en-las-nubes\\\/wp-content\\\/uploads\\\/sites\\\/9\\\/2017\\\/10\\\/futuro_encamina.png\",\"keywords\":[\"estrategia\",\"futuro\"],\"articleSection\":[\"estrategia\",\"reflexiones\",\"visi\u00f3n\"],\"inLanguage\":\"es\"},{\"@type\":\"WebPage\",\"@id\":\"http:\\\/\\\/blogs.encamina.com\\\/en-las-nubes\\\/17-tacos-la-espalda-hablando-la-proxima-decada\\\/\",\"url\":\"http:\\\/\\\/blogs.encamina.com\\\/en-las-nubes\\\/17-tacos-la-espalda-hablando-la-proxima-decada\\\/\",\"name\":\"Con 17 tacos a la espalda y hablando de la pr\u00f3xima d\u00e9cada - Con la cabeza en las nubes y los pies en el suelo\",\"isPartOf\":{\"@id\":\"https:\\\/\\\/blogs.encamina.com\\\/en-las-nubes\\\/#website\"},\"primaryImageOfPage\":{\"@id\":\"http:\\\/\\\/blogs.encamina.com\\\/en-las-nubes\\\/17-tacos-la-espalda-hablando-la-proxima-decada\\\/#primaryimage\"},\"image\":{\"@id\":\"http:\\\/\\\/blogs.encamina.com\\\/en-las-nubes\\\/17-tacos-la-espalda-hablando-la-proxima-decada\\\/#primaryimage\"},\"thumbnailUrl\":\"https:\\\/\\\/blogs.encamina.com\\\/en-las-nubes\\\/wp-content\\\/uploads\\\/sites\\\/9\\\/2017\\\/10\\\/futuro_encamina.png\",\"datePublished\":\"2017-10-23T09:07:11+00:00\",\"author\":{\"@id\":\"https:\\\/\\\/blogs.encamina.com\\\/en-las-nubes\\\/#\\\/schema\\\/person\\\/e04b6380b3883961698c77c224fe8a71\"},\"inLanguage\":\"es\",\"potentialAction\":[{\"@type\":\"ReadAction\",\"target\":[\"http:\\\/\\\/blogs.encamina.com\\\/en-las-nubes\\\/17-tacos-la-espalda-hablando-la-proxima-decada\\\/\"]}]},{\"@type\":\"ImageObject\",\"inLanguage\":\"es\",\"@id\":\"http:\\\/\\\/blogs.encamina.com\\\/en-las-nubes\\\/17-tacos-la-espalda-hablando-la-proxima-decada\\\/#primaryimage\",\"url\":\"https:\\\/\\\/blogs.encamina.com\\\/en-las-nubes\\\/wp-content\\\/uploads\\\/sites\\\/9\\\/2017\\\/10\\\/futuro_encamina.png\",\"contentUrl\":\"https:\\\/\\\/blogs.encamina.com\\\/en-las-nubes\\\/wp-content\\\/uploads\\\/sites\\\/9\\\/2017\\\/10\\\/futuro_encamina.png\",\"width\":1056,\"height\":922},{\"@type\":\"WebSite\",\"@id\":\"https:\\\/\\\/blogs.encamina.com\\\/en-las-nubes\\\/#website\",\"url\":\"https:\\\/\\\/blogs.encamina.com\\\/en-las-nubes\\\/\",\"name\":\"Con la cabeza en las nubes y los pies en el suelo\",\"description\":\"El proyecto empresarial necesita visi\u00f3n, pasi\u00f3n y un sue\u00f1o al final del camino, pero tambi\u00e9n hay que pisar tierra con paso firme y recuperarse de tropiezos m\u00e1s bien poco divinos.\",\"potentialAction\":[{\"@type\":\"SearchAction\",\"target\":{\"@type\":\"EntryPoint\",\"urlTemplate\":\"https:\\\/\\\/blogs.encamina.com\\\/en-las-nubes\\\/?s={search_term_string}\"},\"query-input\":{\"@type\":\"PropertyValueSpecification\",\"valueRequired\":true,\"valueName\":\"search_term_string\"}}],\"inLanguage\":\"es\"},{\"@type\":\"Person\",\"@id\":\"https:\\\/\\\/blogs.encamina.com\\\/en-las-nubes\\\/#\\\/schema\\\/person\\\/e04b6380b3883961698c77c224fe8a71\",\"name\":\"Hugo de Juan\",\"image\":{\"@type\":\"ImageObject\",\"inLanguage\":\"es\",\"@id\":\"https:\\\/\\\/secure.gravatar.com\\\/avatar\\\/7fe31b0215c170423f206c68fc4e1bcf7aa67c86c534efa59f0b3c5e4b643bc5?s=96&d=mm&r=g\",\"url\":\"https:\\\/\\\/secure.gravatar.com\\\/avatar\\\/7fe31b0215c170423f206c68fc4e1bcf7aa67c86c534efa59f0b3c5e4b643bc5?s=96&d=mm&r=g\",\"contentUrl\":\"https:\\\/\\\/secure.gravatar.com\\\/avatar\\\/7fe31b0215c170423f206c68fc4e1bcf7aa67c86c534efa59f0b3c5e4b643bc5?s=96&d=mm&r=g\",\"caption\":\"Hugo de Juan\"},\"description\":\"Ingeniero de Telecomunicaci\u00f3n en mis inicios, pas\u00e9 al lado m\u00e1s colorido del negocio con un master en Marketing y posteriormente con un Executive MBA. Hoy CEO en ENCAMINA, socio director en ENTRESISTEMAS, profesor postgrado en ESIC Marketing &amp; Business School, so\u00f1ador, eterno aprendiz y Doctor Ingeniero en econom\u00eda digital. Me va el marketing, la tecnolog\u00eda, mi familia, los amigos y la vida buena, incluso m\u00e1s que la buena vida.\",\"url\":\"https:\\\/\\\/blogs.encamina.com\\\/en-las-nubes\\\/author\\\/admin\\\/\"}]}<\/script>\n<!-- \/ Yoast SEO Premium plugin. -->","yoast_head_json":{"title":"Con 17 tacos a la espalda y hablando de la pr\u00f3xima d\u00e9cada - Con la cabeza en las nubes y los pies en el suelo","robots":{"index":"index","follow":"follow","max-snippet":"max-snippet:-1","max-image-preview":"max-image-preview:large","max-video-preview":"max-video-preview:-1"},"canonical":"http:\/\/blogs.encamina.com\/en-las-nubes\/17-tacos-la-espalda-hablando-la-proxima-decada\/","og_locale":"es_ES","og_type":"article","og_title":"Con 17 tacos a la espalda y hablando de la pr\u00f3xima d\u00e9cada","og_description":"Anoche me pill\u00e9 a mi mismo hablando de ENCAMINA dentro de 10 a\u00f1os, a un compa\u00f1ero de trabajo. Hoy me pregunto si esa charla era una locura. Una d\u00e9cada, para una empresa tecnol\u00f3gica, supone m\u00e1s que un futuro incierto. De &hellip; Continue reading &rarr;","og_url":"http:\/\/blogs.encamina.com\/en-las-nubes\/17-tacos-la-espalda-hablando-la-proxima-decada\/","og_site_name":"Con la cabeza en las nubes y los pies en el suelo","article_published_time":"2017-10-23T09:07:11+00:00","og_image":[{"width":1056,"height":922,"url":"http:\/\/blogs.encamina.com\/en-las-nubes\/wp-content\/uploads\/sites\/9\/2017\/10\/futuro_encamina.png","type":"image\/png"}],"author":"Hugo de Juan","twitter_card":"summary_large_image","twitter_misc":{"Escrito por":"Hugo de Juan","Tiempo de lectura":"4 minutos"},"schema":{"@context":"https:\/\/schema.org","@graph":[{"@type":"Article","@id":"http:\/\/blogs.encamina.com\/en-las-nubes\/17-tacos-la-espalda-hablando-la-proxima-decada\/#article","isPartOf":{"@id":"http:\/\/blogs.encamina.com\/en-las-nubes\/17-tacos-la-espalda-hablando-la-proxima-decada\/"},"author":{"name":"Hugo de Juan","@id":"https:\/\/blogs.encamina.com\/en-las-nubes\/#\/schema\/person\/e04b6380b3883961698c77c224fe8a71"},"headline":"Con 17 tacos a la espalda y hablando de la pr\u00f3xima d\u00e9cada","datePublished":"2017-10-23T09:07:11+00:00","mainEntityOfPage":{"@id":"http:\/\/blogs.encamina.com\/en-las-nubes\/17-tacos-la-espalda-hablando-la-proxima-decada\/"},"wordCount":771,"image":{"@id":"http:\/\/blogs.encamina.com\/en-las-nubes\/17-tacos-la-espalda-hablando-la-proxima-decada\/#primaryimage"},"thumbnailUrl":"https:\/\/blogs.encamina.com\/en-las-nubes\/wp-content\/uploads\/sites\/9\/2017\/10\/futuro_encamina.png","keywords":["estrategia","futuro"],"articleSection":["estrategia","reflexiones","visi\u00f3n"],"inLanguage":"es"},{"@type":"WebPage","@id":"http:\/\/blogs.encamina.com\/en-las-nubes\/17-tacos-la-espalda-hablando-la-proxima-decada\/","url":"http:\/\/blogs.encamina.com\/en-las-nubes\/17-tacos-la-espalda-hablando-la-proxima-decada\/","name":"Con 17 tacos a la espalda y hablando de la pr\u00f3xima d\u00e9cada - Con la cabeza en las nubes y los pies en el suelo","isPartOf":{"@id":"https:\/\/blogs.encamina.com\/en-las-nubes\/#website"},"primaryImageOfPage":{"@id":"http:\/\/blogs.encamina.com\/en-las-nubes\/17-tacos-la-espalda-hablando-la-proxima-decada\/#primaryimage"},"image":{"@id":"http:\/\/blogs.encamina.com\/en-las-nubes\/17-tacos-la-espalda-hablando-la-proxima-decada\/#primaryimage"},"thumbnailUrl":"https:\/\/blogs.encamina.com\/en-las-nubes\/wp-content\/uploads\/sites\/9\/2017\/10\/futuro_encamina.png","datePublished":"2017-10-23T09:07:11+00:00","author":{"@id":"https:\/\/blogs.encamina.com\/en-las-nubes\/#\/schema\/person\/e04b6380b3883961698c77c224fe8a71"},"inLanguage":"es","potentialAction":[{"@type":"ReadAction","target":["http:\/\/blogs.encamina.com\/en-las-nubes\/17-tacos-la-espalda-hablando-la-proxima-decada\/"]}]},{"@type":"ImageObject","inLanguage":"es","@id":"http:\/\/blogs.encamina.com\/en-las-nubes\/17-tacos-la-espalda-hablando-la-proxima-decada\/#primaryimage","url":"https:\/\/blogs.encamina.com\/en-las-nubes\/wp-content\/uploads\/sites\/9\/2017\/10\/futuro_encamina.png","contentUrl":"https:\/\/blogs.encamina.com\/en-las-nubes\/wp-content\/uploads\/sites\/9\/2017\/10\/futuro_encamina.png","width":1056,"height":922},{"@type":"WebSite","@id":"https:\/\/blogs.encamina.com\/en-las-nubes\/#website","url":"https:\/\/blogs.encamina.com\/en-las-nubes\/","name":"Con la cabeza en las nubes y los pies en el suelo","description":"El proyecto empresarial necesita visi\u00f3n, pasi\u00f3n y un sue\u00f1o al final del camino, pero tambi\u00e9n hay que pisar tierra con paso firme y recuperarse de tropiezos m\u00e1s bien poco divinos.","potentialAction":[{"@type":"SearchAction","target":{"@type":"EntryPoint","urlTemplate":"https:\/\/blogs.encamina.com\/en-las-nubes\/?s={search_term_string}"},"query-input":{"@type":"PropertyValueSpecification","valueRequired":true,"valueName":"search_term_string"}}],"inLanguage":"es"},{"@type":"Person","@id":"https:\/\/blogs.encamina.com\/en-las-nubes\/#\/schema\/person\/e04b6380b3883961698c77c224fe8a71","name":"Hugo de Juan","image":{"@type":"ImageObject","inLanguage":"es","@id":"https:\/\/secure.gravatar.com\/avatar\/7fe31b0215c170423f206c68fc4e1bcf7aa67c86c534efa59f0b3c5e4b643bc5?s=96&d=mm&r=g","url":"https:\/\/secure.gravatar.com\/avatar\/7fe31b0215c170423f206c68fc4e1bcf7aa67c86c534efa59f0b3c5e4b643bc5?s=96&d=mm&r=g","contentUrl":"https:\/\/secure.gravatar.com\/avatar\/7fe31b0215c170423f206c68fc4e1bcf7aa67c86c534efa59f0b3c5e4b643bc5?s=96&d=mm&r=g","caption":"Hugo de Juan"},"description":"Ingeniero de Telecomunicaci\u00f3n en mis inicios, pas\u00e9 al lado m\u00e1s colorido del negocio con un master en Marketing y posteriormente con un Executive MBA. Hoy CEO en ENCAMINA, socio director en ENTRESISTEMAS, profesor postgrado en ESIC Marketing &amp; Business School, so\u00f1ador, eterno aprendiz y Doctor Ingeniero en econom\u00eda digital. Me va el marketing, la tecnolog\u00eda, mi familia, los amigos y la vida buena, incluso m\u00e1s que la buena vida.","url":"https:\/\/blogs.encamina.com\/en-las-nubes\/author\/admin\/"}]}},"_links":{"self":[{"href":"https:\/\/blogs.encamina.com\/en-las-nubes\/wp-json\/wp\/v2\/posts\/1708","targetHints":{"allow":["GET"]}}],"collection":[{"href":"https:\/\/blogs.encamina.com\/en-las-nubes\/wp-json\/wp\/v2\/posts"}],"about":[{"href":"https:\/\/blogs.encamina.com\/en-las-nubes\/wp-json\/wp\/v2\/types\/post"}],"author":[{"embeddable":true,"href":"https:\/\/blogs.encamina.com\/en-las-nubes\/wp-json\/wp\/v2\/users\/1"}],"replies":[{"embeddable":true,"href":"https:\/\/blogs.encamina.com\/en-las-nubes\/wp-json\/wp\/v2\/comments?post=1708"}],"version-history":[{"count":0,"href":"https:\/\/blogs.encamina.com\/en-las-nubes\/wp-json\/wp\/v2\/posts\/1708\/revisions"}],"wp:featuredmedia":[{"embeddable":true,"href":"https:\/\/blogs.encamina.com\/en-las-nubes\/wp-json\/wp\/v2\/media\/1715"}],"wp:attachment":[{"href":"https:\/\/blogs.encamina.com\/en-las-nubes\/wp-json\/wp\/v2\/media?parent=1708"}],"wp:term":[{"taxonomy":"category","embeddable":true,"href":"https:\/\/blogs.encamina.com\/en-las-nubes\/wp-json\/wp\/v2\/categories?post=1708"},{"taxonomy":"post_tag","embeddable":true,"href":"https:\/\/blogs.encamina.com\/en-las-nubes\/wp-json\/wp\/v2\/tags?post=1708"}],"curies":[{"name":"wp","href":"https:\/\/api.w.org\/{rel}","templated":true}]}}