{"id":1638,"date":"2017-02-20T13:21:16","date_gmt":"2017-02-20T12:21:16","guid":{"rendered":"http:\/\/blogs.encamina.com\/en-las-nubes\/?p=1638"},"modified":"2017-02-21T18:15:47","modified_gmt":"2017-02-21T17:15:47","slug":"nuestra-asistencia-la-microsoft-global-education-partner-summit-redmond-lo-aprendido-alli","status":"publish","type":"post","link":"https:\/\/blogs.encamina.com\/en-las-nubes\/nuestra-asistencia-la-microsoft-global-education-partner-summit-redmond-lo-aprendido-alli\/","title":{"rendered":"Nuestra asistencia a la Microsoft Global Education Partner Summit en Redmond y lo que hemos aprendido all\u00ed"},"content":{"rendered":"<p>Hace pocos d\u00edas que he disfrutado de la conferencia sobre <strong>educaci\u00f3n y tecnolog\u00eda<\/strong> en la sede central de Microsoft en Redmond (USA), como Partner especializado en educaci\u00f3n que quiere aprender todo lo posible para ser l\u00edder en este \u00e1mbito. Y nos gustar\u00eda en este post compartir algunas reflexiones (sin afectar el NDA que firm\u00e9) de lo que hemos podido absorber por all\u00ed.<\/p>\n<p><a href=\"http:\/\/blogs.encamina.com\/en-las-nubes\/wp-content\/uploads\/sites\/9\/2017\/02\/hugo-de-juan-Microsoft-Redmond-2.jpg\"><img loading=\"lazy\" decoding=\"async\" class=\"alignleft wp-image-1640 size-large\" src=\"http:\/\/blogs.encamina.com\/en-las-nubes\/wp-content\/uploads\/sites\/9\/2017\/02\/hugo-de-juan-Microsoft-Redmond-2-1024x378.jpg\" width=\"1024\" height=\"378\" srcset=\"https:\/\/encaminablogs.wpenginepowered.com\/en-las-nubes\/wp-content\/uploads\/sites\/9\/2017\/02\/hugo-de-juan-Microsoft-Redmond-2-1024x378.jpg 1024w, https:\/\/encaminablogs.wpenginepowered.com\/en-las-nubes\/wp-content\/uploads\/sites\/9\/2017\/02\/hugo-de-juan-Microsoft-Redmond-2-300x111.jpg 300w, https:\/\/encaminablogs.wpenginepowered.com\/en-las-nubes\/wp-content\/uploads\/sites\/9\/2017\/02\/hugo-de-juan-Microsoft-Redmond-2-768x284.jpg 768w\" sizes=\"auto, (max-width: 1024px) 100vw, 1024px\" \/><br \/>\n<\/a><\/p>\n<p><!--more--><\/p>\n<p>Comenzar por confirmar que en ese foro est\u00e1bamos todos ya muy sensibilizados sobre la disrupci\u00f3n tecnol\u00f3gica que nos afecta de forma generalizada y con especial incidencia en el mundo educativo (<a href=\"http:\/\/www.fundacionorange.es\/wp-content\/uploads\/2016\/11\/eE_La_transformacion_digital_del_sector_educacion-1.pdf\">seg\u00fan Fundaci\u00f3n Orange <\/a>es el 6\u00ba sector econ\u00f3mico por incidencia del impacto, con las tecnol\u00f3gicas, financieras, media y retail por delante y \u00a1todos los dem\u00e1s sectores por detr\u00e1s!) y no hab\u00eda que convencer a nadie. Todos coincid\u00edamos en que la tecnolog\u00eda aplicada en el aula permite, entre otras ventajas:<\/p>\n<ul>\n<li><span style=\"margin: 0px; font-family: 'Calibri',sans-serif;\"><span style=\"color: #000000;\">La <strong>fidelizaci\u00f3n<\/strong> del alumno<\/span><\/span><\/li>\n<li><span style=\"margin: 0px; font-family: 'Calibri',sans-serif;\"><span style=\"color: #000000;\">Aprovechar las ventajas de <strong>aprendizaje ubicuo<\/strong><\/span><\/span><\/li>\n<li><span style=\"margin: 0px; font-family: 'Calibri',sans-serif;\"><span style=\"color: #000000;\">Una <strong>educaci\u00f3n m\u00e1s personalizada<\/strong><\/span><\/span><\/li>\n<li><span style=\"margin: 0px; font-family: 'Calibri',sans-serif;\"><span style=\"color: #000000;\">Facilita el proceso de aprendizaje de los estudiantes<\/span><\/span><\/li>\n<li><span style=\"margin: 0px; font-family: 'Calibri',sans-serif;\"><span style=\"color: #000000;\">Mejora <strong>eficiencia<\/strong> y reduce costes<\/span><\/span><\/li>\n<li><span style=\"margin: 0px; font-family: 'Calibri',sans-serif;\"><span style=\"color: #000000;\">Mejora las <strong>medidas<\/strong> del \u00e9xito de los estudiantes<\/span><\/span><\/li>\n<li><span style=\"margin: 0px; font-family: 'Calibri',sans-serif;\"><span style=\"color: #000000;\">Ayuda a la <strong>creatividad<\/strong> de los profesores<\/span><\/span><\/li>\n<li><span style=\"margin: 0px; font-family: 'Calibri',sans-serif;\"><span style=\"color: #000000;\">Provee de un entorno de aprendizaje m\u00e1s <strong>seguro<\/strong><\/span><\/span><\/li>\n<li><span style=\"margin: 0px; font-family: 'Calibri',sans-serif;\"><span style=\"color: #000000;\">Mejora el <strong>control<\/strong> y la capacidad de respuesta<\/span><\/span><\/li>\n<li><span style=\"margin: 0px; font-family: 'Calibri',sans-serif;\"><span style=\"color: #000000;\">\u2026<\/span><\/span><\/li>\n<\/ul>\n<p><span style=\"color: #000000; font-family: Calibri;\">\u00a0<\/span><span style=\"color: #000000; font-family: Calibri;\">Seg\u00fan lo visto en el congreso, en general, las tendencias sobre tecnolog\u00eda y educaci\u00f3n que m\u00e1s se han repetido a lo largo de las diferentes ponencias, demostraciones y presentaciones dir\u00eda que son:<\/span><\/p>\n<ul>\n<li><span style=\"color: #000000; font-family: Calibri;\">El uso de la <strong>Inteligencia Artificial (AI) y los cognitive services<\/strong> para una<\/span><span style=\"color: #000000; font-family: Calibri;\">\u00a0 <\/span><span style=\"color: #000000; font-family: Calibri;\">formaci\u00f3n m\u00e1s personalizada, dentro y fuera de las escuelas. <\/span><\/li>\n<li><span style=\"color: #000000; font-family: Calibri;\">El uso de <strong>Machine Learning<\/strong> para detecci\u00f3n y prevenci\u00f3n del fracaso y abandono escolar.<\/span><\/li>\n<li><span style=\"color: #000000; font-family: Calibri;\">La sofisticaci\u00f3n en la creaci\u00f3n y curaci\u00f3n de <strong>contenidos personalizados<\/strong>.<\/span><\/li>\n<li><span style=\"color: #000000; font-family: Calibri;\">La acelerada evoluci\u00f3n de los <strong>dispositivos<\/strong> relacionados con la educaci\u00f3n (tabletas, port\u00e1tiles, surfaces, pizarras interactivas, gafas de realidad virtual, etc.)<\/span><\/li>\n<li><span style=\"color: #000000; font-family: Calibri;\">Un torrente de novedosas <strong>App de educaci\u00f3n<\/strong> <\/span><\/li>\n<li><span style=\"color: #000000; font-family: Calibri;\">La configuraci\u00f3n de <strong>una clase m\u00e1s colaborativa<\/strong><\/span>\n<ul>\n<li><span style=\"color: #000000; font-family: Calibri;\">Garantizando ubicuidad, m\u00e1s que movilidad<\/span><\/li>\n<li><span style=\"color: #000000; font-family: Calibri;\">Facilitando la colaboraci\u00f3n multiple entre alumnos, alumno-profe , e incluso padres<\/span><\/li>\n<li><span style=\"color: #000000; font-family: Calibri;\">A\u00f1adiendo inteligencia en los itinerarios y en las respuestas<\/span><\/li>\n<li><span style=\"color: #000000; font-family: Calibri;\">Asegurando la confianza y seguridad<\/span><\/li>\n<\/ul>\n<\/li>\n<li><span style=\"color: #000000; font-family: Calibri;\">Una decidida migraci\u00f3n de infraestructuras hacia la <strong>nube<\/strong> buscando agilidad y escalabilidad<\/span><\/li>\n<li><span style=\"color: #000000; font-family: Calibri;\">La introducci\u00f3n del <strong>IoT<\/strong> en el campus y en el proceso educativo <\/span><\/li>\n<li><span style=\"color: #000000; font-family: Calibri;\">Continua evoluci\u00f3n de los LMS y los contenidos, con m\u00e1s <strong>v\u00eddeo<\/strong>, recomendaci\u00f3n de contenidos, an\u00e1lisis de sentimiento, etc.<\/span><\/li>\n<\/ul>\n<p>Para dar respuesta a estas iniciativas, Microsoft se ve preparada con sus propuestas de <strong>Office 365, Office Classroom, OneNote Class Notebook, Azure IoT, Azure Cortana Analitycs, Power BI, Azure Cognitive Services, Azure Media Services, Windows 10, School Data Sync, hololens, Surface, EMS for education<\/strong> y un mont\u00f3n m\u00e1s de soluciones que ponen seg\u00fan diversos estudios a <a href=\"https:\/\/twitter.com\/ovibarcelo\/status\/831936023898656768\">Microsoft como empresa l\u00edder mundial en innovaci\u00f3n en educaci\u00f3n<\/a>.<\/p>\n<p>Conceptualmente me llamaron la atenci\u00f3n algunas cuestiones como:<\/p>\n<ul>\n<li><span style=\"color: #000000; font-family: Calibri;\">La relaci\u00f3n de Internet de las Cosas (<strong>IoT<\/strong>) con el campus inteligente, la experiencia del alumno e incluso como recurso para mejorar el aprendizaje. Y con este crecimiento de informaci\u00f3n exponencial de los datos e informaci\u00f3n generado por el IoT, el problema asociado de la seguridad que conlleva la apertura de los sistemas ante un universo de dispositivos activos.<\/span><\/li>\n<li><span style=\"color: #000000; font-family: Calibri;\">Ya se habla de trascender de la alfabetizaci\u00f3n digital a la alfabetizaci\u00f3n de los datos, pues siendo el futuro que vamos a vivir una sociedad h\u00edper saturada de datos, m\u00e1s all\u00e1 de construir profesionales del tipo \u201c<strong>data scientist<\/strong>\u201d cualquier persona deber\u00e1 saber navegar, consultar y explotar los datos en su d\u00eda a d\u00eda.<\/span><\/li>\n<li><span style=\"color: #000000; font-family: Calibri;\">El concepto de educaci\u00f3n va a desbordar generalizadamente a escuelas y universidades para extenderse como <strong>aprendizaje continuo a todos los \u00e1mbitos<\/strong>, desde la empresa, la ciudadan\u00eda , a la plataforma que nos acompa\u00f1ar\u00e1 a lo largo de toda nuestra vida como personas.<\/span><\/li>\n<li><span style=\"color: #000000; font-family: Calibri;\">Especial reflexi\u00f3n me caus\u00f3 el c\u00f3mo: voz, vista y pensamiento, est\u00e1n evolucionando en el aprendizaje gracias a la tecnolog\u00eda mediante asistentes virtuales (como los bots o Cortana), las gafas de tipo <em>hololens<\/em> u otros dispositivos sensoriales, o la inteligencia artificial, por ejemplo.<\/span><\/li>\n<\/ul>\n<p><span style=\"color: #000000; font-family: Calibri;\">\u00a0<\/span><\/p>\n<p>Para finalizar,\u00a0 enfatizar el mensaje central a lo largo de todo el congreso de como las empresas de consultor\u00eda tecnol\u00f3gica debemos y podemos ayudar a la trasformaci\u00f3n digital del entorno educativo facilitando a las entidades a:<\/p>\n<ul>\n<li><strong><span style=\"color: #000000; font-family: Calibri;\">1.<\/span><span style=\"margin: 0px; line-height: normal; font-family: 'Times New Roman'; font-size: 7pt; font-style: normal; font-variant: normal;\"><span style=\"color: #000000;\">\u00a0\u00a0\u00a0\u00a0\u00a0 <\/span><\/span><span style=\"color: #000000; font-family: Calibri;\">Fidelizar (y enamorar) a sus estudiantes<\/span><\/strong><\/li>\n<li><strong><span style=\"color: #000000; font-family: Calibri;\">2.<\/span><span style=\"margin: 0px; line-height: normal; font-family: 'Times New Roman'; font-size: 7pt; font-style: normal; font-variant: normal;\"><span style=\"color: #000000;\">\u00a0\u00a0\u00a0\u00a0\u00a0 <\/span><\/span><span style=\"color: #000000; font-family: Calibri;\">Empoderar a sus educadores (y staff administrativo)<\/span><\/strong><\/li>\n<li><strong><span style=\"color: #000000; font-family: Calibri;\">3.<\/span><span style=\"margin: 0px; line-height: normal; font-family: 'Times New Roman'; font-size: 7pt; font-style: normal; font-variant: normal;\"><span style=\"color: #000000;\">\u00a0\u00a0\u00a0\u00a0\u00a0 <\/span><\/span><span style=\"color: #000000; font-family: Calibri;\">Optimizar su instituci\u00f3n como organizaci\u00f3n<\/span><\/strong><\/li>\n<li><strong><span style=\"color: #000000; font-family: Calibri;\">4.<\/span><span style=\"margin: 0px; line-height: normal; font-family: 'Times New Roman'; font-size: 7pt; font-style: normal; font-variant: normal;\"><span style=\"color: #000000;\">\u00a0\u00a0\u00a0\u00a0\u00a0 <\/span><\/span><span style=\"color: #000000; font-family: Calibri;\">Transforma el aprendizaje que imparten<\/span><\/strong><\/li>\n<\/ul>\n<p>Todo ello gracias a la palanca impulsora y transformadora de la tecnolog\u00eda (en nuestro caso, la tecnolog\u00eda <strong>Microsoft<\/strong>).<\/p>\n<p><span style=\"color: #000000; font-family: Calibri;\"><a href=\"http:\/\/blogs.encamina.com\/en-las-nubes\/wp-content\/uploads\/sites\/9\/2017\/02\/satya-nadela.png\"><img loading=\"lazy\" decoding=\"async\" class=\"aligncenter wp-image-1644 size-large\" src=\"http:\/\/blogs.encamina.com\/en-las-nubes\/wp-content\/uploads\/sites\/9\/2017\/02\/satya-nadela-1024x476.png\" width=\"1024\" height=\"476\" srcset=\"https:\/\/encaminablogs.wpenginepowered.com\/en-las-nubes\/wp-content\/uploads\/sites\/9\/2017\/02\/satya-nadela-1024x476.png 1024w, https:\/\/encaminablogs.wpenginepowered.com\/en-las-nubes\/wp-content\/uploads\/sites\/9\/2017\/02\/satya-nadela-300x139.png 300w, https:\/\/encaminablogs.wpenginepowered.com\/en-las-nubes\/wp-content\/uploads\/sites\/9\/2017\/02\/satya-nadela-768x357.png 768w, https:\/\/encaminablogs.wpenginepowered.com\/en-las-nubes\/wp-content\/uploads\/sites\/9\/2017\/02\/satya-nadela.png 1098w\" sizes=\"auto, (max-width: 1024px) 100vw, 1024px\" \/><\/a><\/span><\/p>\n<p>Desde ENCAMINA no nos dedicamos exclusivamente al sector Educaci\u00f3n, pero es cierto que dada <a href=\"http:\/\/www.sumatutalento.com\/958-2\/\">nuestra RSC <\/a>y nuestras motivaciones, se trata de uno de los sectores donde creemos que m\u00e1s podemos aportar a su transformaci\u00f3n <strong>para el bien de la sociedad actual y futura<\/strong>\u2026y eso nos entusiasma.<\/p>\n<!-- AddThis Advanced Settings generic via filter on the_content --><!-- AddThis Share Buttons generic via filter on the_content --><span class=\"et_bloom_bottom_trigger\"><\/span>","protected":false},"excerpt":{"rendered":"<p>Hace pocos d\u00edas que he disfrutado de la conferencia sobre educaci\u00f3n y tecnolog\u00eda en la sede central de Microsoft en Redmond (USA), como Partner especializado en educaci\u00f3n que quiere aprender todo lo posible para ser l\u00edder en este \u00e1mbito. Y &hellip; <a href=\"https:\/\/blogs.encamina.com\/en-las-nubes\/nuestra-asistencia-la-microsoft-global-education-partner-summit-redmond-lo-aprendido-alli\/\">Continue reading <span class=\"meta-nav\">&rarr;<\/span><\/a><!-- AddThis Advanced Settings generic via filter on get_the_excerpt --><!-- AddThis Share Buttons generic via filter on get_the_excerpt --><\/p>\n","protected":false},"author":9,"featured_media":0,"comment_status":"closed","ping_status":"closed","sticky":false,"template":"","format":"standard","meta":{"footnotes":""},"categories":[1],"tags":[],"class_list":["post-1638","post","type-post","status-publish","format-standard","hentry","category-sin-categoria"],"yoast_head":"<!-- This site is optimized with the Yoast SEO Premium plugin v18.2.1 (Yoast SEO v27.3) - https:\/\/yoast.com\/product\/yoast-seo-premium-wordpress\/ -->\n<title>Nuestra asistencia a la Microsoft Global Education Partner Summit en Redmond y lo que hemos aprendido all\u00ed - Con la cabeza en las nubes y los pies en el suelo<\/title>\n<meta name=\"robots\" content=\"index, follow, max-snippet:-1, max-image-preview:large, max-video-preview:-1\" \/>\n<link rel=\"canonical\" href=\"http:\/\/blogs.encamina.com\/en-las-nubes\/nuestra-asistencia-la-microsoft-global-education-partner-summit-redmond-lo-aprendido-alli\/\" \/>\n<meta property=\"og:locale\" content=\"es_ES\" \/>\n<meta property=\"og:type\" content=\"article\" \/>\n<meta property=\"og:title\" content=\"Nuestra asistencia a la Microsoft Global Education Partner Summit en Redmond y lo que hemos aprendido all\u00ed\" \/>\n<meta property=\"og:description\" content=\"Hace pocos d\u00edas que he disfrutado de la conferencia sobre educaci\u00f3n y tecnolog\u00eda en la sede central de Microsoft en Redmond (USA), como Partner especializado en educaci\u00f3n que quiere aprender todo lo posible para ser l\u00edder en este \u00e1mbito. Y &hellip; Continue reading &rarr;\" \/>\n<meta property=\"og:url\" content=\"http:\/\/blogs.encamina.com\/en-las-nubes\/nuestra-asistencia-la-microsoft-global-education-partner-summit-redmond-lo-aprendido-alli\/\" \/>\n<meta property=\"og:site_name\" content=\"Con la cabeza en las nubes y los pies en el suelo\" \/>\n<meta property=\"article:author\" content=\"http:\/\/www.facebook.com\/pages\/encamina\/84575716581\" \/>\n<meta property=\"article:published_time\" content=\"2017-02-20T12:21:16+00:00\" \/>\n<meta property=\"article:modified_time\" content=\"2017-02-21T17:15:47+00:00\" \/>\n<meta property=\"og:image\" content=\"http:\/\/blogs.encamina.com\/en-las-nubes\/wp-content\/uploads\/sites\/9\/2017\/02\/hugo-de-juan-Microsoft-Redmond-2-1024x378.jpg\" \/>\n<meta name=\"author\" content=\"Hugo de Juan\" \/>\n<meta name=\"twitter:card\" content=\"summary_large_image\" \/>\n<meta name=\"twitter:creator\" content=\"@hdejuan\" \/>\n<meta name=\"twitter:label1\" content=\"Escrito por\" \/>\n\t<meta name=\"twitter:data1\" content=\"Hugo de Juan\" \/>\n\t<meta name=\"twitter:label2\" content=\"Tiempo de lectura\" \/>\n\t<meta name=\"twitter:data2\" content=\"4 minutos\" \/>\n<script type=\"application\/ld+json\" class=\"yoast-schema-graph\">{\"@context\":\"https:\\\/\\\/schema.org\",\"@graph\":[{\"@type\":\"Article\",\"@id\":\"http:\\\/\\\/blogs.encamina.com\\\/en-las-nubes\\\/nuestra-asistencia-la-microsoft-global-education-partner-summit-redmond-lo-aprendido-alli\\\/#article\",\"isPartOf\":{\"@id\":\"http:\\\/\\\/blogs.encamina.com\\\/en-las-nubes\\\/nuestra-asistencia-la-microsoft-global-education-partner-summit-redmond-lo-aprendido-alli\\\/\"},\"author\":{\"name\":\"Hugo de Juan\",\"@id\":\"https:\\\/\\\/blogs.encamina.com\\\/en-las-nubes\\\/#\\\/schema\\\/person\\\/486ee12091b3f96d238191159f897342\"},\"headline\":\"Nuestra asistencia a la Microsoft Global Education Partner Summit en Redmond y lo que hemos aprendido all\u00ed\",\"datePublished\":\"2017-02-20T12:21:16+00:00\",\"dateModified\":\"2017-02-21T17:15:47+00:00\",\"mainEntityOfPage\":{\"@id\":\"http:\\\/\\\/blogs.encamina.com\\\/en-las-nubes\\\/nuestra-asistencia-la-microsoft-global-education-partner-summit-redmond-lo-aprendido-alli\\\/\"},\"wordCount\":872,\"image\":{\"@id\":\"http:\\\/\\\/blogs.encamina.com\\\/en-las-nubes\\\/nuestra-asistencia-la-microsoft-global-education-partner-summit-redmond-lo-aprendido-alli\\\/#primaryimage\"},\"thumbnailUrl\":\"http:\\\/\\\/blogs.encamina.com\\\/en-las-nubes\\\/wp-content\\\/uploads\\\/sites\\\/9\\\/2017\\\/02\\\/hugo-de-juan-Microsoft-Redmond-2-1024x378.jpg\",\"inLanguage\":\"es\"},{\"@type\":\"WebPage\",\"@id\":\"http:\\\/\\\/blogs.encamina.com\\\/en-las-nubes\\\/nuestra-asistencia-la-microsoft-global-education-partner-summit-redmond-lo-aprendido-alli\\\/\",\"url\":\"http:\\\/\\\/blogs.encamina.com\\\/en-las-nubes\\\/nuestra-asistencia-la-microsoft-global-education-partner-summit-redmond-lo-aprendido-alli\\\/\",\"name\":\"Nuestra asistencia a la Microsoft Global Education Partner Summit en Redmond y lo que hemos aprendido all\u00ed - Con la cabeza en las nubes y los pies en el suelo\",\"isPartOf\":{\"@id\":\"https:\\\/\\\/blogs.encamina.com\\\/en-las-nubes\\\/#website\"},\"primaryImageOfPage\":{\"@id\":\"http:\\\/\\\/blogs.encamina.com\\\/en-las-nubes\\\/nuestra-asistencia-la-microsoft-global-education-partner-summit-redmond-lo-aprendido-alli\\\/#primaryimage\"},\"image\":{\"@id\":\"http:\\\/\\\/blogs.encamina.com\\\/en-las-nubes\\\/nuestra-asistencia-la-microsoft-global-education-partner-summit-redmond-lo-aprendido-alli\\\/#primaryimage\"},\"thumbnailUrl\":\"http:\\\/\\\/blogs.encamina.com\\\/en-las-nubes\\\/wp-content\\\/uploads\\\/sites\\\/9\\\/2017\\\/02\\\/hugo-de-juan-Microsoft-Redmond-2-1024x378.jpg\",\"datePublished\":\"2017-02-20T12:21:16+00:00\",\"dateModified\":\"2017-02-21T17:15:47+00:00\",\"author\":{\"@id\":\"https:\\\/\\\/blogs.encamina.com\\\/en-las-nubes\\\/#\\\/schema\\\/person\\\/486ee12091b3f96d238191159f897342\"},\"inLanguage\":\"es\",\"potentialAction\":[{\"@type\":\"ReadAction\",\"target\":[\"http:\\\/\\\/blogs.encamina.com\\\/en-las-nubes\\\/nuestra-asistencia-la-microsoft-global-education-partner-summit-redmond-lo-aprendido-alli\\\/\"]}]},{\"@type\":\"ImageObject\",\"inLanguage\":\"es\",\"@id\":\"http:\\\/\\\/blogs.encamina.com\\\/en-las-nubes\\\/nuestra-asistencia-la-microsoft-global-education-partner-summit-redmond-lo-aprendido-alli\\\/#primaryimage\",\"url\":\"https:\\\/\\\/blogs.encamina.com\\\/en-las-nubes\\\/wp-content\\\/uploads\\\/sites\\\/9\\\/2017\\\/02\\\/hugo-de-juan-Microsoft-Redmond-2.jpg\",\"contentUrl\":\"https:\\\/\\\/blogs.encamina.com\\\/en-las-nubes\\\/wp-content\\\/uploads\\\/sites\\\/9\\\/2017\\\/02\\\/hugo-de-juan-Microsoft-Redmond-2.jpg\",\"width\":4031,\"height\":1489},{\"@type\":\"WebSite\",\"@id\":\"https:\\\/\\\/blogs.encamina.com\\\/en-las-nubes\\\/#website\",\"url\":\"https:\\\/\\\/blogs.encamina.com\\\/en-las-nubes\\\/\",\"name\":\"Con la cabeza en las nubes y los pies en el suelo\",\"description\":\"El proyecto empresarial necesita visi\u00f3n, pasi\u00f3n y un sue\u00f1o al final del camino, pero tambi\u00e9n hay que pisar tierra con paso firme y recuperarse de tropiezos m\u00e1s bien poco divinos.\",\"potentialAction\":[{\"@type\":\"SearchAction\",\"target\":{\"@type\":\"EntryPoint\",\"urlTemplate\":\"https:\\\/\\\/blogs.encamina.com\\\/en-las-nubes\\\/?s={search_term_string}\"},\"query-input\":{\"@type\":\"PropertyValueSpecification\",\"valueRequired\":true,\"valueName\":\"search_term_string\"}}],\"inLanguage\":\"es\"},{\"@type\":\"Person\",\"@id\":\"https:\\\/\\\/blogs.encamina.com\\\/en-las-nubes\\\/#\\\/schema\\\/person\\\/486ee12091b3f96d238191159f897342\",\"name\":\"Hugo de Juan\",\"image\":{\"@type\":\"ImageObject\",\"inLanguage\":\"es\",\"@id\":\"https:\\\/\\\/secure.gravatar.com\\\/avatar\\\/da3366cf2fa4f0204b16b93ed8302a0c44452d571f45c1c3b63b3200ca8bd12f?s=96&d=mm&r=g\",\"url\":\"https:\\\/\\\/secure.gravatar.com\\\/avatar\\\/da3366cf2fa4f0204b16b93ed8302a0c44452d571f45c1c3b63b3200ca8bd12f?s=96&d=mm&r=g\",\"contentUrl\":\"https:\\\/\\\/secure.gravatar.com\\\/avatar\\\/da3366cf2fa4f0204b16b93ed8302a0c44452d571f45c1c3b63b3200ca8bd12f?s=96&d=mm&r=g\",\"caption\":\"Hugo de Juan\"},\"description\":\"Ingeniero de Telecomunicaci\u00f3n en mis bases pas\u00e9 al lado oscuro con un master en Marketing y posteriormente con un executive MBA. Hoy CEO en ENCAMINA, socio director en ENTRESISTEMAS, profesor postgrado en ESIC Marketing &amp; Business School, estudiante y Doctor Ingeniero en econom\u00eda digital y sobre todo currante en muchas cosas. Me va el marketing, la tecnolog\u00eda, mi familia, los amigos y la vida buena, incluso m\u00e1s que la buena vida.\",\"sameAs\":[\"http:\\\/\\\/www.facebook.com\\\/pages\\\/encamina\\\/84575716581\",\"http:\\\/\\\/es.linkedin.com\\\/in\\\/hugodejuan\\\/\",\"https:\\\/\\\/x.com\\\/hdejuan\",\"http:\\\/\\\/www.slideshare.net\\\/encamina\"],\"url\":\"https:\\\/\\\/blogs.encamina.com\\\/en-las-nubes\\\/author\\\/hdejuan\\\/\"}]}<\/script>\n<!-- \/ Yoast SEO Premium plugin. -->","yoast_head_json":{"title":"Nuestra asistencia a la Microsoft Global Education Partner Summit en Redmond y lo que hemos aprendido all\u00ed - Con la cabeza en las nubes y los pies en el suelo","robots":{"index":"index","follow":"follow","max-snippet":"max-snippet:-1","max-image-preview":"max-image-preview:large","max-video-preview":"max-video-preview:-1"},"canonical":"http:\/\/blogs.encamina.com\/en-las-nubes\/nuestra-asistencia-la-microsoft-global-education-partner-summit-redmond-lo-aprendido-alli\/","og_locale":"es_ES","og_type":"article","og_title":"Nuestra asistencia a la Microsoft Global Education Partner Summit en Redmond y lo que hemos aprendido all\u00ed","og_description":"Hace pocos d\u00edas que he disfrutado de la conferencia sobre educaci\u00f3n y tecnolog\u00eda en la sede central de Microsoft en Redmond (USA), como Partner especializado en educaci\u00f3n que quiere aprender todo lo posible para ser l\u00edder en este \u00e1mbito. Y &hellip; Continue reading &rarr;","og_url":"http:\/\/blogs.encamina.com\/en-las-nubes\/nuestra-asistencia-la-microsoft-global-education-partner-summit-redmond-lo-aprendido-alli\/","og_site_name":"Con la cabeza en las nubes y los pies en el suelo","article_author":"http:\/\/www.facebook.com\/pages\/encamina\/84575716581","article_published_time":"2017-02-20T12:21:16+00:00","article_modified_time":"2017-02-21T17:15:47+00:00","og_image":[{"url":"http:\/\/blogs.encamina.com\/en-las-nubes\/wp-content\/uploads\/sites\/9\/2017\/02\/hugo-de-juan-Microsoft-Redmond-2-1024x378.jpg","type":"","width":"","height":""}],"author":"Hugo de Juan","twitter_card":"summary_large_image","twitter_creator":"@hdejuan","twitter_misc":{"Escrito por":"Hugo de Juan","Tiempo de lectura":"4 minutos"},"schema":{"@context":"https:\/\/schema.org","@graph":[{"@type":"Article","@id":"http:\/\/blogs.encamina.com\/en-las-nubes\/nuestra-asistencia-la-microsoft-global-education-partner-summit-redmond-lo-aprendido-alli\/#article","isPartOf":{"@id":"http:\/\/blogs.encamina.com\/en-las-nubes\/nuestra-asistencia-la-microsoft-global-education-partner-summit-redmond-lo-aprendido-alli\/"},"author":{"name":"Hugo de Juan","@id":"https:\/\/blogs.encamina.com\/en-las-nubes\/#\/schema\/person\/486ee12091b3f96d238191159f897342"},"headline":"Nuestra asistencia a la Microsoft Global Education Partner Summit en Redmond y lo que hemos aprendido all\u00ed","datePublished":"2017-02-20T12:21:16+00:00","dateModified":"2017-02-21T17:15:47+00:00","mainEntityOfPage":{"@id":"http:\/\/blogs.encamina.com\/en-las-nubes\/nuestra-asistencia-la-microsoft-global-education-partner-summit-redmond-lo-aprendido-alli\/"},"wordCount":872,"image":{"@id":"http:\/\/blogs.encamina.com\/en-las-nubes\/nuestra-asistencia-la-microsoft-global-education-partner-summit-redmond-lo-aprendido-alli\/#primaryimage"},"thumbnailUrl":"http:\/\/blogs.encamina.com\/en-las-nubes\/wp-content\/uploads\/sites\/9\/2017\/02\/hugo-de-juan-Microsoft-Redmond-2-1024x378.jpg","inLanguage":"es"},{"@type":"WebPage","@id":"http:\/\/blogs.encamina.com\/en-las-nubes\/nuestra-asistencia-la-microsoft-global-education-partner-summit-redmond-lo-aprendido-alli\/","url":"http:\/\/blogs.encamina.com\/en-las-nubes\/nuestra-asistencia-la-microsoft-global-education-partner-summit-redmond-lo-aprendido-alli\/","name":"Nuestra asistencia a la Microsoft Global Education Partner Summit en Redmond y lo que hemos aprendido all\u00ed - Con la cabeza en las nubes y los pies en el suelo","isPartOf":{"@id":"https:\/\/blogs.encamina.com\/en-las-nubes\/#website"},"primaryImageOfPage":{"@id":"http:\/\/blogs.encamina.com\/en-las-nubes\/nuestra-asistencia-la-microsoft-global-education-partner-summit-redmond-lo-aprendido-alli\/#primaryimage"},"image":{"@id":"http:\/\/blogs.encamina.com\/en-las-nubes\/nuestra-asistencia-la-microsoft-global-education-partner-summit-redmond-lo-aprendido-alli\/#primaryimage"},"thumbnailUrl":"http:\/\/blogs.encamina.com\/en-las-nubes\/wp-content\/uploads\/sites\/9\/2017\/02\/hugo-de-juan-Microsoft-Redmond-2-1024x378.jpg","datePublished":"2017-02-20T12:21:16+00:00","dateModified":"2017-02-21T17:15:47+00:00","author":{"@id":"https:\/\/blogs.encamina.com\/en-las-nubes\/#\/schema\/person\/486ee12091b3f96d238191159f897342"},"inLanguage":"es","potentialAction":[{"@type":"ReadAction","target":["http:\/\/blogs.encamina.com\/en-las-nubes\/nuestra-asistencia-la-microsoft-global-education-partner-summit-redmond-lo-aprendido-alli\/"]}]},{"@type":"ImageObject","inLanguage":"es","@id":"http:\/\/blogs.encamina.com\/en-las-nubes\/nuestra-asistencia-la-microsoft-global-education-partner-summit-redmond-lo-aprendido-alli\/#primaryimage","url":"https:\/\/blogs.encamina.com\/en-las-nubes\/wp-content\/uploads\/sites\/9\/2017\/02\/hugo-de-juan-Microsoft-Redmond-2.jpg","contentUrl":"https:\/\/blogs.encamina.com\/en-las-nubes\/wp-content\/uploads\/sites\/9\/2017\/02\/hugo-de-juan-Microsoft-Redmond-2.jpg","width":4031,"height":1489},{"@type":"WebSite","@id":"https:\/\/blogs.encamina.com\/en-las-nubes\/#website","url":"https:\/\/blogs.encamina.com\/en-las-nubes\/","name":"Con la cabeza en las nubes y los pies en el suelo","description":"El proyecto empresarial necesita visi\u00f3n, pasi\u00f3n y un sue\u00f1o al final del camino, pero tambi\u00e9n hay que pisar tierra con paso firme y recuperarse de tropiezos m\u00e1s bien poco divinos.","potentialAction":[{"@type":"SearchAction","target":{"@type":"EntryPoint","urlTemplate":"https:\/\/blogs.encamina.com\/en-las-nubes\/?s={search_term_string}"},"query-input":{"@type":"PropertyValueSpecification","valueRequired":true,"valueName":"search_term_string"}}],"inLanguage":"es"},{"@type":"Person","@id":"https:\/\/blogs.encamina.com\/en-las-nubes\/#\/schema\/person\/486ee12091b3f96d238191159f897342","name":"Hugo de Juan","image":{"@type":"ImageObject","inLanguage":"es","@id":"https:\/\/secure.gravatar.com\/avatar\/da3366cf2fa4f0204b16b93ed8302a0c44452d571f45c1c3b63b3200ca8bd12f?s=96&d=mm&r=g","url":"https:\/\/secure.gravatar.com\/avatar\/da3366cf2fa4f0204b16b93ed8302a0c44452d571f45c1c3b63b3200ca8bd12f?s=96&d=mm&r=g","contentUrl":"https:\/\/secure.gravatar.com\/avatar\/da3366cf2fa4f0204b16b93ed8302a0c44452d571f45c1c3b63b3200ca8bd12f?s=96&d=mm&r=g","caption":"Hugo de Juan"},"description":"Ingeniero de Telecomunicaci\u00f3n en mis bases pas\u00e9 al lado oscuro con un master en Marketing y posteriormente con un executive MBA. Hoy CEO en ENCAMINA, socio director en ENTRESISTEMAS, profesor postgrado en ESIC Marketing &amp; Business School, estudiante y Doctor Ingeniero en econom\u00eda digital y sobre todo currante en muchas cosas. Me va el marketing, la tecnolog\u00eda, mi familia, los amigos y la vida buena, incluso m\u00e1s que la buena vida.","sameAs":["http:\/\/www.facebook.com\/pages\/encamina\/84575716581","http:\/\/es.linkedin.com\/in\/hugodejuan\/","https:\/\/x.com\/hdejuan","http:\/\/www.slideshare.net\/encamina"],"url":"https:\/\/blogs.encamina.com\/en-las-nubes\/author\/hdejuan\/"}]}},"_links":{"self":[{"href":"https:\/\/blogs.encamina.com\/en-las-nubes\/wp-json\/wp\/v2\/posts\/1638","targetHints":{"allow":["GET"]}}],"collection":[{"href":"https:\/\/blogs.encamina.com\/en-las-nubes\/wp-json\/wp\/v2\/posts"}],"about":[{"href":"https:\/\/blogs.encamina.com\/en-las-nubes\/wp-json\/wp\/v2\/types\/post"}],"author":[{"embeddable":true,"href":"https:\/\/blogs.encamina.com\/en-las-nubes\/wp-json\/wp\/v2\/users\/9"}],"replies":[{"embeddable":true,"href":"https:\/\/blogs.encamina.com\/en-las-nubes\/wp-json\/wp\/v2\/comments?post=1638"}],"version-history":[{"count":0,"href":"https:\/\/blogs.encamina.com\/en-las-nubes\/wp-json\/wp\/v2\/posts\/1638\/revisions"}],"wp:attachment":[{"href":"https:\/\/blogs.encamina.com\/en-las-nubes\/wp-json\/wp\/v2\/media?parent=1638"}],"wp:term":[{"taxonomy":"category","embeddable":true,"href":"https:\/\/blogs.encamina.com\/en-las-nubes\/wp-json\/wp\/v2\/categories?post=1638"},{"taxonomy":"post_tag","embeddable":true,"href":"https:\/\/blogs.encamina.com\/en-las-nubes\/wp-json\/wp\/v2\/tags?post=1638"}],"curies":[{"name":"wp","href":"https:\/\/api.w.org\/{rel}","templated":true}]}}