{"id":1495,"date":"2016-09-08T09:31:51","date_gmt":"2016-09-08T08:31:51","guid":{"rendered":"http:\/\/blogs.encamina.com\/en-las-nubes\/?p=1495"},"modified":"2016-09-14T21:56:02","modified_gmt":"2016-09-14T20:56:02","slug":"nuestras-empresas-no-crecen-nos-lo-tenemos-mirar-dentro-empezar","status":"publish","type":"post","link":"https:\/\/blogs.encamina.com\/en-las-nubes\/nuestras-empresas-no-crecen-nos-lo-tenemos-mirar-dentro-empezar\/","title":{"rendered":"Si nuestras empresas no crecen, nos lo tenemos que mirar dentro (para empezar)"},"content":{"rendered":"<p>No son muchas las pymes que consiguen sobrevivir pasados los 10 a\u00f1os (como lo logra con creces, <a href=\"http:\/\/www.entresistemas.com\">ENTRESISTEMAS<\/a>) y algunas menos superan los 15 (o los 16 como en el caso de <a href=\"http:\/\/www.encamina.com\">ENCAMINA<\/a>). Sin embargo, de ellas, s\u00ed que son muchas las que se estancan en una tama\u00f1o, en un alcance,&#8230; en una visi\u00f3n limitada. <strong>\u00bfQu\u00e9 es, qui\u00e9n lo pone y d\u00f3nde est\u00e1 ese techo de cristal que aparentemente obstaculiza el crecimiento y el recorrido de esas empresas?<\/strong><\/p>\n<p><a href=\"http:\/\/blogs.encamina.com\/en-las-nubes\/wp-content\/uploads\/sites\/9\/2016\/08\/techodecristal.jpg\"><img loading=\"lazy\" decoding=\"async\" class=\"aligncenter wp-image-1497 size-full\" src=\"http:\/\/blogs.encamina.com\/en-las-nubes\/wp-content\/uploads\/sites\/9\/2016\/08\/techodecristal-e1472375797121.jpg\" alt=\"techo de cristal\" width=\"252\" height=\"175\" \/><\/a><\/p>\n<p><!--more--><\/p>\n<p>Es f\u00e1cil encontrar buenas excusas (y buenas justificaciones) para explicar el techo de crecimiento de nuestras empresas: las crisis econ\u00f3micas, el estancamiento o tama\u00f1o del mercado, la baja calidad del tejido industrial x, la sobre-competencia, la escasez de materia prima, etc., etc.,&#8230; pero tambi\u00e9n\u00a0hay algo m\u00e1s profundo, m\u00e1s interno (o eso sospechaba yo).<\/p>\n<p>Despu\u00e9s de analizar literatura al respecto de los modelos de crecimiento de la PYME, como \u00abFive stages of growth in small business\u00bb (Mel Scott, Richard Bruce; 1987) o <a href=\"https:\/\/hbr.org\/1983\/05\/the-five-stages-of-small-business-growth\">\u00abThe Five Stages of Small Business Growth\u00bb<\/a> (Neil C. Churchill, Virginia L. Lewis; 1983), resulta que\u00a0el patr\u00f3n de crecimiento de las pymes es perfectamente explicable. Y en ese patr\u00f3n es f\u00e1cil identificar el momento \u00ab<em>Success-disengagement substage<\/em>\u00ab, como ese techo de cristal que tanto me obsesionaba.<\/p>\n<p><a href=\"http:\/\/blogs.encamina.com\/en-las-nubes\/wp-content\/uploads\/sites\/9\/2016\/08\/ciclovidaempresas.jpg\"><img loading=\"lazy\" decoding=\"async\" class=\"aligncenter size-medium wp-image-1498\" src=\"http:\/\/blogs.encamina.com\/en-las-nubes\/wp-content\/uploads\/sites\/9\/2016\/08\/ciclovidaempresas-251x300.jpg\" alt=\"ciclovidaempresas\" width=\"251\" height=\"300\" srcset=\"https:\/\/encaminablogs.wpenginepowered.com\/en-las-nubes\/wp-content\/uploads\/sites\/9\/2016\/08\/ciclovidaempresas-251x300.jpg 251w, https:\/\/encaminablogs.wpenginepowered.com\/en-las-nubes\/wp-content\/uploads\/sites\/9\/2016\/08\/ciclovidaempresas.jpg 580w\" sizes=\"auto, (max-width: 251px) 100vw, 251px\" \/><\/a><\/p>\n<p>La explicaci\u00f3n del modelo, en la parte que me pica, es muy sencilla: tras mucho pelear, los fundadores e impulsores de los proyectos empresariales, pasados los a\u00f1os y habiendo logrado cierta estabilidad, sencillamente entran en rutina. Entonces, algunos de esos l\u00edderes se meten a pol\u00edtica o en federaciones o en el mundo institucional, otros se dedican a curiosear e invertir en proyectos de terceros, otros se embarcan en nuevos y muy diferentes proyectos, otros se dedican a la formaci\u00f3n, las charlas y todo ese universo paralelo, otros&#8230;<\/p>\n<p>El art\u00edculo no quiere decir que no hagamos suficientemente bien nuestro trabajo, al contrario, probablemente\u00a0\u00abquien tuvo retuvo\u00bb. Lo que el art\u00edculo explica es que en muchos casos se ha perdido parte de la pasi\u00f3n del proyecto original, probablemente porque el desgaste ha hecho mella en los corazones y en el brillo de los ojos de los fundadores. Y como ante cualquier pasi\u00f3n que languidece, se buscan otros est\u00edmulos fuera de esa relaci\u00f3n o incluso se llega a caer en el des\u00e1nimo (momento en el que aparecen oportunistas que son capaces de quedarse a muy buen precio ese barco que ha perdido fuelle en sus velas).<\/p>\n<p>As\u00ed pues, la literatura cient\u00edfica apunta que <strong>el techo de cristal de las empresas, <\/strong>en cierta medida<strong>, son sus propios fundadores e impulsores.<\/strong><\/p>\n<p><a href=\"http:\/\/blogs.encamina.com\/en-las-nubes\/wp-content\/uploads\/sites\/9\/2016\/08\/agotamiento-2.jpg\"><img loading=\"lazy\" decoding=\"async\" class=\"aligncenter size-medium wp-image-1500\" src=\"http:\/\/blogs.encamina.com\/en-las-nubes\/wp-content\/uploads\/sites\/9\/2016\/08\/agotamiento-2-300x248.jpg\" alt=\"agotamiento (2)\" width=\"300\" height=\"248\" srcset=\"https:\/\/encaminablogs.wpenginepowered.com\/en-las-nubes\/wp-content\/uploads\/sites\/9\/2016\/08\/agotamiento-2-300x248.jpg 300w, https:\/\/encaminablogs.wpenginepowered.com\/en-las-nubes\/wp-content\/uploads\/sites\/9\/2016\/08\/agotamiento-2-768x636.jpg 768w, https:\/\/encaminablogs.wpenginepowered.com\/en-las-nubes\/wp-content\/uploads\/sites\/9\/2016\/08\/agotamiento-2-1024x848.jpg 1024w, https:\/\/encaminablogs.wpenginepowered.com\/en-las-nubes\/wp-content\/uploads\/sites\/9\/2016\/08\/agotamiento-2.jpg 1098w\" sizes=\"auto, (max-width: 300px) 100vw, 300px\" \/><\/a><\/p>\n<p>Quiz\u00e1s alguien podr\u00eda pensar que ser un buen empresario pasa por diversificar o por el resto de cosas que comentaba antes, pero no necesariamente es as\u00ed. Yo opino\u00a0que <strong>si el proyecto en el que tanto se apost\u00f3 los primeros a\u00f1os tiene todav\u00eda recorrido, el buen empresario deber\u00eda estar impuls\u00e1ndolo se forma\u00a0concentrada hasta su m\u00e1xima exponente<\/strong>. No seguir empujando y vivir en la inercia tiene un elevado riesgo de decadencia, de inadaptaci\u00f3n a los cambios del entorno, de p\u00e9rdida de competitividad, de fuga de talento, de p\u00e9rdida de atractivo para el mercado, de extinci\u00f3n.<\/p>\n<p>Eso significa que para los fundadores <strong>ser\u00eda necesario volver a explotar de entusiasmo, volver a correr riesgos, invertir, hacer muchos km., pasar sue\u00f1o, comerse el mercado, y liderar de forma apasionada<\/strong>. Hacerlo como el emprendedor que desde la nada est\u00e1 moldeando su start-up, pero con la ventaja del conocimiento, la experiencia, un fabuloso equipo y una marca, una trayectoria, etc.\u00a0(lo\u00a0que supone una excelente inercia para coger m\u00e1s impulso).<\/p>\n<p>Y es que <strong>para una empresa lo saludable es crecer, porque eso supone nuevos retos cada d\u00eda, y un recorrido profesional ambicioso para su equipo, y la posibilidad de generar mas retornos, m\u00e1s valor y riqueza, y una misi\u00f3n m\u00e1s motivante, y el dinamismo que posibilita la adaptaci\u00f3n contin\u00faa.<\/strong><\/p>\n<h2>Obligado a despertar y retomar el camino con toda la pasi\u00f3n<\/h2>\n<p>Y hasta ah\u00ed lo que dicen los expertos en la materia y que se puede leer en la literatura cient\u00edfica de forma objetiva. Y que en mi caso personal, sin duda, hay una parte que se identifica con lo analizado.<\/p>\n<p>Sin embargo, igual que hace poco m\u00e1s de 16 a\u00f1os decid\u00ed cambiar mi vida y disfrutar de una aventura profesional diaria, vuelvo a sentir que hoy estoy de nuevo en ese momento vital. <strong>Si hoy os asom\u00e1is al lado del techo de cristal que pone \u00ab<em>Success-Growth substage<\/em>\u00ab, os aseguro que ah\u00ed me encontrar\u00e9is trabaj\u00e1ndomelo&#8230; El resultado ya lo veremos.<\/strong><\/p>\n<p><a href=\"http:\/\/blogs.encamina.com\/en-las-nubes\/wp-content\/uploads\/sites\/9\/2015\/04\/crecer2.jpg\"><img loading=\"lazy\" decoding=\"async\" class=\"aligncenter size-medium wp-image-1112\" src=\"http:\/\/blogs.encamina.com\/en-las-nubes\/wp-content\/uploads\/sites\/9\/2015\/04\/crecer2-300x165.jpg\" alt=\"crecer2\" width=\"300\" height=\"165\" srcset=\"https:\/\/encaminablogs.wpenginepowered.com\/en-las-nubes\/wp-content\/uploads\/sites\/9\/2015\/04\/crecer2-300x165.jpg 300w, https:\/\/encaminablogs.wpenginepowered.com\/en-las-nubes\/wp-content\/uploads\/sites\/9\/2015\/04\/crecer2.jpg 600w\" sizes=\"auto, (max-width: 300px) 100vw, 300px\" \/><\/a><\/p>\n<p>&nbsp;<\/p>\n<!-- AddThis Advanced Settings generic via filter on the_content --><!-- AddThis Share Buttons generic via filter on the_content --><span class=\"et_bloom_bottom_trigger\"><\/span>","protected":false},"excerpt":{"rendered":"<p>No son muchas las pymes que consiguen sobrevivir pasados los 10 a\u00f1os (como lo logra con creces, ENTRESISTEMAS) y algunas menos superan los 15 (o los 16 como en el caso de ENCAMINA). Sin embargo, de ellas, s\u00ed que son &hellip; <a href=\"https:\/\/blogs.encamina.com\/en-las-nubes\/nuestras-empresas-no-crecen-nos-lo-tenemos-mirar-dentro-empezar\/\">Continue reading <span class=\"meta-nav\">&rarr;<\/span><\/a><!-- AddThis Advanced Settings generic via filter on get_the_excerpt --><!-- AddThis Share Buttons generic via filter on get_the_excerpt --><\/p>\n","protected":false},"author":9,"featured_media":0,"comment_status":"closed","ping_status":"closed","sticky":false,"template":"","format":"standard","meta":{"footnotes":""},"categories":[5,7,8,9,10],"tags":[124,94,125,115],"class_list":["post-1495","post","type-post","status-publish","format-standard","hentry","category-crisis","category-estrategia","category-reflexiones","category-vida","category-vision","tag-crecimiento","tag-emprendimiento","tag-intimo","tag-vision"],"yoast_head":"<!-- This site is optimized with the Yoast SEO Premium plugin v18.2.1 (Yoast SEO v27.3) - https:\/\/yoast.com\/product\/yoast-seo-premium-wordpress\/ -->\n<title>Si nuestras empresas no crecen, nos lo tenemos que mirar dentro (para empezar) - Con la cabeza en las nubes y los pies en el suelo<\/title>\n<meta name=\"robots\" content=\"index, follow, max-snippet:-1, max-image-preview:large, max-video-preview:-1\" \/>\n<link rel=\"canonical\" href=\"http:\/\/blogs.encamina.com\/en-las-nubes\/nuestras-empresas-no-crecen-nos-lo-tenemos-mirar-dentro-empezar\/\" \/>\n<meta property=\"og:locale\" content=\"es_ES\" \/>\n<meta property=\"og:type\" content=\"article\" \/>\n<meta property=\"og:title\" content=\"Si nuestras empresas no crecen, nos lo tenemos que mirar dentro (para empezar)\" \/>\n<meta property=\"og:description\" content=\"No son muchas las pymes que consiguen sobrevivir pasados los 10 a\u00f1os (como lo logra con creces, ENTRESISTEMAS) y algunas menos superan los 15 (o los 16 como en el caso de ENCAMINA). Sin embargo, de ellas, s\u00ed que son &hellip; Continue reading &rarr;\" \/>\n<meta property=\"og:url\" content=\"http:\/\/blogs.encamina.com\/en-las-nubes\/nuestras-empresas-no-crecen-nos-lo-tenemos-mirar-dentro-empezar\/\" \/>\n<meta property=\"og:site_name\" content=\"Con la cabeza en las nubes y los pies en el suelo\" \/>\n<meta property=\"article:author\" content=\"http:\/\/www.facebook.com\/pages\/encamina\/84575716581\" \/>\n<meta property=\"article:published_time\" content=\"2016-09-08T08:31:51+00:00\" \/>\n<meta property=\"article:modified_time\" content=\"2016-09-14T20:56:02+00:00\" \/>\n<meta property=\"og:image\" content=\"http:\/\/blogs.encamina.com\/en-las-nubes\/wp-content\/uploads\/sites\/9\/2016\/08\/techodecristal-e1472375797121.jpg\" \/>\n<meta name=\"author\" content=\"Hugo de Juan\" \/>\n<meta name=\"twitter:card\" content=\"summary_large_image\" \/>\n<meta name=\"twitter:creator\" content=\"@hdejuan\" \/>\n<meta name=\"twitter:label1\" content=\"Escrito por\" \/>\n\t<meta name=\"twitter:data1\" content=\"Hugo de Juan\" \/>\n\t<meta name=\"twitter:label2\" content=\"Tiempo de lectura\" \/>\n\t<meta name=\"twitter:data2\" content=\"4 minutos\" \/>\n<script type=\"application\/ld+json\" class=\"yoast-schema-graph\">{\"@context\":\"https:\\\/\\\/schema.org\",\"@graph\":[{\"@type\":\"Article\",\"@id\":\"http:\\\/\\\/blogs.encamina.com\\\/en-las-nubes\\\/nuestras-empresas-no-crecen-nos-lo-tenemos-mirar-dentro-empezar\\\/#article\",\"isPartOf\":{\"@id\":\"http:\\\/\\\/blogs.encamina.com\\\/en-las-nubes\\\/nuestras-empresas-no-crecen-nos-lo-tenemos-mirar-dentro-empezar\\\/\"},\"author\":{\"name\":\"Hugo de Juan\",\"@id\":\"https:\\\/\\\/blogs.encamina.com\\\/en-las-nubes\\\/#\\\/schema\\\/person\\\/486ee12091b3f96d238191159f897342\"},\"headline\":\"Si nuestras empresas no crecen, nos lo tenemos que mirar dentro (para empezar)\",\"datePublished\":\"2016-09-08T08:31:51+00:00\",\"dateModified\":\"2016-09-14T20:56:02+00:00\",\"mainEntityOfPage\":{\"@id\":\"http:\\\/\\\/blogs.encamina.com\\\/en-las-nubes\\\/nuestras-empresas-no-crecen-nos-lo-tenemos-mirar-dentro-empezar\\\/\"},\"wordCount\":809,\"image\":{\"@id\":\"http:\\\/\\\/blogs.encamina.com\\\/en-las-nubes\\\/nuestras-empresas-no-crecen-nos-lo-tenemos-mirar-dentro-empezar\\\/#primaryimage\"},\"thumbnailUrl\":\"http:\\\/\\\/blogs.encamina.com\\\/en-las-nubes\\\/wp-content\\\/uploads\\\/sites\\\/9\\\/2016\\\/08\\\/techodecristal-e1472375797121.jpg\",\"keywords\":[\"crecimiento\",\"emprendimiento\",\"\u00edntimo\",\"visi\u00f3n\"],\"articleSection\":[\"crisis\",\"estrategia\",\"reflexiones\",\"vida\",\"visi\u00f3n\"],\"inLanguage\":\"es\"},{\"@type\":\"WebPage\",\"@id\":\"http:\\\/\\\/blogs.encamina.com\\\/en-las-nubes\\\/nuestras-empresas-no-crecen-nos-lo-tenemos-mirar-dentro-empezar\\\/\",\"url\":\"http:\\\/\\\/blogs.encamina.com\\\/en-las-nubes\\\/nuestras-empresas-no-crecen-nos-lo-tenemos-mirar-dentro-empezar\\\/\",\"name\":\"Si nuestras empresas no crecen, nos lo tenemos que mirar dentro (para empezar) - Con la cabeza en las nubes y los pies en el suelo\",\"isPartOf\":{\"@id\":\"https:\\\/\\\/blogs.encamina.com\\\/en-las-nubes\\\/#website\"},\"primaryImageOfPage\":{\"@id\":\"http:\\\/\\\/blogs.encamina.com\\\/en-las-nubes\\\/nuestras-empresas-no-crecen-nos-lo-tenemos-mirar-dentro-empezar\\\/#primaryimage\"},\"image\":{\"@id\":\"http:\\\/\\\/blogs.encamina.com\\\/en-las-nubes\\\/nuestras-empresas-no-crecen-nos-lo-tenemos-mirar-dentro-empezar\\\/#primaryimage\"},\"thumbnailUrl\":\"http:\\\/\\\/blogs.encamina.com\\\/en-las-nubes\\\/wp-content\\\/uploads\\\/sites\\\/9\\\/2016\\\/08\\\/techodecristal-e1472375797121.jpg\",\"datePublished\":\"2016-09-08T08:31:51+00:00\",\"dateModified\":\"2016-09-14T20:56:02+00:00\",\"author\":{\"@id\":\"https:\\\/\\\/blogs.encamina.com\\\/en-las-nubes\\\/#\\\/schema\\\/person\\\/486ee12091b3f96d238191159f897342\"},\"inLanguage\":\"es\",\"potentialAction\":[{\"@type\":\"ReadAction\",\"target\":[\"http:\\\/\\\/blogs.encamina.com\\\/en-las-nubes\\\/nuestras-empresas-no-crecen-nos-lo-tenemos-mirar-dentro-empezar\\\/\"]}]},{\"@type\":\"ImageObject\",\"inLanguage\":\"es\",\"@id\":\"http:\\\/\\\/blogs.encamina.com\\\/en-las-nubes\\\/nuestras-empresas-no-crecen-nos-lo-tenemos-mirar-dentro-empezar\\\/#primaryimage\",\"url\":\"https:\\\/\\\/blogs.encamina.com\\\/en-las-nubes\\\/wp-content\\\/uploads\\\/sites\\\/9\\\/2016\\\/08\\\/techodecristal-e1472375797121.jpg\",\"contentUrl\":\"https:\\\/\\\/blogs.encamina.com\\\/en-las-nubes\\\/wp-content\\\/uploads\\\/sites\\\/9\\\/2016\\\/08\\\/techodecristal-e1472375797121.jpg\",\"width\":252,\"height\":175,\"caption\":\"Businesswoman pressing against a glass ceiling, portrait\"},{\"@type\":\"WebSite\",\"@id\":\"https:\\\/\\\/blogs.encamina.com\\\/en-las-nubes\\\/#website\",\"url\":\"https:\\\/\\\/blogs.encamina.com\\\/en-las-nubes\\\/\",\"name\":\"Con la cabeza en las nubes y los pies en el suelo\",\"description\":\"El proyecto empresarial necesita visi\u00f3n, pasi\u00f3n y un sue\u00f1o al final del camino, pero tambi\u00e9n hay que pisar tierra con paso firme y recuperarse de tropiezos m\u00e1s bien poco divinos.\",\"potentialAction\":[{\"@type\":\"SearchAction\",\"target\":{\"@type\":\"EntryPoint\",\"urlTemplate\":\"https:\\\/\\\/blogs.encamina.com\\\/en-las-nubes\\\/?s={search_term_string}\"},\"query-input\":{\"@type\":\"PropertyValueSpecification\",\"valueRequired\":true,\"valueName\":\"search_term_string\"}}],\"inLanguage\":\"es\"},{\"@type\":\"Person\",\"@id\":\"https:\\\/\\\/blogs.encamina.com\\\/en-las-nubes\\\/#\\\/schema\\\/person\\\/486ee12091b3f96d238191159f897342\",\"name\":\"Hugo de Juan\",\"image\":{\"@type\":\"ImageObject\",\"inLanguage\":\"es\",\"@id\":\"https:\\\/\\\/secure.gravatar.com\\\/avatar\\\/da3366cf2fa4f0204b16b93ed8302a0c44452d571f45c1c3b63b3200ca8bd12f?s=96&d=mm&r=g\",\"url\":\"https:\\\/\\\/secure.gravatar.com\\\/avatar\\\/da3366cf2fa4f0204b16b93ed8302a0c44452d571f45c1c3b63b3200ca8bd12f?s=96&d=mm&r=g\",\"contentUrl\":\"https:\\\/\\\/secure.gravatar.com\\\/avatar\\\/da3366cf2fa4f0204b16b93ed8302a0c44452d571f45c1c3b63b3200ca8bd12f?s=96&d=mm&r=g\",\"caption\":\"Hugo de Juan\"},\"description\":\"Ingeniero de Telecomunicaci\u00f3n en mis bases pas\u00e9 al lado oscuro con un master en Marketing y posteriormente con un executive MBA. Hoy CEO en ENCAMINA, socio director en ENTRESISTEMAS, profesor postgrado en ESIC Marketing &amp; Business School, estudiante y Doctor Ingeniero en econom\u00eda digital y sobre todo currante en muchas cosas. Me va el marketing, la tecnolog\u00eda, mi familia, los amigos y la vida buena, incluso m\u00e1s que la buena vida.\",\"sameAs\":[\"http:\\\/\\\/www.facebook.com\\\/pages\\\/encamina\\\/84575716581\",\"http:\\\/\\\/es.linkedin.com\\\/in\\\/hugodejuan\\\/\",\"https:\\\/\\\/x.com\\\/hdejuan\",\"http:\\\/\\\/www.slideshare.net\\\/encamina\"],\"url\":\"https:\\\/\\\/blogs.encamina.com\\\/en-las-nubes\\\/author\\\/hdejuan\\\/\"}]}<\/script>\n<!-- \/ Yoast SEO Premium plugin. -->","yoast_head_json":{"title":"Si nuestras empresas no crecen, nos lo tenemos que mirar dentro (para empezar) - Con la cabeza en las nubes y los pies en el suelo","robots":{"index":"index","follow":"follow","max-snippet":"max-snippet:-1","max-image-preview":"max-image-preview:large","max-video-preview":"max-video-preview:-1"},"canonical":"http:\/\/blogs.encamina.com\/en-las-nubes\/nuestras-empresas-no-crecen-nos-lo-tenemos-mirar-dentro-empezar\/","og_locale":"es_ES","og_type":"article","og_title":"Si nuestras empresas no crecen, nos lo tenemos que mirar dentro (para empezar)","og_description":"No son muchas las pymes que consiguen sobrevivir pasados los 10 a\u00f1os (como lo logra con creces, ENTRESISTEMAS) y algunas menos superan los 15 (o los 16 como en el caso de ENCAMINA). Sin embargo, de ellas, s\u00ed que son &hellip; Continue reading &rarr;","og_url":"http:\/\/blogs.encamina.com\/en-las-nubes\/nuestras-empresas-no-crecen-nos-lo-tenemos-mirar-dentro-empezar\/","og_site_name":"Con la cabeza en las nubes y los pies en el suelo","article_author":"http:\/\/www.facebook.com\/pages\/encamina\/84575716581","article_published_time":"2016-09-08T08:31:51+00:00","article_modified_time":"2016-09-14T20:56:02+00:00","og_image":[{"url":"http:\/\/blogs.encamina.com\/en-las-nubes\/wp-content\/uploads\/sites\/9\/2016\/08\/techodecristal-e1472375797121.jpg","type":"","width":"","height":""}],"author":"Hugo de Juan","twitter_card":"summary_large_image","twitter_creator":"@hdejuan","twitter_misc":{"Escrito por":"Hugo de Juan","Tiempo de lectura":"4 minutos"},"schema":{"@context":"https:\/\/schema.org","@graph":[{"@type":"Article","@id":"http:\/\/blogs.encamina.com\/en-las-nubes\/nuestras-empresas-no-crecen-nos-lo-tenemos-mirar-dentro-empezar\/#article","isPartOf":{"@id":"http:\/\/blogs.encamina.com\/en-las-nubes\/nuestras-empresas-no-crecen-nos-lo-tenemos-mirar-dentro-empezar\/"},"author":{"name":"Hugo de Juan","@id":"https:\/\/blogs.encamina.com\/en-las-nubes\/#\/schema\/person\/486ee12091b3f96d238191159f897342"},"headline":"Si nuestras empresas no crecen, nos lo tenemos que mirar dentro (para empezar)","datePublished":"2016-09-08T08:31:51+00:00","dateModified":"2016-09-14T20:56:02+00:00","mainEntityOfPage":{"@id":"http:\/\/blogs.encamina.com\/en-las-nubes\/nuestras-empresas-no-crecen-nos-lo-tenemos-mirar-dentro-empezar\/"},"wordCount":809,"image":{"@id":"http:\/\/blogs.encamina.com\/en-las-nubes\/nuestras-empresas-no-crecen-nos-lo-tenemos-mirar-dentro-empezar\/#primaryimage"},"thumbnailUrl":"http:\/\/blogs.encamina.com\/en-las-nubes\/wp-content\/uploads\/sites\/9\/2016\/08\/techodecristal-e1472375797121.jpg","keywords":["crecimiento","emprendimiento","\u00edntimo","visi\u00f3n"],"articleSection":["crisis","estrategia","reflexiones","vida","visi\u00f3n"],"inLanguage":"es"},{"@type":"WebPage","@id":"http:\/\/blogs.encamina.com\/en-las-nubes\/nuestras-empresas-no-crecen-nos-lo-tenemos-mirar-dentro-empezar\/","url":"http:\/\/blogs.encamina.com\/en-las-nubes\/nuestras-empresas-no-crecen-nos-lo-tenemos-mirar-dentro-empezar\/","name":"Si nuestras empresas no crecen, nos lo tenemos que mirar dentro (para empezar) - Con la cabeza en las nubes y los pies en el suelo","isPartOf":{"@id":"https:\/\/blogs.encamina.com\/en-las-nubes\/#website"},"primaryImageOfPage":{"@id":"http:\/\/blogs.encamina.com\/en-las-nubes\/nuestras-empresas-no-crecen-nos-lo-tenemos-mirar-dentro-empezar\/#primaryimage"},"image":{"@id":"http:\/\/blogs.encamina.com\/en-las-nubes\/nuestras-empresas-no-crecen-nos-lo-tenemos-mirar-dentro-empezar\/#primaryimage"},"thumbnailUrl":"http:\/\/blogs.encamina.com\/en-las-nubes\/wp-content\/uploads\/sites\/9\/2016\/08\/techodecristal-e1472375797121.jpg","datePublished":"2016-09-08T08:31:51+00:00","dateModified":"2016-09-14T20:56:02+00:00","author":{"@id":"https:\/\/blogs.encamina.com\/en-las-nubes\/#\/schema\/person\/486ee12091b3f96d238191159f897342"},"inLanguage":"es","potentialAction":[{"@type":"ReadAction","target":["http:\/\/blogs.encamina.com\/en-las-nubes\/nuestras-empresas-no-crecen-nos-lo-tenemos-mirar-dentro-empezar\/"]}]},{"@type":"ImageObject","inLanguage":"es","@id":"http:\/\/blogs.encamina.com\/en-las-nubes\/nuestras-empresas-no-crecen-nos-lo-tenemos-mirar-dentro-empezar\/#primaryimage","url":"https:\/\/blogs.encamina.com\/en-las-nubes\/wp-content\/uploads\/sites\/9\/2016\/08\/techodecristal-e1472375797121.jpg","contentUrl":"https:\/\/blogs.encamina.com\/en-las-nubes\/wp-content\/uploads\/sites\/9\/2016\/08\/techodecristal-e1472375797121.jpg","width":252,"height":175,"caption":"Businesswoman pressing against a glass ceiling, portrait"},{"@type":"WebSite","@id":"https:\/\/blogs.encamina.com\/en-las-nubes\/#website","url":"https:\/\/blogs.encamina.com\/en-las-nubes\/","name":"Con la cabeza en las nubes y los pies en el suelo","description":"El proyecto empresarial necesita visi\u00f3n, pasi\u00f3n y un sue\u00f1o al final del camino, pero tambi\u00e9n hay que pisar tierra con paso firme y recuperarse de tropiezos m\u00e1s bien poco divinos.","potentialAction":[{"@type":"SearchAction","target":{"@type":"EntryPoint","urlTemplate":"https:\/\/blogs.encamina.com\/en-las-nubes\/?s={search_term_string}"},"query-input":{"@type":"PropertyValueSpecification","valueRequired":true,"valueName":"search_term_string"}}],"inLanguage":"es"},{"@type":"Person","@id":"https:\/\/blogs.encamina.com\/en-las-nubes\/#\/schema\/person\/486ee12091b3f96d238191159f897342","name":"Hugo de Juan","image":{"@type":"ImageObject","inLanguage":"es","@id":"https:\/\/secure.gravatar.com\/avatar\/da3366cf2fa4f0204b16b93ed8302a0c44452d571f45c1c3b63b3200ca8bd12f?s=96&d=mm&r=g","url":"https:\/\/secure.gravatar.com\/avatar\/da3366cf2fa4f0204b16b93ed8302a0c44452d571f45c1c3b63b3200ca8bd12f?s=96&d=mm&r=g","contentUrl":"https:\/\/secure.gravatar.com\/avatar\/da3366cf2fa4f0204b16b93ed8302a0c44452d571f45c1c3b63b3200ca8bd12f?s=96&d=mm&r=g","caption":"Hugo de Juan"},"description":"Ingeniero de Telecomunicaci\u00f3n en mis bases pas\u00e9 al lado oscuro con un master en Marketing y posteriormente con un executive MBA. Hoy CEO en ENCAMINA, socio director en ENTRESISTEMAS, profesor postgrado en ESIC Marketing &amp; Business School, estudiante y Doctor Ingeniero en econom\u00eda digital y sobre todo currante en muchas cosas. Me va el marketing, la tecnolog\u00eda, mi familia, los amigos y la vida buena, incluso m\u00e1s que la buena vida.","sameAs":["http:\/\/www.facebook.com\/pages\/encamina\/84575716581","http:\/\/es.linkedin.com\/in\/hugodejuan\/","https:\/\/x.com\/hdejuan","http:\/\/www.slideshare.net\/encamina"],"url":"https:\/\/blogs.encamina.com\/en-las-nubes\/author\/hdejuan\/"}]}},"_links":{"self":[{"href":"https:\/\/blogs.encamina.com\/en-las-nubes\/wp-json\/wp\/v2\/posts\/1495","targetHints":{"allow":["GET"]}}],"collection":[{"href":"https:\/\/blogs.encamina.com\/en-las-nubes\/wp-json\/wp\/v2\/posts"}],"about":[{"href":"https:\/\/blogs.encamina.com\/en-las-nubes\/wp-json\/wp\/v2\/types\/post"}],"author":[{"embeddable":true,"href":"https:\/\/blogs.encamina.com\/en-las-nubes\/wp-json\/wp\/v2\/users\/9"}],"replies":[{"embeddable":true,"href":"https:\/\/blogs.encamina.com\/en-las-nubes\/wp-json\/wp\/v2\/comments?post=1495"}],"version-history":[{"count":0,"href":"https:\/\/blogs.encamina.com\/en-las-nubes\/wp-json\/wp\/v2\/posts\/1495\/revisions"}],"wp:attachment":[{"href":"https:\/\/blogs.encamina.com\/en-las-nubes\/wp-json\/wp\/v2\/media?parent=1495"}],"wp:term":[{"taxonomy":"category","embeddable":true,"href":"https:\/\/blogs.encamina.com\/en-las-nubes\/wp-json\/wp\/v2\/categories?post=1495"},{"taxonomy":"post_tag","embeddable":true,"href":"https:\/\/blogs.encamina.com\/en-las-nubes\/wp-json\/wp\/v2\/tags?post=1495"}],"curies":[{"name":"wp","href":"https:\/\/api.w.org\/{rel}","templated":true}]}}